{"id":4818,"date":"2022-03-30T17:44:43","date_gmt":"2022-03-30T17:44:43","guid":{"rendered":"https:\/\/ffyh.unc.edu.ar\/ciffyh\/?p=4818"},"modified":"2022-03-30T17:44:43","modified_gmt":"2022-03-30T17:44:43","slug":"presentacion-del-libro-aun-aprendo-cuatro-experimentos-de-filologia-retrospectiva-de-carlo-ginzburg","status":"publish","type":"post","link":"https:\/\/ffyh.unc.edu.ar\/ciffyh\/presentacion-del-libro-aun-aprendo-cuatro-experimentos-de-filologia-retrospectiva-de-carlo-ginzburg\/","title":{"rendered":"Presentaci\u00f3n del libro \u00abA\u00fan aprendo. Cuatro experimentos de filolog\u00eda retrospectiva\u00bb de Carlo Ginzburg"},"content":{"rendered":"<p><strong>El Centro de Investigaciones Mar\u00eda Saleme de Burnichon invita a la presentaci\u00f3n del libro \u00abA\u00fan aprendo. Cuatro experimentos de filolog\u00eda retrospectiva\u00bb de Carlo Ginzburg a realizarse el viernes 22 de abril a las 11 hs. via streaming por las cuentas de Facebook y Youtube del Istituto Italiano di Cultura.<\/strong><\/p>\n<p><!--more--><\/p>\n<p><span style=\"font-weight: 400\">Carlo Ginzburg<\/span> <span style=\"font-weight: 400\">es un historiador, ensayista y acad\u00e9mico italiano que ha ense\u00f1ado Historia moderna en las Universidades de Bologna, Pisa, Harvard, Yale, Princeton y en la UCLA. Tambi\u00e9n es un pionero y referente mundial del campo de estudios de la microhistoria: se ocup\u00f3 principalmente de la historia de la mentalidad y de la cultura popular entre el siglo XVI y XVII, con particular atenci\u00f3n a los problemas metodol\u00f3gicos y a las relaciones entre investigaci\u00f3n hist\u00f3rica y otros \u00e1mbitos disciplinares. Ginzburg es autor de t\u00edtulos fundamentales para la historiograf\u00eda contempor\u00e1nea como <\/span><i><span style=\"font-weight: 400\">El queso y los gusanos<\/span><\/i><span style=\"font-weight: 400\"> (1976) o <\/span><i><span style=\"font-weight: 400\">Historia nocturna<\/span><\/i><span style=\"font-weight: 400\"> (1989).<\/span><span style=\"font-weight: 400\"><br \/>\n<\/span><span style=\"font-weight: 400\"><br \/>\n<\/span><span style=\"font-weight: 400\">Como se\u00f1ala un fragmento de la presentaci\u00f3n del libro que hace la editorial Fondo de Cultura Econ\u00f3mica: \u201cLos textos que componen <\/span><i><span style=\"font-weight: 400\">A\u00fan aprendo. Cuatro experimentos de filolog\u00eda retrospectiva <\/span><\/i><span style=\"font-weight: 400\">expresan la retrospecci\u00f3n erudita que ha modelado la investigaci\u00f3n del intelectual italiano en varias direcciones: documentos inquisitoriales, preguntas te\u00f3ricas, pesquisas metodol\u00f3gicas y libros que lo siguen interpelando\u201d. <\/span><span style=\"font-weight: 400\"><br \/>\n<\/span><span style=\"font-weight: 400\"><br \/>\n<\/span><span style=\"font-weight: 400\">Participar\u00e1n en la presentaci\u00f3n:<\/span><span style=\"font-weight: 400\"><br \/>\n<\/span><span style=\"font-weight: 400\"><br \/>\n<\/span><span style=\"font-weight: 400\">\u25aaDra. Silvia Cattoni (FFYH &#8211; UNC).<\/span><span style=\"font-weight: 400\"><br \/>\n<\/span><span style=\"font-weight: 400\">\u25aaDr. Enrico Lucca (Leibniz-Institut f\u00fcr j\u00fcdische Geschichte und Kultur &#8211; Simon Dubnow).<\/span><span style=\"font-weight: 400\"><br \/>\n<\/span><span style=\"font-weight: 400\">\u25aaDr. Daniele Petrella (FFYH &#8211; UNC).<\/span><span style=\"font-weight: 400\"><br \/>\n<\/span><span style=\"font-weight: 400\"><br \/>\n<\/span><span style=\"font-weight: 400\">Este encuentro est\u00e1 organizado por el Instituto Italiano de Cultura de C\u00f3rdoba en conjunto con el \u00c1rea de Filosof\u00eda del Centro de Investigaciones \u201cMar\u00eda Saleme de Burnichon\u201d de la FFyH, UNC.<\/span><span style=\"font-weight: 400\"><br \/>\n<\/span><span style=\"font-weight: 400\"><br \/>\n<\/span><span style=\"font-weight: 400\">Presentaci\u00f3n del Libro:<\/span><span style=\"font-weight: 400\"><br \/>\n<\/span><span style=\"font-weight: 400\">\u25aa22 de Abril<\/span><span style=\"font-weight: 400\"><br \/>\n<\/span><span style=\"font-weight: 400\">\u25aa11hs.<\/span><span style=\"font-weight: 400\"><br \/>\n<\/span><span style=\"font-weight: 400\">\u25aaVia streaming por Facebook (Instituto Italiano de Cultura Cordoba) y Youtube (IIC C\u00f3rdoba)<\/span><\/p>\n<p><img fetchpriority=\"high\" decoding=\"async\" class=\"alignnone wp-image-4820 size-full\" src=\"http:\/\/ffyh.unc.edu.ar\/ciffyh\/wp-content\/uploads\/sites\/10\/2022\/03\/Carlo-Ginzburg-1-2.png\" alt=\"\" width=\"1080\" height=\"1350\" srcset=\"https:\/\/ffyh.unc.edu.ar\/ciffyh\/wp-content\/uploads\/sites\/10\/2022\/03\/Carlo-Ginzburg-1-2.png 1080w, https:\/\/ffyh.unc.edu.ar\/ciffyh\/wp-content\/uploads\/sites\/10\/2022\/03\/Carlo-Ginzburg-1-2-240x300.png 240w, https:\/\/ffyh.unc.edu.ar\/ciffyh\/wp-content\/uploads\/sites\/10\/2022\/03\/Carlo-Ginzburg-1-2-819x1024.png 819w, https:\/\/ffyh.unc.edu.ar\/ciffyh\/wp-content\/uploads\/sites\/10\/2022\/03\/Carlo-Ginzburg-1-2-768x960.png 768w\" sizes=\"(max-width: 1080px) 100vw, 1080px\" \/><\/p>\n","protected":false},"excerpt":{"rendered":"<p>El Centro de Investigaciones Mar\u00eda Saleme de Burnichon invita a la presentaci\u00f3n del libro \u00abA\u00fan aprendo. Cuatro experimentos de filolog\u00eda<\/p>\n","protected":false},"author":2,"featured_media":4819,"comment_status":"closed","ping_status":"closed","sticky":false,"template":"","format":"standard","meta":{"_acf_changed":false,"colormag_page_container_layout":"default_layout","colormag_page_sidebar_layout":"default_layout","footnotes":""},"categories":[8],"tags":[],"class_list":["post-4818","post","type-post","status-publish","format-standard","has-post-thumbnail","hentry","category-noticias"],"acf":[],"yoast_head":"<!-- This site is optimized with the Yoast SEO plugin v27.1.1 - https:\/\/yoast.com\/product\/yoast-seo-wordpress\/ -->\n<title>Presentaci\u00f3n del libro &quot;A\u00fan aprendo. Cuatro experimentos de filolog\u00eda retrospectiva&quot; de Carlo Ginzburg - Centro de Investigaciones &quot;Maria Saleme de Burnichon&quot;<\/title>\n<meta name=\"robots\" content=\"index, follow, max-snippet:-1, max-image-preview:large, max-video-preview:-1\" \/>\n<link rel=\"canonical\" href=\"https:\/\/ffyh.unc.edu.ar\/ciffyh\/presentacion-del-libro-aun-aprendo-cuatro-experimentos-de-filologia-retrospectiva-de-carlo-ginzburg\/\" \/>\n<meta property=\"og:locale\" content=\"es_ES\" \/>\n<meta property=\"og:type\" content=\"article\" \/>\n<meta property=\"og:title\" content=\"Presentaci\u00f3n del libro &quot;A\u00fan aprendo. Cuatro experimentos de filolog\u00eda retrospectiva&quot; de Carlo Ginzburg - Centro de Investigaciones &quot;Maria Saleme de Burnichon&quot;\" \/>\n<meta property=\"og:description\" content=\"El Centro de Investigaciones Mar\u00eda Saleme de Burnichon invita a la presentaci\u00f3n del libro \u00abA\u00fan aprendo. Cuatro experimentos de filolog\u00eda\" \/>\n<meta property=\"og:url\" content=\"https:\/\/ffyh.unc.edu.ar\/ciffyh\/presentacion-del-libro-aun-aprendo-cuatro-experimentos-de-filologia-retrospectiva-de-carlo-ginzburg\/\" \/>\n<meta property=\"og:site_name\" content=\"Centro de Investigaciones &quot;Maria Saleme de Burnichon&quot;\" \/>\n<meta property=\"article:published_time\" content=\"2022-03-30T17:44:43+00:00\" \/>\n<meta property=\"og:image\" content=\"https:\/\/ffyh.unc.edu.ar\/ciffyh\/wp-content\/uploads\/sites\/10\/2022\/03\/webCiffyh.jpg\" \/>\n\t<meta property=\"og:image:width\" content=\"800\" \/>\n\t<meta property=\"og:image:height\" content=\"445\" \/>\n\t<meta property=\"og:image:type\" content=\"image\/jpeg\" \/>\n<meta name=\"author\" content=\"\u00c1rea de Comunicaci\u00f3n - FFyH\" \/>\n<meta name=\"twitter:card\" content=\"summary_large_image\" \/>\n<meta name=\"twitter:label1\" content=\"Escrito por\" \/>\n\t<meta name=\"twitter:data1\" content=\"\" \/>\n\t<meta name=\"twitter:label2\" content=\"Tiempo de lectura\" \/>\n\t<meta name=\"twitter:data2\" content=\"2 minutos\" \/>\n<script type=\"application\/ld+json\" class=\"yoast-schema-graph\">{\"@context\":\"https:\/\/schema.org\",\"@graph\":[{\"@type\":\"Article\",\"@id\":\"https:\/\/ffyh.unc.edu.ar\/ciffyh\/presentacion-del-libro-aun-aprendo-cuatro-experimentos-de-filologia-retrospectiva-de-carlo-ginzburg\/#article\",\"isPartOf\":{\"@id\":\"https:\/\/ffyh.unc.edu.ar\/ciffyh\/presentacion-del-libro-aun-aprendo-cuatro-experimentos-de-filologia-retrospectiva-de-carlo-ginzburg\/\"},\"author\":{\"name\":\"\u00c1rea de Comunicaci\u00f3n - FFyH\",\"@id\":\"https:\/\/ffyh.unc.edu.ar\/ciffyh\/#\/schema\/person\/e6b9f6aec95cb7437bb2fde09e23b224\"},\"headline\":\"Presentaci\u00f3n del libro \u00abA\u00fan aprendo. Cuatro experimentos de filolog\u00eda retrospectiva\u00bb de Carlo Ginzburg\",\"datePublished\":\"2022-03-30T17:44:43+00:00\",\"mainEntityOfPage\":{\"@id\":\"https:\/\/ffyh.unc.edu.ar\/ciffyh\/presentacion-del-libro-aun-aprendo-cuatro-experimentos-de-filologia-retrospectiva-de-carlo-ginzburg\/\"},\"wordCount\":326,\"publisher\":{\"@id\":\"https:\/\/ffyh.unc.edu.ar\/ciffyh\/#organization\"},\"image\":{\"@id\":\"https:\/\/ffyh.unc.edu.ar\/ciffyh\/presentacion-del-libro-aun-aprendo-cuatro-experimentos-de-filologia-retrospectiva-de-carlo-ginzburg\/#primaryimage\"},\"thumbnailUrl\":\"https:\/\/ffyh.unc.edu.ar\/ciffyh\/wp-content\/uploads\/sites\/10\/2022\/03\/webCiffyh.jpg\",\"articleSection\":[\"Noticias\"],\"inLanguage\":\"es\"},{\"@type\":\"WebPage\",\"@id\":\"https:\/\/ffyh.unc.edu.ar\/ciffyh\/presentacion-del-libro-aun-aprendo-cuatro-experimentos-de-filologia-retrospectiva-de-carlo-ginzburg\/\",\"url\":\"https:\/\/ffyh.unc.edu.ar\/ciffyh\/presentacion-del-libro-aun-aprendo-cuatro-experimentos-de-filologia-retrospectiva-de-carlo-ginzburg\/\",\"name\":\"Presentaci\u00f3n del libro \\\"A\u00fan aprendo. Cuatro experimentos de filolog\u00eda retrospectiva\\\" de Carlo Ginzburg - Centro de Investigaciones &quot;Maria Saleme de Burnichon&quot;\",\"isPartOf\":{\"@id\":\"https:\/\/ffyh.unc.edu.ar\/ciffyh\/#website\"},\"primaryImageOfPage\":{\"@id\":\"https:\/\/ffyh.unc.edu.ar\/ciffyh\/presentacion-del-libro-aun-aprendo-cuatro-experimentos-de-filologia-retrospectiva-de-carlo-ginzburg\/#primaryimage\"},\"image\":{\"@id\":\"https:\/\/ffyh.unc.edu.ar\/ciffyh\/presentacion-del-libro-aun-aprendo-cuatro-experimentos-de-filologia-retrospectiva-de-carlo-ginzburg\/#primaryimage\"},\"thumbnailUrl\":\"https:\/\/ffyh.unc.edu.ar\/ciffyh\/wp-content\/uploads\/sites\/10\/2022\/03\/webCiffyh.jpg\",\"datePublished\":\"2022-03-30T17:44:43+00:00\",\"breadcrumb\":{\"@id\":\"https:\/\/ffyh.unc.edu.ar\/ciffyh\/presentacion-del-libro-aun-aprendo-cuatro-experimentos-de-filologia-retrospectiva-de-carlo-ginzburg\/#breadcrumb\"},\"inLanguage\":\"es\",\"potentialAction\":[{\"@type\":\"ReadAction\",\"target\":[\"https:\/\/ffyh.unc.edu.ar\/ciffyh\/presentacion-del-libro-aun-aprendo-cuatro-experimentos-de-filologia-retrospectiva-de-carlo-ginzburg\/\"]}]},{\"@type\":\"ImageObject\",\"inLanguage\":\"es\",\"@id\":\"https:\/\/ffyh.unc.edu.ar\/ciffyh\/presentacion-del-libro-aun-aprendo-cuatro-experimentos-de-filologia-retrospectiva-de-carlo-ginzburg\/#primaryimage\",\"url\":\"https:\/\/ffyh.unc.edu.ar\/ciffyh\/wp-content\/uploads\/sites\/10\/2022\/03\/webCiffyh.jpg\",\"contentUrl\":\"https:\/\/ffyh.unc.edu.ar\/ciffyh\/wp-content\/uploads\/sites\/10\/2022\/03\/webCiffyh.jpg\",\"width\":800,\"height\":445},{\"@type\":\"BreadcrumbList\",\"@id\":\"https:\/\/ffyh.unc.edu.ar\/ciffyh\/presentacion-del-libro-aun-aprendo-cuatro-experimentos-de-filologia-retrospectiva-de-carlo-ginzburg\/#breadcrumb\",\"itemListElement\":[{\"@type\":\"ListItem\",\"position\":1,\"name\":\"Portada\",\"item\":\"https:\/\/ffyh.unc.edu.ar\/ciffyh\/\"},{\"@type\":\"ListItem\",\"position\":2,\"name\":\"Presentaci\u00f3n del libro \u00abA\u00fan aprendo. Cuatro experimentos de filolog\u00eda retrospectiva\u00bb de Carlo Ginzburg\"}]},{\"@type\":\"WebSite\",\"@id\":\"https:\/\/ffyh.unc.edu.ar\/ciffyh\/#website\",\"url\":\"https:\/\/ffyh.unc.edu.ar\/ciffyh\/\",\"name\":\"Centro de Investigaciones \\\"Maria Saleme de Burnichon\\\"\",\"description\":\"Facultad de Filosof\u00eda y Humanidades | UNC\",\"publisher\":{\"@id\":\"https:\/\/ffyh.unc.edu.ar\/ciffyh\/#organization\"},\"potentialAction\":[{\"@type\":\"SearchAction\",\"target\":{\"@type\":\"EntryPoint\",\"urlTemplate\":\"https:\/\/ffyh.unc.edu.ar\/ciffyh\/?s={search_term_string}\"},\"query-input\":{\"@type\":\"PropertyValueSpecification\",\"valueRequired\":true,\"valueName\":\"search_term_string\"}}],\"inLanguage\":\"es\"},{\"@type\":\"Organization\",\"@id\":\"https:\/\/ffyh.unc.edu.ar\/ciffyh\/#organization\",\"name\":\"Centro de Investigaciones \\\"Maria Saleme de Burnichon\\\"\",\"url\":\"https:\/\/ffyh.unc.edu.ar\/ciffyh\/\",\"logo\":{\"@type\":\"ImageObject\",\"inLanguage\":\"es\",\"@id\":\"https:\/\/ffyh.unc.edu.ar\/ciffyh\/#\/schema\/logo\/image\/\",\"url\":\"https:\/\/ffyh.unc.edu.ar\/ciffyh\/wp-content\/uploads\/sites\/10\/2018\/02\/cropped-logo-ciffyh-ico.png\",\"contentUrl\":\"https:\/\/ffyh.unc.edu.ar\/ciffyh\/wp-content\/uploads\/sites\/10\/2018\/02\/cropped-logo-ciffyh-ico.png\",\"width\":512,\"height\":512,\"caption\":\"Centro de Investigaciones \\\"Maria Saleme de Burnichon\\\"\"},\"image\":{\"@id\":\"https:\/\/ffyh.unc.edu.ar\/ciffyh\/#\/schema\/logo\/image\/\"},\"sameAs\":[\"https:\/\/www.instagram.com\/ciffyh\/\"]},{\"@type\":\"Person\",\"@id\":\"https:\/\/ffyh.unc.edu.ar\/ciffyh\/#\/schema\/person\/e6b9f6aec95cb7437bb2fde09e23b224\",\"name\":\"\u00c1rea de Comunicaci\u00f3n - FFyH\",\"image\":{\"@type\":\"ImageObject\",\"inLanguage\":\"es\",\"@id\":\"https:\/\/ffyh.unc.edu.ar\/ciffyh\/#\/schema\/person\/image\/\",\"url\":\"https:\/\/secure.gravatar.com\/avatar\/1d896d10b19526e4cb6e972ca0f1b6719a4697e2d88742a801b88b3682d5be75?s=96&d=mm&r=g\",\"contentUrl\":\"https:\/\/secure.gravatar.com\/avatar\/1d896d10b19526e4cb6e972ca0f1b6719a4697e2d88742a801b88b3682d5be75?s=96&d=mm&r=g\",\"caption\":\"\u00c1rea de Comunicaci\u00f3n - FFyH\"},\"url\":\"https:\/\/ffyh.unc.edu.ar\/ciffyh\/author\/prensa\/\"}]}<\/script>\n<!-- \/ Yoast SEO plugin. -->","yoast_head_json":{"title":"Presentaci\u00f3n del libro \"A\u00fan aprendo. Cuatro experimentos de filolog\u00eda retrospectiva\" de Carlo Ginzburg - Centro de Investigaciones &quot;Maria Saleme de Burnichon&quot;","robots":{"index":"index","follow":"follow","max-snippet":"max-snippet:-1","max-image-preview":"max-image-preview:large","max-video-preview":"max-video-preview:-1"},"canonical":"https:\/\/ffyh.unc.edu.ar\/ciffyh\/presentacion-del-libro-aun-aprendo-cuatro-experimentos-de-filologia-retrospectiva-de-carlo-ginzburg\/","og_locale":"es_ES","og_type":"article","og_title":"Presentaci\u00f3n del libro \"A\u00fan aprendo. Cuatro experimentos de filolog\u00eda retrospectiva\" de Carlo Ginzburg - Centro de Investigaciones &quot;Maria Saleme de Burnichon&quot;","og_description":"El Centro de Investigaciones Mar\u00eda Saleme de Burnichon invita a la presentaci\u00f3n del libro \u00abA\u00fan aprendo. Cuatro experimentos de filolog\u00eda","og_url":"https:\/\/ffyh.unc.edu.ar\/ciffyh\/presentacion-del-libro-aun-aprendo-cuatro-experimentos-de-filologia-retrospectiva-de-carlo-ginzburg\/","og_site_name":"Centro de Investigaciones &quot;Maria Saleme de Burnichon&quot;","article_published_time":"2022-03-30T17:44:43+00:00","og_image":[{"width":800,"height":445,"url":"https:\/\/ffyh.unc.edu.ar\/ciffyh\/wp-content\/uploads\/sites\/10\/2022\/03\/webCiffyh.jpg","type":"image\/jpeg"}],"author":"\u00c1rea de Comunicaci\u00f3n - FFyH","twitter_card":"summary_large_image","twitter_misc":{"Escrito por":false,"Tiempo de lectura":"2 minutos"},"schema":{"@context":"https:\/\/schema.org","@graph":[{"@type":"Article","@id":"https:\/\/ffyh.unc.edu.ar\/ciffyh\/presentacion-del-libro-aun-aprendo-cuatro-experimentos-de-filologia-retrospectiva-de-carlo-ginzburg\/#article","isPartOf":{"@id":"https:\/\/ffyh.unc.edu.ar\/ciffyh\/presentacion-del-libro-aun-aprendo-cuatro-experimentos-de-filologia-retrospectiva-de-carlo-ginzburg\/"},"author":{"name":"\u00c1rea de Comunicaci\u00f3n - FFyH","@id":"https:\/\/ffyh.unc.edu.ar\/ciffyh\/#\/schema\/person\/e6b9f6aec95cb7437bb2fde09e23b224"},"headline":"Presentaci\u00f3n del libro \u00abA\u00fan aprendo. Cuatro experimentos de filolog\u00eda retrospectiva\u00bb de Carlo Ginzburg","datePublished":"2022-03-30T17:44:43+00:00","mainEntityOfPage":{"@id":"https:\/\/ffyh.unc.edu.ar\/ciffyh\/presentacion-del-libro-aun-aprendo-cuatro-experimentos-de-filologia-retrospectiva-de-carlo-ginzburg\/"},"wordCount":326,"publisher":{"@id":"https:\/\/ffyh.unc.edu.ar\/ciffyh\/#organization"},"image":{"@id":"https:\/\/ffyh.unc.edu.ar\/ciffyh\/presentacion-del-libro-aun-aprendo-cuatro-experimentos-de-filologia-retrospectiva-de-carlo-ginzburg\/#primaryimage"},"thumbnailUrl":"https:\/\/ffyh.unc.edu.ar\/ciffyh\/wp-content\/uploads\/sites\/10\/2022\/03\/webCiffyh.jpg","articleSection":["Noticias"],"inLanguage":"es"},{"@type":"WebPage","@id":"https:\/\/ffyh.unc.edu.ar\/ciffyh\/presentacion-del-libro-aun-aprendo-cuatro-experimentos-de-filologia-retrospectiva-de-carlo-ginzburg\/","url":"https:\/\/ffyh.unc.edu.ar\/ciffyh\/presentacion-del-libro-aun-aprendo-cuatro-experimentos-de-filologia-retrospectiva-de-carlo-ginzburg\/","name":"Presentaci\u00f3n del libro \"A\u00fan aprendo. Cuatro experimentos de filolog\u00eda retrospectiva\" de Carlo Ginzburg - Centro de Investigaciones &quot;Maria Saleme de Burnichon&quot;","isPartOf":{"@id":"https:\/\/ffyh.unc.edu.ar\/ciffyh\/#website"},"primaryImageOfPage":{"@id":"https:\/\/ffyh.unc.edu.ar\/ciffyh\/presentacion-del-libro-aun-aprendo-cuatro-experimentos-de-filologia-retrospectiva-de-carlo-ginzburg\/#primaryimage"},"image":{"@id":"https:\/\/ffyh.unc.edu.ar\/ciffyh\/presentacion-del-libro-aun-aprendo-cuatro-experimentos-de-filologia-retrospectiva-de-carlo-ginzburg\/#primaryimage"},"thumbnailUrl":"https:\/\/ffyh.unc.edu.ar\/ciffyh\/wp-content\/uploads\/sites\/10\/2022\/03\/webCiffyh.jpg","datePublished":"2022-03-30T17:44:43+00:00","breadcrumb":{"@id":"https:\/\/ffyh.unc.edu.ar\/ciffyh\/presentacion-del-libro-aun-aprendo-cuatro-experimentos-de-filologia-retrospectiva-de-carlo-ginzburg\/#breadcrumb"},"inLanguage":"es","potentialAction":[{"@type":"ReadAction","target":["https:\/\/ffyh.unc.edu.ar\/ciffyh\/presentacion-del-libro-aun-aprendo-cuatro-experimentos-de-filologia-retrospectiva-de-carlo-ginzburg\/"]}]},{"@type":"ImageObject","inLanguage":"es","@id":"https:\/\/ffyh.unc.edu.ar\/ciffyh\/presentacion-del-libro-aun-aprendo-cuatro-experimentos-de-filologia-retrospectiva-de-carlo-ginzburg\/#primaryimage","url":"https:\/\/ffyh.unc.edu.ar\/ciffyh\/wp-content\/uploads\/sites\/10\/2022\/03\/webCiffyh.jpg","contentUrl":"https:\/\/ffyh.unc.edu.ar\/ciffyh\/wp-content\/uploads\/sites\/10\/2022\/03\/webCiffyh.jpg","width":800,"height":445},{"@type":"BreadcrumbList","@id":"https:\/\/ffyh.unc.edu.ar\/ciffyh\/presentacion-del-libro-aun-aprendo-cuatro-experimentos-de-filologia-retrospectiva-de-carlo-ginzburg\/#breadcrumb","itemListElement":[{"@type":"ListItem","position":1,"name":"Portada","item":"https:\/\/ffyh.unc.edu.ar\/ciffyh\/"},{"@type":"ListItem","position":2,"name":"Presentaci\u00f3n del libro \u00abA\u00fan aprendo. Cuatro experimentos de filolog\u00eda retrospectiva\u00bb de Carlo Ginzburg"}]},{"@type":"WebSite","@id":"https:\/\/ffyh.unc.edu.ar\/ciffyh\/#website","url":"https:\/\/ffyh.unc.edu.ar\/ciffyh\/","name":"Centro de Investigaciones \"Maria Saleme de Burnichon\"","description":"Facultad de Filosof\u00eda y Humanidades | UNC","publisher":{"@id":"https:\/\/ffyh.unc.edu.ar\/ciffyh\/#organization"},"potentialAction":[{"@type":"SearchAction","target":{"@type":"EntryPoint","urlTemplate":"https:\/\/ffyh.unc.edu.ar\/ciffyh\/?s={search_term_string}"},"query-input":{"@type":"PropertyValueSpecification","valueRequired":true,"valueName":"search_term_string"}}],"inLanguage":"es"},{"@type":"Organization","@id":"https:\/\/ffyh.unc.edu.ar\/ciffyh\/#organization","name":"Centro de Investigaciones \"Maria Saleme de Burnichon\"","url":"https:\/\/ffyh.unc.edu.ar\/ciffyh\/","logo":{"@type":"ImageObject","inLanguage":"es","@id":"https:\/\/ffyh.unc.edu.ar\/ciffyh\/#\/schema\/logo\/image\/","url":"https:\/\/ffyh.unc.edu.ar\/ciffyh\/wp-content\/uploads\/sites\/10\/2018\/02\/cropped-logo-ciffyh-ico.png","contentUrl":"https:\/\/ffyh.unc.edu.ar\/ciffyh\/wp-content\/uploads\/sites\/10\/2018\/02\/cropped-logo-ciffyh-ico.png","width":512,"height":512,"caption":"Centro de Investigaciones \"Maria Saleme de Burnichon\""},"image":{"@id":"https:\/\/ffyh.unc.edu.ar\/ciffyh\/#\/schema\/logo\/image\/"},"sameAs":["https:\/\/www.instagram.com\/ciffyh\/"]},{"@type":"Person","@id":"https:\/\/ffyh.unc.edu.ar\/ciffyh\/#\/schema\/person\/e6b9f6aec95cb7437bb2fde09e23b224","name":"\u00c1rea de Comunicaci\u00f3n - FFyH","image":{"@type":"ImageObject","inLanguage":"es","@id":"https:\/\/ffyh.unc.edu.ar\/ciffyh\/#\/schema\/person\/image\/","url":"https:\/\/secure.gravatar.com\/avatar\/1d896d10b19526e4cb6e972ca0f1b6719a4697e2d88742a801b88b3682d5be75?s=96&d=mm&r=g","contentUrl":"https:\/\/secure.gravatar.com\/avatar\/1d896d10b19526e4cb6e972ca0f1b6719a4697e2d88742a801b88b3682d5be75?s=96&d=mm&r=g","caption":"\u00c1rea de Comunicaci\u00f3n - FFyH"},"url":"https:\/\/ffyh.unc.edu.ar\/ciffyh\/author\/prensa\/"}]}},"jetpack_featured_media_url":"https:\/\/ffyh.unc.edu.ar\/ciffyh\/wp-content\/uploads\/sites\/10\/2022\/03\/webCiffyh.jpg","_links":{"self":[{"href":"https:\/\/ffyh.unc.edu.ar\/ciffyh\/wp-json\/wp\/v2\/posts\/4818","targetHints":{"allow":["GET"]}}],"collection":[{"href":"https:\/\/ffyh.unc.edu.ar\/ciffyh\/wp-json\/wp\/v2\/posts"}],"about":[{"href":"https:\/\/ffyh.unc.edu.ar\/ciffyh\/wp-json\/wp\/v2\/types\/post"}],"author":[{"embeddable":true,"href":"https:\/\/ffyh.unc.edu.ar\/ciffyh\/wp-json\/wp\/v2\/users\/2"}],"replies":[{"embeddable":true,"href":"https:\/\/ffyh.unc.edu.ar\/ciffyh\/wp-json\/wp\/v2\/comments?post=4818"}],"version-history":[{"count":1,"href":"https:\/\/ffyh.unc.edu.ar\/ciffyh\/wp-json\/wp\/v2\/posts\/4818\/revisions"}],"predecessor-version":[{"id":4821,"href":"https:\/\/ffyh.unc.edu.ar\/ciffyh\/wp-json\/wp\/v2\/posts\/4818\/revisions\/4821"}],"wp:featuredmedia":[{"embeddable":true,"href":"https:\/\/ffyh.unc.edu.ar\/ciffyh\/wp-json\/wp\/v2\/media\/4819"}],"wp:attachment":[{"href":"https:\/\/ffyh.unc.edu.ar\/ciffyh\/wp-json\/wp\/v2\/media?parent=4818"}],"wp:term":[{"taxonomy":"category","embeddable":true,"href":"https:\/\/ffyh.unc.edu.ar\/ciffyh\/wp-json\/wp\/v2\/categories?post=4818"},{"taxonomy":"post_tag","embeddable":true,"href":"https:\/\/ffyh.unc.edu.ar\/ciffyh\/wp-json\/wp\/v2\/tags?post=4818"}],"curies":[{"name":"wp","href":"https:\/\/api.w.org\/{rel}","templated":true}]}}