{"id":4880,"date":"2022-11-18T16:00:46","date_gmt":"2022-11-18T16:00:46","guid":{"rendered":"https:\/\/ffyh.unc.edu.ar\/ciffyh\/?p=4880"},"modified":"2023-09-04T20:51:03","modified_gmt":"2023-09-04T20:51:03","slug":"xi-encuentro-de-ciencias-sociales-y-humanas","status":"publish","type":"post","link":"https:\/\/ffyh.unc.edu.ar\/ciffyh\/xi-encuentro-de-ciencias-sociales-y-humanas\/","title":{"rendered":"Agenda, programa y cuarta circular \u00abXI Encuentro Interdisciplinario de Ciencias Sociales y Humanas: El desaf\u00edo de las desigualdades: cr\u00edtica e intervenci\u00f3n\u201d"},"content":{"rendered":"<p><em>Ya est\u00e1 disponible el programa completo del XI Encuentro. Tambi\u00e9n la cuarta circular donde encontrar\u00e1n informaci\u00f3n sobre la fecha de publicaci\u00f3n de actas, modalidad de pago de inscripciones y algunas consideraciones a tener en cuenta durante el transcurso del evento.<\/em><!--more--><\/p>\n<p>Desde los equipos de investigaci\u00f3n que se radican en el CIFFyH y el IDH UNC-CONICET proponemos en este XI Encuentro Interdisciplinario de Ciencias Sociales y Humanas darnos un espacio de reflexi\u00f3n, intercambio y comunicaci\u00f3n de los conocimientos que se deje cuestionar por las necesidades culturales, pol\u00edticas y sociales que este tiempo nos impone.<\/p>\n<p>El XI Encuentro se organiza una vez m\u00e1s bajo la modalidad de simposios tem\u00e1ticos que se vinculan en su fundamentaci\u00f3n \u2014mediata o inmediatamente\u2014 con el tema general del evento. Tales simposios son propuestos y coordinados por investigadorxs que pertenecen a alguno de los equipos de investigaci\u00f3n radicados en el CIFFyH y\/o IDH. El objetivo de cada simposio es, particularmente, favorecer el intercambio entre equipos de investigaci\u00f3n pertenecientes a la misma \u00e1rea o pertenecientes a distintas \u00e1reas del CIFFyH y del IDH. Los simposios aprobados recibieron propuestas de ponencias desde agosto hasta el 14 de octubre.<\/p>\n<p>Desde el siguiente enlace pod\u00e9s acceder al programa completo del evento con los diferentes foros de discusi\u00f3n, la pre-jornada de extensi\u00f3n y la distribuci\u00f3n de las mesas de los simposios.<\/p>\n<blockquote><p><a href=\"http:\/\/ffyh.unc.edu.ar\/ciffyh\/wp-content\/uploads\/sites\/10\/2022\/11\/XIEncuentro_Programa.pdf\">Programa completo<\/a><\/p><\/blockquote>\n<h3>Informaci\u00f3n importante de la cuarta circular: <a href=\"http:\/\/ffyh.unc.edu.ar\/ciffyh\/wp-content\/uploads\/sites\/10\/2022\/10\/4taCicular_XI-EncuentroCIFFYIDH.pdf\" target=\"_blank\" rel=\"noopener\">Descargar 4\u00b0 Circular<\/a><\/h3>\n<p><b>PUBLICACI\u00d3N EN ACTAS<\/b><\/p>\n<p><span style=\"font-weight: 400\">Si bien la ponencia se presentar\u00e1 durante el XI Encuentro, <\/span><b>la recepci\u00f3n de trabajos para la publicaci\u00f3n de actas se pedir\u00e1 con posterioridad a la realizaci\u00f3n del evento<\/b><span style=\"font-weight: 400\"> (durante febrero 2023).<\/span><\/p>\n<p><b>MODALIDAD DE PAGO<\/b><\/p>\n<p><b>El pago se realizar\u00e1 a trav\u00e9s del Sistema SANAVIR\u00d3N<\/b><span style=\"font-weight: 400\"> desde el siguiente enlace: <\/span><a href=\"http:\/\/spgi-inscripcion.psi.unc.edu.ar\/preins_con_ws\/cursos-V7218863-22-80-008-xi-encuentro-interdisciplinario-de-ciencias-sociales-y-humanas.html\"><span style=\"font-weight: 400\">http:\/\/spgi-inscripcion.psi.unc.edu.ar\/preins_con_ws\/cursos-V7218863-22-80-008-xi-encuentro-interdisciplinario-de-ciencias-sociales-y-humanas.html<\/span><\/a><\/p>\n<p><strong>La fecha l\u00edmite para realizar el pago es el 29 de noviembre.<\/strong><\/p>\n<p><a href=\"http:\/\/ffyh.unc.edu.ar\/ciffyh\/wp-content\/uploads\/sites\/10\/2022\/10\/InstructivopagoXIEncuentro.pdf\" target=\"_blank\" rel=\"noopener\">Descargar instructivo para el pago de inscripciones<\/a><\/p>\n<p><b>ALGUNAS CONSIDERACIONES A TENER EN CUENTA<\/b><\/p>\n<p><span style=\"font-weight: 400\">Durante el XI Encuentro <\/span><b>no se otorgar\u00e1n<\/b><span style=\"font-weight: 400\"> botellas pl\u00e1sticas de agua. Solicitamos que lleven su propia botella para el consumo de agua de los dispenser que estar\u00e1n disponibles en el pabell\u00f3n.\u00a0<\/span><\/p>\n<p><span style=\"font-weight: 400\">Tampoco se imprimir\u00e1n programas del evento. No obstante, habr\u00e1 algunos disponibles en papel en el lugar y se habilitar\u00e1 un c\u00f3digo QR para su consulta mediante dispositivos m\u00f3viles.<\/span><\/p>\n<p><strong>Informes:<\/strong> <a href=\"mailto:sec.jornadas.ciffyh@gmail.com\">sec.jornadas.ciffyh@gmail.com<\/a><\/p>\n<p><img fetchpriority=\"high\" decoding=\"async\" class=\"alignleft wp-image-5372\" src=\"http:\/\/ffyh.unc.edu.ar\/ciffyh\/wp-content\/uploads\/sites\/10\/2022\/11\/agenda-576x1024.jpg\" alt=\"\" width=\"400\" height=\"711\" srcset=\"https:\/\/ffyh.unc.edu.ar\/ciffyh\/wp-content\/uploads\/sites\/10\/2022\/11\/agenda-576x1024.jpg 576w, https:\/\/ffyh.unc.edu.ar\/ciffyh\/wp-content\/uploads\/sites\/10\/2022\/11\/agenda-169x300.jpg 169w, https:\/\/ffyh.unc.edu.ar\/ciffyh\/wp-content\/uploads\/sites\/10\/2022\/11\/agenda-768x1365.jpg 768w, https:\/\/ffyh.unc.edu.ar\/ciffyh\/wp-content\/uploads\/sites\/10\/2022\/11\/agenda-864x1536.jpg 864w, https:\/\/ffyh.unc.edu.ar\/ciffyh\/wp-content\/uploads\/sites\/10\/2022\/11\/agenda.jpg 1080w\" sizes=\"(max-width: 400px) 100vw, 400px\" \/><\/p>\n<p>En el marco del XI Encuentro se llevar\u00e1n a cabo distintos foros de discusi\u00f3n y las pre-jornadas de extensi\u00f3n. Te invitamos a conocer desde aqu\u00ed todas estas propuestas:<\/p>\n<hr \/>\n<p><a href=\"https:\/\/ffyh.unc.edu.ar\/ciffyh\/foro-ambiental-para-el-cuidado-de-la-vida\/\">1. FORO AMBIENTAL PARA EL CUIDADO DE LA VIDA<\/a><\/p>\n<p><a href=\"https:\/\/ffyh.unc.edu.ar\/ciffyh\/foro-sobre-comunicacion-publica-de-la-ciencia\/\">2. \u00bfINTERRUMPIR EL SENTIDO COM\u00daN? FORO SOBRE COMUNICACI\u00d3N P\u00daBLICA DE LA CIENCIA<\/a><\/p>\n<p><a href=\"https:\/\/ffyh.unc.edu.ar\/ciffyh\/experiencias-en-torno-a-los-proa\/\">3. ATENDER LAS DEMANDAS DEL PRESENTE. EXPERIENCIAS EN TORNO A LOS PROYECTOS ORIENTADOS Y ACOTADOS (PROA)<\/a><\/p>\n<p><a href=\"https:\/\/ffyh.unc.edu.ar\/ciffyh\/pre-jornadas-de-extension-xi-encuentro\/\">4. PRE-JORNADAS DE EXTENSI\u00d3N: CONSTRUIR CONOCIMIENTO CON LOS TERRITORIOS. DESAF\u00cdOS EXTENSIONISTAS DE LA UNIVERSIDAD P\u00daBLICA<\/a><\/p>\n<p>&nbsp;<\/p>\n<p>&nbsp;<\/p>\n<p>&nbsp;<\/p>\n<p>&nbsp;<\/p>\n<p>&nbsp;<\/p>\n<p>&nbsp;<\/p>\n<p>&nbsp;<\/p>\n<p>&nbsp;<\/p>\n<p>&nbsp;<\/p>\n","protected":false},"excerpt":{"rendered":"<p>Ya est\u00e1 disponible el programa completo del XI Encuentro. Tambi\u00e9n la cuarta circular donde encontrar\u00e1n informaci\u00f3n sobre la fecha de<\/p>\n","protected":false},"author":2,"featured_media":5344,"comment_status":"closed","ping_status":"closed","sticky":false,"template":"","format":"standard","meta":{"_acf_changed":false,"colormag_page_container_layout":"default_layout","colormag_page_sidebar_layout":"default_layout","footnotes":""},"categories":[65,44,8],"tags":[],"class_list":["post-4880","post","type-post","status-publish","format-standard","has-post-thumbnail","hentry","category-encuentro-interdisciplinario-ciffyh-idh","category-encuentros","category-noticias"],"acf":[],"yoast_head":"<!-- This site is optimized with the Yoast SEO plugin v27.1.1 - https:\/\/yoast.com\/product\/yoast-seo-wordpress\/ -->\n<title>Agenda, programa y cuarta circular &quot;XI Encuentro Interdisciplinario de Ciencias Sociales y Humanas: El desaf\u00edo de las desigualdades: cr\u00edtica e intervenci\u00f3n\u201d - Centro de Investigaciones &quot;Maria Saleme de Burnichon&quot;<\/title>\n<meta name=\"robots\" content=\"index, follow, max-snippet:-1, max-image-preview:large, max-video-preview:-1\" \/>\n<link rel=\"canonical\" href=\"https:\/\/ffyh.unc.edu.ar\/ciffyh\/xi-encuentro-de-ciencias-sociales-y-humanas\/\" \/>\n<meta property=\"og:locale\" content=\"es_ES\" \/>\n<meta property=\"og:type\" content=\"article\" \/>\n<meta property=\"og:title\" content=\"Agenda, programa y cuarta circular &quot;XI Encuentro Interdisciplinario de Ciencias Sociales y Humanas: El desaf\u00edo de las desigualdades: cr\u00edtica e intervenci\u00f3n\u201d - Centro de Investigaciones &quot;Maria Saleme de Burnichon&quot;\" \/>\n<meta property=\"og:description\" content=\"Ya est\u00e1 disponible el programa completo del XI Encuentro. Tambi\u00e9n la cuarta circular donde encontrar\u00e1n informaci\u00f3n sobre la fecha de\" \/>\n<meta property=\"og:url\" content=\"https:\/\/ffyh.unc.edu.ar\/ciffyh\/xi-encuentro-de-ciencias-sociales-y-humanas\/\" \/>\n<meta property=\"og:site_name\" content=\"Centro de Investigaciones &quot;Maria Saleme de Burnichon&quot;\" \/>\n<meta property=\"article:published_time\" content=\"2022-11-18T16:00:46+00:00\" \/>\n<meta property=\"article:modified_time\" content=\"2023-09-04T20:51:03+00:00\" \/>\n<meta property=\"og:image\" content=\"http:\/\/ffyh.unc.edu.ar\/ciffyh\/wp-content\/uploads\/sites\/10\/2022\/11\/webPrograma.jpg\" \/>\n\t<meta property=\"og:image:width\" content=\"800\" \/>\n\t<meta property=\"og:image:height\" content=\"445\" \/>\n\t<meta property=\"og:image:type\" content=\"image\/jpeg\" \/>\n<meta name=\"author\" content=\"\u00c1rea de Comunicaci\u00f3n - FFyH\" \/>\n<meta name=\"twitter:card\" content=\"summary_large_image\" \/>\n<meta name=\"twitter:label1\" content=\"Escrito por\" \/>\n\t<meta name=\"twitter:data1\" content=\"\" \/>\n\t<meta name=\"twitter:label2\" content=\"Tiempo de lectura\" \/>\n\t<meta name=\"twitter:data2\" content=\"3 minutos\" \/>\n<script type=\"application\/ld+json\" class=\"yoast-schema-graph\">{\"@context\":\"https:\/\/schema.org\",\"@graph\":[{\"@type\":\"Article\",\"@id\":\"https:\/\/ffyh.unc.edu.ar\/ciffyh\/xi-encuentro-de-ciencias-sociales-y-humanas\/#article\",\"isPartOf\":{\"@id\":\"https:\/\/ffyh.unc.edu.ar\/ciffyh\/xi-encuentro-de-ciencias-sociales-y-humanas\/\"},\"author\":{\"name\":\"\u00c1rea de Comunicaci\u00f3n - FFyH\",\"@id\":\"https:\/\/ffyh.unc.edu.ar\/ciffyh\/#\/schema\/person\/e6b9f6aec95cb7437bb2fde09e23b224\"},\"headline\":\"Agenda, programa y cuarta circular \u00abXI Encuentro Interdisciplinario de Ciencias Sociales y Humanas: El desaf\u00edo de las desigualdades: cr\u00edtica e intervenci\u00f3n\u201d\",\"datePublished\":\"2022-11-18T16:00:46+00:00\",\"dateModified\":\"2023-09-04T20:51:03+00:00\",\"mainEntityOfPage\":{\"@id\":\"https:\/\/ffyh.unc.edu.ar\/ciffyh\/xi-encuentro-de-ciencias-sociales-y-humanas\/\"},\"wordCount\":531,\"publisher\":{\"@id\":\"https:\/\/ffyh.unc.edu.ar\/ciffyh\/#organization\"},\"image\":{\"@id\":\"https:\/\/ffyh.unc.edu.ar\/ciffyh\/xi-encuentro-de-ciencias-sociales-y-humanas\/#primaryimage\"},\"thumbnailUrl\":\"https:\/\/ffyh.unc.edu.ar\/ciffyh\/wp-content\/uploads\/sites\/10\/2022\/11\/webPrograma.jpg\",\"articleSection\":[\"Encuentro Interdisciplinario CIFFyH-IDH\",\"Encuentros\",\"Noticias\"],\"inLanguage\":\"es\"},{\"@type\":\"WebPage\",\"@id\":\"https:\/\/ffyh.unc.edu.ar\/ciffyh\/xi-encuentro-de-ciencias-sociales-y-humanas\/\",\"url\":\"https:\/\/ffyh.unc.edu.ar\/ciffyh\/xi-encuentro-de-ciencias-sociales-y-humanas\/\",\"name\":\"Agenda, programa y cuarta circular \\\"XI Encuentro Interdisciplinario de Ciencias Sociales y Humanas: El desaf\u00edo de las desigualdades: cr\u00edtica e intervenci\u00f3n\u201d - Centro de Investigaciones &quot;Maria Saleme de Burnichon&quot;\",\"isPartOf\":{\"@id\":\"https:\/\/ffyh.unc.edu.ar\/ciffyh\/#website\"},\"primaryImageOfPage\":{\"@id\":\"https:\/\/ffyh.unc.edu.ar\/ciffyh\/xi-encuentro-de-ciencias-sociales-y-humanas\/#primaryimage\"},\"image\":{\"@id\":\"https:\/\/ffyh.unc.edu.ar\/ciffyh\/xi-encuentro-de-ciencias-sociales-y-humanas\/#primaryimage\"},\"thumbnailUrl\":\"https:\/\/ffyh.unc.edu.ar\/ciffyh\/wp-content\/uploads\/sites\/10\/2022\/11\/webPrograma.jpg\",\"datePublished\":\"2022-11-18T16:00:46+00:00\",\"dateModified\":\"2023-09-04T20:51:03+00:00\",\"breadcrumb\":{\"@id\":\"https:\/\/ffyh.unc.edu.ar\/ciffyh\/xi-encuentro-de-ciencias-sociales-y-humanas\/#breadcrumb\"},\"inLanguage\":\"es\",\"potentialAction\":[{\"@type\":\"ReadAction\",\"target\":[\"https:\/\/ffyh.unc.edu.ar\/ciffyh\/xi-encuentro-de-ciencias-sociales-y-humanas\/\"]}]},{\"@type\":\"ImageObject\",\"inLanguage\":\"es\",\"@id\":\"https:\/\/ffyh.unc.edu.ar\/ciffyh\/xi-encuentro-de-ciencias-sociales-y-humanas\/#primaryimage\",\"url\":\"https:\/\/ffyh.unc.edu.ar\/ciffyh\/wp-content\/uploads\/sites\/10\/2022\/11\/webPrograma.jpg\",\"contentUrl\":\"https:\/\/ffyh.unc.edu.ar\/ciffyh\/wp-content\/uploads\/sites\/10\/2022\/11\/webPrograma.jpg\",\"width\":800,\"height\":445},{\"@type\":\"BreadcrumbList\",\"@id\":\"https:\/\/ffyh.unc.edu.ar\/ciffyh\/xi-encuentro-de-ciencias-sociales-y-humanas\/#breadcrumb\",\"itemListElement\":[{\"@type\":\"ListItem\",\"position\":1,\"name\":\"Portada\",\"item\":\"https:\/\/ffyh.unc.edu.ar\/ciffyh\/\"},{\"@type\":\"ListItem\",\"position\":2,\"name\":\"Agenda, programa y cuarta circular \u00abXI Encuentro Interdisciplinario de Ciencias Sociales y Humanas: El desaf\u00edo de las desigualdades: cr\u00edtica e intervenci\u00f3n\u201d\"}]},{\"@type\":\"WebSite\",\"@id\":\"https:\/\/ffyh.unc.edu.ar\/ciffyh\/#website\",\"url\":\"https:\/\/ffyh.unc.edu.ar\/ciffyh\/\",\"name\":\"Centro de Investigaciones \\\"Maria Saleme de Burnichon\\\"\",\"description\":\"Facultad de Filosof\u00eda y Humanidades | UNC\",\"publisher\":{\"@id\":\"https:\/\/ffyh.unc.edu.ar\/ciffyh\/#organization\"},\"potentialAction\":[{\"@type\":\"SearchAction\",\"target\":{\"@type\":\"EntryPoint\",\"urlTemplate\":\"https:\/\/ffyh.unc.edu.ar\/ciffyh\/?s={search_term_string}\"},\"query-input\":{\"@type\":\"PropertyValueSpecification\",\"valueRequired\":true,\"valueName\":\"search_term_string\"}}],\"inLanguage\":\"es\"},{\"@type\":\"Organization\",\"@id\":\"https:\/\/ffyh.unc.edu.ar\/ciffyh\/#organization\",\"name\":\"Centro de Investigaciones \\\"Maria Saleme de Burnichon\\\"\",\"url\":\"https:\/\/ffyh.unc.edu.ar\/ciffyh\/\",\"logo\":{\"@type\":\"ImageObject\",\"inLanguage\":\"es\",\"@id\":\"https:\/\/ffyh.unc.edu.ar\/ciffyh\/#\/schema\/logo\/image\/\",\"url\":\"https:\/\/ffyh.unc.edu.ar\/ciffyh\/wp-content\/uploads\/sites\/10\/2018\/02\/cropped-logo-ciffyh-ico.png\",\"contentUrl\":\"https:\/\/ffyh.unc.edu.ar\/ciffyh\/wp-content\/uploads\/sites\/10\/2018\/02\/cropped-logo-ciffyh-ico.png\",\"width\":512,\"height\":512,\"caption\":\"Centro de Investigaciones \\\"Maria Saleme de Burnichon\\\"\"},\"image\":{\"@id\":\"https:\/\/ffyh.unc.edu.ar\/ciffyh\/#\/schema\/logo\/image\/\"},\"sameAs\":[\"https:\/\/www.instagram.com\/ciffyh\/\"]},{\"@type\":\"Person\",\"@id\":\"https:\/\/ffyh.unc.edu.ar\/ciffyh\/#\/schema\/person\/e6b9f6aec95cb7437bb2fde09e23b224\",\"name\":\"\u00c1rea de Comunicaci\u00f3n - FFyH\",\"image\":{\"@type\":\"ImageObject\",\"inLanguage\":\"es\",\"@id\":\"https:\/\/ffyh.unc.edu.ar\/ciffyh\/#\/schema\/person\/image\/\",\"url\":\"https:\/\/secure.gravatar.com\/avatar\/1d896d10b19526e4cb6e972ca0f1b6719a4697e2d88742a801b88b3682d5be75?s=96&d=mm&r=g\",\"contentUrl\":\"https:\/\/secure.gravatar.com\/avatar\/1d896d10b19526e4cb6e972ca0f1b6719a4697e2d88742a801b88b3682d5be75?s=96&d=mm&r=g\",\"caption\":\"\u00c1rea de Comunicaci\u00f3n - FFyH\"},\"url\":\"https:\/\/ffyh.unc.edu.ar\/ciffyh\/author\/prensa\/\"}]}<\/script>\n<!-- \/ Yoast SEO plugin. -->","yoast_head_json":{"title":"Agenda, programa y cuarta circular \"XI Encuentro Interdisciplinario de Ciencias Sociales y Humanas: El desaf\u00edo de las desigualdades: cr\u00edtica e intervenci\u00f3n\u201d - Centro de Investigaciones &quot;Maria Saleme de Burnichon&quot;","robots":{"index":"index","follow":"follow","max-snippet":"max-snippet:-1","max-image-preview":"max-image-preview:large","max-video-preview":"max-video-preview:-1"},"canonical":"https:\/\/ffyh.unc.edu.ar\/ciffyh\/xi-encuentro-de-ciencias-sociales-y-humanas\/","og_locale":"es_ES","og_type":"article","og_title":"Agenda, programa y cuarta circular \"XI Encuentro Interdisciplinario de Ciencias Sociales y Humanas: El desaf\u00edo de las desigualdades: cr\u00edtica e intervenci\u00f3n\u201d - Centro de Investigaciones &quot;Maria Saleme de Burnichon&quot;","og_description":"Ya est\u00e1 disponible el programa completo del XI Encuentro. Tambi\u00e9n la cuarta circular donde encontrar\u00e1n informaci\u00f3n sobre la fecha de","og_url":"https:\/\/ffyh.unc.edu.ar\/ciffyh\/xi-encuentro-de-ciencias-sociales-y-humanas\/","og_site_name":"Centro de Investigaciones &quot;Maria Saleme de Burnichon&quot;","article_published_time":"2022-11-18T16:00:46+00:00","article_modified_time":"2023-09-04T20:51:03+00:00","og_image":[{"width":800,"height":445,"url":"http:\/\/ffyh.unc.edu.ar\/ciffyh\/wp-content\/uploads\/sites\/10\/2022\/11\/webPrograma.jpg","type":"image\/jpeg"}],"author":"\u00c1rea de Comunicaci\u00f3n - FFyH","twitter_card":"summary_large_image","twitter_misc":{"Escrito por":false,"Tiempo de lectura":"3 minutos"},"schema":{"@context":"https:\/\/schema.org","@graph":[{"@type":"Article","@id":"https:\/\/ffyh.unc.edu.ar\/ciffyh\/xi-encuentro-de-ciencias-sociales-y-humanas\/#article","isPartOf":{"@id":"https:\/\/ffyh.unc.edu.ar\/ciffyh\/xi-encuentro-de-ciencias-sociales-y-humanas\/"},"author":{"name":"\u00c1rea de Comunicaci\u00f3n - FFyH","@id":"https:\/\/ffyh.unc.edu.ar\/ciffyh\/#\/schema\/person\/e6b9f6aec95cb7437bb2fde09e23b224"},"headline":"Agenda, programa y cuarta circular \u00abXI Encuentro Interdisciplinario de Ciencias Sociales y Humanas: El desaf\u00edo de las desigualdades: cr\u00edtica e intervenci\u00f3n\u201d","datePublished":"2022-11-18T16:00:46+00:00","dateModified":"2023-09-04T20:51:03+00:00","mainEntityOfPage":{"@id":"https:\/\/ffyh.unc.edu.ar\/ciffyh\/xi-encuentro-de-ciencias-sociales-y-humanas\/"},"wordCount":531,"publisher":{"@id":"https:\/\/ffyh.unc.edu.ar\/ciffyh\/#organization"},"image":{"@id":"https:\/\/ffyh.unc.edu.ar\/ciffyh\/xi-encuentro-de-ciencias-sociales-y-humanas\/#primaryimage"},"thumbnailUrl":"https:\/\/ffyh.unc.edu.ar\/ciffyh\/wp-content\/uploads\/sites\/10\/2022\/11\/webPrograma.jpg","articleSection":["Encuentro Interdisciplinario CIFFyH-IDH","Encuentros","Noticias"],"inLanguage":"es"},{"@type":"WebPage","@id":"https:\/\/ffyh.unc.edu.ar\/ciffyh\/xi-encuentro-de-ciencias-sociales-y-humanas\/","url":"https:\/\/ffyh.unc.edu.ar\/ciffyh\/xi-encuentro-de-ciencias-sociales-y-humanas\/","name":"Agenda, programa y cuarta circular \"XI Encuentro Interdisciplinario de Ciencias Sociales y Humanas: El desaf\u00edo de las desigualdades: cr\u00edtica e intervenci\u00f3n\u201d - Centro de Investigaciones &quot;Maria Saleme de Burnichon&quot;","isPartOf":{"@id":"https:\/\/ffyh.unc.edu.ar\/ciffyh\/#website"},"primaryImageOfPage":{"@id":"https:\/\/ffyh.unc.edu.ar\/ciffyh\/xi-encuentro-de-ciencias-sociales-y-humanas\/#primaryimage"},"image":{"@id":"https:\/\/ffyh.unc.edu.ar\/ciffyh\/xi-encuentro-de-ciencias-sociales-y-humanas\/#primaryimage"},"thumbnailUrl":"https:\/\/ffyh.unc.edu.ar\/ciffyh\/wp-content\/uploads\/sites\/10\/2022\/11\/webPrograma.jpg","datePublished":"2022-11-18T16:00:46+00:00","dateModified":"2023-09-04T20:51:03+00:00","breadcrumb":{"@id":"https:\/\/ffyh.unc.edu.ar\/ciffyh\/xi-encuentro-de-ciencias-sociales-y-humanas\/#breadcrumb"},"inLanguage":"es","potentialAction":[{"@type":"ReadAction","target":["https:\/\/ffyh.unc.edu.ar\/ciffyh\/xi-encuentro-de-ciencias-sociales-y-humanas\/"]}]},{"@type":"ImageObject","inLanguage":"es","@id":"https:\/\/ffyh.unc.edu.ar\/ciffyh\/xi-encuentro-de-ciencias-sociales-y-humanas\/#primaryimage","url":"https:\/\/ffyh.unc.edu.ar\/ciffyh\/wp-content\/uploads\/sites\/10\/2022\/11\/webPrograma.jpg","contentUrl":"https:\/\/ffyh.unc.edu.ar\/ciffyh\/wp-content\/uploads\/sites\/10\/2022\/11\/webPrograma.jpg","width":800,"height":445},{"@type":"BreadcrumbList","@id":"https:\/\/ffyh.unc.edu.ar\/ciffyh\/xi-encuentro-de-ciencias-sociales-y-humanas\/#breadcrumb","itemListElement":[{"@type":"ListItem","position":1,"name":"Portada","item":"https:\/\/ffyh.unc.edu.ar\/ciffyh\/"},{"@type":"ListItem","position":2,"name":"Agenda, programa y cuarta circular \u00abXI Encuentro Interdisciplinario de Ciencias Sociales y Humanas: El desaf\u00edo de las desigualdades: cr\u00edtica e intervenci\u00f3n\u201d"}]},{"@type":"WebSite","@id":"https:\/\/ffyh.unc.edu.ar\/ciffyh\/#website","url":"https:\/\/ffyh.unc.edu.ar\/ciffyh\/","name":"Centro de Investigaciones \"Maria Saleme de Burnichon\"","description":"Facultad de Filosof\u00eda y Humanidades | UNC","publisher":{"@id":"https:\/\/ffyh.unc.edu.ar\/ciffyh\/#organization"},"potentialAction":[{"@type":"SearchAction","target":{"@type":"EntryPoint","urlTemplate":"https:\/\/ffyh.unc.edu.ar\/ciffyh\/?s={search_term_string}"},"query-input":{"@type":"PropertyValueSpecification","valueRequired":true,"valueName":"search_term_string"}}],"inLanguage":"es"},{"@type":"Organization","@id":"https:\/\/ffyh.unc.edu.ar\/ciffyh\/#organization","name":"Centro de Investigaciones \"Maria Saleme de Burnichon\"","url":"https:\/\/ffyh.unc.edu.ar\/ciffyh\/","logo":{"@type":"ImageObject","inLanguage":"es","@id":"https:\/\/ffyh.unc.edu.ar\/ciffyh\/#\/schema\/logo\/image\/","url":"https:\/\/ffyh.unc.edu.ar\/ciffyh\/wp-content\/uploads\/sites\/10\/2018\/02\/cropped-logo-ciffyh-ico.png","contentUrl":"https:\/\/ffyh.unc.edu.ar\/ciffyh\/wp-content\/uploads\/sites\/10\/2018\/02\/cropped-logo-ciffyh-ico.png","width":512,"height":512,"caption":"Centro de Investigaciones \"Maria Saleme de Burnichon\""},"image":{"@id":"https:\/\/ffyh.unc.edu.ar\/ciffyh\/#\/schema\/logo\/image\/"},"sameAs":["https:\/\/www.instagram.com\/ciffyh\/"]},{"@type":"Person","@id":"https:\/\/ffyh.unc.edu.ar\/ciffyh\/#\/schema\/person\/e6b9f6aec95cb7437bb2fde09e23b224","name":"\u00c1rea de Comunicaci\u00f3n - FFyH","image":{"@type":"ImageObject","inLanguage":"es","@id":"https:\/\/ffyh.unc.edu.ar\/ciffyh\/#\/schema\/person\/image\/","url":"https:\/\/secure.gravatar.com\/avatar\/1d896d10b19526e4cb6e972ca0f1b6719a4697e2d88742a801b88b3682d5be75?s=96&d=mm&r=g","contentUrl":"https:\/\/secure.gravatar.com\/avatar\/1d896d10b19526e4cb6e972ca0f1b6719a4697e2d88742a801b88b3682d5be75?s=96&d=mm&r=g","caption":"\u00c1rea de Comunicaci\u00f3n - FFyH"},"url":"https:\/\/ffyh.unc.edu.ar\/ciffyh\/author\/prensa\/"}]}},"jetpack_featured_media_url":"https:\/\/ffyh.unc.edu.ar\/ciffyh\/wp-content\/uploads\/sites\/10\/2022\/11\/webPrograma.jpg","_links":{"self":[{"href":"https:\/\/ffyh.unc.edu.ar\/ciffyh\/wp-json\/wp\/v2\/posts\/4880","targetHints":{"allow":["GET"]}}],"collection":[{"href":"https:\/\/ffyh.unc.edu.ar\/ciffyh\/wp-json\/wp\/v2\/posts"}],"about":[{"href":"https:\/\/ffyh.unc.edu.ar\/ciffyh\/wp-json\/wp\/v2\/types\/post"}],"author":[{"embeddable":true,"href":"https:\/\/ffyh.unc.edu.ar\/ciffyh\/wp-json\/wp\/v2\/users\/2"}],"replies":[{"embeddable":true,"href":"https:\/\/ffyh.unc.edu.ar\/ciffyh\/wp-json\/wp\/v2\/comments?post=4880"}],"version-history":[{"count":21,"href":"https:\/\/ffyh.unc.edu.ar\/ciffyh\/wp-json\/wp\/v2\/posts\/4880\/revisions"}],"predecessor-version":[{"id":5376,"href":"https:\/\/ffyh.unc.edu.ar\/ciffyh\/wp-json\/wp\/v2\/posts\/4880\/revisions\/5376"}],"wp:featuredmedia":[{"embeddable":true,"href":"https:\/\/ffyh.unc.edu.ar\/ciffyh\/wp-json\/wp\/v2\/media\/5344"}],"wp:attachment":[{"href":"https:\/\/ffyh.unc.edu.ar\/ciffyh\/wp-json\/wp\/v2\/media?parent=4880"}],"wp:term":[{"taxonomy":"category","embeddable":true,"href":"https:\/\/ffyh.unc.edu.ar\/ciffyh\/wp-json\/wp\/v2\/categories?post=4880"},{"taxonomy":"post_tag","embeddable":true,"href":"https:\/\/ffyh.unc.edu.ar\/ciffyh\/wp-json\/wp\/v2\/tags?post=4880"}],"curies":[{"name":"wp","href":"https:\/\/api.w.org\/{rel}","templated":true}]}}