{"id":5095,"date":"2022-09-07T16:15:07","date_gmt":"2022-09-07T16:15:07","guid":{"rendered":"https:\/\/ffyh.unc.edu.ar\/ciffyh\/?p=5095"},"modified":"2022-12-19T17:52:29","modified_gmt":"2022-12-19T17:52:29","slug":"nuevo-numero-de-la-revista-cuadernos-de-historia-serie-economia-y-sociedad","status":"publish","type":"post","link":"https:\/\/ffyh.unc.edu.ar\/ciffyh\/nuevo-numero-de-la-revista-cuadernos-de-historia-serie-economia-y-sociedad\/","title":{"rendered":"Nuevo n\u00famero de la revista Cuadernos de Historia. Serie Econom\u00eda y Sociedad"},"content":{"rendered":"<p><em>Ya se encuentra publicado el n\u00famero 29 de la Revista del \u00c1rea Historia del CIFFyH. Adem\u00e1s, hasta el 30 de septiembre se encuentra abierta la convocatoria para la pr\u00f3xima edici\u00f3n.<\/em><\/p>\n<p><img decoding=\"async\" class=\"wp-image-5096 alignright\" src=\"http:\/\/ffyh.unc.edu.ar\/ciffyh\/wp-content\/uploads\/sites\/10\/2022\/09\/cuadernos-209x300.png\" alt=\"\" width=\"169\" height=\"243\" srcset=\"https:\/\/ffyh.unc.edu.ar\/ciffyh\/wp-content\/uploads\/sites\/10\/2022\/09\/cuadernos-209x300.png 209w, https:\/\/ffyh.unc.edu.ar\/ciffyh\/wp-content\/uploads\/sites\/10\/2022\/09\/cuadernos-715x1024.png 715w, https:\/\/ffyh.unc.edu.ar\/ciffyh\/wp-content\/uploads\/sites\/10\/2022\/09\/cuadernos-768x1100.png 768w, https:\/\/ffyh.unc.edu.ar\/ciffyh\/wp-content\/uploads\/sites\/10\/2022\/09\/cuadernos-1072x1536.png 1072w, https:\/\/ffyh.unc.edu.ar\/ciffyh\/wp-content\/uploads\/sites\/10\/2022\/09\/cuadernos.png 1155w\" sizes=\"(max-width: 169px) 100vw, 169px\" \/><\/p>\n<p>Cuadernos de Historia. Serie Econom\u00eda y Sociedad es una publicaci\u00f3n semestral del \u00c1rea Historia del Centro de Investigaciones \u201cMar\u00eda Saleme Burnichon\u201d de la Facultad de Filosof\u00eda y Humanidades de la Universidad Nacional de C\u00f3rdoba.<\/p>\n<p>En el n\u00famero 29 la revista propone el dossier \u201cExilios latinoamericanos y solidaridad transnacional durante la Guerra Fr\u00eda\u201d coordinado por Maria Cl\u00e1udia Badan Ribeiro de la Universidad Estatal de Campinas y Mario Ayala de la Universidad Nacional de Tierra del Fuego.<\/p>\n<p>Pueden encontrar el n\u00famero completo en: <a href=\"https:\/\/revistas.unc.edu.ar\/index.php\/cuadernosdehistoriaeys\/issue\/view\/2574\">https:\/\/revistas.unc.edu.ar\/index.php\/cuadernosdehistoriaeys\/issue\/view\/2574<\/a><\/p>\n<p><strong>Convocatoria para el n\u00famero 30<\/strong><\/p>\n<p>Hasta el 30 de septiembre de 2022 se reciben contribuciones para el n\u00famero 30 de la revista Cuadernos de Historia. Para esta edici\u00f3n, el Dossier es de tem\u00e1tica libre. Las propuestas recibir\u00e1n el mismo proceso de evaluaci\u00f3n que los art\u00edculos por entrada libre.<\/p>\n<p>La organizaci\u00f3n del dossier implicar\u00e1 el compromiso por parte de sus coordinadores de cumplir con las normas de presentaci\u00f3n y gu\u00eda de estilos de la Revista. El dossier debe incluir al menos 5 art\u00edculos m\u00e1s una presentaci\u00f3n que integre los trabajos.<\/p>\n<p><em><strong>Art\u00edculos<\/strong><\/em><br \/>\nTem\u00e1tica libre: trabajos originales sobre investigaciones vinculadas a problem\u00e1ticas tratadas desde las perspectivas m\u00e1s actuales de la disciplina hist\u00f3rica.<\/p>\n<p><em><strong>Rese\u00f1as<\/strong><\/em><br \/>\nLibros publicados desde el a\u00f1o 2019 en adelante. Tambi\u00e9n se reciben rese\u00f1as cr\u00edticas o relecturas de obras cl\u00e1sicas de la historiograf\u00eda.<\/p>\n<p>Los manuscritos para todas las secciones pueden ser presentados en castellano, ingl\u00e9s o portugu\u00e9s.<br \/>\nCuadernos de Historia. Serie Econom\u00eda y Sociedad es una publicaci\u00f3n semestral del \u00c1rea Historia del Centro de Investigaciones \u201cMar\u00eda Saleme Burnichon\u201d de la Facultad de Filosof\u00eda y Humanidades de la Universidad Nacional de C\u00f3rdoba. Indexada en Latindex 2.0; DOAJ; CLASE y ERIH plus. En proceso de evaluaci\u00f3n para N\u00facleo B\u00e1sico de Revistas Cient\u00edficas (CAYCIT)<\/p>\n<p>Normas editoriales y directrices para autores: <a href=\"https:\/\/revistas.unc.edu.ar\/index.php\/cuadernosdehistoriaeys\/\">https:\/\/revistas.unc.edu.ar\/index.php\/cuadernosdehistoriaeys\/<\/a><\/p>\n<p>Consultas: cuadernosh@ffyh.unc.edu.ar<\/p>\n<blockquote class=\"wp-embedded-content\" data-secret=\"YLh5ZUzqDx\"><p><a href=\"https:\/\/ffyh.unc.edu.ar\/ciffyh\/convocatoria-de-la-revista-cuadernos-de-historia-serie-economia-y-sociedad-6\/\">Convocatoria de la revista Cuadernos de Historia. Serie Econom\u00eda y Sociedad<\/a><\/p><\/blockquote>\n<p><iframe class=\"wp-embedded-content\" sandbox=\"allow-scripts\" security=\"restricted\" style=\"position: absolute; clip: rect(1px, 1px, 1px, 1px);\" title=\"\u00abConvocatoria de la revista Cuadernos de Historia. Serie Econom\u00eda y Sociedad\u00bb \u2014 Centro de Investigaciones &quot;Maria Saleme de Burnichon&quot;\" src=\"https:\/\/ffyh.unc.edu.ar\/ciffyh\/convocatoria-de-la-revista-cuadernos-de-historia-serie-economia-y-sociedad-6\/embed\/#?secret=oEiiFRDgS3#?secret=YLh5ZUzqDx\" data-secret=\"YLh5ZUzqDx\" width=\"600\" height=\"338\" frameborder=\"0\" marginwidth=\"0\" marginheight=\"0\" scrolling=\"no\"><\/iframe><\/p>\n","protected":false},"excerpt":{"rendered":"<p>Ya se encuentra publicado el n\u00famero 29 de la Revista del \u00c1rea Historia del CIFFyH. Adem\u00e1s, hasta el 30 de<\/p>\n","protected":false},"author":39,"featured_media":5098,"comment_status":"closed","ping_status":"closed","sticky":false,"template":"","format":"standard","meta":{"_acf_changed":false,"colormag_page_container_layout":"default_layout","colormag_page_sidebar_layout":"default_layout","footnotes":""},"categories":[8],"tags":[],"class_list":["post-5095","post","type-post","status-publish","format-standard","has-post-thumbnail","hentry","category-noticias"],"acf":[],"yoast_head":"<!-- This site is optimized with the Yoast SEO plugin v27.1.1 - https:\/\/yoast.com\/product\/yoast-seo-wordpress\/ -->\n<title>Nuevo n\u00famero de la revista Cuadernos de Historia. Serie Econom\u00eda y Sociedad - Centro de Investigaciones &quot;Maria Saleme de Burnichon&quot;<\/title>\n<meta name=\"robots\" content=\"index, follow, max-snippet:-1, max-image-preview:large, max-video-preview:-1\" \/>\n<link rel=\"canonical\" href=\"https:\/\/ffyh.unc.edu.ar\/ciffyh\/nuevo-numero-de-la-revista-cuadernos-de-historia-serie-economia-y-sociedad\/\" \/>\n<meta property=\"og:locale\" content=\"es_ES\" \/>\n<meta property=\"og:type\" content=\"article\" \/>\n<meta property=\"og:title\" content=\"Nuevo n\u00famero de la revista Cuadernos de Historia. Serie Econom\u00eda y Sociedad - Centro de Investigaciones &quot;Maria Saleme de Burnichon&quot;\" \/>\n<meta property=\"og:description\" content=\"Ya se encuentra publicado el n\u00famero 29 de la Revista del \u00c1rea Historia del CIFFyH. Adem\u00e1s, hasta el 30 de\" \/>\n<meta property=\"og:url\" content=\"https:\/\/ffyh.unc.edu.ar\/ciffyh\/nuevo-numero-de-la-revista-cuadernos-de-historia-serie-economia-y-sociedad\/\" \/>\n<meta property=\"og:site_name\" content=\"Centro de Investigaciones &quot;Maria Saleme de Burnichon&quot;\" \/>\n<meta property=\"article:published_time\" content=\"2022-09-07T16:15:07+00:00\" \/>\n<meta property=\"article:modified_time\" content=\"2022-12-19T17:52:29+00:00\" \/>\n<meta property=\"og:image\" content=\"https:\/\/ffyh.unc.edu.ar\/ciffyh\/wp-content\/uploads\/sites\/10\/2022\/09\/cuadernosdehistoria.jpg\" \/>\n\t<meta property=\"og:image:width\" content=\"800\" \/>\n\t<meta property=\"og:image:height\" content=\"445\" \/>\n\t<meta property=\"og:image:type\" content=\"image\/jpeg\" \/>\n<meta name=\"author\" content=\"tecnicaciffyh\" \/>\n<meta name=\"twitter:card\" content=\"summary_large_image\" \/>\n<meta name=\"twitter:label1\" content=\"Escrito por\" \/>\n\t<meta name=\"twitter:data1\" content=\"\" \/>\n\t<meta name=\"twitter:label2\" content=\"Tiempo de lectura\" \/>\n\t<meta name=\"twitter:data2\" content=\"2 minutos\" \/>\n<script type=\"application\/ld+json\" class=\"yoast-schema-graph\">{\"@context\":\"https:\/\/schema.org\",\"@graph\":[{\"@type\":\"Article\",\"@id\":\"https:\/\/ffyh.unc.edu.ar\/ciffyh\/nuevo-numero-de-la-revista-cuadernos-de-historia-serie-economia-y-sociedad\/#article\",\"isPartOf\":{\"@id\":\"https:\/\/ffyh.unc.edu.ar\/ciffyh\/nuevo-numero-de-la-revista-cuadernos-de-historia-serie-economia-y-sociedad\/\"},\"author\":{\"name\":\"tecnicaciffyh\",\"@id\":\"https:\/\/ffyh.unc.edu.ar\/ciffyh\/#\/schema\/person\/136b8e7d00e5053aff43b3dc53e99bc0\"},\"headline\":\"Nuevo n\u00famero de la revista Cuadernos de Historia. Serie Econom\u00eda y Sociedad\",\"datePublished\":\"2022-09-07T16:15:07+00:00\",\"dateModified\":\"2022-12-19T17:52:29+00:00\",\"mainEntityOfPage\":{\"@id\":\"https:\/\/ffyh.unc.edu.ar\/ciffyh\/nuevo-numero-de-la-revista-cuadernos-de-historia-serie-economia-y-sociedad\/\"},\"wordCount\":402,\"publisher\":{\"@id\":\"https:\/\/ffyh.unc.edu.ar\/ciffyh\/#organization\"},\"image\":{\"@id\":\"https:\/\/ffyh.unc.edu.ar\/ciffyh\/nuevo-numero-de-la-revista-cuadernos-de-historia-serie-economia-y-sociedad\/#primaryimage\"},\"thumbnailUrl\":\"https:\/\/ffyh.unc.edu.ar\/ciffyh\/wp-content\/uploads\/sites\/10\/2022\/09\/cuadernosdehistoria.jpg\",\"articleSection\":[\"Noticias\"],\"inLanguage\":\"es\"},{\"@type\":\"WebPage\",\"@id\":\"https:\/\/ffyh.unc.edu.ar\/ciffyh\/nuevo-numero-de-la-revista-cuadernos-de-historia-serie-economia-y-sociedad\/\",\"url\":\"https:\/\/ffyh.unc.edu.ar\/ciffyh\/nuevo-numero-de-la-revista-cuadernos-de-historia-serie-economia-y-sociedad\/\",\"name\":\"Nuevo n\u00famero de la revista Cuadernos de Historia. Serie Econom\u00eda y Sociedad - Centro de Investigaciones &quot;Maria Saleme de Burnichon&quot;\",\"isPartOf\":{\"@id\":\"https:\/\/ffyh.unc.edu.ar\/ciffyh\/#website\"},\"primaryImageOfPage\":{\"@id\":\"https:\/\/ffyh.unc.edu.ar\/ciffyh\/nuevo-numero-de-la-revista-cuadernos-de-historia-serie-economia-y-sociedad\/#primaryimage\"},\"image\":{\"@id\":\"https:\/\/ffyh.unc.edu.ar\/ciffyh\/nuevo-numero-de-la-revista-cuadernos-de-historia-serie-economia-y-sociedad\/#primaryimage\"},\"thumbnailUrl\":\"https:\/\/ffyh.unc.edu.ar\/ciffyh\/wp-content\/uploads\/sites\/10\/2022\/09\/cuadernosdehistoria.jpg\",\"datePublished\":\"2022-09-07T16:15:07+00:00\",\"dateModified\":\"2022-12-19T17:52:29+00:00\",\"breadcrumb\":{\"@id\":\"https:\/\/ffyh.unc.edu.ar\/ciffyh\/nuevo-numero-de-la-revista-cuadernos-de-historia-serie-economia-y-sociedad\/#breadcrumb\"},\"inLanguage\":\"es\",\"potentialAction\":[{\"@type\":\"ReadAction\",\"target\":[\"https:\/\/ffyh.unc.edu.ar\/ciffyh\/nuevo-numero-de-la-revista-cuadernos-de-historia-serie-economia-y-sociedad\/\"]}]},{\"@type\":\"ImageObject\",\"inLanguage\":\"es\",\"@id\":\"https:\/\/ffyh.unc.edu.ar\/ciffyh\/nuevo-numero-de-la-revista-cuadernos-de-historia-serie-economia-y-sociedad\/#primaryimage\",\"url\":\"https:\/\/ffyh.unc.edu.ar\/ciffyh\/wp-content\/uploads\/sites\/10\/2022\/09\/cuadernosdehistoria.jpg\",\"contentUrl\":\"https:\/\/ffyh.unc.edu.ar\/ciffyh\/wp-content\/uploads\/sites\/10\/2022\/09\/cuadernosdehistoria.jpg\",\"width\":800,\"height\":445},{\"@type\":\"BreadcrumbList\",\"@id\":\"https:\/\/ffyh.unc.edu.ar\/ciffyh\/nuevo-numero-de-la-revista-cuadernos-de-historia-serie-economia-y-sociedad\/#breadcrumb\",\"itemListElement\":[{\"@type\":\"ListItem\",\"position\":1,\"name\":\"Portada\",\"item\":\"https:\/\/ffyh.unc.edu.ar\/ciffyh\/\"},{\"@type\":\"ListItem\",\"position\":2,\"name\":\"Nuevo n\u00famero de la revista Cuadernos de Historia. Serie Econom\u00eda y Sociedad\"}]},{\"@type\":\"WebSite\",\"@id\":\"https:\/\/ffyh.unc.edu.ar\/ciffyh\/#website\",\"url\":\"https:\/\/ffyh.unc.edu.ar\/ciffyh\/\",\"name\":\"Centro de Investigaciones \\\"Maria Saleme de Burnichon\\\"\",\"description\":\"Facultad de Filosof\u00eda y Humanidades | UNC\",\"publisher\":{\"@id\":\"https:\/\/ffyh.unc.edu.ar\/ciffyh\/#organization\"},\"potentialAction\":[{\"@type\":\"SearchAction\",\"target\":{\"@type\":\"EntryPoint\",\"urlTemplate\":\"https:\/\/ffyh.unc.edu.ar\/ciffyh\/?s={search_term_string}\"},\"query-input\":{\"@type\":\"PropertyValueSpecification\",\"valueRequired\":true,\"valueName\":\"search_term_string\"}}],\"inLanguage\":\"es\"},{\"@type\":\"Organization\",\"@id\":\"https:\/\/ffyh.unc.edu.ar\/ciffyh\/#organization\",\"name\":\"Centro de Investigaciones \\\"Maria Saleme de Burnichon\\\"\",\"url\":\"https:\/\/ffyh.unc.edu.ar\/ciffyh\/\",\"logo\":{\"@type\":\"ImageObject\",\"inLanguage\":\"es\",\"@id\":\"https:\/\/ffyh.unc.edu.ar\/ciffyh\/#\/schema\/logo\/image\/\",\"url\":\"https:\/\/ffyh.unc.edu.ar\/ciffyh\/wp-content\/uploads\/sites\/10\/2018\/02\/cropped-logo-ciffyh-ico.png\",\"contentUrl\":\"https:\/\/ffyh.unc.edu.ar\/ciffyh\/wp-content\/uploads\/sites\/10\/2018\/02\/cropped-logo-ciffyh-ico.png\",\"width\":512,\"height\":512,\"caption\":\"Centro de Investigaciones \\\"Maria Saleme de Burnichon\\\"\"},\"image\":{\"@id\":\"https:\/\/ffyh.unc.edu.ar\/ciffyh\/#\/schema\/logo\/image\/\"},\"sameAs\":[\"https:\/\/www.instagram.com\/ciffyh\/\"]},{\"@type\":\"Person\",\"@id\":\"https:\/\/ffyh.unc.edu.ar\/ciffyh\/#\/schema\/person\/136b8e7d00e5053aff43b3dc53e99bc0\",\"name\":\"tecnicaciffyh\",\"image\":{\"@type\":\"ImageObject\",\"inLanguage\":\"es\",\"@id\":\"https:\/\/ffyh.unc.edu.ar\/ciffyh\/#\/schema\/person\/image\/\",\"url\":\"https:\/\/secure.gravatar.com\/avatar\/dce86f5e9bf49e3aa9e05e7ed5904a9112e25483e3c8f175eb93b2f53a67c2e4?s=96&d=mm&r=g\",\"contentUrl\":\"https:\/\/secure.gravatar.com\/avatar\/dce86f5e9bf49e3aa9e05e7ed5904a9112e25483e3c8f175eb93b2f53a67c2e4?s=96&d=mm&r=g\",\"caption\":\"tecnicaciffyh\"},\"url\":\"https:\/\/ffyh.unc.edu.ar\/ciffyh\/author\/tecnicaciffyh\/\"}]}<\/script>\n<!-- \/ Yoast SEO plugin. -->","yoast_head_json":{"title":"Nuevo n\u00famero de la revista Cuadernos de Historia. Serie Econom\u00eda y Sociedad - Centro de Investigaciones &quot;Maria Saleme de Burnichon&quot;","robots":{"index":"index","follow":"follow","max-snippet":"max-snippet:-1","max-image-preview":"max-image-preview:large","max-video-preview":"max-video-preview:-1"},"canonical":"https:\/\/ffyh.unc.edu.ar\/ciffyh\/nuevo-numero-de-la-revista-cuadernos-de-historia-serie-economia-y-sociedad\/","og_locale":"es_ES","og_type":"article","og_title":"Nuevo n\u00famero de la revista Cuadernos de Historia. Serie Econom\u00eda y Sociedad - Centro de Investigaciones &quot;Maria Saleme de Burnichon&quot;","og_description":"Ya se encuentra publicado el n\u00famero 29 de la Revista del \u00c1rea Historia del CIFFyH. Adem\u00e1s, hasta el 30 de","og_url":"https:\/\/ffyh.unc.edu.ar\/ciffyh\/nuevo-numero-de-la-revista-cuadernos-de-historia-serie-economia-y-sociedad\/","og_site_name":"Centro de Investigaciones &quot;Maria Saleme de Burnichon&quot;","article_published_time":"2022-09-07T16:15:07+00:00","article_modified_time":"2022-12-19T17:52:29+00:00","og_image":[{"width":800,"height":445,"url":"https:\/\/ffyh.unc.edu.ar\/ciffyh\/wp-content\/uploads\/sites\/10\/2022\/09\/cuadernosdehistoria.jpg","type":"image\/jpeg"}],"author":"tecnicaciffyh","twitter_card":"summary_large_image","twitter_misc":{"Escrito por":false,"Tiempo de lectura":"2 minutos"},"schema":{"@context":"https:\/\/schema.org","@graph":[{"@type":"Article","@id":"https:\/\/ffyh.unc.edu.ar\/ciffyh\/nuevo-numero-de-la-revista-cuadernos-de-historia-serie-economia-y-sociedad\/#article","isPartOf":{"@id":"https:\/\/ffyh.unc.edu.ar\/ciffyh\/nuevo-numero-de-la-revista-cuadernos-de-historia-serie-economia-y-sociedad\/"},"author":{"name":"tecnicaciffyh","@id":"https:\/\/ffyh.unc.edu.ar\/ciffyh\/#\/schema\/person\/136b8e7d00e5053aff43b3dc53e99bc0"},"headline":"Nuevo n\u00famero de la revista Cuadernos de Historia. Serie Econom\u00eda y Sociedad","datePublished":"2022-09-07T16:15:07+00:00","dateModified":"2022-12-19T17:52:29+00:00","mainEntityOfPage":{"@id":"https:\/\/ffyh.unc.edu.ar\/ciffyh\/nuevo-numero-de-la-revista-cuadernos-de-historia-serie-economia-y-sociedad\/"},"wordCount":402,"publisher":{"@id":"https:\/\/ffyh.unc.edu.ar\/ciffyh\/#organization"},"image":{"@id":"https:\/\/ffyh.unc.edu.ar\/ciffyh\/nuevo-numero-de-la-revista-cuadernos-de-historia-serie-economia-y-sociedad\/#primaryimage"},"thumbnailUrl":"https:\/\/ffyh.unc.edu.ar\/ciffyh\/wp-content\/uploads\/sites\/10\/2022\/09\/cuadernosdehistoria.jpg","articleSection":["Noticias"],"inLanguage":"es"},{"@type":"WebPage","@id":"https:\/\/ffyh.unc.edu.ar\/ciffyh\/nuevo-numero-de-la-revista-cuadernos-de-historia-serie-economia-y-sociedad\/","url":"https:\/\/ffyh.unc.edu.ar\/ciffyh\/nuevo-numero-de-la-revista-cuadernos-de-historia-serie-economia-y-sociedad\/","name":"Nuevo n\u00famero de la revista Cuadernos de Historia. Serie Econom\u00eda y Sociedad - Centro de Investigaciones &quot;Maria Saleme de Burnichon&quot;","isPartOf":{"@id":"https:\/\/ffyh.unc.edu.ar\/ciffyh\/#website"},"primaryImageOfPage":{"@id":"https:\/\/ffyh.unc.edu.ar\/ciffyh\/nuevo-numero-de-la-revista-cuadernos-de-historia-serie-economia-y-sociedad\/#primaryimage"},"image":{"@id":"https:\/\/ffyh.unc.edu.ar\/ciffyh\/nuevo-numero-de-la-revista-cuadernos-de-historia-serie-economia-y-sociedad\/#primaryimage"},"thumbnailUrl":"https:\/\/ffyh.unc.edu.ar\/ciffyh\/wp-content\/uploads\/sites\/10\/2022\/09\/cuadernosdehistoria.jpg","datePublished":"2022-09-07T16:15:07+00:00","dateModified":"2022-12-19T17:52:29+00:00","breadcrumb":{"@id":"https:\/\/ffyh.unc.edu.ar\/ciffyh\/nuevo-numero-de-la-revista-cuadernos-de-historia-serie-economia-y-sociedad\/#breadcrumb"},"inLanguage":"es","potentialAction":[{"@type":"ReadAction","target":["https:\/\/ffyh.unc.edu.ar\/ciffyh\/nuevo-numero-de-la-revista-cuadernos-de-historia-serie-economia-y-sociedad\/"]}]},{"@type":"ImageObject","inLanguage":"es","@id":"https:\/\/ffyh.unc.edu.ar\/ciffyh\/nuevo-numero-de-la-revista-cuadernos-de-historia-serie-economia-y-sociedad\/#primaryimage","url":"https:\/\/ffyh.unc.edu.ar\/ciffyh\/wp-content\/uploads\/sites\/10\/2022\/09\/cuadernosdehistoria.jpg","contentUrl":"https:\/\/ffyh.unc.edu.ar\/ciffyh\/wp-content\/uploads\/sites\/10\/2022\/09\/cuadernosdehistoria.jpg","width":800,"height":445},{"@type":"BreadcrumbList","@id":"https:\/\/ffyh.unc.edu.ar\/ciffyh\/nuevo-numero-de-la-revista-cuadernos-de-historia-serie-economia-y-sociedad\/#breadcrumb","itemListElement":[{"@type":"ListItem","position":1,"name":"Portada","item":"https:\/\/ffyh.unc.edu.ar\/ciffyh\/"},{"@type":"ListItem","position":2,"name":"Nuevo n\u00famero de la revista Cuadernos de Historia. Serie Econom\u00eda y Sociedad"}]},{"@type":"WebSite","@id":"https:\/\/ffyh.unc.edu.ar\/ciffyh\/#website","url":"https:\/\/ffyh.unc.edu.ar\/ciffyh\/","name":"Centro de Investigaciones \"Maria Saleme de Burnichon\"","description":"Facultad de Filosof\u00eda y Humanidades | UNC","publisher":{"@id":"https:\/\/ffyh.unc.edu.ar\/ciffyh\/#organization"},"potentialAction":[{"@type":"SearchAction","target":{"@type":"EntryPoint","urlTemplate":"https:\/\/ffyh.unc.edu.ar\/ciffyh\/?s={search_term_string}"},"query-input":{"@type":"PropertyValueSpecification","valueRequired":true,"valueName":"search_term_string"}}],"inLanguage":"es"},{"@type":"Organization","@id":"https:\/\/ffyh.unc.edu.ar\/ciffyh\/#organization","name":"Centro de Investigaciones \"Maria Saleme de Burnichon\"","url":"https:\/\/ffyh.unc.edu.ar\/ciffyh\/","logo":{"@type":"ImageObject","inLanguage":"es","@id":"https:\/\/ffyh.unc.edu.ar\/ciffyh\/#\/schema\/logo\/image\/","url":"https:\/\/ffyh.unc.edu.ar\/ciffyh\/wp-content\/uploads\/sites\/10\/2018\/02\/cropped-logo-ciffyh-ico.png","contentUrl":"https:\/\/ffyh.unc.edu.ar\/ciffyh\/wp-content\/uploads\/sites\/10\/2018\/02\/cropped-logo-ciffyh-ico.png","width":512,"height":512,"caption":"Centro de Investigaciones \"Maria Saleme de Burnichon\""},"image":{"@id":"https:\/\/ffyh.unc.edu.ar\/ciffyh\/#\/schema\/logo\/image\/"},"sameAs":["https:\/\/www.instagram.com\/ciffyh\/"]},{"@type":"Person","@id":"https:\/\/ffyh.unc.edu.ar\/ciffyh\/#\/schema\/person\/136b8e7d00e5053aff43b3dc53e99bc0","name":"tecnicaciffyh","image":{"@type":"ImageObject","inLanguage":"es","@id":"https:\/\/ffyh.unc.edu.ar\/ciffyh\/#\/schema\/person\/image\/","url":"https:\/\/secure.gravatar.com\/avatar\/dce86f5e9bf49e3aa9e05e7ed5904a9112e25483e3c8f175eb93b2f53a67c2e4?s=96&d=mm&r=g","contentUrl":"https:\/\/secure.gravatar.com\/avatar\/dce86f5e9bf49e3aa9e05e7ed5904a9112e25483e3c8f175eb93b2f53a67c2e4?s=96&d=mm&r=g","caption":"tecnicaciffyh"},"url":"https:\/\/ffyh.unc.edu.ar\/ciffyh\/author\/tecnicaciffyh\/"}]}},"jetpack_featured_media_url":"https:\/\/ffyh.unc.edu.ar\/ciffyh\/wp-content\/uploads\/sites\/10\/2022\/09\/cuadernosdehistoria.jpg","_links":{"self":[{"href":"https:\/\/ffyh.unc.edu.ar\/ciffyh\/wp-json\/wp\/v2\/posts\/5095","targetHints":{"allow":["GET"]}}],"collection":[{"href":"https:\/\/ffyh.unc.edu.ar\/ciffyh\/wp-json\/wp\/v2\/posts"}],"about":[{"href":"https:\/\/ffyh.unc.edu.ar\/ciffyh\/wp-json\/wp\/v2\/types\/post"}],"author":[{"embeddable":true,"href":"https:\/\/ffyh.unc.edu.ar\/ciffyh\/wp-json\/wp\/v2\/users\/39"}],"replies":[{"embeddable":true,"href":"https:\/\/ffyh.unc.edu.ar\/ciffyh\/wp-json\/wp\/v2\/comments?post=5095"}],"version-history":[{"count":2,"href":"https:\/\/ffyh.unc.edu.ar\/ciffyh\/wp-json\/wp\/v2\/posts\/5095\/revisions"}],"predecessor-version":[{"id":5100,"href":"https:\/\/ffyh.unc.edu.ar\/ciffyh\/wp-json\/wp\/v2\/posts\/5095\/revisions\/5100"}],"wp:featuredmedia":[{"embeddable":true,"href":"https:\/\/ffyh.unc.edu.ar\/ciffyh\/wp-json\/wp\/v2\/media\/5098"}],"wp:attachment":[{"href":"https:\/\/ffyh.unc.edu.ar\/ciffyh\/wp-json\/wp\/v2\/media?parent=5095"}],"wp:term":[{"taxonomy":"category","embeddable":true,"href":"https:\/\/ffyh.unc.edu.ar\/ciffyh\/wp-json\/wp\/v2\/categories?post=5095"},{"taxonomy":"post_tag","embeddable":true,"href":"https:\/\/ffyh.unc.edu.ar\/ciffyh\/wp-json\/wp\/v2\/tags?post=5095"}],"curies":[{"name":"wp","href":"https:\/\/api.w.org\/{rel}","templated":true}]}}