{"id":5222,"date":"2022-10-04T19:15:06","date_gmt":"2022-10-04T19:15:06","guid":{"rendered":"https:\/\/ffyh.unc.edu.ar\/ciffyh\/?p=5222"},"modified":"2022-10-04T19:20:07","modified_gmt":"2022-10-04T19:20:07","slug":"pre-jornadas-de-extension-xi-encuentro","status":"publish","type":"post","link":"https:\/\/ffyh.unc.edu.ar\/ciffyh\/pre-jornadas-de-extension-xi-encuentro\/","title":{"rendered":"Pre-Jornadas de Extensi\u00f3n: Construir conocimiento CON los territorios. Desaf\u00edos extensionistas de la universidad p\u00fablica"},"content":{"rendered":"<p><em>La Secretar\u00eda de Extensi\u00f3n \u00a0invita a participar de las Pre- Jornadas de Extensi\u00f3n de la Facultad de Filosof\u00eda y Humanidades: Construir conocimiento CON los territorios. Desaf\u00edos extensionistas de la universidad p\u00fablica, que se desarrollar\u00e1n en el marco del XI Encuentro Interdisciplinario de Ciencias Sociales y Humanas. El desaf\u00edo de las desigualdades: cr\u00edtica e intervenci\u00f3n, organizado por el CIFFyH y el IDH UNC-CONICET<\/em><\/p>\n<p><!--more-->Las Pre- Jornadas son una <strong>instancia previa a las Jornadas de Extensi\u00f3n de la FFyH<\/strong>, que se desarrollar\u00e1n en 2023 y se plantean con la intenci\u00f3n expl\u00edcita de pensar la construcci\u00f3n de conocimiento desde la integralidad de funciones.<\/p>\n<p>Comprendemos la extensi\u00f3n universitaria en la universidad p\u00fablica como un modo de construcci\u00f3n conjunta de conocimientos, donde se tensionan saberes y estructuras disciplinares e institucionales, en un v\u00ednculo que se centra en el trabajo con otres sujetes sociales con la intenci\u00f3n de modificar, de modo consensuado, realidades y problem\u00e1ticas que afectan a las comunidades.<\/p>\n<p>Desde este marco, compartimos algunas preguntas que orientar\u00e1n la Pre Jornada:<\/p>\n<ul>\n<li>\u00bfC\u00f3mo pensamos metodol\u00f3gicamente las intervenciones extensionistas para construir espacios diversos y plurales?<\/li>\n<li>\u00bfC\u00f3mo entendemos la extensi\u00f3n en tanto espacio de construcci\u00f3n de conocimientos?<\/li>\n<li>\u00bfCu\u00e1les son las potencialidades y limitaciones como universitaries en el trabajo extensionista?<\/li>\n<li>\u00bfC\u00f3mo lo que construimos desde extensi\u00f3n afecta y modifica a la instituci\u00f3n universitaria?<\/li>\n<\/ul>\n<p><strong>Modalidad de participaci\u00f3n<\/strong><\/p>\n<p>Las personas interesadas deber\u00e1n:<\/p>\n<ul>\n<li>Completar el formulario de inscripci\u00f3n<\/li>\n<li>Enviar un resumen ampliado de m\u00e1ximo 400 palabras (sin incluir bibliograf\u00eda) en el que se planteen reflexiones en torno a las preguntas propuestas en la descripci\u00f3n del taller, enriqueci\u00e9ndolas desde sus experiencias territoriales previas (no excluyente).<\/li>\n<li>Indicar en la parte superior del resumen el nombre y apellido de les autores, pertenencia institucional o grupo\/comunidad\/instituci\u00f3n u organizaci\u00f3n de referencia.<\/li>\n<li>Cantidad m\u00e1xima de personas por presentaci\u00f3n escrita: 4 (cuatro).<\/li>\n<li>Enviar el resumen ampliado a la direcci\u00f3n de correo electr\u00f3nico extension@ffyh.unc.edu.ar indicando en el asunto del mail \u201cResumen ampliado para las Pre-Jornadas de Extensi\u00f3n\u201d.<\/li>\n<\/ul>\n<p><strong>Fecha de las Pre-Jornadas: 1 de diciembre de 2022 de 16 a 19hs.<\/strong><\/p>\n<p><strong>\u00bfQui\u00e9nes pueden participar?<\/strong><\/p>\n<p>Personas y equipos con experiencias territoriales o todes aquelles interesades en la tem\u00e1tica.<\/p>\n<p>Las Pre-Jornadas se encontrar\u00e1n abiertas tambi\u00e9n a quienes deseen participar sin presentar escrito previamente, en calidad de asistentes.<\/p>\n<p><strong>Fecha l\u00edmite para el env\u00edo de escritos: lunes 7 de noviembre de 2022.<\/strong><\/p>\n<p>Se entregar\u00e1n certificados a les expositores y asistentes.<\/p>\n<p>Pod\u00e9s acceder a la informaci\u00f3n completa en la Circular de las Pre-Jornadas de Extensi\u00f3n<\/p>\n<blockquote><p><a href=\"http:\/\/ffyh.unc.edu.ar\/extension\/wp-content\/uploads\/sites\/2\/2022\/10\/Circular-PRE-JORNADAS-DE-EXTENSION-EN-EL-XI-ENCUENTRO-CIFFYH.pdf\" target=\"_blank\" rel=\"noopener\">Descargar Circular Pre-Jornadas de Extensi\u00f3n<\/a><\/p><\/blockquote>\n<p><img fetchpriority=\"high\" decoding=\"async\" class=\"alignnone wp-image-5223 size-full\" src=\"http:\/\/ffyh.unc.edu.ar\/ciffyh\/wp-content\/uploads\/sites\/10\/2022\/10\/FlyerPrejornadasExtension.jpg\" alt=\"\" width=\"1000\" height=\"1000\" srcset=\"https:\/\/ffyh.unc.edu.ar\/ciffyh\/wp-content\/uploads\/sites\/10\/2022\/10\/FlyerPrejornadasExtension.jpg 1000w, https:\/\/ffyh.unc.edu.ar\/ciffyh\/wp-content\/uploads\/sites\/10\/2022\/10\/FlyerPrejornadasExtension-300x300.jpg 300w, https:\/\/ffyh.unc.edu.ar\/ciffyh\/wp-content\/uploads\/sites\/10\/2022\/10\/FlyerPrejornadasExtension-150x150.jpg 150w, https:\/\/ffyh.unc.edu.ar\/ciffyh\/wp-content\/uploads\/sites\/10\/2022\/10\/FlyerPrejornadasExtension-768x768.jpg 768w\" sizes=\"(max-width: 1000px) 100vw, 1000px\" \/><\/p>\n<blockquote class=\"wp-embedded-content\" data-secret=\"Rn1u7cpqE2\"><p><a href=\"https:\/\/ffyh.unc.edu.ar\/ciffyh\/xi-encuentro-de-ciencias-sociales-y-humanas\/\">Pr\u00f3rroga para el env\u00edo de res\u00famenes ampliados | XI Encuentro Interdisciplinario de Ciencias Sociales y Humanas \u201cEl desaf\u00edo de las desigualdades: cr\u00edtica e intervenci\u00f3n\u201d<\/a><\/p><\/blockquote>\n<p><iframe class=\"wp-embedded-content\" sandbox=\"allow-scripts\" security=\"restricted\" style=\"position: absolute; clip: rect(1px, 1px, 1px, 1px);\" title=\"\u00abPr\u00f3rroga para el env\u00edo de res\u00famenes ampliados | XI Encuentro Interdisciplinario de Ciencias Sociales y Humanas \u201cEl desaf\u00edo de las desigualdades: cr\u00edtica e intervenci\u00f3n\u201d\u00bb \u2014 Centro de Investigaciones &quot;Maria Saleme de Burnichon&quot;\" src=\"https:\/\/ffyh.unc.edu.ar\/ciffyh\/xi-encuentro-de-ciencias-sociales-y-humanas\/embed\/#?secret=tZy89gX8qI#?secret=Rn1u7cpqE2\" data-secret=\"Rn1u7cpqE2\" width=\"600\" height=\"338\" frameborder=\"0\" marginwidth=\"0\" marginheight=\"0\" scrolling=\"no\"><\/iframe><\/p>\n","protected":false},"excerpt":{"rendered":"<p>La Secretar\u00eda de Extensi\u00f3n \u00a0invita a participar de las Pre- Jornadas de Extensi\u00f3n de la Facultad de Filosof\u00eda y Humanidades:<\/p>\n","protected":false},"author":39,"featured_media":5224,"comment_status":"closed","ping_status":"closed","sticky":false,"template":"","format":"standard","meta":{"_acf_changed":false,"colormag_page_container_layout":"default_layout","colormag_page_sidebar_layout":"default_layout","footnotes":""},"categories":[8],"tags":[],"class_list":["post-5222","post","type-post","status-publish","format-standard","has-post-thumbnail","hentry","category-noticias"],"acf":[],"yoast_head":"<!-- This site is optimized with the Yoast SEO plugin v27.1.1 - https:\/\/yoast.com\/product\/yoast-seo-wordpress\/ -->\n<title>Pre-Jornadas de Extensi\u00f3n: Construir conocimiento CON los territorios. Desaf\u00edos extensionistas de la universidad p\u00fablica - Centro de Investigaciones &quot;Maria Saleme de Burnichon&quot;<\/title>\n<meta name=\"robots\" content=\"index, follow, max-snippet:-1, max-image-preview:large, max-video-preview:-1\" \/>\n<link rel=\"canonical\" href=\"https:\/\/ffyh.unc.edu.ar\/ciffyh\/pre-jornadas-de-extension-xi-encuentro\/\" \/>\n<meta property=\"og:locale\" content=\"es_ES\" \/>\n<meta property=\"og:type\" content=\"article\" \/>\n<meta property=\"og:title\" content=\"Pre-Jornadas de Extensi\u00f3n: Construir conocimiento CON los territorios. Desaf\u00edos extensionistas de la universidad p\u00fablica - Centro de Investigaciones &quot;Maria Saleme de Burnichon&quot;\" \/>\n<meta property=\"og:description\" content=\"La Secretar\u00eda de Extensi\u00f3n \u00a0invita a participar de las Pre- Jornadas de Extensi\u00f3n de la Facultad de Filosof\u00eda y Humanidades:\" \/>\n<meta property=\"og:url\" content=\"https:\/\/ffyh.unc.edu.ar\/ciffyh\/pre-jornadas-de-extension-xi-encuentro\/\" \/>\n<meta property=\"og:site_name\" content=\"Centro de Investigaciones &quot;Maria Saleme de Burnichon&quot;\" \/>\n<meta property=\"article:published_time\" content=\"2022-10-04T19:15:06+00:00\" \/>\n<meta property=\"article:modified_time\" content=\"2022-10-04T19:20:07+00:00\" \/>\n<meta property=\"og:image\" content=\"https:\/\/ffyh.unc.edu.ar\/ciffyh\/wp-content\/uploads\/sites\/10\/2022\/10\/web_prejornadasextension.jpg\" \/>\n\t<meta property=\"og:image:width\" content=\"800\" \/>\n\t<meta property=\"og:image:height\" content=\"445\" \/>\n\t<meta property=\"og:image:type\" content=\"image\/jpeg\" \/>\n<meta name=\"author\" content=\"tecnicaciffyh\" \/>\n<meta name=\"twitter:card\" content=\"summary_large_image\" \/>\n<meta name=\"twitter:label1\" content=\"Escrito por\" \/>\n\t<meta name=\"twitter:data1\" content=\"\" \/>\n\t<meta name=\"twitter:label2\" content=\"Tiempo de lectura\" \/>\n\t<meta name=\"twitter:data2\" content=\"2 minutos\" \/>\n<script type=\"application\/ld+json\" class=\"yoast-schema-graph\">{\"@context\":\"https:\/\/schema.org\",\"@graph\":[{\"@type\":\"Article\",\"@id\":\"https:\/\/ffyh.unc.edu.ar\/ciffyh\/pre-jornadas-de-extension-xi-encuentro\/#article\",\"isPartOf\":{\"@id\":\"https:\/\/ffyh.unc.edu.ar\/ciffyh\/pre-jornadas-de-extension-xi-encuentro\/\"},\"author\":{\"name\":\"tecnicaciffyh\",\"@id\":\"https:\/\/ffyh.unc.edu.ar\/ciffyh\/#\/schema\/person\/136b8e7d00e5053aff43b3dc53e99bc0\"},\"headline\":\"Pre-Jornadas de Extensi\u00f3n: Construir conocimiento CON los territorios. Desaf\u00edos extensionistas de la universidad p\u00fablica\",\"datePublished\":\"2022-10-04T19:15:06+00:00\",\"dateModified\":\"2022-10-04T19:20:07+00:00\",\"mainEntityOfPage\":{\"@id\":\"https:\/\/ffyh.unc.edu.ar\/ciffyh\/pre-jornadas-de-extension-xi-encuentro\/\"},\"wordCount\":481,\"publisher\":{\"@id\":\"https:\/\/ffyh.unc.edu.ar\/ciffyh\/#organization\"},\"image\":{\"@id\":\"https:\/\/ffyh.unc.edu.ar\/ciffyh\/pre-jornadas-de-extension-xi-encuentro\/#primaryimage\"},\"thumbnailUrl\":\"https:\/\/ffyh.unc.edu.ar\/ciffyh\/wp-content\/uploads\/sites\/10\/2022\/10\/web_prejornadasextension.jpg\",\"articleSection\":[\"Noticias\"],\"inLanguage\":\"es\"},{\"@type\":\"WebPage\",\"@id\":\"https:\/\/ffyh.unc.edu.ar\/ciffyh\/pre-jornadas-de-extension-xi-encuentro\/\",\"url\":\"https:\/\/ffyh.unc.edu.ar\/ciffyh\/pre-jornadas-de-extension-xi-encuentro\/\",\"name\":\"Pre-Jornadas de Extensi\u00f3n: Construir conocimiento CON los territorios. Desaf\u00edos extensionistas de la universidad p\u00fablica - Centro de Investigaciones &quot;Maria Saleme de Burnichon&quot;\",\"isPartOf\":{\"@id\":\"https:\/\/ffyh.unc.edu.ar\/ciffyh\/#website\"},\"primaryImageOfPage\":{\"@id\":\"https:\/\/ffyh.unc.edu.ar\/ciffyh\/pre-jornadas-de-extension-xi-encuentro\/#primaryimage\"},\"image\":{\"@id\":\"https:\/\/ffyh.unc.edu.ar\/ciffyh\/pre-jornadas-de-extension-xi-encuentro\/#primaryimage\"},\"thumbnailUrl\":\"https:\/\/ffyh.unc.edu.ar\/ciffyh\/wp-content\/uploads\/sites\/10\/2022\/10\/web_prejornadasextension.jpg\",\"datePublished\":\"2022-10-04T19:15:06+00:00\",\"dateModified\":\"2022-10-04T19:20:07+00:00\",\"breadcrumb\":{\"@id\":\"https:\/\/ffyh.unc.edu.ar\/ciffyh\/pre-jornadas-de-extension-xi-encuentro\/#breadcrumb\"},\"inLanguage\":\"es\",\"potentialAction\":[{\"@type\":\"ReadAction\",\"target\":[\"https:\/\/ffyh.unc.edu.ar\/ciffyh\/pre-jornadas-de-extension-xi-encuentro\/\"]}]},{\"@type\":\"ImageObject\",\"inLanguage\":\"es\",\"@id\":\"https:\/\/ffyh.unc.edu.ar\/ciffyh\/pre-jornadas-de-extension-xi-encuentro\/#primaryimage\",\"url\":\"https:\/\/ffyh.unc.edu.ar\/ciffyh\/wp-content\/uploads\/sites\/10\/2022\/10\/web_prejornadasextension.jpg\",\"contentUrl\":\"https:\/\/ffyh.unc.edu.ar\/ciffyh\/wp-content\/uploads\/sites\/10\/2022\/10\/web_prejornadasextension.jpg\",\"width\":800,\"height\":445},{\"@type\":\"BreadcrumbList\",\"@id\":\"https:\/\/ffyh.unc.edu.ar\/ciffyh\/pre-jornadas-de-extension-xi-encuentro\/#breadcrumb\",\"itemListElement\":[{\"@type\":\"ListItem\",\"position\":1,\"name\":\"Portada\",\"item\":\"https:\/\/ffyh.unc.edu.ar\/ciffyh\/\"},{\"@type\":\"ListItem\",\"position\":2,\"name\":\"Pre-Jornadas de Extensi\u00f3n: Construir conocimiento CON los territorios. Desaf\u00edos extensionistas de la universidad p\u00fablica\"}]},{\"@type\":\"WebSite\",\"@id\":\"https:\/\/ffyh.unc.edu.ar\/ciffyh\/#website\",\"url\":\"https:\/\/ffyh.unc.edu.ar\/ciffyh\/\",\"name\":\"Centro de Investigaciones \\\"Maria Saleme de Burnichon\\\"\",\"description\":\"Facultad de Filosof\u00eda y Humanidades | UNC\",\"publisher\":{\"@id\":\"https:\/\/ffyh.unc.edu.ar\/ciffyh\/#organization\"},\"potentialAction\":[{\"@type\":\"SearchAction\",\"target\":{\"@type\":\"EntryPoint\",\"urlTemplate\":\"https:\/\/ffyh.unc.edu.ar\/ciffyh\/?s={search_term_string}\"},\"query-input\":{\"@type\":\"PropertyValueSpecification\",\"valueRequired\":true,\"valueName\":\"search_term_string\"}}],\"inLanguage\":\"es\"},{\"@type\":\"Organization\",\"@id\":\"https:\/\/ffyh.unc.edu.ar\/ciffyh\/#organization\",\"name\":\"Centro de Investigaciones \\\"Maria Saleme de Burnichon\\\"\",\"url\":\"https:\/\/ffyh.unc.edu.ar\/ciffyh\/\",\"logo\":{\"@type\":\"ImageObject\",\"inLanguage\":\"es\",\"@id\":\"https:\/\/ffyh.unc.edu.ar\/ciffyh\/#\/schema\/logo\/image\/\",\"url\":\"https:\/\/ffyh.unc.edu.ar\/ciffyh\/wp-content\/uploads\/sites\/10\/2018\/02\/cropped-logo-ciffyh-ico.png\",\"contentUrl\":\"https:\/\/ffyh.unc.edu.ar\/ciffyh\/wp-content\/uploads\/sites\/10\/2018\/02\/cropped-logo-ciffyh-ico.png\",\"width\":512,\"height\":512,\"caption\":\"Centro de Investigaciones \\\"Maria Saleme de Burnichon\\\"\"},\"image\":{\"@id\":\"https:\/\/ffyh.unc.edu.ar\/ciffyh\/#\/schema\/logo\/image\/\"},\"sameAs\":[\"https:\/\/www.instagram.com\/ciffyh\/\"]},{\"@type\":\"Person\",\"@id\":\"https:\/\/ffyh.unc.edu.ar\/ciffyh\/#\/schema\/person\/136b8e7d00e5053aff43b3dc53e99bc0\",\"name\":\"tecnicaciffyh\",\"image\":{\"@type\":\"ImageObject\",\"inLanguage\":\"es\",\"@id\":\"https:\/\/ffyh.unc.edu.ar\/ciffyh\/#\/schema\/person\/image\/\",\"url\":\"https:\/\/secure.gravatar.com\/avatar\/dce86f5e9bf49e3aa9e05e7ed5904a9112e25483e3c8f175eb93b2f53a67c2e4?s=96&d=mm&r=g\",\"contentUrl\":\"https:\/\/secure.gravatar.com\/avatar\/dce86f5e9bf49e3aa9e05e7ed5904a9112e25483e3c8f175eb93b2f53a67c2e4?s=96&d=mm&r=g\",\"caption\":\"tecnicaciffyh\"},\"url\":\"https:\/\/ffyh.unc.edu.ar\/ciffyh\/author\/tecnicaciffyh\/\"}]}<\/script>\n<!-- \/ Yoast SEO plugin. -->","yoast_head_json":{"title":"Pre-Jornadas de Extensi\u00f3n: Construir conocimiento CON los territorios. Desaf\u00edos extensionistas de la universidad p\u00fablica - Centro de Investigaciones &quot;Maria Saleme de Burnichon&quot;","robots":{"index":"index","follow":"follow","max-snippet":"max-snippet:-1","max-image-preview":"max-image-preview:large","max-video-preview":"max-video-preview:-1"},"canonical":"https:\/\/ffyh.unc.edu.ar\/ciffyh\/pre-jornadas-de-extension-xi-encuentro\/","og_locale":"es_ES","og_type":"article","og_title":"Pre-Jornadas de Extensi\u00f3n: Construir conocimiento CON los territorios. Desaf\u00edos extensionistas de la universidad p\u00fablica - Centro de Investigaciones &quot;Maria Saleme de Burnichon&quot;","og_description":"La Secretar\u00eda de Extensi\u00f3n \u00a0invita a participar de las Pre- Jornadas de Extensi\u00f3n de la Facultad de Filosof\u00eda y Humanidades:","og_url":"https:\/\/ffyh.unc.edu.ar\/ciffyh\/pre-jornadas-de-extension-xi-encuentro\/","og_site_name":"Centro de Investigaciones &quot;Maria Saleme de Burnichon&quot;","article_published_time":"2022-10-04T19:15:06+00:00","article_modified_time":"2022-10-04T19:20:07+00:00","og_image":[{"width":800,"height":445,"url":"https:\/\/ffyh.unc.edu.ar\/ciffyh\/wp-content\/uploads\/sites\/10\/2022\/10\/web_prejornadasextension.jpg","type":"image\/jpeg"}],"author":"tecnicaciffyh","twitter_card":"summary_large_image","twitter_misc":{"Escrito por":false,"Tiempo de lectura":"2 minutos"},"schema":{"@context":"https:\/\/schema.org","@graph":[{"@type":"Article","@id":"https:\/\/ffyh.unc.edu.ar\/ciffyh\/pre-jornadas-de-extension-xi-encuentro\/#article","isPartOf":{"@id":"https:\/\/ffyh.unc.edu.ar\/ciffyh\/pre-jornadas-de-extension-xi-encuentro\/"},"author":{"name":"tecnicaciffyh","@id":"https:\/\/ffyh.unc.edu.ar\/ciffyh\/#\/schema\/person\/136b8e7d00e5053aff43b3dc53e99bc0"},"headline":"Pre-Jornadas de Extensi\u00f3n: Construir conocimiento CON los territorios. Desaf\u00edos extensionistas de la universidad p\u00fablica","datePublished":"2022-10-04T19:15:06+00:00","dateModified":"2022-10-04T19:20:07+00:00","mainEntityOfPage":{"@id":"https:\/\/ffyh.unc.edu.ar\/ciffyh\/pre-jornadas-de-extension-xi-encuentro\/"},"wordCount":481,"publisher":{"@id":"https:\/\/ffyh.unc.edu.ar\/ciffyh\/#organization"},"image":{"@id":"https:\/\/ffyh.unc.edu.ar\/ciffyh\/pre-jornadas-de-extension-xi-encuentro\/#primaryimage"},"thumbnailUrl":"https:\/\/ffyh.unc.edu.ar\/ciffyh\/wp-content\/uploads\/sites\/10\/2022\/10\/web_prejornadasextension.jpg","articleSection":["Noticias"],"inLanguage":"es"},{"@type":"WebPage","@id":"https:\/\/ffyh.unc.edu.ar\/ciffyh\/pre-jornadas-de-extension-xi-encuentro\/","url":"https:\/\/ffyh.unc.edu.ar\/ciffyh\/pre-jornadas-de-extension-xi-encuentro\/","name":"Pre-Jornadas de Extensi\u00f3n: Construir conocimiento CON los territorios. Desaf\u00edos extensionistas de la universidad p\u00fablica - Centro de Investigaciones &quot;Maria Saleme de Burnichon&quot;","isPartOf":{"@id":"https:\/\/ffyh.unc.edu.ar\/ciffyh\/#website"},"primaryImageOfPage":{"@id":"https:\/\/ffyh.unc.edu.ar\/ciffyh\/pre-jornadas-de-extension-xi-encuentro\/#primaryimage"},"image":{"@id":"https:\/\/ffyh.unc.edu.ar\/ciffyh\/pre-jornadas-de-extension-xi-encuentro\/#primaryimage"},"thumbnailUrl":"https:\/\/ffyh.unc.edu.ar\/ciffyh\/wp-content\/uploads\/sites\/10\/2022\/10\/web_prejornadasextension.jpg","datePublished":"2022-10-04T19:15:06+00:00","dateModified":"2022-10-04T19:20:07+00:00","breadcrumb":{"@id":"https:\/\/ffyh.unc.edu.ar\/ciffyh\/pre-jornadas-de-extension-xi-encuentro\/#breadcrumb"},"inLanguage":"es","potentialAction":[{"@type":"ReadAction","target":["https:\/\/ffyh.unc.edu.ar\/ciffyh\/pre-jornadas-de-extension-xi-encuentro\/"]}]},{"@type":"ImageObject","inLanguage":"es","@id":"https:\/\/ffyh.unc.edu.ar\/ciffyh\/pre-jornadas-de-extension-xi-encuentro\/#primaryimage","url":"https:\/\/ffyh.unc.edu.ar\/ciffyh\/wp-content\/uploads\/sites\/10\/2022\/10\/web_prejornadasextension.jpg","contentUrl":"https:\/\/ffyh.unc.edu.ar\/ciffyh\/wp-content\/uploads\/sites\/10\/2022\/10\/web_prejornadasextension.jpg","width":800,"height":445},{"@type":"BreadcrumbList","@id":"https:\/\/ffyh.unc.edu.ar\/ciffyh\/pre-jornadas-de-extension-xi-encuentro\/#breadcrumb","itemListElement":[{"@type":"ListItem","position":1,"name":"Portada","item":"https:\/\/ffyh.unc.edu.ar\/ciffyh\/"},{"@type":"ListItem","position":2,"name":"Pre-Jornadas de Extensi\u00f3n: Construir conocimiento CON los territorios. Desaf\u00edos extensionistas de la universidad p\u00fablica"}]},{"@type":"WebSite","@id":"https:\/\/ffyh.unc.edu.ar\/ciffyh\/#website","url":"https:\/\/ffyh.unc.edu.ar\/ciffyh\/","name":"Centro de Investigaciones \"Maria Saleme de Burnichon\"","description":"Facultad de Filosof\u00eda y Humanidades | UNC","publisher":{"@id":"https:\/\/ffyh.unc.edu.ar\/ciffyh\/#organization"},"potentialAction":[{"@type":"SearchAction","target":{"@type":"EntryPoint","urlTemplate":"https:\/\/ffyh.unc.edu.ar\/ciffyh\/?s={search_term_string}"},"query-input":{"@type":"PropertyValueSpecification","valueRequired":true,"valueName":"search_term_string"}}],"inLanguage":"es"},{"@type":"Organization","@id":"https:\/\/ffyh.unc.edu.ar\/ciffyh\/#organization","name":"Centro de Investigaciones \"Maria Saleme de Burnichon\"","url":"https:\/\/ffyh.unc.edu.ar\/ciffyh\/","logo":{"@type":"ImageObject","inLanguage":"es","@id":"https:\/\/ffyh.unc.edu.ar\/ciffyh\/#\/schema\/logo\/image\/","url":"https:\/\/ffyh.unc.edu.ar\/ciffyh\/wp-content\/uploads\/sites\/10\/2018\/02\/cropped-logo-ciffyh-ico.png","contentUrl":"https:\/\/ffyh.unc.edu.ar\/ciffyh\/wp-content\/uploads\/sites\/10\/2018\/02\/cropped-logo-ciffyh-ico.png","width":512,"height":512,"caption":"Centro de Investigaciones \"Maria Saleme de Burnichon\""},"image":{"@id":"https:\/\/ffyh.unc.edu.ar\/ciffyh\/#\/schema\/logo\/image\/"},"sameAs":["https:\/\/www.instagram.com\/ciffyh\/"]},{"@type":"Person","@id":"https:\/\/ffyh.unc.edu.ar\/ciffyh\/#\/schema\/person\/136b8e7d00e5053aff43b3dc53e99bc0","name":"tecnicaciffyh","image":{"@type":"ImageObject","inLanguage":"es","@id":"https:\/\/ffyh.unc.edu.ar\/ciffyh\/#\/schema\/person\/image\/","url":"https:\/\/secure.gravatar.com\/avatar\/dce86f5e9bf49e3aa9e05e7ed5904a9112e25483e3c8f175eb93b2f53a67c2e4?s=96&d=mm&r=g","contentUrl":"https:\/\/secure.gravatar.com\/avatar\/dce86f5e9bf49e3aa9e05e7ed5904a9112e25483e3c8f175eb93b2f53a67c2e4?s=96&d=mm&r=g","caption":"tecnicaciffyh"},"url":"https:\/\/ffyh.unc.edu.ar\/ciffyh\/author\/tecnicaciffyh\/"}]}},"jetpack_featured_media_url":"https:\/\/ffyh.unc.edu.ar\/ciffyh\/wp-content\/uploads\/sites\/10\/2022\/10\/web_prejornadasextension.jpg","_links":{"self":[{"href":"https:\/\/ffyh.unc.edu.ar\/ciffyh\/wp-json\/wp\/v2\/posts\/5222","targetHints":{"allow":["GET"]}}],"collection":[{"href":"https:\/\/ffyh.unc.edu.ar\/ciffyh\/wp-json\/wp\/v2\/posts"}],"about":[{"href":"https:\/\/ffyh.unc.edu.ar\/ciffyh\/wp-json\/wp\/v2\/types\/post"}],"author":[{"embeddable":true,"href":"https:\/\/ffyh.unc.edu.ar\/ciffyh\/wp-json\/wp\/v2\/users\/39"}],"replies":[{"embeddable":true,"href":"https:\/\/ffyh.unc.edu.ar\/ciffyh\/wp-json\/wp\/v2\/comments?post=5222"}],"version-history":[{"count":3,"href":"https:\/\/ffyh.unc.edu.ar\/ciffyh\/wp-json\/wp\/v2\/posts\/5222\/revisions"}],"predecessor-version":[{"id":5226,"href":"https:\/\/ffyh.unc.edu.ar\/ciffyh\/wp-json\/wp\/v2\/posts\/5222\/revisions\/5226"}],"wp:featuredmedia":[{"embeddable":true,"href":"https:\/\/ffyh.unc.edu.ar\/ciffyh\/wp-json\/wp\/v2\/media\/5224"}],"wp:attachment":[{"href":"https:\/\/ffyh.unc.edu.ar\/ciffyh\/wp-json\/wp\/v2\/media?parent=5222"}],"wp:term":[{"taxonomy":"category","embeddable":true,"href":"https:\/\/ffyh.unc.edu.ar\/ciffyh\/wp-json\/wp\/v2\/categories?post=5222"},{"taxonomy":"post_tag","embeddable":true,"href":"https:\/\/ffyh.unc.edu.ar\/ciffyh\/wp-json\/wp\/v2\/tags?post=5222"}],"curies":[{"name":"wp","href":"https:\/\/api.w.org\/{rel}","templated":true}]}}