{"id":5312,"date":"2022-11-23T20:19:02","date_gmt":"2022-11-23T20:19:02","guid":{"rendered":"https:\/\/ffyh.unc.edu.ar\/ciffyh\/?p=5312"},"modified":"2022-11-23T20:37:58","modified_gmt":"2022-11-23T20:37:58","slug":"convocatoria-pescadora-de-perlas","status":"publish","type":"post","link":"https:\/\/ffyh.unc.edu.ar\/ciffyh\/convocatoria-pescadora-de-perlas\/","title":{"rendered":"Pr\u00f3rroga de la convocatoria abierta para el segundo n\u00famero de Pescadora de perlas. Revista de estudios arendtianos"},"content":{"rendered":"<p><em>Se encuentra abierta la convocatoria para el segundo n\u00famero de \u201cPescadora de perlas. Revista de estudios arendtianos\u201d cuyo dossier titulado \u201cArendt y los Republicanismos\u201d ser\u00e1 coordinado por Paula Hunziker, Julia Smola y Carolina Rusca<\/em><br \/>\n<span id=\"more-2483\"><\/span><br \/>\nEn 2023 se cumplir\u00e1n 65 a\u00f1os de la publicaci\u00f3n de\u00a0<em>The Human Condition<\/em>\u00a0y 60 a\u00f1os de\u00a0<em>On Revolution<\/em>, ambas obras fundamentales del pensamiento pol\u00edtico de Arendt que resultan cimientos para la recuperaci\u00f3n de un singular republicanismo arendtiano. Un camino en principio inexplorado que sin embargo fue configur\u00e1ndose progresivamente como una de las perspectivas m\u00e1s significativas para el estudio hist\u00f3rico-cr\u00edtico de los conceptos pol\u00edticos nodales de la obra de nuestra autora.<\/p>\n<p>Este segundo dossier de \u201cPescadora de Perlas\u201d -titulado \u201cArendt y los Republicanismos\u201d y coordinado por Paula Hunziker, Julia Smola y Carolina Rusca-, est\u00e1 dedicado al legado republicano presente en la obra de la escritora alemana, o en otras palabras, a los elementos que nos habilitan a pensar la posibilidad de ese legado, sus alcances, sus l\u00edmites, sus fuentes.<\/p>\n<p>En efecto, a trav\u00e9s de los dos textos mencionados \u2013junto con la prol\u00edfera producci\u00f3n de escritos que las secundan\u2013 se manifiesta toda la complejidad de esta herencia arendtiana: all\u00ed coexisten y se entrelazan su an\u00e1lisis de la experiencia griega por un lado, con el anclaje moderno de sus reflexiones, sustentado en las revoluciones del siglo XVIII, por otro.<\/p>\n<p>Al mismo tiempo, como una resonancia ineludible, la lectura de Arendt de antig\u00fcedad romana: recuperada bajo lentes modernos en algunas ocasiones, la l\u00f3gica articulatoria con la que nuestra autora reconstruye la res publica romana y sus componentes heredados y redefinidos de la polis griega, constituye una piedra de toque sobre la que se montan las ideas centrales de este republicanismo arendtiano, como libertad, poder, pueblo, y participaci\u00f3n pol\u00edtica, entre otras.<\/p>\n<p>A su vez, la excepcionalidad del republicanismo arendtiano se torna a\u00fan m\u00e1s evidente a partir de las m\u00ednimas referencias \u2013cuando no ausencia, o incluso lecturas contrapuestas como la de Philip Pettit, que la ubican en las ant\u00edpodas del pensamiento republicano\u2013 a sus reflexiones te\u00f3rico-pol\u00edticas dentro de los debates entre las diversas corrientes republicanas y neorrepublicanas de finales del siglo veinte.<\/p>\n<p>En este\u00a0<em>dossier<\/em>\u00a0invitamos a enviar contribuciones que, bas\u00e1ndose en la obra arendtiana, nos permitan reflexionar acerca de la actualidad de su pensamiento sobre la rep\u00fablica como r\u00e9gimen pol\u00edtico, como as\u00ed tambi\u00e9n analizar y contribuir al esclarecimiento de las derivas de este concepto en el debate pol\u00edtico contempor\u00e1neo, con especial hincapi\u00e9 en el escenario pol\u00edtico latinoamericano, en las apropiaciones y distorsiones de las derechas regionales emergentes de este siglo, y en los supuestos contrapuntos bajo la actualizaci\u00f3n de dicotom\u00edas cl\u00e1sicas como cesarismo o anticesarismo, democracia o tiran\u00eda, rep\u00fablica o populismo.<\/p>\n<p><strong>Fecha l\u00edmite para env\u00edos:<\/strong>\u00a020 de noviembre de 2022. Se aceptar\u00e1n contribuciones s\u00f3lo para las secciones Ensayos y Notas, y Rese\u00f1as.<\/p>\n<p>Se solicita leer con detenimiento la secci\u00f3n\u00a0<a href=\"https:\/\/revistas.unc.edu.ar\/index.php\/pescadoradeperlas\/about\/submissions\">Env\u00edos<\/a>.<\/p>\n<blockquote><p><a href=\"http:\/\/ffyh.unc.edu.ar\/ciffyh\/wp-content\/uploads\/sites\/10\/2022\/11\/Pescadora-de-Perlas-Vol-2-Convocatoria-Dossier-Arendt-y-los-republicanismos.pdf\">Descargar convocatoria completa<\/a><\/p><\/blockquote>\n<p>&nbsp;<\/p>\n<p><img fetchpriority=\"high\" decoding=\"async\" class=\"alignnone wp-image-5379 size-large\" src=\"http:\/\/ffyh.unc.edu.ar\/ciffyh\/wp-content\/uploads\/sites\/10\/2022\/11\/Convocatoria-Dossier-Arendt-y-los-republicanismos-1024x1024.jpg\" alt=\"\" width=\"800\" height=\"800\" srcset=\"https:\/\/ffyh.unc.edu.ar\/ciffyh\/wp-content\/uploads\/sites\/10\/2022\/11\/Convocatoria-Dossier-Arendt-y-los-republicanismos-1024x1024.jpg 1024w, https:\/\/ffyh.unc.edu.ar\/ciffyh\/wp-content\/uploads\/sites\/10\/2022\/11\/Convocatoria-Dossier-Arendt-y-los-republicanismos-300x300.jpg 300w, https:\/\/ffyh.unc.edu.ar\/ciffyh\/wp-content\/uploads\/sites\/10\/2022\/11\/Convocatoria-Dossier-Arendt-y-los-republicanismos-150x150.jpg 150w, https:\/\/ffyh.unc.edu.ar\/ciffyh\/wp-content\/uploads\/sites\/10\/2022\/11\/Convocatoria-Dossier-Arendt-y-los-republicanismos-768x768.jpg 768w, https:\/\/ffyh.unc.edu.ar\/ciffyh\/wp-content\/uploads\/sites\/10\/2022\/11\/Convocatoria-Dossier-Arendt-y-los-republicanismos.jpg 1280w\" sizes=\"(max-width: 800px) 100vw, 800px\" \/><\/p>\n","protected":false},"excerpt":{"rendered":"<p>Se encuentra abierta la convocatoria para el segundo n\u00famero de \u201cPescadora de perlas. Revista de estudios arendtianos\u201d cuyo dossier titulado<\/p>\n","protected":false},"author":39,"featured_media":5314,"comment_status":"closed","ping_status":"closed","sticky":false,"template":"","format":"standard","meta":{"_acf_changed":false,"colormag_page_container_layout":"default_layout","colormag_page_sidebar_layout":"default_layout","footnotes":""},"categories":[1],"tags":[],"class_list":["post-5312","post","type-post","status-publish","format-standard","has-post-thumbnail","hentry","category-sin-categoria"],"acf":[],"yoast_head":"<!-- This site is optimized with the Yoast SEO plugin v27.1.1 - https:\/\/yoast.com\/product\/yoast-seo-wordpress\/ -->\n<title>Pr\u00f3rroga de la convocatoria abierta para el segundo n\u00famero de Pescadora de perlas. Revista de estudios arendtianos - Centro de Investigaciones &quot;Maria Saleme de Burnichon&quot;<\/title>\n<meta name=\"robots\" content=\"index, follow, max-snippet:-1, max-image-preview:large, max-video-preview:-1\" \/>\n<link rel=\"canonical\" href=\"https:\/\/ffyh.unc.edu.ar\/ciffyh\/convocatoria-pescadora-de-perlas\/\" \/>\n<meta property=\"og:locale\" content=\"es_ES\" \/>\n<meta property=\"og:type\" content=\"article\" \/>\n<meta property=\"og:title\" content=\"Pr\u00f3rroga de la convocatoria abierta para el segundo n\u00famero de Pescadora de perlas. Revista de estudios arendtianos - Centro de Investigaciones &quot;Maria Saleme de Burnichon&quot;\" \/>\n<meta property=\"og:description\" content=\"Se encuentra abierta la convocatoria para el segundo n\u00famero de \u201cPescadora de perlas. Revista de estudios arendtianos\u201d cuyo dossier titulado\" \/>\n<meta property=\"og:url\" content=\"https:\/\/ffyh.unc.edu.ar\/ciffyh\/convocatoria-pescadora-de-perlas\/\" \/>\n<meta property=\"og:site_name\" content=\"Centro de Investigaciones &quot;Maria Saleme de Burnichon&quot;\" \/>\n<meta property=\"article:published_time\" content=\"2022-11-23T20:19:02+00:00\" \/>\n<meta property=\"article:modified_time\" content=\"2022-11-23T20:37:58+00:00\" \/>\n<meta property=\"og:image\" content=\"https:\/\/ffyh.unc.edu.ar\/ciffyh\/wp-content\/uploads\/sites\/10\/2022\/11\/web_pescadora.jpg\" \/>\n\t<meta property=\"og:image:width\" content=\"800\" \/>\n\t<meta property=\"og:image:height\" content=\"445\" \/>\n\t<meta property=\"og:image:type\" content=\"image\/jpeg\" \/>\n<meta name=\"author\" content=\"tecnicaciffyh\" \/>\n<meta name=\"twitter:card\" content=\"summary_large_image\" \/>\n<meta name=\"twitter:label1\" content=\"Escrito por\" \/>\n\t<meta name=\"twitter:data1\" content=\"\" \/>\n\t<meta name=\"twitter:label2\" content=\"Tiempo de lectura\" \/>\n\t<meta name=\"twitter:data2\" content=\"3 minutos\" \/>\n<script type=\"application\/ld+json\" class=\"yoast-schema-graph\">{\"@context\":\"https:\/\/schema.org\",\"@graph\":[{\"@type\":\"Article\",\"@id\":\"https:\/\/ffyh.unc.edu.ar\/ciffyh\/convocatoria-pescadora-de-perlas\/#article\",\"isPartOf\":{\"@id\":\"https:\/\/ffyh.unc.edu.ar\/ciffyh\/convocatoria-pescadora-de-perlas\/\"},\"author\":{\"name\":\"tecnicaciffyh\",\"@id\":\"https:\/\/ffyh.unc.edu.ar\/ciffyh\/#\/schema\/person\/136b8e7d00e5053aff43b3dc53e99bc0\"},\"headline\":\"Pr\u00f3rroga de la convocatoria abierta para el segundo n\u00famero de Pescadora de perlas. Revista de estudios arendtianos\",\"datePublished\":\"2022-11-23T20:19:02+00:00\",\"dateModified\":\"2022-11-23T20:37:58+00:00\",\"mainEntityOfPage\":{\"@id\":\"https:\/\/ffyh.unc.edu.ar\/ciffyh\/convocatoria-pescadora-de-perlas\/\"},\"wordCount\":535,\"publisher\":{\"@id\":\"https:\/\/ffyh.unc.edu.ar\/ciffyh\/#organization\"},\"image\":{\"@id\":\"https:\/\/ffyh.unc.edu.ar\/ciffyh\/convocatoria-pescadora-de-perlas\/#primaryimage\"},\"thumbnailUrl\":\"https:\/\/ffyh.unc.edu.ar\/ciffyh\/wp-content\/uploads\/sites\/10\/2022\/11\/web_pescadora.jpg\",\"inLanguage\":\"es\"},{\"@type\":\"WebPage\",\"@id\":\"https:\/\/ffyh.unc.edu.ar\/ciffyh\/convocatoria-pescadora-de-perlas\/\",\"url\":\"https:\/\/ffyh.unc.edu.ar\/ciffyh\/convocatoria-pescadora-de-perlas\/\",\"name\":\"Pr\u00f3rroga de la convocatoria abierta para el segundo n\u00famero de Pescadora de perlas. Revista de estudios arendtianos - Centro de Investigaciones &quot;Maria Saleme de Burnichon&quot;\",\"isPartOf\":{\"@id\":\"https:\/\/ffyh.unc.edu.ar\/ciffyh\/#website\"},\"primaryImageOfPage\":{\"@id\":\"https:\/\/ffyh.unc.edu.ar\/ciffyh\/convocatoria-pescadora-de-perlas\/#primaryimage\"},\"image\":{\"@id\":\"https:\/\/ffyh.unc.edu.ar\/ciffyh\/convocatoria-pescadora-de-perlas\/#primaryimage\"},\"thumbnailUrl\":\"https:\/\/ffyh.unc.edu.ar\/ciffyh\/wp-content\/uploads\/sites\/10\/2022\/11\/web_pescadora.jpg\",\"datePublished\":\"2022-11-23T20:19:02+00:00\",\"dateModified\":\"2022-11-23T20:37:58+00:00\",\"breadcrumb\":{\"@id\":\"https:\/\/ffyh.unc.edu.ar\/ciffyh\/convocatoria-pescadora-de-perlas\/#breadcrumb\"},\"inLanguage\":\"es\",\"potentialAction\":[{\"@type\":\"ReadAction\",\"target\":[\"https:\/\/ffyh.unc.edu.ar\/ciffyh\/convocatoria-pescadora-de-perlas\/\"]}]},{\"@type\":\"ImageObject\",\"inLanguage\":\"es\",\"@id\":\"https:\/\/ffyh.unc.edu.ar\/ciffyh\/convocatoria-pescadora-de-perlas\/#primaryimage\",\"url\":\"https:\/\/ffyh.unc.edu.ar\/ciffyh\/wp-content\/uploads\/sites\/10\/2022\/11\/web_pescadora.jpg\",\"contentUrl\":\"https:\/\/ffyh.unc.edu.ar\/ciffyh\/wp-content\/uploads\/sites\/10\/2022\/11\/web_pescadora.jpg\",\"width\":800,\"height\":445},{\"@type\":\"BreadcrumbList\",\"@id\":\"https:\/\/ffyh.unc.edu.ar\/ciffyh\/convocatoria-pescadora-de-perlas\/#breadcrumb\",\"itemListElement\":[{\"@type\":\"ListItem\",\"position\":1,\"name\":\"Portada\",\"item\":\"https:\/\/ffyh.unc.edu.ar\/ciffyh\/\"},{\"@type\":\"ListItem\",\"position\":2,\"name\":\"Pr\u00f3rroga de la convocatoria abierta para el segundo n\u00famero de Pescadora de perlas. Revista de estudios arendtianos\"}]},{\"@type\":\"WebSite\",\"@id\":\"https:\/\/ffyh.unc.edu.ar\/ciffyh\/#website\",\"url\":\"https:\/\/ffyh.unc.edu.ar\/ciffyh\/\",\"name\":\"Centro de Investigaciones \\\"Maria Saleme de Burnichon\\\"\",\"description\":\"Facultad de Filosof\u00eda y Humanidades | UNC\",\"publisher\":{\"@id\":\"https:\/\/ffyh.unc.edu.ar\/ciffyh\/#organization\"},\"potentialAction\":[{\"@type\":\"SearchAction\",\"target\":{\"@type\":\"EntryPoint\",\"urlTemplate\":\"https:\/\/ffyh.unc.edu.ar\/ciffyh\/?s={search_term_string}\"},\"query-input\":{\"@type\":\"PropertyValueSpecification\",\"valueRequired\":true,\"valueName\":\"search_term_string\"}}],\"inLanguage\":\"es\"},{\"@type\":\"Organization\",\"@id\":\"https:\/\/ffyh.unc.edu.ar\/ciffyh\/#organization\",\"name\":\"Centro de Investigaciones \\\"Maria Saleme de Burnichon\\\"\",\"url\":\"https:\/\/ffyh.unc.edu.ar\/ciffyh\/\",\"logo\":{\"@type\":\"ImageObject\",\"inLanguage\":\"es\",\"@id\":\"https:\/\/ffyh.unc.edu.ar\/ciffyh\/#\/schema\/logo\/image\/\",\"url\":\"https:\/\/ffyh.unc.edu.ar\/ciffyh\/wp-content\/uploads\/sites\/10\/2018\/02\/cropped-logo-ciffyh-ico.png\",\"contentUrl\":\"https:\/\/ffyh.unc.edu.ar\/ciffyh\/wp-content\/uploads\/sites\/10\/2018\/02\/cropped-logo-ciffyh-ico.png\",\"width\":512,\"height\":512,\"caption\":\"Centro de Investigaciones \\\"Maria Saleme de Burnichon\\\"\"},\"image\":{\"@id\":\"https:\/\/ffyh.unc.edu.ar\/ciffyh\/#\/schema\/logo\/image\/\"},\"sameAs\":[\"https:\/\/www.instagram.com\/ciffyh\/\"]},{\"@type\":\"Person\",\"@id\":\"https:\/\/ffyh.unc.edu.ar\/ciffyh\/#\/schema\/person\/136b8e7d00e5053aff43b3dc53e99bc0\",\"name\":\"tecnicaciffyh\",\"image\":{\"@type\":\"ImageObject\",\"inLanguage\":\"es\",\"@id\":\"https:\/\/ffyh.unc.edu.ar\/ciffyh\/#\/schema\/person\/image\/\",\"url\":\"https:\/\/secure.gravatar.com\/avatar\/dce86f5e9bf49e3aa9e05e7ed5904a9112e25483e3c8f175eb93b2f53a67c2e4?s=96&d=mm&r=g\",\"contentUrl\":\"https:\/\/secure.gravatar.com\/avatar\/dce86f5e9bf49e3aa9e05e7ed5904a9112e25483e3c8f175eb93b2f53a67c2e4?s=96&d=mm&r=g\",\"caption\":\"tecnicaciffyh\"},\"url\":\"https:\/\/ffyh.unc.edu.ar\/ciffyh\/author\/tecnicaciffyh\/\"}]}<\/script>\n<!-- \/ Yoast SEO plugin. -->","yoast_head_json":{"title":"Pr\u00f3rroga de la convocatoria abierta para el segundo n\u00famero de Pescadora de perlas. Revista de estudios arendtianos - Centro de Investigaciones &quot;Maria Saleme de Burnichon&quot;","robots":{"index":"index","follow":"follow","max-snippet":"max-snippet:-1","max-image-preview":"max-image-preview:large","max-video-preview":"max-video-preview:-1"},"canonical":"https:\/\/ffyh.unc.edu.ar\/ciffyh\/convocatoria-pescadora-de-perlas\/","og_locale":"es_ES","og_type":"article","og_title":"Pr\u00f3rroga de la convocatoria abierta para el segundo n\u00famero de Pescadora de perlas. Revista de estudios arendtianos - Centro de Investigaciones &quot;Maria Saleme de Burnichon&quot;","og_description":"Se encuentra abierta la convocatoria para el segundo n\u00famero de \u201cPescadora de perlas. Revista de estudios arendtianos\u201d cuyo dossier titulado","og_url":"https:\/\/ffyh.unc.edu.ar\/ciffyh\/convocatoria-pescadora-de-perlas\/","og_site_name":"Centro de Investigaciones &quot;Maria Saleme de Burnichon&quot;","article_published_time":"2022-11-23T20:19:02+00:00","article_modified_time":"2022-11-23T20:37:58+00:00","og_image":[{"width":800,"height":445,"url":"https:\/\/ffyh.unc.edu.ar\/ciffyh\/wp-content\/uploads\/sites\/10\/2022\/11\/web_pescadora.jpg","type":"image\/jpeg"}],"author":"tecnicaciffyh","twitter_card":"summary_large_image","twitter_misc":{"Escrito por":false,"Tiempo de lectura":"3 minutos"},"schema":{"@context":"https:\/\/schema.org","@graph":[{"@type":"Article","@id":"https:\/\/ffyh.unc.edu.ar\/ciffyh\/convocatoria-pescadora-de-perlas\/#article","isPartOf":{"@id":"https:\/\/ffyh.unc.edu.ar\/ciffyh\/convocatoria-pescadora-de-perlas\/"},"author":{"name":"tecnicaciffyh","@id":"https:\/\/ffyh.unc.edu.ar\/ciffyh\/#\/schema\/person\/136b8e7d00e5053aff43b3dc53e99bc0"},"headline":"Pr\u00f3rroga de la convocatoria abierta para el segundo n\u00famero de Pescadora de perlas. Revista de estudios arendtianos","datePublished":"2022-11-23T20:19:02+00:00","dateModified":"2022-11-23T20:37:58+00:00","mainEntityOfPage":{"@id":"https:\/\/ffyh.unc.edu.ar\/ciffyh\/convocatoria-pescadora-de-perlas\/"},"wordCount":535,"publisher":{"@id":"https:\/\/ffyh.unc.edu.ar\/ciffyh\/#organization"},"image":{"@id":"https:\/\/ffyh.unc.edu.ar\/ciffyh\/convocatoria-pescadora-de-perlas\/#primaryimage"},"thumbnailUrl":"https:\/\/ffyh.unc.edu.ar\/ciffyh\/wp-content\/uploads\/sites\/10\/2022\/11\/web_pescadora.jpg","inLanguage":"es"},{"@type":"WebPage","@id":"https:\/\/ffyh.unc.edu.ar\/ciffyh\/convocatoria-pescadora-de-perlas\/","url":"https:\/\/ffyh.unc.edu.ar\/ciffyh\/convocatoria-pescadora-de-perlas\/","name":"Pr\u00f3rroga de la convocatoria abierta para el segundo n\u00famero de Pescadora de perlas. Revista de estudios arendtianos - Centro de Investigaciones &quot;Maria Saleme de Burnichon&quot;","isPartOf":{"@id":"https:\/\/ffyh.unc.edu.ar\/ciffyh\/#website"},"primaryImageOfPage":{"@id":"https:\/\/ffyh.unc.edu.ar\/ciffyh\/convocatoria-pescadora-de-perlas\/#primaryimage"},"image":{"@id":"https:\/\/ffyh.unc.edu.ar\/ciffyh\/convocatoria-pescadora-de-perlas\/#primaryimage"},"thumbnailUrl":"https:\/\/ffyh.unc.edu.ar\/ciffyh\/wp-content\/uploads\/sites\/10\/2022\/11\/web_pescadora.jpg","datePublished":"2022-11-23T20:19:02+00:00","dateModified":"2022-11-23T20:37:58+00:00","breadcrumb":{"@id":"https:\/\/ffyh.unc.edu.ar\/ciffyh\/convocatoria-pescadora-de-perlas\/#breadcrumb"},"inLanguage":"es","potentialAction":[{"@type":"ReadAction","target":["https:\/\/ffyh.unc.edu.ar\/ciffyh\/convocatoria-pescadora-de-perlas\/"]}]},{"@type":"ImageObject","inLanguage":"es","@id":"https:\/\/ffyh.unc.edu.ar\/ciffyh\/convocatoria-pescadora-de-perlas\/#primaryimage","url":"https:\/\/ffyh.unc.edu.ar\/ciffyh\/wp-content\/uploads\/sites\/10\/2022\/11\/web_pescadora.jpg","contentUrl":"https:\/\/ffyh.unc.edu.ar\/ciffyh\/wp-content\/uploads\/sites\/10\/2022\/11\/web_pescadora.jpg","width":800,"height":445},{"@type":"BreadcrumbList","@id":"https:\/\/ffyh.unc.edu.ar\/ciffyh\/convocatoria-pescadora-de-perlas\/#breadcrumb","itemListElement":[{"@type":"ListItem","position":1,"name":"Portada","item":"https:\/\/ffyh.unc.edu.ar\/ciffyh\/"},{"@type":"ListItem","position":2,"name":"Pr\u00f3rroga de la convocatoria abierta para el segundo n\u00famero de Pescadora de perlas. Revista de estudios arendtianos"}]},{"@type":"WebSite","@id":"https:\/\/ffyh.unc.edu.ar\/ciffyh\/#website","url":"https:\/\/ffyh.unc.edu.ar\/ciffyh\/","name":"Centro de Investigaciones \"Maria Saleme de Burnichon\"","description":"Facultad de Filosof\u00eda y Humanidades | UNC","publisher":{"@id":"https:\/\/ffyh.unc.edu.ar\/ciffyh\/#organization"},"potentialAction":[{"@type":"SearchAction","target":{"@type":"EntryPoint","urlTemplate":"https:\/\/ffyh.unc.edu.ar\/ciffyh\/?s={search_term_string}"},"query-input":{"@type":"PropertyValueSpecification","valueRequired":true,"valueName":"search_term_string"}}],"inLanguage":"es"},{"@type":"Organization","@id":"https:\/\/ffyh.unc.edu.ar\/ciffyh\/#organization","name":"Centro de Investigaciones \"Maria Saleme de Burnichon\"","url":"https:\/\/ffyh.unc.edu.ar\/ciffyh\/","logo":{"@type":"ImageObject","inLanguage":"es","@id":"https:\/\/ffyh.unc.edu.ar\/ciffyh\/#\/schema\/logo\/image\/","url":"https:\/\/ffyh.unc.edu.ar\/ciffyh\/wp-content\/uploads\/sites\/10\/2018\/02\/cropped-logo-ciffyh-ico.png","contentUrl":"https:\/\/ffyh.unc.edu.ar\/ciffyh\/wp-content\/uploads\/sites\/10\/2018\/02\/cropped-logo-ciffyh-ico.png","width":512,"height":512,"caption":"Centro de Investigaciones \"Maria Saleme de Burnichon\""},"image":{"@id":"https:\/\/ffyh.unc.edu.ar\/ciffyh\/#\/schema\/logo\/image\/"},"sameAs":["https:\/\/www.instagram.com\/ciffyh\/"]},{"@type":"Person","@id":"https:\/\/ffyh.unc.edu.ar\/ciffyh\/#\/schema\/person\/136b8e7d00e5053aff43b3dc53e99bc0","name":"tecnicaciffyh","image":{"@type":"ImageObject","inLanguage":"es","@id":"https:\/\/ffyh.unc.edu.ar\/ciffyh\/#\/schema\/person\/image\/","url":"https:\/\/secure.gravatar.com\/avatar\/dce86f5e9bf49e3aa9e05e7ed5904a9112e25483e3c8f175eb93b2f53a67c2e4?s=96&d=mm&r=g","contentUrl":"https:\/\/secure.gravatar.com\/avatar\/dce86f5e9bf49e3aa9e05e7ed5904a9112e25483e3c8f175eb93b2f53a67c2e4?s=96&d=mm&r=g","caption":"tecnicaciffyh"},"url":"https:\/\/ffyh.unc.edu.ar\/ciffyh\/author\/tecnicaciffyh\/"}]}},"jetpack_featured_media_url":"https:\/\/ffyh.unc.edu.ar\/ciffyh\/wp-content\/uploads\/sites\/10\/2022\/11\/web_pescadora.jpg","_links":{"self":[{"href":"https:\/\/ffyh.unc.edu.ar\/ciffyh\/wp-json\/wp\/v2\/posts\/5312","targetHints":{"allow":["GET"]}}],"collection":[{"href":"https:\/\/ffyh.unc.edu.ar\/ciffyh\/wp-json\/wp\/v2\/posts"}],"about":[{"href":"https:\/\/ffyh.unc.edu.ar\/ciffyh\/wp-json\/wp\/v2\/types\/post"}],"author":[{"embeddable":true,"href":"https:\/\/ffyh.unc.edu.ar\/ciffyh\/wp-json\/wp\/v2\/users\/39"}],"replies":[{"embeddable":true,"href":"https:\/\/ffyh.unc.edu.ar\/ciffyh\/wp-json\/wp\/v2\/comments?post=5312"}],"version-history":[{"count":5,"href":"https:\/\/ffyh.unc.edu.ar\/ciffyh\/wp-json\/wp\/v2\/posts\/5312\/revisions"}],"predecessor-version":[{"id":5381,"href":"https:\/\/ffyh.unc.edu.ar\/ciffyh\/wp-json\/wp\/v2\/posts\/5312\/revisions\/5381"}],"wp:featuredmedia":[{"embeddable":true,"href":"https:\/\/ffyh.unc.edu.ar\/ciffyh\/wp-json\/wp\/v2\/media\/5314"}],"wp:attachment":[{"href":"https:\/\/ffyh.unc.edu.ar\/ciffyh\/wp-json\/wp\/v2\/media?parent=5312"}],"wp:term":[{"taxonomy":"category","embeddable":true,"href":"https:\/\/ffyh.unc.edu.ar\/ciffyh\/wp-json\/wp\/v2\/categories?post=5312"},{"taxonomy":"post_tag","embeddable":true,"href":"https:\/\/ffyh.unc.edu.ar\/ciffyh\/wp-json\/wp\/v2\/tags?post=5312"}],"curies":[{"name":"wp","href":"https:\/\/api.w.org\/{rel}","templated":true}]}}