{"id":5432,"date":"2022-12-26T14:08:02","date_gmt":"2022-12-26T14:08:02","guid":{"rendered":"https:\/\/ffyh.unc.edu.ar\/ciffyh\/?p=5432"},"modified":"2022-12-26T14:08:02","modified_gmt":"2022-12-26T14:08:02","slug":"enorme-tristeza-por-el-fallecimiento-de-luis-salvatico","status":"publish","type":"post","link":"https:\/\/ffyh.unc.edu.ar\/ciffyh\/enorme-tristeza-por-el-fallecimiento-de-luis-salvatico\/","title":{"rendered":"Enorme tristeza por el fallecimiento de Luis Salvatico"},"content":{"rendered":"<p><em>Una enorme tristeza embarga a la comunidad de la Facultad de Filosof\u00eda y Humanidades. El s\u00e1bado 24 de diciembre falleci\u00f3 inesperadamente Luis Salvatico, docente de la Escuela de Filosof\u00eda y ex director de nuestro Centro de investigaciones.<\/em><\/p>\n<p><!--more--><\/p>\n<p>Luis Salvatico se desempe\u00f1\u00f3 como director del Centro de Investigaciones de la FFyH entre los a\u00f1os 2011 y 2014, y tambi\u00e9n como Secretario de Coordinaci\u00f3n durante el decanato de Gloria Edelstein, entre otras responsabilidades. Por su compromiso con la docencia, la investigaci\u00f3n y la gesti\u00f3n de la Facultad, la Decana, Flavia Dezzutto, y el Vicedecano, Sebasti\u00e1n Mu\u00f1oz, declararon duelo institucional para el d\u00eda 26 de diciembre.<\/p>\n<p>Luis era oriundo de la ciudad de San Francisco, donde curs\u00f3 sus estudios primarios y secundarios, hasta que comenz\u00f3 a estudiar la carrera de Filosof\u00eda en nuestra Facultad. \u201cDespedimos con profunda tristeza a un destacado investigador en el campo de la Historia de la Ciencia, actual coordinador del \u00e1rea L\u00f3gico-Epistemol\u00f3gica de la Escuela de Filosof\u00eda, miembro del comit\u00e9 editorial de la Revista\u00a0<em>Epistemolog\u00eda e Historia de la Ciencia<\/em>\u00a0y del comit\u00e9 organizador de las hist\u00f3ricas\u00a0<a href=\"https:\/\/ffyh.unc.edu.ar\/alfilo\/anteriores\/28\/historias-y-personajes.html\" target=\"_blank\" rel=\"noopener\">Jornadas de Epistemolog\u00eda e Historia de la Ciencia<\/a>. Querido por sus colegas, amigos y estudiantes, profesor comprometido con la Universidad p\u00fablica, con la Facultad de Filosof\u00eda y Humanidades, y, en especial, con nuestra Escuela, su muerte nos deja un legado de trabajo acad\u00e9mico e institucional que habr\u00e1 que continuar y ampliar\u201d, destacan desde la Escuela de Filosof\u00eda.<\/p>\n<p>La Facultad de Ciencias Sociales tambi\u00e9n despidi\u00f3 emotivamente a Luis, donde fue docente durante muchos a\u00f1os de la carrera de Trabajo Social. \u201cSu compromiso con la Universidad P\u00fablica, su disfrute por dar clase, su mirada cr\u00edtica, reflexiva y dial\u00f3gica frente a las decisiones acad\u00e9micas, su preocupaci\u00f3n permanente por la calidad acad\u00e9mica, su sonrisa y su humor, nos seguir\u00e1n acompa\u00f1ando en este camino\u201d, se\u00f1ala el comunicado.<\/p>\n<p>En este duro momento, enviamos nuestras condolencias a sus familiares, amigxs y compa\u00f1erxs de la FFyH.<\/p>\n","protected":false},"excerpt":{"rendered":"<p>Una enorme tristeza embarga a la comunidad de la Facultad de Filosof\u00eda y Humanidades. El s\u00e1bado 24 de diciembre falleci\u00f3<\/p>\n","protected":false},"author":39,"featured_media":5433,"comment_status":"closed","ping_status":"closed","sticky":false,"template":"","format":"standard","meta":{"_acf_changed":false,"colormag_page_container_layout":"default_layout","colormag_page_sidebar_layout":"default_layout","footnotes":""},"categories":[1],"tags":[],"class_list":["post-5432","post","type-post","status-publish","format-standard","has-post-thumbnail","hentry","category-sin-categoria"],"acf":[],"yoast_head":"<!-- This site is optimized with the Yoast SEO plugin v27.1.1 - https:\/\/yoast.com\/product\/yoast-seo-wordpress\/ -->\n<title>Enorme tristeza por el fallecimiento de Luis Salvatico - Centro de Investigaciones &quot;Maria Saleme de Burnichon&quot;<\/title>\n<meta name=\"robots\" content=\"index, follow, max-snippet:-1, max-image-preview:large, max-video-preview:-1\" \/>\n<link rel=\"canonical\" href=\"https:\/\/ffyh.unc.edu.ar\/ciffyh\/enorme-tristeza-por-el-fallecimiento-de-luis-salvatico\/\" \/>\n<meta property=\"og:locale\" content=\"es_ES\" \/>\n<meta property=\"og:type\" content=\"article\" \/>\n<meta property=\"og:title\" content=\"Enorme tristeza por el fallecimiento de Luis Salvatico - Centro de Investigaciones &quot;Maria Saleme de Burnichon&quot;\" \/>\n<meta property=\"og:description\" content=\"Una enorme tristeza embarga a la comunidad de la Facultad de Filosof\u00eda y Humanidades. El s\u00e1bado 24 de diciembre falleci\u00f3\" \/>\n<meta property=\"og:url\" content=\"https:\/\/ffyh.unc.edu.ar\/ciffyh\/enorme-tristeza-por-el-fallecimiento-de-luis-salvatico\/\" \/>\n<meta property=\"og:site_name\" content=\"Centro de Investigaciones &quot;Maria Saleme de Burnichon&quot;\" \/>\n<meta property=\"article:published_time\" content=\"2022-12-26T14:08:02+00:00\" \/>\n<meta property=\"og:image\" content=\"https:\/\/ffyh.unc.edu.ar\/ciffyh\/wp-content\/uploads\/sites\/10\/2022\/12\/luis.jpg\" \/>\n\t<meta property=\"og:image:width\" content=\"800\" \/>\n\t<meta property=\"og:image:height\" content=\"426\" \/>\n\t<meta property=\"og:image:type\" content=\"image\/jpeg\" \/>\n<meta name=\"author\" content=\"tecnicaciffyh\" \/>\n<meta name=\"twitter:card\" content=\"summary_large_image\" \/>\n<meta name=\"twitter:label1\" content=\"Escrito por\" \/>\n\t<meta name=\"twitter:data1\" content=\"\" \/>\n\t<meta name=\"twitter:label2\" content=\"Tiempo de lectura\" \/>\n\t<meta name=\"twitter:data2\" content=\"2 minutos\" \/>\n<script type=\"application\/ld+json\" class=\"yoast-schema-graph\">{\"@context\":\"https:\/\/schema.org\",\"@graph\":[{\"@type\":\"Article\",\"@id\":\"https:\/\/ffyh.unc.edu.ar\/ciffyh\/enorme-tristeza-por-el-fallecimiento-de-luis-salvatico\/#article\",\"isPartOf\":{\"@id\":\"https:\/\/ffyh.unc.edu.ar\/ciffyh\/enorme-tristeza-por-el-fallecimiento-de-luis-salvatico\/\"},\"author\":{\"name\":\"tecnicaciffyh\",\"@id\":\"https:\/\/ffyh.unc.edu.ar\/ciffyh\/#\/schema\/person\/136b8e7d00e5053aff43b3dc53e99bc0\"},\"headline\":\"Enorme tristeza por el fallecimiento de Luis Salvatico\",\"datePublished\":\"2022-12-26T14:08:02+00:00\",\"mainEntityOfPage\":{\"@id\":\"https:\/\/ffyh.unc.edu.ar\/ciffyh\/enorme-tristeza-por-el-fallecimiento-de-luis-salvatico\/\"},\"wordCount\":354,\"publisher\":{\"@id\":\"https:\/\/ffyh.unc.edu.ar\/ciffyh\/#organization\"},\"image\":{\"@id\":\"https:\/\/ffyh.unc.edu.ar\/ciffyh\/enorme-tristeza-por-el-fallecimiento-de-luis-salvatico\/#primaryimage\"},\"thumbnailUrl\":\"https:\/\/ffyh.unc.edu.ar\/ciffyh\/wp-content\/uploads\/sites\/10\/2022\/12\/luis.jpg\",\"inLanguage\":\"es\"},{\"@type\":\"WebPage\",\"@id\":\"https:\/\/ffyh.unc.edu.ar\/ciffyh\/enorme-tristeza-por-el-fallecimiento-de-luis-salvatico\/\",\"url\":\"https:\/\/ffyh.unc.edu.ar\/ciffyh\/enorme-tristeza-por-el-fallecimiento-de-luis-salvatico\/\",\"name\":\"Enorme tristeza por el fallecimiento de Luis Salvatico - Centro de Investigaciones &quot;Maria Saleme de Burnichon&quot;\",\"isPartOf\":{\"@id\":\"https:\/\/ffyh.unc.edu.ar\/ciffyh\/#website\"},\"primaryImageOfPage\":{\"@id\":\"https:\/\/ffyh.unc.edu.ar\/ciffyh\/enorme-tristeza-por-el-fallecimiento-de-luis-salvatico\/#primaryimage\"},\"image\":{\"@id\":\"https:\/\/ffyh.unc.edu.ar\/ciffyh\/enorme-tristeza-por-el-fallecimiento-de-luis-salvatico\/#primaryimage\"},\"thumbnailUrl\":\"https:\/\/ffyh.unc.edu.ar\/ciffyh\/wp-content\/uploads\/sites\/10\/2022\/12\/luis.jpg\",\"datePublished\":\"2022-12-26T14:08:02+00:00\",\"breadcrumb\":{\"@id\":\"https:\/\/ffyh.unc.edu.ar\/ciffyh\/enorme-tristeza-por-el-fallecimiento-de-luis-salvatico\/#breadcrumb\"},\"inLanguage\":\"es\",\"potentialAction\":[{\"@type\":\"ReadAction\",\"target\":[\"https:\/\/ffyh.unc.edu.ar\/ciffyh\/enorme-tristeza-por-el-fallecimiento-de-luis-salvatico\/\"]}]},{\"@type\":\"ImageObject\",\"inLanguage\":\"es\",\"@id\":\"https:\/\/ffyh.unc.edu.ar\/ciffyh\/enorme-tristeza-por-el-fallecimiento-de-luis-salvatico\/#primaryimage\",\"url\":\"https:\/\/ffyh.unc.edu.ar\/ciffyh\/wp-content\/uploads\/sites\/10\/2022\/12\/luis.jpg\",\"contentUrl\":\"https:\/\/ffyh.unc.edu.ar\/ciffyh\/wp-content\/uploads\/sites\/10\/2022\/12\/luis.jpg\",\"width\":800,\"height\":426},{\"@type\":\"BreadcrumbList\",\"@id\":\"https:\/\/ffyh.unc.edu.ar\/ciffyh\/enorme-tristeza-por-el-fallecimiento-de-luis-salvatico\/#breadcrumb\",\"itemListElement\":[{\"@type\":\"ListItem\",\"position\":1,\"name\":\"Portada\",\"item\":\"https:\/\/ffyh.unc.edu.ar\/ciffyh\/\"},{\"@type\":\"ListItem\",\"position\":2,\"name\":\"Enorme tristeza por el fallecimiento de Luis Salvatico\"}]},{\"@type\":\"WebSite\",\"@id\":\"https:\/\/ffyh.unc.edu.ar\/ciffyh\/#website\",\"url\":\"https:\/\/ffyh.unc.edu.ar\/ciffyh\/\",\"name\":\"Centro de Investigaciones \\\"Maria Saleme de Burnichon\\\"\",\"description\":\"Facultad de Filosof\u00eda y Humanidades | UNC\",\"publisher\":{\"@id\":\"https:\/\/ffyh.unc.edu.ar\/ciffyh\/#organization\"},\"potentialAction\":[{\"@type\":\"SearchAction\",\"target\":{\"@type\":\"EntryPoint\",\"urlTemplate\":\"https:\/\/ffyh.unc.edu.ar\/ciffyh\/?s={search_term_string}\"},\"query-input\":{\"@type\":\"PropertyValueSpecification\",\"valueRequired\":true,\"valueName\":\"search_term_string\"}}],\"inLanguage\":\"es\"},{\"@type\":\"Organization\",\"@id\":\"https:\/\/ffyh.unc.edu.ar\/ciffyh\/#organization\",\"name\":\"Centro de Investigaciones \\\"Maria Saleme de Burnichon\\\"\",\"url\":\"https:\/\/ffyh.unc.edu.ar\/ciffyh\/\",\"logo\":{\"@type\":\"ImageObject\",\"inLanguage\":\"es\",\"@id\":\"https:\/\/ffyh.unc.edu.ar\/ciffyh\/#\/schema\/logo\/image\/\",\"url\":\"https:\/\/ffyh.unc.edu.ar\/ciffyh\/wp-content\/uploads\/sites\/10\/2018\/02\/cropped-logo-ciffyh-ico.png\",\"contentUrl\":\"https:\/\/ffyh.unc.edu.ar\/ciffyh\/wp-content\/uploads\/sites\/10\/2018\/02\/cropped-logo-ciffyh-ico.png\",\"width\":512,\"height\":512,\"caption\":\"Centro de Investigaciones \\\"Maria Saleme de Burnichon\\\"\"},\"image\":{\"@id\":\"https:\/\/ffyh.unc.edu.ar\/ciffyh\/#\/schema\/logo\/image\/\"},\"sameAs\":[\"https:\/\/www.instagram.com\/ciffyh\/\"]},{\"@type\":\"Person\",\"@id\":\"https:\/\/ffyh.unc.edu.ar\/ciffyh\/#\/schema\/person\/136b8e7d00e5053aff43b3dc53e99bc0\",\"name\":\"tecnicaciffyh\",\"image\":{\"@type\":\"ImageObject\",\"inLanguage\":\"es\",\"@id\":\"https:\/\/ffyh.unc.edu.ar\/ciffyh\/#\/schema\/person\/image\/\",\"url\":\"https:\/\/secure.gravatar.com\/avatar\/dce86f5e9bf49e3aa9e05e7ed5904a9112e25483e3c8f175eb93b2f53a67c2e4?s=96&d=mm&r=g\",\"contentUrl\":\"https:\/\/secure.gravatar.com\/avatar\/dce86f5e9bf49e3aa9e05e7ed5904a9112e25483e3c8f175eb93b2f53a67c2e4?s=96&d=mm&r=g\",\"caption\":\"tecnicaciffyh\"},\"url\":\"https:\/\/ffyh.unc.edu.ar\/ciffyh\/author\/tecnicaciffyh\/\"}]}<\/script>\n<!-- \/ Yoast SEO plugin. -->","yoast_head_json":{"title":"Enorme tristeza por el fallecimiento de Luis Salvatico - Centro de Investigaciones &quot;Maria Saleme de Burnichon&quot;","robots":{"index":"index","follow":"follow","max-snippet":"max-snippet:-1","max-image-preview":"max-image-preview:large","max-video-preview":"max-video-preview:-1"},"canonical":"https:\/\/ffyh.unc.edu.ar\/ciffyh\/enorme-tristeza-por-el-fallecimiento-de-luis-salvatico\/","og_locale":"es_ES","og_type":"article","og_title":"Enorme tristeza por el fallecimiento de Luis Salvatico - Centro de Investigaciones &quot;Maria Saleme de Burnichon&quot;","og_description":"Una enorme tristeza embarga a la comunidad de la Facultad de Filosof\u00eda y Humanidades. El s\u00e1bado 24 de diciembre falleci\u00f3","og_url":"https:\/\/ffyh.unc.edu.ar\/ciffyh\/enorme-tristeza-por-el-fallecimiento-de-luis-salvatico\/","og_site_name":"Centro de Investigaciones &quot;Maria Saleme de Burnichon&quot;","article_published_time":"2022-12-26T14:08:02+00:00","og_image":[{"width":800,"height":426,"url":"https:\/\/ffyh.unc.edu.ar\/ciffyh\/wp-content\/uploads\/sites\/10\/2022\/12\/luis.jpg","type":"image\/jpeg"}],"author":"tecnicaciffyh","twitter_card":"summary_large_image","twitter_misc":{"Escrito por":false,"Tiempo de lectura":"2 minutos"},"schema":{"@context":"https:\/\/schema.org","@graph":[{"@type":"Article","@id":"https:\/\/ffyh.unc.edu.ar\/ciffyh\/enorme-tristeza-por-el-fallecimiento-de-luis-salvatico\/#article","isPartOf":{"@id":"https:\/\/ffyh.unc.edu.ar\/ciffyh\/enorme-tristeza-por-el-fallecimiento-de-luis-salvatico\/"},"author":{"name":"tecnicaciffyh","@id":"https:\/\/ffyh.unc.edu.ar\/ciffyh\/#\/schema\/person\/136b8e7d00e5053aff43b3dc53e99bc0"},"headline":"Enorme tristeza por el fallecimiento de Luis Salvatico","datePublished":"2022-12-26T14:08:02+00:00","mainEntityOfPage":{"@id":"https:\/\/ffyh.unc.edu.ar\/ciffyh\/enorme-tristeza-por-el-fallecimiento-de-luis-salvatico\/"},"wordCount":354,"publisher":{"@id":"https:\/\/ffyh.unc.edu.ar\/ciffyh\/#organization"},"image":{"@id":"https:\/\/ffyh.unc.edu.ar\/ciffyh\/enorme-tristeza-por-el-fallecimiento-de-luis-salvatico\/#primaryimage"},"thumbnailUrl":"https:\/\/ffyh.unc.edu.ar\/ciffyh\/wp-content\/uploads\/sites\/10\/2022\/12\/luis.jpg","inLanguage":"es"},{"@type":"WebPage","@id":"https:\/\/ffyh.unc.edu.ar\/ciffyh\/enorme-tristeza-por-el-fallecimiento-de-luis-salvatico\/","url":"https:\/\/ffyh.unc.edu.ar\/ciffyh\/enorme-tristeza-por-el-fallecimiento-de-luis-salvatico\/","name":"Enorme tristeza por el fallecimiento de Luis Salvatico - Centro de Investigaciones &quot;Maria Saleme de Burnichon&quot;","isPartOf":{"@id":"https:\/\/ffyh.unc.edu.ar\/ciffyh\/#website"},"primaryImageOfPage":{"@id":"https:\/\/ffyh.unc.edu.ar\/ciffyh\/enorme-tristeza-por-el-fallecimiento-de-luis-salvatico\/#primaryimage"},"image":{"@id":"https:\/\/ffyh.unc.edu.ar\/ciffyh\/enorme-tristeza-por-el-fallecimiento-de-luis-salvatico\/#primaryimage"},"thumbnailUrl":"https:\/\/ffyh.unc.edu.ar\/ciffyh\/wp-content\/uploads\/sites\/10\/2022\/12\/luis.jpg","datePublished":"2022-12-26T14:08:02+00:00","breadcrumb":{"@id":"https:\/\/ffyh.unc.edu.ar\/ciffyh\/enorme-tristeza-por-el-fallecimiento-de-luis-salvatico\/#breadcrumb"},"inLanguage":"es","potentialAction":[{"@type":"ReadAction","target":["https:\/\/ffyh.unc.edu.ar\/ciffyh\/enorme-tristeza-por-el-fallecimiento-de-luis-salvatico\/"]}]},{"@type":"ImageObject","inLanguage":"es","@id":"https:\/\/ffyh.unc.edu.ar\/ciffyh\/enorme-tristeza-por-el-fallecimiento-de-luis-salvatico\/#primaryimage","url":"https:\/\/ffyh.unc.edu.ar\/ciffyh\/wp-content\/uploads\/sites\/10\/2022\/12\/luis.jpg","contentUrl":"https:\/\/ffyh.unc.edu.ar\/ciffyh\/wp-content\/uploads\/sites\/10\/2022\/12\/luis.jpg","width":800,"height":426},{"@type":"BreadcrumbList","@id":"https:\/\/ffyh.unc.edu.ar\/ciffyh\/enorme-tristeza-por-el-fallecimiento-de-luis-salvatico\/#breadcrumb","itemListElement":[{"@type":"ListItem","position":1,"name":"Portada","item":"https:\/\/ffyh.unc.edu.ar\/ciffyh\/"},{"@type":"ListItem","position":2,"name":"Enorme tristeza por el fallecimiento de Luis Salvatico"}]},{"@type":"WebSite","@id":"https:\/\/ffyh.unc.edu.ar\/ciffyh\/#website","url":"https:\/\/ffyh.unc.edu.ar\/ciffyh\/","name":"Centro de Investigaciones \"Maria Saleme de Burnichon\"","description":"Facultad de Filosof\u00eda y Humanidades | UNC","publisher":{"@id":"https:\/\/ffyh.unc.edu.ar\/ciffyh\/#organization"},"potentialAction":[{"@type":"SearchAction","target":{"@type":"EntryPoint","urlTemplate":"https:\/\/ffyh.unc.edu.ar\/ciffyh\/?s={search_term_string}"},"query-input":{"@type":"PropertyValueSpecification","valueRequired":true,"valueName":"search_term_string"}}],"inLanguage":"es"},{"@type":"Organization","@id":"https:\/\/ffyh.unc.edu.ar\/ciffyh\/#organization","name":"Centro de Investigaciones \"Maria Saleme de Burnichon\"","url":"https:\/\/ffyh.unc.edu.ar\/ciffyh\/","logo":{"@type":"ImageObject","inLanguage":"es","@id":"https:\/\/ffyh.unc.edu.ar\/ciffyh\/#\/schema\/logo\/image\/","url":"https:\/\/ffyh.unc.edu.ar\/ciffyh\/wp-content\/uploads\/sites\/10\/2018\/02\/cropped-logo-ciffyh-ico.png","contentUrl":"https:\/\/ffyh.unc.edu.ar\/ciffyh\/wp-content\/uploads\/sites\/10\/2018\/02\/cropped-logo-ciffyh-ico.png","width":512,"height":512,"caption":"Centro de Investigaciones \"Maria Saleme de Burnichon\""},"image":{"@id":"https:\/\/ffyh.unc.edu.ar\/ciffyh\/#\/schema\/logo\/image\/"},"sameAs":["https:\/\/www.instagram.com\/ciffyh\/"]},{"@type":"Person","@id":"https:\/\/ffyh.unc.edu.ar\/ciffyh\/#\/schema\/person\/136b8e7d00e5053aff43b3dc53e99bc0","name":"tecnicaciffyh","image":{"@type":"ImageObject","inLanguage":"es","@id":"https:\/\/ffyh.unc.edu.ar\/ciffyh\/#\/schema\/person\/image\/","url":"https:\/\/secure.gravatar.com\/avatar\/dce86f5e9bf49e3aa9e05e7ed5904a9112e25483e3c8f175eb93b2f53a67c2e4?s=96&d=mm&r=g","contentUrl":"https:\/\/secure.gravatar.com\/avatar\/dce86f5e9bf49e3aa9e05e7ed5904a9112e25483e3c8f175eb93b2f53a67c2e4?s=96&d=mm&r=g","caption":"tecnicaciffyh"},"url":"https:\/\/ffyh.unc.edu.ar\/ciffyh\/author\/tecnicaciffyh\/"}]}},"jetpack_featured_media_url":"https:\/\/ffyh.unc.edu.ar\/ciffyh\/wp-content\/uploads\/sites\/10\/2022\/12\/luis.jpg","_links":{"self":[{"href":"https:\/\/ffyh.unc.edu.ar\/ciffyh\/wp-json\/wp\/v2\/posts\/5432","targetHints":{"allow":["GET"]}}],"collection":[{"href":"https:\/\/ffyh.unc.edu.ar\/ciffyh\/wp-json\/wp\/v2\/posts"}],"about":[{"href":"https:\/\/ffyh.unc.edu.ar\/ciffyh\/wp-json\/wp\/v2\/types\/post"}],"author":[{"embeddable":true,"href":"https:\/\/ffyh.unc.edu.ar\/ciffyh\/wp-json\/wp\/v2\/users\/39"}],"replies":[{"embeddable":true,"href":"https:\/\/ffyh.unc.edu.ar\/ciffyh\/wp-json\/wp\/v2\/comments?post=5432"}],"version-history":[{"count":1,"href":"https:\/\/ffyh.unc.edu.ar\/ciffyh\/wp-json\/wp\/v2\/posts\/5432\/revisions"}],"predecessor-version":[{"id":5434,"href":"https:\/\/ffyh.unc.edu.ar\/ciffyh\/wp-json\/wp\/v2\/posts\/5432\/revisions\/5434"}],"wp:featuredmedia":[{"embeddable":true,"href":"https:\/\/ffyh.unc.edu.ar\/ciffyh\/wp-json\/wp\/v2\/media\/5433"}],"wp:attachment":[{"href":"https:\/\/ffyh.unc.edu.ar\/ciffyh\/wp-json\/wp\/v2\/media?parent=5432"}],"wp:term":[{"taxonomy":"category","embeddable":true,"href":"https:\/\/ffyh.unc.edu.ar\/ciffyh\/wp-json\/wp\/v2\/categories?post=5432"},{"taxonomy":"post_tag","embeddable":true,"href":"https:\/\/ffyh.unc.edu.ar\/ciffyh\/wp-json\/wp\/v2\/tags?post=5432"}],"curies":[{"name":"wp","href":"https:\/\/api.w.org\/{rel}","templated":true}]}}