{"id":5777,"date":"2023-05-05T20:10:18","date_gmt":"2023-05-05T20:10:18","guid":{"rendered":"https:\/\/ffyh.unc.edu.ar\/ciffyh\/?p=5777"},"modified":"2023-06-06T20:33:17","modified_gmt":"2023-06-06T20:33:17","slug":"convocatoria-a-publicar-revista-cuadernos-de-historia-serie-economia-y-sociedad","status":"publish","type":"post","link":"https:\/\/ffyh.unc.edu.ar\/ciffyh\/convocatoria-a-publicar-revista-cuadernos-de-historia-serie-economia-y-sociedad\/","title":{"rendered":"Convocatoria a publicar: Revista Cuadernos de Historia. Serie Econom\u00eda y Sociedad"},"content":{"rendered":"<p><em>La revista Cuadernos de Historia. Serie Econom\u00eda y Sociedad convoca a publicar en sus n\u00fameros n\u00fameros 32 (diciembre de 2023) y 33 (junio de 2024).\u00a0<\/em><\/p>\n<p><!--more--><\/p>\n<p>\u201cCuadernos de Historia\u201d es una publicaci\u00f3n semestral del \u00c1rea Historia del Centro de Investigaciones de la Facultad de Filosof\u00eda y Humanidades de la Universidad Nacional de C\u00f3rdoba que se publica de manera ininterrumpida desde el a\u00f1o 1997.\u00a0La revista est\u00e1 destinada fundamentalmente a investigaciones referidas a tem\u00e1ticas relacionadas a la historia regional, historia argentina y americana. El objetivo principal se dirige a la publicaci\u00f3n de art\u00edculos de investigaci\u00f3n que aporten al conocimiento en Ciencias Sociales y Humanidades.<\/p>\n<p>En esta oportunidad convocamos a enviar contribuciones en la secci\u00f3n \u201cArt\u00edculos\u201d y \u201cRese\u00f1as bibliogr\u00e1ficas\u201d para los pr\u00f3ximos\u00a0<b>n\u00fameros:<\/b><\/p>\n<ul>\n<li><strong>N\u00b032 (diciembre de 2023): la fecha l\u00edmite para el env\u00edo de propuestas es el 31\/07\/23<\/strong><\/li>\n<li><b>N\u00b033 (junio de 2024): la fecha l\u00edmite para el env\u00edo de propuestas es el 31\/1\/24<\/b><\/li>\n<\/ul>\n<p>Para revisar las normas editoriales dirigirse a:<\/p>\n<p><a href=\"https:\/\/revistas.unc.edu.ar\/index.php\/cuadernosdehistoriaeys\/about\/submissions#authorGuidelines\" target=\"_blank\" rel=\"noopener\" data-saferedirecturl=\"https:\/\/www.google.com\/url?q=https:\/\/revistas.unc.edu.ar\/index.php\/cuadernosdehistoriaeys\/about\/submissions%23authorGuidelines&amp;source=gmail&amp;ust=1683387095359000&amp;usg=AOvVaw0v11hBFFWU1PTVV-5U6CFo\">https:\/\/revistas.unc.edu.ar\/index.php\/cuadernosdehistoriaeys\/about\/submissions#authorGuidelines<\/a><\/p>\n<p>Aprovechamos la ocasi\u00f3n para informarles que\u00a0<i>Cuadernos\u00a0<\/i>cuenta con una nueva red social para difundir sus producciones. Pueden buscarla en instagram como: cuadernosdehistoria.ciffyh.unc<\/p>\n<p><img fetchpriority=\"high\" decoding=\"async\" class=\"alignnone wp-image-5778 size-large\" src=\"http:\/\/ffyh.unc.edu.ar\/ciffyh\/wp-content\/uploads\/sites\/10\/2023\/05\/Mesa-de-trabajo-7-1024x1024.jpg\" alt=\"\" width=\"800\" height=\"800\" srcset=\"https:\/\/ffyh.unc.edu.ar\/ciffyh\/wp-content\/uploads\/sites\/10\/2023\/05\/Mesa-de-trabajo-7-1024x1024.jpg 1024w, https:\/\/ffyh.unc.edu.ar\/ciffyh\/wp-content\/uploads\/sites\/10\/2023\/05\/Mesa-de-trabajo-7-300x300.jpg 300w, https:\/\/ffyh.unc.edu.ar\/ciffyh\/wp-content\/uploads\/sites\/10\/2023\/05\/Mesa-de-trabajo-7-150x150.jpg 150w, https:\/\/ffyh.unc.edu.ar\/ciffyh\/wp-content\/uploads\/sites\/10\/2023\/05\/Mesa-de-trabajo-7-768x768.jpg 768w, https:\/\/ffyh.unc.edu.ar\/ciffyh\/wp-content\/uploads\/sites\/10\/2023\/05\/Mesa-de-trabajo-7-1536x1536.jpg 1536w, https:\/\/ffyh.unc.edu.ar\/ciffyh\/wp-content\/uploads\/sites\/10\/2023\/05\/Mesa-de-trabajo-7-2048x2048.jpg 2048w\" sizes=\"(max-width: 800px) 100vw, 800px\" \/><\/p>\n","protected":false},"excerpt":{"rendered":"<p>La revista Cuadernos de Historia. Serie Econom\u00eda y Sociedad convoca a publicar en sus n\u00fameros n\u00fameros 32 (diciembre de 2023)<\/p>\n","protected":false},"author":39,"featured_media":5779,"comment_status":"closed","ping_status":"closed","sticky":false,"template":"","format":"standard","meta":{"_acf_changed":false,"colormag_page_container_layout":"default_layout","colormag_page_sidebar_layout":"default_layout","footnotes":""},"categories":[52,43,8,45],"tags":[],"class_list":["post-5777","post","type-post","status-publish","format-standard","has-post-thumbnail","hentry","category-historia","category-convocatorias","category-noticias","category-nuestras-revistas"],"acf":[],"yoast_head":"<!-- This site is optimized with the Yoast SEO plugin v27.1.1 - https:\/\/yoast.com\/product\/yoast-seo-wordpress\/ -->\n<title>Convocatoria a publicar: Revista Cuadernos de Historia. Serie Econom\u00eda y Sociedad - Centro de Investigaciones &quot;Maria Saleme de Burnichon&quot;<\/title>\n<meta name=\"robots\" content=\"index, follow, max-snippet:-1, max-image-preview:large, max-video-preview:-1\" \/>\n<link rel=\"canonical\" href=\"https:\/\/ffyh.unc.edu.ar\/ciffyh\/convocatoria-a-publicar-revista-cuadernos-de-historia-serie-economia-y-sociedad\/\" \/>\n<meta property=\"og:locale\" content=\"es_ES\" \/>\n<meta property=\"og:type\" content=\"article\" \/>\n<meta property=\"og:title\" content=\"Convocatoria a publicar: Revista Cuadernos de Historia. Serie Econom\u00eda y Sociedad - Centro de Investigaciones &quot;Maria Saleme de Burnichon&quot;\" \/>\n<meta property=\"og:description\" content=\"La revista Cuadernos de Historia. Serie Econom\u00eda y Sociedad convoca a publicar en sus n\u00fameros n\u00fameros 32 (diciembre de 2023)\" \/>\n<meta property=\"og:url\" content=\"https:\/\/ffyh.unc.edu.ar\/ciffyh\/convocatoria-a-publicar-revista-cuadernos-de-historia-serie-economia-y-sociedad\/\" \/>\n<meta property=\"og:site_name\" content=\"Centro de Investigaciones &quot;Maria Saleme de Burnichon&quot;\" \/>\n<meta property=\"article:published_time\" content=\"2023-05-05T20:10:18+00:00\" \/>\n<meta property=\"article:modified_time\" content=\"2023-06-06T20:33:17+00:00\" \/>\n<meta property=\"og:image\" content=\"http:\/\/ffyh.unc.edu.ar\/ciffyh\/wp-content\/uploads\/sites\/10\/2023\/05\/cuadernos-scaled.jpg\" \/>\n\t<meta property=\"og:image:width\" content=\"2560\" \/>\n\t<meta property=\"og:image:height\" content=\"1415\" \/>\n\t<meta property=\"og:image:type\" content=\"image\/jpeg\" \/>\n<meta name=\"author\" content=\"tecnicaciffyh\" \/>\n<meta name=\"twitter:card\" content=\"summary_large_image\" \/>\n<meta name=\"twitter:label1\" content=\"Escrito por\" \/>\n\t<meta name=\"twitter:data1\" content=\"\" \/>\n\t<meta name=\"twitter:label2\" content=\"Tiempo de lectura\" \/>\n\t<meta name=\"twitter:data2\" content=\"2 minutos\" \/>\n<script type=\"application\/ld+json\" class=\"yoast-schema-graph\">{\"@context\":\"https:\/\/schema.org\",\"@graph\":[{\"@type\":\"Article\",\"@id\":\"https:\/\/ffyh.unc.edu.ar\/ciffyh\/convocatoria-a-publicar-revista-cuadernos-de-historia-serie-economia-y-sociedad\/#article\",\"isPartOf\":{\"@id\":\"https:\/\/ffyh.unc.edu.ar\/ciffyh\/convocatoria-a-publicar-revista-cuadernos-de-historia-serie-economia-y-sociedad\/\"},\"author\":{\"name\":\"tecnicaciffyh\",\"@id\":\"https:\/\/ffyh.unc.edu.ar\/ciffyh\/#\/schema\/person\/136b8e7d00e5053aff43b3dc53e99bc0\"},\"headline\":\"Convocatoria a publicar: Revista Cuadernos de Historia. Serie Econom\u00eda y Sociedad\",\"datePublished\":\"2023-05-05T20:10:18+00:00\",\"dateModified\":\"2023-06-06T20:33:17+00:00\",\"mainEntityOfPage\":{\"@id\":\"https:\/\/ffyh.unc.edu.ar\/ciffyh\/convocatoria-a-publicar-revista-cuadernos-de-historia-serie-economia-y-sociedad\/\"},\"wordCount\":218,\"publisher\":{\"@id\":\"https:\/\/ffyh.unc.edu.ar\/ciffyh\/#organization\"},\"image\":{\"@id\":\"https:\/\/ffyh.unc.edu.ar\/ciffyh\/convocatoria-a-publicar-revista-cuadernos-de-historia-serie-economia-y-sociedad\/#primaryimage\"},\"thumbnailUrl\":\"https:\/\/ffyh.unc.edu.ar\/ciffyh\/wp-content\/uploads\/sites\/10\/2023\/05\/cuadernos-scaled.jpg\",\"articleSection\":[\"\u00c1rea Historia\",\"Convocatorias\",\"Noticias\",\"Nuestras Revistas\"],\"inLanguage\":\"es\"},{\"@type\":\"WebPage\",\"@id\":\"https:\/\/ffyh.unc.edu.ar\/ciffyh\/convocatoria-a-publicar-revista-cuadernos-de-historia-serie-economia-y-sociedad\/\",\"url\":\"https:\/\/ffyh.unc.edu.ar\/ciffyh\/convocatoria-a-publicar-revista-cuadernos-de-historia-serie-economia-y-sociedad\/\",\"name\":\"Convocatoria a publicar: Revista Cuadernos de Historia. Serie Econom\u00eda y Sociedad - Centro de Investigaciones &quot;Maria Saleme de Burnichon&quot;\",\"isPartOf\":{\"@id\":\"https:\/\/ffyh.unc.edu.ar\/ciffyh\/#website\"},\"primaryImageOfPage\":{\"@id\":\"https:\/\/ffyh.unc.edu.ar\/ciffyh\/convocatoria-a-publicar-revista-cuadernos-de-historia-serie-economia-y-sociedad\/#primaryimage\"},\"image\":{\"@id\":\"https:\/\/ffyh.unc.edu.ar\/ciffyh\/convocatoria-a-publicar-revista-cuadernos-de-historia-serie-economia-y-sociedad\/#primaryimage\"},\"thumbnailUrl\":\"https:\/\/ffyh.unc.edu.ar\/ciffyh\/wp-content\/uploads\/sites\/10\/2023\/05\/cuadernos-scaled.jpg\",\"datePublished\":\"2023-05-05T20:10:18+00:00\",\"dateModified\":\"2023-06-06T20:33:17+00:00\",\"breadcrumb\":{\"@id\":\"https:\/\/ffyh.unc.edu.ar\/ciffyh\/convocatoria-a-publicar-revista-cuadernos-de-historia-serie-economia-y-sociedad\/#breadcrumb\"},\"inLanguage\":\"es\",\"potentialAction\":[{\"@type\":\"ReadAction\",\"target\":[\"https:\/\/ffyh.unc.edu.ar\/ciffyh\/convocatoria-a-publicar-revista-cuadernos-de-historia-serie-economia-y-sociedad\/\"]}]},{\"@type\":\"ImageObject\",\"inLanguage\":\"es\",\"@id\":\"https:\/\/ffyh.unc.edu.ar\/ciffyh\/convocatoria-a-publicar-revista-cuadernos-de-historia-serie-economia-y-sociedad\/#primaryimage\",\"url\":\"https:\/\/ffyh.unc.edu.ar\/ciffyh\/wp-content\/uploads\/sites\/10\/2023\/05\/cuadernos-scaled.jpg\",\"contentUrl\":\"https:\/\/ffyh.unc.edu.ar\/ciffyh\/wp-content\/uploads\/sites\/10\/2023\/05\/cuadernos-scaled.jpg\",\"width\":2560,\"height\":1415},{\"@type\":\"BreadcrumbList\",\"@id\":\"https:\/\/ffyh.unc.edu.ar\/ciffyh\/convocatoria-a-publicar-revista-cuadernos-de-historia-serie-economia-y-sociedad\/#breadcrumb\",\"itemListElement\":[{\"@type\":\"ListItem\",\"position\":1,\"name\":\"Portada\",\"item\":\"https:\/\/ffyh.unc.edu.ar\/ciffyh\/\"},{\"@type\":\"ListItem\",\"position\":2,\"name\":\"Convocatoria a publicar: Revista Cuadernos de Historia. Serie Econom\u00eda y Sociedad\"}]},{\"@type\":\"WebSite\",\"@id\":\"https:\/\/ffyh.unc.edu.ar\/ciffyh\/#website\",\"url\":\"https:\/\/ffyh.unc.edu.ar\/ciffyh\/\",\"name\":\"Centro de Investigaciones \\\"Maria Saleme de Burnichon\\\"\",\"description\":\"Facultad de Filosof\u00eda y Humanidades | UNC\",\"publisher\":{\"@id\":\"https:\/\/ffyh.unc.edu.ar\/ciffyh\/#organization\"},\"potentialAction\":[{\"@type\":\"SearchAction\",\"target\":{\"@type\":\"EntryPoint\",\"urlTemplate\":\"https:\/\/ffyh.unc.edu.ar\/ciffyh\/?s={search_term_string}\"},\"query-input\":{\"@type\":\"PropertyValueSpecification\",\"valueRequired\":true,\"valueName\":\"search_term_string\"}}],\"inLanguage\":\"es\"},{\"@type\":\"Organization\",\"@id\":\"https:\/\/ffyh.unc.edu.ar\/ciffyh\/#organization\",\"name\":\"Centro de Investigaciones \\\"Maria Saleme de Burnichon\\\"\",\"url\":\"https:\/\/ffyh.unc.edu.ar\/ciffyh\/\",\"logo\":{\"@type\":\"ImageObject\",\"inLanguage\":\"es\",\"@id\":\"https:\/\/ffyh.unc.edu.ar\/ciffyh\/#\/schema\/logo\/image\/\",\"url\":\"https:\/\/ffyh.unc.edu.ar\/ciffyh\/wp-content\/uploads\/sites\/10\/2018\/02\/cropped-logo-ciffyh-ico.png\",\"contentUrl\":\"https:\/\/ffyh.unc.edu.ar\/ciffyh\/wp-content\/uploads\/sites\/10\/2018\/02\/cropped-logo-ciffyh-ico.png\",\"width\":512,\"height\":512,\"caption\":\"Centro de Investigaciones \\\"Maria Saleme de Burnichon\\\"\"},\"image\":{\"@id\":\"https:\/\/ffyh.unc.edu.ar\/ciffyh\/#\/schema\/logo\/image\/\"},\"sameAs\":[\"https:\/\/www.instagram.com\/ciffyh\/\"]},{\"@type\":\"Person\",\"@id\":\"https:\/\/ffyh.unc.edu.ar\/ciffyh\/#\/schema\/person\/136b8e7d00e5053aff43b3dc53e99bc0\",\"name\":\"tecnicaciffyh\",\"image\":{\"@type\":\"ImageObject\",\"inLanguage\":\"es\",\"@id\":\"https:\/\/ffyh.unc.edu.ar\/ciffyh\/#\/schema\/person\/image\/\",\"url\":\"https:\/\/secure.gravatar.com\/avatar\/dce86f5e9bf49e3aa9e05e7ed5904a9112e25483e3c8f175eb93b2f53a67c2e4?s=96&d=mm&r=g\",\"contentUrl\":\"https:\/\/secure.gravatar.com\/avatar\/dce86f5e9bf49e3aa9e05e7ed5904a9112e25483e3c8f175eb93b2f53a67c2e4?s=96&d=mm&r=g\",\"caption\":\"tecnicaciffyh\"},\"url\":\"https:\/\/ffyh.unc.edu.ar\/ciffyh\/author\/tecnicaciffyh\/\"}]}<\/script>\n<!-- \/ Yoast SEO plugin. -->","yoast_head_json":{"title":"Convocatoria a publicar: Revista Cuadernos de Historia. Serie Econom\u00eda y Sociedad - Centro de Investigaciones &quot;Maria Saleme de Burnichon&quot;","robots":{"index":"index","follow":"follow","max-snippet":"max-snippet:-1","max-image-preview":"max-image-preview:large","max-video-preview":"max-video-preview:-1"},"canonical":"https:\/\/ffyh.unc.edu.ar\/ciffyh\/convocatoria-a-publicar-revista-cuadernos-de-historia-serie-economia-y-sociedad\/","og_locale":"es_ES","og_type":"article","og_title":"Convocatoria a publicar: Revista Cuadernos de Historia. Serie Econom\u00eda y Sociedad - Centro de Investigaciones &quot;Maria Saleme de Burnichon&quot;","og_description":"La revista Cuadernos de Historia. Serie Econom\u00eda y Sociedad convoca a publicar en sus n\u00fameros n\u00fameros 32 (diciembre de 2023)","og_url":"https:\/\/ffyh.unc.edu.ar\/ciffyh\/convocatoria-a-publicar-revista-cuadernos-de-historia-serie-economia-y-sociedad\/","og_site_name":"Centro de Investigaciones &quot;Maria Saleme de Burnichon&quot;","article_published_time":"2023-05-05T20:10:18+00:00","article_modified_time":"2023-06-06T20:33:17+00:00","og_image":[{"width":2560,"height":1415,"url":"http:\/\/ffyh.unc.edu.ar\/ciffyh\/wp-content\/uploads\/sites\/10\/2023\/05\/cuadernos-scaled.jpg","type":"image\/jpeg"}],"author":"tecnicaciffyh","twitter_card":"summary_large_image","twitter_misc":{"Escrito por":false,"Tiempo de lectura":"2 minutos"},"schema":{"@context":"https:\/\/schema.org","@graph":[{"@type":"Article","@id":"https:\/\/ffyh.unc.edu.ar\/ciffyh\/convocatoria-a-publicar-revista-cuadernos-de-historia-serie-economia-y-sociedad\/#article","isPartOf":{"@id":"https:\/\/ffyh.unc.edu.ar\/ciffyh\/convocatoria-a-publicar-revista-cuadernos-de-historia-serie-economia-y-sociedad\/"},"author":{"name":"tecnicaciffyh","@id":"https:\/\/ffyh.unc.edu.ar\/ciffyh\/#\/schema\/person\/136b8e7d00e5053aff43b3dc53e99bc0"},"headline":"Convocatoria a publicar: Revista Cuadernos de Historia. Serie Econom\u00eda y Sociedad","datePublished":"2023-05-05T20:10:18+00:00","dateModified":"2023-06-06T20:33:17+00:00","mainEntityOfPage":{"@id":"https:\/\/ffyh.unc.edu.ar\/ciffyh\/convocatoria-a-publicar-revista-cuadernos-de-historia-serie-economia-y-sociedad\/"},"wordCount":218,"publisher":{"@id":"https:\/\/ffyh.unc.edu.ar\/ciffyh\/#organization"},"image":{"@id":"https:\/\/ffyh.unc.edu.ar\/ciffyh\/convocatoria-a-publicar-revista-cuadernos-de-historia-serie-economia-y-sociedad\/#primaryimage"},"thumbnailUrl":"https:\/\/ffyh.unc.edu.ar\/ciffyh\/wp-content\/uploads\/sites\/10\/2023\/05\/cuadernos-scaled.jpg","articleSection":["\u00c1rea Historia","Convocatorias","Noticias","Nuestras Revistas"],"inLanguage":"es"},{"@type":"WebPage","@id":"https:\/\/ffyh.unc.edu.ar\/ciffyh\/convocatoria-a-publicar-revista-cuadernos-de-historia-serie-economia-y-sociedad\/","url":"https:\/\/ffyh.unc.edu.ar\/ciffyh\/convocatoria-a-publicar-revista-cuadernos-de-historia-serie-economia-y-sociedad\/","name":"Convocatoria a publicar: Revista Cuadernos de Historia. Serie Econom\u00eda y Sociedad - Centro de Investigaciones &quot;Maria Saleme de Burnichon&quot;","isPartOf":{"@id":"https:\/\/ffyh.unc.edu.ar\/ciffyh\/#website"},"primaryImageOfPage":{"@id":"https:\/\/ffyh.unc.edu.ar\/ciffyh\/convocatoria-a-publicar-revista-cuadernos-de-historia-serie-economia-y-sociedad\/#primaryimage"},"image":{"@id":"https:\/\/ffyh.unc.edu.ar\/ciffyh\/convocatoria-a-publicar-revista-cuadernos-de-historia-serie-economia-y-sociedad\/#primaryimage"},"thumbnailUrl":"https:\/\/ffyh.unc.edu.ar\/ciffyh\/wp-content\/uploads\/sites\/10\/2023\/05\/cuadernos-scaled.jpg","datePublished":"2023-05-05T20:10:18+00:00","dateModified":"2023-06-06T20:33:17+00:00","breadcrumb":{"@id":"https:\/\/ffyh.unc.edu.ar\/ciffyh\/convocatoria-a-publicar-revista-cuadernos-de-historia-serie-economia-y-sociedad\/#breadcrumb"},"inLanguage":"es","potentialAction":[{"@type":"ReadAction","target":["https:\/\/ffyh.unc.edu.ar\/ciffyh\/convocatoria-a-publicar-revista-cuadernos-de-historia-serie-economia-y-sociedad\/"]}]},{"@type":"ImageObject","inLanguage":"es","@id":"https:\/\/ffyh.unc.edu.ar\/ciffyh\/convocatoria-a-publicar-revista-cuadernos-de-historia-serie-economia-y-sociedad\/#primaryimage","url":"https:\/\/ffyh.unc.edu.ar\/ciffyh\/wp-content\/uploads\/sites\/10\/2023\/05\/cuadernos-scaled.jpg","contentUrl":"https:\/\/ffyh.unc.edu.ar\/ciffyh\/wp-content\/uploads\/sites\/10\/2023\/05\/cuadernos-scaled.jpg","width":2560,"height":1415},{"@type":"BreadcrumbList","@id":"https:\/\/ffyh.unc.edu.ar\/ciffyh\/convocatoria-a-publicar-revista-cuadernos-de-historia-serie-economia-y-sociedad\/#breadcrumb","itemListElement":[{"@type":"ListItem","position":1,"name":"Portada","item":"https:\/\/ffyh.unc.edu.ar\/ciffyh\/"},{"@type":"ListItem","position":2,"name":"Convocatoria a publicar: Revista Cuadernos de Historia. Serie Econom\u00eda y Sociedad"}]},{"@type":"WebSite","@id":"https:\/\/ffyh.unc.edu.ar\/ciffyh\/#website","url":"https:\/\/ffyh.unc.edu.ar\/ciffyh\/","name":"Centro de Investigaciones \"Maria Saleme de Burnichon\"","description":"Facultad de Filosof\u00eda y Humanidades | UNC","publisher":{"@id":"https:\/\/ffyh.unc.edu.ar\/ciffyh\/#organization"},"potentialAction":[{"@type":"SearchAction","target":{"@type":"EntryPoint","urlTemplate":"https:\/\/ffyh.unc.edu.ar\/ciffyh\/?s={search_term_string}"},"query-input":{"@type":"PropertyValueSpecification","valueRequired":true,"valueName":"search_term_string"}}],"inLanguage":"es"},{"@type":"Organization","@id":"https:\/\/ffyh.unc.edu.ar\/ciffyh\/#organization","name":"Centro de Investigaciones \"Maria Saleme de Burnichon\"","url":"https:\/\/ffyh.unc.edu.ar\/ciffyh\/","logo":{"@type":"ImageObject","inLanguage":"es","@id":"https:\/\/ffyh.unc.edu.ar\/ciffyh\/#\/schema\/logo\/image\/","url":"https:\/\/ffyh.unc.edu.ar\/ciffyh\/wp-content\/uploads\/sites\/10\/2018\/02\/cropped-logo-ciffyh-ico.png","contentUrl":"https:\/\/ffyh.unc.edu.ar\/ciffyh\/wp-content\/uploads\/sites\/10\/2018\/02\/cropped-logo-ciffyh-ico.png","width":512,"height":512,"caption":"Centro de Investigaciones \"Maria Saleme de Burnichon\""},"image":{"@id":"https:\/\/ffyh.unc.edu.ar\/ciffyh\/#\/schema\/logo\/image\/"},"sameAs":["https:\/\/www.instagram.com\/ciffyh\/"]},{"@type":"Person","@id":"https:\/\/ffyh.unc.edu.ar\/ciffyh\/#\/schema\/person\/136b8e7d00e5053aff43b3dc53e99bc0","name":"tecnicaciffyh","image":{"@type":"ImageObject","inLanguage":"es","@id":"https:\/\/ffyh.unc.edu.ar\/ciffyh\/#\/schema\/person\/image\/","url":"https:\/\/secure.gravatar.com\/avatar\/dce86f5e9bf49e3aa9e05e7ed5904a9112e25483e3c8f175eb93b2f53a67c2e4?s=96&d=mm&r=g","contentUrl":"https:\/\/secure.gravatar.com\/avatar\/dce86f5e9bf49e3aa9e05e7ed5904a9112e25483e3c8f175eb93b2f53a67c2e4?s=96&d=mm&r=g","caption":"tecnicaciffyh"},"url":"https:\/\/ffyh.unc.edu.ar\/ciffyh\/author\/tecnicaciffyh\/"}]}},"jetpack_featured_media_url":"https:\/\/ffyh.unc.edu.ar\/ciffyh\/wp-content\/uploads\/sites\/10\/2023\/05\/cuadernos-scaled.jpg","_links":{"self":[{"href":"https:\/\/ffyh.unc.edu.ar\/ciffyh\/wp-json\/wp\/v2\/posts\/5777","targetHints":{"allow":["GET"]}}],"collection":[{"href":"https:\/\/ffyh.unc.edu.ar\/ciffyh\/wp-json\/wp\/v2\/posts"}],"about":[{"href":"https:\/\/ffyh.unc.edu.ar\/ciffyh\/wp-json\/wp\/v2\/types\/post"}],"author":[{"embeddable":true,"href":"https:\/\/ffyh.unc.edu.ar\/ciffyh\/wp-json\/wp\/v2\/users\/39"}],"replies":[{"embeddable":true,"href":"https:\/\/ffyh.unc.edu.ar\/ciffyh\/wp-json\/wp\/v2\/comments?post=5777"}],"version-history":[{"count":1,"href":"https:\/\/ffyh.unc.edu.ar\/ciffyh\/wp-json\/wp\/v2\/posts\/5777\/revisions"}],"predecessor-version":[{"id":5780,"href":"https:\/\/ffyh.unc.edu.ar\/ciffyh\/wp-json\/wp\/v2\/posts\/5777\/revisions\/5780"}],"wp:featuredmedia":[{"embeddable":true,"href":"https:\/\/ffyh.unc.edu.ar\/ciffyh\/wp-json\/wp\/v2\/media\/5779"}],"wp:attachment":[{"href":"https:\/\/ffyh.unc.edu.ar\/ciffyh\/wp-json\/wp\/v2\/media?parent=5777"}],"wp:term":[{"taxonomy":"category","embeddable":true,"href":"https:\/\/ffyh.unc.edu.ar\/ciffyh\/wp-json\/wp\/v2\/categories?post=5777"},{"taxonomy":"post_tag","embeddable":true,"href":"https:\/\/ffyh.unc.edu.ar\/ciffyh\/wp-json\/wp\/v2\/tags?post=5777"}],"curies":[{"name":"wp","href":"https:\/\/api.w.org\/{rel}","templated":true}]}}