{"id":5921,"date":"2023-05-19T19:32:20","date_gmt":"2023-05-19T19:32:20","guid":{"rendered":"https:\/\/ffyh.unc.edu.ar\/ciffyh\/?p=5921"},"modified":"2023-05-19T19:32:20","modified_gmt":"2023-05-19T19:32:20","slug":"ultimo-plazo-para-la-presentacion-de-resumenes-para-las-xii-jornadas-de-investigacion-en-educacion","status":"publish","type":"post","link":"https:\/\/ffyh.unc.edu.ar\/ciffyh\/ultimo-plazo-para-la-presentacion-de-resumenes-para-las-xii-jornadas-de-investigacion-en-educacion\/","title":{"rendered":"\u00daltimo plazo para la presentaci\u00f3n de res\u00famenes para las XII Jornadas de Investigaci\u00f3n en Educaci\u00f3n"},"content":{"rendered":"<p><em>El env\u00edo de res\u00famenes ampliados para las jornadas que se llevar\u00e1n a cabo el 2, 3 y 4 de agosto de 2023 en la Facultad de Filosof\u00eda y Humanidades de la Universidad Nacional de C\u00f3rdoba, se extendi\u00f3 hasta el lunes 5 de junio<\/em><\/p>\n<p><!--more--><\/p>\n<p>El 2, 3 y 4 de agosto de 2023 se realizar\u00e1n las XII Jornadas de Investigaci\u00f3n en Educaci\u00f3n en la Facultad de Filosof\u00eda y Humanidades de la Universidad Nacional de C\u00f3rdoba, co-organizadas por el \u00c1rea de Educaci\u00f3n del Ciffyh y la Escuela de Ciencias de la Educaci\u00f3n.<\/p>\n<p>Bajo el lema Problem\u00e1ticas contempor\u00e1neas e investigaci\u00f3n educativa: derechos, democratizaci\u00f3n y desigualdades se proponen 19 mesas tem\u00e1ticas que convocan a la presentaci\u00f3n de trabajos a partir de res\u00famenes ampliados con el objetivo de socializar e intercambiar saberes producidos en los \u00faltimos a\u00f1os sobre problem\u00e1ticas cl\u00e1sicas y emergentes del campo educativo y reflexionar sobre las condiciones y procesos de investigaci\u00f3n educativa y sus reconfiguraciones en los \u00faltimos a\u00f1os.<\/p>\n<p><strong>Nueva pr\u00f3rroga para el env\u00edo de res\u00famenes ampliados para participar de esas mesas se extendi\u00f3 hasta el 5 de junio (\u00faltimo plazo).<\/strong><\/p>\n<p>Mail de consultas: jie.ciffyh.2023@gmail.com<\/p>\n<p><img fetchpriority=\"high\" decoding=\"async\" class=\"alignnone wp-image-5922 size-full\" src=\"http:\/\/ffyh.unc.edu.ar\/ciffyh\/wp-content\/uploads\/sites\/10\/2023\/05\/prorroga2.jpg\" alt=\"\" width=\"813\" height=\"1024\" srcset=\"https:\/\/ffyh.unc.edu.ar\/ciffyh\/wp-content\/uploads\/sites\/10\/2023\/05\/prorroga2.jpg 813w, https:\/\/ffyh.unc.edu.ar\/ciffyh\/wp-content\/uploads\/sites\/10\/2023\/05\/prorroga2-238x300.jpg 238w, https:\/\/ffyh.unc.edu.ar\/ciffyh\/wp-content\/uploads\/sites\/10\/2023\/05\/prorroga2-768x967.jpg 768w\" sizes=\"(max-width: 813px) 100vw, 813px\" \/><\/p>\n<blockquote class=\"wp-embedded-content\" data-secret=\"VjCEIpeAzj\"><p><a href=\"https:\/\/ffyh.unc.edu.ar\/ciffyh\/xii-jornadas-de-investigacion-en-educacion\/\">3\u00ba circular de las XII Jornadas de Investigaci\u00f3n en Educaci\u00f3n y aviso de pr\u00f3rroga para el env\u00edo de res\u00famenes<\/a><\/p><\/blockquote>\n<p><iframe class=\"wp-embedded-content\" sandbox=\"allow-scripts\" security=\"restricted\" style=\"position: absolute; clip: rect(1px, 1px, 1px, 1px);\" title=\"\u00ab3\u00ba circular de las XII Jornadas de Investigaci\u00f3n en Educaci\u00f3n y aviso de pr\u00f3rroga para el env\u00edo de res\u00famenes\u00bb \u2014 Centro de Investigaciones &quot;Maria Saleme de Burnichon&quot;\" src=\"https:\/\/ffyh.unc.edu.ar\/ciffyh\/xii-jornadas-de-investigacion-en-educacion\/embed\/#?secret=dp9MjJEgfx#?secret=VjCEIpeAzj\" data-secret=\"VjCEIpeAzj\" width=\"600\" height=\"338\" frameborder=\"0\" marginwidth=\"0\" marginheight=\"0\" scrolling=\"no\"><\/iframe><\/p>\n","protected":false},"excerpt":{"rendered":"<p>El env\u00edo de res\u00famenes ampliados para las jornadas que se llevar\u00e1n a cabo el 2, 3 y 4 de agosto<\/p>\n","protected":false},"author":39,"featured_media":5923,"comment_status":"closed","ping_status":"closed","sticky":false,"template":"","format":"standard","meta":{"_acf_changed":false,"colormag_page_container_layout":"default_layout","colormag_page_sidebar_layout":"default_layout","footnotes":""},"categories":[51,8,55],"tags":[],"class_list":["post-5921","post","type-post","status-publish","format-standard","has-post-thumbnail","hentry","category-educacion","category-noticias","category-xii-jornadas-de-investigacion-en-educacion"],"acf":[],"yoast_head":"<!-- This site is optimized with the Yoast SEO plugin v27.1.1 - https:\/\/yoast.com\/product\/yoast-seo-wordpress\/ -->\n<title>\u00daltimo plazo para la presentaci\u00f3n de res\u00famenes para las XII Jornadas de Investigaci\u00f3n en Educaci\u00f3n - Centro de Investigaciones &quot;Maria Saleme de Burnichon&quot;<\/title>\n<meta name=\"robots\" content=\"index, follow, max-snippet:-1, max-image-preview:large, max-video-preview:-1\" \/>\n<link rel=\"canonical\" href=\"https:\/\/ffyh.unc.edu.ar\/ciffyh\/ultimo-plazo-para-la-presentacion-de-resumenes-para-las-xii-jornadas-de-investigacion-en-educacion\/\" \/>\n<meta property=\"og:locale\" content=\"es_ES\" \/>\n<meta property=\"og:type\" content=\"article\" \/>\n<meta property=\"og:title\" content=\"\u00daltimo plazo para la presentaci\u00f3n de res\u00famenes para las XII Jornadas de Investigaci\u00f3n en Educaci\u00f3n - Centro de Investigaciones &quot;Maria Saleme de Burnichon&quot;\" \/>\n<meta property=\"og:description\" content=\"El env\u00edo de res\u00famenes ampliados para las jornadas que se llevar\u00e1n a cabo el 2, 3 y 4 de agosto\" \/>\n<meta property=\"og:url\" content=\"https:\/\/ffyh.unc.edu.ar\/ciffyh\/ultimo-plazo-para-la-presentacion-de-resumenes-para-las-xii-jornadas-de-investigacion-en-educacion\/\" \/>\n<meta property=\"og:site_name\" content=\"Centro de Investigaciones &quot;Maria Saleme de Burnichon&quot;\" \/>\n<meta property=\"article:published_time\" content=\"2023-05-19T19:32:20+00:00\" \/>\n<meta property=\"og:image\" content=\"http:\/\/ffyh.unc.edu.ar\/ciffyh\/wp-content\/uploads\/sites\/10\/2023\/05\/webprorroga2.jpg\" \/>\n\t<meta property=\"og:image:width\" content=\"800\" \/>\n\t<meta property=\"og:image:height\" content=\"445\" \/>\n\t<meta property=\"og:image:type\" content=\"image\/jpeg\" \/>\n<meta name=\"author\" content=\"tecnicaciffyh\" \/>\n<meta name=\"twitter:card\" content=\"summary_large_image\" \/>\n<meta name=\"twitter:label1\" content=\"Escrito por\" \/>\n\t<meta name=\"twitter:data1\" content=\"\" \/>\n\t<meta name=\"twitter:label2\" content=\"Tiempo de lectura\" \/>\n\t<meta name=\"twitter:data2\" content=\"2 minutos\" \/>\n<script type=\"application\/ld+json\" class=\"yoast-schema-graph\">{\"@context\":\"https:\/\/schema.org\",\"@graph\":[{\"@type\":\"Article\",\"@id\":\"https:\/\/ffyh.unc.edu.ar\/ciffyh\/ultimo-plazo-para-la-presentacion-de-resumenes-para-las-xii-jornadas-de-investigacion-en-educacion\/#article\",\"isPartOf\":{\"@id\":\"https:\/\/ffyh.unc.edu.ar\/ciffyh\/ultimo-plazo-para-la-presentacion-de-resumenes-para-las-xii-jornadas-de-investigacion-en-educacion\/\"},\"author\":{\"name\":\"tecnicaciffyh\",\"@id\":\"https:\/\/ffyh.unc.edu.ar\/ciffyh\/#\/schema\/person\/136b8e7d00e5053aff43b3dc53e99bc0\"},\"headline\":\"\u00daltimo plazo para la presentaci\u00f3n de res\u00famenes para las XII Jornadas de Investigaci\u00f3n en Educaci\u00f3n\",\"datePublished\":\"2023-05-19T19:32:20+00:00\",\"mainEntityOfPage\":{\"@id\":\"https:\/\/ffyh.unc.edu.ar\/ciffyh\/ultimo-plazo-para-la-presentacion-de-resumenes-para-las-xii-jornadas-de-investigacion-en-educacion\/\"},\"wordCount\":228,\"publisher\":{\"@id\":\"https:\/\/ffyh.unc.edu.ar\/ciffyh\/#organization\"},\"image\":{\"@id\":\"https:\/\/ffyh.unc.edu.ar\/ciffyh\/ultimo-plazo-para-la-presentacion-de-resumenes-para-las-xii-jornadas-de-investigacion-en-educacion\/#primaryimage\"},\"thumbnailUrl\":\"https:\/\/ffyh.unc.edu.ar\/ciffyh\/wp-content\/uploads\/sites\/10\/2023\/05\/webprorroga2.jpg\",\"articleSection\":[\"\u00c1rea Educaci\u00f3n\",\"Noticias\",\"XII Jornadas de Investigaci\u00f3n en Educaci\u00f3n\"],\"inLanguage\":\"es\"},{\"@type\":\"WebPage\",\"@id\":\"https:\/\/ffyh.unc.edu.ar\/ciffyh\/ultimo-plazo-para-la-presentacion-de-resumenes-para-las-xii-jornadas-de-investigacion-en-educacion\/\",\"url\":\"https:\/\/ffyh.unc.edu.ar\/ciffyh\/ultimo-plazo-para-la-presentacion-de-resumenes-para-las-xii-jornadas-de-investigacion-en-educacion\/\",\"name\":\"\u00daltimo plazo para la presentaci\u00f3n de res\u00famenes para las XII Jornadas de Investigaci\u00f3n en Educaci\u00f3n - Centro de Investigaciones &quot;Maria Saleme de Burnichon&quot;\",\"isPartOf\":{\"@id\":\"https:\/\/ffyh.unc.edu.ar\/ciffyh\/#website\"},\"primaryImageOfPage\":{\"@id\":\"https:\/\/ffyh.unc.edu.ar\/ciffyh\/ultimo-plazo-para-la-presentacion-de-resumenes-para-las-xii-jornadas-de-investigacion-en-educacion\/#primaryimage\"},\"image\":{\"@id\":\"https:\/\/ffyh.unc.edu.ar\/ciffyh\/ultimo-plazo-para-la-presentacion-de-resumenes-para-las-xii-jornadas-de-investigacion-en-educacion\/#primaryimage\"},\"thumbnailUrl\":\"https:\/\/ffyh.unc.edu.ar\/ciffyh\/wp-content\/uploads\/sites\/10\/2023\/05\/webprorroga2.jpg\",\"datePublished\":\"2023-05-19T19:32:20+00:00\",\"breadcrumb\":{\"@id\":\"https:\/\/ffyh.unc.edu.ar\/ciffyh\/ultimo-plazo-para-la-presentacion-de-resumenes-para-las-xii-jornadas-de-investigacion-en-educacion\/#breadcrumb\"},\"inLanguage\":\"es\",\"potentialAction\":[{\"@type\":\"ReadAction\",\"target\":[\"https:\/\/ffyh.unc.edu.ar\/ciffyh\/ultimo-plazo-para-la-presentacion-de-resumenes-para-las-xii-jornadas-de-investigacion-en-educacion\/\"]}]},{\"@type\":\"ImageObject\",\"inLanguage\":\"es\",\"@id\":\"https:\/\/ffyh.unc.edu.ar\/ciffyh\/ultimo-plazo-para-la-presentacion-de-resumenes-para-las-xii-jornadas-de-investigacion-en-educacion\/#primaryimage\",\"url\":\"https:\/\/ffyh.unc.edu.ar\/ciffyh\/wp-content\/uploads\/sites\/10\/2023\/05\/webprorroga2.jpg\",\"contentUrl\":\"https:\/\/ffyh.unc.edu.ar\/ciffyh\/wp-content\/uploads\/sites\/10\/2023\/05\/webprorroga2.jpg\",\"width\":800,\"height\":445},{\"@type\":\"BreadcrumbList\",\"@id\":\"https:\/\/ffyh.unc.edu.ar\/ciffyh\/ultimo-plazo-para-la-presentacion-de-resumenes-para-las-xii-jornadas-de-investigacion-en-educacion\/#breadcrumb\",\"itemListElement\":[{\"@type\":\"ListItem\",\"position\":1,\"name\":\"Portada\",\"item\":\"https:\/\/ffyh.unc.edu.ar\/ciffyh\/\"},{\"@type\":\"ListItem\",\"position\":2,\"name\":\"\u00daltimo plazo para la presentaci\u00f3n de res\u00famenes para las XII Jornadas de Investigaci\u00f3n en Educaci\u00f3n\"}]},{\"@type\":\"WebSite\",\"@id\":\"https:\/\/ffyh.unc.edu.ar\/ciffyh\/#website\",\"url\":\"https:\/\/ffyh.unc.edu.ar\/ciffyh\/\",\"name\":\"Centro de Investigaciones \\\"Maria Saleme de Burnichon\\\"\",\"description\":\"Facultad de Filosof\u00eda y Humanidades | UNC\",\"publisher\":{\"@id\":\"https:\/\/ffyh.unc.edu.ar\/ciffyh\/#organization\"},\"potentialAction\":[{\"@type\":\"SearchAction\",\"target\":{\"@type\":\"EntryPoint\",\"urlTemplate\":\"https:\/\/ffyh.unc.edu.ar\/ciffyh\/?s={search_term_string}\"},\"query-input\":{\"@type\":\"PropertyValueSpecification\",\"valueRequired\":true,\"valueName\":\"search_term_string\"}}],\"inLanguage\":\"es\"},{\"@type\":\"Organization\",\"@id\":\"https:\/\/ffyh.unc.edu.ar\/ciffyh\/#organization\",\"name\":\"Centro de Investigaciones \\\"Maria Saleme de Burnichon\\\"\",\"url\":\"https:\/\/ffyh.unc.edu.ar\/ciffyh\/\",\"logo\":{\"@type\":\"ImageObject\",\"inLanguage\":\"es\",\"@id\":\"https:\/\/ffyh.unc.edu.ar\/ciffyh\/#\/schema\/logo\/image\/\",\"url\":\"https:\/\/ffyh.unc.edu.ar\/ciffyh\/wp-content\/uploads\/sites\/10\/2018\/02\/cropped-logo-ciffyh-ico.png\",\"contentUrl\":\"https:\/\/ffyh.unc.edu.ar\/ciffyh\/wp-content\/uploads\/sites\/10\/2018\/02\/cropped-logo-ciffyh-ico.png\",\"width\":512,\"height\":512,\"caption\":\"Centro de Investigaciones \\\"Maria Saleme de Burnichon\\\"\"},\"image\":{\"@id\":\"https:\/\/ffyh.unc.edu.ar\/ciffyh\/#\/schema\/logo\/image\/\"},\"sameAs\":[\"https:\/\/www.instagram.com\/ciffyh\/\"]},{\"@type\":\"Person\",\"@id\":\"https:\/\/ffyh.unc.edu.ar\/ciffyh\/#\/schema\/person\/136b8e7d00e5053aff43b3dc53e99bc0\",\"name\":\"tecnicaciffyh\",\"image\":{\"@type\":\"ImageObject\",\"inLanguage\":\"es\",\"@id\":\"https:\/\/ffyh.unc.edu.ar\/ciffyh\/#\/schema\/person\/image\/\",\"url\":\"https:\/\/secure.gravatar.com\/avatar\/dce86f5e9bf49e3aa9e05e7ed5904a9112e25483e3c8f175eb93b2f53a67c2e4?s=96&d=mm&r=g\",\"contentUrl\":\"https:\/\/secure.gravatar.com\/avatar\/dce86f5e9bf49e3aa9e05e7ed5904a9112e25483e3c8f175eb93b2f53a67c2e4?s=96&d=mm&r=g\",\"caption\":\"tecnicaciffyh\"},\"url\":\"https:\/\/ffyh.unc.edu.ar\/ciffyh\/author\/tecnicaciffyh\/\"}]}<\/script>\n<!-- \/ Yoast SEO plugin. -->","yoast_head_json":{"title":"\u00daltimo plazo para la presentaci\u00f3n de res\u00famenes para las XII Jornadas de Investigaci\u00f3n en Educaci\u00f3n - Centro de Investigaciones &quot;Maria Saleme de Burnichon&quot;","robots":{"index":"index","follow":"follow","max-snippet":"max-snippet:-1","max-image-preview":"max-image-preview:large","max-video-preview":"max-video-preview:-1"},"canonical":"https:\/\/ffyh.unc.edu.ar\/ciffyh\/ultimo-plazo-para-la-presentacion-de-resumenes-para-las-xii-jornadas-de-investigacion-en-educacion\/","og_locale":"es_ES","og_type":"article","og_title":"\u00daltimo plazo para la presentaci\u00f3n de res\u00famenes para las XII Jornadas de Investigaci\u00f3n en Educaci\u00f3n - Centro de Investigaciones &quot;Maria Saleme de Burnichon&quot;","og_description":"El env\u00edo de res\u00famenes ampliados para las jornadas que se llevar\u00e1n a cabo el 2, 3 y 4 de agosto","og_url":"https:\/\/ffyh.unc.edu.ar\/ciffyh\/ultimo-plazo-para-la-presentacion-de-resumenes-para-las-xii-jornadas-de-investigacion-en-educacion\/","og_site_name":"Centro de Investigaciones &quot;Maria Saleme de Burnichon&quot;","article_published_time":"2023-05-19T19:32:20+00:00","og_image":[{"width":800,"height":445,"url":"http:\/\/ffyh.unc.edu.ar\/ciffyh\/wp-content\/uploads\/sites\/10\/2023\/05\/webprorroga2.jpg","type":"image\/jpeg"}],"author":"tecnicaciffyh","twitter_card":"summary_large_image","twitter_misc":{"Escrito por":false,"Tiempo de lectura":"2 minutos"},"schema":{"@context":"https:\/\/schema.org","@graph":[{"@type":"Article","@id":"https:\/\/ffyh.unc.edu.ar\/ciffyh\/ultimo-plazo-para-la-presentacion-de-resumenes-para-las-xii-jornadas-de-investigacion-en-educacion\/#article","isPartOf":{"@id":"https:\/\/ffyh.unc.edu.ar\/ciffyh\/ultimo-plazo-para-la-presentacion-de-resumenes-para-las-xii-jornadas-de-investigacion-en-educacion\/"},"author":{"name":"tecnicaciffyh","@id":"https:\/\/ffyh.unc.edu.ar\/ciffyh\/#\/schema\/person\/136b8e7d00e5053aff43b3dc53e99bc0"},"headline":"\u00daltimo plazo para la presentaci\u00f3n de res\u00famenes para las XII Jornadas de Investigaci\u00f3n en Educaci\u00f3n","datePublished":"2023-05-19T19:32:20+00:00","mainEntityOfPage":{"@id":"https:\/\/ffyh.unc.edu.ar\/ciffyh\/ultimo-plazo-para-la-presentacion-de-resumenes-para-las-xii-jornadas-de-investigacion-en-educacion\/"},"wordCount":228,"publisher":{"@id":"https:\/\/ffyh.unc.edu.ar\/ciffyh\/#organization"},"image":{"@id":"https:\/\/ffyh.unc.edu.ar\/ciffyh\/ultimo-plazo-para-la-presentacion-de-resumenes-para-las-xii-jornadas-de-investigacion-en-educacion\/#primaryimage"},"thumbnailUrl":"https:\/\/ffyh.unc.edu.ar\/ciffyh\/wp-content\/uploads\/sites\/10\/2023\/05\/webprorroga2.jpg","articleSection":["\u00c1rea Educaci\u00f3n","Noticias","XII Jornadas de Investigaci\u00f3n en Educaci\u00f3n"],"inLanguage":"es"},{"@type":"WebPage","@id":"https:\/\/ffyh.unc.edu.ar\/ciffyh\/ultimo-plazo-para-la-presentacion-de-resumenes-para-las-xii-jornadas-de-investigacion-en-educacion\/","url":"https:\/\/ffyh.unc.edu.ar\/ciffyh\/ultimo-plazo-para-la-presentacion-de-resumenes-para-las-xii-jornadas-de-investigacion-en-educacion\/","name":"\u00daltimo plazo para la presentaci\u00f3n de res\u00famenes para las XII Jornadas de Investigaci\u00f3n en Educaci\u00f3n - Centro de Investigaciones &quot;Maria Saleme de Burnichon&quot;","isPartOf":{"@id":"https:\/\/ffyh.unc.edu.ar\/ciffyh\/#website"},"primaryImageOfPage":{"@id":"https:\/\/ffyh.unc.edu.ar\/ciffyh\/ultimo-plazo-para-la-presentacion-de-resumenes-para-las-xii-jornadas-de-investigacion-en-educacion\/#primaryimage"},"image":{"@id":"https:\/\/ffyh.unc.edu.ar\/ciffyh\/ultimo-plazo-para-la-presentacion-de-resumenes-para-las-xii-jornadas-de-investigacion-en-educacion\/#primaryimage"},"thumbnailUrl":"https:\/\/ffyh.unc.edu.ar\/ciffyh\/wp-content\/uploads\/sites\/10\/2023\/05\/webprorroga2.jpg","datePublished":"2023-05-19T19:32:20+00:00","breadcrumb":{"@id":"https:\/\/ffyh.unc.edu.ar\/ciffyh\/ultimo-plazo-para-la-presentacion-de-resumenes-para-las-xii-jornadas-de-investigacion-en-educacion\/#breadcrumb"},"inLanguage":"es","potentialAction":[{"@type":"ReadAction","target":["https:\/\/ffyh.unc.edu.ar\/ciffyh\/ultimo-plazo-para-la-presentacion-de-resumenes-para-las-xii-jornadas-de-investigacion-en-educacion\/"]}]},{"@type":"ImageObject","inLanguage":"es","@id":"https:\/\/ffyh.unc.edu.ar\/ciffyh\/ultimo-plazo-para-la-presentacion-de-resumenes-para-las-xii-jornadas-de-investigacion-en-educacion\/#primaryimage","url":"https:\/\/ffyh.unc.edu.ar\/ciffyh\/wp-content\/uploads\/sites\/10\/2023\/05\/webprorroga2.jpg","contentUrl":"https:\/\/ffyh.unc.edu.ar\/ciffyh\/wp-content\/uploads\/sites\/10\/2023\/05\/webprorroga2.jpg","width":800,"height":445},{"@type":"BreadcrumbList","@id":"https:\/\/ffyh.unc.edu.ar\/ciffyh\/ultimo-plazo-para-la-presentacion-de-resumenes-para-las-xii-jornadas-de-investigacion-en-educacion\/#breadcrumb","itemListElement":[{"@type":"ListItem","position":1,"name":"Portada","item":"https:\/\/ffyh.unc.edu.ar\/ciffyh\/"},{"@type":"ListItem","position":2,"name":"\u00daltimo plazo para la presentaci\u00f3n de res\u00famenes para las XII Jornadas de Investigaci\u00f3n en Educaci\u00f3n"}]},{"@type":"WebSite","@id":"https:\/\/ffyh.unc.edu.ar\/ciffyh\/#website","url":"https:\/\/ffyh.unc.edu.ar\/ciffyh\/","name":"Centro de Investigaciones \"Maria Saleme de Burnichon\"","description":"Facultad de Filosof\u00eda y Humanidades | UNC","publisher":{"@id":"https:\/\/ffyh.unc.edu.ar\/ciffyh\/#organization"},"potentialAction":[{"@type":"SearchAction","target":{"@type":"EntryPoint","urlTemplate":"https:\/\/ffyh.unc.edu.ar\/ciffyh\/?s={search_term_string}"},"query-input":{"@type":"PropertyValueSpecification","valueRequired":true,"valueName":"search_term_string"}}],"inLanguage":"es"},{"@type":"Organization","@id":"https:\/\/ffyh.unc.edu.ar\/ciffyh\/#organization","name":"Centro de Investigaciones \"Maria Saleme de Burnichon\"","url":"https:\/\/ffyh.unc.edu.ar\/ciffyh\/","logo":{"@type":"ImageObject","inLanguage":"es","@id":"https:\/\/ffyh.unc.edu.ar\/ciffyh\/#\/schema\/logo\/image\/","url":"https:\/\/ffyh.unc.edu.ar\/ciffyh\/wp-content\/uploads\/sites\/10\/2018\/02\/cropped-logo-ciffyh-ico.png","contentUrl":"https:\/\/ffyh.unc.edu.ar\/ciffyh\/wp-content\/uploads\/sites\/10\/2018\/02\/cropped-logo-ciffyh-ico.png","width":512,"height":512,"caption":"Centro de Investigaciones \"Maria Saleme de Burnichon\""},"image":{"@id":"https:\/\/ffyh.unc.edu.ar\/ciffyh\/#\/schema\/logo\/image\/"},"sameAs":["https:\/\/www.instagram.com\/ciffyh\/"]},{"@type":"Person","@id":"https:\/\/ffyh.unc.edu.ar\/ciffyh\/#\/schema\/person\/136b8e7d00e5053aff43b3dc53e99bc0","name":"tecnicaciffyh","image":{"@type":"ImageObject","inLanguage":"es","@id":"https:\/\/ffyh.unc.edu.ar\/ciffyh\/#\/schema\/person\/image\/","url":"https:\/\/secure.gravatar.com\/avatar\/dce86f5e9bf49e3aa9e05e7ed5904a9112e25483e3c8f175eb93b2f53a67c2e4?s=96&d=mm&r=g","contentUrl":"https:\/\/secure.gravatar.com\/avatar\/dce86f5e9bf49e3aa9e05e7ed5904a9112e25483e3c8f175eb93b2f53a67c2e4?s=96&d=mm&r=g","caption":"tecnicaciffyh"},"url":"https:\/\/ffyh.unc.edu.ar\/ciffyh\/author\/tecnicaciffyh\/"}]}},"jetpack_featured_media_url":"https:\/\/ffyh.unc.edu.ar\/ciffyh\/wp-content\/uploads\/sites\/10\/2023\/05\/webprorroga2.jpg","_links":{"self":[{"href":"https:\/\/ffyh.unc.edu.ar\/ciffyh\/wp-json\/wp\/v2\/posts\/5921","targetHints":{"allow":["GET"]}}],"collection":[{"href":"https:\/\/ffyh.unc.edu.ar\/ciffyh\/wp-json\/wp\/v2\/posts"}],"about":[{"href":"https:\/\/ffyh.unc.edu.ar\/ciffyh\/wp-json\/wp\/v2\/types\/post"}],"author":[{"embeddable":true,"href":"https:\/\/ffyh.unc.edu.ar\/ciffyh\/wp-json\/wp\/v2\/users\/39"}],"replies":[{"embeddable":true,"href":"https:\/\/ffyh.unc.edu.ar\/ciffyh\/wp-json\/wp\/v2\/comments?post=5921"}],"version-history":[{"count":1,"href":"https:\/\/ffyh.unc.edu.ar\/ciffyh\/wp-json\/wp\/v2\/posts\/5921\/revisions"}],"predecessor-version":[{"id":5924,"href":"https:\/\/ffyh.unc.edu.ar\/ciffyh\/wp-json\/wp\/v2\/posts\/5921\/revisions\/5924"}],"wp:featuredmedia":[{"embeddable":true,"href":"https:\/\/ffyh.unc.edu.ar\/ciffyh\/wp-json\/wp\/v2\/media\/5923"}],"wp:attachment":[{"href":"https:\/\/ffyh.unc.edu.ar\/ciffyh\/wp-json\/wp\/v2\/media?parent=5921"}],"wp:term":[{"taxonomy":"category","embeddable":true,"href":"https:\/\/ffyh.unc.edu.ar\/ciffyh\/wp-json\/wp\/v2\/categories?post=5921"},{"taxonomy":"post_tag","embeddable":true,"href":"https:\/\/ffyh.unc.edu.ar\/ciffyh\/wp-json\/wp\/v2\/tags?post=5921"}],"curies":[{"name":"wp","href":"https:\/\/api.w.org\/{rel}","templated":true}]}}