{"id":5983,"date":"2023-05-24T17:50:12","date_gmt":"2023-05-24T17:50:12","guid":{"rendered":"https:\/\/ffyh.unc.edu.ar\/ciffyh\/?p=5983"},"modified":"2023-05-24T17:51:19","modified_gmt":"2023-05-24T17:51:19","slug":"conversatorio-filo-en-luxor","status":"publish","type":"post","link":"https:\/\/ffyh.unc.edu.ar\/ciffyh\/conversatorio-filo-en-luxor\/","title":{"rendered":"Conversatorio: Filo en Luxor"},"content":{"rendered":"<p><em>El 1 de junio de 2023, a las 18 hs, en el Museo de Antropolog\u00edas de la UNC, se llevar\u00e1 a cabo el conversatorio: \u201cFilo en Luxor. Trabajos de campo en Egipto desde las carreras de Historia y Antropolog\u00eda de la FFyH \u2013 UNC\u201d, abierta a todo p\u00fablico.<\/em><\/p>\n<p><!--more--><\/p>\n<p>La charla estar\u00e1 a cargo de Dra. Bernarda Marconetto; Antrop\u00f3loga con orientaci\u00f3n en Arqueolog\u00eda e Investigadora CONICET (IDACOR) y docente del Departamento de Antropolog\u00eda, FFyH \u2013 UNC. La Dra. Silvana Yomaha, Historiadora especialista en Egiptolog\u00eda \u2013 Becaria Posdoctoral CONICET (IDACOR) y docente de la Escuela de Historia, FFyH \u2013 UNC; y la profesora Victoria Romero; Historiadora especialista en Egiptolog\u00eda \u2013 Becaria Doctoral CONICET (IDACOR).<\/p>\n<p>En el marco de proyectos de cooperaci\u00f3n internacional entre Argentina y Egipto, las docentes e investigadoras de la FFyH e IDACOR responsables de este conversatorio, vienen participando de trabajos en la necr\u00f3polis de la antigua Tebas, actual Luxor.<\/p>\n<p>Durante la campa\u00f1a de febrero y marzo 2023 del Proyecto Amenmose, han llevado adelante trabajos de excavaciones, relevamiento de epigraf\u00eda, textos e im\u00e1genes en la tumba TT318, de Amenmose -\u2018cantero de la necr\u00f3polis de Am\u00f3n\u2019- de aproximadamente 3500 a\u00f1os de antig\u00fcedad.<\/p>\n<p>Durante la charla, las profesionales socializar\u00e1n estas experiencias desde la Historia, la Arqueolog\u00eda y la Antropolog\u00eda, dando cuenta del di\u00e1logo interdisciplinario que se produce en el trabajo de campo. A su vez, compartir\u00e1n las herramientas que la educaci\u00f3n p\u00fablica brinda para sostener proyectos que se insertan en redes de investigaciones internacionales*.<\/p>\n<p>*Esta nota fue extra\u00edda de <a href=\"https:\/\/museoantropologia.unc.edu.ar\/2023\/05\/23\/conversatorio-filo-en-luxor\/\">https:\/\/museoantropologia.unc.edu.ar\/2023\/05\/23\/conversatorio-filo-en-luxor\/<\/a><\/p>\n<p><strong>Sobre el trabajo de Silvana Yomaha en el \u00c1rea de Historia de nuestro Centro<\/strong><\/p>\n<p>La Dra. Silvana Lorena Yomaha co-dirige junto a la Dra. Andrea Paula Zingarelli, el proyecto titulado \u00abEstudio de la tumba de Amenmose, TT (tumba tebana) n\u00famero 318, Sheikh Abd el-Qurna, Luxor, Rep\u00fablica \u00c1rabe de Egipto (Segunda etapa)\u00bb radicado en el \u00c1rea de Historia de nuestro Centro de investigaciones.<\/p>\n<p>El Proyecto Amenmose se propone contribuir a la conservaci\u00f3n y el estudio de la tumba de Amenmose, TT318, localizada en Sheikh Abd el-Qurna, actual Luxor, Egipto. Esta tumba se encuentra entre las numerosas capillas funerarias de altos y medianos dignatarios distribuidas de manera concentrada, pero de modo irregular a lo largo de las colinas de Tebas occidental y abarcando distintos sectores de la necr\u00f3polis: Dra Abu el-Naga, el-Assassif, el-Khokha, Gournet Murai, Deir el-Medina y Sheikh Abd el- Qurna.<\/p>\n<p>A este conjunto de tumbas se las denomina tumbas privadas o tumbas de nobles y constituyen una de las mayores fuentes de informaci\u00f3n de la sociedad egipcia antigua. A partir de la aprobaci\u00f3n del proyecto y otorgamiento del permiso para trabajar en la necr\u00f3polis, obtenida del Ministerio de Turismo y Antig\u00fcedades de la Rep\u00fablica \u00c1rabe de Egipto en abril de 2019, y de las dos campa\u00f1as de trabajo desarrolladas hasta el momento, nos proponemos contribuir a la conservaci\u00f3n del monumento a la vez que se desarrollan diversas l\u00edneas de investigaci\u00f3n interdisciplinarias con base en egiptolog\u00eda, en historia, en arte, en tecnolog\u00eda aplicada a bienes culturales, en conservaci\u00f3n y en arqueolog\u00eda.<\/p>\n<p><img fetchpriority=\"high\" decoding=\"async\" class=\"alignnone wp-image-5984 size-full\" src=\"http:\/\/ffyh.unc.edu.ar\/ciffyh\/wp-content\/uploads\/sites\/10\/2023\/05\/egipto.jpg\" alt=\"\" width=\"598\" height=\"597\" srcset=\"https:\/\/ffyh.unc.edu.ar\/ciffyh\/wp-content\/uploads\/sites\/10\/2023\/05\/egipto.jpg 598w, https:\/\/ffyh.unc.edu.ar\/ciffyh\/wp-content\/uploads\/sites\/10\/2023\/05\/egipto-300x300.jpg 300w, https:\/\/ffyh.unc.edu.ar\/ciffyh\/wp-content\/uploads\/sites\/10\/2023\/05\/egipto-150x150.jpg 150w\" sizes=\"(max-width: 598px) 100vw, 598px\" \/><\/p>\n<blockquote class=\"wp-embedded-content\" data-secret=\"Ts7Z5UhP8q\"><p><a href=\"https:\/\/ffyh.unc.edu.ar\/alfilo\/el-proyecto-amenmose-es-un-estimulo-para-estudiantes-que-les-apasiona-el-antiguo-egipto-y-se-abocan-a-su-estudio\/\">\u201cEl Proyecto Amenmose es un est\u00edmulo para estudiantes que les apasiona el antiguo Egipto y se abocan a su estudio\u201d<\/a><\/p><\/blockquote>\n<p><iframe class=\"wp-embedded-content\" sandbox=\"allow-scripts\" security=\"restricted\" style=\"position: absolute; clip: rect(1px, 1px, 1px, 1px);\" title=\"\u00ab\u201cEl Proyecto Amenmose es un est\u00edmulo para estudiantes que les apasiona el antiguo Egipto y se abocan a su estudio\u201d\u00bb \u2014 Alfilo\" src=\"https:\/\/ffyh.unc.edu.ar\/alfilo\/el-proyecto-amenmose-es-un-estimulo-para-estudiantes-que-les-apasiona-el-antiguo-egipto-y-se-abocan-a-su-estudio\/embed\/#?secret=aipxk1rthR#?secret=Ts7Z5UhP8q\" data-secret=\"Ts7Z5UhP8q\" width=\"600\" height=\"338\" frameborder=\"0\" marginwidth=\"0\" marginheight=\"0\" scrolling=\"no\"><\/iframe><\/p>\n","protected":false},"excerpt":{"rendered":"<p>El 1 de junio de 2023, a las 18 hs, en el Museo de Antropolog\u00edas de la UNC, se llevar\u00e1<\/p>\n","protected":false},"author":39,"featured_media":5988,"comment_status":"closed","ping_status":"closed","sticky":false,"template":"","format":"standard","meta":{"_acf_changed":false,"colormag_page_container_layout":"default_layout","colormag_page_sidebar_layout":"default_layout","footnotes":""},"categories":[52,39],"tags":[],"class_list":["post-5983","post","type-post","status-publish","format-standard","has-post-thumbnail","hentry","category-historia","category-conversatorios"],"acf":[],"yoast_head":"<!-- This site is optimized with the Yoast SEO plugin v27.1.1 - https:\/\/yoast.com\/product\/yoast-seo-wordpress\/ -->\n<title>Conversatorio: Filo en Luxor - Centro de Investigaciones &quot;Maria Saleme de Burnichon&quot;<\/title>\n<meta name=\"robots\" content=\"index, follow, max-snippet:-1, max-image-preview:large, max-video-preview:-1\" \/>\n<link rel=\"canonical\" href=\"https:\/\/ffyh.unc.edu.ar\/ciffyh\/conversatorio-filo-en-luxor\/\" \/>\n<meta property=\"og:locale\" content=\"es_ES\" \/>\n<meta property=\"og:type\" content=\"article\" \/>\n<meta property=\"og:title\" content=\"Conversatorio: Filo en Luxor - Centro de Investigaciones &quot;Maria Saleme de Burnichon&quot;\" \/>\n<meta property=\"og:description\" content=\"El 1 de junio de 2023, a las 18 hs, en el Museo de Antropolog\u00edas de la UNC, se llevar\u00e1\" \/>\n<meta property=\"og:url\" content=\"https:\/\/ffyh.unc.edu.ar\/ciffyh\/conversatorio-filo-en-luxor\/\" \/>\n<meta property=\"og:site_name\" content=\"Centro de Investigaciones &quot;Maria Saleme de Burnichon&quot;\" \/>\n<meta property=\"article:published_time\" content=\"2023-05-24T17:50:12+00:00\" \/>\n<meta property=\"article:modified_time\" content=\"2023-05-24T17:51:19+00:00\" \/>\n<meta property=\"og:image\" content=\"http:\/\/ffyh.unc.edu.ar\/ciffyh\/wp-content\/uploads\/sites\/10\/2023\/05\/webluxor.jpg\" \/>\n\t<meta property=\"og:image:width\" content=\"800\" \/>\n\t<meta property=\"og:image:height\" content=\"445\" \/>\n\t<meta property=\"og:image:type\" content=\"image\/jpeg\" \/>\n<meta name=\"author\" content=\"tecnicaciffyh\" \/>\n<meta name=\"twitter:card\" content=\"summary_large_image\" \/>\n<meta name=\"twitter:label1\" content=\"Escrito por\" \/>\n\t<meta name=\"twitter:data1\" content=\"\" \/>\n\t<meta name=\"twitter:label2\" content=\"Tiempo de lectura\" \/>\n\t<meta name=\"twitter:data2\" content=\"3 minutos\" \/>\n<script type=\"application\/ld+json\" class=\"yoast-schema-graph\">{\"@context\":\"https:\/\/schema.org\",\"@graph\":[{\"@type\":\"Article\",\"@id\":\"https:\/\/ffyh.unc.edu.ar\/ciffyh\/conversatorio-filo-en-luxor\/#article\",\"isPartOf\":{\"@id\":\"https:\/\/ffyh.unc.edu.ar\/ciffyh\/conversatorio-filo-en-luxor\/\"},\"author\":{\"name\":\"tecnicaciffyh\",\"@id\":\"https:\/\/ffyh.unc.edu.ar\/ciffyh\/#\/schema\/person\/136b8e7d00e5053aff43b3dc53e99bc0\"},\"headline\":\"Conversatorio: Filo en Luxor\",\"datePublished\":\"2023-05-24T17:50:12+00:00\",\"dateModified\":\"2023-05-24T17:51:19+00:00\",\"mainEntityOfPage\":{\"@id\":\"https:\/\/ffyh.unc.edu.ar\/ciffyh\/conversatorio-filo-en-luxor\/\"},\"wordCount\":547,\"publisher\":{\"@id\":\"https:\/\/ffyh.unc.edu.ar\/ciffyh\/#organization\"},\"image\":{\"@id\":\"https:\/\/ffyh.unc.edu.ar\/ciffyh\/conversatorio-filo-en-luxor\/#primaryimage\"},\"thumbnailUrl\":\"https:\/\/ffyh.unc.edu.ar\/ciffyh\/wp-content\/uploads\/sites\/10\/2023\/05\/webluxor.jpg\",\"articleSection\":[\"\u00c1rea Historia\",\"Conversatorios\"],\"inLanguage\":\"es\"},{\"@type\":\"WebPage\",\"@id\":\"https:\/\/ffyh.unc.edu.ar\/ciffyh\/conversatorio-filo-en-luxor\/\",\"url\":\"https:\/\/ffyh.unc.edu.ar\/ciffyh\/conversatorio-filo-en-luxor\/\",\"name\":\"Conversatorio: Filo en Luxor - Centro de Investigaciones &quot;Maria Saleme de Burnichon&quot;\",\"isPartOf\":{\"@id\":\"https:\/\/ffyh.unc.edu.ar\/ciffyh\/#website\"},\"primaryImageOfPage\":{\"@id\":\"https:\/\/ffyh.unc.edu.ar\/ciffyh\/conversatorio-filo-en-luxor\/#primaryimage\"},\"image\":{\"@id\":\"https:\/\/ffyh.unc.edu.ar\/ciffyh\/conversatorio-filo-en-luxor\/#primaryimage\"},\"thumbnailUrl\":\"https:\/\/ffyh.unc.edu.ar\/ciffyh\/wp-content\/uploads\/sites\/10\/2023\/05\/webluxor.jpg\",\"datePublished\":\"2023-05-24T17:50:12+00:00\",\"dateModified\":\"2023-05-24T17:51:19+00:00\",\"breadcrumb\":{\"@id\":\"https:\/\/ffyh.unc.edu.ar\/ciffyh\/conversatorio-filo-en-luxor\/#breadcrumb\"},\"inLanguage\":\"es\",\"potentialAction\":[{\"@type\":\"ReadAction\",\"target\":[\"https:\/\/ffyh.unc.edu.ar\/ciffyh\/conversatorio-filo-en-luxor\/\"]}]},{\"@type\":\"ImageObject\",\"inLanguage\":\"es\",\"@id\":\"https:\/\/ffyh.unc.edu.ar\/ciffyh\/conversatorio-filo-en-luxor\/#primaryimage\",\"url\":\"https:\/\/ffyh.unc.edu.ar\/ciffyh\/wp-content\/uploads\/sites\/10\/2023\/05\/webluxor.jpg\",\"contentUrl\":\"https:\/\/ffyh.unc.edu.ar\/ciffyh\/wp-content\/uploads\/sites\/10\/2023\/05\/webluxor.jpg\",\"width\":800,\"height\":445},{\"@type\":\"BreadcrumbList\",\"@id\":\"https:\/\/ffyh.unc.edu.ar\/ciffyh\/conversatorio-filo-en-luxor\/#breadcrumb\",\"itemListElement\":[{\"@type\":\"ListItem\",\"position\":1,\"name\":\"Portada\",\"item\":\"https:\/\/ffyh.unc.edu.ar\/ciffyh\/\"},{\"@type\":\"ListItem\",\"position\":2,\"name\":\"Conversatorio: Filo en Luxor\"}]},{\"@type\":\"WebSite\",\"@id\":\"https:\/\/ffyh.unc.edu.ar\/ciffyh\/#website\",\"url\":\"https:\/\/ffyh.unc.edu.ar\/ciffyh\/\",\"name\":\"Centro de Investigaciones \\\"Maria Saleme de Burnichon\\\"\",\"description\":\"Facultad de Filosof\u00eda y Humanidades | UNC\",\"publisher\":{\"@id\":\"https:\/\/ffyh.unc.edu.ar\/ciffyh\/#organization\"},\"potentialAction\":[{\"@type\":\"SearchAction\",\"target\":{\"@type\":\"EntryPoint\",\"urlTemplate\":\"https:\/\/ffyh.unc.edu.ar\/ciffyh\/?s={search_term_string}\"},\"query-input\":{\"@type\":\"PropertyValueSpecification\",\"valueRequired\":true,\"valueName\":\"search_term_string\"}}],\"inLanguage\":\"es\"},{\"@type\":\"Organization\",\"@id\":\"https:\/\/ffyh.unc.edu.ar\/ciffyh\/#organization\",\"name\":\"Centro de Investigaciones \\\"Maria Saleme de Burnichon\\\"\",\"url\":\"https:\/\/ffyh.unc.edu.ar\/ciffyh\/\",\"logo\":{\"@type\":\"ImageObject\",\"inLanguage\":\"es\",\"@id\":\"https:\/\/ffyh.unc.edu.ar\/ciffyh\/#\/schema\/logo\/image\/\",\"url\":\"https:\/\/ffyh.unc.edu.ar\/ciffyh\/wp-content\/uploads\/sites\/10\/2018\/02\/cropped-logo-ciffyh-ico.png\",\"contentUrl\":\"https:\/\/ffyh.unc.edu.ar\/ciffyh\/wp-content\/uploads\/sites\/10\/2018\/02\/cropped-logo-ciffyh-ico.png\",\"width\":512,\"height\":512,\"caption\":\"Centro de Investigaciones \\\"Maria Saleme de Burnichon\\\"\"},\"image\":{\"@id\":\"https:\/\/ffyh.unc.edu.ar\/ciffyh\/#\/schema\/logo\/image\/\"},\"sameAs\":[\"https:\/\/www.instagram.com\/ciffyh\/\"]},{\"@type\":\"Person\",\"@id\":\"https:\/\/ffyh.unc.edu.ar\/ciffyh\/#\/schema\/person\/136b8e7d00e5053aff43b3dc53e99bc0\",\"name\":\"tecnicaciffyh\",\"image\":{\"@type\":\"ImageObject\",\"inLanguage\":\"es\",\"@id\":\"https:\/\/ffyh.unc.edu.ar\/ciffyh\/#\/schema\/person\/image\/\",\"url\":\"https:\/\/secure.gravatar.com\/avatar\/dce86f5e9bf49e3aa9e05e7ed5904a9112e25483e3c8f175eb93b2f53a67c2e4?s=96&d=mm&r=g\",\"contentUrl\":\"https:\/\/secure.gravatar.com\/avatar\/dce86f5e9bf49e3aa9e05e7ed5904a9112e25483e3c8f175eb93b2f53a67c2e4?s=96&d=mm&r=g\",\"caption\":\"tecnicaciffyh\"},\"url\":\"https:\/\/ffyh.unc.edu.ar\/ciffyh\/author\/tecnicaciffyh\/\"}]}<\/script>\n<!-- \/ Yoast SEO plugin. -->","yoast_head_json":{"title":"Conversatorio: Filo en Luxor - Centro de Investigaciones &quot;Maria Saleme de Burnichon&quot;","robots":{"index":"index","follow":"follow","max-snippet":"max-snippet:-1","max-image-preview":"max-image-preview:large","max-video-preview":"max-video-preview:-1"},"canonical":"https:\/\/ffyh.unc.edu.ar\/ciffyh\/conversatorio-filo-en-luxor\/","og_locale":"es_ES","og_type":"article","og_title":"Conversatorio: Filo en Luxor - Centro de Investigaciones &quot;Maria Saleme de Burnichon&quot;","og_description":"El 1 de junio de 2023, a las 18 hs, en el Museo de Antropolog\u00edas de la UNC, se llevar\u00e1","og_url":"https:\/\/ffyh.unc.edu.ar\/ciffyh\/conversatorio-filo-en-luxor\/","og_site_name":"Centro de Investigaciones &quot;Maria Saleme de Burnichon&quot;","article_published_time":"2023-05-24T17:50:12+00:00","article_modified_time":"2023-05-24T17:51:19+00:00","og_image":[{"width":800,"height":445,"url":"http:\/\/ffyh.unc.edu.ar\/ciffyh\/wp-content\/uploads\/sites\/10\/2023\/05\/webluxor.jpg","type":"image\/jpeg"}],"author":"tecnicaciffyh","twitter_card":"summary_large_image","twitter_misc":{"Escrito por":false,"Tiempo de lectura":"3 minutos"},"schema":{"@context":"https:\/\/schema.org","@graph":[{"@type":"Article","@id":"https:\/\/ffyh.unc.edu.ar\/ciffyh\/conversatorio-filo-en-luxor\/#article","isPartOf":{"@id":"https:\/\/ffyh.unc.edu.ar\/ciffyh\/conversatorio-filo-en-luxor\/"},"author":{"name":"tecnicaciffyh","@id":"https:\/\/ffyh.unc.edu.ar\/ciffyh\/#\/schema\/person\/136b8e7d00e5053aff43b3dc53e99bc0"},"headline":"Conversatorio: Filo en Luxor","datePublished":"2023-05-24T17:50:12+00:00","dateModified":"2023-05-24T17:51:19+00:00","mainEntityOfPage":{"@id":"https:\/\/ffyh.unc.edu.ar\/ciffyh\/conversatorio-filo-en-luxor\/"},"wordCount":547,"publisher":{"@id":"https:\/\/ffyh.unc.edu.ar\/ciffyh\/#organization"},"image":{"@id":"https:\/\/ffyh.unc.edu.ar\/ciffyh\/conversatorio-filo-en-luxor\/#primaryimage"},"thumbnailUrl":"https:\/\/ffyh.unc.edu.ar\/ciffyh\/wp-content\/uploads\/sites\/10\/2023\/05\/webluxor.jpg","articleSection":["\u00c1rea Historia","Conversatorios"],"inLanguage":"es"},{"@type":"WebPage","@id":"https:\/\/ffyh.unc.edu.ar\/ciffyh\/conversatorio-filo-en-luxor\/","url":"https:\/\/ffyh.unc.edu.ar\/ciffyh\/conversatorio-filo-en-luxor\/","name":"Conversatorio: Filo en Luxor - Centro de Investigaciones &quot;Maria Saleme de Burnichon&quot;","isPartOf":{"@id":"https:\/\/ffyh.unc.edu.ar\/ciffyh\/#website"},"primaryImageOfPage":{"@id":"https:\/\/ffyh.unc.edu.ar\/ciffyh\/conversatorio-filo-en-luxor\/#primaryimage"},"image":{"@id":"https:\/\/ffyh.unc.edu.ar\/ciffyh\/conversatorio-filo-en-luxor\/#primaryimage"},"thumbnailUrl":"https:\/\/ffyh.unc.edu.ar\/ciffyh\/wp-content\/uploads\/sites\/10\/2023\/05\/webluxor.jpg","datePublished":"2023-05-24T17:50:12+00:00","dateModified":"2023-05-24T17:51:19+00:00","breadcrumb":{"@id":"https:\/\/ffyh.unc.edu.ar\/ciffyh\/conversatorio-filo-en-luxor\/#breadcrumb"},"inLanguage":"es","potentialAction":[{"@type":"ReadAction","target":["https:\/\/ffyh.unc.edu.ar\/ciffyh\/conversatorio-filo-en-luxor\/"]}]},{"@type":"ImageObject","inLanguage":"es","@id":"https:\/\/ffyh.unc.edu.ar\/ciffyh\/conversatorio-filo-en-luxor\/#primaryimage","url":"https:\/\/ffyh.unc.edu.ar\/ciffyh\/wp-content\/uploads\/sites\/10\/2023\/05\/webluxor.jpg","contentUrl":"https:\/\/ffyh.unc.edu.ar\/ciffyh\/wp-content\/uploads\/sites\/10\/2023\/05\/webluxor.jpg","width":800,"height":445},{"@type":"BreadcrumbList","@id":"https:\/\/ffyh.unc.edu.ar\/ciffyh\/conversatorio-filo-en-luxor\/#breadcrumb","itemListElement":[{"@type":"ListItem","position":1,"name":"Portada","item":"https:\/\/ffyh.unc.edu.ar\/ciffyh\/"},{"@type":"ListItem","position":2,"name":"Conversatorio: Filo en Luxor"}]},{"@type":"WebSite","@id":"https:\/\/ffyh.unc.edu.ar\/ciffyh\/#website","url":"https:\/\/ffyh.unc.edu.ar\/ciffyh\/","name":"Centro de Investigaciones \"Maria Saleme de Burnichon\"","description":"Facultad de Filosof\u00eda y Humanidades | UNC","publisher":{"@id":"https:\/\/ffyh.unc.edu.ar\/ciffyh\/#organization"},"potentialAction":[{"@type":"SearchAction","target":{"@type":"EntryPoint","urlTemplate":"https:\/\/ffyh.unc.edu.ar\/ciffyh\/?s={search_term_string}"},"query-input":{"@type":"PropertyValueSpecification","valueRequired":true,"valueName":"search_term_string"}}],"inLanguage":"es"},{"@type":"Organization","@id":"https:\/\/ffyh.unc.edu.ar\/ciffyh\/#organization","name":"Centro de Investigaciones \"Maria Saleme de Burnichon\"","url":"https:\/\/ffyh.unc.edu.ar\/ciffyh\/","logo":{"@type":"ImageObject","inLanguage":"es","@id":"https:\/\/ffyh.unc.edu.ar\/ciffyh\/#\/schema\/logo\/image\/","url":"https:\/\/ffyh.unc.edu.ar\/ciffyh\/wp-content\/uploads\/sites\/10\/2018\/02\/cropped-logo-ciffyh-ico.png","contentUrl":"https:\/\/ffyh.unc.edu.ar\/ciffyh\/wp-content\/uploads\/sites\/10\/2018\/02\/cropped-logo-ciffyh-ico.png","width":512,"height":512,"caption":"Centro de Investigaciones \"Maria Saleme de Burnichon\""},"image":{"@id":"https:\/\/ffyh.unc.edu.ar\/ciffyh\/#\/schema\/logo\/image\/"},"sameAs":["https:\/\/www.instagram.com\/ciffyh\/"]},{"@type":"Person","@id":"https:\/\/ffyh.unc.edu.ar\/ciffyh\/#\/schema\/person\/136b8e7d00e5053aff43b3dc53e99bc0","name":"tecnicaciffyh","image":{"@type":"ImageObject","inLanguage":"es","@id":"https:\/\/ffyh.unc.edu.ar\/ciffyh\/#\/schema\/person\/image\/","url":"https:\/\/secure.gravatar.com\/avatar\/dce86f5e9bf49e3aa9e05e7ed5904a9112e25483e3c8f175eb93b2f53a67c2e4?s=96&d=mm&r=g","contentUrl":"https:\/\/secure.gravatar.com\/avatar\/dce86f5e9bf49e3aa9e05e7ed5904a9112e25483e3c8f175eb93b2f53a67c2e4?s=96&d=mm&r=g","caption":"tecnicaciffyh"},"url":"https:\/\/ffyh.unc.edu.ar\/ciffyh\/author\/tecnicaciffyh\/"}]}},"jetpack_featured_media_url":"https:\/\/ffyh.unc.edu.ar\/ciffyh\/wp-content\/uploads\/sites\/10\/2023\/05\/webluxor.jpg","_links":{"self":[{"href":"https:\/\/ffyh.unc.edu.ar\/ciffyh\/wp-json\/wp\/v2\/posts\/5983","targetHints":{"allow":["GET"]}}],"collection":[{"href":"https:\/\/ffyh.unc.edu.ar\/ciffyh\/wp-json\/wp\/v2\/posts"}],"about":[{"href":"https:\/\/ffyh.unc.edu.ar\/ciffyh\/wp-json\/wp\/v2\/types\/post"}],"author":[{"embeddable":true,"href":"https:\/\/ffyh.unc.edu.ar\/ciffyh\/wp-json\/wp\/v2\/users\/39"}],"replies":[{"embeddable":true,"href":"https:\/\/ffyh.unc.edu.ar\/ciffyh\/wp-json\/wp\/v2\/comments?post=5983"}],"version-history":[{"count":3,"href":"https:\/\/ffyh.unc.edu.ar\/ciffyh\/wp-json\/wp\/v2\/posts\/5983\/revisions"}],"predecessor-version":[{"id":5990,"href":"https:\/\/ffyh.unc.edu.ar\/ciffyh\/wp-json\/wp\/v2\/posts\/5983\/revisions\/5990"}],"wp:featuredmedia":[{"embeddable":true,"href":"https:\/\/ffyh.unc.edu.ar\/ciffyh\/wp-json\/wp\/v2\/media\/5988"}],"wp:attachment":[{"href":"https:\/\/ffyh.unc.edu.ar\/ciffyh\/wp-json\/wp\/v2\/media?parent=5983"}],"wp:term":[{"taxonomy":"category","embeddable":true,"href":"https:\/\/ffyh.unc.edu.ar\/ciffyh\/wp-json\/wp\/v2\/categories?post=5983"},{"taxonomy":"post_tag","embeddable":true,"href":"https:\/\/ffyh.unc.edu.ar\/ciffyh\/wp-json\/wp\/v2\/tags?post=5983"}],"curies":[{"name":"wp","href":"https:\/\/api.w.org\/{rel}","templated":true}]}}