{"id":6059,"date":"2023-06-01T15:41:23","date_gmt":"2023-06-01T15:41:23","guid":{"rendered":"https:\/\/ffyh.unc.edu.ar\/ciffyh\/?p=6059"},"modified":"2023-06-01T15:41:23","modified_gmt":"2023-06-01T15:41:23","slug":"nuevo-titulo-de-las-colecciones-del-ciffyh-jovenes-y-adultos-urbanos-y-rurales-sujetos-politicas-y-practicas","status":"publish","type":"post","link":"https:\/\/ffyh.unc.edu.ar\/ciffyh\/nuevo-titulo-de-las-colecciones-del-ciffyh-jovenes-y-adultos-urbanos-y-rurales-sujetos-politicas-y-practicas\/","title":{"rendered":"Nuevo t\u00edtulo de las Colecciones del CIFFyH: J\u00f3venes y adultos urbanos y rurales. Sujetos, pol\u00edticas y pr\u00e1cticas"},"content":{"rendered":"<p><i>Este libro, compilado por Mar\u00eda del Carmen Lorenzatti y Ver\u00f3nica Ligorria, recoge los resultados del desarrollo del Programa \u201cTransformaciones estructurales, procesos y pr\u00e1cticas pol\u00edticas y experiencias formativas en espacios rurales y urbanos\u201d, dirigido por la Dra. Lorenzatti y radicado en el CIFFyH.<\/i><\/p>\n<p><!--more--><\/p>\n<p>El e-book presenta una compilaci\u00f3n de trabajos originales de Eva Mara Petiti, Mar\u00eda del Carmen Lorenzatti, Mariana Tosolini, Gloria Beinotti, Guillermina Carre\u00f1o, Macarena Romero Acu\u00f1a, Ver\u00f3nica Ligorria, Emilia Schmuck, Elisa Cragnolino, Hern\u00e1n Flores, Mercedes Hirsch, Alfredo Bearzotti, Paula Camusso, Mercedes Fune y Sofia Ambroggi.<\/p>\n<p>La organizaci\u00f3n de esta publicaci\u00f3n se compone de dos apartados. El primero de ellos titulado \u201cPol\u00edticas p\u00fablicas y educativas: perspectivas hist\u00f3ricas y socioculturales\u201d presenta\u00a0investigaciones sobre pol\u00edticas educativas en distintos momentos hist\u00f3ricos en educaci\u00f3n rural y de j\u00f3venes y adultos en el que se incluyen l\u00edneas de an\u00e1lisis sobre pol\u00edticas formaci\u00f3n docente, pr\u00e1cticas educativas escolares y sujetos, estudiantes y docentes de ambas modalidades.<\/p>\n<p>En el segundo apartado que se titula \u201cEstudios en caso: escenarios heterog\u00e9neos de la\u00a0educaci\u00f3n rural y de j\u00f3venes y adultos\u201d se presentan investigaciones que abordan las\u00a0particularidades de experiencias formativas de j\u00f3venes y adultos en distintos espacios sociales donde emergen disputas que involucran estudiantes de nivel secundario y universitarios y empresas familiares asociadas del mundo rural.<\/p>\n<p>El e-book forma parte de las Colecciones del CIFFyH, una iniciativa del Centro de Investigaciones Mar\u00eda Saleme de Burnichon (FFyH) en vinculaci\u00f3n con el \u00c1rea de Publicaciones de la FFyH que busca fortalecer la producci\u00f3n y difusi\u00f3n del trabajo de los grupos de investigaci\u00f3n del Centro, fomentar la participaci\u00f3n en la producci\u00f3n y circulaci\u00f3n del conocimiento de estudiantes, egresados\/as y docentes, y generar espacios institucionales que habiliten dicha circulaci\u00f3n.<\/p>\n<p>Les invitamos a descargar este e-book de manera gratuita.<\/p>\n<blockquote><p><a href=\"http:\/\/ffyh.unc.edu.ar\/publicaciones\/wp-content\/uploads\/sites\/35\/2023\/06\/JovenesyAdultosUrbanosyRurales.pdf\" target=\"_blank\" rel=\"noopener\">Descargar<\/a><\/p><\/blockquote>\n","protected":false},"excerpt":{"rendered":"<p>Este libro, compilado por Mar\u00eda del Carmen Lorenzatti y Ver\u00f3nica Ligorria, recoge los resultados del desarrollo del Programa \u201cTransformaciones estructurales,<\/p>\n","protected":false},"author":39,"featured_media":6057,"comment_status":"closed","ping_status":"closed","sticky":false,"template":"","format":"standard","meta":{"_acf_changed":false,"colormag_page_container_layout":"default_layout","colormag_page_sidebar_layout":"default_layout","footnotes":""},"categories":[51,8,38],"tags":[],"class_list":["post-6059","post","type-post","status-publish","format-standard","has-post-thumbnail","hentry","category-educacion","category-noticias","category-publicaciones"],"acf":[],"yoast_head":"<!-- This site is optimized with the Yoast SEO plugin v27.1.1 - https:\/\/yoast.com\/product\/yoast-seo-wordpress\/ -->\n<title>Nuevo t\u00edtulo de las Colecciones del CIFFyH: J\u00f3venes y adultos urbanos y rurales. Sujetos, pol\u00edticas y pr\u00e1cticas - Centro de Investigaciones &quot;Maria Saleme de Burnichon&quot;<\/title>\n<meta name=\"robots\" content=\"index, follow, max-snippet:-1, max-image-preview:large, max-video-preview:-1\" \/>\n<link rel=\"canonical\" href=\"https:\/\/ffyh.unc.edu.ar\/ciffyh\/nuevo-titulo-de-las-colecciones-del-ciffyh-jovenes-y-adultos-urbanos-y-rurales-sujetos-politicas-y-practicas\/\" \/>\n<meta property=\"og:locale\" content=\"es_ES\" \/>\n<meta property=\"og:type\" content=\"article\" \/>\n<meta property=\"og:title\" content=\"Nuevo t\u00edtulo de las Colecciones del CIFFyH: J\u00f3venes y adultos urbanos y rurales. Sujetos, pol\u00edticas y pr\u00e1cticas - Centro de Investigaciones &quot;Maria Saleme de Burnichon&quot;\" \/>\n<meta property=\"og:description\" content=\"Este libro, compilado por Mar\u00eda del Carmen Lorenzatti y Ver\u00f3nica Ligorria, recoge los resultados del desarrollo del Programa \u201cTransformaciones estructurales,\" \/>\n<meta property=\"og:url\" content=\"https:\/\/ffyh.unc.edu.ar\/ciffyh\/nuevo-titulo-de-las-colecciones-del-ciffyh-jovenes-y-adultos-urbanos-y-rurales-sujetos-politicas-y-practicas\/\" \/>\n<meta property=\"og:site_name\" content=\"Centro de Investigaciones &quot;Maria Saleme de Burnichon&quot;\" \/>\n<meta property=\"article:published_time\" content=\"2023-06-01T15:41:23+00:00\" \/>\n<meta property=\"og:image\" content=\"http:\/\/ffyh.unc.edu.ar\/ciffyh\/wp-content\/uploads\/sites\/10\/2023\/06\/noticia.jpg\" \/>\n\t<meta property=\"og:image:width\" content=\"800\" \/>\n\t<meta property=\"og:image:height\" content=\"445\" \/>\n\t<meta property=\"og:image:type\" content=\"image\/jpeg\" \/>\n<meta name=\"author\" content=\"tecnicaciffyh\" \/>\n<meta name=\"twitter:card\" content=\"summary_large_image\" \/>\n<meta name=\"twitter:label1\" content=\"Escrito por\" \/>\n\t<meta name=\"twitter:data1\" content=\"\" \/>\n\t<meta name=\"twitter:label2\" content=\"Tiempo de lectura\" \/>\n\t<meta name=\"twitter:data2\" content=\"2 minutos\" \/>\n<script type=\"application\/ld+json\" class=\"yoast-schema-graph\">{\"@context\":\"https:\/\/schema.org\",\"@graph\":[{\"@type\":\"Article\",\"@id\":\"https:\/\/ffyh.unc.edu.ar\/ciffyh\/nuevo-titulo-de-las-colecciones-del-ciffyh-jovenes-y-adultos-urbanos-y-rurales-sujetos-politicas-y-practicas\/#article\",\"isPartOf\":{\"@id\":\"https:\/\/ffyh.unc.edu.ar\/ciffyh\/nuevo-titulo-de-las-colecciones-del-ciffyh-jovenes-y-adultos-urbanos-y-rurales-sujetos-politicas-y-practicas\/\"},\"author\":{\"name\":\"tecnicaciffyh\",\"@id\":\"https:\/\/ffyh.unc.edu.ar\/ciffyh\/#\/schema\/person\/136b8e7d00e5053aff43b3dc53e99bc0\"},\"headline\":\"Nuevo t\u00edtulo de las Colecciones del CIFFyH: J\u00f3venes y adultos urbanos y rurales. Sujetos, pol\u00edticas y pr\u00e1cticas\",\"datePublished\":\"2023-06-01T15:41:23+00:00\",\"mainEntityOfPage\":{\"@id\":\"https:\/\/ffyh.unc.edu.ar\/ciffyh\/nuevo-titulo-de-las-colecciones-del-ciffyh-jovenes-y-adultos-urbanos-y-rurales-sujetos-politicas-y-practicas\/\"},\"wordCount\":344,\"publisher\":{\"@id\":\"https:\/\/ffyh.unc.edu.ar\/ciffyh\/#organization\"},\"image\":{\"@id\":\"https:\/\/ffyh.unc.edu.ar\/ciffyh\/nuevo-titulo-de-las-colecciones-del-ciffyh-jovenes-y-adultos-urbanos-y-rurales-sujetos-politicas-y-practicas\/#primaryimage\"},\"thumbnailUrl\":\"https:\/\/ffyh.unc.edu.ar\/ciffyh\/wp-content\/uploads\/sites\/10\/2023\/06\/noticia.jpg\",\"articleSection\":[\"\u00c1rea Educaci\u00f3n\",\"Noticias\",\"Publicaciones\"],\"inLanguage\":\"es\"},{\"@type\":\"WebPage\",\"@id\":\"https:\/\/ffyh.unc.edu.ar\/ciffyh\/nuevo-titulo-de-las-colecciones-del-ciffyh-jovenes-y-adultos-urbanos-y-rurales-sujetos-politicas-y-practicas\/\",\"url\":\"https:\/\/ffyh.unc.edu.ar\/ciffyh\/nuevo-titulo-de-las-colecciones-del-ciffyh-jovenes-y-adultos-urbanos-y-rurales-sujetos-politicas-y-practicas\/\",\"name\":\"Nuevo t\u00edtulo de las Colecciones del CIFFyH: J\u00f3venes y adultos urbanos y rurales. Sujetos, pol\u00edticas y pr\u00e1cticas - Centro de Investigaciones &quot;Maria Saleme de Burnichon&quot;\",\"isPartOf\":{\"@id\":\"https:\/\/ffyh.unc.edu.ar\/ciffyh\/#website\"},\"primaryImageOfPage\":{\"@id\":\"https:\/\/ffyh.unc.edu.ar\/ciffyh\/nuevo-titulo-de-las-colecciones-del-ciffyh-jovenes-y-adultos-urbanos-y-rurales-sujetos-politicas-y-practicas\/#primaryimage\"},\"image\":{\"@id\":\"https:\/\/ffyh.unc.edu.ar\/ciffyh\/nuevo-titulo-de-las-colecciones-del-ciffyh-jovenes-y-adultos-urbanos-y-rurales-sujetos-politicas-y-practicas\/#primaryimage\"},\"thumbnailUrl\":\"https:\/\/ffyh.unc.edu.ar\/ciffyh\/wp-content\/uploads\/sites\/10\/2023\/06\/noticia.jpg\",\"datePublished\":\"2023-06-01T15:41:23+00:00\",\"breadcrumb\":{\"@id\":\"https:\/\/ffyh.unc.edu.ar\/ciffyh\/nuevo-titulo-de-las-colecciones-del-ciffyh-jovenes-y-adultos-urbanos-y-rurales-sujetos-politicas-y-practicas\/#breadcrumb\"},\"inLanguage\":\"es\",\"potentialAction\":[{\"@type\":\"ReadAction\",\"target\":[\"https:\/\/ffyh.unc.edu.ar\/ciffyh\/nuevo-titulo-de-las-colecciones-del-ciffyh-jovenes-y-adultos-urbanos-y-rurales-sujetos-politicas-y-practicas\/\"]}]},{\"@type\":\"ImageObject\",\"inLanguage\":\"es\",\"@id\":\"https:\/\/ffyh.unc.edu.ar\/ciffyh\/nuevo-titulo-de-las-colecciones-del-ciffyh-jovenes-y-adultos-urbanos-y-rurales-sujetos-politicas-y-practicas\/#primaryimage\",\"url\":\"https:\/\/ffyh.unc.edu.ar\/ciffyh\/wp-content\/uploads\/sites\/10\/2023\/06\/noticia.jpg\",\"contentUrl\":\"https:\/\/ffyh.unc.edu.ar\/ciffyh\/wp-content\/uploads\/sites\/10\/2023\/06\/noticia.jpg\",\"width\":800,\"height\":445},{\"@type\":\"BreadcrumbList\",\"@id\":\"https:\/\/ffyh.unc.edu.ar\/ciffyh\/nuevo-titulo-de-las-colecciones-del-ciffyh-jovenes-y-adultos-urbanos-y-rurales-sujetos-politicas-y-practicas\/#breadcrumb\",\"itemListElement\":[{\"@type\":\"ListItem\",\"position\":1,\"name\":\"Portada\",\"item\":\"https:\/\/ffyh.unc.edu.ar\/ciffyh\/\"},{\"@type\":\"ListItem\",\"position\":2,\"name\":\"Nuevo t\u00edtulo de las Colecciones del CIFFyH: J\u00f3venes y adultos urbanos y rurales. Sujetos, pol\u00edticas y pr\u00e1cticas\"}]},{\"@type\":\"WebSite\",\"@id\":\"https:\/\/ffyh.unc.edu.ar\/ciffyh\/#website\",\"url\":\"https:\/\/ffyh.unc.edu.ar\/ciffyh\/\",\"name\":\"Centro de Investigaciones \\\"Maria Saleme de Burnichon\\\"\",\"description\":\"Facultad de Filosof\u00eda y Humanidades | UNC\",\"publisher\":{\"@id\":\"https:\/\/ffyh.unc.edu.ar\/ciffyh\/#organization\"},\"potentialAction\":[{\"@type\":\"SearchAction\",\"target\":{\"@type\":\"EntryPoint\",\"urlTemplate\":\"https:\/\/ffyh.unc.edu.ar\/ciffyh\/?s={search_term_string}\"},\"query-input\":{\"@type\":\"PropertyValueSpecification\",\"valueRequired\":true,\"valueName\":\"search_term_string\"}}],\"inLanguage\":\"es\"},{\"@type\":\"Organization\",\"@id\":\"https:\/\/ffyh.unc.edu.ar\/ciffyh\/#organization\",\"name\":\"Centro de Investigaciones \\\"Maria Saleme de Burnichon\\\"\",\"url\":\"https:\/\/ffyh.unc.edu.ar\/ciffyh\/\",\"logo\":{\"@type\":\"ImageObject\",\"inLanguage\":\"es\",\"@id\":\"https:\/\/ffyh.unc.edu.ar\/ciffyh\/#\/schema\/logo\/image\/\",\"url\":\"https:\/\/ffyh.unc.edu.ar\/ciffyh\/wp-content\/uploads\/sites\/10\/2018\/02\/cropped-logo-ciffyh-ico.png\",\"contentUrl\":\"https:\/\/ffyh.unc.edu.ar\/ciffyh\/wp-content\/uploads\/sites\/10\/2018\/02\/cropped-logo-ciffyh-ico.png\",\"width\":512,\"height\":512,\"caption\":\"Centro de Investigaciones \\\"Maria Saleme de Burnichon\\\"\"},\"image\":{\"@id\":\"https:\/\/ffyh.unc.edu.ar\/ciffyh\/#\/schema\/logo\/image\/\"},\"sameAs\":[\"https:\/\/www.instagram.com\/ciffyh\/\"]},{\"@type\":\"Person\",\"@id\":\"https:\/\/ffyh.unc.edu.ar\/ciffyh\/#\/schema\/person\/136b8e7d00e5053aff43b3dc53e99bc0\",\"name\":\"tecnicaciffyh\",\"image\":{\"@type\":\"ImageObject\",\"inLanguage\":\"es\",\"@id\":\"https:\/\/ffyh.unc.edu.ar\/ciffyh\/#\/schema\/person\/image\/\",\"url\":\"https:\/\/secure.gravatar.com\/avatar\/dce86f5e9bf49e3aa9e05e7ed5904a9112e25483e3c8f175eb93b2f53a67c2e4?s=96&d=mm&r=g\",\"contentUrl\":\"https:\/\/secure.gravatar.com\/avatar\/dce86f5e9bf49e3aa9e05e7ed5904a9112e25483e3c8f175eb93b2f53a67c2e4?s=96&d=mm&r=g\",\"caption\":\"tecnicaciffyh\"},\"url\":\"https:\/\/ffyh.unc.edu.ar\/ciffyh\/author\/tecnicaciffyh\/\"}]}<\/script>\n<!-- \/ Yoast SEO plugin. -->","yoast_head_json":{"title":"Nuevo t\u00edtulo de las Colecciones del CIFFyH: J\u00f3venes y adultos urbanos y rurales. Sujetos, pol\u00edticas y pr\u00e1cticas - Centro de Investigaciones &quot;Maria Saleme de Burnichon&quot;","robots":{"index":"index","follow":"follow","max-snippet":"max-snippet:-1","max-image-preview":"max-image-preview:large","max-video-preview":"max-video-preview:-1"},"canonical":"https:\/\/ffyh.unc.edu.ar\/ciffyh\/nuevo-titulo-de-las-colecciones-del-ciffyh-jovenes-y-adultos-urbanos-y-rurales-sujetos-politicas-y-practicas\/","og_locale":"es_ES","og_type":"article","og_title":"Nuevo t\u00edtulo de las Colecciones del CIFFyH: J\u00f3venes y adultos urbanos y rurales. Sujetos, pol\u00edticas y pr\u00e1cticas - Centro de Investigaciones &quot;Maria Saleme de Burnichon&quot;","og_description":"Este libro, compilado por Mar\u00eda del Carmen Lorenzatti y Ver\u00f3nica Ligorria, recoge los resultados del desarrollo del Programa \u201cTransformaciones estructurales,","og_url":"https:\/\/ffyh.unc.edu.ar\/ciffyh\/nuevo-titulo-de-las-colecciones-del-ciffyh-jovenes-y-adultos-urbanos-y-rurales-sujetos-politicas-y-practicas\/","og_site_name":"Centro de Investigaciones &quot;Maria Saleme de Burnichon&quot;","article_published_time":"2023-06-01T15:41:23+00:00","og_image":[{"width":800,"height":445,"url":"http:\/\/ffyh.unc.edu.ar\/ciffyh\/wp-content\/uploads\/sites\/10\/2023\/06\/noticia.jpg","type":"image\/jpeg"}],"author":"tecnicaciffyh","twitter_card":"summary_large_image","twitter_misc":{"Escrito por":false,"Tiempo de lectura":"2 minutos"},"schema":{"@context":"https:\/\/schema.org","@graph":[{"@type":"Article","@id":"https:\/\/ffyh.unc.edu.ar\/ciffyh\/nuevo-titulo-de-las-colecciones-del-ciffyh-jovenes-y-adultos-urbanos-y-rurales-sujetos-politicas-y-practicas\/#article","isPartOf":{"@id":"https:\/\/ffyh.unc.edu.ar\/ciffyh\/nuevo-titulo-de-las-colecciones-del-ciffyh-jovenes-y-adultos-urbanos-y-rurales-sujetos-politicas-y-practicas\/"},"author":{"name":"tecnicaciffyh","@id":"https:\/\/ffyh.unc.edu.ar\/ciffyh\/#\/schema\/person\/136b8e7d00e5053aff43b3dc53e99bc0"},"headline":"Nuevo t\u00edtulo de las Colecciones del CIFFyH: J\u00f3venes y adultos urbanos y rurales. Sujetos, pol\u00edticas y pr\u00e1cticas","datePublished":"2023-06-01T15:41:23+00:00","mainEntityOfPage":{"@id":"https:\/\/ffyh.unc.edu.ar\/ciffyh\/nuevo-titulo-de-las-colecciones-del-ciffyh-jovenes-y-adultos-urbanos-y-rurales-sujetos-politicas-y-practicas\/"},"wordCount":344,"publisher":{"@id":"https:\/\/ffyh.unc.edu.ar\/ciffyh\/#organization"},"image":{"@id":"https:\/\/ffyh.unc.edu.ar\/ciffyh\/nuevo-titulo-de-las-colecciones-del-ciffyh-jovenes-y-adultos-urbanos-y-rurales-sujetos-politicas-y-practicas\/#primaryimage"},"thumbnailUrl":"https:\/\/ffyh.unc.edu.ar\/ciffyh\/wp-content\/uploads\/sites\/10\/2023\/06\/noticia.jpg","articleSection":["\u00c1rea Educaci\u00f3n","Noticias","Publicaciones"],"inLanguage":"es"},{"@type":"WebPage","@id":"https:\/\/ffyh.unc.edu.ar\/ciffyh\/nuevo-titulo-de-las-colecciones-del-ciffyh-jovenes-y-adultos-urbanos-y-rurales-sujetos-politicas-y-practicas\/","url":"https:\/\/ffyh.unc.edu.ar\/ciffyh\/nuevo-titulo-de-las-colecciones-del-ciffyh-jovenes-y-adultos-urbanos-y-rurales-sujetos-politicas-y-practicas\/","name":"Nuevo t\u00edtulo de las Colecciones del CIFFyH: J\u00f3venes y adultos urbanos y rurales. Sujetos, pol\u00edticas y pr\u00e1cticas - Centro de Investigaciones &quot;Maria Saleme de Burnichon&quot;","isPartOf":{"@id":"https:\/\/ffyh.unc.edu.ar\/ciffyh\/#website"},"primaryImageOfPage":{"@id":"https:\/\/ffyh.unc.edu.ar\/ciffyh\/nuevo-titulo-de-las-colecciones-del-ciffyh-jovenes-y-adultos-urbanos-y-rurales-sujetos-politicas-y-practicas\/#primaryimage"},"image":{"@id":"https:\/\/ffyh.unc.edu.ar\/ciffyh\/nuevo-titulo-de-las-colecciones-del-ciffyh-jovenes-y-adultos-urbanos-y-rurales-sujetos-politicas-y-practicas\/#primaryimage"},"thumbnailUrl":"https:\/\/ffyh.unc.edu.ar\/ciffyh\/wp-content\/uploads\/sites\/10\/2023\/06\/noticia.jpg","datePublished":"2023-06-01T15:41:23+00:00","breadcrumb":{"@id":"https:\/\/ffyh.unc.edu.ar\/ciffyh\/nuevo-titulo-de-las-colecciones-del-ciffyh-jovenes-y-adultos-urbanos-y-rurales-sujetos-politicas-y-practicas\/#breadcrumb"},"inLanguage":"es","potentialAction":[{"@type":"ReadAction","target":["https:\/\/ffyh.unc.edu.ar\/ciffyh\/nuevo-titulo-de-las-colecciones-del-ciffyh-jovenes-y-adultos-urbanos-y-rurales-sujetos-politicas-y-practicas\/"]}]},{"@type":"ImageObject","inLanguage":"es","@id":"https:\/\/ffyh.unc.edu.ar\/ciffyh\/nuevo-titulo-de-las-colecciones-del-ciffyh-jovenes-y-adultos-urbanos-y-rurales-sujetos-politicas-y-practicas\/#primaryimage","url":"https:\/\/ffyh.unc.edu.ar\/ciffyh\/wp-content\/uploads\/sites\/10\/2023\/06\/noticia.jpg","contentUrl":"https:\/\/ffyh.unc.edu.ar\/ciffyh\/wp-content\/uploads\/sites\/10\/2023\/06\/noticia.jpg","width":800,"height":445},{"@type":"BreadcrumbList","@id":"https:\/\/ffyh.unc.edu.ar\/ciffyh\/nuevo-titulo-de-las-colecciones-del-ciffyh-jovenes-y-adultos-urbanos-y-rurales-sujetos-politicas-y-practicas\/#breadcrumb","itemListElement":[{"@type":"ListItem","position":1,"name":"Portada","item":"https:\/\/ffyh.unc.edu.ar\/ciffyh\/"},{"@type":"ListItem","position":2,"name":"Nuevo t\u00edtulo de las Colecciones del CIFFyH: J\u00f3venes y adultos urbanos y rurales. Sujetos, pol\u00edticas y pr\u00e1cticas"}]},{"@type":"WebSite","@id":"https:\/\/ffyh.unc.edu.ar\/ciffyh\/#website","url":"https:\/\/ffyh.unc.edu.ar\/ciffyh\/","name":"Centro de Investigaciones \"Maria Saleme de Burnichon\"","description":"Facultad de Filosof\u00eda y Humanidades | UNC","publisher":{"@id":"https:\/\/ffyh.unc.edu.ar\/ciffyh\/#organization"},"potentialAction":[{"@type":"SearchAction","target":{"@type":"EntryPoint","urlTemplate":"https:\/\/ffyh.unc.edu.ar\/ciffyh\/?s={search_term_string}"},"query-input":{"@type":"PropertyValueSpecification","valueRequired":true,"valueName":"search_term_string"}}],"inLanguage":"es"},{"@type":"Organization","@id":"https:\/\/ffyh.unc.edu.ar\/ciffyh\/#organization","name":"Centro de Investigaciones \"Maria Saleme de Burnichon\"","url":"https:\/\/ffyh.unc.edu.ar\/ciffyh\/","logo":{"@type":"ImageObject","inLanguage":"es","@id":"https:\/\/ffyh.unc.edu.ar\/ciffyh\/#\/schema\/logo\/image\/","url":"https:\/\/ffyh.unc.edu.ar\/ciffyh\/wp-content\/uploads\/sites\/10\/2018\/02\/cropped-logo-ciffyh-ico.png","contentUrl":"https:\/\/ffyh.unc.edu.ar\/ciffyh\/wp-content\/uploads\/sites\/10\/2018\/02\/cropped-logo-ciffyh-ico.png","width":512,"height":512,"caption":"Centro de Investigaciones \"Maria Saleme de Burnichon\""},"image":{"@id":"https:\/\/ffyh.unc.edu.ar\/ciffyh\/#\/schema\/logo\/image\/"},"sameAs":["https:\/\/www.instagram.com\/ciffyh\/"]},{"@type":"Person","@id":"https:\/\/ffyh.unc.edu.ar\/ciffyh\/#\/schema\/person\/136b8e7d00e5053aff43b3dc53e99bc0","name":"tecnicaciffyh","image":{"@type":"ImageObject","inLanguage":"es","@id":"https:\/\/ffyh.unc.edu.ar\/ciffyh\/#\/schema\/person\/image\/","url":"https:\/\/secure.gravatar.com\/avatar\/dce86f5e9bf49e3aa9e05e7ed5904a9112e25483e3c8f175eb93b2f53a67c2e4?s=96&d=mm&r=g","contentUrl":"https:\/\/secure.gravatar.com\/avatar\/dce86f5e9bf49e3aa9e05e7ed5904a9112e25483e3c8f175eb93b2f53a67c2e4?s=96&d=mm&r=g","caption":"tecnicaciffyh"},"url":"https:\/\/ffyh.unc.edu.ar\/ciffyh\/author\/tecnicaciffyh\/"}]}},"jetpack_featured_media_url":"https:\/\/ffyh.unc.edu.ar\/ciffyh\/wp-content\/uploads\/sites\/10\/2023\/06\/noticia.jpg","_links":{"self":[{"href":"https:\/\/ffyh.unc.edu.ar\/ciffyh\/wp-json\/wp\/v2\/posts\/6059","targetHints":{"allow":["GET"]}}],"collection":[{"href":"https:\/\/ffyh.unc.edu.ar\/ciffyh\/wp-json\/wp\/v2\/posts"}],"about":[{"href":"https:\/\/ffyh.unc.edu.ar\/ciffyh\/wp-json\/wp\/v2\/types\/post"}],"author":[{"embeddable":true,"href":"https:\/\/ffyh.unc.edu.ar\/ciffyh\/wp-json\/wp\/v2\/users\/39"}],"replies":[{"embeddable":true,"href":"https:\/\/ffyh.unc.edu.ar\/ciffyh\/wp-json\/wp\/v2\/comments?post=6059"}],"version-history":[{"count":1,"href":"https:\/\/ffyh.unc.edu.ar\/ciffyh\/wp-json\/wp\/v2\/posts\/6059\/revisions"}],"predecessor-version":[{"id":6060,"href":"https:\/\/ffyh.unc.edu.ar\/ciffyh\/wp-json\/wp\/v2\/posts\/6059\/revisions\/6060"}],"wp:featuredmedia":[{"embeddable":true,"href":"https:\/\/ffyh.unc.edu.ar\/ciffyh\/wp-json\/wp\/v2\/media\/6057"}],"wp:attachment":[{"href":"https:\/\/ffyh.unc.edu.ar\/ciffyh\/wp-json\/wp\/v2\/media?parent=6059"}],"wp:term":[{"taxonomy":"category","embeddable":true,"href":"https:\/\/ffyh.unc.edu.ar\/ciffyh\/wp-json\/wp\/v2\/categories?post=6059"},{"taxonomy":"post_tag","embeddable":true,"href":"https:\/\/ffyh.unc.edu.ar\/ciffyh\/wp-json\/wp\/v2\/tags?post=6059"}],"curies":[{"name":"wp","href":"https:\/\/api.w.org\/{rel}","templated":true}]}}