{"id":6073,"date":"2023-06-05T19:24:31","date_gmt":"2023-06-05T19:24:31","guid":{"rendered":"https:\/\/ffyh.unc.edu.ar\/ciffyh\/?p=6073"},"modified":"2023-06-05T19:29:11","modified_gmt":"2023-06-05T19:29:11","slug":"escrito-en-filo-homenaje-salvatico","status":"publish","type":"post","link":"https:\/\/ffyh.unc.edu.ar\/ciffyh\/escrito-en-filo-homenaje-salvatico\/","title":{"rendered":"Escrito en filo homenaje: Presentaci\u00f3n del e-book \u00abEpistemolog\u00eda e Historia de la Astronom\u00eda Volumen I\u00bb editado por Maximiliano Bozzoli, Luis Salvatico y David Merlo"},"content":{"rendered":"<p><em>Invitamos a participar de una nueva edici\u00f3n del ciclo \u00ab<\/em><em>Escrito en filo\u00bb<\/em> <em>en homenaje a Luis Salvatico. En esta ocasi\u00f3n se presentar\u00e1 el<\/em><em> e-book: Epistemolog\u00eda e Historia de la Astronom\u00eda Volumen I.<\/em><\/p>\n<p><!--more--><\/p>\n<p>El libro \u201cEpistemolog\u00eda e Historia de la Astronom\u00eda Volumen I\u201d compilado por Maximiliano Bozzoli, Luis Salvatico y David Merlo re\u00fane una selecci\u00f3n de trabajos presentados en las Primeras Jornadas de Epistemolog\u00eda e Historia de la Astronom\u00eda (JEHA-I) que se desarrollaron de manera virtual entre el 1\u00b0 y 3 de noviembre del a\u00f1o 2021.<\/p>\n<p>El e-book forma parte de las Colecciones del CIFFyH, una iniciativa del Centro de Investigaciones Mar\u00eda Saleme de Burnichon (FFyH) en vinculaci\u00f3n con el \u00c1rea de Publicaciones de la FFyH que busca fortalecer la producci\u00f3n y difusi\u00f3n del trabajo de los grupos de investigaci\u00f3n del Centro, fomentar la participaci\u00f3n en la producci\u00f3n y circulaci\u00f3n del conocimiento de estudiantes, egresados\/as y docentes, y generar espacios institucionales que habiliten dicha circulaci\u00f3n.<\/p>\n<p><strong>D\u00eda y hora:<\/strong> Mi\u00e9rcoles 21 de Junio de 18 a 20hs.<br \/>\n<strong>Lugar:<\/strong> Museo de Antropolog\u00edas (Av. Hip\u00f3lito Yrigoyen 174)<\/p>\n<p>Luego de la presentaci\u00f3n del e-book habr\u00e1 un encuentro en memoria de Luis Salvatico en el que participar\u00e1n V\u00edctor Rodr\u00edguez, Silvina Cuella, Alicia Guti\u00e9rrez, Flavia Dezzutto y Gloria Edelstein.<\/p>\n<p><strong>Organizan:<\/strong> Escuela de Filosof\u00eda, \u00c1rea de Filosof\u00eda, Ciffyh, IDH, FFyH, FSC<\/p>\n<p><img fetchpriority=\"high\" decoding=\"async\" class=\"alignnone wp-image-6074 size-large\" src=\"http:\/\/ffyh.unc.edu.ar\/ciffyh\/wp-content\/uploads\/sites\/10\/2023\/06\/Escrito-en-Filo-Homenaje-a-Luis-Salvatico-1024x1024.jpeg\" alt=\"\" width=\"800\" height=\"800\" srcset=\"https:\/\/ffyh.unc.edu.ar\/ciffyh\/wp-content\/uploads\/sites\/10\/2023\/06\/Escrito-en-Filo-Homenaje-a-Luis-Salvatico-1024x1024.jpeg 1024w, https:\/\/ffyh.unc.edu.ar\/ciffyh\/wp-content\/uploads\/sites\/10\/2023\/06\/Escrito-en-Filo-Homenaje-a-Luis-Salvatico-300x300.jpeg 300w, https:\/\/ffyh.unc.edu.ar\/ciffyh\/wp-content\/uploads\/sites\/10\/2023\/06\/Escrito-en-Filo-Homenaje-a-Luis-Salvatico-150x150.jpeg 150w, https:\/\/ffyh.unc.edu.ar\/ciffyh\/wp-content\/uploads\/sites\/10\/2023\/06\/Escrito-en-Filo-Homenaje-a-Luis-Salvatico-768x769.jpeg 768w, https:\/\/ffyh.unc.edu.ar\/ciffyh\/wp-content\/uploads\/sites\/10\/2023\/06\/Escrito-en-Filo-Homenaje-a-Luis-Salvatico.jpeg 1080w\" sizes=\"(max-width: 800px) 100vw, 800px\" \/><\/p>\n<blockquote class=\"wp-embedded-content\" data-secret=\"RcKVWeHdWF\"><p><a href=\"https:\/\/ffyh.unc.edu.ar\/ciffyh\/epistemologia-e-historia-de-la-astronomia-volumen-i-nuevo-e-book-de-las-colecciones-del-ciffyh\/\">Epistemolog\u00eda e Historia de la Astronom\u00eda Volumen I: nuevo e-book de las Colecciones del CIFFyH<\/a><\/p><\/blockquote>\n<p><iframe class=\"wp-embedded-content\" sandbox=\"allow-scripts\" security=\"restricted\" style=\"position: absolute; clip: rect(1px, 1px, 1px, 1px);\" title=\"\u00abEpistemolog\u00eda e Historia de la Astronom\u00eda Volumen I: nuevo e-book de las Colecciones del CIFFyH\u00bb \u2014 Centro de Investigaciones &quot;Maria Saleme de Burnichon&quot;\" src=\"https:\/\/ffyh.unc.edu.ar\/ciffyh\/epistemologia-e-historia-de-la-astronomia-volumen-i-nuevo-e-book-de-las-colecciones-del-ciffyh\/embed\/#?secret=OdzCwIephX#?secret=RcKVWeHdWF\" data-secret=\"RcKVWeHdWF\" width=\"600\" height=\"338\" frameborder=\"0\" marginwidth=\"0\" marginheight=\"0\" scrolling=\"no\"><\/iframe><\/p>\n","protected":false},"excerpt":{"rendered":"<p>Invitamos a participar de una nueva edici\u00f3n del ciclo \u00abEscrito en filo\u00bb en homenaje a Luis Salvatico. En esta ocasi\u00f3n<\/p>\n","protected":false},"author":39,"featured_media":6075,"comment_status":"closed","ping_status":"closed","sticky":false,"template":"","format":"standard","meta":{"_acf_changed":false,"colormag_page_container_layout":"default_layout","colormag_page_sidebar_layout":"default_layout","footnotes":""},"categories":[49,8,40],"tags":[],"class_list":["post-6073","post","type-post","status-publish","format-standard","has-post-thumbnail","hentry","category-filosofia","category-noticias","category-presentaciones-de-libros"],"acf":[],"yoast_head":"<!-- This site is optimized with the Yoast SEO plugin v27.1.1 - https:\/\/yoast.com\/product\/yoast-seo-wordpress\/ -->\n<title>Escrito en filo homenaje: Presentaci\u00f3n del e-book &quot;Epistemolog\u00eda e Historia de la Astronom\u00eda Volumen I&quot; editado por Maximiliano Bozzoli, Luis Salvatico y David Merlo - Centro de Investigaciones &quot;Maria Saleme de Burnichon&quot;<\/title>\n<meta name=\"robots\" content=\"index, follow, max-snippet:-1, max-image-preview:large, max-video-preview:-1\" \/>\n<link rel=\"canonical\" href=\"https:\/\/ffyh.unc.edu.ar\/ciffyh\/escrito-en-filo-homenaje-salvatico\/\" \/>\n<meta property=\"og:locale\" content=\"es_ES\" \/>\n<meta property=\"og:type\" content=\"article\" \/>\n<meta property=\"og:title\" content=\"Escrito en filo homenaje: Presentaci\u00f3n del e-book &quot;Epistemolog\u00eda e Historia de la Astronom\u00eda Volumen I&quot; editado por Maximiliano Bozzoli, Luis Salvatico y David Merlo - Centro de Investigaciones &quot;Maria Saleme de Burnichon&quot;\" \/>\n<meta property=\"og:description\" content=\"Invitamos a participar de una nueva edici\u00f3n del ciclo \u00abEscrito en filo\u00bb en homenaje a Luis Salvatico. En esta ocasi\u00f3n\" \/>\n<meta property=\"og:url\" content=\"https:\/\/ffyh.unc.edu.ar\/ciffyh\/escrito-en-filo-homenaje-salvatico\/\" \/>\n<meta property=\"og:site_name\" content=\"Centro de Investigaciones &quot;Maria Saleme de Burnichon&quot;\" \/>\n<meta property=\"article:published_time\" content=\"2023-06-05T19:24:31+00:00\" \/>\n<meta property=\"article:modified_time\" content=\"2023-06-05T19:29:11+00:00\" \/>\n<meta property=\"og:image\" content=\"http:\/\/ffyh.unc.edu.ar\/ciffyh\/wp-content\/uploads\/sites\/10\/2023\/06\/salvaticoweb.jpg\" \/>\n\t<meta property=\"og:image:width\" content=\"800\" \/>\n\t<meta property=\"og:image:height\" content=\"445\" \/>\n\t<meta property=\"og:image:type\" content=\"image\/jpeg\" \/>\n<meta name=\"author\" content=\"tecnicaciffyh\" \/>\n<meta name=\"twitter:card\" content=\"summary_large_image\" \/>\n<meta name=\"twitter:label1\" content=\"Escrito por\" \/>\n\t<meta name=\"twitter:data1\" content=\"\" \/>\n\t<meta name=\"twitter:label2\" content=\"Tiempo de lectura\" \/>\n\t<meta name=\"twitter:data2\" content=\"2 minutos\" \/>\n<script type=\"application\/ld+json\" class=\"yoast-schema-graph\">{\"@context\":\"https:\/\/schema.org\",\"@graph\":[{\"@type\":\"Article\",\"@id\":\"https:\/\/ffyh.unc.edu.ar\/ciffyh\/escrito-en-filo-homenaje-salvatico\/#article\",\"isPartOf\":{\"@id\":\"https:\/\/ffyh.unc.edu.ar\/ciffyh\/escrito-en-filo-homenaje-salvatico\/\"},\"author\":{\"name\":\"tecnicaciffyh\",\"@id\":\"https:\/\/ffyh.unc.edu.ar\/ciffyh\/#\/schema\/person\/136b8e7d00e5053aff43b3dc53e99bc0\"},\"headline\":\"Escrito en filo homenaje: Presentaci\u00f3n del e-book \u00abEpistemolog\u00eda e Historia de la Astronom\u00eda Volumen I\u00bb editado por Maximiliano Bozzoli, Luis Salvatico y David Merlo\",\"datePublished\":\"2023-06-05T19:24:31+00:00\",\"dateModified\":\"2023-06-05T19:29:11+00:00\",\"mainEntityOfPage\":{\"@id\":\"https:\/\/ffyh.unc.edu.ar\/ciffyh\/escrito-en-filo-homenaje-salvatico\/\"},\"wordCount\":273,\"publisher\":{\"@id\":\"https:\/\/ffyh.unc.edu.ar\/ciffyh\/#organization\"},\"image\":{\"@id\":\"https:\/\/ffyh.unc.edu.ar\/ciffyh\/escrito-en-filo-homenaje-salvatico\/#primaryimage\"},\"thumbnailUrl\":\"https:\/\/ffyh.unc.edu.ar\/ciffyh\/wp-content\/uploads\/sites\/10\/2023\/06\/salvaticoweb.jpg\",\"articleSection\":[\"\u00c1rea Filosof\u00eda\",\"Noticias\",\"Presentaciones de libros\"],\"inLanguage\":\"es\"},{\"@type\":\"WebPage\",\"@id\":\"https:\/\/ffyh.unc.edu.ar\/ciffyh\/escrito-en-filo-homenaje-salvatico\/\",\"url\":\"https:\/\/ffyh.unc.edu.ar\/ciffyh\/escrito-en-filo-homenaje-salvatico\/\",\"name\":\"Escrito en filo homenaje: Presentaci\u00f3n del e-book \\\"Epistemolog\u00eda e Historia de la Astronom\u00eda Volumen I\\\" editado por Maximiliano Bozzoli, Luis Salvatico y David Merlo - Centro de Investigaciones &quot;Maria Saleme de Burnichon&quot;\",\"isPartOf\":{\"@id\":\"https:\/\/ffyh.unc.edu.ar\/ciffyh\/#website\"},\"primaryImageOfPage\":{\"@id\":\"https:\/\/ffyh.unc.edu.ar\/ciffyh\/escrito-en-filo-homenaje-salvatico\/#primaryimage\"},\"image\":{\"@id\":\"https:\/\/ffyh.unc.edu.ar\/ciffyh\/escrito-en-filo-homenaje-salvatico\/#primaryimage\"},\"thumbnailUrl\":\"https:\/\/ffyh.unc.edu.ar\/ciffyh\/wp-content\/uploads\/sites\/10\/2023\/06\/salvaticoweb.jpg\",\"datePublished\":\"2023-06-05T19:24:31+00:00\",\"dateModified\":\"2023-06-05T19:29:11+00:00\",\"breadcrumb\":{\"@id\":\"https:\/\/ffyh.unc.edu.ar\/ciffyh\/escrito-en-filo-homenaje-salvatico\/#breadcrumb\"},\"inLanguage\":\"es\",\"potentialAction\":[{\"@type\":\"ReadAction\",\"target\":[\"https:\/\/ffyh.unc.edu.ar\/ciffyh\/escrito-en-filo-homenaje-salvatico\/\"]}]},{\"@type\":\"ImageObject\",\"inLanguage\":\"es\",\"@id\":\"https:\/\/ffyh.unc.edu.ar\/ciffyh\/escrito-en-filo-homenaje-salvatico\/#primaryimage\",\"url\":\"https:\/\/ffyh.unc.edu.ar\/ciffyh\/wp-content\/uploads\/sites\/10\/2023\/06\/salvaticoweb.jpg\",\"contentUrl\":\"https:\/\/ffyh.unc.edu.ar\/ciffyh\/wp-content\/uploads\/sites\/10\/2023\/06\/salvaticoweb.jpg\",\"width\":800,\"height\":445},{\"@type\":\"BreadcrumbList\",\"@id\":\"https:\/\/ffyh.unc.edu.ar\/ciffyh\/escrito-en-filo-homenaje-salvatico\/#breadcrumb\",\"itemListElement\":[{\"@type\":\"ListItem\",\"position\":1,\"name\":\"Portada\",\"item\":\"https:\/\/ffyh.unc.edu.ar\/ciffyh\/\"},{\"@type\":\"ListItem\",\"position\":2,\"name\":\"Escrito en filo homenaje: Presentaci\u00f3n del e-book \u00abEpistemolog\u00eda e Historia de la Astronom\u00eda Volumen I\u00bb editado por Maximiliano Bozzoli, Luis Salvatico y David Merlo\"}]},{\"@type\":\"WebSite\",\"@id\":\"https:\/\/ffyh.unc.edu.ar\/ciffyh\/#website\",\"url\":\"https:\/\/ffyh.unc.edu.ar\/ciffyh\/\",\"name\":\"Centro de Investigaciones \\\"Maria Saleme de Burnichon\\\"\",\"description\":\"Facultad de Filosof\u00eda y Humanidades | UNC\",\"publisher\":{\"@id\":\"https:\/\/ffyh.unc.edu.ar\/ciffyh\/#organization\"},\"potentialAction\":[{\"@type\":\"SearchAction\",\"target\":{\"@type\":\"EntryPoint\",\"urlTemplate\":\"https:\/\/ffyh.unc.edu.ar\/ciffyh\/?s={search_term_string}\"},\"query-input\":{\"@type\":\"PropertyValueSpecification\",\"valueRequired\":true,\"valueName\":\"search_term_string\"}}],\"inLanguage\":\"es\"},{\"@type\":\"Organization\",\"@id\":\"https:\/\/ffyh.unc.edu.ar\/ciffyh\/#organization\",\"name\":\"Centro de Investigaciones \\\"Maria Saleme de Burnichon\\\"\",\"url\":\"https:\/\/ffyh.unc.edu.ar\/ciffyh\/\",\"logo\":{\"@type\":\"ImageObject\",\"inLanguage\":\"es\",\"@id\":\"https:\/\/ffyh.unc.edu.ar\/ciffyh\/#\/schema\/logo\/image\/\",\"url\":\"https:\/\/ffyh.unc.edu.ar\/ciffyh\/wp-content\/uploads\/sites\/10\/2018\/02\/cropped-logo-ciffyh-ico.png\",\"contentUrl\":\"https:\/\/ffyh.unc.edu.ar\/ciffyh\/wp-content\/uploads\/sites\/10\/2018\/02\/cropped-logo-ciffyh-ico.png\",\"width\":512,\"height\":512,\"caption\":\"Centro de Investigaciones \\\"Maria Saleme de Burnichon\\\"\"},\"image\":{\"@id\":\"https:\/\/ffyh.unc.edu.ar\/ciffyh\/#\/schema\/logo\/image\/\"},\"sameAs\":[\"https:\/\/www.instagram.com\/ciffyh\/\"]},{\"@type\":\"Person\",\"@id\":\"https:\/\/ffyh.unc.edu.ar\/ciffyh\/#\/schema\/person\/136b8e7d00e5053aff43b3dc53e99bc0\",\"name\":\"tecnicaciffyh\",\"image\":{\"@type\":\"ImageObject\",\"inLanguage\":\"es\",\"@id\":\"https:\/\/ffyh.unc.edu.ar\/ciffyh\/#\/schema\/person\/image\/\",\"url\":\"https:\/\/secure.gravatar.com\/avatar\/dce86f5e9bf49e3aa9e05e7ed5904a9112e25483e3c8f175eb93b2f53a67c2e4?s=96&d=mm&r=g\",\"contentUrl\":\"https:\/\/secure.gravatar.com\/avatar\/dce86f5e9bf49e3aa9e05e7ed5904a9112e25483e3c8f175eb93b2f53a67c2e4?s=96&d=mm&r=g\",\"caption\":\"tecnicaciffyh\"},\"url\":\"https:\/\/ffyh.unc.edu.ar\/ciffyh\/author\/tecnicaciffyh\/\"}]}<\/script>\n<!-- \/ Yoast SEO plugin. -->","yoast_head_json":{"title":"Escrito en filo homenaje: Presentaci\u00f3n del e-book \"Epistemolog\u00eda e Historia de la Astronom\u00eda Volumen I\" editado por Maximiliano Bozzoli, Luis Salvatico y David Merlo - Centro de Investigaciones &quot;Maria Saleme de Burnichon&quot;","robots":{"index":"index","follow":"follow","max-snippet":"max-snippet:-1","max-image-preview":"max-image-preview:large","max-video-preview":"max-video-preview:-1"},"canonical":"https:\/\/ffyh.unc.edu.ar\/ciffyh\/escrito-en-filo-homenaje-salvatico\/","og_locale":"es_ES","og_type":"article","og_title":"Escrito en filo homenaje: Presentaci\u00f3n del e-book \"Epistemolog\u00eda e Historia de la Astronom\u00eda Volumen I\" editado por Maximiliano Bozzoli, Luis Salvatico y David Merlo - Centro de Investigaciones &quot;Maria Saleme de Burnichon&quot;","og_description":"Invitamos a participar de una nueva edici\u00f3n del ciclo \u00abEscrito en filo\u00bb en homenaje a Luis Salvatico. En esta ocasi\u00f3n","og_url":"https:\/\/ffyh.unc.edu.ar\/ciffyh\/escrito-en-filo-homenaje-salvatico\/","og_site_name":"Centro de Investigaciones &quot;Maria Saleme de Burnichon&quot;","article_published_time":"2023-06-05T19:24:31+00:00","article_modified_time":"2023-06-05T19:29:11+00:00","og_image":[{"width":800,"height":445,"url":"http:\/\/ffyh.unc.edu.ar\/ciffyh\/wp-content\/uploads\/sites\/10\/2023\/06\/salvaticoweb.jpg","type":"image\/jpeg"}],"author":"tecnicaciffyh","twitter_card":"summary_large_image","twitter_misc":{"Escrito por":false,"Tiempo de lectura":"2 minutos"},"schema":{"@context":"https:\/\/schema.org","@graph":[{"@type":"Article","@id":"https:\/\/ffyh.unc.edu.ar\/ciffyh\/escrito-en-filo-homenaje-salvatico\/#article","isPartOf":{"@id":"https:\/\/ffyh.unc.edu.ar\/ciffyh\/escrito-en-filo-homenaje-salvatico\/"},"author":{"name":"tecnicaciffyh","@id":"https:\/\/ffyh.unc.edu.ar\/ciffyh\/#\/schema\/person\/136b8e7d00e5053aff43b3dc53e99bc0"},"headline":"Escrito en filo homenaje: Presentaci\u00f3n del e-book \u00abEpistemolog\u00eda e Historia de la Astronom\u00eda Volumen I\u00bb editado por Maximiliano Bozzoli, Luis Salvatico y David Merlo","datePublished":"2023-06-05T19:24:31+00:00","dateModified":"2023-06-05T19:29:11+00:00","mainEntityOfPage":{"@id":"https:\/\/ffyh.unc.edu.ar\/ciffyh\/escrito-en-filo-homenaje-salvatico\/"},"wordCount":273,"publisher":{"@id":"https:\/\/ffyh.unc.edu.ar\/ciffyh\/#organization"},"image":{"@id":"https:\/\/ffyh.unc.edu.ar\/ciffyh\/escrito-en-filo-homenaje-salvatico\/#primaryimage"},"thumbnailUrl":"https:\/\/ffyh.unc.edu.ar\/ciffyh\/wp-content\/uploads\/sites\/10\/2023\/06\/salvaticoweb.jpg","articleSection":["\u00c1rea Filosof\u00eda","Noticias","Presentaciones de libros"],"inLanguage":"es"},{"@type":"WebPage","@id":"https:\/\/ffyh.unc.edu.ar\/ciffyh\/escrito-en-filo-homenaje-salvatico\/","url":"https:\/\/ffyh.unc.edu.ar\/ciffyh\/escrito-en-filo-homenaje-salvatico\/","name":"Escrito en filo homenaje: Presentaci\u00f3n del e-book \"Epistemolog\u00eda e Historia de la Astronom\u00eda Volumen I\" editado por Maximiliano Bozzoli, Luis Salvatico y David Merlo - Centro de Investigaciones &quot;Maria Saleme de Burnichon&quot;","isPartOf":{"@id":"https:\/\/ffyh.unc.edu.ar\/ciffyh\/#website"},"primaryImageOfPage":{"@id":"https:\/\/ffyh.unc.edu.ar\/ciffyh\/escrito-en-filo-homenaje-salvatico\/#primaryimage"},"image":{"@id":"https:\/\/ffyh.unc.edu.ar\/ciffyh\/escrito-en-filo-homenaje-salvatico\/#primaryimage"},"thumbnailUrl":"https:\/\/ffyh.unc.edu.ar\/ciffyh\/wp-content\/uploads\/sites\/10\/2023\/06\/salvaticoweb.jpg","datePublished":"2023-06-05T19:24:31+00:00","dateModified":"2023-06-05T19:29:11+00:00","breadcrumb":{"@id":"https:\/\/ffyh.unc.edu.ar\/ciffyh\/escrito-en-filo-homenaje-salvatico\/#breadcrumb"},"inLanguage":"es","potentialAction":[{"@type":"ReadAction","target":["https:\/\/ffyh.unc.edu.ar\/ciffyh\/escrito-en-filo-homenaje-salvatico\/"]}]},{"@type":"ImageObject","inLanguage":"es","@id":"https:\/\/ffyh.unc.edu.ar\/ciffyh\/escrito-en-filo-homenaje-salvatico\/#primaryimage","url":"https:\/\/ffyh.unc.edu.ar\/ciffyh\/wp-content\/uploads\/sites\/10\/2023\/06\/salvaticoweb.jpg","contentUrl":"https:\/\/ffyh.unc.edu.ar\/ciffyh\/wp-content\/uploads\/sites\/10\/2023\/06\/salvaticoweb.jpg","width":800,"height":445},{"@type":"BreadcrumbList","@id":"https:\/\/ffyh.unc.edu.ar\/ciffyh\/escrito-en-filo-homenaje-salvatico\/#breadcrumb","itemListElement":[{"@type":"ListItem","position":1,"name":"Portada","item":"https:\/\/ffyh.unc.edu.ar\/ciffyh\/"},{"@type":"ListItem","position":2,"name":"Escrito en filo homenaje: Presentaci\u00f3n del e-book \u00abEpistemolog\u00eda e Historia de la Astronom\u00eda Volumen I\u00bb editado por Maximiliano Bozzoli, Luis Salvatico y David Merlo"}]},{"@type":"WebSite","@id":"https:\/\/ffyh.unc.edu.ar\/ciffyh\/#website","url":"https:\/\/ffyh.unc.edu.ar\/ciffyh\/","name":"Centro de Investigaciones \"Maria Saleme de Burnichon\"","description":"Facultad de Filosof\u00eda y Humanidades | UNC","publisher":{"@id":"https:\/\/ffyh.unc.edu.ar\/ciffyh\/#organization"},"potentialAction":[{"@type":"SearchAction","target":{"@type":"EntryPoint","urlTemplate":"https:\/\/ffyh.unc.edu.ar\/ciffyh\/?s={search_term_string}"},"query-input":{"@type":"PropertyValueSpecification","valueRequired":true,"valueName":"search_term_string"}}],"inLanguage":"es"},{"@type":"Organization","@id":"https:\/\/ffyh.unc.edu.ar\/ciffyh\/#organization","name":"Centro de Investigaciones \"Maria Saleme de Burnichon\"","url":"https:\/\/ffyh.unc.edu.ar\/ciffyh\/","logo":{"@type":"ImageObject","inLanguage":"es","@id":"https:\/\/ffyh.unc.edu.ar\/ciffyh\/#\/schema\/logo\/image\/","url":"https:\/\/ffyh.unc.edu.ar\/ciffyh\/wp-content\/uploads\/sites\/10\/2018\/02\/cropped-logo-ciffyh-ico.png","contentUrl":"https:\/\/ffyh.unc.edu.ar\/ciffyh\/wp-content\/uploads\/sites\/10\/2018\/02\/cropped-logo-ciffyh-ico.png","width":512,"height":512,"caption":"Centro de Investigaciones \"Maria Saleme de Burnichon\""},"image":{"@id":"https:\/\/ffyh.unc.edu.ar\/ciffyh\/#\/schema\/logo\/image\/"},"sameAs":["https:\/\/www.instagram.com\/ciffyh\/"]},{"@type":"Person","@id":"https:\/\/ffyh.unc.edu.ar\/ciffyh\/#\/schema\/person\/136b8e7d00e5053aff43b3dc53e99bc0","name":"tecnicaciffyh","image":{"@type":"ImageObject","inLanguage":"es","@id":"https:\/\/ffyh.unc.edu.ar\/ciffyh\/#\/schema\/person\/image\/","url":"https:\/\/secure.gravatar.com\/avatar\/dce86f5e9bf49e3aa9e05e7ed5904a9112e25483e3c8f175eb93b2f53a67c2e4?s=96&d=mm&r=g","contentUrl":"https:\/\/secure.gravatar.com\/avatar\/dce86f5e9bf49e3aa9e05e7ed5904a9112e25483e3c8f175eb93b2f53a67c2e4?s=96&d=mm&r=g","caption":"tecnicaciffyh"},"url":"https:\/\/ffyh.unc.edu.ar\/ciffyh\/author\/tecnicaciffyh\/"}]}},"jetpack_featured_media_url":"https:\/\/ffyh.unc.edu.ar\/ciffyh\/wp-content\/uploads\/sites\/10\/2023\/06\/salvaticoweb.jpg","_links":{"self":[{"href":"https:\/\/ffyh.unc.edu.ar\/ciffyh\/wp-json\/wp\/v2\/posts\/6073","targetHints":{"allow":["GET"]}}],"collection":[{"href":"https:\/\/ffyh.unc.edu.ar\/ciffyh\/wp-json\/wp\/v2\/posts"}],"about":[{"href":"https:\/\/ffyh.unc.edu.ar\/ciffyh\/wp-json\/wp\/v2\/types\/post"}],"author":[{"embeddable":true,"href":"https:\/\/ffyh.unc.edu.ar\/ciffyh\/wp-json\/wp\/v2\/users\/39"}],"replies":[{"embeddable":true,"href":"https:\/\/ffyh.unc.edu.ar\/ciffyh\/wp-json\/wp\/v2\/comments?post=6073"}],"version-history":[{"count":2,"href":"https:\/\/ffyh.unc.edu.ar\/ciffyh\/wp-json\/wp\/v2\/posts\/6073\/revisions"}],"predecessor-version":[{"id":6077,"href":"https:\/\/ffyh.unc.edu.ar\/ciffyh\/wp-json\/wp\/v2\/posts\/6073\/revisions\/6077"}],"wp:featuredmedia":[{"embeddable":true,"href":"https:\/\/ffyh.unc.edu.ar\/ciffyh\/wp-json\/wp\/v2\/media\/6075"}],"wp:attachment":[{"href":"https:\/\/ffyh.unc.edu.ar\/ciffyh\/wp-json\/wp\/v2\/media?parent=6073"}],"wp:term":[{"taxonomy":"category","embeddable":true,"href":"https:\/\/ffyh.unc.edu.ar\/ciffyh\/wp-json\/wp\/v2\/categories?post=6073"},{"taxonomy":"post_tag","embeddable":true,"href":"https:\/\/ffyh.unc.edu.ar\/ciffyh\/wp-json\/wp\/v2\/tags?post=6073"}],"curies":[{"name":"wp","href":"https:\/\/api.w.org\/{rel}","templated":true}]}}