{"id":6146,"date":"2023-06-27T14:51:40","date_gmt":"2023-06-27T14:51:40","guid":{"rendered":"https:\/\/ffyh.unc.edu.ar\/ciffyh\/?p=6146"},"modified":"2023-06-27T14:51:40","modified_gmt":"2023-06-27T14:51:40","slug":"filosofia-de-la-ciencia-por-jovenes-investigadores-vol-3-nuevo-e-book-de-las-colecciones-del-ciffyh","status":"publish","type":"post","link":"https:\/\/ffyh.unc.edu.ar\/ciffyh\/filosofia-de-la-ciencia-por-jovenes-investigadores-vol-3-nuevo-e-book-de-las-colecciones-del-ciffyh\/","title":{"rendered":"Filosof\u00eda de la Ciencia por J\u00f3venes Investigadores vol. 3: nuevo e-book de las Colecciones del CIFFyH"},"content":{"rendered":"<p><em>El volumen re\u00fane los trabajos presentados originalmente en las 3ras Jornadas de J\u00f3venes Investigadores en Filosof\u00eda de la Ciencia (JJFIC), llevadas a cabo en octubre de 2021 en la ciudad de C\u00f3rdoba y en m\u00faltiples pantallas a lo largo del pa\u00eds.\u00a0<\/em><!--more--><\/p>\n<p>Uno de los objetivos principales de las JJFIC consisti\u00f3 en reunir las reflexiones filos\u00f3ficas en torno a las ciencias desde diversas perspectivas, dando cuenta de la pluralidad de trayectorias e intereses de nuestra actual comunidad de investigaci\u00f3n.<\/p>\n<p><img decoding=\"async\" class=\" wp-image-6147 alignleft\" src=\"http:\/\/ffyh.unc.edu.ar\/ciffyh\/wp-content\/uploads\/sites\/10\/2023\/06\/tapasok_filodelaciencia3-195x300.jpg\" alt=\"\" width=\"158\" height=\"253\" \/>As\u00ed, este volumen editado por\u00a0 Mar\u00eda Gabriela Fissore, Francisco El\u00edas Moreno, Barbara Paez Sueldo y Martina Schilling, da cuenta de la voluntad colectiva de proponer una discusi\u00f3n sobre las formas en que investigamos las ciencias, desde un espacio pensado por y para les j\u00f3venes investigadores.<\/p>\n<p>El e-book, como sus dos vol\u00famenes anteriores, forma parte de las Colecciones del CIFFyH, una iniciativa del Centro de Investigaciones Mar\u00eda Saleme de Burnichon (FFyH) en vinculaci\u00f3n con el \u00c1rea de Publicaciones de la FFyH que busca fortalecer la producci\u00f3n y difusi\u00f3n del trabajo de los grupos de investigaci\u00f3n del Centro, fomentar la participaci\u00f3n en la producci\u00f3n y circulaci\u00f3n del conocimiento de estudiantes, egresados\/as y docentes, y generar espacios institucionales que habiliten dicha circulaci\u00f3n.<\/p>\n<p>Les invitamos a descargar este e-book de manera gratuita.<\/p>\n<blockquote><p><a href=\"http:\/\/ffyh.unc.edu.ar\/publicaciones\/wp-content\/uploads\/sites\/35\/2023\/06\/FiloDeLaCienciaVol3.pdf\" target=\"_blank\" rel=\"noopener\">Descargar<\/a><\/p><\/blockquote>\n","protected":false},"excerpt":{"rendered":"<p>El volumen re\u00fane los trabajos presentados originalmente en las 3ras Jornadas de J\u00f3venes Investigadores en Filosof\u00eda de la Ciencia (JJFIC),<\/p>\n","protected":false},"author":39,"featured_media":6148,"comment_status":"closed","ping_status":"closed","sticky":false,"template":"","format":"standard","meta":{"_acf_changed":false,"colormag_page_container_layout":"default_layout","colormag_page_sidebar_layout":"default_layout","footnotes":""},"categories":[49,8,38],"tags":[],"class_list":["post-6146","post","type-post","status-publish","format-standard","has-post-thumbnail","hentry","category-filosofia","category-noticias","category-publicaciones"],"acf":[],"yoast_head":"<!-- This site is optimized with the Yoast SEO plugin v27.1.1 - https:\/\/yoast.com\/product\/yoast-seo-wordpress\/ -->\n<title>Filosof\u00eda de la Ciencia por J\u00f3venes Investigadores vol. 3: nuevo e-book de las Colecciones del CIFFyH - Centro de Investigaciones &quot;Maria Saleme de Burnichon&quot;<\/title>\n<meta name=\"robots\" content=\"index, follow, max-snippet:-1, max-image-preview:large, max-video-preview:-1\" \/>\n<link rel=\"canonical\" href=\"https:\/\/ffyh.unc.edu.ar\/ciffyh\/filosofia-de-la-ciencia-por-jovenes-investigadores-vol-3-nuevo-e-book-de-las-colecciones-del-ciffyh\/\" \/>\n<meta property=\"og:locale\" content=\"es_ES\" \/>\n<meta property=\"og:type\" content=\"article\" \/>\n<meta property=\"og:title\" content=\"Filosof\u00eda de la Ciencia por J\u00f3venes Investigadores vol. 3: nuevo e-book de las Colecciones del CIFFyH - Centro de Investigaciones &quot;Maria Saleme de Burnichon&quot;\" \/>\n<meta property=\"og:description\" content=\"El volumen re\u00fane los trabajos presentados originalmente en las 3ras Jornadas de J\u00f3venes Investigadores en Filosof\u00eda de la Ciencia (JJFIC),\" \/>\n<meta property=\"og:url\" content=\"https:\/\/ffyh.unc.edu.ar\/ciffyh\/filosofia-de-la-ciencia-por-jovenes-investigadores-vol-3-nuevo-e-book-de-las-colecciones-del-ciffyh\/\" \/>\n<meta property=\"og:site_name\" content=\"Centro de Investigaciones &quot;Maria Saleme de Burnichon&quot;\" \/>\n<meta property=\"article:published_time\" content=\"2023-06-27T14:51:40+00:00\" \/>\n<meta property=\"og:image\" content=\"http:\/\/ffyh.unc.edu.ar\/ciffyh\/wp-content\/uploads\/sites\/10\/2023\/06\/noticia-1-scaled.jpg\" \/>\n\t<meta property=\"og:image:width\" content=\"2560\" \/>\n\t<meta property=\"og:image:height\" content=\"1424\" \/>\n\t<meta property=\"og:image:type\" content=\"image\/jpeg\" \/>\n<meta name=\"author\" content=\"tecnicaciffyh\" \/>\n<meta name=\"twitter:card\" content=\"summary_large_image\" \/>\n<meta name=\"twitter:label1\" content=\"Escrito por\" \/>\n\t<meta name=\"twitter:data1\" content=\"\" \/>\n\t<meta name=\"twitter:label2\" content=\"Tiempo de lectura\" \/>\n\t<meta name=\"twitter:data2\" content=\"2 minutos\" \/>\n<script type=\"application\/ld+json\" class=\"yoast-schema-graph\">{\"@context\":\"https:\/\/schema.org\",\"@graph\":[{\"@type\":\"Article\",\"@id\":\"https:\/\/ffyh.unc.edu.ar\/ciffyh\/filosofia-de-la-ciencia-por-jovenes-investigadores-vol-3-nuevo-e-book-de-las-colecciones-del-ciffyh\/#article\",\"isPartOf\":{\"@id\":\"https:\/\/ffyh.unc.edu.ar\/ciffyh\/filosofia-de-la-ciencia-por-jovenes-investigadores-vol-3-nuevo-e-book-de-las-colecciones-del-ciffyh\/\"},\"author\":{\"name\":\"tecnicaciffyh\",\"@id\":\"https:\/\/ffyh.unc.edu.ar\/ciffyh\/#\/schema\/person\/136b8e7d00e5053aff43b3dc53e99bc0\"},\"headline\":\"Filosof\u00eda de la Ciencia por J\u00f3venes Investigadores vol. 3: nuevo e-book de las Colecciones del CIFFyH\",\"datePublished\":\"2023-06-27T14:51:40+00:00\",\"mainEntityOfPage\":{\"@id\":\"https:\/\/ffyh.unc.edu.ar\/ciffyh\/filosofia-de-la-ciencia-por-jovenes-investigadores-vol-3-nuevo-e-book-de-las-colecciones-del-ciffyh\/\"},\"wordCount\":246,\"publisher\":{\"@id\":\"https:\/\/ffyh.unc.edu.ar\/ciffyh\/#organization\"},\"image\":{\"@id\":\"https:\/\/ffyh.unc.edu.ar\/ciffyh\/filosofia-de-la-ciencia-por-jovenes-investigadores-vol-3-nuevo-e-book-de-las-colecciones-del-ciffyh\/#primaryimage\"},\"thumbnailUrl\":\"https:\/\/ffyh.unc.edu.ar\/ciffyh\/wp-content\/uploads\/sites\/10\/2023\/06\/noticia-1-scaled.jpg\",\"articleSection\":[\"\u00c1rea Filosof\u00eda\",\"Noticias\",\"Publicaciones\"],\"inLanguage\":\"es\"},{\"@type\":\"WebPage\",\"@id\":\"https:\/\/ffyh.unc.edu.ar\/ciffyh\/filosofia-de-la-ciencia-por-jovenes-investigadores-vol-3-nuevo-e-book-de-las-colecciones-del-ciffyh\/\",\"url\":\"https:\/\/ffyh.unc.edu.ar\/ciffyh\/filosofia-de-la-ciencia-por-jovenes-investigadores-vol-3-nuevo-e-book-de-las-colecciones-del-ciffyh\/\",\"name\":\"Filosof\u00eda de la Ciencia por J\u00f3venes Investigadores vol. 3: nuevo e-book de las Colecciones del CIFFyH - Centro de Investigaciones &quot;Maria Saleme de Burnichon&quot;\",\"isPartOf\":{\"@id\":\"https:\/\/ffyh.unc.edu.ar\/ciffyh\/#website\"},\"primaryImageOfPage\":{\"@id\":\"https:\/\/ffyh.unc.edu.ar\/ciffyh\/filosofia-de-la-ciencia-por-jovenes-investigadores-vol-3-nuevo-e-book-de-las-colecciones-del-ciffyh\/#primaryimage\"},\"image\":{\"@id\":\"https:\/\/ffyh.unc.edu.ar\/ciffyh\/filosofia-de-la-ciencia-por-jovenes-investigadores-vol-3-nuevo-e-book-de-las-colecciones-del-ciffyh\/#primaryimage\"},\"thumbnailUrl\":\"https:\/\/ffyh.unc.edu.ar\/ciffyh\/wp-content\/uploads\/sites\/10\/2023\/06\/noticia-1-scaled.jpg\",\"datePublished\":\"2023-06-27T14:51:40+00:00\",\"breadcrumb\":{\"@id\":\"https:\/\/ffyh.unc.edu.ar\/ciffyh\/filosofia-de-la-ciencia-por-jovenes-investigadores-vol-3-nuevo-e-book-de-las-colecciones-del-ciffyh\/#breadcrumb\"},\"inLanguage\":\"es\",\"potentialAction\":[{\"@type\":\"ReadAction\",\"target\":[\"https:\/\/ffyh.unc.edu.ar\/ciffyh\/filosofia-de-la-ciencia-por-jovenes-investigadores-vol-3-nuevo-e-book-de-las-colecciones-del-ciffyh\/\"]}]},{\"@type\":\"ImageObject\",\"inLanguage\":\"es\",\"@id\":\"https:\/\/ffyh.unc.edu.ar\/ciffyh\/filosofia-de-la-ciencia-por-jovenes-investigadores-vol-3-nuevo-e-book-de-las-colecciones-del-ciffyh\/#primaryimage\",\"url\":\"https:\/\/ffyh.unc.edu.ar\/ciffyh\/wp-content\/uploads\/sites\/10\/2023\/06\/noticia-1-scaled.jpg\",\"contentUrl\":\"https:\/\/ffyh.unc.edu.ar\/ciffyh\/wp-content\/uploads\/sites\/10\/2023\/06\/noticia-1-scaled.jpg\",\"width\":2560,\"height\":1424},{\"@type\":\"BreadcrumbList\",\"@id\":\"https:\/\/ffyh.unc.edu.ar\/ciffyh\/filosofia-de-la-ciencia-por-jovenes-investigadores-vol-3-nuevo-e-book-de-las-colecciones-del-ciffyh\/#breadcrumb\",\"itemListElement\":[{\"@type\":\"ListItem\",\"position\":1,\"name\":\"Portada\",\"item\":\"https:\/\/ffyh.unc.edu.ar\/ciffyh\/\"},{\"@type\":\"ListItem\",\"position\":2,\"name\":\"Filosof\u00eda de la Ciencia por J\u00f3venes Investigadores vol. 3: nuevo e-book de las Colecciones del CIFFyH\"}]},{\"@type\":\"WebSite\",\"@id\":\"https:\/\/ffyh.unc.edu.ar\/ciffyh\/#website\",\"url\":\"https:\/\/ffyh.unc.edu.ar\/ciffyh\/\",\"name\":\"Centro de Investigaciones \\\"Maria Saleme de Burnichon\\\"\",\"description\":\"Facultad de Filosof\u00eda y Humanidades | UNC\",\"publisher\":{\"@id\":\"https:\/\/ffyh.unc.edu.ar\/ciffyh\/#organization\"},\"potentialAction\":[{\"@type\":\"SearchAction\",\"target\":{\"@type\":\"EntryPoint\",\"urlTemplate\":\"https:\/\/ffyh.unc.edu.ar\/ciffyh\/?s={search_term_string}\"},\"query-input\":{\"@type\":\"PropertyValueSpecification\",\"valueRequired\":true,\"valueName\":\"search_term_string\"}}],\"inLanguage\":\"es\"},{\"@type\":\"Organization\",\"@id\":\"https:\/\/ffyh.unc.edu.ar\/ciffyh\/#organization\",\"name\":\"Centro de Investigaciones \\\"Maria Saleme de Burnichon\\\"\",\"url\":\"https:\/\/ffyh.unc.edu.ar\/ciffyh\/\",\"logo\":{\"@type\":\"ImageObject\",\"inLanguage\":\"es\",\"@id\":\"https:\/\/ffyh.unc.edu.ar\/ciffyh\/#\/schema\/logo\/image\/\",\"url\":\"https:\/\/ffyh.unc.edu.ar\/ciffyh\/wp-content\/uploads\/sites\/10\/2018\/02\/cropped-logo-ciffyh-ico.png\",\"contentUrl\":\"https:\/\/ffyh.unc.edu.ar\/ciffyh\/wp-content\/uploads\/sites\/10\/2018\/02\/cropped-logo-ciffyh-ico.png\",\"width\":512,\"height\":512,\"caption\":\"Centro de Investigaciones \\\"Maria Saleme de Burnichon\\\"\"},\"image\":{\"@id\":\"https:\/\/ffyh.unc.edu.ar\/ciffyh\/#\/schema\/logo\/image\/\"},\"sameAs\":[\"https:\/\/www.instagram.com\/ciffyh\/\"]},{\"@type\":\"Person\",\"@id\":\"https:\/\/ffyh.unc.edu.ar\/ciffyh\/#\/schema\/person\/136b8e7d00e5053aff43b3dc53e99bc0\",\"name\":\"tecnicaciffyh\",\"image\":{\"@type\":\"ImageObject\",\"inLanguage\":\"es\",\"@id\":\"https:\/\/ffyh.unc.edu.ar\/ciffyh\/#\/schema\/person\/image\/\",\"url\":\"https:\/\/secure.gravatar.com\/avatar\/dce86f5e9bf49e3aa9e05e7ed5904a9112e25483e3c8f175eb93b2f53a67c2e4?s=96&d=mm&r=g\",\"contentUrl\":\"https:\/\/secure.gravatar.com\/avatar\/dce86f5e9bf49e3aa9e05e7ed5904a9112e25483e3c8f175eb93b2f53a67c2e4?s=96&d=mm&r=g\",\"caption\":\"tecnicaciffyh\"},\"url\":\"https:\/\/ffyh.unc.edu.ar\/ciffyh\/author\/tecnicaciffyh\/\"}]}<\/script>\n<!-- \/ Yoast SEO plugin. -->","yoast_head_json":{"title":"Filosof\u00eda de la Ciencia por J\u00f3venes Investigadores vol. 3: nuevo e-book de las Colecciones del CIFFyH - Centro de Investigaciones &quot;Maria Saleme de Burnichon&quot;","robots":{"index":"index","follow":"follow","max-snippet":"max-snippet:-1","max-image-preview":"max-image-preview:large","max-video-preview":"max-video-preview:-1"},"canonical":"https:\/\/ffyh.unc.edu.ar\/ciffyh\/filosofia-de-la-ciencia-por-jovenes-investigadores-vol-3-nuevo-e-book-de-las-colecciones-del-ciffyh\/","og_locale":"es_ES","og_type":"article","og_title":"Filosof\u00eda de la Ciencia por J\u00f3venes Investigadores vol. 3: nuevo e-book de las Colecciones del CIFFyH - Centro de Investigaciones &quot;Maria Saleme de Burnichon&quot;","og_description":"El volumen re\u00fane los trabajos presentados originalmente en las 3ras Jornadas de J\u00f3venes Investigadores en Filosof\u00eda de la Ciencia (JJFIC),","og_url":"https:\/\/ffyh.unc.edu.ar\/ciffyh\/filosofia-de-la-ciencia-por-jovenes-investigadores-vol-3-nuevo-e-book-de-las-colecciones-del-ciffyh\/","og_site_name":"Centro de Investigaciones &quot;Maria Saleme de Burnichon&quot;","article_published_time":"2023-06-27T14:51:40+00:00","og_image":[{"width":2560,"height":1424,"url":"http:\/\/ffyh.unc.edu.ar\/ciffyh\/wp-content\/uploads\/sites\/10\/2023\/06\/noticia-1-scaled.jpg","type":"image\/jpeg"}],"author":"tecnicaciffyh","twitter_card":"summary_large_image","twitter_misc":{"Escrito por":false,"Tiempo de lectura":"2 minutos"},"schema":{"@context":"https:\/\/schema.org","@graph":[{"@type":"Article","@id":"https:\/\/ffyh.unc.edu.ar\/ciffyh\/filosofia-de-la-ciencia-por-jovenes-investigadores-vol-3-nuevo-e-book-de-las-colecciones-del-ciffyh\/#article","isPartOf":{"@id":"https:\/\/ffyh.unc.edu.ar\/ciffyh\/filosofia-de-la-ciencia-por-jovenes-investigadores-vol-3-nuevo-e-book-de-las-colecciones-del-ciffyh\/"},"author":{"name":"tecnicaciffyh","@id":"https:\/\/ffyh.unc.edu.ar\/ciffyh\/#\/schema\/person\/136b8e7d00e5053aff43b3dc53e99bc0"},"headline":"Filosof\u00eda de la Ciencia por J\u00f3venes Investigadores vol. 3: nuevo e-book de las Colecciones del CIFFyH","datePublished":"2023-06-27T14:51:40+00:00","mainEntityOfPage":{"@id":"https:\/\/ffyh.unc.edu.ar\/ciffyh\/filosofia-de-la-ciencia-por-jovenes-investigadores-vol-3-nuevo-e-book-de-las-colecciones-del-ciffyh\/"},"wordCount":246,"publisher":{"@id":"https:\/\/ffyh.unc.edu.ar\/ciffyh\/#organization"},"image":{"@id":"https:\/\/ffyh.unc.edu.ar\/ciffyh\/filosofia-de-la-ciencia-por-jovenes-investigadores-vol-3-nuevo-e-book-de-las-colecciones-del-ciffyh\/#primaryimage"},"thumbnailUrl":"https:\/\/ffyh.unc.edu.ar\/ciffyh\/wp-content\/uploads\/sites\/10\/2023\/06\/noticia-1-scaled.jpg","articleSection":["\u00c1rea Filosof\u00eda","Noticias","Publicaciones"],"inLanguage":"es"},{"@type":"WebPage","@id":"https:\/\/ffyh.unc.edu.ar\/ciffyh\/filosofia-de-la-ciencia-por-jovenes-investigadores-vol-3-nuevo-e-book-de-las-colecciones-del-ciffyh\/","url":"https:\/\/ffyh.unc.edu.ar\/ciffyh\/filosofia-de-la-ciencia-por-jovenes-investigadores-vol-3-nuevo-e-book-de-las-colecciones-del-ciffyh\/","name":"Filosof\u00eda de la Ciencia por J\u00f3venes Investigadores vol. 3: nuevo e-book de las Colecciones del CIFFyH - Centro de Investigaciones &quot;Maria Saleme de Burnichon&quot;","isPartOf":{"@id":"https:\/\/ffyh.unc.edu.ar\/ciffyh\/#website"},"primaryImageOfPage":{"@id":"https:\/\/ffyh.unc.edu.ar\/ciffyh\/filosofia-de-la-ciencia-por-jovenes-investigadores-vol-3-nuevo-e-book-de-las-colecciones-del-ciffyh\/#primaryimage"},"image":{"@id":"https:\/\/ffyh.unc.edu.ar\/ciffyh\/filosofia-de-la-ciencia-por-jovenes-investigadores-vol-3-nuevo-e-book-de-las-colecciones-del-ciffyh\/#primaryimage"},"thumbnailUrl":"https:\/\/ffyh.unc.edu.ar\/ciffyh\/wp-content\/uploads\/sites\/10\/2023\/06\/noticia-1-scaled.jpg","datePublished":"2023-06-27T14:51:40+00:00","breadcrumb":{"@id":"https:\/\/ffyh.unc.edu.ar\/ciffyh\/filosofia-de-la-ciencia-por-jovenes-investigadores-vol-3-nuevo-e-book-de-las-colecciones-del-ciffyh\/#breadcrumb"},"inLanguage":"es","potentialAction":[{"@type":"ReadAction","target":["https:\/\/ffyh.unc.edu.ar\/ciffyh\/filosofia-de-la-ciencia-por-jovenes-investigadores-vol-3-nuevo-e-book-de-las-colecciones-del-ciffyh\/"]}]},{"@type":"ImageObject","inLanguage":"es","@id":"https:\/\/ffyh.unc.edu.ar\/ciffyh\/filosofia-de-la-ciencia-por-jovenes-investigadores-vol-3-nuevo-e-book-de-las-colecciones-del-ciffyh\/#primaryimage","url":"https:\/\/ffyh.unc.edu.ar\/ciffyh\/wp-content\/uploads\/sites\/10\/2023\/06\/noticia-1-scaled.jpg","contentUrl":"https:\/\/ffyh.unc.edu.ar\/ciffyh\/wp-content\/uploads\/sites\/10\/2023\/06\/noticia-1-scaled.jpg","width":2560,"height":1424},{"@type":"BreadcrumbList","@id":"https:\/\/ffyh.unc.edu.ar\/ciffyh\/filosofia-de-la-ciencia-por-jovenes-investigadores-vol-3-nuevo-e-book-de-las-colecciones-del-ciffyh\/#breadcrumb","itemListElement":[{"@type":"ListItem","position":1,"name":"Portada","item":"https:\/\/ffyh.unc.edu.ar\/ciffyh\/"},{"@type":"ListItem","position":2,"name":"Filosof\u00eda de la Ciencia por J\u00f3venes Investigadores vol. 3: nuevo e-book de las Colecciones del CIFFyH"}]},{"@type":"WebSite","@id":"https:\/\/ffyh.unc.edu.ar\/ciffyh\/#website","url":"https:\/\/ffyh.unc.edu.ar\/ciffyh\/","name":"Centro de Investigaciones \"Maria Saleme de Burnichon\"","description":"Facultad de Filosof\u00eda y Humanidades | UNC","publisher":{"@id":"https:\/\/ffyh.unc.edu.ar\/ciffyh\/#organization"},"potentialAction":[{"@type":"SearchAction","target":{"@type":"EntryPoint","urlTemplate":"https:\/\/ffyh.unc.edu.ar\/ciffyh\/?s={search_term_string}"},"query-input":{"@type":"PropertyValueSpecification","valueRequired":true,"valueName":"search_term_string"}}],"inLanguage":"es"},{"@type":"Organization","@id":"https:\/\/ffyh.unc.edu.ar\/ciffyh\/#organization","name":"Centro de Investigaciones \"Maria Saleme de Burnichon\"","url":"https:\/\/ffyh.unc.edu.ar\/ciffyh\/","logo":{"@type":"ImageObject","inLanguage":"es","@id":"https:\/\/ffyh.unc.edu.ar\/ciffyh\/#\/schema\/logo\/image\/","url":"https:\/\/ffyh.unc.edu.ar\/ciffyh\/wp-content\/uploads\/sites\/10\/2018\/02\/cropped-logo-ciffyh-ico.png","contentUrl":"https:\/\/ffyh.unc.edu.ar\/ciffyh\/wp-content\/uploads\/sites\/10\/2018\/02\/cropped-logo-ciffyh-ico.png","width":512,"height":512,"caption":"Centro de Investigaciones \"Maria Saleme de Burnichon\""},"image":{"@id":"https:\/\/ffyh.unc.edu.ar\/ciffyh\/#\/schema\/logo\/image\/"},"sameAs":["https:\/\/www.instagram.com\/ciffyh\/"]},{"@type":"Person","@id":"https:\/\/ffyh.unc.edu.ar\/ciffyh\/#\/schema\/person\/136b8e7d00e5053aff43b3dc53e99bc0","name":"tecnicaciffyh","image":{"@type":"ImageObject","inLanguage":"es","@id":"https:\/\/ffyh.unc.edu.ar\/ciffyh\/#\/schema\/person\/image\/","url":"https:\/\/secure.gravatar.com\/avatar\/dce86f5e9bf49e3aa9e05e7ed5904a9112e25483e3c8f175eb93b2f53a67c2e4?s=96&d=mm&r=g","contentUrl":"https:\/\/secure.gravatar.com\/avatar\/dce86f5e9bf49e3aa9e05e7ed5904a9112e25483e3c8f175eb93b2f53a67c2e4?s=96&d=mm&r=g","caption":"tecnicaciffyh"},"url":"https:\/\/ffyh.unc.edu.ar\/ciffyh\/author\/tecnicaciffyh\/"}]}},"jetpack_featured_media_url":"https:\/\/ffyh.unc.edu.ar\/ciffyh\/wp-content\/uploads\/sites\/10\/2023\/06\/noticia-1-scaled.jpg","_links":{"self":[{"href":"https:\/\/ffyh.unc.edu.ar\/ciffyh\/wp-json\/wp\/v2\/posts\/6146","targetHints":{"allow":["GET"]}}],"collection":[{"href":"https:\/\/ffyh.unc.edu.ar\/ciffyh\/wp-json\/wp\/v2\/posts"}],"about":[{"href":"https:\/\/ffyh.unc.edu.ar\/ciffyh\/wp-json\/wp\/v2\/types\/post"}],"author":[{"embeddable":true,"href":"https:\/\/ffyh.unc.edu.ar\/ciffyh\/wp-json\/wp\/v2\/users\/39"}],"replies":[{"embeddable":true,"href":"https:\/\/ffyh.unc.edu.ar\/ciffyh\/wp-json\/wp\/v2\/comments?post=6146"}],"version-history":[{"count":1,"href":"https:\/\/ffyh.unc.edu.ar\/ciffyh\/wp-json\/wp\/v2\/posts\/6146\/revisions"}],"predecessor-version":[{"id":6150,"href":"https:\/\/ffyh.unc.edu.ar\/ciffyh\/wp-json\/wp\/v2\/posts\/6146\/revisions\/6150"}],"wp:featuredmedia":[{"embeddable":true,"href":"https:\/\/ffyh.unc.edu.ar\/ciffyh\/wp-json\/wp\/v2\/media\/6148"}],"wp:attachment":[{"href":"https:\/\/ffyh.unc.edu.ar\/ciffyh\/wp-json\/wp\/v2\/media?parent=6146"}],"wp:term":[{"taxonomy":"category","embeddable":true,"href":"https:\/\/ffyh.unc.edu.ar\/ciffyh\/wp-json\/wp\/v2\/categories?post=6146"},{"taxonomy":"post_tag","embeddable":true,"href":"https:\/\/ffyh.unc.edu.ar\/ciffyh\/wp-json\/wp\/v2\/tags?post=6146"}],"curies":[{"name":"wp","href":"https:\/\/api.w.org\/{rel}","templated":true}]}}