{"id":6282,"date":"2023-08-03T18:05:37","date_gmt":"2023-08-03T18:05:37","guid":{"rendered":"https:\/\/ffyh.unc.edu.ar\/ciffyh\/?p=6282"},"modified":"2023-08-03T18:05:37","modified_gmt":"2023-08-03T18:05:37","slug":"salio-el-n-23-vol-12-de-la-revista-intersticios","status":"publish","type":"post","link":"https:\/\/ffyh.unc.edu.ar\/ciffyh\/salio-el-n-23-vol-12-de-la-revista-intersticios\/","title":{"rendered":"Sali\u00f3 el N\u00b0 23 Vol. 12 de la Revista Intersticios"},"content":{"rendered":"<p><em>El pasado 31 de julio se public\u00f3 en el portal de revistas cient\u00edficas de la UNC un nuevo n\u00famero de la revista Revista Intersticios de la pol\u00edtica y la cultura. Intervenciones latinoamericanas.<\/em><\/p>\n<p><!--more--><\/p>\n<p>El Grupo de Filosof\u00eda Latinoamericana, perteneciente al Centro de Investigaciones de la Facultad de Filosof\u00eda y Humanidades (CIFFyH-UNC) conjuntamente con el N\u00facleo Sur-Sur de Estudios Poscoloniales, Performance, identidades afrodiasp\u00f3ricas y Feminismos (NUSUR) proponen esta revista como una herramienta de difusi\u00f3n y circulaci\u00f3n de las producciones interesadas en las diversas problem\u00e1ticas latinoamericanas.<\/p>\n<p>La publicaci\u00f3n, desde las diferentes disciplinas de la filosof\u00eda y las humanidades, intenta instalar di\u00e1logos y debates comprometidos y enriquecedores que contengan las variaciones de voces tanto de las investigaciones acad\u00e9micas como de aqu\u00e9llas que intervienen en los espacios sociales y pol\u00edticos de nuestra cultura.<\/p>\n<p>Contacto:\u00a0<a href=\"mailto:intervencioneslatinoamericanas@gmail.com\">intervencioneslatinoamericanas@gmail.com<\/a><\/p>\n<h5>Vol. 12 N\u00fam. 23 (2023): Difracciones, articulaciones y coaliciones entre academia y activismos<\/h5>\n<p>Producir conocimiento en relaci\u00f3n y que ese intercambio de saberes y pr\u00e1cticas genere conocimientos situados, as\u00ed como nuevas articulaciones y coaliciones en el territorio, supone que tanto el intercambio como la productividad que de all\u00ed devienen est\u00e9n amarrados a sus condiciones de producci\u00f3n, de intervenci\u00f3n y transformaci\u00f3n. Nos referimos a la situacionalidad, la ubicaci\u00f3n geopol\u00edtica, las contingencias hist\u00f3ricas, pol\u00edticas de financiamiento de investigaci\u00f3n, los modos en los que configuramos las comunidades (no) acad\u00e9micas, los puentes que construimos y sostenemos entre activismos, militancia y academia, los usos de la investigaci\u00f3n fuera de la academia, las disputas por lo que se concibe como conocimiento experto, autorizado, legitimado.<\/p>\n<p>Este dossier se focaliza y adentra, en una m\u00e1s de las dimensiones epist\u00e9mico-pol\u00edticas que siempre ha estado en el centro de las tem\u00e1ticas y preocupaciones abordadas por esta Revista, y que se desprenden del t\u00edtulo de la misma:\u00a0<strong>los intersticios<\/strong>. Intersticios, espacios porosos, movimientos de ida y vuelta. No, el cerramiento en un academicismo est\u00e9ril, mucho menos, un activismo despojado de reflexi\u00f3n. Sino, todas aquellas relaciones y tensiones que emergen de sus contactos, sus historias, sus disputas, sus, al decir de nuestrxs invitadxs,\u00a0<strong>difracciones, articulaciones y coaliciones.<\/strong><\/p>\n<p>Las difracciones a las que estos escritos le ponen palabras permiten desmentir las pretensiones descorporizadas para invitarnos a co-implicarnos en alianzas materiales, b\u00fasquedas de afinidades, identificaci\u00f3n de conexiones, visibilizaci\u00f3n de privilegios y puntos de vista como horizonte para la acci\u00f3n, la intervenci\u00f3n, la interpretaci\u00f3n de la realidad y la construcci\u00f3n de mundos posibles; las autoras de estos textos han optado por pensar con otras mujeres; una junta a la otra desde epistemolog\u00edas de la articulaci\u00f3n y del con-tacto, atravesadas y condicionadas por intereses, deseos y privilegios diversos que desmadran las formas habituales de construir conocimiento.<\/p>\n<p>Acced\u00e9 a la revista completa desde el siguiente enlace:\u00a0<a href=\"https:\/\/revistas.unc.edu.ar\/index.php\/intersticios\/issue\/view\/2752\">https:\/\/revistas.unc.edu.ar\/index.php\/intersticios\/issue\/view\/2752<\/a><\/p>\n","protected":false},"excerpt":{"rendered":"<p>El pasado 31 de julio se public\u00f3 en el portal de revistas cient\u00edficas de la UNC un nuevo n\u00famero de<\/p>\n","protected":false},"author":39,"featured_media":6283,"comment_status":"closed","ping_status":"closed","sticky":false,"template":"","format":"standard","meta":{"_acf_changed":false,"colormag_page_container_layout":"default_layout","colormag_page_sidebar_layout":"default_layout","footnotes":""},"categories":[49,45],"tags":[],"class_list":["post-6282","post","type-post","status-publish","format-standard","has-post-thumbnail","hentry","category-filosofia","category-nuestras-revistas"],"acf":[],"yoast_head":"<!-- This site is optimized with the Yoast SEO plugin v27.1.1 - https:\/\/yoast.com\/product\/yoast-seo-wordpress\/ -->\n<title>Sali\u00f3 el N\u00b0 23 Vol. 12 de la Revista Intersticios - Centro de Investigaciones &quot;Maria Saleme de Burnichon&quot;<\/title>\n<meta name=\"robots\" content=\"index, follow, max-snippet:-1, max-image-preview:large, max-video-preview:-1\" \/>\n<link rel=\"canonical\" href=\"https:\/\/ffyh.unc.edu.ar\/ciffyh\/salio-el-n-23-vol-12-de-la-revista-intersticios\/\" \/>\n<meta property=\"og:locale\" content=\"es_ES\" \/>\n<meta property=\"og:type\" content=\"article\" \/>\n<meta property=\"og:title\" content=\"Sali\u00f3 el N\u00b0 23 Vol. 12 de la Revista Intersticios - Centro de Investigaciones &quot;Maria Saleme de Burnichon&quot;\" \/>\n<meta property=\"og:description\" content=\"El pasado 31 de julio se public\u00f3 en el portal de revistas cient\u00edficas de la UNC un nuevo n\u00famero de\" \/>\n<meta property=\"og:url\" content=\"https:\/\/ffyh.unc.edu.ar\/ciffyh\/salio-el-n-23-vol-12-de-la-revista-intersticios\/\" \/>\n<meta property=\"og:site_name\" content=\"Centro de Investigaciones &quot;Maria Saleme de Burnichon&quot;\" \/>\n<meta property=\"article:published_time\" content=\"2023-08-03T18:05:37+00:00\" \/>\n<meta property=\"og:image\" content=\"http:\/\/ffyh.unc.edu.ar\/ciffyh\/wp-content\/uploads\/sites\/10\/2023\/08\/noticiaintersticios08-2023.jpg\" \/>\n\t<meta property=\"og:image:width\" content=\"800\" \/>\n\t<meta property=\"og:image:height\" content=\"445\" \/>\n\t<meta property=\"og:image:type\" content=\"image\/jpeg\" \/>\n<meta name=\"author\" content=\"tecnicaciffyh\" \/>\n<meta name=\"twitter:card\" content=\"summary_large_image\" \/>\n<meta name=\"twitter:label1\" content=\"Escrito por\" \/>\n\t<meta name=\"twitter:data1\" content=\"\" \/>\n\t<meta name=\"twitter:label2\" content=\"Tiempo de lectura\" \/>\n\t<meta name=\"twitter:data2\" content=\"3 minutos\" \/>\n<script type=\"application\/ld+json\" class=\"yoast-schema-graph\">{\"@context\":\"https:\/\/schema.org\",\"@graph\":[{\"@type\":\"Article\",\"@id\":\"https:\/\/ffyh.unc.edu.ar\/ciffyh\/salio-el-n-23-vol-12-de-la-revista-intersticios\/#article\",\"isPartOf\":{\"@id\":\"https:\/\/ffyh.unc.edu.ar\/ciffyh\/salio-el-n-23-vol-12-de-la-revista-intersticios\/\"},\"author\":{\"name\":\"tecnicaciffyh\",\"@id\":\"https:\/\/ffyh.unc.edu.ar\/ciffyh\/#\/schema\/person\/136b8e7d00e5053aff43b3dc53e99bc0\"},\"headline\":\"Sali\u00f3 el N\u00b0 23 Vol. 12 de la Revista Intersticios\",\"datePublished\":\"2023-08-03T18:05:37+00:00\",\"mainEntityOfPage\":{\"@id\":\"https:\/\/ffyh.unc.edu.ar\/ciffyh\/salio-el-n-23-vol-12-de-la-revista-intersticios\/\"},\"wordCount\":501,\"publisher\":{\"@id\":\"https:\/\/ffyh.unc.edu.ar\/ciffyh\/#organization\"},\"image\":{\"@id\":\"https:\/\/ffyh.unc.edu.ar\/ciffyh\/salio-el-n-23-vol-12-de-la-revista-intersticios\/#primaryimage\"},\"thumbnailUrl\":\"https:\/\/ffyh.unc.edu.ar\/ciffyh\/wp-content\/uploads\/sites\/10\/2023\/08\/noticiaintersticios08-2023.jpg\",\"articleSection\":[\"\u00c1rea Filosof\u00eda\",\"Nuestras Revistas\"],\"inLanguage\":\"es\"},{\"@type\":\"WebPage\",\"@id\":\"https:\/\/ffyh.unc.edu.ar\/ciffyh\/salio-el-n-23-vol-12-de-la-revista-intersticios\/\",\"url\":\"https:\/\/ffyh.unc.edu.ar\/ciffyh\/salio-el-n-23-vol-12-de-la-revista-intersticios\/\",\"name\":\"Sali\u00f3 el N\u00b0 23 Vol. 12 de la Revista Intersticios - Centro de Investigaciones &quot;Maria Saleme de Burnichon&quot;\",\"isPartOf\":{\"@id\":\"https:\/\/ffyh.unc.edu.ar\/ciffyh\/#website\"},\"primaryImageOfPage\":{\"@id\":\"https:\/\/ffyh.unc.edu.ar\/ciffyh\/salio-el-n-23-vol-12-de-la-revista-intersticios\/#primaryimage\"},\"image\":{\"@id\":\"https:\/\/ffyh.unc.edu.ar\/ciffyh\/salio-el-n-23-vol-12-de-la-revista-intersticios\/#primaryimage\"},\"thumbnailUrl\":\"https:\/\/ffyh.unc.edu.ar\/ciffyh\/wp-content\/uploads\/sites\/10\/2023\/08\/noticiaintersticios08-2023.jpg\",\"datePublished\":\"2023-08-03T18:05:37+00:00\",\"breadcrumb\":{\"@id\":\"https:\/\/ffyh.unc.edu.ar\/ciffyh\/salio-el-n-23-vol-12-de-la-revista-intersticios\/#breadcrumb\"},\"inLanguage\":\"es\",\"potentialAction\":[{\"@type\":\"ReadAction\",\"target\":[\"https:\/\/ffyh.unc.edu.ar\/ciffyh\/salio-el-n-23-vol-12-de-la-revista-intersticios\/\"]}]},{\"@type\":\"ImageObject\",\"inLanguage\":\"es\",\"@id\":\"https:\/\/ffyh.unc.edu.ar\/ciffyh\/salio-el-n-23-vol-12-de-la-revista-intersticios\/#primaryimage\",\"url\":\"https:\/\/ffyh.unc.edu.ar\/ciffyh\/wp-content\/uploads\/sites\/10\/2023\/08\/noticiaintersticios08-2023.jpg\",\"contentUrl\":\"https:\/\/ffyh.unc.edu.ar\/ciffyh\/wp-content\/uploads\/sites\/10\/2023\/08\/noticiaintersticios08-2023.jpg\",\"width\":800,\"height\":445},{\"@type\":\"BreadcrumbList\",\"@id\":\"https:\/\/ffyh.unc.edu.ar\/ciffyh\/salio-el-n-23-vol-12-de-la-revista-intersticios\/#breadcrumb\",\"itemListElement\":[{\"@type\":\"ListItem\",\"position\":1,\"name\":\"Portada\",\"item\":\"https:\/\/ffyh.unc.edu.ar\/ciffyh\/\"},{\"@type\":\"ListItem\",\"position\":2,\"name\":\"Sali\u00f3 el N\u00b0 23 Vol. 12 de la Revista Intersticios\"}]},{\"@type\":\"WebSite\",\"@id\":\"https:\/\/ffyh.unc.edu.ar\/ciffyh\/#website\",\"url\":\"https:\/\/ffyh.unc.edu.ar\/ciffyh\/\",\"name\":\"Centro de Investigaciones \\\"Maria Saleme de Burnichon\\\"\",\"description\":\"Facultad de Filosof\u00eda y Humanidades | UNC\",\"publisher\":{\"@id\":\"https:\/\/ffyh.unc.edu.ar\/ciffyh\/#organization\"},\"potentialAction\":[{\"@type\":\"SearchAction\",\"target\":{\"@type\":\"EntryPoint\",\"urlTemplate\":\"https:\/\/ffyh.unc.edu.ar\/ciffyh\/?s={search_term_string}\"},\"query-input\":{\"@type\":\"PropertyValueSpecification\",\"valueRequired\":true,\"valueName\":\"search_term_string\"}}],\"inLanguage\":\"es\"},{\"@type\":\"Organization\",\"@id\":\"https:\/\/ffyh.unc.edu.ar\/ciffyh\/#organization\",\"name\":\"Centro de Investigaciones \\\"Maria Saleme de Burnichon\\\"\",\"url\":\"https:\/\/ffyh.unc.edu.ar\/ciffyh\/\",\"logo\":{\"@type\":\"ImageObject\",\"inLanguage\":\"es\",\"@id\":\"https:\/\/ffyh.unc.edu.ar\/ciffyh\/#\/schema\/logo\/image\/\",\"url\":\"https:\/\/ffyh.unc.edu.ar\/ciffyh\/wp-content\/uploads\/sites\/10\/2018\/02\/cropped-logo-ciffyh-ico.png\",\"contentUrl\":\"https:\/\/ffyh.unc.edu.ar\/ciffyh\/wp-content\/uploads\/sites\/10\/2018\/02\/cropped-logo-ciffyh-ico.png\",\"width\":512,\"height\":512,\"caption\":\"Centro de Investigaciones \\\"Maria Saleme de Burnichon\\\"\"},\"image\":{\"@id\":\"https:\/\/ffyh.unc.edu.ar\/ciffyh\/#\/schema\/logo\/image\/\"},\"sameAs\":[\"https:\/\/www.instagram.com\/ciffyh\/\"]},{\"@type\":\"Person\",\"@id\":\"https:\/\/ffyh.unc.edu.ar\/ciffyh\/#\/schema\/person\/136b8e7d00e5053aff43b3dc53e99bc0\",\"name\":\"tecnicaciffyh\",\"image\":{\"@type\":\"ImageObject\",\"inLanguage\":\"es\",\"@id\":\"https:\/\/ffyh.unc.edu.ar\/ciffyh\/#\/schema\/person\/image\/\",\"url\":\"https:\/\/secure.gravatar.com\/avatar\/dce86f5e9bf49e3aa9e05e7ed5904a9112e25483e3c8f175eb93b2f53a67c2e4?s=96&d=mm&r=g\",\"contentUrl\":\"https:\/\/secure.gravatar.com\/avatar\/dce86f5e9bf49e3aa9e05e7ed5904a9112e25483e3c8f175eb93b2f53a67c2e4?s=96&d=mm&r=g\",\"caption\":\"tecnicaciffyh\"},\"url\":\"https:\/\/ffyh.unc.edu.ar\/ciffyh\/author\/tecnicaciffyh\/\"}]}<\/script>\n<!-- \/ Yoast SEO plugin. -->","yoast_head_json":{"title":"Sali\u00f3 el N\u00b0 23 Vol. 12 de la Revista Intersticios - Centro de Investigaciones &quot;Maria Saleme de Burnichon&quot;","robots":{"index":"index","follow":"follow","max-snippet":"max-snippet:-1","max-image-preview":"max-image-preview:large","max-video-preview":"max-video-preview:-1"},"canonical":"https:\/\/ffyh.unc.edu.ar\/ciffyh\/salio-el-n-23-vol-12-de-la-revista-intersticios\/","og_locale":"es_ES","og_type":"article","og_title":"Sali\u00f3 el N\u00b0 23 Vol. 12 de la Revista Intersticios - Centro de Investigaciones &quot;Maria Saleme de Burnichon&quot;","og_description":"El pasado 31 de julio se public\u00f3 en el portal de revistas cient\u00edficas de la UNC un nuevo n\u00famero de","og_url":"https:\/\/ffyh.unc.edu.ar\/ciffyh\/salio-el-n-23-vol-12-de-la-revista-intersticios\/","og_site_name":"Centro de Investigaciones &quot;Maria Saleme de Burnichon&quot;","article_published_time":"2023-08-03T18:05:37+00:00","og_image":[{"width":800,"height":445,"url":"http:\/\/ffyh.unc.edu.ar\/ciffyh\/wp-content\/uploads\/sites\/10\/2023\/08\/noticiaintersticios08-2023.jpg","type":"image\/jpeg"}],"author":"tecnicaciffyh","twitter_card":"summary_large_image","twitter_misc":{"Escrito por":false,"Tiempo de lectura":"3 minutos"},"schema":{"@context":"https:\/\/schema.org","@graph":[{"@type":"Article","@id":"https:\/\/ffyh.unc.edu.ar\/ciffyh\/salio-el-n-23-vol-12-de-la-revista-intersticios\/#article","isPartOf":{"@id":"https:\/\/ffyh.unc.edu.ar\/ciffyh\/salio-el-n-23-vol-12-de-la-revista-intersticios\/"},"author":{"name":"tecnicaciffyh","@id":"https:\/\/ffyh.unc.edu.ar\/ciffyh\/#\/schema\/person\/136b8e7d00e5053aff43b3dc53e99bc0"},"headline":"Sali\u00f3 el N\u00b0 23 Vol. 12 de la Revista Intersticios","datePublished":"2023-08-03T18:05:37+00:00","mainEntityOfPage":{"@id":"https:\/\/ffyh.unc.edu.ar\/ciffyh\/salio-el-n-23-vol-12-de-la-revista-intersticios\/"},"wordCount":501,"publisher":{"@id":"https:\/\/ffyh.unc.edu.ar\/ciffyh\/#organization"},"image":{"@id":"https:\/\/ffyh.unc.edu.ar\/ciffyh\/salio-el-n-23-vol-12-de-la-revista-intersticios\/#primaryimage"},"thumbnailUrl":"https:\/\/ffyh.unc.edu.ar\/ciffyh\/wp-content\/uploads\/sites\/10\/2023\/08\/noticiaintersticios08-2023.jpg","articleSection":["\u00c1rea Filosof\u00eda","Nuestras Revistas"],"inLanguage":"es"},{"@type":"WebPage","@id":"https:\/\/ffyh.unc.edu.ar\/ciffyh\/salio-el-n-23-vol-12-de-la-revista-intersticios\/","url":"https:\/\/ffyh.unc.edu.ar\/ciffyh\/salio-el-n-23-vol-12-de-la-revista-intersticios\/","name":"Sali\u00f3 el N\u00b0 23 Vol. 12 de la Revista Intersticios - Centro de Investigaciones &quot;Maria Saleme de Burnichon&quot;","isPartOf":{"@id":"https:\/\/ffyh.unc.edu.ar\/ciffyh\/#website"},"primaryImageOfPage":{"@id":"https:\/\/ffyh.unc.edu.ar\/ciffyh\/salio-el-n-23-vol-12-de-la-revista-intersticios\/#primaryimage"},"image":{"@id":"https:\/\/ffyh.unc.edu.ar\/ciffyh\/salio-el-n-23-vol-12-de-la-revista-intersticios\/#primaryimage"},"thumbnailUrl":"https:\/\/ffyh.unc.edu.ar\/ciffyh\/wp-content\/uploads\/sites\/10\/2023\/08\/noticiaintersticios08-2023.jpg","datePublished":"2023-08-03T18:05:37+00:00","breadcrumb":{"@id":"https:\/\/ffyh.unc.edu.ar\/ciffyh\/salio-el-n-23-vol-12-de-la-revista-intersticios\/#breadcrumb"},"inLanguage":"es","potentialAction":[{"@type":"ReadAction","target":["https:\/\/ffyh.unc.edu.ar\/ciffyh\/salio-el-n-23-vol-12-de-la-revista-intersticios\/"]}]},{"@type":"ImageObject","inLanguage":"es","@id":"https:\/\/ffyh.unc.edu.ar\/ciffyh\/salio-el-n-23-vol-12-de-la-revista-intersticios\/#primaryimage","url":"https:\/\/ffyh.unc.edu.ar\/ciffyh\/wp-content\/uploads\/sites\/10\/2023\/08\/noticiaintersticios08-2023.jpg","contentUrl":"https:\/\/ffyh.unc.edu.ar\/ciffyh\/wp-content\/uploads\/sites\/10\/2023\/08\/noticiaintersticios08-2023.jpg","width":800,"height":445},{"@type":"BreadcrumbList","@id":"https:\/\/ffyh.unc.edu.ar\/ciffyh\/salio-el-n-23-vol-12-de-la-revista-intersticios\/#breadcrumb","itemListElement":[{"@type":"ListItem","position":1,"name":"Portada","item":"https:\/\/ffyh.unc.edu.ar\/ciffyh\/"},{"@type":"ListItem","position":2,"name":"Sali\u00f3 el N\u00b0 23 Vol. 12 de la Revista Intersticios"}]},{"@type":"WebSite","@id":"https:\/\/ffyh.unc.edu.ar\/ciffyh\/#website","url":"https:\/\/ffyh.unc.edu.ar\/ciffyh\/","name":"Centro de Investigaciones \"Maria Saleme de Burnichon\"","description":"Facultad de Filosof\u00eda y Humanidades | UNC","publisher":{"@id":"https:\/\/ffyh.unc.edu.ar\/ciffyh\/#organization"},"potentialAction":[{"@type":"SearchAction","target":{"@type":"EntryPoint","urlTemplate":"https:\/\/ffyh.unc.edu.ar\/ciffyh\/?s={search_term_string}"},"query-input":{"@type":"PropertyValueSpecification","valueRequired":true,"valueName":"search_term_string"}}],"inLanguage":"es"},{"@type":"Organization","@id":"https:\/\/ffyh.unc.edu.ar\/ciffyh\/#organization","name":"Centro de Investigaciones \"Maria Saleme de Burnichon\"","url":"https:\/\/ffyh.unc.edu.ar\/ciffyh\/","logo":{"@type":"ImageObject","inLanguage":"es","@id":"https:\/\/ffyh.unc.edu.ar\/ciffyh\/#\/schema\/logo\/image\/","url":"https:\/\/ffyh.unc.edu.ar\/ciffyh\/wp-content\/uploads\/sites\/10\/2018\/02\/cropped-logo-ciffyh-ico.png","contentUrl":"https:\/\/ffyh.unc.edu.ar\/ciffyh\/wp-content\/uploads\/sites\/10\/2018\/02\/cropped-logo-ciffyh-ico.png","width":512,"height":512,"caption":"Centro de Investigaciones \"Maria Saleme de Burnichon\""},"image":{"@id":"https:\/\/ffyh.unc.edu.ar\/ciffyh\/#\/schema\/logo\/image\/"},"sameAs":["https:\/\/www.instagram.com\/ciffyh\/"]},{"@type":"Person","@id":"https:\/\/ffyh.unc.edu.ar\/ciffyh\/#\/schema\/person\/136b8e7d00e5053aff43b3dc53e99bc0","name":"tecnicaciffyh","image":{"@type":"ImageObject","inLanguage":"es","@id":"https:\/\/ffyh.unc.edu.ar\/ciffyh\/#\/schema\/person\/image\/","url":"https:\/\/secure.gravatar.com\/avatar\/dce86f5e9bf49e3aa9e05e7ed5904a9112e25483e3c8f175eb93b2f53a67c2e4?s=96&d=mm&r=g","contentUrl":"https:\/\/secure.gravatar.com\/avatar\/dce86f5e9bf49e3aa9e05e7ed5904a9112e25483e3c8f175eb93b2f53a67c2e4?s=96&d=mm&r=g","caption":"tecnicaciffyh"},"url":"https:\/\/ffyh.unc.edu.ar\/ciffyh\/author\/tecnicaciffyh\/"}]}},"jetpack_featured_media_url":"https:\/\/ffyh.unc.edu.ar\/ciffyh\/wp-content\/uploads\/sites\/10\/2023\/08\/noticiaintersticios08-2023.jpg","_links":{"self":[{"href":"https:\/\/ffyh.unc.edu.ar\/ciffyh\/wp-json\/wp\/v2\/posts\/6282","targetHints":{"allow":["GET"]}}],"collection":[{"href":"https:\/\/ffyh.unc.edu.ar\/ciffyh\/wp-json\/wp\/v2\/posts"}],"about":[{"href":"https:\/\/ffyh.unc.edu.ar\/ciffyh\/wp-json\/wp\/v2\/types\/post"}],"author":[{"embeddable":true,"href":"https:\/\/ffyh.unc.edu.ar\/ciffyh\/wp-json\/wp\/v2\/users\/39"}],"replies":[{"embeddable":true,"href":"https:\/\/ffyh.unc.edu.ar\/ciffyh\/wp-json\/wp\/v2\/comments?post=6282"}],"version-history":[{"count":1,"href":"https:\/\/ffyh.unc.edu.ar\/ciffyh\/wp-json\/wp\/v2\/posts\/6282\/revisions"}],"predecessor-version":[{"id":6287,"href":"https:\/\/ffyh.unc.edu.ar\/ciffyh\/wp-json\/wp\/v2\/posts\/6282\/revisions\/6287"}],"wp:featuredmedia":[{"embeddable":true,"href":"https:\/\/ffyh.unc.edu.ar\/ciffyh\/wp-json\/wp\/v2\/media\/6283"}],"wp:attachment":[{"href":"https:\/\/ffyh.unc.edu.ar\/ciffyh\/wp-json\/wp\/v2\/media?parent=6282"}],"wp:term":[{"taxonomy":"category","embeddable":true,"href":"https:\/\/ffyh.unc.edu.ar\/ciffyh\/wp-json\/wp\/v2\/categories?post=6282"},{"taxonomy":"post_tag","embeddable":true,"href":"https:\/\/ffyh.unc.edu.ar\/ciffyh\/wp-json\/wp\/v2\/tags?post=6282"}],"curies":[{"name":"wp","href":"https:\/\/api.w.org\/{rel}","templated":true}]}}