{"id":6585,"date":"2023-09-26T17:25:26","date_gmt":"2023-09-26T17:25:26","guid":{"rendered":"https:\/\/ffyh.unc.edu.ar\/ciffyh\/?p=6585"},"modified":"2023-09-26T17:25:26","modified_gmt":"2023-09-26T17:25:26","slug":"presentacion-del-libro-violencia-y-dolor-notas-sobre-literatura-francofona-contemporanea","status":"publish","type":"post","link":"https:\/\/ffyh.unc.edu.ar\/ciffyh\/presentacion-del-libro-violencia-y-dolor-notas-sobre-literatura-francofona-contemporanea\/","title":{"rendered":"Presentaci\u00f3n del libro \u00abViolencia y dolor. Notas sobre literatura franc\u00f3fona contempor\u00e1nea\u00bb"},"content":{"rendered":"<p><em>En el marco de la 37\u00b0 Feria del Libro de C\u00f3rdoba, les invitamos a la presentaci\u00f3n del le-book \u00abViolencia y dolor. Notas sobre literatura franc\u00f3fona contempor\u00e1nea\u00bb, el mi\u00e9rcoles 11 de octubre a las 19 en la Alianza Francesa de la ciudad de C\u00f3rdoba. Animan Leandro Calle y Natalia L. Ferreri.<\/em><\/p>\n<p><!--more--><\/p>\n<p>Este libro, editado por Natalia Ferreri y Cecilia Peralta Fr\u00edas, presenta una compilaci\u00f3n de trabajos originales de Agustina Concepci\u00f3n Alonso, Paula Gamba, Ana Virginia Lona, Francisco Pag\u00e9s Reimon y Luc\u00eda Villagra, y forma parte de las Colecciones del CIFFyH.<\/p>\n<p>Los trabajos reunidos en este volumen parten del presupuesto de que la literatura franc\u00f3fona extremo contempor\u00e1nea de los \u00faltimos decenios captura manifestaciones de la violencia y muestras de dolor, sustentadas en inequidades propias de un siglo signado por las paradojas y devuelve esas im\u00e1genes al mundo en forma de arte.<\/p>\n<p>El e-book forma parte de las Colecciones del CIFFyH, una iniciativa del Centro de Investigaciones Mar\u00eda Saleme de Burnichon (FFyH) en vinculaci\u00f3n con el \u00c1rea de Publicaciones de la FFyH que busca fortalecer la producci\u00f3n y difusi\u00f3n del trabajo de los grupos de investigaci\u00f3n del Centro, fomentar la participaci\u00f3n en la producci\u00f3n y circulaci\u00f3n del conocimiento de estudiantes, egresados\/as y docentes, y generar espacios institucionales que habiliten dicha circulaci\u00f3n.<\/p>\n<p><img fetchpriority=\"high\" decoding=\"async\" class=\"alignnone wp-image-6586 size-full\" src=\"http:\/\/ffyh.unc.edu.ar\/ciffyh\/wp-content\/uploads\/sites\/10\/2023\/09\/Flyer-presentacion-libro_Violencia-y-dolor_2023.jpg\" alt=\"\" width=\"1600\" height=\"1600\" srcset=\"https:\/\/ffyh.unc.edu.ar\/ciffyh\/wp-content\/uploads\/sites\/10\/2023\/09\/Flyer-presentacion-libro_Violencia-y-dolor_2023.jpg 1600w, https:\/\/ffyh.unc.edu.ar\/ciffyh\/wp-content\/uploads\/sites\/10\/2023\/09\/Flyer-presentacion-libro_Violencia-y-dolor_2023-300x300.jpg 300w, https:\/\/ffyh.unc.edu.ar\/ciffyh\/wp-content\/uploads\/sites\/10\/2023\/09\/Flyer-presentacion-libro_Violencia-y-dolor_2023-1024x1024.jpg 1024w, https:\/\/ffyh.unc.edu.ar\/ciffyh\/wp-content\/uploads\/sites\/10\/2023\/09\/Flyer-presentacion-libro_Violencia-y-dolor_2023-150x150.jpg 150w, https:\/\/ffyh.unc.edu.ar\/ciffyh\/wp-content\/uploads\/sites\/10\/2023\/09\/Flyer-presentacion-libro_Violencia-y-dolor_2023-768x768.jpg 768w, https:\/\/ffyh.unc.edu.ar\/ciffyh\/wp-content\/uploads\/sites\/10\/2023\/09\/Flyer-presentacion-libro_Violencia-y-dolor_2023-1536x1536.jpg 1536w, https:\/\/ffyh.unc.edu.ar\/ciffyh\/wp-content\/uploads\/sites\/10\/2023\/09\/Flyer-presentacion-libro_Violencia-y-dolor_2023-1320x1320.jpg 1320w\" sizes=\"(max-width: 1600px) 100vw, 1600px\" \/><\/p>\n<p>&nbsp;<\/p>\n","protected":false},"excerpt":{"rendered":"<p>En el marco de la 37\u00b0 Feria del Libro de C\u00f3rdoba, les invitamos a la presentaci\u00f3n del le-book \u00abViolencia y<\/p>\n","protected":false},"author":39,"featured_media":6587,"comment_status":"closed","ping_status":"closed","sticky":false,"template":"","format":"standard","meta":{"_acf_changed":false,"colormag_page_container_layout":"default_layout","colormag_page_sidebar_layout":"default_layout","footnotes":""},"categories":[48,67,40],"tags":[],"class_list":["post-6585","post","type-post","status-publish","format-standard","has-post-thumbnail","hentry","category-letras","category-colecciones-del-ciffyh","category-presentaciones-de-libros"],"acf":[],"yoast_head":"<!-- This site is optimized with the Yoast SEO plugin v27.1.1 - https:\/\/yoast.com\/product\/yoast-seo-wordpress\/ -->\n<title>Presentaci\u00f3n del libro &quot;Violencia y dolor. Notas sobre literatura franc\u00f3fona contempor\u00e1nea&quot; - Centro de Investigaciones &quot;Maria Saleme de Burnichon&quot;<\/title>\n<meta name=\"robots\" content=\"index, follow, max-snippet:-1, max-image-preview:large, max-video-preview:-1\" \/>\n<link rel=\"canonical\" href=\"https:\/\/ffyh.unc.edu.ar\/ciffyh\/presentacion-del-libro-violencia-y-dolor-notas-sobre-literatura-francofona-contemporanea\/\" \/>\n<meta property=\"og:locale\" content=\"es_ES\" \/>\n<meta property=\"og:type\" content=\"article\" \/>\n<meta property=\"og:title\" content=\"Presentaci\u00f3n del libro &quot;Violencia y dolor. Notas sobre literatura franc\u00f3fona contempor\u00e1nea&quot; - Centro de Investigaciones &quot;Maria Saleme de Burnichon&quot;\" \/>\n<meta property=\"og:description\" content=\"En el marco de la 37\u00b0 Feria del Libro de C\u00f3rdoba, les invitamos a la presentaci\u00f3n del le-book \u00abViolencia y\" \/>\n<meta property=\"og:url\" content=\"https:\/\/ffyh.unc.edu.ar\/ciffyh\/presentacion-del-libro-violencia-y-dolor-notas-sobre-literatura-francofona-contemporanea\/\" \/>\n<meta property=\"og:site_name\" content=\"Centro de Investigaciones &quot;Maria Saleme de Burnichon&quot;\" \/>\n<meta property=\"article:published_time\" content=\"2023-09-26T17:25:26+00:00\" \/>\n<meta property=\"og:image\" content=\"http:\/\/ffyh.unc.edu.ar\/ciffyh\/wp-content\/uploads\/sites\/10\/2023\/09\/violencia.jpg\" \/>\n\t<meta property=\"og:image:width\" content=\"800\" \/>\n\t<meta property=\"og:image:height\" content=\"445\" \/>\n\t<meta property=\"og:image:type\" content=\"image\/jpeg\" \/>\n<meta name=\"author\" content=\"tecnicaciffyh\" \/>\n<meta name=\"twitter:card\" content=\"summary_large_image\" \/>\n<meta name=\"twitter:label1\" content=\"Escrito por\" \/>\n\t<meta name=\"twitter:data1\" content=\"\" \/>\n\t<meta name=\"twitter:label2\" content=\"Tiempo de lectura\" \/>\n\t<meta name=\"twitter:data2\" content=\"2 minutos\" \/>\n<script type=\"application\/ld+json\" class=\"yoast-schema-graph\">{\"@context\":\"https:\/\/schema.org\",\"@graph\":[{\"@type\":\"Article\",\"@id\":\"https:\/\/ffyh.unc.edu.ar\/ciffyh\/presentacion-del-libro-violencia-y-dolor-notas-sobre-literatura-francofona-contemporanea\/#article\",\"isPartOf\":{\"@id\":\"https:\/\/ffyh.unc.edu.ar\/ciffyh\/presentacion-del-libro-violencia-y-dolor-notas-sobre-literatura-francofona-contemporanea\/\"},\"author\":{\"name\":\"tecnicaciffyh\",\"@id\":\"https:\/\/ffyh.unc.edu.ar\/ciffyh\/#\/schema\/person\/136b8e7d00e5053aff43b3dc53e99bc0\"},\"headline\":\"Presentaci\u00f3n del libro \u00abViolencia y dolor. Notas sobre literatura franc\u00f3fona contempor\u00e1nea\u00bb\",\"datePublished\":\"2023-09-26T17:25:26+00:00\",\"mainEntityOfPage\":{\"@id\":\"https:\/\/ffyh.unc.edu.ar\/ciffyh\/presentacion-del-libro-violencia-y-dolor-notas-sobre-literatura-francofona-contemporanea\/\"},\"wordCount\":244,\"publisher\":{\"@id\":\"https:\/\/ffyh.unc.edu.ar\/ciffyh\/#organization\"},\"image\":{\"@id\":\"https:\/\/ffyh.unc.edu.ar\/ciffyh\/presentacion-del-libro-violencia-y-dolor-notas-sobre-literatura-francofona-contemporanea\/#primaryimage\"},\"thumbnailUrl\":\"https:\/\/ffyh.unc.edu.ar\/ciffyh\/wp-content\/uploads\/sites\/10\/2023\/09\/violencia.jpg\",\"articleSection\":[\"\u00c1rea Letras\",\"Colecciones del CIFFyH\",\"Presentaciones de libros\"],\"inLanguage\":\"es\"},{\"@type\":\"WebPage\",\"@id\":\"https:\/\/ffyh.unc.edu.ar\/ciffyh\/presentacion-del-libro-violencia-y-dolor-notas-sobre-literatura-francofona-contemporanea\/\",\"url\":\"https:\/\/ffyh.unc.edu.ar\/ciffyh\/presentacion-del-libro-violencia-y-dolor-notas-sobre-literatura-francofona-contemporanea\/\",\"name\":\"Presentaci\u00f3n del libro \\\"Violencia y dolor. Notas sobre literatura franc\u00f3fona contempor\u00e1nea\\\" - Centro de Investigaciones &quot;Maria Saleme de Burnichon&quot;\",\"isPartOf\":{\"@id\":\"https:\/\/ffyh.unc.edu.ar\/ciffyh\/#website\"},\"primaryImageOfPage\":{\"@id\":\"https:\/\/ffyh.unc.edu.ar\/ciffyh\/presentacion-del-libro-violencia-y-dolor-notas-sobre-literatura-francofona-contemporanea\/#primaryimage\"},\"image\":{\"@id\":\"https:\/\/ffyh.unc.edu.ar\/ciffyh\/presentacion-del-libro-violencia-y-dolor-notas-sobre-literatura-francofona-contemporanea\/#primaryimage\"},\"thumbnailUrl\":\"https:\/\/ffyh.unc.edu.ar\/ciffyh\/wp-content\/uploads\/sites\/10\/2023\/09\/violencia.jpg\",\"datePublished\":\"2023-09-26T17:25:26+00:00\",\"breadcrumb\":{\"@id\":\"https:\/\/ffyh.unc.edu.ar\/ciffyh\/presentacion-del-libro-violencia-y-dolor-notas-sobre-literatura-francofona-contemporanea\/#breadcrumb\"},\"inLanguage\":\"es\",\"potentialAction\":[{\"@type\":\"ReadAction\",\"target\":[\"https:\/\/ffyh.unc.edu.ar\/ciffyh\/presentacion-del-libro-violencia-y-dolor-notas-sobre-literatura-francofona-contemporanea\/\"]}]},{\"@type\":\"ImageObject\",\"inLanguage\":\"es\",\"@id\":\"https:\/\/ffyh.unc.edu.ar\/ciffyh\/presentacion-del-libro-violencia-y-dolor-notas-sobre-literatura-francofona-contemporanea\/#primaryimage\",\"url\":\"https:\/\/ffyh.unc.edu.ar\/ciffyh\/wp-content\/uploads\/sites\/10\/2023\/09\/violencia.jpg\",\"contentUrl\":\"https:\/\/ffyh.unc.edu.ar\/ciffyh\/wp-content\/uploads\/sites\/10\/2023\/09\/violencia.jpg\",\"width\":800,\"height\":445},{\"@type\":\"BreadcrumbList\",\"@id\":\"https:\/\/ffyh.unc.edu.ar\/ciffyh\/presentacion-del-libro-violencia-y-dolor-notas-sobre-literatura-francofona-contemporanea\/#breadcrumb\",\"itemListElement\":[{\"@type\":\"ListItem\",\"position\":1,\"name\":\"Portada\",\"item\":\"https:\/\/ffyh.unc.edu.ar\/ciffyh\/\"},{\"@type\":\"ListItem\",\"position\":2,\"name\":\"Presentaci\u00f3n del libro \u00abViolencia y dolor. Notas sobre literatura franc\u00f3fona contempor\u00e1nea\u00bb\"}]},{\"@type\":\"WebSite\",\"@id\":\"https:\/\/ffyh.unc.edu.ar\/ciffyh\/#website\",\"url\":\"https:\/\/ffyh.unc.edu.ar\/ciffyh\/\",\"name\":\"Centro de Investigaciones \\\"Maria Saleme de Burnichon\\\"\",\"description\":\"Facultad de Filosof\u00eda y Humanidades | UNC\",\"publisher\":{\"@id\":\"https:\/\/ffyh.unc.edu.ar\/ciffyh\/#organization\"},\"potentialAction\":[{\"@type\":\"SearchAction\",\"target\":{\"@type\":\"EntryPoint\",\"urlTemplate\":\"https:\/\/ffyh.unc.edu.ar\/ciffyh\/?s={search_term_string}\"},\"query-input\":{\"@type\":\"PropertyValueSpecification\",\"valueRequired\":true,\"valueName\":\"search_term_string\"}}],\"inLanguage\":\"es\"},{\"@type\":\"Organization\",\"@id\":\"https:\/\/ffyh.unc.edu.ar\/ciffyh\/#organization\",\"name\":\"Centro de Investigaciones \\\"Maria Saleme de Burnichon\\\"\",\"url\":\"https:\/\/ffyh.unc.edu.ar\/ciffyh\/\",\"logo\":{\"@type\":\"ImageObject\",\"inLanguage\":\"es\",\"@id\":\"https:\/\/ffyh.unc.edu.ar\/ciffyh\/#\/schema\/logo\/image\/\",\"url\":\"https:\/\/ffyh.unc.edu.ar\/ciffyh\/wp-content\/uploads\/sites\/10\/2018\/02\/cropped-logo-ciffyh-ico.png\",\"contentUrl\":\"https:\/\/ffyh.unc.edu.ar\/ciffyh\/wp-content\/uploads\/sites\/10\/2018\/02\/cropped-logo-ciffyh-ico.png\",\"width\":512,\"height\":512,\"caption\":\"Centro de Investigaciones \\\"Maria Saleme de Burnichon\\\"\"},\"image\":{\"@id\":\"https:\/\/ffyh.unc.edu.ar\/ciffyh\/#\/schema\/logo\/image\/\"},\"sameAs\":[\"https:\/\/www.instagram.com\/ciffyh\/\"]},{\"@type\":\"Person\",\"@id\":\"https:\/\/ffyh.unc.edu.ar\/ciffyh\/#\/schema\/person\/136b8e7d00e5053aff43b3dc53e99bc0\",\"name\":\"tecnicaciffyh\",\"image\":{\"@type\":\"ImageObject\",\"inLanguage\":\"es\",\"@id\":\"https:\/\/ffyh.unc.edu.ar\/ciffyh\/#\/schema\/person\/image\/\",\"url\":\"https:\/\/secure.gravatar.com\/avatar\/dce86f5e9bf49e3aa9e05e7ed5904a9112e25483e3c8f175eb93b2f53a67c2e4?s=96&d=mm&r=g\",\"contentUrl\":\"https:\/\/secure.gravatar.com\/avatar\/dce86f5e9bf49e3aa9e05e7ed5904a9112e25483e3c8f175eb93b2f53a67c2e4?s=96&d=mm&r=g\",\"caption\":\"tecnicaciffyh\"},\"url\":\"https:\/\/ffyh.unc.edu.ar\/ciffyh\/author\/tecnicaciffyh\/\"}]}<\/script>\n<!-- \/ Yoast SEO plugin. -->","yoast_head_json":{"title":"Presentaci\u00f3n del libro \"Violencia y dolor. Notas sobre literatura franc\u00f3fona contempor\u00e1nea\" - Centro de Investigaciones &quot;Maria Saleme de Burnichon&quot;","robots":{"index":"index","follow":"follow","max-snippet":"max-snippet:-1","max-image-preview":"max-image-preview:large","max-video-preview":"max-video-preview:-1"},"canonical":"https:\/\/ffyh.unc.edu.ar\/ciffyh\/presentacion-del-libro-violencia-y-dolor-notas-sobre-literatura-francofona-contemporanea\/","og_locale":"es_ES","og_type":"article","og_title":"Presentaci\u00f3n del libro \"Violencia y dolor. Notas sobre literatura franc\u00f3fona contempor\u00e1nea\" - Centro de Investigaciones &quot;Maria Saleme de Burnichon&quot;","og_description":"En el marco de la 37\u00b0 Feria del Libro de C\u00f3rdoba, les invitamos a la presentaci\u00f3n del le-book \u00abViolencia y","og_url":"https:\/\/ffyh.unc.edu.ar\/ciffyh\/presentacion-del-libro-violencia-y-dolor-notas-sobre-literatura-francofona-contemporanea\/","og_site_name":"Centro de Investigaciones &quot;Maria Saleme de Burnichon&quot;","article_published_time":"2023-09-26T17:25:26+00:00","og_image":[{"width":800,"height":445,"url":"http:\/\/ffyh.unc.edu.ar\/ciffyh\/wp-content\/uploads\/sites\/10\/2023\/09\/violencia.jpg","type":"image\/jpeg"}],"author":"tecnicaciffyh","twitter_card":"summary_large_image","twitter_misc":{"Escrito por":false,"Tiempo de lectura":"2 minutos"},"schema":{"@context":"https:\/\/schema.org","@graph":[{"@type":"Article","@id":"https:\/\/ffyh.unc.edu.ar\/ciffyh\/presentacion-del-libro-violencia-y-dolor-notas-sobre-literatura-francofona-contemporanea\/#article","isPartOf":{"@id":"https:\/\/ffyh.unc.edu.ar\/ciffyh\/presentacion-del-libro-violencia-y-dolor-notas-sobre-literatura-francofona-contemporanea\/"},"author":{"name":"tecnicaciffyh","@id":"https:\/\/ffyh.unc.edu.ar\/ciffyh\/#\/schema\/person\/136b8e7d00e5053aff43b3dc53e99bc0"},"headline":"Presentaci\u00f3n del libro \u00abViolencia y dolor. Notas sobre literatura franc\u00f3fona contempor\u00e1nea\u00bb","datePublished":"2023-09-26T17:25:26+00:00","mainEntityOfPage":{"@id":"https:\/\/ffyh.unc.edu.ar\/ciffyh\/presentacion-del-libro-violencia-y-dolor-notas-sobre-literatura-francofona-contemporanea\/"},"wordCount":244,"publisher":{"@id":"https:\/\/ffyh.unc.edu.ar\/ciffyh\/#organization"},"image":{"@id":"https:\/\/ffyh.unc.edu.ar\/ciffyh\/presentacion-del-libro-violencia-y-dolor-notas-sobre-literatura-francofona-contemporanea\/#primaryimage"},"thumbnailUrl":"https:\/\/ffyh.unc.edu.ar\/ciffyh\/wp-content\/uploads\/sites\/10\/2023\/09\/violencia.jpg","articleSection":["\u00c1rea Letras","Colecciones del CIFFyH","Presentaciones de libros"],"inLanguage":"es"},{"@type":"WebPage","@id":"https:\/\/ffyh.unc.edu.ar\/ciffyh\/presentacion-del-libro-violencia-y-dolor-notas-sobre-literatura-francofona-contemporanea\/","url":"https:\/\/ffyh.unc.edu.ar\/ciffyh\/presentacion-del-libro-violencia-y-dolor-notas-sobre-literatura-francofona-contemporanea\/","name":"Presentaci\u00f3n del libro \"Violencia y dolor. Notas sobre literatura franc\u00f3fona contempor\u00e1nea\" - Centro de Investigaciones &quot;Maria Saleme de Burnichon&quot;","isPartOf":{"@id":"https:\/\/ffyh.unc.edu.ar\/ciffyh\/#website"},"primaryImageOfPage":{"@id":"https:\/\/ffyh.unc.edu.ar\/ciffyh\/presentacion-del-libro-violencia-y-dolor-notas-sobre-literatura-francofona-contemporanea\/#primaryimage"},"image":{"@id":"https:\/\/ffyh.unc.edu.ar\/ciffyh\/presentacion-del-libro-violencia-y-dolor-notas-sobre-literatura-francofona-contemporanea\/#primaryimage"},"thumbnailUrl":"https:\/\/ffyh.unc.edu.ar\/ciffyh\/wp-content\/uploads\/sites\/10\/2023\/09\/violencia.jpg","datePublished":"2023-09-26T17:25:26+00:00","breadcrumb":{"@id":"https:\/\/ffyh.unc.edu.ar\/ciffyh\/presentacion-del-libro-violencia-y-dolor-notas-sobre-literatura-francofona-contemporanea\/#breadcrumb"},"inLanguage":"es","potentialAction":[{"@type":"ReadAction","target":["https:\/\/ffyh.unc.edu.ar\/ciffyh\/presentacion-del-libro-violencia-y-dolor-notas-sobre-literatura-francofona-contemporanea\/"]}]},{"@type":"ImageObject","inLanguage":"es","@id":"https:\/\/ffyh.unc.edu.ar\/ciffyh\/presentacion-del-libro-violencia-y-dolor-notas-sobre-literatura-francofona-contemporanea\/#primaryimage","url":"https:\/\/ffyh.unc.edu.ar\/ciffyh\/wp-content\/uploads\/sites\/10\/2023\/09\/violencia.jpg","contentUrl":"https:\/\/ffyh.unc.edu.ar\/ciffyh\/wp-content\/uploads\/sites\/10\/2023\/09\/violencia.jpg","width":800,"height":445},{"@type":"BreadcrumbList","@id":"https:\/\/ffyh.unc.edu.ar\/ciffyh\/presentacion-del-libro-violencia-y-dolor-notas-sobre-literatura-francofona-contemporanea\/#breadcrumb","itemListElement":[{"@type":"ListItem","position":1,"name":"Portada","item":"https:\/\/ffyh.unc.edu.ar\/ciffyh\/"},{"@type":"ListItem","position":2,"name":"Presentaci\u00f3n del libro \u00abViolencia y dolor. Notas sobre literatura franc\u00f3fona contempor\u00e1nea\u00bb"}]},{"@type":"WebSite","@id":"https:\/\/ffyh.unc.edu.ar\/ciffyh\/#website","url":"https:\/\/ffyh.unc.edu.ar\/ciffyh\/","name":"Centro de Investigaciones \"Maria Saleme de Burnichon\"","description":"Facultad de Filosof\u00eda y Humanidades | UNC","publisher":{"@id":"https:\/\/ffyh.unc.edu.ar\/ciffyh\/#organization"},"potentialAction":[{"@type":"SearchAction","target":{"@type":"EntryPoint","urlTemplate":"https:\/\/ffyh.unc.edu.ar\/ciffyh\/?s={search_term_string}"},"query-input":{"@type":"PropertyValueSpecification","valueRequired":true,"valueName":"search_term_string"}}],"inLanguage":"es"},{"@type":"Organization","@id":"https:\/\/ffyh.unc.edu.ar\/ciffyh\/#organization","name":"Centro de Investigaciones \"Maria Saleme de Burnichon\"","url":"https:\/\/ffyh.unc.edu.ar\/ciffyh\/","logo":{"@type":"ImageObject","inLanguage":"es","@id":"https:\/\/ffyh.unc.edu.ar\/ciffyh\/#\/schema\/logo\/image\/","url":"https:\/\/ffyh.unc.edu.ar\/ciffyh\/wp-content\/uploads\/sites\/10\/2018\/02\/cropped-logo-ciffyh-ico.png","contentUrl":"https:\/\/ffyh.unc.edu.ar\/ciffyh\/wp-content\/uploads\/sites\/10\/2018\/02\/cropped-logo-ciffyh-ico.png","width":512,"height":512,"caption":"Centro de Investigaciones \"Maria Saleme de Burnichon\""},"image":{"@id":"https:\/\/ffyh.unc.edu.ar\/ciffyh\/#\/schema\/logo\/image\/"},"sameAs":["https:\/\/www.instagram.com\/ciffyh\/"]},{"@type":"Person","@id":"https:\/\/ffyh.unc.edu.ar\/ciffyh\/#\/schema\/person\/136b8e7d00e5053aff43b3dc53e99bc0","name":"tecnicaciffyh","image":{"@type":"ImageObject","inLanguage":"es","@id":"https:\/\/ffyh.unc.edu.ar\/ciffyh\/#\/schema\/person\/image\/","url":"https:\/\/secure.gravatar.com\/avatar\/dce86f5e9bf49e3aa9e05e7ed5904a9112e25483e3c8f175eb93b2f53a67c2e4?s=96&d=mm&r=g","contentUrl":"https:\/\/secure.gravatar.com\/avatar\/dce86f5e9bf49e3aa9e05e7ed5904a9112e25483e3c8f175eb93b2f53a67c2e4?s=96&d=mm&r=g","caption":"tecnicaciffyh"},"url":"https:\/\/ffyh.unc.edu.ar\/ciffyh\/author\/tecnicaciffyh\/"}]}},"jetpack_featured_media_url":"https:\/\/ffyh.unc.edu.ar\/ciffyh\/wp-content\/uploads\/sites\/10\/2023\/09\/violencia.jpg","_links":{"self":[{"href":"https:\/\/ffyh.unc.edu.ar\/ciffyh\/wp-json\/wp\/v2\/posts\/6585","targetHints":{"allow":["GET"]}}],"collection":[{"href":"https:\/\/ffyh.unc.edu.ar\/ciffyh\/wp-json\/wp\/v2\/posts"}],"about":[{"href":"https:\/\/ffyh.unc.edu.ar\/ciffyh\/wp-json\/wp\/v2\/types\/post"}],"author":[{"embeddable":true,"href":"https:\/\/ffyh.unc.edu.ar\/ciffyh\/wp-json\/wp\/v2\/users\/39"}],"replies":[{"embeddable":true,"href":"https:\/\/ffyh.unc.edu.ar\/ciffyh\/wp-json\/wp\/v2\/comments?post=6585"}],"version-history":[{"count":1,"href":"https:\/\/ffyh.unc.edu.ar\/ciffyh\/wp-json\/wp\/v2\/posts\/6585\/revisions"}],"predecessor-version":[{"id":6588,"href":"https:\/\/ffyh.unc.edu.ar\/ciffyh\/wp-json\/wp\/v2\/posts\/6585\/revisions\/6588"}],"wp:featuredmedia":[{"embeddable":true,"href":"https:\/\/ffyh.unc.edu.ar\/ciffyh\/wp-json\/wp\/v2\/media\/6587"}],"wp:attachment":[{"href":"https:\/\/ffyh.unc.edu.ar\/ciffyh\/wp-json\/wp\/v2\/media?parent=6585"}],"wp:term":[{"taxonomy":"category","embeddable":true,"href":"https:\/\/ffyh.unc.edu.ar\/ciffyh\/wp-json\/wp\/v2\/categories?post=6585"},{"taxonomy":"post_tag","embeddable":true,"href":"https:\/\/ffyh.unc.edu.ar\/ciffyh\/wp-json\/wp\/v2\/tags?post=6585"}],"curies":[{"name":"wp","href":"https:\/\/api.w.org\/{rel}","templated":true}]}}