{"id":6640,"date":"2023-10-04T19:19:46","date_gmt":"2023-10-04T19:19:46","guid":{"rendered":"https:\/\/ffyh.unc.edu.ar\/ciffyh\/?p=6640"},"modified":"2023-10-04T19:20:39","modified_gmt":"2023-10-04T19:20:39","slug":"presentacion-de-la-deriva-psicogeografica-a-los-itinerarios-psicoafectivos-sobre-las-vivencias-en-pandemia","status":"publish","type":"post","link":"https:\/\/ffyh.unc.edu.ar\/ciffyh\/presentacion-de-la-deriva-psicogeografica-a-los-itinerarios-psicoafectivos-sobre-las-vivencias-en-pandemia\/","title":{"rendered":"Presentaci\u00f3n \u00abDe la deriva psicogeogr\u00e1fica a los itinerarios psicoafectivos sobre las vivencias en pandemia\u00bb"},"content":{"rendered":"<p><em>Invitamos a esta actividad que estar\u00e1 a cargo de Diana I. Luque y se llevar\u00e1 a cabo el mi\u00e9rcoles 11 de octubre de 14 a 16 hs. en el Aula del Ciffyh.<\/em><\/p>\n<p><!--more--><\/p>\n<p>Diana I. Luque es Estudiante del Doctorado en Filosof\u00eda en el \u00c1rea de Est\u00e9tica y Teor\u00eda de las Artes de la Universidad de Zaragoza (Espa\u00f1a). Actualmente est\u00e1 realizando una estancia de investigaci\u00f3n acad\u00e9mica en el proyecto \u00abProcesos sociales urbanos: pol\u00edticas p\u00fablicas, mercado inmobiliario y modos de habitar la ciudad de C\u00f3rdoba\u00bb (FFyH, UNC) dirigido por las Dras. Miriam Abate Daga y Julieta Mar\u00eda Capdevielle.<\/p>\n<p>Esta presentaci\u00f3n abordar\u00e1 los postulados y pr\u00e1cticas psicogeogr\u00e1ficas llevadas a cabo por el Letrismo Internacional y la Internacional Situacionista a mediados del siglo XX, en su af\u00e1n por idear la ciudad del futuro. Su praxis fenomenol\u00f3gica sustenta su investigaci\u00f3n doctoral, centrada en la creaci\u00f3n de itinerarios psicoafectivos en el espacio urbano como posibilidad de hacer experiencia de las vivencias personales acontecidas durante los confinamientos y restricciones por la pandemia de la Covid-19.<\/p>\n<ul>\n<li>Fecha y hora: mi\u00e9rcoles 11 de octubre de 14 a 16 hs.<\/li>\n<li>Lugar: Aula del Ciffyh)<\/li>\n<\/ul>\n<p><img fetchpriority=\"high\" decoding=\"async\" class=\"alignnone wp-image-6641 size-large\" src=\"http:\/\/ffyh.unc.edu.ar\/ciffyh\/wp-content\/uploads\/sites\/10\/2023\/10\/Mesa-de-trabajo-2-1-1024x1024.jpg\" alt=\"\" width=\"800\" height=\"800\" srcset=\"https:\/\/ffyh.unc.edu.ar\/ciffyh\/wp-content\/uploads\/sites\/10\/2023\/10\/Mesa-de-trabajo-2-1-1024x1024.jpg 1024w, https:\/\/ffyh.unc.edu.ar\/ciffyh\/wp-content\/uploads\/sites\/10\/2023\/10\/Mesa-de-trabajo-2-1-300x300.jpg 300w, https:\/\/ffyh.unc.edu.ar\/ciffyh\/wp-content\/uploads\/sites\/10\/2023\/10\/Mesa-de-trabajo-2-1-150x150.jpg 150w, https:\/\/ffyh.unc.edu.ar\/ciffyh\/wp-content\/uploads\/sites\/10\/2023\/10\/Mesa-de-trabajo-2-1-768x768.jpg 768w, https:\/\/ffyh.unc.edu.ar\/ciffyh\/wp-content\/uploads\/sites\/10\/2023\/10\/Mesa-de-trabajo-2-1-1536x1536.jpg 1536w, https:\/\/ffyh.unc.edu.ar\/ciffyh\/wp-content\/uploads\/sites\/10\/2023\/10\/Mesa-de-trabajo-2-1-2048x2048.jpg 2048w, https:\/\/ffyh.unc.edu.ar\/ciffyh\/wp-content\/uploads\/sites\/10\/2023\/10\/Mesa-de-trabajo-2-1-1320x1319.jpg 1320w\" sizes=\"(max-width: 800px) 100vw, 800px\" \/><\/p>\n","protected":false},"excerpt":{"rendered":"<p>Invitamos a esta actividad que estar\u00e1 a cargo de Diana I. Luque y se llevar\u00e1 a cabo el mi\u00e9rcoles 11<\/p>\n","protected":false},"author":39,"featured_media":6642,"comment_status":"closed","ping_status":"closed","sticky":false,"template":"","format":"standard","meta":{"_acf_changed":false,"colormag_page_container_layout":"default_layout","colormag_page_sidebar_layout":"default_layout","footnotes":""},"categories":[53],"tags":[],"class_list":["post-6640","post","type-post","status-publish","format-standard","has-post-thumbnail","hentry","category-ciencias-sociales"],"acf":[],"yoast_head":"<!-- This site is optimized with the Yoast SEO plugin v27.1.1 - https:\/\/yoast.com\/product\/yoast-seo-wordpress\/ -->\n<title>Presentaci\u00f3n \u00abDe la deriva psicogeogr\u00e1fica a los itinerarios psicoafectivos sobre las vivencias en pandemia\u00bb - Centro de Investigaciones &quot;Maria Saleme de Burnichon&quot;<\/title>\n<meta name=\"robots\" content=\"index, follow, max-snippet:-1, max-image-preview:large, max-video-preview:-1\" \/>\n<link rel=\"canonical\" href=\"https:\/\/ffyh.unc.edu.ar\/ciffyh\/presentacion-de-la-deriva-psicogeografica-a-los-itinerarios-psicoafectivos-sobre-las-vivencias-en-pandemia\/\" \/>\n<meta property=\"og:locale\" content=\"es_ES\" \/>\n<meta property=\"og:type\" content=\"article\" \/>\n<meta property=\"og:title\" content=\"Presentaci\u00f3n \u00abDe la deriva psicogeogr\u00e1fica a los itinerarios psicoafectivos sobre las vivencias en pandemia\u00bb - Centro de Investigaciones &quot;Maria Saleme de Burnichon&quot;\" \/>\n<meta property=\"og:description\" content=\"Invitamos a esta actividad que estar\u00e1 a cargo de Diana I. Luque y se llevar\u00e1 a cabo el mi\u00e9rcoles 11\" \/>\n<meta property=\"og:url\" content=\"https:\/\/ffyh.unc.edu.ar\/ciffyh\/presentacion-de-la-deriva-psicogeografica-a-los-itinerarios-psicoafectivos-sobre-las-vivencias-en-pandemia\/\" \/>\n<meta property=\"og:site_name\" content=\"Centro de Investigaciones &quot;Maria Saleme de Burnichon&quot;\" \/>\n<meta property=\"article:published_time\" content=\"2023-10-04T19:19:46+00:00\" \/>\n<meta property=\"article:modified_time\" content=\"2023-10-04T19:20:39+00:00\" \/>\n<meta property=\"og:image\" content=\"http:\/\/ffyh.unc.edu.ar\/ciffyh\/wp-content\/uploads\/sites\/10\/2023\/10\/webcapdeville.jpg\" \/>\n\t<meta property=\"og:image:width\" content=\"800\" \/>\n\t<meta property=\"og:image:height\" content=\"445\" \/>\n\t<meta property=\"og:image:type\" content=\"image\/jpeg\" \/>\n<meta name=\"author\" content=\"tecnicaciffyh\" \/>\n<meta name=\"twitter:card\" content=\"summary_large_image\" \/>\n<meta name=\"twitter:label1\" content=\"Escrito por\" \/>\n\t<meta name=\"twitter:data1\" content=\"\" \/>\n\t<meta name=\"twitter:label2\" content=\"Tiempo de lectura\" \/>\n\t<meta name=\"twitter:data2\" content=\"2 minutos\" \/>\n<script type=\"application\/ld+json\" class=\"yoast-schema-graph\">{\"@context\":\"https:\/\/schema.org\",\"@graph\":[{\"@type\":\"Article\",\"@id\":\"https:\/\/ffyh.unc.edu.ar\/ciffyh\/presentacion-de-la-deriva-psicogeografica-a-los-itinerarios-psicoafectivos-sobre-las-vivencias-en-pandemia\/#article\",\"isPartOf\":{\"@id\":\"https:\/\/ffyh.unc.edu.ar\/ciffyh\/presentacion-de-la-deriva-psicogeografica-a-los-itinerarios-psicoafectivos-sobre-las-vivencias-en-pandemia\/\"},\"author\":{\"name\":\"tecnicaciffyh\",\"@id\":\"https:\/\/ffyh.unc.edu.ar\/ciffyh\/#\/schema\/person\/136b8e7d00e5053aff43b3dc53e99bc0\"},\"headline\":\"Presentaci\u00f3n \u00abDe la deriva psicogeogr\u00e1fica a los itinerarios psicoafectivos sobre las vivencias en pandemia\u00bb\",\"datePublished\":\"2023-10-04T19:19:46+00:00\",\"dateModified\":\"2023-10-04T19:20:39+00:00\",\"mainEntityOfPage\":{\"@id\":\"https:\/\/ffyh.unc.edu.ar\/ciffyh\/presentacion-de-la-deriva-psicogeografica-a-los-itinerarios-psicoafectivos-sobre-las-vivencias-en-pandemia\/\"},\"wordCount\":213,\"publisher\":{\"@id\":\"https:\/\/ffyh.unc.edu.ar\/ciffyh\/#organization\"},\"image\":{\"@id\":\"https:\/\/ffyh.unc.edu.ar\/ciffyh\/presentacion-de-la-deriva-psicogeografica-a-los-itinerarios-psicoafectivos-sobre-las-vivencias-en-pandemia\/#primaryimage\"},\"thumbnailUrl\":\"https:\/\/ffyh.unc.edu.ar\/ciffyh\/wp-content\/uploads\/sites\/10\/2023\/10\/webcapdeville.jpg\",\"articleSection\":[\"\u00c1rea Ciencias Sociales\"],\"inLanguage\":\"es\"},{\"@type\":\"WebPage\",\"@id\":\"https:\/\/ffyh.unc.edu.ar\/ciffyh\/presentacion-de-la-deriva-psicogeografica-a-los-itinerarios-psicoafectivos-sobre-las-vivencias-en-pandemia\/\",\"url\":\"https:\/\/ffyh.unc.edu.ar\/ciffyh\/presentacion-de-la-deriva-psicogeografica-a-los-itinerarios-psicoafectivos-sobre-las-vivencias-en-pandemia\/\",\"name\":\"Presentaci\u00f3n \u00abDe la deriva psicogeogr\u00e1fica a los itinerarios psicoafectivos sobre las vivencias en pandemia\u00bb - Centro de Investigaciones &quot;Maria Saleme de Burnichon&quot;\",\"isPartOf\":{\"@id\":\"https:\/\/ffyh.unc.edu.ar\/ciffyh\/#website\"},\"primaryImageOfPage\":{\"@id\":\"https:\/\/ffyh.unc.edu.ar\/ciffyh\/presentacion-de-la-deriva-psicogeografica-a-los-itinerarios-psicoafectivos-sobre-las-vivencias-en-pandemia\/#primaryimage\"},\"image\":{\"@id\":\"https:\/\/ffyh.unc.edu.ar\/ciffyh\/presentacion-de-la-deriva-psicogeografica-a-los-itinerarios-psicoafectivos-sobre-las-vivencias-en-pandemia\/#primaryimage\"},\"thumbnailUrl\":\"https:\/\/ffyh.unc.edu.ar\/ciffyh\/wp-content\/uploads\/sites\/10\/2023\/10\/webcapdeville.jpg\",\"datePublished\":\"2023-10-04T19:19:46+00:00\",\"dateModified\":\"2023-10-04T19:20:39+00:00\",\"breadcrumb\":{\"@id\":\"https:\/\/ffyh.unc.edu.ar\/ciffyh\/presentacion-de-la-deriva-psicogeografica-a-los-itinerarios-psicoafectivos-sobre-las-vivencias-en-pandemia\/#breadcrumb\"},\"inLanguage\":\"es\",\"potentialAction\":[{\"@type\":\"ReadAction\",\"target\":[\"https:\/\/ffyh.unc.edu.ar\/ciffyh\/presentacion-de-la-deriva-psicogeografica-a-los-itinerarios-psicoafectivos-sobre-las-vivencias-en-pandemia\/\"]}]},{\"@type\":\"ImageObject\",\"inLanguage\":\"es\",\"@id\":\"https:\/\/ffyh.unc.edu.ar\/ciffyh\/presentacion-de-la-deriva-psicogeografica-a-los-itinerarios-psicoafectivos-sobre-las-vivencias-en-pandemia\/#primaryimage\",\"url\":\"https:\/\/ffyh.unc.edu.ar\/ciffyh\/wp-content\/uploads\/sites\/10\/2023\/10\/webcapdeville.jpg\",\"contentUrl\":\"https:\/\/ffyh.unc.edu.ar\/ciffyh\/wp-content\/uploads\/sites\/10\/2023\/10\/webcapdeville.jpg\",\"width\":800,\"height\":445},{\"@type\":\"BreadcrumbList\",\"@id\":\"https:\/\/ffyh.unc.edu.ar\/ciffyh\/presentacion-de-la-deriva-psicogeografica-a-los-itinerarios-psicoafectivos-sobre-las-vivencias-en-pandemia\/#breadcrumb\",\"itemListElement\":[{\"@type\":\"ListItem\",\"position\":1,\"name\":\"Portada\",\"item\":\"https:\/\/ffyh.unc.edu.ar\/ciffyh\/\"},{\"@type\":\"ListItem\",\"position\":2,\"name\":\"Presentaci\u00f3n \u00abDe la deriva psicogeogr\u00e1fica a los itinerarios psicoafectivos sobre las vivencias en pandemia\u00bb\"}]},{\"@type\":\"WebSite\",\"@id\":\"https:\/\/ffyh.unc.edu.ar\/ciffyh\/#website\",\"url\":\"https:\/\/ffyh.unc.edu.ar\/ciffyh\/\",\"name\":\"Centro de Investigaciones \\\"Maria Saleme de Burnichon\\\"\",\"description\":\"Facultad de Filosof\u00eda y Humanidades | UNC\",\"publisher\":{\"@id\":\"https:\/\/ffyh.unc.edu.ar\/ciffyh\/#organization\"},\"potentialAction\":[{\"@type\":\"SearchAction\",\"target\":{\"@type\":\"EntryPoint\",\"urlTemplate\":\"https:\/\/ffyh.unc.edu.ar\/ciffyh\/?s={search_term_string}\"},\"query-input\":{\"@type\":\"PropertyValueSpecification\",\"valueRequired\":true,\"valueName\":\"search_term_string\"}}],\"inLanguage\":\"es\"},{\"@type\":\"Organization\",\"@id\":\"https:\/\/ffyh.unc.edu.ar\/ciffyh\/#organization\",\"name\":\"Centro de Investigaciones \\\"Maria Saleme de Burnichon\\\"\",\"url\":\"https:\/\/ffyh.unc.edu.ar\/ciffyh\/\",\"logo\":{\"@type\":\"ImageObject\",\"inLanguage\":\"es\",\"@id\":\"https:\/\/ffyh.unc.edu.ar\/ciffyh\/#\/schema\/logo\/image\/\",\"url\":\"https:\/\/ffyh.unc.edu.ar\/ciffyh\/wp-content\/uploads\/sites\/10\/2018\/02\/cropped-logo-ciffyh-ico.png\",\"contentUrl\":\"https:\/\/ffyh.unc.edu.ar\/ciffyh\/wp-content\/uploads\/sites\/10\/2018\/02\/cropped-logo-ciffyh-ico.png\",\"width\":512,\"height\":512,\"caption\":\"Centro de Investigaciones \\\"Maria Saleme de Burnichon\\\"\"},\"image\":{\"@id\":\"https:\/\/ffyh.unc.edu.ar\/ciffyh\/#\/schema\/logo\/image\/\"},\"sameAs\":[\"https:\/\/www.instagram.com\/ciffyh\/\"]},{\"@type\":\"Person\",\"@id\":\"https:\/\/ffyh.unc.edu.ar\/ciffyh\/#\/schema\/person\/136b8e7d00e5053aff43b3dc53e99bc0\",\"name\":\"tecnicaciffyh\",\"image\":{\"@type\":\"ImageObject\",\"inLanguage\":\"es\",\"@id\":\"https:\/\/ffyh.unc.edu.ar\/ciffyh\/#\/schema\/person\/image\/\",\"url\":\"https:\/\/secure.gravatar.com\/avatar\/dce86f5e9bf49e3aa9e05e7ed5904a9112e25483e3c8f175eb93b2f53a67c2e4?s=96&d=mm&r=g\",\"contentUrl\":\"https:\/\/secure.gravatar.com\/avatar\/dce86f5e9bf49e3aa9e05e7ed5904a9112e25483e3c8f175eb93b2f53a67c2e4?s=96&d=mm&r=g\",\"caption\":\"tecnicaciffyh\"},\"url\":\"https:\/\/ffyh.unc.edu.ar\/ciffyh\/author\/tecnicaciffyh\/\"}]}<\/script>\n<!-- \/ Yoast SEO plugin. -->","yoast_head_json":{"title":"Presentaci\u00f3n \u00abDe la deriva psicogeogr\u00e1fica a los itinerarios psicoafectivos sobre las vivencias en pandemia\u00bb - Centro de Investigaciones &quot;Maria Saleme de Burnichon&quot;","robots":{"index":"index","follow":"follow","max-snippet":"max-snippet:-1","max-image-preview":"max-image-preview:large","max-video-preview":"max-video-preview:-1"},"canonical":"https:\/\/ffyh.unc.edu.ar\/ciffyh\/presentacion-de-la-deriva-psicogeografica-a-los-itinerarios-psicoafectivos-sobre-las-vivencias-en-pandemia\/","og_locale":"es_ES","og_type":"article","og_title":"Presentaci\u00f3n \u00abDe la deriva psicogeogr\u00e1fica a los itinerarios psicoafectivos sobre las vivencias en pandemia\u00bb - Centro de Investigaciones &quot;Maria Saleme de Burnichon&quot;","og_description":"Invitamos a esta actividad que estar\u00e1 a cargo de Diana I. Luque y se llevar\u00e1 a cabo el mi\u00e9rcoles 11","og_url":"https:\/\/ffyh.unc.edu.ar\/ciffyh\/presentacion-de-la-deriva-psicogeografica-a-los-itinerarios-psicoafectivos-sobre-las-vivencias-en-pandemia\/","og_site_name":"Centro de Investigaciones &quot;Maria Saleme de Burnichon&quot;","article_published_time":"2023-10-04T19:19:46+00:00","article_modified_time":"2023-10-04T19:20:39+00:00","og_image":[{"width":800,"height":445,"url":"http:\/\/ffyh.unc.edu.ar\/ciffyh\/wp-content\/uploads\/sites\/10\/2023\/10\/webcapdeville.jpg","type":"image\/jpeg"}],"author":"tecnicaciffyh","twitter_card":"summary_large_image","twitter_misc":{"Escrito por":false,"Tiempo de lectura":"2 minutos"},"schema":{"@context":"https:\/\/schema.org","@graph":[{"@type":"Article","@id":"https:\/\/ffyh.unc.edu.ar\/ciffyh\/presentacion-de-la-deriva-psicogeografica-a-los-itinerarios-psicoafectivos-sobre-las-vivencias-en-pandemia\/#article","isPartOf":{"@id":"https:\/\/ffyh.unc.edu.ar\/ciffyh\/presentacion-de-la-deriva-psicogeografica-a-los-itinerarios-psicoafectivos-sobre-las-vivencias-en-pandemia\/"},"author":{"name":"tecnicaciffyh","@id":"https:\/\/ffyh.unc.edu.ar\/ciffyh\/#\/schema\/person\/136b8e7d00e5053aff43b3dc53e99bc0"},"headline":"Presentaci\u00f3n \u00abDe la deriva psicogeogr\u00e1fica a los itinerarios psicoafectivos sobre las vivencias en pandemia\u00bb","datePublished":"2023-10-04T19:19:46+00:00","dateModified":"2023-10-04T19:20:39+00:00","mainEntityOfPage":{"@id":"https:\/\/ffyh.unc.edu.ar\/ciffyh\/presentacion-de-la-deriva-psicogeografica-a-los-itinerarios-psicoafectivos-sobre-las-vivencias-en-pandemia\/"},"wordCount":213,"publisher":{"@id":"https:\/\/ffyh.unc.edu.ar\/ciffyh\/#organization"},"image":{"@id":"https:\/\/ffyh.unc.edu.ar\/ciffyh\/presentacion-de-la-deriva-psicogeografica-a-los-itinerarios-psicoafectivos-sobre-las-vivencias-en-pandemia\/#primaryimage"},"thumbnailUrl":"https:\/\/ffyh.unc.edu.ar\/ciffyh\/wp-content\/uploads\/sites\/10\/2023\/10\/webcapdeville.jpg","articleSection":["\u00c1rea Ciencias Sociales"],"inLanguage":"es"},{"@type":"WebPage","@id":"https:\/\/ffyh.unc.edu.ar\/ciffyh\/presentacion-de-la-deriva-psicogeografica-a-los-itinerarios-psicoafectivos-sobre-las-vivencias-en-pandemia\/","url":"https:\/\/ffyh.unc.edu.ar\/ciffyh\/presentacion-de-la-deriva-psicogeografica-a-los-itinerarios-psicoafectivos-sobre-las-vivencias-en-pandemia\/","name":"Presentaci\u00f3n \u00abDe la deriva psicogeogr\u00e1fica a los itinerarios psicoafectivos sobre las vivencias en pandemia\u00bb - Centro de Investigaciones &quot;Maria Saleme de Burnichon&quot;","isPartOf":{"@id":"https:\/\/ffyh.unc.edu.ar\/ciffyh\/#website"},"primaryImageOfPage":{"@id":"https:\/\/ffyh.unc.edu.ar\/ciffyh\/presentacion-de-la-deriva-psicogeografica-a-los-itinerarios-psicoafectivos-sobre-las-vivencias-en-pandemia\/#primaryimage"},"image":{"@id":"https:\/\/ffyh.unc.edu.ar\/ciffyh\/presentacion-de-la-deriva-psicogeografica-a-los-itinerarios-psicoafectivos-sobre-las-vivencias-en-pandemia\/#primaryimage"},"thumbnailUrl":"https:\/\/ffyh.unc.edu.ar\/ciffyh\/wp-content\/uploads\/sites\/10\/2023\/10\/webcapdeville.jpg","datePublished":"2023-10-04T19:19:46+00:00","dateModified":"2023-10-04T19:20:39+00:00","breadcrumb":{"@id":"https:\/\/ffyh.unc.edu.ar\/ciffyh\/presentacion-de-la-deriva-psicogeografica-a-los-itinerarios-psicoafectivos-sobre-las-vivencias-en-pandemia\/#breadcrumb"},"inLanguage":"es","potentialAction":[{"@type":"ReadAction","target":["https:\/\/ffyh.unc.edu.ar\/ciffyh\/presentacion-de-la-deriva-psicogeografica-a-los-itinerarios-psicoafectivos-sobre-las-vivencias-en-pandemia\/"]}]},{"@type":"ImageObject","inLanguage":"es","@id":"https:\/\/ffyh.unc.edu.ar\/ciffyh\/presentacion-de-la-deriva-psicogeografica-a-los-itinerarios-psicoafectivos-sobre-las-vivencias-en-pandemia\/#primaryimage","url":"https:\/\/ffyh.unc.edu.ar\/ciffyh\/wp-content\/uploads\/sites\/10\/2023\/10\/webcapdeville.jpg","contentUrl":"https:\/\/ffyh.unc.edu.ar\/ciffyh\/wp-content\/uploads\/sites\/10\/2023\/10\/webcapdeville.jpg","width":800,"height":445},{"@type":"BreadcrumbList","@id":"https:\/\/ffyh.unc.edu.ar\/ciffyh\/presentacion-de-la-deriva-psicogeografica-a-los-itinerarios-psicoafectivos-sobre-las-vivencias-en-pandemia\/#breadcrumb","itemListElement":[{"@type":"ListItem","position":1,"name":"Portada","item":"https:\/\/ffyh.unc.edu.ar\/ciffyh\/"},{"@type":"ListItem","position":2,"name":"Presentaci\u00f3n \u00abDe la deriva psicogeogr\u00e1fica a los itinerarios psicoafectivos sobre las vivencias en pandemia\u00bb"}]},{"@type":"WebSite","@id":"https:\/\/ffyh.unc.edu.ar\/ciffyh\/#website","url":"https:\/\/ffyh.unc.edu.ar\/ciffyh\/","name":"Centro de Investigaciones \"Maria Saleme de Burnichon\"","description":"Facultad de Filosof\u00eda y Humanidades | UNC","publisher":{"@id":"https:\/\/ffyh.unc.edu.ar\/ciffyh\/#organization"},"potentialAction":[{"@type":"SearchAction","target":{"@type":"EntryPoint","urlTemplate":"https:\/\/ffyh.unc.edu.ar\/ciffyh\/?s={search_term_string}"},"query-input":{"@type":"PropertyValueSpecification","valueRequired":true,"valueName":"search_term_string"}}],"inLanguage":"es"},{"@type":"Organization","@id":"https:\/\/ffyh.unc.edu.ar\/ciffyh\/#organization","name":"Centro de Investigaciones \"Maria Saleme de Burnichon\"","url":"https:\/\/ffyh.unc.edu.ar\/ciffyh\/","logo":{"@type":"ImageObject","inLanguage":"es","@id":"https:\/\/ffyh.unc.edu.ar\/ciffyh\/#\/schema\/logo\/image\/","url":"https:\/\/ffyh.unc.edu.ar\/ciffyh\/wp-content\/uploads\/sites\/10\/2018\/02\/cropped-logo-ciffyh-ico.png","contentUrl":"https:\/\/ffyh.unc.edu.ar\/ciffyh\/wp-content\/uploads\/sites\/10\/2018\/02\/cropped-logo-ciffyh-ico.png","width":512,"height":512,"caption":"Centro de Investigaciones \"Maria Saleme de Burnichon\""},"image":{"@id":"https:\/\/ffyh.unc.edu.ar\/ciffyh\/#\/schema\/logo\/image\/"},"sameAs":["https:\/\/www.instagram.com\/ciffyh\/"]},{"@type":"Person","@id":"https:\/\/ffyh.unc.edu.ar\/ciffyh\/#\/schema\/person\/136b8e7d00e5053aff43b3dc53e99bc0","name":"tecnicaciffyh","image":{"@type":"ImageObject","inLanguage":"es","@id":"https:\/\/ffyh.unc.edu.ar\/ciffyh\/#\/schema\/person\/image\/","url":"https:\/\/secure.gravatar.com\/avatar\/dce86f5e9bf49e3aa9e05e7ed5904a9112e25483e3c8f175eb93b2f53a67c2e4?s=96&d=mm&r=g","contentUrl":"https:\/\/secure.gravatar.com\/avatar\/dce86f5e9bf49e3aa9e05e7ed5904a9112e25483e3c8f175eb93b2f53a67c2e4?s=96&d=mm&r=g","caption":"tecnicaciffyh"},"url":"https:\/\/ffyh.unc.edu.ar\/ciffyh\/author\/tecnicaciffyh\/"}]}},"jetpack_featured_media_url":"https:\/\/ffyh.unc.edu.ar\/ciffyh\/wp-content\/uploads\/sites\/10\/2023\/10\/webcapdeville.jpg","_links":{"self":[{"href":"https:\/\/ffyh.unc.edu.ar\/ciffyh\/wp-json\/wp\/v2\/posts\/6640","targetHints":{"allow":["GET"]}}],"collection":[{"href":"https:\/\/ffyh.unc.edu.ar\/ciffyh\/wp-json\/wp\/v2\/posts"}],"about":[{"href":"https:\/\/ffyh.unc.edu.ar\/ciffyh\/wp-json\/wp\/v2\/types\/post"}],"author":[{"embeddable":true,"href":"https:\/\/ffyh.unc.edu.ar\/ciffyh\/wp-json\/wp\/v2\/users\/39"}],"replies":[{"embeddable":true,"href":"https:\/\/ffyh.unc.edu.ar\/ciffyh\/wp-json\/wp\/v2\/comments?post=6640"}],"version-history":[{"count":2,"href":"https:\/\/ffyh.unc.edu.ar\/ciffyh\/wp-json\/wp\/v2\/posts\/6640\/revisions"}],"predecessor-version":[{"id":6644,"href":"https:\/\/ffyh.unc.edu.ar\/ciffyh\/wp-json\/wp\/v2\/posts\/6640\/revisions\/6644"}],"wp:featuredmedia":[{"embeddable":true,"href":"https:\/\/ffyh.unc.edu.ar\/ciffyh\/wp-json\/wp\/v2\/media\/6642"}],"wp:attachment":[{"href":"https:\/\/ffyh.unc.edu.ar\/ciffyh\/wp-json\/wp\/v2\/media?parent=6640"}],"wp:term":[{"taxonomy":"category","embeddable":true,"href":"https:\/\/ffyh.unc.edu.ar\/ciffyh\/wp-json\/wp\/v2\/categories?post=6640"},{"taxonomy":"post_tag","embeddable":true,"href":"https:\/\/ffyh.unc.edu.ar\/ciffyh\/wp-json\/wp\/v2\/tags?post=6640"}],"curies":[{"name":"wp","href":"https:\/\/api.w.org\/{rel}","templated":true}]}}