{"id":6707,"date":"2023-10-17T18:27:19","date_gmt":"2023-10-17T18:27:19","guid":{"rendered":"https:\/\/ffyh.unc.edu.ar\/ciffyh\/?p=6707"},"modified":"2023-10-17T18:27:19","modified_gmt":"2023-10-17T18:27:19","slug":"clase-abierta-que-podemos-aprender-de-los-argumentos-contra-la-persona-argumentos-ad-hominem-y-ad-feminam","status":"publish","type":"post","link":"https:\/\/ffyh.unc.edu.ar\/ciffyh\/clase-abierta-que-podemos-aprender-de-los-argumentos-contra-la-persona-argumentos-ad-hominem-y-ad-feminam\/","title":{"rendered":"Clase abierta: \u00bfQu\u00e9 podemos aprender de los argumentos contra la persona? Argumentos ad hominem y ad feminam"},"content":{"rendered":"<div class=\"gmail_default\">\n<p><em>Lxs invitamos a participar en una nueva edici\u00f3n del Ciclo Filosof\u00edas en Viaje donde tendr\u00e1 lugar esta clase abierta a cargo de la Dra. Pamela Lastres Dammert que ser\u00e1 el viernes 20 de octubre a las 14:00 hs. en formato virtual.\u00a0<\/em><\/p>\n<\/div>\n<p><!--more--><\/p>\n<div>\n<p>Clase abierta \u00ab\u00bfQu\u00e9 podemos aprender de los argumentos contra la persona? Argumentos\u00a0<i>ad hominem<\/i>\u00a0y\u00a0<i>ad feminam\u00bb<\/i><\/p>\n<p>A cargo de la Dra. Pamela Lastres Dammert. Pontificia Universidad Cat\u00f3lica de Per\u00fa<\/p>\n<p>Hospeda y coordina: C\u00e1tedra de L\u00f3gica Informal (FFyH-UNC)<\/p>\n<p>Viernes 20 de octubre 14:00hs<\/p>\n<\/div>\n<div class=\"gmail_default\">Link de acceso:\u00a0<a href=\"https:\/\/meet.google.com\/ivy-zrep-gxu\" target=\"_blank\" rel=\"noopener\" data-saferedirecturl=\"https:\/\/www.google.com\/url?q=https:\/\/meet.google.com\/ivy-zrep-gxu&amp;source=gmail&amp;ust=1697649690907000&amp;usg=AOvVaw1n7k9Tr9U5wO2zBR-gh1Gv\">https:\/\/meet.google.com\/ivy-zrep-gxu<\/a><\/div>\n<div><\/div>\n<div><img fetchpriority=\"high\" decoding=\"async\" class=\"alignnone wp-image-6708 size-large\" src=\"http:\/\/ffyh.unc.edu.ar\/ciffyh\/wp-content\/uploads\/sites\/10\/2023\/10\/Filosofi\u0301as-en-viaje-Lo\u0301gica-Informal-1024x1024.jpeg\" alt=\"\" width=\"800\" height=\"800\" srcset=\"https:\/\/ffyh.unc.edu.ar\/ciffyh\/wp-content\/uploads\/sites\/10\/2023\/10\/Filosofi\u0301as-en-viaje-Lo\u0301gica-Informal-1024x1024.jpeg 1024w, https:\/\/ffyh.unc.edu.ar\/ciffyh\/wp-content\/uploads\/sites\/10\/2023\/10\/Filosofi\u0301as-en-viaje-Lo\u0301gica-Informal-300x300.jpeg 300w, https:\/\/ffyh.unc.edu.ar\/ciffyh\/wp-content\/uploads\/sites\/10\/2023\/10\/Filosofi\u0301as-en-viaje-Lo\u0301gica-Informal-150x150.jpeg 150w, https:\/\/ffyh.unc.edu.ar\/ciffyh\/wp-content\/uploads\/sites\/10\/2023\/10\/Filosofi\u0301as-en-viaje-Lo\u0301gica-Informal-768x768.jpeg 768w, https:\/\/ffyh.unc.edu.ar\/ciffyh\/wp-content\/uploads\/sites\/10\/2023\/10\/Filosofi\u0301as-en-viaje-Lo\u0301gica-Informal-1536x1536.jpeg 1536w, https:\/\/ffyh.unc.edu.ar\/ciffyh\/wp-content\/uploads\/sites\/10\/2023\/10\/Filosofi\u0301as-en-viaje-Lo\u0301gica-Informal-2048x2048.jpeg 2048w, https:\/\/ffyh.unc.edu.ar\/ciffyh\/wp-content\/uploads\/sites\/10\/2023\/10\/Filosofi\u0301as-en-viaje-Lo\u0301gica-Informal-1320x1320.jpeg 1320w\" sizes=\"(max-width: 800px) 100vw, 800px\" \/><\/div>\n","protected":false},"excerpt":{"rendered":"<p>Lxs invitamos a participar en una nueva edici\u00f3n del Ciclo Filosof\u00edas en Viaje donde tendr\u00e1 lugar esta clase abierta a<\/p>\n","protected":false},"author":39,"featured_media":6709,"comment_status":"closed","ping_status":"closed","sticky":false,"template":"","format":"standard","meta":{"_acf_changed":false,"colormag_page_container_layout":"default_layout","colormag_page_sidebar_layout":"default_layout","footnotes":""},"categories":[49,63],"tags":[],"class_list":["post-6707","post","type-post","status-publish","format-standard","has-post-thumbnail","hentry","category-filosofia","category-ciclos"],"acf":[],"yoast_head":"<!-- This site is optimized with the Yoast SEO plugin v27.1.1 - https:\/\/yoast.com\/product\/yoast-seo-wordpress\/ -->\n<title>Clase abierta: \u00bfQu\u00e9 podemos aprender de los argumentos contra la persona? Argumentos ad hominem y ad feminam - Centro de Investigaciones &quot;Maria Saleme de Burnichon&quot;<\/title>\n<meta name=\"robots\" content=\"index, follow, max-snippet:-1, max-image-preview:large, max-video-preview:-1\" \/>\n<link rel=\"canonical\" href=\"https:\/\/ffyh.unc.edu.ar\/ciffyh\/clase-abierta-que-podemos-aprender-de-los-argumentos-contra-la-persona-argumentos-ad-hominem-y-ad-feminam\/\" \/>\n<meta property=\"og:locale\" content=\"es_ES\" \/>\n<meta property=\"og:type\" content=\"article\" \/>\n<meta property=\"og:title\" content=\"Clase abierta: \u00bfQu\u00e9 podemos aprender de los argumentos contra la persona? Argumentos ad hominem y ad feminam - Centro de Investigaciones &quot;Maria Saleme de Burnichon&quot;\" \/>\n<meta property=\"og:description\" content=\"Lxs invitamos a participar en una nueva edici\u00f3n del Ciclo Filosof\u00edas en Viaje donde tendr\u00e1 lugar esta clase abierta a\" \/>\n<meta property=\"og:url\" content=\"https:\/\/ffyh.unc.edu.ar\/ciffyh\/clase-abierta-que-podemos-aprender-de-los-argumentos-contra-la-persona-argumentos-ad-hominem-y-ad-feminam\/\" \/>\n<meta property=\"og:site_name\" content=\"Centro de Investigaciones &quot;Maria Saleme de Burnichon&quot;\" \/>\n<meta property=\"article:published_time\" content=\"2023-10-17T18:27:19+00:00\" \/>\n<meta property=\"og:image\" content=\"http:\/\/ffyh.unc.edu.ar\/ciffyh\/wp-content\/uploads\/sites\/10\/2023\/10\/webenviaje.jpg\" \/>\n\t<meta property=\"og:image:width\" content=\"800\" \/>\n\t<meta property=\"og:image:height\" content=\"445\" \/>\n\t<meta property=\"og:image:type\" content=\"image\/jpeg\" \/>\n<meta name=\"author\" content=\"tecnicaciffyh\" \/>\n<meta name=\"twitter:card\" content=\"summary_large_image\" \/>\n<meta name=\"twitter:label1\" content=\"Escrito por\" \/>\n\t<meta name=\"twitter:data1\" content=\"\" \/>\n\t<meta name=\"twitter:label2\" content=\"Tiempo de lectura\" \/>\n\t<meta name=\"twitter:data2\" content=\"1 minuto\" \/>\n<script type=\"application\/ld+json\" class=\"yoast-schema-graph\">{\"@context\":\"https:\/\/schema.org\",\"@graph\":[{\"@type\":\"Article\",\"@id\":\"https:\/\/ffyh.unc.edu.ar\/ciffyh\/clase-abierta-que-podemos-aprender-de-los-argumentos-contra-la-persona-argumentos-ad-hominem-y-ad-feminam\/#article\",\"isPartOf\":{\"@id\":\"https:\/\/ffyh.unc.edu.ar\/ciffyh\/clase-abierta-que-podemos-aprender-de-los-argumentos-contra-la-persona-argumentos-ad-hominem-y-ad-feminam\/\"},\"author\":{\"name\":\"tecnicaciffyh\",\"@id\":\"https:\/\/ffyh.unc.edu.ar\/ciffyh\/#\/schema\/person\/136b8e7d00e5053aff43b3dc53e99bc0\"},\"headline\":\"Clase abierta: \u00bfQu\u00e9 podemos aprender de los argumentos contra la persona? Argumentos ad hominem y ad feminam\",\"datePublished\":\"2023-10-17T18:27:19+00:00\",\"mainEntityOfPage\":{\"@id\":\"https:\/\/ffyh.unc.edu.ar\/ciffyh\/clase-abierta-que-podemos-aprender-de-los-argumentos-contra-la-persona-argumentos-ad-hominem-y-ad-feminam\/\"},\"wordCount\":111,\"publisher\":{\"@id\":\"https:\/\/ffyh.unc.edu.ar\/ciffyh\/#organization\"},\"image\":{\"@id\":\"https:\/\/ffyh.unc.edu.ar\/ciffyh\/clase-abierta-que-podemos-aprender-de-los-argumentos-contra-la-persona-argumentos-ad-hominem-y-ad-feminam\/#primaryimage\"},\"thumbnailUrl\":\"https:\/\/ffyh.unc.edu.ar\/ciffyh\/wp-content\/uploads\/sites\/10\/2023\/10\/webenviaje.jpg\",\"articleSection\":[\"\u00c1rea Filosof\u00eda\",\"Ciclos\"],\"inLanguage\":\"es\"},{\"@type\":\"WebPage\",\"@id\":\"https:\/\/ffyh.unc.edu.ar\/ciffyh\/clase-abierta-que-podemos-aprender-de-los-argumentos-contra-la-persona-argumentos-ad-hominem-y-ad-feminam\/\",\"url\":\"https:\/\/ffyh.unc.edu.ar\/ciffyh\/clase-abierta-que-podemos-aprender-de-los-argumentos-contra-la-persona-argumentos-ad-hominem-y-ad-feminam\/\",\"name\":\"Clase abierta: \u00bfQu\u00e9 podemos aprender de los argumentos contra la persona? Argumentos ad hominem y ad feminam - Centro de Investigaciones &quot;Maria Saleme de Burnichon&quot;\",\"isPartOf\":{\"@id\":\"https:\/\/ffyh.unc.edu.ar\/ciffyh\/#website\"},\"primaryImageOfPage\":{\"@id\":\"https:\/\/ffyh.unc.edu.ar\/ciffyh\/clase-abierta-que-podemos-aprender-de-los-argumentos-contra-la-persona-argumentos-ad-hominem-y-ad-feminam\/#primaryimage\"},\"image\":{\"@id\":\"https:\/\/ffyh.unc.edu.ar\/ciffyh\/clase-abierta-que-podemos-aprender-de-los-argumentos-contra-la-persona-argumentos-ad-hominem-y-ad-feminam\/#primaryimage\"},\"thumbnailUrl\":\"https:\/\/ffyh.unc.edu.ar\/ciffyh\/wp-content\/uploads\/sites\/10\/2023\/10\/webenviaje.jpg\",\"datePublished\":\"2023-10-17T18:27:19+00:00\",\"breadcrumb\":{\"@id\":\"https:\/\/ffyh.unc.edu.ar\/ciffyh\/clase-abierta-que-podemos-aprender-de-los-argumentos-contra-la-persona-argumentos-ad-hominem-y-ad-feminam\/#breadcrumb\"},\"inLanguage\":\"es\",\"potentialAction\":[{\"@type\":\"ReadAction\",\"target\":[\"https:\/\/ffyh.unc.edu.ar\/ciffyh\/clase-abierta-que-podemos-aprender-de-los-argumentos-contra-la-persona-argumentos-ad-hominem-y-ad-feminam\/\"]}]},{\"@type\":\"ImageObject\",\"inLanguage\":\"es\",\"@id\":\"https:\/\/ffyh.unc.edu.ar\/ciffyh\/clase-abierta-que-podemos-aprender-de-los-argumentos-contra-la-persona-argumentos-ad-hominem-y-ad-feminam\/#primaryimage\",\"url\":\"https:\/\/ffyh.unc.edu.ar\/ciffyh\/wp-content\/uploads\/sites\/10\/2023\/10\/webenviaje.jpg\",\"contentUrl\":\"https:\/\/ffyh.unc.edu.ar\/ciffyh\/wp-content\/uploads\/sites\/10\/2023\/10\/webenviaje.jpg\",\"width\":800,\"height\":445},{\"@type\":\"BreadcrumbList\",\"@id\":\"https:\/\/ffyh.unc.edu.ar\/ciffyh\/clase-abierta-que-podemos-aprender-de-los-argumentos-contra-la-persona-argumentos-ad-hominem-y-ad-feminam\/#breadcrumb\",\"itemListElement\":[{\"@type\":\"ListItem\",\"position\":1,\"name\":\"Portada\",\"item\":\"https:\/\/ffyh.unc.edu.ar\/ciffyh\/\"},{\"@type\":\"ListItem\",\"position\":2,\"name\":\"Clase abierta: \u00bfQu\u00e9 podemos aprender de los argumentos contra la persona? Argumentos ad hominem y ad feminam\"}]},{\"@type\":\"WebSite\",\"@id\":\"https:\/\/ffyh.unc.edu.ar\/ciffyh\/#website\",\"url\":\"https:\/\/ffyh.unc.edu.ar\/ciffyh\/\",\"name\":\"Centro de Investigaciones \\\"Maria Saleme de Burnichon\\\"\",\"description\":\"Facultad de Filosof\u00eda y Humanidades | UNC\",\"publisher\":{\"@id\":\"https:\/\/ffyh.unc.edu.ar\/ciffyh\/#organization\"},\"potentialAction\":[{\"@type\":\"SearchAction\",\"target\":{\"@type\":\"EntryPoint\",\"urlTemplate\":\"https:\/\/ffyh.unc.edu.ar\/ciffyh\/?s={search_term_string}\"},\"query-input\":{\"@type\":\"PropertyValueSpecification\",\"valueRequired\":true,\"valueName\":\"search_term_string\"}}],\"inLanguage\":\"es\"},{\"@type\":\"Organization\",\"@id\":\"https:\/\/ffyh.unc.edu.ar\/ciffyh\/#organization\",\"name\":\"Centro de Investigaciones \\\"Maria Saleme de Burnichon\\\"\",\"url\":\"https:\/\/ffyh.unc.edu.ar\/ciffyh\/\",\"logo\":{\"@type\":\"ImageObject\",\"inLanguage\":\"es\",\"@id\":\"https:\/\/ffyh.unc.edu.ar\/ciffyh\/#\/schema\/logo\/image\/\",\"url\":\"https:\/\/ffyh.unc.edu.ar\/ciffyh\/wp-content\/uploads\/sites\/10\/2018\/02\/cropped-logo-ciffyh-ico.png\",\"contentUrl\":\"https:\/\/ffyh.unc.edu.ar\/ciffyh\/wp-content\/uploads\/sites\/10\/2018\/02\/cropped-logo-ciffyh-ico.png\",\"width\":512,\"height\":512,\"caption\":\"Centro de Investigaciones \\\"Maria Saleme de Burnichon\\\"\"},\"image\":{\"@id\":\"https:\/\/ffyh.unc.edu.ar\/ciffyh\/#\/schema\/logo\/image\/\"},\"sameAs\":[\"https:\/\/www.instagram.com\/ciffyh\/\"]},{\"@type\":\"Person\",\"@id\":\"https:\/\/ffyh.unc.edu.ar\/ciffyh\/#\/schema\/person\/136b8e7d00e5053aff43b3dc53e99bc0\",\"name\":\"tecnicaciffyh\",\"image\":{\"@type\":\"ImageObject\",\"inLanguage\":\"es\",\"@id\":\"https:\/\/ffyh.unc.edu.ar\/ciffyh\/#\/schema\/person\/image\/\",\"url\":\"https:\/\/secure.gravatar.com\/avatar\/dce86f5e9bf49e3aa9e05e7ed5904a9112e25483e3c8f175eb93b2f53a67c2e4?s=96&d=mm&r=g\",\"contentUrl\":\"https:\/\/secure.gravatar.com\/avatar\/dce86f5e9bf49e3aa9e05e7ed5904a9112e25483e3c8f175eb93b2f53a67c2e4?s=96&d=mm&r=g\",\"caption\":\"tecnicaciffyh\"},\"url\":\"https:\/\/ffyh.unc.edu.ar\/ciffyh\/author\/tecnicaciffyh\/\"}]}<\/script>\n<!-- \/ Yoast SEO plugin. -->","yoast_head_json":{"title":"Clase abierta: \u00bfQu\u00e9 podemos aprender de los argumentos contra la persona? Argumentos ad hominem y ad feminam - Centro de Investigaciones &quot;Maria Saleme de Burnichon&quot;","robots":{"index":"index","follow":"follow","max-snippet":"max-snippet:-1","max-image-preview":"max-image-preview:large","max-video-preview":"max-video-preview:-1"},"canonical":"https:\/\/ffyh.unc.edu.ar\/ciffyh\/clase-abierta-que-podemos-aprender-de-los-argumentos-contra-la-persona-argumentos-ad-hominem-y-ad-feminam\/","og_locale":"es_ES","og_type":"article","og_title":"Clase abierta: \u00bfQu\u00e9 podemos aprender de los argumentos contra la persona? Argumentos ad hominem y ad feminam - Centro de Investigaciones &quot;Maria Saleme de Burnichon&quot;","og_description":"Lxs invitamos a participar en una nueva edici\u00f3n del Ciclo Filosof\u00edas en Viaje donde tendr\u00e1 lugar esta clase abierta a","og_url":"https:\/\/ffyh.unc.edu.ar\/ciffyh\/clase-abierta-que-podemos-aprender-de-los-argumentos-contra-la-persona-argumentos-ad-hominem-y-ad-feminam\/","og_site_name":"Centro de Investigaciones &quot;Maria Saleme de Burnichon&quot;","article_published_time":"2023-10-17T18:27:19+00:00","og_image":[{"width":800,"height":445,"url":"http:\/\/ffyh.unc.edu.ar\/ciffyh\/wp-content\/uploads\/sites\/10\/2023\/10\/webenviaje.jpg","type":"image\/jpeg"}],"author":"tecnicaciffyh","twitter_card":"summary_large_image","twitter_misc":{"Escrito por":false,"Tiempo de lectura":"1 minuto"},"schema":{"@context":"https:\/\/schema.org","@graph":[{"@type":"Article","@id":"https:\/\/ffyh.unc.edu.ar\/ciffyh\/clase-abierta-que-podemos-aprender-de-los-argumentos-contra-la-persona-argumentos-ad-hominem-y-ad-feminam\/#article","isPartOf":{"@id":"https:\/\/ffyh.unc.edu.ar\/ciffyh\/clase-abierta-que-podemos-aprender-de-los-argumentos-contra-la-persona-argumentos-ad-hominem-y-ad-feminam\/"},"author":{"name":"tecnicaciffyh","@id":"https:\/\/ffyh.unc.edu.ar\/ciffyh\/#\/schema\/person\/136b8e7d00e5053aff43b3dc53e99bc0"},"headline":"Clase abierta: \u00bfQu\u00e9 podemos aprender de los argumentos contra la persona? Argumentos ad hominem y ad feminam","datePublished":"2023-10-17T18:27:19+00:00","mainEntityOfPage":{"@id":"https:\/\/ffyh.unc.edu.ar\/ciffyh\/clase-abierta-que-podemos-aprender-de-los-argumentos-contra-la-persona-argumentos-ad-hominem-y-ad-feminam\/"},"wordCount":111,"publisher":{"@id":"https:\/\/ffyh.unc.edu.ar\/ciffyh\/#organization"},"image":{"@id":"https:\/\/ffyh.unc.edu.ar\/ciffyh\/clase-abierta-que-podemos-aprender-de-los-argumentos-contra-la-persona-argumentos-ad-hominem-y-ad-feminam\/#primaryimage"},"thumbnailUrl":"https:\/\/ffyh.unc.edu.ar\/ciffyh\/wp-content\/uploads\/sites\/10\/2023\/10\/webenviaje.jpg","articleSection":["\u00c1rea Filosof\u00eda","Ciclos"],"inLanguage":"es"},{"@type":"WebPage","@id":"https:\/\/ffyh.unc.edu.ar\/ciffyh\/clase-abierta-que-podemos-aprender-de-los-argumentos-contra-la-persona-argumentos-ad-hominem-y-ad-feminam\/","url":"https:\/\/ffyh.unc.edu.ar\/ciffyh\/clase-abierta-que-podemos-aprender-de-los-argumentos-contra-la-persona-argumentos-ad-hominem-y-ad-feminam\/","name":"Clase abierta: \u00bfQu\u00e9 podemos aprender de los argumentos contra la persona? Argumentos ad hominem y ad feminam - Centro de Investigaciones &quot;Maria Saleme de Burnichon&quot;","isPartOf":{"@id":"https:\/\/ffyh.unc.edu.ar\/ciffyh\/#website"},"primaryImageOfPage":{"@id":"https:\/\/ffyh.unc.edu.ar\/ciffyh\/clase-abierta-que-podemos-aprender-de-los-argumentos-contra-la-persona-argumentos-ad-hominem-y-ad-feminam\/#primaryimage"},"image":{"@id":"https:\/\/ffyh.unc.edu.ar\/ciffyh\/clase-abierta-que-podemos-aprender-de-los-argumentos-contra-la-persona-argumentos-ad-hominem-y-ad-feminam\/#primaryimage"},"thumbnailUrl":"https:\/\/ffyh.unc.edu.ar\/ciffyh\/wp-content\/uploads\/sites\/10\/2023\/10\/webenviaje.jpg","datePublished":"2023-10-17T18:27:19+00:00","breadcrumb":{"@id":"https:\/\/ffyh.unc.edu.ar\/ciffyh\/clase-abierta-que-podemos-aprender-de-los-argumentos-contra-la-persona-argumentos-ad-hominem-y-ad-feminam\/#breadcrumb"},"inLanguage":"es","potentialAction":[{"@type":"ReadAction","target":["https:\/\/ffyh.unc.edu.ar\/ciffyh\/clase-abierta-que-podemos-aprender-de-los-argumentos-contra-la-persona-argumentos-ad-hominem-y-ad-feminam\/"]}]},{"@type":"ImageObject","inLanguage":"es","@id":"https:\/\/ffyh.unc.edu.ar\/ciffyh\/clase-abierta-que-podemos-aprender-de-los-argumentos-contra-la-persona-argumentos-ad-hominem-y-ad-feminam\/#primaryimage","url":"https:\/\/ffyh.unc.edu.ar\/ciffyh\/wp-content\/uploads\/sites\/10\/2023\/10\/webenviaje.jpg","contentUrl":"https:\/\/ffyh.unc.edu.ar\/ciffyh\/wp-content\/uploads\/sites\/10\/2023\/10\/webenviaje.jpg","width":800,"height":445},{"@type":"BreadcrumbList","@id":"https:\/\/ffyh.unc.edu.ar\/ciffyh\/clase-abierta-que-podemos-aprender-de-los-argumentos-contra-la-persona-argumentos-ad-hominem-y-ad-feminam\/#breadcrumb","itemListElement":[{"@type":"ListItem","position":1,"name":"Portada","item":"https:\/\/ffyh.unc.edu.ar\/ciffyh\/"},{"@type":"ListItem","position":2,"name":"Clase abierta: \u00bfQu\u00e9 podemos aprender de los argumentos contra la persona? Argumentos ad hominem y ad feminam"}]},{"@type":"WebSite","@id":"https:\/\/ffyh.unc.edu.ar\/ciffyh\/#website","url":"https:\/\/ffyh.unc.edu.ar\/ciffyh\/","name":"Centro de Investigaciones \"Maria Saleme de Burnichon\"","description":"Facultad de Filosof\u00eda y Humanidades | UNC","publisher":{"@id":"https:\/\/ffyh.unc.edu.ar\/ciffyh\/#organization"},"potentialAction":[{"@type":"SearchAction","target":{"@type":"EntryPoint","urlTemplate":"https:\/\/ffyh.unc.edu.ar\/ciffyh\/?s={search_term_string}"},"query-input":{"@type":"PropertyValueSpecification","valueRequired":true,"valueName":"search_term_string"}}],"inLanguage":"es"},{"@type":"Organization","@id":"https:\/\/ffyh.unc.edu.ar\/ciffyh\/#organization","name":"Centro de Investigaciones \"Maria Saleme de Burnichon\"","url":"https:\/\/ffyh.unc.edu.ar\/ciffyh\/","logo":{"@type":"ImageObject","inLanguage":"es","@id":"https:\/\/ffyh.unc.edu.ar\/ciffyh\/#\/schema\/logo\/image\/","url":"https:\/\/ffyh.unc.edu.ar\/ciffyh\/wp-content\/uploads\/sites\/10\/2018\/02\/cropped-logo-ciffyh-ico.png","contentUrl":"https:\/\/ffyh.unc.edu.ar\/ciffyh\/wp-content\/uploads\/sites\/10\/2018\/02\/cropped-logo-ciffyh-ico.png","width":512,"height":512,"caption":"Centro de Investigaciones \"Maria Saleme de Burnichon\""},"image":{"@id":"https:\/\/ffyh.unc.edu.ar\/ciffyh\/#\/schema\/logo\/image\/"},"sameAs":["https:\/\/www.instagram.com\/ciffyh\/"]},{"@type":"Person","@id":"https:\/\/ffyh.unc.edu.ar\/ciffyh\/#\/schema\/person\/136b8e7d00e5053aff43b3dc53e99bc0","name":"tecnicaciffyh","image":{"@type":"ImageObject","inLanguage":"es","@id":"https:\/\/ffyh.unc.edu.ar\/ciffyh\/#\/schema\/person\/image\/","url":"https:\/\/secure.gravatar.com\/avatar\/dce86f5e9bf49e3aa9e05e7ed5904a9112e25483e3c8f175eb93b2f53a67c2e4?s=96&d=mm&r=g","contentUrl":"https:\/\/secure.gravatar.com\/avatar\/dce86f5e9bf49e3aa9e05e7ed5904a9112e25483e3c8f175eb93b2f53a67c2e4?s=96&d=mm&r=g","caption":"tecnicaciffyh"},"url":"https:\/\/ffyh.unc.edu.ar\/ciffyh\/author\/tecnicaciffyh\/"}]}},"jetpack_featured_media_url":"https:\/\/ffyh.unc.edu.ar\/ciffyh\/wp-content\/uploads\/sites\/10\/2023\/10\/webenviaje.jpg","_links":{"self":[{"href":"https:\/\/ffyh.unc.edu.ar\/ciffyh\/wp-json\/wp\/v2\/posts\/6707","targetHints":{"allow":["GET"]}}],"collection":[{"href":"https:\/\/ffyh.unc.edu.ar\/ciffyh\/wp-json\/wp\/v2\/posts"}],"about":[{"href":"https:\/\/ffyh.unc.edu.ar\/ciffyh\/wp-json\/wp\/v2\/types\/post"}],"author":[{"embeddable":true,"href":"https:\/\/ffyh.unc.edu.ar\/ciffyh\/wp-json\/wp\/v2\/users\/39"}],"replies":[{"embeddable":true,"href":"https:\/\/ffyh.unc.edu.ar\/ciffyh\/wp-json\/wp\/v2\/comments?post=6707"}],"version-history":[{"count":1,"href":"https:\/\/ffyh.unc.edu.ar\/ciffyh\/wp-json\/wp\/v2\/posts\/6707\/revisions"}],"predecessor-version":[{"id":6710,"href":"https:\/\/ffyh.unc.edu.ar\/ciffyh\/wp-json\/wp\/v2\/posts\/6707\/revisions\/6710"}],"wp:featuredmedia":[{"embeddable":true,"href":"https:\/\/ffyh.unc.edu.ar\/ciffyh\/wp-json\/wp\/v2\/media\/6709"}],"wp:attachment":[{"href":"https:\/\/ffyh.unc.edu.ar\/ciffyh\/wp-json\/wp\/v2\/media?parent=6707"}],"wp:term":[{"taxonomy":"category","embeddable":true,"href":"https:\/\/ffyh.unc.edu.ar\/ciffyh\/wp-json\/wp\/v2\/categories?post=6707"},{"taxonomy":"post_tag","embeddable":true,"href":"https:\/\/ffyh.unc.edu.ar\/ciffyh\/wp-json\/wp\/v2\/tags?post=6707"}],"curies":[{"name":"wp","href":"https:\/\/api.w.org\/{rel}","templated":true}]}}