{"id":6733,"date":"2023-10-23T22:12:50","date_gmt":"2023-10-23T22:12:50","guid":{"rendered":"https:\/\/ffyh.unc.edu.ar\/ciffyh\/?p=6733"},"modified":"2023-10-23T22:12:50","modified_gmt":"2023-10-23T22:12:50","slug":"clase-publica-una-presentacion-del-libro-1-de-la-guia-de-los-perplejos-de-moshe-maimonides","status":"publish","type":"post","link":"https:\/\/ffyh.unc.edu.ar\/ciffyh\/clase-publica-una-presentacion-del-libro-1-de-la-guia-de-los-perplejos-de-moshe-maimonides\/","title":{"rendered":"Clase p\u00fablica: \u00abUna presentaci\u00f3n del libro 1 de la Gu\u00eda de Los Perplejos de Moshe Maim\u00f3nides\u00bb"},"content":{"rendered":"<p><em>La actividad forma parte de una nueva edici\u00f3n del Ciclo Filosof\u00edas en Viaje y ser\u00e1 el mi\u00e9rcoles 25 de octubre a las 16:00 hs. en el Aula 10 del Pabell\u00f3n Venezuela.<\/em><\/p>\n<p><!--more--><\/p>\n<p>Clase p\u00fablica: \u00abUna presentaci\u00f3n del libro 1 de la Gu\u00eda de Los Perplejos de Moshe Maim\u00f3nides\u00bb.<\/p>\n<p>Invitado: Rodrigo Pinto de Brito (UFRRJ &#8211; Brasil)<\/p>\n<p>Hospeda: C\u00e1tedra de Metaf\u00edsica II<\/p>\n<p>Organizan: C\u00e1tedra de Metaf\u00edsica II y C\u00e1tedra de Filosof\u00eda Medieval<\/p>\n<p>Coordinan: Guadalupe Reinoso y Carlos Mart\u00ednez Ruiz<\/p>\n<ul>\n<li>Fecha: Mi\u00e9rcoles 25 de octubre<\/li>\n<li>Hora: 16:00 a 18:00 hs.<\/li>\n<li>Lugar: Aula 10 del Pabell\u00f3n Venezuela (Ciudad Universitaria)<\/li>\n<\/ul>\n<p><img fetchpriority=\"high\" decoding=\"async\" class=\"alignnone wp-image-6734 size-full\" src=\"http:\/\/ffyh.unc.edu.ar\/ciffyh\/wp-content\/uploads\/sites\/10\/2023\/10\/Flyer-Metafi\u0301sica-II.jpeg\" alt=\"\" width=\"1024\" height=\"1024\" srcset=\"https:\/\/ffyh.unc.edu.ar\/ciffyh\/wp-content\/uploads\/sites\/10\/2023\/10\/Flyer-Metafi\u0301sica-II.jpeg 1024w, https:\/\/ffyh.unc.edu.ar\/ciffyh\/wp-content\/uploads\/sites\/10\/2023\/10\/Flyer-Metafi\u0301sica-II-300x300.jpeg 300w, https:\/\/ffyh.unc.edu.ar\/ciffyh\/wp-content\/uploads\/sites\/10\/2023\/10\/Flyer-Metafi\u0301sica-II-150x150.jpeg 150w, https:\/\/ffyh.unc.edu.ar\/ciffyh\/wp-content\/uploads\/sites\/10\/2023\/10\/Flyer-Metafi\u0301sica-II-768x768.jpeg 768w\" sizes=\"(max-width: 1024px) 100vw, 1024px\" \/><\/p>\n","protected":false},"excerpt":{"rendered":"<p>La actividad forma parte de una nueva edici\u00f3n del Ciclo Filosof\u00edas en Viaje y ser\u00e1 el mi\u00e9rcoles 25 de octubre<\/p>\n","protected":false},"author":39,"featured_media":6735,"comment_status":"closed","ping_status":"closed","sticky":false,"template":"","format":"standard","meta":{"_acf_changed":false,"colormag_page_container_layout":"default_layout","colormag_page_sidebar_layout":"default_layout","footnotes":""},"categories":[49,63,69],"tags":[],"class_list":["post-6733","post","type-post","status-publish","format-standard","has-post-thumbnail","hentry","category-filosofia","category-ciclos","category-clase-publica"],"acf":[],"yoast_head":"<!-- This site is optimized with the Yoast SEO plugin v27.1.1 - https:\/\/yoast.com\/product\/yoast-seo-wordpress\/ -->\n<title>Clase p\u00fablica: &quot;Una presentaci\u00f3n del libro 1 de la Gu\u00eda de Los Perplejos de Moshe Maim\u00f3nides&quot; - Centro de Investigaciones &quot;Maria Saleme de Burnichon&quot;<\/title>\n<meta name=\"robots\" content=\"index, follow, max-snippet:-1, max-image-preview:large, max-video-preview:-1\" \/>\n<link rel=\"canonical\" href=\"https:\/\/ffyh.unc.edu.ar\/ciffyh\/clase-publica-una-presentacion-del-libro-1-de-la-guia-de-los-perplejos-de-moshe-maimonides\/\" \/>\n<meta property=\"og:locale\" content=\"es_ES\" \/>\n<meta property=\"og:type\" content=\"article\" \/>\n<meta property=\"og:title\" content=\"Clase p\u00fablica: &quot;Una presentaci\u00f3n del libro 1 de la Gu\u00eda de Los Perplejos de Moshe Maim\u00f3nides&quot; - Centro de Investigaciones &quot;Maria Saleme de Burnichon&quot;\" \/>\n<meta property=\"og:description\" content=\"La actividad forma parte de una nueva edici\u00f3n del Ciclo Filosof\u00edas en Viaje y ser\u00e1 el mi\u00e9rcoles 25 de octubre\" \/>\n<meta property=\"og:url\" content=\"https:\/\/ffyh.unc.edu.ar\/ciffyh\/clase-publica-una-presentacion-del-libro-1-de-la-guia-de-los-perplejos-de-moshe-maimonides\/\" \/>\n<meta property=\"og:site_name\" content=\"Centro de Investigaciones &quot;Maria Saleme de Burnichon&quot;\" \/>\n<meta property=\"article:published_time\" content=\"2023-10-23T22:12:50+00:00\" \/>\n<meta property=\"og:image\" content=\"http:\/\/ffyh.unc.edu.ar\/ciffyh\/wp-content\/uploads\/sites\/10\/2023\/10\/metafisica2.jpg\" \/>\n\t<meta property=\"og:image:width\" content=\"800\" \/>\n\t<meta property=\"og:image:height\" content=\"445\" \/>\n\t<meta property=\"og:image:type\" content=\"image\/jpeg\" \/>\n<meta name=\"author\" content=\"tecnicaciffyh\" \/>\n<meta name=\"twitter:card\" content=\"summary_large_image\" \/>\n<meta name=\"twitter:label1\" content=\"Escrito por\" \/>\n\t<meta name=\"twitter:data1\" content=\"\" \/>\n\t<meta name=\"twitter:label2\" content=\"Tiempo de lectura\" \/>\n\t<meta name=\"twitter:data2\" content=\"1 minuto\" \/>\n<script type=\"application\/ld+json\" class=\"yoast-schema-graph\">{\"@context\":\"https:\/\/schema.org\",\"@graph\":[{\"@type\":\"Article\",\"@id\":\"https:\/\/ffyh.unc.edu.ar\/ciffyh\/clase-publica-una-presentacion-del-libro-1-de-la-guia-de-los-perplejos-de-moshe-maimonides\/#article\",\"isPartOf\":{\"@id\":\"https:\/\/ffyh.unc.edu.ar\/ciffyh\/clase-publica-una-presentacion-del-libro-1-de-la-guia-de-los-perplejos-de-moshe-maimonides\/\"},\"author\":{\"name\":\"tecnicaciffyh\",\"@id\":\"https:\/\/ffyh.unc.edu.ar\/ciffyh\/#\/schema\/person\/136b8e7d00e5053aff43b3dc53e99bc0\"},\"headline\":\"Clase p\u00fablica: \u00abUna presentaci\u00f3n del libro 1 de la Gu\u00eda de Los Perplejos de Moshe Maim\u00f3nides\u00bb\",\"datePublished\":\"2023-10-23T22:12:50+00:00\",\"mainEntityOfPage\":{\"@id\":\"https:\/\/ffyh.unc.edu.ar\/ciffyh\/clase-publica-una-presentacion-del-libro-1-de-la-guia-de-los-perplejos-de-moshe-maimonides\/\"},\"wordCount\":123,\"publisher\":{\"@id\":\"https:\/\/ffyh.unc.edu.ar\/ciffyh\/#organization\"},\"image\":{\"@id\":\"https:\/\/ffyh.unc.edu.ar\/ciffyh\/clase-publica-una-presentacion-del-libro-1-de-la-guia-de-los-perplejos-de-moshe-maimonides\/#primaryimage\"},\"thumbnailUrl\":\"https:\/\/ffyh.unc.edu.ar\/ciffyh\/wp-content\/uploads\/sites\/10\/2023\/10\/metafisica2.jpg\",\"articleSection\":[\"\u00c1rea Filosof\u00eda\",\"Ciclos\",\"Clase p\u00fablica\"],\"inLanguage\":\"es\"},{\"@type\":\"WebPage\",\"@id\":\"https:\/\/ffyh.unc.edu.ar\/ciffyh\/clase-publica-una-presentacion-del-libro-1-de-la-guia-de-los-perplejos-de-moshe-maimonides\/\",\"url\":\"https:\/\/ffyh.unc.edu.ar\/ciffyh\/clase-publica-una-presentacion-del-libro-1-de-la-guia-de-los-perplejos-de-moshe-maimonides\/\",\"name\":\"Clase p\u00fablica: \\\"Una presentaci\u00f3n del libro 1 de la Gu\u00eda de Los Perplejos de Moshe Maim\u00f3nides\\\" - Centro de Investigaciones &quot;Maria Saleme de Burnichon&quot;\",\"isPartOf\":{\"@id\":\"https:\/\/ffyh.unc.edu.ar\/ciffyh\/#website\"},\"primaryImageOfPage\":{\"@id\":\"https:\/\/ffyh.unc.edu.ar\/ciffyh\/clase-publica-una-presentacion-del-libro-1-de-la-guia-de-los-perplejos-de-moshe-maimonides\/#primaryimage\"},\"image\":{\"@id\":\"https:\/\/ffyh.unc.edu.ar\/ciffyh\/clase-publica-una-presentacion-del-libro-1-de-la-guia-de-los-perplejos-de-moshe-maimonides\/#primaryimage\"},\"thumbnailUrl\":\"https:\/\/ffyh.unc.edu.ar\/ciffyh\/wp-content\/uploads\/sites\/10\/2023\/10\/metafisica2.jpg\",\"datePublished\":\"2023-10-23T22:12:50+00:00\",\"breadcrumb\":{\"@id\":\"https:\/\/ffyh.unc.edu.ar\/ciffyh\/clase-publica-una-presentacion-del-libro-1-de-la-guia-de-los-perplejos-de-moshe-maimonides\/#breadcrumb\"},\"inLanguage\":\"es\",\"potentialAction\":[{\"@type\":\"ReadAction\",\"target\":[\"https:\/\/ffyh.unc.edu.ar\/ciffyh\/clase-publica-una-presentacion-del-libro-1-de-la-guia-de-los-perplejos-de-moshe-maimonides\/\"]}]},{\"@type\":\"ImageObject\",\"inLanguage\":\"es\",\"@id\":\"https:\/\/ffyh.unc.edu.ar\/ciffyh\/clase-publica-una-presentacion-del-libro-1-de-la-guia-de-los-perplejos-de-moshe-maimonides\/#primaryimage\",\"url\":\"https:\/\/ffyh.unc.edu.ar\/ciffyh\/wp-content\/uploads\/sites\/10\/2023\/10\/metafisica2.jpg\",\"contentUrl\":\"https:\/\/ffyh.unc.edu.ar\/ciffyh\/wp-content\/uploads\/sites\/10\/2023\/10\/metafisica2.jpg\",\"width\":800,\"height\":445},{\"@type\":\"BreadcrumbList\",\"@id\":\"https:\/\/ffyh.unc.edu.ar\/ciffyh\/clase-publica-una-presentacion-del-libro-1-de-la-guia-de-los-perplejos-de-moshe-maimonides\/#breadcrumb\",\"itemListElement\":[{\"@type\":\"ListItem\",\"position\":1,\"name\":\"Portada\",\"item\":\"https:\/\/ffyh.unc.edu.ar\/ciffyh\/\"},{\"@type\":\"ListItem\",\"position\":2,\"name\":\"Clase p\u00fablica: \u00abUna presentaci\u00f3n del libro 1 de la Gu\u00eda de Los Perplejos de Moshe Maim\u00f3nides\u00bb\"}]},{\"@type\":\"WebSite\",\"@id\":\"https:\/\/ffyh.unc.edu.ar\/ciffyh\/#website\",\"url\":\"https:\/\/ffyh.unc.edu.ar\/ciffyh\/\",\"name\":\"Centro de Investigaciones \\\"Maria Saleme de Burnichon\\\"\",\"description\":\"Facultad de Filosof\u00eda y Humanidades | UNC\",\"publisher\":{\"@id\":\"https:\/\/ffyh.unc.edu.ar\/ciffyh\/#organization\"},\"potentialAction\":[{\"@type\":\"SearchAction\",\"target\":{\"@type\":\"EntryPoint\",\"urlTemplate\":\"https:\/\/ffyh.unc.edu.ar\/ciffyh\/?s={search_term_string}\"},\"query-input\":{\"@type\":\"PropertyValueSpecification\",\"valueRequired\":true,\"valueName\":\"search_term_string\"}}],\"inLanguage\":\"es\"},{\"@type\":\"Organization\",\"@id\":\"https:\/\/ffyh.unc.edu.ar\/ciffyh\/#organization\",\"name\":\"Centro de Investigaciones \\\"Maria Saleme de Burnichon\\\"\",\"url\":\"https:\/\/ffyh.unc.edu.ar\/ciffyh\/\",\"logo\":{\"@type\":\"ImageObject\",\"inLanguage\":\"es\",\"@id\":\"https:\/\/ffyh.unc.edu.ar\/ciffyh\/#\/schema\/logo\/image\/\",\"url\":\"https:\/\/ffyh.unc.edu.ar\/ciffyh\/wp-content\/uploads\/sites\/10\/2018\/02\/cropped-logo-ciffyh-ico.png\",\"contentUrl\":\"https:\/\/ffyh.unc.edu.ar\/ciffyh\/wp-content\/uploads\/sites\/10\/2018\/02\/cropped-logo-ciffyh-ico.png\",\"width\":512,\"height\":512,\"caption\":\"Centro de Investigaciones \\\"Maria Saleme de Burnichon\\\"\"},\"image\":{\"@id\":\"https:\/\/ffyh.unc.edu.ar\/ciffyh\/#\/schema\/logo\/image\/\"},\"sameAs\":[\"https:\/\/www.instagram.com\/ciffyh\/\"]},{\"@type\":\"Person\",\"@id\":\"https:\/\/ffyh.unc.edu.ar\/ciffyh\/#\/schema\/person\/136b8e7d00e5053aff43b3dc53e99bc0\",\"name\":\"tecnicaciffyh\",\"image\":{\"@type\":\"ImageObject\",\"inLanguage\":\"es\",\"@id\":\"https:\/\/ffyh.unc.edu.ar\/ciffyh\/#\/schema\/person\/image\/\",\"url\":\"https:\/\/secure.gravatar.com\/avatar\/dce86f5e9bf49e3aa9e05e7ed5904a9112e25483e3c8f175eb93b2f53a67c2e4?s=96&d=mm&r=g\",\"contentUrl\":\"https:\/\/secure.gravatar.com\/avatar\/dce86f5e9bf49e3aa9e05e7ed5904a9112e25483e3c8f175eb93b2f53a67c2e4?s=96&d=mm&r=g\",\"caption\":\"tecnicaciffyh\"},\"url\":\"https:\/\/ffyh.unc.edu.ar\/ciffyh\/author\/tecnicaciffyh\/\"}]}<\/script>\n<!-- \/ Yoast SEO plugin. -->","yoast_head_json":{"title":"Clase p\u00fablica: \"Una presentaci\u00f3n del libro 1 de la Gu\u00eda de Los Perplejos de Moshe Maim\u00f3nides\" - Centro de Investigaciones &quot;Maria Saleme de Burnichon&quot;","robots":{"index":"index","follow":"follow","max-snippet":"max-snippet:-1","max-image-preview":"max-image-preview:large","max-video-preview":"max-video-preview:-1"},"canonical":"https:\/\/ffyh.unc.edu.ar\/ciffyh\/clase-publica-una-presentacion-del-libro-1-de-la-guia-de-los-perplejos-de-moshe-maimonides\/","og_locale":"es_ES","og_type":"article","og_title":"Clase p\u00fablica: \"Una presentaci\u00f3n del libro 1 de la Gu\u00eda de Los Perplejos de Moshe Maim\u00f3nides\" - Centro de Investigaciones &quot;Maria Saleme de Burnichon&quot;","og_description":"La actividad forma parte de una nueva edici\u00f3n del Ciclo Filosof\u00edas en Viaje y ser\u00e1 el mi\u00e9rcoles 25 de octubre","og_url":"https:\/\/ffyh.unc.edu.ar\/ciffyh\/clase-publica-una-presentacion-del-libro-1-de-la-guia-de-los-perplejos-de-moshe-maimonides\/","og_site_name":"Centro de Investigaciones &quot;Maria Saleme de Burnichon&quot;","article_published_time":"2023-10-23T22:12:50+00:00","og_image":[{"width":800,"height":445,"url":"http:\/\/ffyh.unc.edu.ar\/ciffyh\/wp-content\/uploads\/sites\/10\/2023\/10\/metafisica2.jpg","type":"image\/jpeg"}],"author":"tecnicaciffyh","twitter_card":"summary_large_image","twitter_misc":{"Escrito por":false,"Tiempo de lectura":"1 minuto"},"schema":{"@context":"https:\/\/schema.org","@graph":[{"@type":"Article","@id":"https:\/\/ffyh.unc.edu.ar\/ciffyh\/clase-publica-una-presentacion-del-libro-1-de-la-guia-de-los-perplejos-de-moshe-maimonides\/#article","isPartOf":{"@id":"https:\/\/ffyh.unc.edu.ar\/ciffyh\/clase-publica-una-presentacion-del-libro-1-de-la-guia-de-los-perplejos-de-moshe-maimonides\/"},"author":{"name":"tecnicaciffyh","@id":"https:\/\/ffyh.unc.edu.ar\/ciffyh\/#\/schema\/person\/136b8e7d00e5053aff43b3dc53e99bc0"},"headline":"Clase p\u00fablica: \u00abUna presentaci\u00f3n del libro 1 de la Gu\u00eda de Los Perplejos de Moshe Maim\u00f3nides\u00bb","datePublished":"2023-10-23T22:12:50+00:00","mainEntityOfPage":{"@id":"https:\/\/ffyh.unc.edu.ar\/ciffyh\/clase-publica-una-presentacion-del-libro-1-de-la-guia-de-los-perplejos-de-moshe-maimonides\/"},"wordCount":123,"publisher":{"@id":"https:\/\/ffyh.unc.edu.ar\/ciffyh\/#organization"},"image":{"@id":"https:\/\/ffyh.unc.edu.ar\/ciffyh\/clase-publica-una-presentacion-del-libro-1-de-la-guia-de-los-perplejos-de-moshe-maimonides\/#primaryimage"},"thumbnailUrl":"https:\/\/ffyh.unc.edu.ar\/ciffyh\/wp-content\/uploads\/sites\/10\/2023\/10\/metafisica2.jpg","articleSection":["\u00c1rea Filosof\u00eda","Ciclos","Clase p\u00fablica"],"inLanguage":"es"},{"@type":"WebPage","@id":"https:\/\/ffyh.unc.edu.ar\/ciffyh\/clase-publica-una-presentacion-del-libro-1-de-la-guia-de-los-perplejos-de-moshe-maimonides\/","url":"https:\/\/ffyh.unc.edu.ar\/ciffyh\/clase-publica-una-presentacion-del-libro-1-de-la-guia-de-los-perplejos-de-moshe-maimonides\/","name":"Clase p\u00fablica: \"Una presentaci\u00f3n del libro 1 de la Gu\u00eda de Los Perplejos de Moshe Maim\u00f3nides\" - Centro de Investigaciones &quot;Maria Saleme de Burnichon&quot;","isPartOf":{"@id":"https:\/\/ffyh.unc.edu.ar\/ciffyh\/#website"},"primaryImageOfPage":{"@id":"https:\/\/ffyh.unc.edu.ar\/ciffyh\/clase-publica-una-presentacion-del-libro-1-de-la-guia-de-los-perplejos-de-moshe-maimonides\/#primaryimage"},"image":{"@id":"https:\/\/ffyh.unc.edu.ar\/ciffyh\/clase-publica-una-presentacion-del-libro-1-de-la-guia-de-los-perplejos-de-moshe-maimonides\/#primaryimage"},"thumbnailUrl":"https:\/\/ffyh.unc.edu.ar\/ciffyh\/wp-content\/uploads\/sites\/10\/2023\/10\/metafisica2.jpg","datePublished":"2023-10-23T22:12:50+00:00","breadcrumb":{"@id":"https:\/\/ffyh.unc.edu.ar\/ciffyh\/clase-publica-una-presentacion-del-libro-1-de-la-guia-de-los-perplejos-de-moshe-maimonides\/#breadcrumb"},"inLanguage":"es","potentialAction":[{"@type":"ReadAction","target":["https:\/\/ffyh.unc.edu.ar\/ciffyh\/clase-publica-una-presentacion-del-libro-1-de-la-guia-de-los-perplejos-de-moshe-maimonides\/"]}]},{"@type":"ImageObject","inLanguage":"es","@id":"https:\/\/ffyh.unc.edu.ar\/ciffyh\/clase-publica-una-presentacion-del-libro-1-de-la-guia-de-los-perplejos-de-moshe-maimonides\/#primaryimage","url":"https:\/\/ffyh.unc.edu.ar\/ciffyh\/wp-content\/uploads\/sites\/10\/2023\/10\/metafisica2.jpg","contentUrl":"https:\/\/ffyh.unc.edu.ar\/ciffyh\/wp-content\/uploads\/sites\/10\/2023\/10\/metafisica2.jpg","width":800,"height":445},{"@type":"BreadcrumbList","@id":"https:\/\/ffyh.unc.edu.ar\/ciffyh\/clase-publica-una-presentacion-del-libro-1-de-la-guia-de-los-perplejos-de-moshe-maimonides\/#breadcrumb","itemListElement":[{"@type":"ListItem","position":1,"name":"Portada","item":"https:\/\/ffyh.unc.edu.ar\/ciffyh\/"},{"@type":"ListItem","position":2,"name":"Clase p\u00fablica: \u00abUna presentaci\u00f3n del libro 1 de la Gu\u00eda de Los Perplejos de Moshe Maim\u00f3nides\u00bb"}]},{"@type":"WebSite","@id":"https:\/\/ffyh.unc.edu.ar\/ciffyh\/#website","url":"https:\/\/ffyh.unc.edu.ar\/ciffyh\/","name":"Centro de Investigaciones \"Maria Saleme de Burnichon\"","description":"Facultad de Filosof\u00eda y Humanidades | UNC","publisher":{"@id":"https:\/\/ffyh.unc.edu.ar\/ciffyh\/#organization"},"potentialAction":[{"@type":"SearchAction","target":{"@type":"EntryPoint","urlTemplate":"https:\/\/ffyh.unc.edu.ar\/ciffyh\/?s={search_term_string}"},"query-input":{"@type":"PropertyValueSpecification","valueRequired":true,"valueName":"search_term_string"}}],"inLanguage":"es"},{"@type":"Organization","@id":"https:\/\/ffyh.unc.edu.ar\/ciffyh\/#organization","name":"Centro de Investigaciones \"Maria Saleme de Burnichon\"","url":"https:\/\/ffyh.unc.edu.ar\/ciffyh\/","logo":{"@type":"ImageObject","inLanguage":"es","@id":"https:\/\/ffyh.unc.edu.ar\/ciffyh\/#\/schema\/logo\/image\/","url":"https:\/\/ffyh.unc.edu.ar\/ciffyh\/wp-content\/uploads\/sites\/10\/2018\/02\/cropped-logo-ciffyh-ico.png","contentUrl":"https:\/\/ffyh.unc.edu.ar\/ciffyh\/wp-content\/uploads\/sites\/10\/2018\/02\/cropped-logo-ciffyh-ico.png","width":512,"height":512,"caption":"Centro de Investigaciones \"Maria Saleme de Burnichon\""},"image":{"@id":"https:\/\/ffyh.unc.edu.ar\/ciffyh\/#\/schema\/logo\/image\/"},"sameAs":["https:\/\/www.instagram.com\/ciffyh\/"]},{"@type":"Person","@id":"https:\/\/ffyh.unc.edu.ar\/ciffyh\/#\/schema\/person\/136b8e7d00e5053aff43b3dc53e99bc0","name":"tecnicaciffyh","image":{"@type":"ImageObject","inLanguage":"es","@id":"https:\/\/ffyh.unc.edu.ar\/ciffyh\/#\/schema\/person\/image\/","url":"https:\/\/secure.gravatar.com\/avatar\/dce86f5e9bf49e3aa9e05e7ed5904a9112e25483e3c8f175eb93b2f53a67c2e4?s=96&d=mm&r=g","contentUrl":"https:\/\/secure.gravatar.com\/avatar\/dce86f5e9bf49e3aa9e05e7ed5904a9112e25483e3c8f175eb93b2f53a67c2e4?s=96&d=mm&r=g","caption":"tecnicaciffyh"},"url":"https:\/\/ffyh.unc.edu.ar\/ciffyh\/author\/tecnicaciffyh\/"}]}},"jetpack_featured_media_url":"https:\/\/ffyh.unc.edu.ar\/ciffyh\/wp-content\/uploads\/sites\/10\/2023\/10\/metafisica2.jpg","_links":{"self":[{"href":"https:\/\/ffyh.unc.edu.ar\/ciffyh\/wp-json\/wp\/v2\/posts\/6733","targetHints":{"allow":["GET"]}}],"collection":[{"href":"https:\/\/ffyh.unc.edu.ar\/ciffyh\/wp-json\/wp\/v2\/posts"}],"about":[{"href":"https:\/\/ffyh.unc.edu.ar\/ciffyh\/wp-json\/wp\/v2\/types\/post"}],"author":[{"embeddable":true,"href":"https:\/\/ffyh.unc.edu.ar\/ciffyh\/wp-json\/wp\/v2\/users\/39"}],"replies":[{"embeddable":true,"href":"https:\/\/ffyh.unc.edu.ar\/ciffyh\/wp-json\/wp\/v2\/comments?post=6733"}],"version-history":[{"count":1,"href":"https:\/\/ffyh.unc.edu.ar\/ciffyh\/wp-json\/wp\/v2\/posts\/6733\/revisions"}],"predecessor-version":[{"id":6736,"href":"https:\/\/ffyh.unc.edu.ar\/ciffyh\/wp-json\/wp\/v2\/posts\/6733\/revisions\/6736"}],"wp:featuredmedia":[{"embeddable":true,"href":"https:\/\/ffyh.unc.edu.ar\/ciffyh\/wp-json\/wp\/v2\/media\/6735"}],"wp:attachment":[{"href":"https:\/\/ffyh.unc.edu.ar\/ciffyh\/wp-json\/wp\/v2\/media?parent=6733"}],"wp:term":[{"taxonomy":"category","embeddable":true,"href":"https:\/\/ffyh.unc.edu.ar\/ciffyh\/wp-json\/wp\/v2\/categories?post=6733"},{"taxonomy":"post_tag","embeddable":true,"href":"https:\/\/ffyh.unc.edu.ar\/ciffyh\/wp-json\/wp\/v2\/tags?post=6733"}],"curies":[{"name":"wp","href":"https:\/\/api.w.org\/{rel}","templated":true}]}}