{"id":6836,"date":"2023-11-09T20:25:08","date_gmt":"2023-11-09T20:25:08","guid":{"rendered":"https:\/\/ffyh.unc.edu.ar\/ciffyh\/?p=6836"},"modified":"2023-11-09T20:26:37","modified_gmt":"2023-11-09T20:26:37","slug":"filosofia-de-la-ciencia-por-jovenes-investigadores-vol-4","status":"publish","type":"post","link":"https:\/\/ffyh.unc.edu.ar\/ciffyh\/filosofia-de-la-ciencia-por-jovenes-investigadores-vol-4\/","title":{"rendered":"Filosof\u00eda de la Ciencia por J\u00f3venes Investigadores vol. 4, nuevo e-book de las Colecciones del CIFFyH"},"content":{"rendered":"<p><em>Este volumen, editado por Mar\u00eda Gabriela Fissore, Agust\u00edn Mauro, Barbara Paez Sueldo y Mateo Santillan Castro, re\u00fane los trabajos presentados en las 4tas Jornadas de J\u00f3venes Investigadores en Filosof\u00eda de la Ciencia (JJFIC), llevadas a cabo en octubre de 2022.<\/em><\/p>\n<p><!--more--><\/p>\n<p>El libro digital \u201cFilosof\u00eda de la Ciencia por J\u00f3venes Investigadores vol. 4\u201d re\u00fane los trabajos presentados originalmente en las 4tas Jornadas de J\u00f3venes Investigadores en Filosof\u00eda de la Ciencia (JJFIC), llevadas a cabo los d\u00edas 4, 5 y 6 de octubre de 2022 en el Auditorio de CONICET de la Universidad Nacional de C\u00f3rdoba y organizadas por\u00a0\u201cJ\u00f3venes FIC\u201d, grupo de estudiantes de grado y posgrado de la Facultad de Filosof\u00eda y Humanidades de la Universidad Nacional de C\u00f3rdoba y el grupo de investigaci\u00f3n \u201cModelar, simular y experimentar: un an\u00e1lisis epistemol\u00f3gico desde las pr\u00e1cticas cient\u00edficas\u201d (SECyT) del Centro de Investigaciones Mar\u00eda Saleme de Burnichon.<\/p>\n<p>El e-book surge de la necesidad de construir y habilitar un espacio de comunidad que fomente la participaci\u00f3n de estudiantes de grado y posgrado que est\u00e9n iniciando su camino en la investigaci\u00f3n de Filosof\u00eda, Sociolog\u00eda, Antropolog\u00eda, Historia de las Ciencias y disciplinas afines. En ese sentido, este volumen da cuenta de la voluntad colectiva de proponer una discusi\u00f3n sobre las formas en que investigamos las ciencias, desde un espacio pensado por y para les j\u00f3venes investigadores.<\/p>\n<p>Este libro, como sus tres vol\u00famenes anteriores, forma parte de las Colecciones del CIFFyH, una iniciativa del Centro de Investigaciones Mar\u00eda Saleme de Burnichon (FFyH) en vinculaci\u00f3n con el \u00c1rea de Publicaciones de la FFyH que busca fortalecer la producci\u00f3n y difusi\u00f3n del trabajo de los grupos de investigaci\u00f3n del Centro, fomentar la participaci\u00f3n en la producci\u00f3n y circulaci\u00f3n del conocimiento de estudiantes, egresados\/as y docentes, y generar espacios institucionales que habiliten dicha circulaci\u00f3n.<\/p>\n<p>Les invitamos a descargar este e-book de manera gratuita.<\/p>\n<blockquote><p><a href=\"http:\/\/ffyh.unc.edu.ar\/publicaciones\/wp-content\/uploads\/sites\/35\/2023\/11\/FilosofiaDeLaCienciaVol4.pdf\" target=\"_blank\" rel=\"noopener\">Descargar<\/a><\/p><\/blockquote>\n<p>Recordamos que hasta el 8 de diciembre se encuentra abierta la segunda convocatoria 2023 de las Colecciones del CIFFyH.<\/p>\n<blockquote class=\"wp-embedded-content\" data-secret=\"1gf42nxLTP\"><p><a href=\"https:\/\/ffyh.unc.edu.ar\/ciffyh\/2-convocatoria-2023-para-publicar-en-las-colecciones-del-ciffyh\/\">2\u00b0 Convocatoria 2023 para publicar  en las \u201cColecciones del CIFFyH\u201d<\/a><\/p><\/blockquote>\n<p><iframe class=\"wp-embedded-content\" sandbox=\"allow-scripts\" security=\"restricted\" style=\"position: absolute; clip: rect(1px, 1px, 1px, 1px);\" title=\"\u00ab2\u00b0 Convocatoria 2023 para publicar  en las \u201cColecciones del CIFFyH\u201d\u00bb \u2014 Centro de Investigaciones &quot;Maria Saleme de Burnichon&quot;\" src=\"https:\/\/ffyh.unc.edu.ar\/ciffyh\/2-convocatoria-2023-para-publicar-en-las-colecciones-del-ciffyh\/embed\/#?secret=Mebw1YnV8l#?secret=1gf42nxLTP\" data-secret=\"1gf42nxLTP\" width=\"600\" height=\"338\" frameborder=\"0\" marginwidth=\"0\" marginheight=\"0\" scrolling=\"no\"><\/iframe><\/p>\n","protected":false},"excerpt":{"rendered":"<p>Este volumen, editado por Mar\u00eda Gabriela Fissore, Agust\u00edn Mauro, Barbara Paez Sueldo y Mateo Santillan Castro, re\u00fane los trabajos presentados<\/p>\n","protected":false},"author":39,"featured_media":6838,"comment_status":"closed","ping_status":"closed","sticky":false,"template":"","format":"standard","meta":{"_acf_changed":false,"colormag_page_container_layout":"default_layout","colormag_page_sidebar_layout":"default_layout","footnotes":""},"categories":[49,67,38],"tags":[],"class_list":["post-6836","post","type-post","status-publish","format-standard","has-post-thumbnail","hentry","category-filosofia","category-colecciones-del-ciffyh","category-publicaciones"],"acf":[],"yoast_head":"<!-- This site is optimized with the Yoast SEO plugin v27.1.1 - https:\/\/yoast.com\/product\/yoast-seo-wordpress\/ -->\n<title>Filosof\u00eda de la Ciencia por J\u00f3venes Investigadores vol. 4, nuevo e-book de las Colecciones del CIFFyH - Centro de Investigaciones &quot;Maria Saleme de Burnichon&quot;<\/title>\n<meta name=\"robots\" content=\"index, follow, max-snippet:-1, max-image-preview:large, max-video-preview:-1\" \/>\n<link rel=\"canonical\" href=\"https:\/\/ffyh.unc.edu.ar\/ciffyh\/filosofia-de-la-ciencia-por-jovenes-investigadores-vol-4\/\" \/>\n<meta property=\"og:locale\" content=\"es_ES\" \/>\n<meta property=\"og:type\" content=\"article\" \/>\n<meta property=\"og:title\" content=\"Filosof\u00eda de la Ciencia por J\u00f3venes Investigadores vol. 4, nuevo e-book de las Colecciones del CIFFyH - Centro de Investigaciones &quot;Maria Saleme de Burnichon&quot;\" \/>\n<meta property=\"og:description\" content=\"Este volumen, editado por Mar\u00eda Gabriela Fissore, Agust\u00edn Mauro, Barbara Paez Sueldo y Mateo Santillan Castro, re\u00fane los trabajos presentados\" \/>\n<meta property=\"og:url\" content=\"https:\/\/ffyh.unc.edu.ar\/ciffyh\/filosofia-de-la-ciencia-por-jovenes-investigadores-vol-4\/\" \/>\n<meta property=\"og:site_name\" content=\"Centro de Investigaciones &quot;Maria Saleme de Burnichon&quot;\" \/>\n<meta property=\"article:published_time\" content=\"2023-11-09T20:25:08+00:00\" \/>\n<meta property=\"article:modified_time\" content=\"2023-11-09T20:26:37+00:00\" \/>\n<meta property=\"og:image\" content=\"http:\/\/ffyh.unc.edu.ar\/ciffyh\/wp-content\/uploads\/sites\/10\/2023\/11\/novedadeditorial-scaled.jpg\" \/>\n\t<meta property=\"og:image:width\" content=\"2560\" \/>\n\t<meta property=\"og:image:height\" content=\"1424\" \/>\n\t<meta property=\"og:image:type\" content=\"image\/jpeg\" \/>\n<meta name=\"author\" content=\"tecnicaciffyh\" \/>\n<meta name=\"twitter:card\" content=\"summary_large_image\" \/>\n<meta name=\"twitter:label1\" content=\"Escrito por\" \/>\n\t<meta name=\"twitter:data1\" content=\"\" \/>\n\t<meta name=\"twitter:label2\" content=\"Tiempo de lectura\" \/>\n\t<meta name=\"twitter:data2\" content=\"2 minutos\" \/>\n<script type=\"application\/ld+json\" class=\"yoast-schema-graph\">{\"@context\":\"https:\/\/schema.org\",\"@graph\":[{\"@type\":\"Article\",\"@id\":\"https:\/\/ffyh.unc.edu.ar\/ciffyh\/filosofia-de-la-ciencia-por-jovenes-investigadores-vol-4\/#article\",\"isPartOf\":{\"@id\":\"https:\/\/ffyh.unc.edu.ar\/ciffyh\/filosofia-de-la-ciencia-por-jovenes-investigadores-vol-4\/\"},\"author\":{\"name\":\"tecnicaciffyh\",\"@id\":\"https:\/\/ffyh.unc.edu.ar\/ciffyh\/#\/schema\/person\/136b8e7d00e5053aff43b3dc53e99bc0\"},\"headline\":\"Filosof\u00eda de la Ciencia por J\u00f3venes Investigadores vol. 4, nuevo e-book de las Colecciones del CIFFyH\",\"datePublished\":\"2023-11-09T20:25:08+00:00\",\"dateModified\":\"2023-11-09T20:26:37+00:00\",\"mainEntityOfPage\":{\"@id\":\"https:\/\/ffyh.unc.edu.ar\/ciffyh\/filosofia-de-la-ciencia-por-jovenes-investigadores-vol-4\/\"},\"wordCount\":380,\"publisher\":{\"@id\":\"https:\/\/ffyh.unc.edu.ar\/ciffyh\/#organization\"},\"image\":{\"@id\":\"https:\/\/ffyh.unc.edu.ar\/ciffyh\/filosofia-de-la-ciencia-por-jovenes-investigadores-vol-4\/#primaryimage\"},\"thumbnailUrl\":\"https:\/\/ffyh.unc.edu.ar\/ciffyh\/wp-content\/uploads\/sites\/10\/2023\/11\/novedadeditorial-scaled.jpg\",\"articleSection\":[\"\u00c1rea Filosof\u00eda\",\"Colecciones del CIFFyH\",\"Publicaciones\"],\"inLanguage\":\"es\"},{\"@type\":\"WebPage\",\"@id\":\"https:\/\/ffyh.unc.edu.ar\/ciffyh\/filosofia-de-la-ciencia-por-jovenes-investigadores-vol-4\/\",\"url\":\"https:\/\/ffyh.unc.edu.ar\/ciffyh\/filosofia-de-la-ciencia-por-jovenes-investigadores-vol-4\/\",\"name\":\"Filosof\u00eda de la Ciencia por J\u00f3venes Investigadores vol. 4, nuevo e-book de las Colecciones del CIFFyH - Centro de Investigaciones &quot;Maria Saleme de Burnichon&quot;\",\"isPartOf\":{\"@id\":\"https:\/\/ffyh.unc.edu.ar\/ciffyh\/#website\"},\"primaryImageOfPage\":{\"@id\":\"https:\/\/ffyh.unc.edu.ar\/ciffyh\/filosofia-de-la-ciencia-por-jovenes-investigadores-vol-4\/#primaryimage\"},\"image\":{\"@id\":\"https:\/\/ffyh.unc.edu.ar\/ciffyh\/filosofia-de-la-ciencia-por-jovenes-investigadores-vol-4\/#primaryimage\"},\"thumbnailUrl\":\"https:\/\/ffyh.unc.edu.ar\/ciffyh\/wp-content\/uploads\/sites\/10\/2023\/11\/novedadeditorial-scaled.jpg\",\"datePublished\":\"2023-11-09T20:25:08+00:00\",\"dateModified\":\"2023-11-09T20:26:37+00:00\",\"breadcrumb\":{\"@id\":\"https:\/\/ffyh.unc.edu.ar\/ciffyh\/filosofia-de-la-ciencia-por-jovenes-investigadores-vol-4\/#breadcrumb\"},\"inLanguage\":\"es\",\"potentialAction\":[{\"@type\":\"ReadAction\",\"target\":[\"https:\/\/ffyh.unc.edu.ar\/ciffyh\/filosofia-de-la-ciencia-por-jovenes-investigadores-vol-4\/\"]}]},{\"@type\":\"ImageObject\",\"inLanguage\":\"es\",\"@id\":\"https:\/\/ffyh.unc.edu.ar\/ciffyh\/filosofia-de-la-ciencia-por-jovenes-investigadores-vol-4\/#primaryimage\",\"url\":\"https:\/\/ffyh.unc.edu.ar\/ciffyh\/wp-content\/uploads\/sites\/10\/2023\/11\/novedadeditorial-scaled.jpg\",\"contentUrl\":\"https:\/\/ffyh.unc.edu.ar\/ciffyh\/wp-content\/uploads\/sites\/10\/2023\/11\/novedadeditorial-scaled.jpg\",\"width\":2560,\"height\":1424},{\"@type\":\"BreadcrumbList\",\"@id\":\"https:\/\/ffyh.unc.edu.ar\/ciffyh\/filosofia-de-la-ciencia-por-jovenes-investigadores-vol-4\/#breadcrumb\",\"itemListElement\":[{\"@type\":\"ListItem\",\"position\":1,\"name\":\"Portada\",\"item\":\"https:\/\/ffyh.unc.edu.ar\/ciffyh\/\"},{\"@type\":\"ListItem\",\"position\":2,\"name\":\"Filosof\u00eda de la Ciencia por J\u00f3venes Investigadores vol. 4, nuevo e-book de las Colecciones del CIFFyH\"}]},{\"@type\":\"WebSite\",\"@id\":\"https:\/\/ffyh.unc.edu.ar\/ciffyh\/#website\",\"url\":\"https:\/\/ffyh.unc.edu.ar\/ciffyh\/\",\"name\":\"Centro de Investigaciones \\\"Maria Saleme de Burnichon\\\"\",\"description\":\"Facultad de Filosof\u00eda y Humanidades | UNC\",\"publisher\":{\"@id\":\"https:\/\/ffyh.unc.edu.ar\/ciffyh\/#organization\"},\"potentialAction\":[{\"@type\":\"SearchAction\",\"target\":{\"@type\":\"EntryPoint\",\"urlTemplate\":\"https:\/\/ffyh.unc.edu.ar\/ciffyh\/?s={search_term_string}\"},\"query-input\":{\"@type\":\"PropertyValueSpecification\",\"valueRequired\":true,\"valueName\":\"search_term_string\"}}],\"inLanguage\":\"es\"},{\"@type\":\"Organization\",\"@id\":\"https:\/\/ffyh.unc.edu.ar\/ciffyh\/#organization\",\"name\":\"Centro de Investigaciones \\\"Maria Saleme de Burnichon\\\"\",\"url\":\"https:\/\/ffyh.unc.edu.ar\/ciffyh\/\",\"logo\":{\"@type\":\"ImageObject\",\"inLanguage\":\"es\",\"@id\":\"https:\/\/ffyh.unc.edu.ar\/ciffyh\/#\/schema\/logo\/image\/\",\"url\":\"https:\/\/ffyh.unc.edu.ar\/ciffyh\/wp-content\/uploads\/sites\/10\/2018\/02\/cropped-logo-ciffyh-ico.png\",\"contentUrl\":\"https:\/\/ffyh.unc.edu.ar\/ciffyh\/wp-content\/uploads\/sites\/10\/2018\/02\/cropped-logo-ciffyh-ico.png\",\"width\":512,\"height\":512,\"caption\":\"Centro de Investigaciones \\\"Maria Saleme de Burnichon\\\"\"},\"image\":{\"@id\":\"https:\/\/ffyh.unc.edu.ar\/ciffyh\/#\/schema\/logo\/image\/\"},\"sameAs\":[\"https:\/\/www.instagram.com\/ciffyh\/\"]},{\"@type\":\"Person\",\"@id\":\"https:\/\/ffyh.unc.edu.ar\/ciffyh\/#\/schema\/person\/136b8e7d00e5053aff43b3dc53e99bc0\",\"name\":\"tecnicaciffyh\",\"image\":{\"@type\":\"ImageObject\",\"inLanguage\":\"es\",\"@id\":\"https:\/\/ffyh.unc.edu.ar\/ciffyh\/#\/schema\/person\/image\/\",\"url\":\"https:\/\/secure.gravatar.com\/avatar\/dce86f5e9bf49e3aa9e05e7ed5904a9112e25483e3c8f175eb93b2f53a67c2e4?s=96&d=mm&r=g\",\"contentUrl\":\"https:\/\/secure.gravatar.com\/avatar\/dce86f5e9bf49e3aa9e05e7ed5904a9112e25483e3c8f175eb93b2f53a67c2e4?s=96&d=mm&r=g\",\"caption\":\"tecnicaciffyh\"},\"url\":\"https:\/\/ffyh.unc.edu.ar\/ciffyh\/author\/tecnicaciffyh\/\"}]}<\/script>\n<!-- \/ Yoast SEO plugin. -->","yoast_head_json":{"title":"Filosof\u00eda de la Ciencia por J\u00f3venes Investigadores vol. 4, nuevo e-book de las Colecciones del CIFFyH - Centro de Investigaciones &quot;Maria Saleme de Burnichon&quot;","robots":{"index":"index","follow":"follow","max-snippet":"max-snippet:-1","max-image-preview":"max-image-preview:large","max-video-preview":"max-video-preview:-1"},"canonical":"https:\/\/ffyh.unc.edu.ar\/ciffyh\/filosofia-de-la-ciencia-por-jovenes-investigadores-vol-4\/","og_locale":"es_ES","og_type":"article","og_title":"Filosof\u00eda de la Ciencia por J\u00f3venes Investigadores vol. 4, nuevo e-book de las Colecciones del CIFFyH - Centro de Investigaciones &quot;Maria Saleme de Burnichon&quot;","og_description":"Este volumen, editado por Mar\u00eda Gabriela Fissore, Agust\u00edn Mauro, Barbara Paez Sueldo y Mateo Santillan Castro, re\u00fane los trabajos presentados","og_url":"https:\/\/ffyh.unc.edu.ar\/ciffyh\/filosofia-de-la-ciencia-por-jovenes-investigadores-vol-4\/","og_site_name":"Centro de Investigaciones &quot;Maria Saleme de Burnichon&quot;","article_published_time":"2023-11-09T20:25:08+00:00","article_modified_time":"2023-11-09T20:26:37+00:00","og_image":[{"width":2560,"height":1424,"url":"http:\/\/ffyh.unc.edu.ar\/ciffyh\/wp-content\/uploads\/sites\/10\/2023\/11\/novedadeditorial-scaled.jpg","type":"image\/jpeg"}],"author":"tecnicaciffyh","twitter_card":"summary_large_image","twitter_misc":{"Escrito por":false,"Tiempo de lectura":"2 minutos"},"schema":{"@context":"https:\/\/schema.org","@graph":[{"@type":"Article","@id":"https:\/\/ffyh.unc.edu.ar\/ciffyh\/filosofia-de-la-ciencia-por-jovenes-investigadores-vol-4\/#article","isPartOf":{"@id":"https:\/\/ffyh.unc.edu.ar\/ciffyh\/filosofia-de-la-ciencia-por-jovenes-investigadores-vol-4\/"},"author":{"name":"tecnicaciffyh","@id":"https:\/\/ffyh.unc.edu.ar\/ciffyh\/#\/schema\/person\/136b8e7d00e5053aff43b3dc53e99bc0"},"headline":"Filosof\u00eda de la Ciencia por J\u00f3venes Investigadores vol. 4, nuevo e-book de las Colecciones del CIFFyH","datePublished":"2023-11-09T20:25:08+00:00","dateModified":"2023-11-09T20:26:37+00:00","mainEntityOfPage":{"@id":"https:\/\/ffyh.unc.edu.ar\/ciffyh\/filosofia-de-la-ciencia-por-jovenes-investigadores-vol-4\/"},"wordCount":380,"publisher":{"@id":"https:\/\/ffyh.unc.edu.ar\/ciffyh\/#organization"},"image":{"@id":"https:\/\/ffyh.unc.edu.ar\/ciffyh\/filosofia-de-la-ciencia-por-jovenes-investigadores-vol-4\/#primaryimage"},"thumbnailUrl":"https:\/\/ffyh.unc.edu.ar\/ciffyh\/wp-content\/uploads\/sites\/10\/2023\/11\/novedadeditorial-scaled.jpg","articleSection":["\u00c1rea Filosof\u00eda","Colecciones del CIFFyH","Publicaciones"],"inLanguage":"es"},{"@type":"WebPage","@id":"https:\/\/ffyh.unc.edu.ar\/ciffyh\/filosofia-de-la-ciencia-por-jovenes-investigadores-vol-4\/","url":"https:\/\/ffyh.unc.edu.ar\/ciffyh\/filosofia-de-la-ciencia-por-jovenes-investigadores-vol-4\/","name":"Filosof\u00eda de la Ciencia por J\u00f3venes Investigadores vol. 4, nuevo e-book de las Colecciones del CIFFyH - Centro de Investigaciones &quot;Maria Saleme de Burnichon&quot;","isPartOf":{"@id":"https:\/\/ffyh.unc.edu.ar\/ciffyh\/#website"},"primaryImageOfPage":{"@id":"https:\/\/ffyh.unc.edu.ar\/ciffyh\/filosofia-de-la-ciencia-por-jovenes-investigadores-vol-4\/#primaryimage"},"image":{"@id":"https:\/\/ffyh.unc.edu.ar\/ciffyh\/filosofia-de-la-ciencia-por-jovenes-investigadores-vol-4\/#primaryimage"},"thumbnailUrl":"https:\/\/ffyh.unc.edu.ar\/ciffyh\/wp-content\/uploads\/sites\/10\/2023\/11\/novedadeditorial-scaled.jpg","datePublished":"2023-11-09T20:25:08+00:00","dateModified":"2023-11-09T20:26:37+00:00","breadcrumb":{"@id":"https:\/\/ffyh.unc.edu.ar\/ciffyh\/filosofia-de-la-ciencia-por-jovenes-investigadores-vol-4\/#breadcrumb"},"inLanguage":"es","potentialAction":[{"@type":"ReadAction","target":["https:\/\/ffyh.unc.edu.ar\/ciffyh\/filosofia-de-la-ciencia-por-jovenes-investigadores-vol-4\/"]}]},{"@type":"ImageObject","inLanguage":"es","@id":"https:\/\/ffyh.unc.edu.ar\/ciffyh\/filosofia-de-la-ciencia-por-jovenes-investigadores-vol-4\/#primaryimage","url":"https:\/\/ffyh.unc.edu.ar\/ciffyh\/wp-content\/uploads\/sites\/10\/2023\/11\/novedadeditorial-scaled.jpg","contentUrl":"https:\/\/ffyh.unc.edu.ar\/ciffyh\/wp-content\/uploads\/sites\/10\/2023\/11\/novedadeditorial-scaled.jpg","width":2560,"height":1424},{"@type":"BreadcrumbList","@id":"https:\/\/ffyh.unc.edu.ar\/ciffyh\/filosofia-de-la-ciencia-por-jovenes-investigadores-vol-4\/#breadcrumb","itemListElement":[{"@type":"ListItem","position":1,"name":"Portada","item":"https:\/\/ffyh.unc.edu.ar\/ciffyh\/"},{"@type":"ListItem","position":2,"name":"Filosof\u00eda de la Ciencia por J\u00f3venes Investigadores vol. 4, nuevo e-book de las Colecciones del CIFFyH"}]},{"@type":"WebSite","@id":"https:\/\/ffyh.unc.edu.ar\/ciffyh\/#website","url":"https:\/\/ffyh.unc.edu.ar\/ciffyh\/","name":"Centro de Investigaciones \"Maria Saleme de Burnichon\"","description":"Facultad de Filosof\u00eda y Humanidades | UNC","publisher":{"@id":"https:\/\/ffyh.unc.edu.ar\/ciffyh\/#organization"},"potentialAction":[{"@type":"SearchAction","target":{"@type":"EntryPoint","urlTemplate":"https:\/\/ffyh.unc.edu.ar\/ciffyh\/?s={search_term_string}"},"query-input":{"@type":"PropertyValueSpecification","valueRequired":true,"valueName":"search_term_string"}}],"inLanguage":"es"},{"@type":"Organization","@id":"https:\/\/ffyh.unc.edu.ar\/ciffyh\/#organization","name":"Centro de Investigaciones \"Maria Saleme de Burnichon\"","url":"https:\/\/ffyh.unc.edu.ar\/ciffyh\/","logo":{"@type":"ImageObject","inLanguage":"es","@id":"https:\/\/ffyh.unc.edu.ar\/ciffyh\/#\/schema\/logo\/image\/","url":"https:\/\/ffyh.unc.edu.ar\/ciffyh\/wp-content\/uploads\/sites\/10\/2018\/02\/cropped-logo-ciffyh-ico.png","contentUrl":"https:\/\/ffyh.unc.edu.ar\/ciffyh\/wp-content\/uploads\/sites\/10\/2018\/02\/cropped-logo-ciffyh-ico.png","width":512,"height":512,"caption":"Centro de Investigaciones \"Maria Saleme de Burnichon\""},"image":{"@id":"https:\/\/ffyh.unc.edu.ar\/ciffyh\/#\/schema\/logo\/image\/"},"sameAs":["https:\/\/www.instagram.com\/ciffyh\/"]},{"@type":"Person","@id":"https:\/\/ffyh.unc.edu.ar\/ciffyh\/#\/schema\/person\/136b8e7d00e5053aff43b3dc53e99bc0","name":"tecnicaciffyh","image":{"@type":"ImageObject","inLanguage":"es","@id":"https:\/\/ffyh.unc.edu.ar\/ciffyh\/#\/schema\/person\/image\/","url":"https:\/\/secure.gravatar.com\/avatar\/dce86f5e9bf49e3aa9e05e7ed5904a9112e25483e3c8f175eb93b2f53a67c2e4?s=96&d=mm&r=g","contentUrl":"https:\/\/secure.gravatar.com\/avatar\/dce86f5e9bf49e3aa9e05e7ed5904a9112e25483e3c8f175eb93b2f53a67c2e4?s=96&d=mm&r=g","caption":"tecnicaciffyh"},"url":"https:\/\/ffyh.unc.edu.ar\/ciffyh\/author\/tecnicaciffyh\/"}]}},"jetpack_featured_media_url":"https:\/\/ffyh.unc.edu.ar\/ciffyh\/wp-content\/uploads\/sites\/10\/2023\/11\/novedadeditorial-scaled.jpg","_links":{"self":[{"href":"https:\/\/ffyh.unc.edu.ar\/ciffyh\/wp-json\/wp\/v2\/posts\/6836","targetHints":{"allow":["GET"]}}],"collection":[{"href":"https:\/\/ffyh.unc.edu.ar\/ciffyh\/wp-json\/wp\/v2\/posts"}],"about":[{"href":"https:\/\/ffyh.unc.edu.ar\/ciffyh\/wp-json\/wp\/v2\/types\/post"}],"author":[{"embeddable":true,"href":"https:\/\/ffyh.unc.edu.ar\/ciffyh\/wp-json\/wp\/v2\/users\/39"}],"replies":[{"embeddable":true,"href":"https:\/\/ffyh.unc.edu.ar\/ciffyh\/wp-json\/wp\/v2\/comments?post=6836"}],"version-history":[{"count":1,"href":"https:\/\/ffyh.unc.edu.ar\/ciffyh\/wp-json\/wp\/v2\/posts\/6836\/revisions"}],"predecessor-version":[{"id":6839,"href":"https:\/\/ffyh.unc.edu.ar\/ciffyh\/wp-json\/wp\/v2\/posts\/6836\/revisions\/6839"}],"wp:featuredmedia":[{"embeddable":true,"href":"https:\/\/ffyh.unc.edu.ar\/ciffyh\/wp-json\/wp\/v2\/media\/6838"}],"wp:attachment":[{"href":"https:\/\/ffyh.unc.edu.ar\/ciffyh\/wp-json\/wp\/v2\/media?parent=6836"}],"wp:term":[{"taxonomy":"category","embeddable":true,"href":"https:\/\/ffyh.unc.edu.ar\/ciffyh\/wp-json\/wp\/v2\/categories?post=6836"},{"taxonomy":"post_tag","embeddable":true,"href":"https:\/\/ffyh.unc.edu.ar\/ciffyh\/wp-json\/wp\/v2\/tags?post=6836"}],"curies":[{"name":"wp","href":"https:\/\/api.w.org\/{rel}","templated":true}]}}