{"id":684,"date":"2011-04-18T16:24:48","date_gmt":"2011-04-18T19:24:48","guid":{"rendered":"http:\/\/www.ffyh.unc.edu.ar\/ciffyh\/?p=684"},"modified":"2011-04-18T16:24:48","modified_gmt":"2011-04-18T19:24:48","slug":"las-convenciones-teatrales-de-cordoba","status":"publish","type":"post","link":"https:\/\/ffyh.unc.edu.ar\/ciffyh\/las-convenciones-teatrales-de-cordoba\/","title":{"rendered":"Las convenciones teatrales de C\u00f3rdoba"},"content":{"rendered":"<figure id=\"attachment_683\" aria-describedby=\"caption-attachment-683\" style=\"width: 300px\" class=\"wp-caption alignright\"><a href=\"http:\/\/ffyh.unc.edu.ar\/ciffyh\/wp-content\/uploads\/sites\/10\/2011\/04\/mauro-alegret-web.jpg\"><img fetchpriority=\"high\" decoding=\"async\" class=\"size-medium wp-image-683\" title=\"mauro-alegret-web\" src=\"http:\/\/ffyh.unc.edu.ar\/ciffyh\/wp-content\/uploads\/sites\/10\/2011\/04\/mauro-alegret-web-300x224.jpg\" alt=\"mauro-alegret-web\" width=\"300\" height=\"224\" \/><\/a><figcaption id=\"caption-attachment-683\" class=\"wp-caption-text\">Alegret: &quot;Esto nos permitir\u00eda esbozar una visi\u00f3n general del teatro cordob\u00e9s de comienzo de siglo&quot;<\/figcaption><\/figure>\n<p style=\"text-align: left\"><strong>\u00bfC\u00f3mo se hace teatro y para qu\u00e9? \u00bfQu\u00e9 condiciona el hecho  teatral? Estas son algunas de las inquietudes que llevaron al becario  Mauro Alegret a investigar para su tesis de doctorado sobre las normas  que establecen la producci\u00f3n y participaci\u00f3n de esta pr\u00e1ctica art\u00edstica  en C\u00f3rdoba durante la d\u00e9cada del 2000.<\/strong><\/p>\n<p style=\"text-align: left\">En el teatro existen determinadas formas de actuaci\u00f3n, composici\u00f3n y participaci\u00f3n que constituyen y delimitan esta pr\u00e1ctica. De esta manera, en todo momento hist\u00f3rico hubo convenciones teatrales que permitieron establecer normas y condiciones en los modos de producci\u00f3n y participaci\u00f3n de las obras.<\/p>\n<p style=\"text-align: left\">En la pr\u00e1ctica,<strong> muchas de esas convenciones fueron heredadas a lo largo del tiempo<\/strong>, como por ejemplo: la divisi\u00f3n espacial de los recintos, el \u201csilencio\u201d de los espectadores o los modismos de los actores sobre el escenario (un claro ejemplo, inclinar el cuerpo al finalizar la obra para recibir el aplauso del p\u00fablico), entre otras.<\/p>\n<p style=\"text-align: left\"><!--more-->Durante el siglo XX, <strong>C\u00f3rdoba fue un polo teatral important\u00edsimo, con una gran actividad en los a\u00f1os \u201960 y \u201970<\/strong>, reconocida en toda Latinoam\u00e9rica. Con el golpe de Estado de 1976 lleg\u00f3 la represi\u00f3n y censura a casi todas las salas y espacios. Luego, con el retorno de la democracia y sobre todo a fines de la d\u00e9cada del \u201990, emergieron nuevamente las instituciones de formaci\u00f3n, muchos grupos independientes y teatristas con nuevas propuestas, desaf\u00edos y experiencias.<\/p>\n<p style=\"text-align: left\">Mauro Alegret, actor y egresado del Departamento de Teatro de la Escuela de Artes de la FFyH, es becario de la Secretar\u00eda de Ciencia y Tecnolog\u00eda de la UNC y trabaja sobre las condiciones de producci\u00f3n, circulaci\u00f3n y consumo de teatro en los comienzos del siglo XXI, a trav\u00e9s del proyecto de tesis doctoral radicado en el Ciffyh \u201c<strong>Transformaci\u00f3n, consagraci\u00f3n y reproducci\u00f3n de la convenci\u00f3n\u00a0 teatral en el campo art\u00edstico cordob\u00e9s en la d\u00e9cada del 2000<\/strong>\u201d, dirigido por Liliana Vanella y cuyo co-director es el reconocido cr\u00edtico e historiador <a href=\"http:\/\/www.ffyh.unc.edu.ar\/alfilo\/22\/entrevista.html\" target=\"_blank\">Jorge Dubatti<\/a>.<\/p>\n<p style=\"text-align: left\">\u201cLas convenciones teatrales siempre existieron y <strong>son las que posibilitan que los productores, actores y espectadores se entiendan y comuniquen posibilitando la pr\u00e1ctica teatral<\/strong>. Pero lo que me interesa en el proyecto es considerar el cambio de concepci\u00f3n respecto al modo de producci\u00f3n, la composici\u00f3n est\u00e9tica y la participaci\u00f3n del hecho teatral que sucede con el advenimiento de la modernidad\u201d, explica Alegret.<\/p>\n<p style=\"text-align: left\">Este trabajo es para finalizar su <strong>Doctorado en Estudios Sociales de Am\u00e9rica Latina<\/strong>, que se dicta en el <a href=\"http:\/\/www.cea.unc.edu.ar\/\" target=\"_blank\">Centro de Estudios Avanzados de la UNC<\/a> y Alegret <strong>eligi\u00f3 como lugar de radicaci\u00f3n del proyecto al Ciffyh<\/strong>, ya que su directora es investigadora de esta instituci\u00f3n. \u201cCuando curs\u00e9 la carrera de Teatro hubo ciertas preguntas que no pude responderme. Entonces empiezo a investigar \u00bfpor qu\u00e9 se hace teatro?, \u00bfpara qu\u00e9 sirve? Estas preguntas son de \u00edndole social y <strong>me pongo a estudiar sociolog\u00eda y filosof\u00eda para tratar de responderlas<\/strong>\u201d, cuenta el becario que trata de tener una \u201cmirada sociol\u00f3gica\u201d sobre el teatro. \u201cEstoy con un pie en un lado y con un pie en el otro. Esto me pone muchos obst\u00e1culos, pero a la vez puedo observar muchas cosas que si lo trabajara desde una sola disciplina no ver\u00eda. De ah\u00ed viene la elecci\u00f3n de mis directores. Vanella entiende del campo teatral cordob\u00e9s y todo lo que tiene que ver con la metodolog\u00eda, y maneja los mismos te\u00f3ricos que yo en la parte de sociolog\u00eda. Dubatti, por su parte, lo que hace es orientarme en la teatrolog\u00eda\u201d.<\/p>\n<p style=\"text-align: left\"><strong>Las caracter\u00edsticas de las convenciones teatrales<\/strong><\/p>\n<p style=\"text-align: left\">\u201cLa idea del proyecto \u2013se\u00f1ala Alegret- es hacer una <strong>reconstrucci\u00f3n del campo teatral en la d\u00e9cada que va del 2000 al 2010<\/strong>. Es una decisi\u00f3n arbitraria temporal operativa. Lo que hice es elaborar un criterio que me permita elegir algunos casos espec\u00edficos. Uno de los problemas generales es el de la identidad; <strong>considero necesaria una representaci\u00f3n de lo que es el campo teatral y cu\u00e1les son las pr\u00e1cticas teatrales que se desarrollan en C\u00f3rdoba<\/strong>\u201d.<\/p>\n<div class=\"mceTemp\" style=\"text-align: left\">\n<dl class=\"wp-caption alignright\" style=\"width: 279px\">\n<dt class=\"wp-caption-dt\"><img decoding=\"async\" src=\"http:\/\/cirulaxiateatro.com.ar\/wp-content\/uploads\/grupo(2).jpg\" alt=\"\" width=\"269\" height=\"151\" \/><\/dt>\n<dd class=\"wp-caption-dd\">Todos los miembros del grupo Cirulaxia.<\/dd>\n<\/dl>\n<\/div>\n<p style=\"text-align: left\">Para lograr su objetivo, Alegret recurrir\u00e1 a los diferentes hacedores que hay en el ambiente teatral independiente de la ciudad, para identificar las po\u00e9ticas emergentes y hacer hincapi\u00e9 en el modo de consagraci\u00f3n y reproducci\u00f3n de las convenciones que operan dentro del campo, en la d\u00e9cada del 2000, como son <a href=\"http:\/\/www.gonzalomarull.com.ar\/\" target=\"_blank\">Gonzalo Marull<\/a>, <a href=\"http:\/\/documentaescenicas.org.ar\/\" target=\"_blank\">Cipriano Arg\u00fcello Pitt<\/a>, los grupos <a href=\"http:\/\/cirulaxiateatro.com.ar\/\" target=\"_blank\">Cirulaxia <\/a>o <a href=\"http:\/\/mediasnochespayasas.blogspot.com\/\" target=\"_blank\">Medias noches payasas<\/a>, teatristas de <a href=\"http:\/\/www.casagrote.blogspot.com\/\" target=\"_blank\">Casa Grote<\/a> o el <a href=\"http:\/\/www.cineclubmunicipal.org.ar\" target=\"_blank\">Cineclub Municipal Hugo del Carril<\/a>, entre otros. Cada proceso analizado es una micropo\u00e9tica, que comparada con otras micropo\u00e9ticas posibilitar\u00e1n el conjunto de obras, que conformar\u00e1n la macropo\u00e9tica de cada hacedor. Luego \u201c<strong>esas po\u00e9ticas posibilitar\u00e1n una conceptualizaci\u00f3n del teatro y su relaci\u00f3n con lo social de una determinada manera<\/strong>. Yo no comparo sentidos, en el uso idealista del t\u00e9rmino, sino que mi mirada es sociol\u00f3gica, y atiendo las convenciones teatrales que entran en juego para crear la obra; \u00e9stas van desde las que ya est\u00e1n vigentes en el campo, pasando por las que comienzan a funcionar el primer d\u00eda de ensayo del grupo, hasta que las que intervienen cuando la obra circula en las distintas instancias de presentaci\u00f3n\u201d, indica.<\/p>\n<div class=\"mceTemp\" style=\"text-align: left\">\n<dl class=\"wp-caption alignright\" style=\"width: 226px\">\n<dt class=\"wp-caption-dt\"><img decoding=\"async\" src=\"http:\/\/bp3.blogger.com\/__Z0txfIgbTo\/SICyQksjPCI\/AAAAAAAAACk\/J10e0bds3Lc\/s320\/DSC03350.JPG\" alt=\"\" width=\"216\" height=\"288\" \/><\/dt>\n<dd class=\"wp-caption-dd\">Globo, obra que se present\u00f3 en Casa Grote, uno de los espacios que dio lugar a las nuevas po\u00e9ticas teatrales.<\/dd>\n<\/dl>\n<\/div>\n<p style=\"text-align: left\"><strong>Hay dos dimensiones para las convenciones teatrales: producci\u00f3n y participaci\u00f3n<\/strong>. Las de producci\u00f3n son aquellas que permiten la creaci\u00f3n del producto teatral. Las segundas son las que permiten al actor y al espectador participar del encuentro. Se refiere a los comportamientos que suceden durante el encuentro en un determinado lugar y durante un determinado lapso de tiempo. Por ejemplo, aplaudir al actor cuando saluda al final de la obra, no comer durante la actuaci\u00f3n, abrir el tel\u00f3n para dar comienzo, actuar solamente en el escenario o pagar una entrada. La convenci\u00f3n de participaci\u00f3n se refiere, entonces, al conjunto de convenciones que permiten al espectador presenciar y percibir el juego del actor en el momento mismo de la actuaci\u00f3n. Estas dos instancias de la pr\u00e1ctica teatral permiten saber c\u00f3mo se hace teatro. \u201cLas convenciones son pactos t\u00e1citos o cosas que suceden pero uno no est\u00e1 continuamente explic\u00e1ndolas\u201d, agrega el actor y becario.<\/p>\n<p style=\"text-align: left\">As\u00ed que para el proyecto, Alegret se sentar\u00e1 con el hacedor para que le cuente su din\u00e1mica de producci\u00f3n y c\u00f3mo es la participaci\u00f3n por parte del p\u00fablico, pero no indagar\u00e1 en la construcci\u00f3n de sentido que hace el autor. \u201c<strong>El teatro independiente cuando nace rompe con algunas convenciones del teatro burgu\u00e9s heredadas a lo largo de los a\u00f1os<\/strong>. Lo mismo sucede con las po\u00e9ticas emergentes dentro del teatro<\/p>\n<div class=\"mceTemp\" style=\"text-align: left\">\n<dl class=\"wp-caption alignright\" style=\"width: 298px\">\n<dt><img loading=\"lazy\" decoding=\"async\" class=\" \" src=\"http:\/\/lh3.ggpht.com\/_-VrLt1ms9m0\/TBFhPz8SXiI\/AAAAAAAAECs\/PjXMeBQVXcU\/s800\/Imagen%20179.jpg\" alt=\"\" width=\"288\" height=\"192\" \/><\/dt>\n<dd>\u00abDespu\u00e9s de la lluvia\u00bb, obra presentada en Documenta\/Esc\u00e9nicas.<\/dd>\n<\/dl>\n<\/div>\n<p style=\"text-align: left\">independiente; sin embargo hay ciertas convenciones que se mantienen, y hay otras distintas. Lo mismo pasa con la producci\u00f3n, por ejemplo, hace 20 a\u00f1os no se hac\u00edan castings y hoy es algo que se puede llegar a escuchar en el mismo teatro independiente\u201d, explica.<\/p>\n<p style=\"text-align: left\">Finalmente, Alegret investigar\u00e1 sobre las <strong>caracter\u00edsticas espec\u00edficas de la convenci\u00f3n teatral en C\u00f3rdoba<\/strong>, c\u00f3mo se relaciona con los valores vigentes de la sociedad en donde se practica y explorar\u00e1 los procesos a trav\u00e9s de los cuales cobran vigencia. Tambi\u00e9n ver\u00e1 que convenciones surgen en oposici\u00f3n y c\u00f3mo se plantean convenciones alternativas. \u201cEn la pr\u00e1ctica teatral cordobesa cada po\u00e9tica tiene convenciones teatrales de los dos niveles. Algunas conservan modos, pero al mismo tiempo otras que proponen diferencias. Esto genera heterogeneidad en las pr\u00e1cticas, pero que a la vez comparten ciertas cosas. Hay que organizar al campo teatral con una l\u00f3gica de diferencias, con lo cual podremos empezar a hablar de una identidad de trabajo, lo que nos permitir\u00eda esbozar una visi\u00f3n general del teatro cordob\u00e9s de comienzo de siglo\u201d, concluye.<\/p>\n<p style=\"text-align: right\"><a href=\"http:\/\/www.ffyh.unc.edu.ar\/ciffyh\/\" target=\"_self\">Volver<\/a><\/p>\n","protected":false},"excerpt":{"rendered":"<p>\u00bfC\u00f3mo se hace teatro y para qu\u00e9? \u00bfQu\u00e9 condiciona el hecho teatral? Estas son algunas de las inquietudes que llevaron<\/p>\n","protected":false},"author":1,"featured_media":0,"comment_status":"closed","ping_status":"closed","sticky":false,"template":"","format":"standard","meta":{"_acf_changed":false,"colormag_page_container_layout":"default_layout","colormag_page_sidebar_layout":"default_layout","footnotes":""},"categories":[6],"tags":[],"class_list":["post-684","post","type-post","status-publish","format-standard","hentry","category-investigaciones"],"acf":[],"yoast_head":"<!-- This site is optimized with the Yoast SEO plugin v27.1.1 - https:\/\/yoast.com\/product\/yoast-seo-wordpress\/ -->\n<title>Las convenciones teatrales de C\u00f3rdoba - Centro de Investigaciones &quot;Maria Saleme de Burnichon&quot;<\/title>\n<meta name=\"robots\" content=\"index, follow, max-snippet:-1, max-image-preview:large, max-video-preview:-1\" \/>\n<link rel=\"canonical\" href=\"https:\/\/ffyh.unc.edu.ar\/ciffyh\/las-convenciones-teatrales-de-cordoba\/\" \/>\n<meta property=\"og:locale\" content=\"es_ES\" \/>\n<meta property=\"og:type\" content=\"article\" \/>\n<meta property=\"og:title\" content=\"Las convenciones teatrales de C\u00f3rdoba - Centro de Investigaciones &quot;Maria Saleme de Burnichon&quot;\" \/>\n<meta property=\"og:description\" content=\"\u00bfC\u00f3mo se hace teatro y para qu\u00e9? \u00bfQu\u00e9 condiciona el hecho teatral? Estas son algunas de las inquietudes que llevaron\" \/>\n<meta property=\"og:url\" content=\"https:\/\/ffyh.unc.edu.ar\/ciffyh\/las-convenciones-teatrales-de-cordoba\/\" \/>\n<meta property=\"og:site_name\" content=\"Centro de Investigaciones &quot;Maria Saleme de Burnichon&quot;\" \/>\n<meta property=\"article:published_time\" content=\"2011-04-18T19:24:48+00:00\" \/>\n<meta property=\"og:image\" content=\"http:\/\/ffyh.unc.edu.ar\/ciffyh\/wp-content\/uploads\/sites\/10\/2011\/04\/mauro-alegret-web-300x224.jpg\" \/>\n<meta name=\"author\" content=\"soporte\" \/>\n<meta name=\"twitter:card\" content=\"summary_large_image\" \/>\n<meta name=\"twitter:label1\" content=\"Escrito por\" \/>\n\t<meta name=\"twitter:data1\" content=\"\" \/>\n\t<meta name=\"twitter:label2\" content=\"Tiempo de lectura\" \/>\n\t<meta name=\"twitter:data2\" content=\"7 minutos\" \/>\n<script type=\"application\/ld+json\" class=\"yoast-schema-graph\">{\"@context\":\"https:\/\/schema.org\",\"@graph\":[{\"@type\":\"Article\",\"@id\":\"https:\/\/ffyh.unc.edu.ar\/ciffyh\/las-convenciones-teatrales-de-cordoba\/#article\",\"isPartOf\":{\"@id\":\"https:\/\/ffyh.unc.edu.ar\/ciffyh\/las-convenciones-teatrales-de-cordoba\/\"},\"author\":{\"name\":\"soporte\",\"@id\":\"https:\/\/ffyh.unc.edu.ar\/ciffyh\/#\/schema\/person\/57a743469801e7e195e268bfe4c52190\"},\"headline\":\"Las convenciones teatrales de C\u00f3rdoba\",\"datePublished\":\"2011-04-18T19:24:48+00:00\",\"mainEntityOfPage\":{\"@id\":\"https:\/\/ffyh.unc.edu.ar\/ciffyh\/las-convenciones-teatrales-de-cordoba\/\"},\"wordCount\":1415,\"publisher\":{\"@id\":\"https:\/\/ffyh.unc.edu.ar\/ciffyh\/#organization\"},\"image\":{\"@id\":\"https:\/\/ffyh.unc.edu.ar\/ciffyh\/las-convenciones-teatrales-de-cordoba\/#primaryimage\"},\"thumbnailUrl\":\"http:\/\/ffyh.unc.edu.ar\/ciffyh\/wp-content\/uploads\/sites\/10\/2011\/04\/mauro-alegret-web-300x224.jpg\",\"articleSection\":[\"Investigaciones\"],\"inLanguage\":\"es\"},{\"@type\":\"WebPage\",\"@id\":\"https:\/\/ffyh.unc.edu.ar\/ciffyh\/las-convenciones-teatrales-de-cordoba\/\",\"url\":\"https:\/\/ffyh.unc.edu.ar\/ciffyh\/las-convenciones-teatrales-de-cordoba\/\",\"name\":\"Las convenciones teatrales de C\u00f3rdoba - Centro de Investigaciones &quot;Maria Saleme de Burnichon&quot;\",\"isPartOf\":{\"@id\":\"https:\/\/ffyh.unc.edu.ar\/ciffyh\/#website\"},\"primaryImageOfPage\":{\"@id\":\"https:\/\/ffyh.unc.edu.ar\/ciffyh\/las-convenciones-teatrales-de-cordoba\/#primaryimage\"},\"image\":{\"@id\":\"https:\/\/ffyh.unc.edu.ar\/ciffyh\/las-convenciones-teatrales-de-cordoba\/#primaryimage\"},\"thumbnailUrl\":\"http:\/\/ffyh.unc.edu.ar\/ciffyh\/wp-content\/uploads\/sites\/10\/2011\/04\/mauro-alegret-web-300x224.jpg\",\"datePublished\":\"2011-04-18T19:24:48+00:00\",\"breadcrumb\":{\"@id\":\"https:\/\/ffyh.unc.edu.ar\/ciffyh\/las-convenciones-teatrales-de-cordoba\/#breadcrumb\"},\"inLanguage\":\"es\",\"potentialAction\":[{\"@type\":\"ReadAction\",\"target\":[\"https:\/\/ffyh.unc.edu.ar\/ciffyh\/las-convenciones-teatrales-de-cordoba\/\"]}]},{\"@type\":\"ImageObject\",\"inLanguage\":\"es\",\"@id\":\"https:\/\/ffyh.unc.edu.ar\/ciffyh\/las-convenciones-teatrales-de-cordoba\/#primaryimage\",\"url\":\"http:\/\/ffyh.unc.edu.ar\/ciffyh\/wp-content\/uploads\/sites\/10\/2011\/04\/mauro-alegret-web-300x224.jpg\",\"contentUrl\":\"http:\/\/ffyh.unc.edu.ar\/ciffyh\/wp-content\/uploads\/sites\/10\/2011\/04\/mauro-alegret-web-300x224.jpg\"},{\"@type\":\"BreadcrumbList\",\"@id\":\"https:\/\/ffyh.unc.edu.ar\/ciffyh\/las-convenciones-teatrales-de-cordoba\/#breadcrumb\",\"itemListElement\":[{\"@type\":\"ListItem\",\"position\":1,\"name\":\"Portada\",\"item\":\"https:\/\/ffyh.unc.edu.ar\/ciffyh\/\"},{\"@type\":\"ListItem\",\"position\":2,\"name\":\"Las convenciones teatrales de C\u00f3rdoba\"}]},{\"@type\":\"WebSite\",\"@id\":\"https:\/\/ffyh.unc.edu.ar\/ciffyh\/#website\",\"url\":\"https:\/\/ffyh.unc.edu.ar\/ciffyh\/\",\"name\":\"Centro de Investigaciones \\\"Maria Saleme de Burnichon\\\"\",\"description\":\"Facultad de Filosof\u00eda y Humanidades | UNC\",\"publisher\":{\"@id\":\"https:\/\/ffyh.unc.edu.ar\/ciffyh\/#organization\"},\"potentialAction\":[{\"@type\":\"SearchAction\",\"target\":{\"@type\":\"EntryPoint\",\"urlTemplate\":\"https:\/\/ffyh.unc.edu.ar\/ciffyh\/?s={search_term_string}\"},\"query-input\":{\"@type\":\"PropertyValueSpecification\",\"valueRequired\":true,\"valueName\":\"search_term_string\"}}],\"inLanguage\":\"es\"},{\"@type\":\"Organization\",\"@id\":\"https:\/\/ffyh.unc.edu.ar\/ciffyh\/#organization\",\"name\":\"Centro de Investigaciones \\\"Maria Saleme de Burnichon\\\"\",\"url\":\"https:\/\/ffyh.unc.edu.ar\/ciffyh\/\",\"logo\":{\"@type\":\"ImageObject\",\"inLanguage\":\"es\",\"@id\":\"https:\/\/ffyh.unc.edu.ar\/ciffyh\/#\/schema\/logo\/image\/\",\"url\":\"https:\/\/ffyh.unc.edu.ar\/ciffyh\/wp-content\/uploads\/sites\/10\/2018\/02\/cropped-logo-ciffyh-ico.png\",\"contentUrl\":\"https:\/\/ffyh.unc.edu.ar\/ciffyh\/wp-content\/uploads\/sites\/10\/2018\/02\/cropped-logo-ciffyh-ico.png\",\"width\":512,\"height\":512,\"caption\":\"Centro de Investigaciones \\\"Maria Saleme de Burnichon\\\"\"},\"image\":{\"@id\":\"https:\/\/ffyh.unc.edu.ar\/ciffyh\/#\/schema\/logo\/image\/\"},\"sameAs\":[\"https:\/\/www.instagram.com\/ciffyh\/\"]},{\"@type\":\"Person\",\"@id\":\"https:\/\/ffyh.unc.edu.ar\/ciffyh\/#\/schema\/person\/57a743469801e7e195e268bfe4c52190\",\"name\":\"soporte\",\"image\":{\"@type\":\"ImageObject\",\"inLanguage\":\"es\",\"@id\":\"https:\/\/ffyh.unc.edu.ar\/ciffyh\/#\/schema\/person\/image\/\",\"url\":\"https:\/\/secure.gravatar.com\/avatar\/ccd40043e5faec50f5bfc8fd1ba508e2228f018210ddcbcf662ed4624d9038c2?s=96&d=mm&r=g\",\"contentUrl\":\"https:\/\/secure.gravatar.com\/avatar\/ccd40043e5faec50f5bfc8fd1ba508e2228f018210ddcbcf662ed4624d9038c2?s=96&d=mm&r=g\",\"caption\":\"soporte\"},\"url\":\"https:\/\/ffyh.unc.edu.ar\/ciffyh\/author\/admin\/\"}]}<\/script>\n<!-- \/ Yoast SEO plugin. -->","yoast_head_json":{"title":"Las convenciones teatrales de C\u00f3rdoba - Centro de Investigaciones &quot;Maria Saleme de Burnichon&quot;","robots":{"index":"index","follow":"follow","max-snippet":"max-snippet:-1","max-image-preview":"max-image-preview:large","max-video-preview":"max-video-preview:-1"},"canonical":"https:\/\/ffyh.unc.edu.ar\/ciffyh\/las-convenciones-teatrales-de-cordoba\/","og_locale":"es_ES","og_type":"article","og_title":"Las convenciones teatrales de C\u00f3rdoba - Centro de Investigaciones &quot;Maria Saleme de Burnichon&quot;","og_description":"\u00bfC\u00f3mo se hace teatro y para qu\u00e9? \u00bfQu\u00e9 condiciona el hecho teatral? Estas son algunas de las inquietudes que llevaron","og_url":"https:\/\/ffyh.unc.edu.ar\/ciffyh\/las-convenciones-teatrales-de-cordoba\/","og_site_name":"Centro de Investigaciones &quot;Maria Saleme de Burnichon&quot;","article_published_time":"2011-04-18T19:24:48+00:00","og_image":[{"url":"http:\/\/ffyh.unc.edu.ar\/ciffyh\/wp-content\/uploads\/sites\/10\/2011\/04\/mauro-alegret-web-300x224.jpg","type":"","width":"","height":""}],"author":"soporte","twitter_card":"summary_large_image","twitter_misc":{"Escrito por":false,"Tiempo de lectura":"7 minutos"},"schema":{"@context":"https:\/\/schema.org","@graph":[{"@type":"Article","@id":"https:\/\/ffyh.unc.edu.ar\/ciffyh\/las-convenciones-teatrales-de-cordoba\/#article","isPartOf":{"@id":"https:\/\/ffyh.unc.edu.ar\/ciffyh\/las-convenciones-teatrales-de-cordoba\/"},"author":{"name":"soporte","@id":"https:\/\/ffyh.unc.edu.ar\/ciffyh\/#\/schema\/person\/57a743469801e7e195e268bfe4c52190"},"headline":"Las convenciones teatrales de C\u00f3rdoba","datePublished":"2011-04-18T19:24:48+00:00","mainEntityOfPage":{"@id":"https:\/\/ffyh.unc.edu.ar\/ciffyh\/las-convenciones-teatrales-de-cordoba\/"},"wordCount":1415,"publisher":{"@id":"https:\/\/ffyh.unc.edu.ar\/ciffyh\/#organization"},"image":{"@id":"https:\/\/ffyh.unc.edu.ar\/ciffyh\/las-convenciones-teatrales-de-cordoba\/#primaryimage"},"thumbnailUrl":"http:\/\/ffyh.unc.edu.ar\/ciffyh\/wp-content\/uploads\/sites\/10\/2011\/04\/mauro-alegret-web-300x224.jpg","articleSection":["Investigaciones"],"inLanguage":"es"},{"@type":"WebPage","@id":"https:\/\/ffyh.unc.edu.ar\/ciffyh\/las-convenciones-teatrales-de-cordoba\/","url":"https:\/\/ffyh.unc.edu.ar\/ciffyh\/las-convenciones-teatrales-de-cordoba\/","name":"Las convenciones teatrales de C\u00f3rdoba - Centro de Investigaciones &quot;Maria Saleme de Burnichon&quot;","isPartOf":{"@id":"https:\/\/ffyh.unc.edu.ar\/ciffyh\/#website"},"primaryImageOfPage":{"@id":"https:\/\/ffyh.unc.edu.ar\/ciffyh\/las-convenciones-teatrales-de-cordoba\/#primaryimage"},"image":{"@id":"https:\/\/ffyh.unc.edu.ar\/ciffyh\/las-convenciones-teatrales-de-cordoba\/#primaryimage"},"thumbnailUrl":"http:\/\/ffyh.unc.edu.ar\/ciffyh\/wp-content\/uploads\/sites\/10\/2011\/04\/mauro-alegret-web-300x224.jpg","datePublished":"2011-04-18T19:24:48+00:00","breadcrumb":{"@id":"https:\/\/ffyh.unc.edu.ar\/ciffyh\/las-convenciones-teatrales-de-cordoba\/#breadcrumb"},"inLanguage":"es","potentialAction":[{"@type":"ReadAction","target":["https:\/\/ffyh.unc.edu.ar\/ciffyh\/las-convenciones-teatrales-de-cordoba\/"]}]},{"@type":"ImageObject","inLanguage":"es","@id":"https:\/\/ffyh.unc.edu.ar\/ciffyh\/las-convenciones-teatrales-de-cordoba\/#primaryimage","url":"http:\/\/ffyh.unc.edu.ar\/ciffyh\/wp-content\/uploads\/sites\/10\/2011\/04\/mauro-alegret-web-300x224.jpg","contentUrl":"http:\/\/ffyh.unc.edu.ar\/ciffyh\/wp-content\/uploads\/sites\/10\/2011\/04\/mauro-alegret-web-300x224.jpg"},{"@type":"BreadcrumbList","@id":"https:\/\/ffyh.unc.edu.ar\/ciffyh\/las-convenciones-teatrales-de-cordoba\/#breadcrumb","itemListElement":[{"@type":"ListItem","position":1,"name":"Portada","item":"https:\/\/ffyh.unc.edu.ar\/ciffyh\/"},{"@type":"ListItem","position":2,"name":"Las convenciones teatrales de C\u00f3rdoba"}]},{"@type":"WebSite","@id":"https:\/\/ffyh.unc.edu.ar\/ciffyh\/#website","url":"https:\/\/ffyh.unc.edu.ar\/ciffyh\/","name":"Centro de Investigaciones \"Maria Saleme de Burnichon\"","description":"Facultad de Filosof\u00eda y Humanidades | UNC","publisher":{"@id":"https:\/\/ffyh.unc.edu.ar\/ciffyh\/#organization"},"potentialAction":[{"@type":"SearchAction","target":{"@type":"EntryPoint","urlTemplate":"https:\/\/ffyh.unc.edu.ar\/ciffyh\/?s={search_term_string}"},"query-input":{"@type":"PropertyValueSpecification","valueRequired":true,"valueName":"search_term_string"}}],"inLanguage":"es"},{"@type":"Organization","@id":"https:\/\/ffyh.unc.edu.ar\/ciffyh\/#organization","name":"Centro de Investigaciones \"Maria Saleme de Burnichon\"","url":"https:\/\/ffyh.unc.edu.ar\/ciffyh\/","logo":{"@type":"ImageObject","inLanguage":"es","@id":"https:\/\/ffyh.unc.edu.ar\/ciffyh\/#\/schema\/logo\/image\/","url":"https:\/\/ffyh.unc.edu.ar\/ciffyh\/wp-content\/uploads\/sites\/10\/2018\/02\/cropped-logo-ciffyh-ico.png","contentUrl":"https:\/\/ffyh.unc.edu.ar\/ciffyh\/wp-content\/uploads\/sites\/10\/2018\/02\/cropped-logo-ciffyh-ico.png","width":512,"height":512,"caption":"Centro de Investigaciones \"Maria Saleme de Burnichon\""},"image":{"@id":"https:\/\/ffyh.unc.edu.ar\/ciffyh\/#\/schema\/logo\/image\/"},"sameAs":["https:\/\/www.instagram.com\/ciffyh\/"]},{"@type":"Person","@id":"https:\/\/ffyh.unc.edu.ar\/ciffyh\/#\/schema\/person\/57a743469801e7e195e268bfe4c52190","name":"soporte","image":{"@type":"ImageObject","inLanguage":"es","@id":"https:\/\/ffyh.unc.edu.ar\/ciffyh\/#\/schema\/person\/image\/","url":"https:\/\/secure.gravatar.com\/avatar\/ccd40043e5faec50f5bfc8fd1ba508e2228f018210ddcbcf662ed4624d9038c2?s=96&d=mm&r=g","contentUrl":"https:\/\/secure.gravatar.com\/avatar\/ccd40043e5faec50f5bfc8fd1ba508e2228f018210ddcbcf662ed4624d9038c2?s=96&d=mm&r=g","caption":"soporte"},"url":"https:\/\/ffyh.unc.edu.ar\/ciffyh\/author\/admin\/"}]}},"jetpack_featured_media_url":"","_links":{"self":[{"href":"https:\/\/ffyh.unc.edu.ar\/ciffyh\/wp-json\/wp\/v2\/posts\/684","targetHints":{"allow":["GET"]}}],"collection":[{"href":"https:\/\/ffyh.unc.edu.ar\/ciffyh\/wp-json\/wp\/v2\/posts"}],"about":[{"href":"https:\/\/ffyh.unc.edu.ar\/ciffyh\/wp-json\/wp\/v2\/types\/post"}],"author":[{"embeddable":true,"href":"https:\/\/ffyh.unc.edu.ar\/ciffyh\/wp-json\/wp\/v2\/users\/1"}],"replies":[{"embeddable":true,"href":"https:\/\/ffyh.unc.edu.ar\/ciffyh\/wp-json\/wp\/v2\/comments?post=684"}],"version-history":[{"count":0,"href":"https:\/\/ffyh.unc.edu.ar\/ciffyh\/wp-json\/wp\/v2\/posts\/684\/revisions"}],"wp:attachment":[{"href":"https:\/\/ffyh.unc.edu.ar\/ciffyh\/wp-json\/wp\/v2\/media?parent=684"}],"wp:term":[{"taxonomy":"category","embeddable":true,"href":"https:\/\/ffyh.unc.edu.ar\/ciffyh\/wp-json\/wp\/v2\/categories?post=684"},{"taxonomy":"post_tag","embeddable":true,"href":"https:\/\/ffyh.unc.edu.ar\/ciffyh\/wp-json\/wp\/v2\/tags?post=684"}],"curies":[{"name":"wp","href":"https:\/\/api.w.org\/{rel}","templated":true}]}}