{"id":6874,"date":"2023-11-15T20:00:08","date_gmt":"2023-11-15T20:00:08","guid":{"rendered":"https:\/\/ffyh.unc.edu.ar\/ciffyh\/?p=6874"},"modified":"2023-11-15T20:00:08","modified_gmt":"2023-11-15T20:00:08","slug":"novedad-editorial-el-poder-de-la-argumentacion-filosofia-desacuerdos-y-practicas-argumentativas","status":"publish","type":"post","link":"https:\/\/ffyh.unc.edu.ar\/ciffyh\/novedad-editorial-el-poder-de-la-argumentacion-filosofia-desacuerdos-y-practicas-argumentativas\/","title":{"rendered":"Novedad editorial: \u201cEl poder de la argumentaci\u00f3n. Filosof\u00eda, desacuerdos y pr\u00e1cticas argumentativas\u201d"},"content":{"rendered":"<p><em>El presente libro, editado por Guadalupe Reinoso, es una selecci\u00f3n que recoge algunos de los art\u00edculos presentados en las \u00a0II Jornadas \u201cEl Poder de la argumentaci\u00f3n\u201d que se desarrollaron en la Ciudad Universitaria de C\u00f3rdoba en 2019. La publicaci\u00f3n cuenta con la participaci\u00f3n de destacados acad\u00e9micos de diferentes Universidades de Latinoam\u00e9rica.<\/em><\/p>\n<p><!--more--><\/p>\n<p>\u201cEl poder de la argumentaci\u00f3n. Filosof\u00eda, desacuerdos y pr\u00e1cticas argumentativas\u201d es una compilaci\u00f3n de algunos de los textos presentados en las \u00a0II Jornadas \u201cEl Poder de la argumentaci\u00f3n\u201d que se desarrollaron en la Ciudad Universitaria de C\u00f3rdoba los d\u00edas 29 y 30 de Agosto de 2019. Esta actividad fue organizada por el grupo de investigaci\u00f3n \u201cPirronismo y Neo-Pirronismo: El influjo del escepticismo antiguo en la filosof\u00eda moderna\u201d dirigido por la Dra. Guadalupe Reinoso y co-organizada por la Escuela de Filosof\u00eda, el \u00e1rea de Filosof\u00eda del CiFFyH y por la Secretar\u00eda de Extensi\u00f3n de la Facultad de Filosof\u00eda y Humanidades (UNC).<\/p>\n<p>Las Jornadas fueron una continuaci\u00f3n de las primeras realizadas en Cusco, Per\u00fa, en septiembre 2017 y organizadas por el C\u00edrculo de Investigaci\u00f3n en Filosof\u00eda Anal\u00edtica (CIFA), con el auspicio de la Red Peruana de Universidades (RPU) y cuya sede fue la Universidad Nacional San Antonio Abad del Cusco (UNSAAC). El objetivo de ese encuentro fue reunir a acad\u00e9micos de diversas \u00e1reas para mostrar el potencial de la argumentaci\u00f3n desde un enfoque filos\u00f3fico riguroso y accesible.<\/p>\n<p>El tema y modalidad elegidos permiten abordar problem\u00e1ticas actuales como por ejemplo el problema de las posverdad y el fen\u00f3meno de las \u201cfake news\u201d, t\u00f3picos centrales, entre muchos otros, para promover una discusi\u00f3n cr\u00edtica de los debates en las redes sociales sobre la proyecci\u00f3n de candidatos durante las campa\u00f1as presidenciales.<\/p>\n<p>En este sentido, la presente compilaci\u00f3n es una selecci\u00f3n que recoge algunos de los art\u00edculos inspirados en las discusiones que se dieron en el marco de dichas jornadas y busca ofrecer herramientas te\u00f3ricas y filos\u00f3ficas para la discusi\u00f3n de los temas antes mencionados y otros desaf\u00edos que surgen cuando buscamos construir consenso.<\/p>\n<p>La publicaci\u00f3n cuenta con la participaci\u00f3n de destacados acad\u00e9micos de diferentes Universidades de Latinoam\u00e9rica.<\/p>\n<p>El e-book forma parte de las Colecciones del CIFFyH, una iniciativa del Centro de Investigaciones Mar\u00eda Saleme de Burnichon (FFyH) en vinculaci\u00f3n con el \u00c1rea de Publicaciones de la FFyH que busca fortalecer la producci\u00f3n y difusi\u00f3n del trabajo de los grupos de investigaci\u00f3n del Centro, fomentar la participaci\u00f3n en la producci\u00f3n y circulaci\u00f3n del conocimiento de estudiantes, egresados\/as y docentes, y generar espacios institucionales que habiliten dicha circulaci\u00f3n.<\/p>\n<p>Les invitamos a descargar este e-book de manera gratuita.<\/p>\n<blockquote><p><a href=\"http:\/\/ffyh.unc.edu.ar\/publicaciones\/wp-content\/uploads\/sites\/35\/2023\/11\/Final_ElpoderDeLaArgumentacion.pdf\" target=\"_blank\" rel=\"noopener\">Descargar<\/a><\/p><\/blockquote>\n<p>Recordamos que hasta el 8 de diciembre se encuentra abierta la segunda convocatoria 2023 de las Colecciones del CIFFyH.<\/p>\n","protected":false},"excerpt":{"rendered":"<p>El presente libro, editado por Guadalupe Reinoso, es una selecci\u00f3n que recoge algunos de los art\u00edculos presentados en las \u00a0II<\/p>\n","protected":false},"author":39,"featured_media":6875,"comment_status":"closed","ping_status":"closed","sticky":false,"template":"","format":"standard","meta":{"_acf_changed":false,"colormag_page_container_layout":"default_layout","colormag_page_sidebar_layout":"default_layout","footnotes":""},"categories":[49,67,38],"tags":[76,75],"class_list":["post-6874","post","type-post","status-publish","format-standard","has-post-thumbnail","hentry","category-filosofia","category-colecciones-del-ciffyh","category-publicaciones","tag-argumentacion","tag-filosofia"],"acf":[],"yoast_head":"<!-- This site is optimized with the Yoast SEO plugin v27.1.1 - https:\/\/yoast.com\/product\/yoast-seo-wordpress\/ -->\n<title>Novedad editorial: \u201cEl poder de la argumentaci\u00f3n. Filosof\u00eda, desacuerdos y pr\u00e1cticas argumentativas\u201d - Centro de Investigaciones &quot;Maria Saleme de Burnichon&quot;<\/title>\n<meta name=\"robots\" content=\"index, follow, max-snippet:-1, max-image-preview:large, max-video-preview:-1\" \/>\n<link rel=\"canonical\" href=\"https:\/\/ffyh.unc.edu.ar\/ciffyh\/novedad-editorial-el-poder-de-la-argumentacion-filosofia-desacuerdos-y-practicas-argumentativas\/\" \/>\n<meta property=\"og:locale\" content=\"es_ES\" \/>\n<meta property=\"og:type\" content=\"article\" \/>\n<meta property=\"og:title\" content=\"Novedad editorial: \u201cEl poder de la argumentaci\u00f3n. Filosof\u00eda, desacuerdos y pr\u00e1cticas argumentativas\u201d - Centro de Investigaciones &quot;Maria Saleme de Burnichon&quot;\" \/>\n<meta property=\"og:description\" content=\"El presente libro, editado por Guadalupe Reinoso, es una selecci\u00f3n que recoge algunos de los art\u00edculos presentados en las \u00a0II\" \/>\n<meta property=\"og:url\" content=\"https:\/\/ffyh.unc.edu.ar\/ciffyh\/novedad-editorial-el-poder-de-la-argumentacion-filosofia-desacuerdos-y-practicas-argumentativas\/\" \/>\n<meta property=\"og:site_name\" content=\"Centro de Investigaciones &quot;Maria Saleme de Burnichon&quot;\" \/>\n<meta property=\"article:published_time\" content=\"2023-11-15T20:00:08+00:00\" \/>\n<meta property=\"og:image\" content=\"http:\/\/ffyh.unc.edu.ar\/ciffyh\/wp-content\/uploads\/sites\/10\/2023\/11\/novedadeditorial-1.jpg\" \/>\n\t<meta property=\"og:image:width\" content=\"800\" \/>\n\t<meta property=\"og:image:height\" content=\"445\" \/>\n\t<meta property=\"og:image:type\" content=\"image\/jpeg\" \/>\n<meta name=\"author\" content=\"tecnicaciffyh\" \/>\n<meta name=\"twitter:card\" content=\"summary_large_image\" \/>\n<meta name=\"twitter:label1\" content=\"Escrito por\" \/>\n\t<meta name=\"twitter:data1\" content=\"\" \/>\n\t<meta name=\"twitter:label2\" content=\"Tiempo de lectura\" \/>\n\t<meta name=\"twitter:data2\" content=\"3 minutos\" \/>\n<script type=\"application\/ld+json\" class=\"yoast-schema-graph\">{\"@context\":\"https:\/\/schema.org\",\"@graph\":[{\"@type\":\"Article\",\"@id\":\"https:\/\/ffyh.unc.edu.ar\/ciffyh\/novedad-editorial-el-poder-de-la-argumentacion-filosofia-desacuerdos-y-practicas-argumentativas\/#article\",\"isPartOf\":{\"@id\":\"https:\/\/ffyh.unc.edu.ar\/ciffyh\/novedad-editorial-el-poder-de-la-argumentacion-filosofia-desacuerdos-y-practicas-argumentativas\/\"},\"author\":{\"name\":\"tecnicaciffyh\",\"@id\":\"https:\/\/ffyh.unc.edu.ar\/ciffyh\/#\/schema\/person\/136b8e7d00e5053aff43b3dc53e99bc0\"},\"headline\":\"Novedad editorial: \u201cEl poder de la argumentaci\u00f3n. Filosof\u00eda, desacuerdos y pr\u00e1cticas argumentativas\u201d\",\"datePublished\":\"2023-11-15T20:00:08+00:00\",\"mainEntityOfPage\":{\"@id\":\"https:\/\/ffyh.unc.edu.ar\/ciffyh\/novedad-editorial-el-poder-de-la-argumentacion-filosofia-desacuerdos-y-practicas-argumentativas\/\"},\"wordCount\":506,\"publisher\":{\"@id\":\"https:\/\/ffyh.unc.edu.ar\/ciffyh\/#organization\"},\"image\":{\"@id\":\"https:\/\/ffyh.unc.edu.ar\/ciffyh\/novedad-editorial-el-poder-de-la-argumentacion-filosofia-desacuerdos-y-practicas-argumentativas\/#primaryimage\"},\"thumbnailUrl\":\"https:\/\/ffyh.unc.edu.ar\/ciffyh\/wp-content\/uploads\/sites\/10\/2023\/11\/novedadeditorial-1.jpg\",\"keywords\":[\"Argumentaci\u00f3n\",\"Filosof\u00eda\"],\"articleSection\":[\"\u00c1rea Filosof\u00eda\",\"Colecciones del CIFFyH\",\"Publicaciones\"],\"inLanguage\":\"es\"},{\"@type\":\"WebPage\",\"@id\":\"https:\/\/ffyh.unc.edu.ar\/ciffyh\/novedad-editorial-el-poder-de-la-argumentacion-filosofia-desacuerdos-y-practicas-argumentativas\/\",\"url\":\"https:\/\/ffyh.unc.edu.ar\/ciffyh\/novedad-editorial-el-poder-de-la-argumentacion-filosofia-desacuerdos-y-practicas-argumentativas\/\",\"name\":\"Novedad editorial: \u201cEl poder de la argumentaci\u00f3n. Filosof\u00eda, desacuerdos y pr\u00e1cticas argumentativas\u201d - Centro de Investigaciones &quot;Maria Saleme de Burnichon&quot;\",\"isPartOf\":{\"@id\":\"https:\/\/ffyh.unc.edu.ar\/ciffyh\/#website\"},\"primaryImageOfPage\":{\"@id\":\"https:\/\/ffyh.unc.edu.ar\/ciffyh\/novedad-editorial-el-poder-de-la-argumentacion-filosofia-desacuerdos-y-practicas-argumentativas\/#primaryimage\"},\"image\":{\"@id\":\"https:\/\/ffyh.unc.edu.ar\/ciffyh\/novedad-editorial-el-poder-de-la-argumentacion-filosofia-desacuerdos-y-practicas-argumentativas\/#primaryimage\"},\"thumbnailUrl\":\"https:\/\/ffyh.unc.edu.ar\/ciffyh\/wp-content\/uploads\/sites\/10\/2023\/11\/novedadeditorial-1.jpg\",\"datePublished\":\"2023-11-15T20:00:08+00:00\",\"breadcrumb\":{\"@id\":\"https:\/\/ffyh.unc.edu.ar\/ciffyh\/novedad-editorial-el-poder-de-la-argumentacion-filosofia-desacuerdos-y-practicas-argumentativas\/#breadcrumb\"},\"inLanguage\":\"es\",\"potentialAction\":[{\"@type\":\"ReadAction\",\"target\":[\"https:\/\/ffyh.unc.edu.ar\/ciffyh\/novedad-editorial-el-poder-de-la-argumentacion-filosofia-desacuerdos-y-practicas-argumentativas\/\"]}]},{\"@type\":\"ImageObject\",\"inLanguage\":\"es\",\"@id\":\"https:\/\/ffyh.unc.edu.ar\/ciffyh\/novedad-editorial-el-poder-de-la-argumentacion-filosofia-desacuerdos-y-practicas-argumentativas\/#primaryimage\",\"url\":\"https:\/\/ffyh.unc.edu.ar\/ciffyh\/wp-content\/uploads\/sites\/10\/2023\/11\/novedadeditorial-1.jpg\",\"contentUrl\":\"https:\/\/ffyh.unc.edu.ar\/ciffyh\/wp-content\/uploads\/sites\/10\/2023\/11\/novedadeditorial-1.jpg\",\"width\":800,\"height\":445},{\"@type\":\"BreadcrumbList\",\"@id\":\"https:\/\/ffyh.unc.edu.ar\/ciffyh\/novedad-editorial-el-poder-de-la-argumentacion-filosofia-desacuerdos-y-practicas-argumentativas\/#breadcrumb\",\"itemListElement\":[{\"@type\":\"ListItem\",\"position\":1,\"name\":\"Portada\",\"item\":\"https:\/\/ffyh.unc.edu.ar\/ciffyh\/\"},{\"@type\":\"ListItem\",\"position\":2,\"name\":\"Novedad editorial: \u201cEl poder de la argumentaci\u00f3n. Filosof\u00eda, desacuerdos y pr\u00e1cticas argumentativas\u201d\"}]},{\"@type\":\"WebSite\",\"@id\":\"https:\/\/ffyh.unc.edu.ar\/ciffyh\/#website\",\"url\":\"https:\/\/ffyh.unc.edu.ar\/ciffyh\/\",\"name\":\"Centro de Investigaciones \\\"Maria Saleme de Burnichon\\\"\",\"description\":\"Facultad de Filosof\u00eda y Humanidades | UNC\",\"publisher\":{\"@id\":\"https:\/\/ffyh.unc.edu.ar\/ciffyh\/#organization\"},\"potentialAction\":[{\"@type\":\"SearchAction\",\"target\":{\"@type\":\"EntryPoint\",\"urlTemplate\":\"https:\/\/ffyh.unc.edu.ar\/ciffyh\/?s={search_term_string}\"},\"query-input\":{\"@type\":\"PropertyValueSpecification\",\"valueRequired\":true,\"valueName\":\"search_term_string\"}}],\"inLanguage\":\"es\"},{\"@type\":\"Organization\",\"@id\":\"https:\/\/ffyh.unc.edu.ar\/ciffyh\/#organization\",\"name\":\"Centro de Investigaciones \\\"Maria Saleme de Burnichon\\\"\",\"url\":\"https:\/\/ffyh.unc.edu.ar\/ciffyh\/\",\"logo\":{\"@type\":\"ImageObject\",\"inLanguage\":\"es\",\"@id\":\"https:\/\/ffyh.unc.edu.ar\/ciffyh\/#\/schema\/logo\/image\/\",\"url\":\"https:\/\/ffyh.unc.edu.ar\/ciffyh\/wp-content\/uploads\/sites\/10\/2018\/02\/cropped-logo-ciffyh-ico.png\",\"contentUrl\":\"https:\/\/ffyh.unc.edu.ar\/ciffyh\/wp-content\/uploads\/sites\/10\/2018\/02\/cropped-logo-ciffyh-ico.png\",\"width\":512,\"height\":512,\"caption\":\"Centro de Investigaciones \\\"Maria Saleme de Burnichon\\\"\"},\"image\":{\"@id\":\"https:\/\/ffyh.unc.edu.ar\/ciffyh\/#\/schema\/logo\/image\/\"},\"sameAs\":[\"https:\/\/www.instagram.com\/ciffyh\/\"]},{\"@type\":\"Person\",\"@id\":\"https:\/\/ffyh.unc.edu.ar\/ciffyh\/#\/schema\/person\/136b8e7d00e5053aff43b3dc53e99bc0\",\"name\":\"tecnicaciffyh\",\"image\":{\"@type\":\"ImageObject\",\"inLanguage\":\"es\",\"@id\":\"https:\/\/ffyh.unc.edu.ar\/ciffyh\/#\/schema\/person\/image\/\",\"url\":\"https:\/\/secure.gravatar.com\/avatar\/dce86f5e9bf49e3aa9e05e7ed5904a9112e25483e3c8f175eb93b2f53a67c2e4?s=96&d=mm&r=g\",\"contentUrl\":\"https:\/\/secure.gravatar.com\/avatar\/dce86f5e9bf49e3aa9e05e7ed5904a9112e25483e3c8f175eb93b2f53a67c2e4?s=96&d=mm&r=g\",\"caption\":\"tecnicaciffyh\"},\"url\":\"https:\/\/ffyh.unc.edu.ar\/ciffyh\/author\/tecnicaciffyh\/\"}]}<\/script>\n<!-- \/ Yoast SEO plugin. -->","yoast_head_json":{"title":"Novedad editorial: \u201cEl poder de la argumentaci\u00f3n. Filosof\u00eda, desacuerdos y pr\u00e1cticas argumentativas\u201d - Centro de Investigaciones &quot;Maria Saleme de Burnichon&quot;","robots":{"index":"index","follow":"follow","max-snippet":"max-snippet:-1","max-image-preview":"max-image-preview:large","max-video-preview":"max-video-preview:-1"},"canonical":"https:\/\/ffyh.unc.edu.ar\/ciffyh\/novedad-editorial-el-poder-de-la-argumentacion-filosofia-desacuerdos-y-practicas-argumentativas\/","og_locale":"es_ES","og_type":"article","og_title":"Novedad editorial: \u201cEl poder de la argumentaci\u00f3n. Filosof\u00eda, desacuerdos y pr\u00e1cticas argumentativas\u201d - Centro de Investigaciones &quot;Maria Saleme de Burnichon&quot;","og_description":"El presente libro, editado por Guadalupe Reinoso, es una selecci\u00f3n que recoge algunos de los art\u00edculos presentados en las \u00a0II","og_url":"https:\/\/ffyh.unc.edu.ar\/ciffyh\/novedad-editorial-el-poder-de-la-argumentacion-filosofia-desacuerdos-y-practicas-argumentativas\/","og_site_name":"Centro de Investigaciones &quot;Maria Saleme de Burnichon&quot;","article_published_time":"2023-11-15T20:00:08+00:00","og_image":[{"width":800,"height":445,"url":"http:\/\/ffyh.unc.edu.ar\/ciffyh\/wp-content\/uploads\/sites\/10\/2023\/11\/novedadeditorial-1.jpg","type":"image\/jpeg"}],"author":"tecnicaciffyh","twitter_card":"summary_large_image","twitter_misc":{"Escrito por":false,"Tiempo de lectura":"3 minutos"},"schema":{"@context":"https:\/\/schema.org","@graph":[{"@type":"Article","@id":"https:\/\/ffyh.unc.edu.ar\/ciffyh\/novedad-editorial-el-poder-de-la-argumentacion-filosofia-desacuerdos-y-practicas-argumentativas\/#article","isPartOf":{"@id":"https:\/\/ffyh.unc.edu.ar\/ciffyh\/novedad-editorial-el-poder-de-la-argumentacion-filosofia-desacuerdos-y-practicas-argumentativas\/"},"author":{"name":"tecnicaciffyh","@id":"https:\/\/ffyh.unc.edu.ar\/ciffyh\/#\/schema\/person\/136b8e7d00e5053aff43b3dc53e99bc0"},"headline":"Novedad editorial: \u201cEl poder de la argumentaci\u00f3n. Filosof\u00eda, desacuerdos y pr\u00e1cticas argumentativas\u201d","datePublished":"2023-11-15T20:00:08+00:00","mainEntityOfPage":{"@id":"https:\/\/ffyh.unc.edu.ar\/ciffyh\/novedad-editorial-el-poder-de-la-argumentacion-filosofia-desacuerdos-y-practicas-argumentativas\/"},"wordCount":506,"publisher":{"@id":"https:\/\/ffyh.unc.edu.ar\/ciffyh\/#organization"},"image":{"@id":"https:\/\/ffyh.unc.edu.ar\/ciffyh\/novedad-editorial-el-poder-de-la-argumentacion-filosofia-desacuerdos-y-practicas-argumentativas\/#primaryimage"},"thumbnailUrl":"https:\/\/ffyh.unc.edu.ar\/ciffyh\/wp-content\/uploads\/sites\/10\/2023\/11\/novedadeditorial-1.jpg","keywords":["Argumentaci\u00f3n","Filosof\u00eda"],"articleSection":["\u00c1rea Filosof\u00eda","Colecciones del CIFFyH","Publicaciones"],"inLanguage":"es"},{"@type":"WebPage","@id":"https:\/\/ffyh.unc.edu.ar\/ciffyh\/novedad-editorial-el-poder-de-la-argumentacion-filosofia-desacuerdos-y-practicas-argumentativas\/","url":"https:\/\/ffyh.unc.edu.ar\/ciffyh\/novedad-editorial-el-poder-de-la-argumentacion-filosofia-desacuerdos-y-practicas-argumentativas\/","name":"Novedad editorial: \u201cEl poder de la argumentaci\u00f3n. Filosof\u00eda, desacuerdos y pr\u00e1cticas argumentativas\u201d - Centro de Investigaciones &quot;Maria Saleme de Burnichon&quot;","isPartOf":{"@id":"https:\/\/ffyh.unc.edu.ar\/ciffyh\/#website"},"primaryImageOfPage":{"@id":"https:\/\/ffyh.unc.edu.ar\/ciffyh\/novedad-editorial-el-poder-de-la-argumentacion-filosofia-desacuerdos-y-practicas-argumentativas\/#primaryimage"},"image":{"@id":"https:\/\/ffyh.unc.edu.ar\/ciffyh\/novedad-editorial-el-poder-de-la-argumentacion-filosofia-desacuerdos-y-practicas-argumentativas\/#primaryimage"},"thumbnailUrl":"https:\/\/ffyh.unc.edu.ar\/ciffyh\/wp-content\/uploads\/sites\/10\/2023\/11\/novedadeditorial-1.jpg","datePublished":"2023-11-15T20:00:08+00:00","breadcrumb":{"@id":"https:\/\/ffyh.unc.edu.ar\/ciffyh\/novedad-editorial-el-poder-de-la-argumentacion-filosofia-desacuerdos-y-practicas-argumentativas\/#breadcrumb"},"inLanguage":"es","potentialAction":[{"@type":"ReadAction","target":["https:\/\/ffyh.unc.edu.ar\/ciffyh\/novedad-editorial-el-poder-de-la-argumentacion-filosofia-desacuerdos-y-practicas-argumentativas\/"]}]},{"@type":"ImageObject","inLanguage":"es","@id":"https:\/\/ffyh.unc.edu.ar\/ciffyh\/novedad-editorial-el-poder-de-la-argumentacion-filosofia-desacuerdos-y-practicas-argumentativas\/#primaryimage","url":"https:\/\/ffyh.unc.edu.ar\/ciffyh\/wp-content\/uploads\/sites\/10\/2023\/11\/novedadeditorial-1.jpg","contentUrl":"https:\/\/ffyh.unc.edu.ar\/ciffyh\/wp-content\/uploads\/sites\/10\/2023\/11\/novedadeditorial-1.jpg","width":800,"height":445},{"@type":"BreadcrumbList","@id":"https:\/\/ffyh.unc.edu.ar\/ciffyh\/novedad-editorial-el-poder-de-la-argumentacion-filosofia-desacuerdos-y-practicas-argumentativas\/#breadcrumb","itemListElement":[{"@type":"ListItem","position":1,"name":"Portada","item":"https:\/\/ffyh.unc.edu.ar\/ciffyh\/"},{"@type":"ListItem","position":2,"name":"Novedad editorial: \u201cEl poder de la argumentaci\u00f3n. Filosof\u00eda, desacuerdos y pr\u00e1cticas argumentativas\u201d"}]},{"@type":"WebSite","@id":"https:\/\/ffyh.unc.edu.ar\/ciffyh\/#website","url":"https:\/\/ffyh.unc.edu.ar\/ciffyh\/","name":"Centro de Investigaciones \"Maria Saleme de Burnichon\"","description":"Facultad de Filosof\u00eda y Humanidades | UNC","publisher":{"@id":"https:\/\/ffyh.unc.edu.ar\/ciffyh\/#organization"},"potentialAction":[{"@type":"SearchAction","target":{"@type":"EntryPoint","urlTemplate":"https:\/\/ffyh.unc.edu.ar\/ciffyh\/?s={search_term_string}"},"query-input":{"@type":"PropertyValueSpecification","valueRequired":true,"valueName":"search_term_string"}}],"inLanguage":"es"},{"@type":"Organization","@id":"https:\/\/ffyh.unc.edu.ar\/ciffyh\/#organization","name":"Centro de Investigaciones \"Maria Saleme de Burnichon\"","url":"https:\/\/ffyh.unc.edu.ar\/ciffyh\/","logo":{"@type":"ImageObject","inLanguage":"es","@id":"https:\/\/ffyh.unc.edu.ar\/ciffyh\/#\/schema\/logo\/image\/","url":"https:\/\/ffyh.unc.edu.ar\/ciffyh\/wp-content\/uploads\/sites\/10\/2018\/02\/cropped-logo-ciffyh-ico.png","contentUrl":"https:\/\/ffyh.unc.edu.ar\/ciffyh\/wp-content\/uploads\/sites\/10\/2018\/02\/cropped-logo-ciffyh-ico.png","width":512,"height":512,"caption":"Centro de Investigaciones \"Maria Saleme de Burnichon\""},"image":{"@id":"https:\/\/ffyh.unc.edu.ar\/ciffyh\/#\/schema\/logo\/image\/"},"sameAs":["https:\/\/www.instagram.com\/ciffyh\/"]},{"@type":"Person","@id":"https:\/\/ffyh.unc.edu.ar\/ciffyh\/#\/schema\/person\/136b8e7d00e5053aff43b3dc53e99bc0","name":"tecnicaciffyh","image":{"@type":"ImageObject","inLanguage":"es","@id":"https:\/\/ffyh.unc.edu.ar\/ciffyh\/#\/schema\/person\/image\/","url":"https:\/\/secure.gravatar.com\/avatar\/dce86f5e9bf49e3aa9e05e7ed5904a9112e25483e3c8f175eb93b2f53a67c2e4?s=96&d=mm&r=g","contentUrl":"https:\/\/secure.gravatar.com\/avatar\/dce86f5e9bf49e3aa9e05e7ed5904a9112e25483e3c8f175eb93b2f53a67c2e4?s=96&d=mm&r=g","caption":"tecnicaciffyh"},"url":"https:\/\/ffyh.unc.edu.ar\/ciffyh\/author\/tecnicaciffyh\/"}]}},"jetpack_featured_media_url":"https:\/\/ffyh.unc.edu.ar\/ciffyh\/wp-content\/uploads\/sites\/10\/2023\/11\/novedadeditorial-1.jpg","_links":{"self":[{"href":"https:\/\/ffyh.unc.edu.ar\/ciffyh\/wp-json\/wp\/v2\/posts\/6874","targetHints":{"allow":["GET"]}}],"collection":[{"href":"https:\/\/ffyh.unc.edu.ar\/ciffyh\/wp-json\/wp\/v2\/posts"}],"about":[{"href":"https:\/\/ffyh.unc.edu.ar\/ciffyh\/wp-json\/wp\/v2\/types\/post"}],"author":[{"embeddable":true,"href":"https:\/\/ffyh.unc.edu.ar\/ciffyh\/wp-json\/wp\/v2\/users\/39"}],"replies":[{"embeddable":true,"href":"https:\/\/ffyh.unc.edu.ar\/ciffyh\/wp-json\/wp\/v2\/comments?post=6874"}],"version-history":[{"count":1,"href":"https:\/\/ffyh.unc.edu.ar\/ciffyh\/wp-json\/wp\/v2\/posts\/6874\/revisions"}],"predecessor-version":[{"id":6877,"href":"https:\/\/ffyh.unc.edu.ar\/ciffyh\/wp-json\/wp\/v2\/posts\/6874\/revisions\/6877"}],"wp:featuredmedia":[{"embeddable":true,"href":"https:\/\/ffyh.unc.edu.ar\/ciffyh\/wp-json\/wp\/v2\/media\/6875"}],"wp:attachment":[{"href":"https:\/\/ffyh.unc.edu.ar\/ciffyh\/wp-json\/wp\/v2\/media?parent=6874"}],"wp:term":[{"taxonomy":"category","embeddable":true,"href":"https:\/\/ffyh.unc.edu.ar\/ciffyh\/wp-json\/wp\/v2\/categories?post=6874"},{"taxonomy":"post_tag","embeddable":true,"href":"https:\/\/ffyh.unc.edu.ar\/ciffyh\/wp-json\/wp\/v2\/tags?post=6874"}],"curies":[{"name":"wp","href":"https:\/\/api.w.org\/{rel}","templated":true}]}}