{"id":6990,"date":"2023-12-14T17:56:59","date_gmt":"2023-12-14T17:56:59","guid":{"rendered":"https:\/\/ffyh.unc.edu.ar\/ciffyh\/?p=6990"},"modified":"2023-12-14T18:57:30","modified_gmt":"2023-12-14T18:57:30","slug":"primeras-jornadas-de-politica-cultura-y-educacion-1820-1945","status":"publish","type":"post","link":"https:\/\/ffyh.unc.edu.ar\/ciffyh\/primeras-jornadas-de-politica-cultura-y-educacion-1820-1945\/","title":{"rendered":"Primeras Jornadas de Pol\u00edtica, Cultura y Educaci\u00f3n (1820-1945)"},"content":{"rendered":"<p><em>Invitamos a participar de estas jornadas que se llevar\u00e1n a cabo el 2 y 3 de mayo 2024. Podr\u00e1n presentarse res\u00famenes ampliados <span style=\"font-weight: 400\">hasta el 1 de abril de 2024.<\/span><\/em><\/p>\n<p><!--more--><\/p>\n<p><span style=\"font-weight: 400\">En los \u00faltimos a\u00f1os se ha venido produciendo en nuestra regi\u00f3n el retorno de fuerzas pol\u00edticas cuyas posiciones ideol\u00f3gicas y propuestas program\u00e1ticas, adem\u00e1s de representar un serio riesgo para la convivencia democr\u00e1tica y las instituciones educativas, pretenden soslayar\u00a0 todo un acervo de importantes conquistas hist\u00f3ricas para el conjunto de nuestras sociedades. <\/span><\/p>\n<p><span style=\"font-weight: 400\">En este contexto las Jornadas se constituyen en una oportunidad de revisitar archivos, profundizar debates, articular lecturas interdisciplinarias para reflexionar en torno a las relaciones entre pol\u00edtica, cultura y educaci\u00f3n en diversas regiones argentinas y latinoamericanas entre el fin de las guerras de independencia y el fin de la Segunda Guerra Mundial. <\/span><\/p>\n<p><span style=\"font-weight: 400\">Desde las \u00abPrimeras Jornadas de Pol\u00edtica, Cultura y Educaci\u00f3n (1820-1945)\u00bb convocamos a grupos de investigaciones e investigadores\/as que se inscriban en las tem\u00e1ticas propuestas a sumarse al intercambio.\u00a0<\/span><\/p>\n<p><span style=\"font-weight: 400\">Se prev\u00e9 una publicaci\u00f3n con los resultados del encuentro.<\/span><\/p>\n<p><b>Organizan:<\/b><\/p>\n<p><b>Equipos de investigaci\u00f3n:\u00a0<\/b><\/p>\n<ul>\n<li><span style=\"font-weight: 400\">Formaci\u00f3n, trabajo docente y pr\u00e1cticas pedag\u00f3gicas: prescripciones y saberes situados (c\u00f3rdoba, segunda mitad del siglo xix y mediados del xx)<\/span><\/li>\n<li><span style=\"font-weight: 400\">\u00c9lites y contraelites en la historia contempor\u00e1nea de Am\u00e9rica Latina: pol\u00edtica, econom\u00eda e ideas de 1880 a nuestros d\u00edas<\/span><\/li>\n<\/ul>\n<p><b>Ejes de intercambio<\/b><\/p>\n<ul>\n<li><span style=\"font-weight: 400\">Laicistas y clericales<\/span><\/li>\n<li><span style=\"font-weight: 400\">Archivos<\/span><\/li>\n<li><span style=\"font-weight: 400\">\u00c9lites y sectores subalternos<\/span><\/li>\n<\/ul>\n<p><b>Pautas de presentaci\u00f3n de res\u00famenes ampliados: <\/b><span style=\"font-weight: 400\">t\u00edtulo, tres palabras clave, resumen (hasta 2500 palabras). Nombre y apellido,\u00a0 pertenencia institucional y direcci\u00f3n de correo electr\u00f3nico.<\/span><\/p>\n<p><b>Formato:<\/b><span style=\"font-weight: 400\"> Times New Roman 12, interlineado 1,5. T\u00edtulos en negrita may\u00fascula. Normas APA 7.<\/span><\/p>\n<p><b>Plazo de presentaci\u00f3n res\u00famenes ampliados<\/b><span style=\"font-weight: 400\">: hasta el 1 de abril de 2024<\/span><\/p>\n<p><b>Env\u00edo de res\u00famenes a: <\/b><span style=\"font-weight: 400\">jpce2024@gmail.com<\/span><\/p>\n<p><img fetchpriority=\"high\" decoding=\"async\" class=\"alignnone wp-image-7001 size-full\" src=\"http:\/\/ffyh.unc.edu.ar\/ciffyh\/wp-content\/uploads\/sites\/10\/2023\/12\/flyerjornadasgabi.jpg\" alt=\"\" width=\"1600\" height=\"1600\" srcset=\"https:\/\/ffyh.unc.edu.ar\/ciffyh\/wp-content\/uploads\/sites\/10\/2023\/12\/flyerjornadasgabi.jpg 1600w, https:\/\/ffyh.unc.edu.ar\/ciffyh\/wp-content\/uploads\/sites\/10\/2023\/12\/flyerjornadasgabi-300x300.jpg 300w, https:\/\/ffyh.unc.edu.ar\/ciffyh\/wp-content\/uploads\/sites\/10\/2023\/12\/flyerjornadasgabi-1024x1024.jpg 1024w, https:\/\/ffyh.unc.edu.ar\/ciffyh\/wp-content\/uploads\/sites\/10\/2023\/12\/flyerjornadasgabi-150x150.jpg 150w, https:\/\/ffyh.unc.edu.ar\/ciffyh\/wp-content\/uploads\/sites\/10\/2023\/12\/flyerjornadasgabi-768x768.jpg 768w, https:\/\/ffyh.unc.edu.ar\/ciffyh\/wp-content\/uploads\/sites\/10\/2023\/12\/flyerjornadasgabi-1536x1536.jpg 1536w, https:\/\/ffyh.unc.edu.ar\/ciffyh\/wp-content\/uploads\/sites\/10\/2023\/12\/flyerjornadasgabi-1320x1320.jpg 1320w\" sizes=\"(max-width: 1600px) 100vw, 1600px\" \/><\/p>\n","protected":false},"excerpt":{"rendered":"<p>Invitamos a participar de estas jornadas que se llevar\u00e1n a cabo el 2 y 3 de mayo 2024. Podr\u00e1n presentarse<\/p>\n","protected":false},"author":39,"featured_media":6996,"comment_status":"closed","ping_status":"closed","sticky":false,"template":"","format":"standard","meta":{"_acf_changed":false,"colormag_page_container_layout":"default_layout","colormag_page_sidebar_layout":"default_layout","footnotes":""},"categories":[51,7],"tags":[],"class_list":["post-6990","post","type-post","status-publish","format-standard","has-post-thumbnail","hentry","category-educacion","category-jornadas"],"acf":[],"yoast_head":"<!-- This site is optimized with the Yoast SEO plugin v27.1.1 - https:\/\/yoast.com\/product\/yoast-seo-wordpress\/ -->\n<title>Primeras Jornadas de Pol\u00edtica, Cultura y Educaci\u00f3n (1820-1945) - Centro de Investigaciones &quot;Maria Saleme de Burnichon&quot;<\/title>\n<meta name=\"robots\" content=\"index, follow, max-snippet:-1, max-image-preview:large, max-video-preview:-1\" \/>\n<link rel=\"canonical\" href=\"https:\/\/ffyh.unc.edu.ar\/ciffyh\/primeras-jornadas-de-politica-cultura-y-educacion-1820-1945\/\" \/>\n<meta property=\"og:locale\" content=\"es_ES\" \/>\n<meta property=\"og:type\" content=\"article\" \/>\n<meta property=\"og:title\" content=\"Primeras Jornadas de Pol\u00edtica, Cultura y Educaci\u00f3n (1820-1945) - Centro de Investigaciones &quot;Maria Saleme de Burnichon&quot;\" \/>\n<meta property=\"og:description\" content=\"Invitamos a participar de estas jornadas que se llevar\u00e1n a cabo el 2 y 3 de mayo 2024. Podr\u00e1n presentarse\" \/>\n<meta property=\"og:url\" content=\"https:\/\/ffyh.unc.edu.ar\/ciffyh\/primeras-jornadas-de-politica-cultura-y-educacion-1820-1945\/\" \/>\n<meta property=\"og:site_name\" content=\"Centro de Investigaciones &quot;Maria Saleme de Burnichon&quot;\" \/>\n<meta property=\"article:published_time\" content=\"2023-12-14T17:56:59+00:00\" \/>\n<meta property=\"article:modified_time\" content=\"2023-12-14T18:57:30+00:00\" \/>\n<meta property=\"og:image\" content=\"http:\/\/ffyh.unc.edu.ar\/ciffyh\/wp-content\/uploads\/sites\/10\/2023\/12\/webgabi.jpg\" \/>\n\t<meta property=\"og:image:width\" content=\"800\" \/>\n\t<meta property=\"og:image:height\" content=\"445\" \/>\n\t<meta property=\"og:image:type\" content=\"image\/jpeg\" \/>\n<meta name=\"author\" content=\"tecnicaciffyh\" \/>\n<meta name=\"twitter:card\" content=\"summary_large_image\" \/>\n<meta name=\"twitter:label1\" content=\"Escrito por\" \/>\n\t<meta name=\"twitter:data1\" content=\"\" \/>\n\t<meta name=\"twitter:label2\" content=\"Tiempo de lectura\" \/>\n\t<meta name=\"twitter:data2\" content=\"2 minutos\" \/>\n<script type=\"application\/ld+json\" class=\"yoast-schema-graph\">{\"@context\":\"https:\/\/schema.org\",\"@graph\":[{\"@type\":\"Article\",\"@id\":\"https:\/\/ffyh.unc.edu.ar\/ciffyh\/primeras-jornadas-de-politica-cultura-y-educacion-1820-1945\/#article\",\"isPartOf\":{\"@id\":\"https:\/\/ffyh.unc.edu.ar\/ciffyh\/primeras-jornadas-de-politica-cultura-y-educacion-1820-1945\/\"},\"author\":{\"name\":\"tecnicaciffyh\",\"@id\":\"https:\/\/ffyh.unc.edu.ar\/ciffyh\/#\/schema\/person\/136b8e7d00e5053aff43b3dc53e99bc0\"},\"headline\":\"Primeras Jornadas de Pol\u00edtica, Cultura y Educaci\u00f3n (1820-1945)\",\"datePublished\":\"2023-12-14T17:56:59+00:00\",\"dateModified\":\"2023-12-14T18:57:30+00:00\",\"mainEntityOfPage\":{\"@id\":\"https:\/\/ffyh.unc.edu.ar\/ciffyh\/primeras-jornadas-de-politica-cultura-y-educacion-1820-1945\/\"},\"wordCount\":317,\"publisher\":{\"@id\":\"https:\/\/ffyh.unc.edu.ar\/ciffyh\/#organization\"},\"image\":{\"@id\":\"https:\/\/ffyh.unc.edu.ar\/ciffyh\/primeras-jornadas-de-politica-cultura-y-educacion-1820-1945\/#primaryimage\"},\"thumbnailUrl\":\"https:\/\/ffyh.unc.edu.ar\/ciffyh\/wp-content\/uploads\/sites\/10\/2023\/12\/webgabi.jpg\",\"articleSection\":[\"\u00c1rea Educaci\u00f3n\",\"Jornadas\"],\"inLanguage\":\"es\"},{\"@type\":\"WebPage\",\"@id\":\"https:\/\/ffyh.unc.edu.ar\/ciffyh\/primeras-jornadas-de-politica-cultura-y-educacion-1820-1945\/\",\"url\":\"https:\/\/ffyh.unc.edu.ar\/ciffyh\/primeras-jornadas-de-politica-cultura-y-educacion-1820-1945\/\",\"name\":\"Primeras Jornadas de Pol\u00edtica, Cultura y Educaci\u00f3n (1820-1945) - Centro de Investigaciones &quot;Maria Saleme de Burnichon&quot;\",\"isPartOf\":{\"@id\":\"https:\/\/ffyh.unc.edu.ar\/ciffyh\/#website\"},\"primaryImageOfPage\":{\"@id\":\"https:\/\/ffyh.unc.edu.ar\/ciffyh\/primeras-jornadas-de-politica-cultura-y-educacion-1820-1945\/#primaryimage\"},\"image\":{\"@id\":\"https:\/\/ffyh.unc.edu.ar\/ciffyh\/primeras-jornadas-de-politica-cultura-y-educacion-1820-1945\/#primaryimage\"},\"thumbnailUrl\":\"https:\/\/ffyh.unc.edu.ar\/ciffyh\/wp-content\/uploads\/sites\/10\/2023\/12\/webgabi.jpg\",\"datePublished\":\"2023-12-14T17:56:59+00:00\",\"dateModified\":\"2023-12-14T18:57:30+00:00\",\"breadcrumb\":{\"@id\":\"https:\/\/ffyh.unc.edu.ar\/ciffyh\/primeras-jornadas-de-politica-cultura-y-educacion-1820-1945\/#breadcrumb\"},\"inLanguage\":\"es\",\"potentialAction\":[{\"@type\":\"ReadAction\",\"target\":[\"https:\/\/ffyh.unc.edu.ar\/ciffyh\/primeras-jornadas-de-politica-cultura-y-educacion-1820-1945\/\"]}]},{\"@type\":\"ImageObject\",\"inLanguage\":\"es\",\"@id\":\"https:\/\/ffyh.unc.edu.ar\/ciffyh\/primeras-jornadas-de-politica-cultura-y-educacion-1820-1945\/#primaryimage\",\"url\":\"https:\/\/ffyh.unc.edu.ar\/ciffyh\/wp-content\/uploads\/sites\/10\/2023\/12\/webgabi.jpg\",\"contentUrl\":\"https:\/\/ffyh.unc.edu.ar\/ciffyh\/wp-content\/uploads\/sites\/10\/2023\/12\/webgabi.jpg\",\"width\":800,\"height\":445},{\"@type\":\"BreadcrumbList\",\"@id\":\"https:\/\/ffyh.unc.edu.ar\/ciffyh\/primeras-jornadas-de-politica-cultura-y-educacion-1820-1945\/#breadcrumb\",\"itemListElement\":[{\"@type\":\"ListItem\",\"position\":1,\"name\":\"Portada\",\"item\":\"https:\/\/ffyh.unc.edu.ar\/ciffyh\/\"},{\"@type\":\"ListItem\",\"position\":2,\"name\":\"Primeras Jornadas de Pol\u00edtica, Cultura y Educaci\u00f3n (1820-1945)\"}]},{\"@type\":\"WebSite\",\"@id\":\"https:\/\/ffyh.unc.edu.ar\/ciffyh\/#website\",\"url\":\"https:\/\/ffyh.unc.edu.ar\/ciffyh\/\",\"name\":\"Centro de Investigaciones \\\"Maria Saleme de Burnichon\\\"\",\"description\":\"Facultad de Filosof\u00eda y Humanidades | UNC\",\"publisher\":{\"@id\":\"https:\/\/ffyh.unc.edu.ar\/ciffyh\/#organization\"},\"potentialAction\":[{\"@type\":\"SearchAction\",\"target\":{\"@type\":\"EntryPoint\",\"urlTemplate\":\"https:\/\/ffyh.unc.edu.ar\/ciffyh\/?s={search_term_string}\"},\"query-input\":{\"@type\":\"PropertyValueSpecification\",\"valueRequired\":true,\"valueName\":\"search_term_string\"}}],\"inLanguage\":\"es\"},{\"@type\":\"Organization\",\"@id\":\"https:\/\/ffyh.unc.edu.ar\/ciffyh\/#organization\",\"name\":\"Centro de Investigaciones \\\"Maria Saleme de Burnichon\\\"\",\"url\":\"https:\/\/ffyh.unc.edu.ar\/ciffyh\/\",\"logo\":{\"@type\":\"ImageObject\",\"inLanguage\":\"es\",\"@id\":\"https:\/\/ffyh.unc.edu.ar\/ciffyh\/#\/schema\/logo\/image\/\",\"url\":\"https:\/\/ffyh.unc.edu.ar\/ciffyh\/wp-content\/uploads\/sites\/10\/2018\/02\/cropped-logo-ciffyh-ico.png\",\"contentUrl\":\"https:\/\/ffyh.unc.edu.ar\/ciffyh\/wp-content\/uploads\/sites\/10\/2018\/02\/cropped-logo-ciffyh-ico.png\",\"width\":512,\"height\":512,\"caption\":\"Centro de Investigaciones \\\"Maria Saleme de Burnichon\\\"\"},\"image\":{\"@id\":\"https:\/\/ffyh.unc.edu.ar\/ciffyh\/#\/schema\/logo\/image\/\"},\"sameAs\":[\"https:\/\/www.instagram.com\/ciffyh\/\"]},{\"@type\":\"Person\",\"@id\":\"https:\/\/ffyh.unc.edu.ar\/ciffyh\/#\/schema\/person\/136b8e7d00e5053aff43b3dc53e99bc0\",\"name\":\"tecnicaciffyh\",\"image\":{\"@type\":\"ImageObject\",\"inLanguage\":\"es\",\"@id\":\"https:\/\/ffyh.unc.edu.ar\/ciffyh\/#\/schema\/person\/image\/\",\"url\":\"https:\/\/secure.gravatar.com\/avatar\/dce86f5e9bf49e3aa9e05e7ed5904a9112e25483e3c8f175eb93b2f53a67c2e4?s=96&d=mm&r=g\",\"contentUrl\":\"https:\/\/secure.gravatar.com\/avatar\/dce86f5e9bf49e3aa9e05e7ed5904a9112e25483e3c8f175eb93b2f53a67c2e4?s=96&d=mm&r=g\",\"caption\":\"tecnicaciffyh\"},\"url\":\"https:\/\/ffyh.unc.edu.ar\/ciffyh\/author\/tecnicaciffyh\/\"}]}<\/script>\n<!-- \/ Yoast SEO plugin. -->","yoast_head_json":{"title":"Primeras Jornadas de Pol\u00edtica, Cultura y Educaci\u00f3n (1820-1945) - Centro de Investigaciones &quot;Maria Saleme de Burnichon&quot;","robots":{"index":"index","follow":"follow","max-snippet":"max-snippet:-1","max-image-preview":"max-image-preview:large","max-video-preview":"max-video-preview:-1"},"canonical":"https:\/\/ffyh.unc.edu.ar\/ciffyh\/primeras-jornadas-de-politica-cultura-y-educacion-1820-1945\/","og_locale":"es_ES","og_type":"article","og_title":"Primeras Jornadas de Pol\u00edtica, Cultura y Educaci\u00f3n (1820-1945) - Centro de Investigaciones &quot;Maria Saleme de Burnichon&quot;","og_description":"Invitamos a participar de estas jornadas que se llevar\u00e1n a cabo el 2 y 3 de mayo 2024. Podr\u00e1n presentarse","og_url":"https:\/\/ffyh.unc.edu.ar\/ciffyh\/primeras-jornadas-de-politica-cultura-y-educacion-1820-1945\/","og_site_name":"Centro de Investigaciones &quot;Maria Saleme de Burnichon&quot;","article_published_time":"2023-12-14T17:56:59+00:00","article_modified_time":"2023-12-14T18:57:30+00:00","og_image":[{"width":800,"height":445,"url":"http:\/\/ffyh.unc.edu.ar\/ciffyh\/wp-content\/uploads\/sites\/10\/2023\/12\/webgabi.jpg","type":"image\/jpeg"}],"author":"tecnicaciffyh","twitter_card":"summary_large_image","twitter_misc":{"Escrito por":false,"Tiempo de lectura":"2 minutos"},"schema":{"@context":"https:\/\/schema.org","@graph":[{"@type":"Article","@id":"https:\/\/ffyh.unc.edu.ar\/ciffyh\/primeras-jornadas-de-politica-cultura-y-educacion-1820-1945\/#article","isPartOf":{"@id":"https:\/\/ffyh.unc.edu.ar\/ciffyh\/primeras-jornadas-de-politica-cultura-y-educacion-1820-1945\/"},"author":{"name":"tecnicaciffyh","@id":"https:\/\/ffyh.unc.edu.ar\/ciffyh\/#\/schema\/person\/136b8e7d00e5053aff43b3dc53e99bc0"},"headline":"Primeras Jornadas de Pol\u00edtica, Cultura y Educaci\u00f3n (1820-1945)","datePublished":"2023-12-14T17:56:59+00:00","dateModified":"2023-12-14T18:57:30+00:00","mainEntityOfPage":{"@id":"https:\/\/ffyh.unc.edu.ar\/ciffyh\/primeras-jornadas-de-politica-cultura-y-educacion-1820-1945\/"},"wordCount":317,"publisher":{"@id":"https:\/\/ffyh.unc.edu.ar\/ciffyh\/#organization"},"image":{"@id":"https:\/\/ffyh.unc.edu.ar\/ciffyh\/primeras-jornadas-de-politica-cultura-y-educacion-1820-1945\/#primaryimage"},"thumbnailUrl":"https:\/\/ffyh.unc.edu.ar\/ciffyh\/wp-content\/uploads\/sites\/10\/2023\/12\/webgabi.jpg","articleSection":["\u00c1rea Educaci\u00f3n","Jornadas"],"inLanguage":"es"},{"@type":"WebPage","@id":"https:\/\/ffyh.unc.edu.ar\/ciffyh\/primeras-jornadas-de-politica-cultura-y-educacion-1820-1945\/","url":"https:\/\/ffyh.unc.edu.ar\/ciffyh\/primeras-jornadas-de-politica-cultura-y-educacion-1820-1945\/","name":"Primeras Jornadas de Pol\u00edtica, Cultura y Educaci\u00f3n (1820-1945) - Centro de Investigaciones &quot;Maria Saleme de Burnichon&quot;","isPartOf":{"@id":"https:\/\/ffyh.unc.edu.ar\/ciffyh\/#website"},"primaryImageOfPage":{"@id":"https:\/\/ffyh.unc.edu.ar\/ciffyh\/primeras-jornadas-de-politica-cultura-y-educacion-1820-1945\/#primaryimage"},"image":{"@id":"https:\/\/ffyh.unc.edu.ar\/ciffyh\/primeras-jornadas-de-politica-cultura-y-educacion-1820-1945\/#primaryimage"},"thumbnailUrl":"https:\/\/ffyh.unc.edu.ar\/ciffyh\/wp-content\/uploads\/sites\/10\/2023\/12\/webgabi.jpg","datePublished":"2023-12-14T17:56:59+00:00","dateModified":"2023-12-14T18:57:30+00:00","breadcrumb":{"@id":"https:\/\/ffyh.unc.edu.ar\/ciffyh\/primeras-jornadas-de-politica-cultura-y-educacion-1820-1945\/#breadcrumb"},"inLanguage":"es","potentialAction":[{"@type":"ReadAction","target":["https:\/\/ffyh.unc.edu.ar\/ciffyh\/primeras-jornadas-de-politica-cultura-y-educacion-1820-1945\/"]}]},{"@type":"ImageObject","inLanguage":"es","@id":"https:\/\/ffyh.unc.edu.ar\/ciffyh\/primeras-jornadas-de-politica-cultura-y-educacion-1820-1945\/#primaryimage","url":"https:\/\/ffyh.unc.edu.ar\/ciffyh\/wp-content\/uploads\/sites\/10\/2023\/12\/webgabi.jpg","contentUrl":"https:\/\/ffyh.unc.edu.ar\/ciffyh\/wp-content\/uploads\/sites\/10\/2023\/12\/webgabi.jpg","width":800,"height":445},{"@type":"BreadcrumbList","@id":"https:\/\/ffyh.unc.edu.ar\/ciffyh\/primeras-jornadas-de-politica-cultura-y-educacion-1820-1945\/#breadcrumb","itemListElement":[{"@type":"ListItem","position":1,"name":"Portada","item":"https:\/\/ffyh.unc.edu.ar\/ciffyh\/"},{"@type":"ListItem","position":2,"name":"Primeras Jornadas de Pol\u00edtica, Cultura y Educaci\u00f3n (1820-1945)"}]},{"@type":"WebSite","@id":"https:\/\/ffyh.unc.edu.ar\/ciffyh\/#website","url":"https:\/\/ffyh.unc.edu.ar\/ciffyh\/","name":"Centro de Investigaciones \"Maria Saleme de Burnichon\"","description":"Facultad de Filosof\u00eda y Humanidades | UNC","publisher":{"@id":"https:\/\/ffyh.unc.edu.ar\/ciffyh\/#organization"},"potentialAction":[{"@type":"SearchAction","target":{"@type":"EntryPoint","urlTemplate":"https:\/\/ffyh.unc.edu.ar\/ciffyh\/?s={search_term_string}"},"query-input":{"@type":"PropertyValueSpecification","valueRequired":true,"valueName":"search_term_string"}}],"inLanguage":"es"},{"@type":"Organization","@id":"https:\/\/ffyh.unc.edu.ar\/ciffyh\/#organization","name":"Centro de Investigaciones \"Maria Saleme de Burnichon\"","url":"https:\/\/ffyh.unc.edu.ar\/ciffyh\/","logo":{"@type":"ImageObject","inLanguage":"es","@id":"https:\/\/ffyh.unc.edu.ar\/ciffyh\/#\/schema\/logo\/image\/","url":"https:\/\/ffyh.unc.edu.ar\/ciffyh\/wp-content\/uploads\/sites\/10\/2018\/02\/cropped-logo-ciffyh-ico.png","contentUrl":"https:\/\/ffyh.unc.edu.ar\/ciffyh\/wp-content\/uploads\/sites\/10\/2018\/02\/cropped-logo-ciffyh-ico.png","width":512,"height":512,"caption":"Centro de Investigaciones \"Maria Saleme de Burnichon\""},"image":{"@id":"https:\/\/ffyh.unc.edu.ar\/ciffyh\/#\/schema\/logo\/image\/"},"sameAs":["https:\/\/www.instagram.com\/ciffyh\/"]},{"@type":"Person","@id":"https:\/\/ffyh.unc.edu.ar\/ciffyh\/#\/schema\/person\/136b8e7d00e5053aff43b3dc53e99bc0","name":"tecnicaciffyh","image":{"@type":"ImageObject","inLanguage":"es","@id":"https:\/\/ffyh.unc.edu.ar\/ciffyh\/#\/schema\/person\/image\/","url":"https:\/\/secure.gravatar.com\/avatar\/dce86f5e9bf49e3aa9e05e7ed5904a9112e25483e3c8f175eb93b2f53a67c2e4?s=96&d=mm&r=g","contentUrl":"https:\/\/secure.gravatar.com\/avatar\/dce86f5e9bf49e3aa9e05e7ed5904a9112e25483e3c8f175eb93b2f53a67c2e4?s=96&d=mm&r=g","caption":"tecnicaciffyh"},"url":"https:\/\/ffyh.unc.edu.ar\/ciffyh\/author\/tecnicaciffyh\/"}]}},"jetpack_featured_media_url":"https:\/\/ffyh.unc.edu.ar\/ciffyh\/wp-content\/uploads\/sites\/10\/2023\/12\/webgabi.jpg","_links":{"self":[{"href":"https:\/\/ffyh.unc.edu.ar\/ciffyh\/wp-json\/wp\/v2\/posts\/6990","targetHints":{"allow":["GET"]}}],"collection":[{"href":"https:\/\/ffyh.unc.edu.ar\/ciffyh\/wp-json\/wp\/v2\/posts"}],"about":[{"href":"https:\/\/ffyh.unc.edu.ar\/ciffyh\/wp-json\/wp\/v2\/types\/post"}],"author":[{"embeddable":true,"href":"https:\/\/ffyh.unc.edu.ar\/ciffyh\/wp-json\/wp\/v2\/users\/39"}],"replies":[{"embeddable":true,"href":"https:\/\/ffyh.unc.edu.ar\/ciffyh\/wp-json\/wp\/v2\/comments?post=6990"}],"version-history":[{"count":2,"href":"https:\/\/ffyh.unc.edu.ar\/ciffyh\/wp-json\/wp\/v2\/posts\/6990\/revisions"}],"predecessor-version":[{"id":7002,"href":"https:\/\/ffyh.unc.edu.ar\/ciffyh\/wp-json\/wp\/v2\/posts\/6990\/revisions\/7002"}],"wp:featuredmedia":[{"embeddable":true,"href":"https:\/\/ffyh.unc.edu.ar\/ciffyh\/wp-json\/wp\/v2\/media\/6996"}],"wp:attachment":[{"href":"https:\/\/ffyh.unc.edu.ar\/ciffyh\/wp-json\/wp\/v2\/media?parent=6990"}],"wp:term":[{"taxonomy":"category","embeddable":true,"href":"https:\/\/ffyh.unc.edu.ar\/ciffyh\/wp-json\/wp\/v2\/categories?post=6990"},{"taxonomy":"post_tag","embeddable":true,"href":"https:\/\/ffyh.unc.edu.ar\/ciffyh\/wp-json\/wp\/v2\/tags?post=6990"}],"curies":[{"name":"wp","href":"https:\/\/api.w.org\/{rel}","templated":true}]}}