{"id":7011,"date":"2023-12-20T14:54:20","date_gmt":"2023-12-20T14:54:20","guid":{"rendered":"https:\/\/ffyh.unc.edu.ar\/ciffyh\/?p=7011"},"modified":"2023-12-20T16:05:26","modified_gmt":"2023-12-20T16:05:26","slug":"nuevo-numero-de-la-revista-cuadernos-de-educacion-dossier-procesos-educativos-y-ampliacion-de-derechos-a-cuarenta-anos-de-la-recuperacion-democratica","status":"publish","type":"post","link":"https:\/\/ffyh.unc.edu.ar\/ciffyh\/nuevo-numero-de-la-revista-cuadernos-de-educacion-dossier-procesos-educativos-y-ampliacion-de-derechos-a-cuarenta-anos-de-la-recuperacion-democratica\/","title":{"rendered":"Nuevo n\u00famero de la revista Cuadernos de Educaci\u00f3n | Dossier: Procesos educativos y ampliaci\u00f3n de derechos, a cuarenta a\u00f1os de la recuperaci\u00f3n democr\u00e1tica"},"content":{"rendered":"<p><em>Ya se encuentra disponible el n\u00famero 22 de la revista digital <strong>Cuadernos de Educaci\u00f3n <\/strong>del \u00c1rea Educaci\u00f3n del Ciffyh,\u00a0cuyo dossier es: <a href=\"https:\/\/revistas.unc.edu.ar\/index.php\/Cuadernos\/issue\/view\/2841\" target=\"_blank\" rel=\"noopener\">Procesos educativos y ampliaci\u00f3n de derechos, a cuarenta a\u00f1os de la recuperaci\u00f3n democr\u00e1tica\u00a0<\/a><\/em><\/p>\n<p><!--more--><\/p>\n<p>Tal como expresa el Comit\u00e9 Editorial en la presentaci\u00f3n de este n\u00famero, <strong>Cuadernos de Educaci\u00f3n<\/strong> \u00abes una revista con larga trayectoria en el campo. En cada edici\u00f3n, re\u00fane voces de investigadoras e investigadores del \u00c1rea y de otras unidades acad\u00e9micas de diferentes puntos del pa\u00eds y Am\u00e9rica Latina que se proponen ampliar, enriquecer y profundizar los debates y la producci\u00f3n de conocimiento respecto a los desaf\u00edos contempor\u00e1neos que atraviesan los procesos educativos\u00bb.<\/p>\n<p>En el mismo texto, que el Comit\u00e9 titul\u00f3 <strong><em>Entre legados y nuevas apuestas<\/em><\/strong><em>,\u00a0<\/em>se hace hincapi\u00e9 en el proceso en que se encuentra la publicaci\u00f3n\u00a0 que, a la vez que recupera sus lineamientos hist\u00f3ricos, asume nuevos desaf\u00edos para potenciar la visibilidad y calidad acad\u00e9mica: \u00abEntre otras apuestas, conformamos un nuevo Comit\u00e9 Editorial, se renov\u00f3 el Comit\u00e9 Cient\u00edfico y se modificaron los modos de recepci\u00f3n y evaluaci\u00f3n de las contribuciones, iniciando un proceso de ampliaci\u00f3n de indexaciones. Nos gusta pensar que nuestra revista, al tiempo que se postula y avanza en definir requerimientos acad\u00e9micos fundamentales, puede reconocerse en las mismas apuestas pol\u00edticas, \u00e9ticas y militantes que marcan su historia. Asumimos as\u00ed esta publicaci\u00f3n como una construcci\u00f3n colectiva que nos une en objetivos compartidos\u00bb.<\/p>\n<p>Esta edici\u00f3n cuenta con ocho art\u00edculos de los cuales seis forman parte del dossier y dos rese\u00f1as:<\/p>\n<p class=\"media-heading\"><a href=\"https:\/\/revistas.unc.edu.ar\/index.php\/Cuadernos\/article\/view\/43777\" target=\"_blank\" rel=\"noopener\">Escuela y violencia<\/a><\/p>\n<p class=\"media-heading\">de <em>Alfredo Furl\u00e1n <\/em>y<em> Miguel Francisco del \u00c1ngel Ortega<\/em><\/p>\n<p class=\"media-heading\"><a href=\"https:\/\/revistas.unc.edu.ar\/index.php\/Cuadernos\/article\/view\/43778\" target=\"_blank\" rel=\"noopener\">J\u00f3venes que investigan. Una experiencia de investigaci\u00f3n colaborativa<\/a><\/p>\n<div class=\"meta\">\n<p class=\"authors\">de <em>Gabriela P\u00e9rez Machado<\/em>, <em>Pablo Gatti Ballestero<\/em>, <em>Marcelo Morales Pignatta<\/em> y <em>Cecilia Pereda Bartesaghi<\/em><\/p>\n<\/div>\n<p>&nbsp;<\/p>\n<h4><strong>Dossier:<\/strong> <em>Procesos educativos y ampliaci\u00f3n de derechos, a cuarenta a\u00f1os de la recuperaci\u00f3n democr\u00e1tica\u00a0<\/em><\/h4>\n<div class=\"meta\">\n<p class=\"media-heading\"><a href=\"https:\/\/revistas.unc.edu.ar\/index.php\/Cuadernos\/article\/view\/43780\" target=\"_blank\" rel=\"noopener\">El derecho a la educaci\u00f3n a lo largo de la vida: hallazgos y desaf\u00edos en territorios populares<\/a><\/p>\n<div class=\"meta\">\n<p class=\"authors\">de <em>Sandra Mabel Llosa<\/em>, <em>Alejandra Stein<\/em>, <em>Juan Pablo Casta\u00f1eda Ag\u00fcero<\/em> y <em>Noelia Oshiro<\/em><\/p>\n<p class=\"media-heading\"><a href=\"https:\/\/revistas.unc.edu.ar\/index.php\/Cuadernos\/article\/view\/43781\" target=\"_blank\" rel=\"noopener\">Inasistencias y justificaciones en el r\u00e9gimen acad\u00e9mico de las escuelas secundarias cordobesas: entre puniciones e inclusiones<\/a><\/p>\n<div class=\"meta\">\n<p class=\"authors\">\u00a0de <em>Andrea Graciela Martino<\/em><\/p>\n<p class=\"media-heading\"><a href=\"https:\/\/revistas.unc.edu.ar\/index.php\/Cuadernos\/article\/view\/43782\" target=\"_blank\" rel=\"noopener\">Debates en torno a las pol\u00edticas de acompa\u00f1amiento estudiantil y la inclusi\u00f3n en la universidad argentina<\/a><\/p>\n<div class=\"meta\">\n<p class=\"authors\">de <em>Mar\u00eda Luz Prados<\/em>, <em>Mar\u00eda Isabel Pozzo<\/em> y <em>Mar\u00eda Paula Pierella<\/em><\/p>\n<p class=\"media-heading\"><a href=\"https:\/\/revistas.unc.edu.ar\/index.php\/Cuadernos\/article\/view\/43783\" target=\"_blank\" rel=\"noopener\">Pol\u00edticas de ingreso a la universidad, a 40 a\u00f1os del retorno a la democracia y al cogobierno<\/a><\/p>\n<div class=\"meta\">\n<p class=\"authors\">de <em>Leandro Inchauspe<\/em><\/p>\n<p class=\"media-heading\"><a href=\"https:\/\/revistas.unc.edu.ar\/index.php\/Cuadernos\/article\/view\/43784\" target=\"_blank\" rel=\"noopener\">Sostener trayectorias escolares de nivel primario: articulaciones locales entre familias, apoyos escolares y escuelas en un barrio popular de la CABA<\/a><\/p>\n<div class=\"meta\">\n<p class=\"authors\">de <em>Serena Aylen Santos<\/em><\/p>\n<p class=\"media-heading\"><a href=\"https:\/\/revistas.unc.edu.ar\/index.php\/Cuadernos\/article\/view\/43785\" target=\"_blank\" rel=\"noopener\">Los derechos de las infancias en el Profesorado de Educaci\u00f3n Primaria de R\u00edo Negro<\/a><\/p>\n<div class=\"meta\">\n<p class=\"authors\">de <em>Julieta Elizabeth Santos<\/em><\/p>\n<\/div>\n<h4><strong>Rese\u00f1as<\/strong><\/h4>\n<p class=\"media-heading\"><a href=\"https:\/\/revistas.unc.edu.ar\/index.php\/Cuadernos\/article\/view\/43787\" target=\"_blank\" rel=\"noopener\">La investigaci\u00f3n en educaci\u00f3n: debates, aportes y reflexiones<\/a><\/p>\n<div class=\"meta\">\n<p class=\"authors\">de <em>Melisa Cuschnir<\/em> y<em> Luc\u00eda Beltramino<\/em><\/p>\n<p class=\"media-heading\"><a href=\"https:\/\/revistas.unc.edu.ar\/index.php\/Cuadernos\/article\/view\/43788\" target=\"_blank\" rel=\"noopener\">Habitar las instituciones. Sujetos y escenarios<\/a><\/p>\n<div class=\"meta\">\n<p class=\"authors\">de <em>Susana Ferreyra<\/em><\/p>\n<\/div>\n<\/div>\n<\/div>\n<\/div>\n<\/div>\n<\/div>\n<\/div>\n<\/div>\n<p><img fetchpriority=\"high\" decoding=\"async\" class=\"alignnone size-full wp-image-7013\" src=\"http:\/\/ffyh.unc.edu.ar\/ciffyh\/wp-content\/uploads\/sites\/10\/2023\/12\/tapa-cuadernos-de-educacion.jpg\" alt=\"\" width=\"600\" height=\"849\" srcset=\"https:\/\/ffyh.unc.edu.ar\/ciffyh\/wp-content\/uploads\/sites\/10\/2023\/12\/tapa-cuadernos-de-educacion.jpg 600w, https:\/\/ffyh.unc.edu.ar\/ciffyh\/wp-content\/uploads\/sites\/10\/2023\/12\/tapa-cuadernos-de-educacion-212x300.jpg 212w\" sizes=\"(max-width: 600px) 100vw, 600px\" \/><\/p>\n<p>&nbsp;<\/p>\n<p>&nbsp;<\/p>\n<p>&nbsp;<\/p>\n<p>&nbsp;<\/p>\n","protected":false},"excerpt":{"rendered":"<p>Ya se encuentra disponible el n\u00famero 22 de la revista digital Cuadernos de Educaci\u00f3n del \u00c1rea Educaci\u00f3n del Ciffyh,\u00a0cuyo dossier<\/p>\n","protected":false},"author":39,"featured_media":7012,"comment_status":"closed","ping_status":"closed","sticky":false,"template":"","format":"standard","meta":{"_acf_changed":false,"colormag_page_container_layout":"default_layout","colormag_page_sidebar_layout":"default_layout","footnotes":""},"categories":[51,8,45],"tags":[],"class_list":["post-7011","post","type-post","status-publish","format-standard","has-post-thumbnail","hentry","category-educacion","category-noticias","category-nuestras-revistas"],"acf":[],"yoast_head":"<!-- This site is optimized with the Yoast SEO plugin v27.1.1 - https:\/\/yoast.com\/product\/yoast-seo-wordpress\/ -->\n<title>Nuevo n\u00famero de la revista Cuadernos de Educaci\u00f3n | Dossier: Procesos educativos y ampliaci\u00f3n de derechos, a cuarenta a\u00f1os de la recuperaci\u00f3n democr\u00e1tica - Centro de Investigaciones &quot;Maria Saleme de Burnichon&quot;<\/title>\n<meta name=\"robots\" content=\"index, follow, max-snippet:-1, max-image-preview:large, max-video-preview:-1\" \/>\n<link rel=\"canonical\" href=\"https:\/\/ffyh.unc.edu.ar\/ciffyh\/nuevo-numero-de-la-revista-cuadernos-de-educacion-dossier-procesos-educativos-y-ampliacion-de-derechos-a-cuarenta-anos-de-la-recuperacion-democratica\/\" \/>\n<meta property=\"og:locale\" content=\"es_ES\" \/>\n<meta property=\"og:type\" content=\"article\" \/>\n<meta property=\"og:title\" content=\"Nuevo n\u00famero de la revista Cuadernos de Educaci\u00f3n | Dossier: Procesos educativos y ampliaci\u00f3n de derechos, a cuarenta a\u00f1os de la recuperaci\u00f3n democr\u00e1tica - Centro de Investigaciones &quot;Maria Saleme de Burnichon&quot;\" \/>\n<meta property=\"og:description\" content=\"Ya se encuentra disponible el n\u00famero 22 de la revista digital Cuadernos de Educaci\u00f3n del \u00c1rea Educaci\u00f3n del Ciffyh,\u00a0cuyo dossier\" \/>\n<meta property=\"og:url\" content=\"https:\/\/ffyh.unc.edu.ar\/ciffyh\/nuevo-numero-de-la-revista-cuadernos-de-educacion-dossier-procesos-educativos-y-ampliacion-de-derechos-a-cuarenta-anos-de-la-recuperacion-democratica\/\" \/>\n<meta property=\"og:site_name\" content=\"Centro de Investigaciones &quot;Maria Saleme de Burnichon&quot;\" \/>\n<meta property=\"article:published_time\" content=\"2023-12-20T14:54:20+00:00\" \/>\n<meta property=\"article:modified_time\" content=\"2023-12-20T16:05:26+00:00\" \/>\n<meta property=\"og:image\" content=\"http:\/\/ffyh.unc.edu.ar\/ciffyh\/wp-content\/uploads\/sites\/10\/2023\/12\/portada-web-cuadernos-de-educ.jpg\" \/>\n\t<meta property=\"og:image:width\" content=\"800\" \/>\n\t<meta property=\"og:image:height\" content=\"353\" \/>\n\t<meta property=\"og:image:type\" content=\"image\/jpeg\" \/>\n<meta name=\"author\" content=\"tecnicaciffyh\" \/>\n<meta name=\"twitter:card\" content=\"summary_large_image\" \/>\n<meta name=\"twitter:label1\" content=\"Escrito por\" \/>\n\t<meta name=\"twitter:data1\" content=\"\" \/>\n\t<meta name=\"twitter:label2\" content=\"Tiempo de lectura\" \/>\n\t<meta name=\"twitter:data2\" content=\"3 minutos\" \/>\n<script type=\"application\/ld+json\" class=\"yoast-schema-graph\">{\"@context\":\"https:\/\/schema.org\",\"@graph\":[{\"@type\":\"Article\",\"@id\":\"https:\/\/ffyh.unc.edu.ar\/ciffyh\/nuevo-numero-de-la-revista-cuadernos-de-educacion-dossier-procesos-educativos-y-ampliacion-de-derechos-a-cuarenta-anos-de-la-recuperacion-democratica\/#article\",\"isPartOf\":{\"@id\":\"https:\/\/ffyh.unc.edu.ar\/ciffyh\/nuevo-numero-de-la-revista-cuadernos-de-educacion-dossier-procesos-educativos-y-ampliacion-de-derechos-a-cuarenta-anos-de-la-recuperacion-democratica\/\"},\"author\":{\"name\":\"tecnicaciffyh\",\"@id\":\"https:\/\/ffyh.unc.edu.ar\/ciffyh\/#\/schema\/person\/136b8e7d00e5053aff43b3dc53e99bc0\"},\"headline\":\"Nuevo n\u00famero de la revista Cuadernos de Educaci\u00f3n | Dossier: Procesos educativos y ampliaci\u00f3n de derechos, a cuarenta a\u00f1os de la recuperaci\u00f3n democr\u00e1tica\",\"datePublished\":\"2023-12-20T14:54:20+00:00\",\"dateModified\":\"2023-12-20T16:05:26+00:00\",\"mainEntityOfPage\":{\"@id\":\"https:\/\/ffyh.unc.edu.ar\/ciffyh\/nuevo-numero-de-la-revista-cuadernos-de-educacion-dossier-procesos-educativos-y-ampliacion-de-derechos-a-cuarenta-anos-de-la-recuperacion-democratica\/\"},\"wordCount\":550,\"publisher\":{\"@id\":\"https:\/\/ffyh.unc.edu.ar\/ciffyh\/#organization\"},\"image\":{\"@id\":\"https:\/\/ffyh.unc.edu.ar\/ciffyh\/nuevo-numero-de-la-revista-cuadernos-de-educacion-dossier-procesos-educativos-y-ampliacion-de-derechos-a-cuarenta-anos-de-la-recuperacion-democratica\/#primaryimage\"},\"thumbnailUrl\":\"https:\/\/ffyh.unc.edu.ar\/ciffyh\/wp-content\/uploads\/sites\/10\/2023\/12\/portada-web-cuadernos-de-educ.jpg\",\"articleSection\":[\"\u00c1rea Educaci\u00f3n\",\"Noticias\",\"Nuestras Revistas\"],\"inLanguage\":\"es\"},{\"@type\":\"WebPage\",\"@id\":\"https:\/\/ffyh.unc.edu.ar\/ciffyh\/nuevo-numero-de-la-revista-cuadernos-de-educacion-dossier-procesos-educativos-y-ampliacion-de-derechos-a-cuarenta-anos-de-la-recuperacion-democratica\/\",\"url\":\"https:\/\/ffyh.unc.edu.ar\/ciffyh\/nuevo-numero-de-la-revista-cuadernos-de-educacion-dossier-procesos-educativos-y-ampliacion-de-derechos-a-cuarenta-anos-de-la-recuperacion-democratica\/\",\"name\":\"Nuevo n\u00famero de la revista Cuadernos de Educaci\u00f3n | Dossier: Procesos educativos y ampliaci\u00f3n de derechos, a cuarenta a\u00f1os de la recuperaci\u00f3n democr\u00e1tica - Centro de Investigaciones &quot;Maria Saleme de Burnichon&quot;\",\"isPartOf\":{\"@id\":\"https:\/\/ffyh.unc.edu.ar\/ciffyh\/#website\"},\"primaryImageOfPage\":{\"@id\":\"https:\/\/ffyh.unc.edu.ar\/ciffyh\/nuevo-numero-de-la-revista-cuadernos-de-educacion-dossier-procesos-educativos-y-ampliacion-de-derechos-a-cuarenta-anos-de-la-recuperacion-democratica\/#primaryimage\"},\"image\":{\"@id\":\"https:\/\/ffyh.unc.edu.ar\/ciffyh\/nuevo-numero-de-la-revista-cuadernos-de-educacion-dossier-procesos-educativos-y-ampliacion-de-derechos-a-cuarenta-anos-de-la-recuperacion-democratica\/#primaryimage\"},\"thumbnailUrl\":\"https:\/\/ffyh.unc.edu.ar\/ciffyh\/wp-content\/uploads\/sites\/10\/2023\/12\/portada-web-cuadernos-de-educ.jpg\",\"datePublished\":\"2023-12-20T14:54:20+00:00\",\"dateModified\":\"2023-12-20T16:05:26+00:00\",\"breadcrumb\":{\"@id\":\"https:\/\/ffyh.unc.edu.ar\/ciffyh\/nuevo-numero-de-la-revista-cuadernos-de-educacion-dossier-procesos-educativos-y-ampliacion-de-derechos-a-cuarenta-anos-de-la-recuperacion-democratica\/#breadcrumb\"},\"inLanguage\":\"es\",\"potentialAction\":[{\"@type\":\"ReadAction\",\"target\":[\"https:\/\/ffyh.unc.edu.ar\/ciffyh\/nuevo-numero-de-la-revista-cuadernos-de-educacion-dossier-procesos-educativos-y-ampliacion-de-derechos-a-cuarenta-anos-de-la-recuperacion-democratica\/\"]}]},{\"@type\":\"ImageObject\",\"inLanguage\":\"es\",\"@id\":\"https:\/\/ffyh.unc.edu.ar\/ciffyh\/nuevo-numero-de-la-revista-cuadernos-de-educacion-dossier-procesos-educativos-y-ampliacion-de-derechos-a-cuarenta-anos-de-la-recuperacion-democratica\/#primaryimage\",\"url\":\"https:\/\/ffyh.unc.edu.ar\/ciffyh\/wp-content\/uploads\/sites\/10\/2023\/12\/portada-web-cuadernos-de-educ.jpg\",\"contentUrl\":\"https:\/\/ffyh.unc.edu.ar\/ciffyh\/wp-content\/uploads\/sites\/10\/2023\/12\/portada-web-cuadernos-de-educ.jpg\",\"width\":800,\"height\":353},{\"@type\":\"BreadcrumbList\",\"@id\":\"https:\/\/ffyh.unc.edu.ar\/ciffyh\/nuevo-numero-de-la-revista-cuadernos-de-educacion-dossier-procesos-educativos-y-ampliacion-de-derechos-a-cuarenta-anos-de-la-recuperacion-democratica\/#breadcrumb\",\"itemListElement\":[{\"@type\":\"ListItem\",\"position\":1,\"name\":\"Portada\",\"item\":\"https:\/\/ffyh.unc.edu.ar\/ciffyh\/\"},{\"@type\":\"ListItem\",\"position\":2,\"name\":\"Nuevo n\u00famero de la revista Cuadernos de Educaci\u00f3n | Dossier: Procesos educativos y ampliaci\u00f3n de derechos, a cuarenta a\u00f1os de la recuperaci\u00f3n democr\u00e1tica\"}]},{\"@type\":\"WebSite\",\"@id\":\"https:\/\/ffyh.unc.edu.ar\/ciffyh\/#website\",\"url\":\"https:\/\/ffyh.unc.edu.ar\/ciffyh\/\",\"name\":\"Centro de Investigaciones \\\"Maria Saleme de Burnichon\\\"\",\"description\":\"Facultad de Filosof\u00eda y Humanidades | UNC\",\"publisher\":{\"@id\":\"https:\/\/ffyh.unc.edu.ar\/ciffyh\/#organization\"},\"potentialAction\":[{\"@type\":\"SearchAction\",\"target\":{\"@type\":\"EntryPoint\",\"urlTemplate\":\"https:\/\/ffyh.unc.edu.ar\/ciffyh\/?s={search_term_string}\"},\"query-input\":{\"@type\":\"PropertyValueSpecification\",\"valueRequired\":true,\"valueName\":\"search_term_string\"}}],\"inLanguage\":\"es\"},{\"@type\":\"Organization\",\"@id\":\"https:\/\/ffyh.unc.edu.ar\/ciffyh\/#organization\",\"name\":\"Centro de Investigaciones \\\"Maria Saleme de Burnichon\\\"\",\"url\":\"https:\/\/ffyh.unc.edu.ar\/ciffyh\/\",\"logo\":{\"@type\":\"ImageObject\",\"inLanguage\":\"es\",\"@id\":\"https:\/\/ffyh.unc.edu.ar\/ciffyh\/#\/schema\/logo\/image\/\",\"url\":\"https:\/\/ffyh.unc.edu.ar\/ciffyh\/wp-content\/uploads\/sites\/10\/2018\/02\/cropped-logo-ciffyh-ico.png\",\"contentUrl\":\"https:\/\/ffyh.unc.edu.ar\/ciffyh\/wp-content\/uploads\/sites\/10\/2018\/02\/cropped-logo-ciffyh-ico.png\",\"width\":512,\"height\":512,\"caption\":\"Centro de Investigaciones \\\"Maria Saleme de Burnichon\\\"\"},\"image\":{\"@id\":\"https:\/\/ffyh.unc.edu.ar\/ciffyh\/#\/schema\/logo\/image\/\"},\"sameAs\":[\"https:\/\/www.instagram.com\/ciffyh\/\"]},{\"@type\":\"Person\",\"@id\":\"https:\/\/ffyh.unc.edu.ar\/ciffyh\/#\/schema\/person\/136b8e7d00e5053aff43b3dc53e99bc0\",\"name\":\"tecnicaciffyh\",\"image\":{\"@type\":\"ImageObject\",\"inLanguage\":\"es\",\"@id\":\"https:\/\/ffyh.unc.edu.ar\/ciffyh\/#\/schema\/person\/image\/\",\"url\":\"https:\/\/secure.gravatar.com\/avatar\/dce86f5e9bf49e3aa9e05e7ed5904a9112e25483e3c8f175eb93b2f53a67c2e4?s=96&d=mm&r=g\",\"contentUrl\":\"https:\/\/secure.gravatar.com\/avatar\/dce86f5e9bf49e3aa9e05e7ed5904a9112e25483e3c8f175eb93b2f53a67c2e4?s=96&d=mm&r=g\",\"caption\":\"tecnicaciffyh\"},\"url\":\"https:\/\/ffyh.unc.edu.ar\/ciffyh\/author\/tecnicaciffyh\/\"}]}<\/script>\n<!-- \/ Yoast SEO plugin. -->","yoast_head_json":{"title":"Nuevo n\u00famero de la revista Cuadernos de Educaci\u00f3n | Dossier: Procesos educativos y ampliaci\u00f3n de derechos, a cuarenta a\u00f1os de la recuperaci\u00f3n democr\u00e1tica - Centro de Investigaciones &quot;Maria Saleme de Burnichon&quot;","robots":{"index":"index","follow":"follow","max-snippet":"max-snippet:-1","max-image-preview":"max-image-preview:large","max-video-preview":"max-video-preview:-1"},"canonical":"https:\/\/ffyh.unc.edu.ar\/ciffyh\/nuevo-numero-de-la-revista-cuadernos-de-educacion-dossier-procesos-educativos-y-ampliacion-de-derechos-a-cuarenta-anos-de-la-recuperacion-democratica\/","og_locale":"es_ES","og_type":"article","og_title":"Nuevo n\u00famero de la revista Cuadernos de Educaci\u00f3n | Dossier: Procesos educativos y ampliaci\u00f3n de derechos, a cuarenta a\u00f1os de la recuperaci\u00f3n democr\u00e1tica - Centro de Investigaciones &quot;Maria Saleme de Burnichon&quot;","og_description":"Ya se encuentra disponible el n\u00famero 22 de la revista digital Cuadernos de Educaci\u00f3n del \u00c1rea Educaci\u00f3n del Ciffyh,\u00a0cuyo dossier","og_url":"https:\/\/ffyh.unc.edu.ar\/ciffyh\/nuevo-numero-de-la-revista-cuadernos-de-educacion-dossier-procesos-educativos-y-ampliacion-de-derechos-a-cuarenta-anos-de-la-recuperacion-democratica\/","og_site_name":"Centro de Investigaciones &quot;Maria Saleme de Burnichon&quot;","article_published_time":"2023-12-20T14:54:20+00:00","article_modified_time":"2023-12-20T16:05:26+00:00","og_image":[{"width":800,"height":353,"url":"http:\/\/ffyh.unc.edu.ar\/ciffyh\/wp-content\/uploads\/sites\/10\/2023\/12\/portada-web-cuadernos-de-educ.jpg","type":"image\/jpeg"}],"author":"tecnicaciffyh","twitter_card":"summary_large_image","twitter_misc":{"Escrito por":false,"Tiempo de lectura":"3 minutos"},"schema":{"@context":"https:\/\/schema.org","@graph":[{"@type":"Article","@id":"https:\/\/ffyh.unc.edu.ar\/ciffyh\/nuevo-numero-de-la-revista-cuadernos-de-educacion-dossier-procesos-educativos-y-ampliacion-de-derechos-a-cuarenta-anos-de-la-recuperacion-democratica\/#article","isPartOf":{"@id":"https:\/\/ffyh.unc.edu.ar\/ciffyh\/nuevo-numero-de-la-revista-cuadernos-de-educacion-dossier-procesos-educativos-y-ampliacion-de-derechos-a-cuarenta-anos-de-la-recuperacion-democratica\/"},"author":{"name":"tecnicaciffyh","@id":"https:\/\/ffyh.unc.edu.ar\/ciffyh\/#\/schema\/person\/136b8e7d00e5053aff43b3dc53e99bc0"},"headline":"Nuevo n\u00famero de la revista Cuadernos de Educaci\u00f3n | Dossier: Procesos educativos y ampliaci\u00f3n de derechos, a cuarenta a\u00f1os de la recuperaci\u00f3n democr\u00e1tica","datePublished":"2023-12-20T14:54:20+00:00","dateModified":"2023-12-20T16:05:26+00:00","mainEntityOfPage":{"@id":"https:\/\/ffyh.unc.edu.ar\/ciffyh\/nuevo-numero-de-la-revista-cuadernos-de-educacion-dossier-procesos-educativos-y-ampliacion-de-derechos-a-cuarenta-anos-de-la-recuperacion-democratica\/"},"wordCount":550,"publisher":{"@id":"https:\/\/ffyh.unc.edu.ar\/ciffyh\/#organization"},"image":{"@id":"https:\/\/ffyh.unc.edu.ar\/ciffyh\/nuevo-numero-de-la-revista-cuadernos-de-educacion-dossier-procesos-educativos-y-ampliacion-de-derechos-a-cuarenta-anos-de-la-recuperacion-democratica\/#primaryimage"},"thumbnailUrl":"https:\/\/ffyh.unc.edu.ar\/ciffyh\/wp-content\/uploads\/sites\/10\/2023\/12\/portada-web-cuadernos-de-educ.jpg","articleSection":["\u00c1rea Educaci\u00f3n","Noticias","Nuestras Revistas"],"inLanguage":"es"},{"@type":"WebPage","@id":"https:\/\/ffyh.unc.edu.ar\/ciffyh\/nuevo-numero-de-la-revista-cuadernos-de-educacion-dossier-procesos-educativos-y-ampliacion-de-derechos-a-cuarenta-anos-de-la-recuperacion-democratica\/","url":"https:\/\/ffyh.unc.edu.ar\/ciffyh\/nuevo-numero-de-la-revista-cuadernos-de-educacion-dossier-procesos-educativos-y-ampliacion-de-derechos-a-cuarenta-anos-de-la-recuperacion-democratica\/","name":"Nuevo n\u00famero de la revista Cuadernos de Educaci\u00f3n | Dossier: Procesos educativos y ampliaci\u00f3n de derechos, a cuarenta a\u00f1os de la recuperaci\u00f3n democr\u00e1tica - Centro de Investigaciones &quot;Maria Saleme de Burnichon&quot;","isPartOf":{"@id":"https:\/\/ffyh.unc.edu.ar\/ciffyh\/#website"},"primaryImageOfPage":{"@id":"https:\/\/ffyh.unc.edu.ar\/ciffyh\/nuevo-numero-de-la-revista-cuadernos-de-educacion-dossier-procesos-educativos-y-ampliacion-de-derechos-a-cuarenta-anos-de-la-recuperacion-democratica\/#primaryimage"},"image":{"@id":"https:\/\/ffyh.unc.edu.ar\/ciffyh\/nuevo-numero-de-la-revista-cuadernos-de-educacion-dossier-procesos-educativos-y-ampliacion-de-derechos-a-cuarenta-anos-de-la-recuperacion-democratica\/#primaryimage"},"thumbnailUrl":"https:\/\/ffyh.unc.edu.ar\/ciffyh\/wp-content\/uploads\/sites\/10\/2023\/12\/portada-web-cuadernos-de-educ.jpg","datePublished":"2023-12-20T14:54:20+00:00","dateModified":"2023-12-20T16:05:26+00:00","breadcrumb":{"@id":"https:\/\/ffyh.unc.edu.ar\/ciffyh\/nuevo-numero-de-la-revista-cuadernos-de-educacion-dossier-procesos-educativos-y-ampliacion-de-derechos-a-cuarenta-anos-de-la-recuperacion-democratica\/#breadcrumb"},"inLanguage":"es","potentialAction":[{"@type":"ReadAction","target":["https:\/\/ffyh.unc.edu.ar\/ciffyh\/nuevo-numero-de-la-revista-cuadernos-de-educacion-dossier-procesos-educativos-y-ampliacion-de-derechos-a-cuarenta-anos-de-la-recuperacion-democratica\/"]}]},{"@type":"ImageObject","inLanguage":"es","@id":"https:\/\/ffyh.unc.edu.ar\/ciffyh\/nuevo-numero-de-la-revista-cuadernos-de-educacion-dossier-procesos-educativos-y-ampliacion-de-derechos-a-cuarenta-anos-de-la-recuperacion-democratica\/#primaryimage","url":"https:\/\/ffyh.unc.edu.ar\/ciffyh\/wp-content\/uploads\/sites\/10\/2023\/12\/portada-web-cuadernos-de-educ.jpg","contentUrl":"https:\/\/ffyh.unc.edu.ar\/ciffyh\/wp-content\/uploads\/sites\/10\/2023\/12\/portada-web-cuadernos-de-educ.jpg","width":800,"height":353},{"@type":"BreadcrumbList","@id":"https:\/\/ffyh.unc.edu.ar\/ciffyh\/nuevo-numero-de-la-revista-cuadernos-de-educacion-dossier-procesos-educativos-y-ampliacion-de-derechos-a-cuarenta-anos-de-la-recuperacion-democratica\/#breadcrumb","itemListElement":[{"@type":"ListItem","position":1,"name":"Portada","item":"https:\/\/ffyh.unc.edu.ar\/ciffyh\/"},{"@type":"ListItem","position":2,"name":"Nuevo n\u00famero de la revista Cuadernos de Educaci\u00f3n | Dossier: Procesos educativos y ampliaci\u00f3n de derechos, a cuarenta a\u00f1os de la recuperaci\u00f3n democr\u00e1tica"}]},{"@type":"WebSite","@id":"https:\/\/ffyh.unc.edu.ar\/ciffyh\/#website","url":"https:\/\/ffyh.unc.edu.ar\/ciffyh\/","name":"Centro de Investigaciones \"Maria Saleme de Burnichon\"","description":"Facultad de Filosof\u00eda y Humanidades | UNC","publisher":{"@id":"https:\/\/ffyh.unc.edu.ar\/ciffyh\/#organization"},"potentialAction":[{"@type":"SearchAction","target":{"@type":"EntryPoint","urlTemplate":"https:\/\/ffyh.unc.edu.ar\/ciffyh\/?s={search_term_string}"},"query-input":{"@type":"PropertyValueSpecification","valueRequired":true,"valueName":"search_term_string"}}],"inLanguage":"es"},{"@type":"Organization","@id":"https:\/\/ffyh.unc.edu.ar\/ciffyh\/#organization","name":"Centro de Investigaciones \"Maria Saleme de Burnichon\"","url":"https:\/\/ffyh.unc.edu.ar\/ciffyh\/","logo":{"@type":"ImageObject","inLanguage":"es","@id":"https:\/\/ffyh.unc.edu.ar\/ciffyh\/#\/schema\/logo\/image\/","url":"https:\/\/ffyh.unc.edu.ar\/ciffyh\/wp-content\/uploads\/sites\/10\/2018\/02\/cropped-logo-ciffyh-ico.png","contentUrl":"https:\/\/ffyh.unc.edu.ar\/ciffyh\/wp-content\/uploads\/sites\/10\/2018\/02\/cropped-logo-ciffyh-ico.png","width":512,"height":512,"caption":"Centro de Investigaciones \"Maria Saleme de Burnichon\""},"image":{"@id":"https:\/\/ffyh.unc.edu.ar\/ciffyh\/#\/schema\/logo\/image\/"},"sameAs":["https:\/\/www.instagram.com\/ciffyh\/"]},{"@type":"Person","@id":"https:\/\/ffyh.unc.edu.ar\/ciffyh\/#\/schema\/person\/136b8e7d00e5053aff43b3dc53e99bc0","name":"tecnicaciffyh","image":{"@type":"ImageObject","inLanguage":"es","@id":"https:\/\/ffyh.unc.edu.ar\/ciffyh\/#\/schema\/person\/image\/","url":"https:\/\/secure.gravatar.com\/avatar\/dce86f5e9bf49e3aa9e05e7ed5904a9112e25483e3c8f175eb93b2f53a67c2e4?s=96&d=mm&r=g","contentUrl":"https:\/\/secure.gravatar.com\/avatar\/dce86f5e9bf49e3aa9e05e7ed5904a9112e25483e3c8f175eb93b2f53a67c2e4?s=96&d=mm&r=g","caption":"tecnicaciffyh"},"url":"https:\/\/ffyh.unc.edu.ar\/ciffyh\/author\/tecnicaciffyh\/"}]}},"jetpack_featured_media_url":"https:\/\/ffyh.unc.edu.ar\/ciffyh\/wp-content\/uploads\/sites\/10\/2023\/12\/portada-web-cuadernos-de-educ.jpg","_links":{"self":[{"href":"https:\/\/ffyh.unc.edu.ar\/ciffyh\/wp-json\/wp\/v2\/posts\/7011","targetHints":{"allow":["GET"]}}],"collection":[{"href":"https:\/\/ffyh.unc.edu.ar\/ciffyh\/wp-json\/wp\/v2\/posts"}],"about":[{"href":"https:\/\/ffyh.unc.edu.ar\/ciffyh\/wp-json\/wp\/v2\/types\/post"}],"author":[{"embeddable":true,"href":"https:\/\/ffyh.unc.edu.ar\/ciffyh\/wp-json\/wp\/v2\/users\/39"}],"replies":[{"embeddable":true,"href":"https:\/\/ffyh.unc.edu.ar\/ciffyh\/wp-json\/wp\/v2\/comments?post=7011"}],"version-history":[{"count":2,"href":"https:\/\/ffyh.unc.edu.ar\/ciffyh\/wp-json\/wp\/v2\/posts\/7011\/revisions"}],"predecessor-version":[{"id":7015,"href":"https:\/\/ffyh.unc.edu.ar\/ciffyh\/wp-json\/wp\/v2\/posts\/7011\/revisions\/7015"}],"wp:featuredmedia":[{"embeddable":true,"href":"https:\/\/ffyh.unc.edu.ar\/ciffyh\/wp-json\/wp\/v2\/media\/7012"}],"wp:attachment":[{"href":"https:\/\/ffyh.unc.edu.ar\/ciffyh\/wp-json\/wp\/v2\/media?parent=7011"}],"wp:term":[{"taxonomy":"category","embeddable":true,"href":"https:\/\/ffyh.unc.edu.ar\/ciffyh\/wp-json\/wp\/v2\/categories?post=7011"},{"taxonomy":"post_tag","embeddable":true,"href":"https:\/\/ffyh.unc.edu.ar\/ciffyh\/wp-json\/wp\/v2\/tags?post=7011"}],"curies":[{"name":"wp","href":"https:\/\/api.w.org\/{rel}","templated":true}]}}