{"id":7150,"date":"2024-08-19T11:00:49","date_gmt":"2024-08-19T11:00:49","guid":{"rendered":"https:\/\/ffyh.unc.edu.ar\/ciffyh\/?p=7150"},"modified":"2024-08-19T14:02:36","modified_gmt":"2024-08-19T14:02:36","slug":"jornadas-saul-a-taborda-entre-tradicion-y-modernidad-educacion-politica-y-cultura","status":"publish","type":"post","link":"https:\/\/ffyh.unc.edu.ar\/ciffyh\/jornadas-saul-a-taborda-entre-tradicion-y-modernidad-educacion-politica-y-cultura\/","title":{"rendered":"Pr\u00f3rroga para env\u00edo de propuestas | Jornadas Sa\u00fal A. Taborda. Entre tradici\u00f3n y modernidad | Educaci\u00f3n, pol\u00edtica y cultura"},"content":{"rendered":"<p><strong>Se desarrollar\u00e1n los d\u00edas 31 de octubre y 1 de noviembre en la Facultad de Filosof\u00eda y Humanidades de la UNC<\/strong><\/p>\n<p><span style=\"color: #ff0000\"><strong>Nueva fecha de recepci\u00f3n de trabajos: 16 de septiembre de 2024<\/strong><\/span><\/p>\n<p>Intelectual protag\u00f3nico del quehacer cultural y pol\u00edtico nacional durante la primera mitad del siglo XX, Sa\u00fal Alejandro Taborda leg\u00f3 una profusa obra escrita que paulatinamente se convirti\u00f3 en fuente de inquietud y est\u00edmulo intelectual para pedagogos, historiadores e investigadores de varios campos disciplinares. Inclinado hacia un pensamiento de s\u00edntesis entre tradici\u00f3n y modernidad, Taborda indag\u00f3 en los fundamentos de las instituciones de la Rep\u00fablica Argentina, tematiz\u00e1ndolos a la luz de los sedimentos y legados hist\u00f3rico-culturales que informaban la vida de sus habitantes.<\/p>\n<p>Las Jornadas Sa\u00fal A. Taborda se proponen revalorizar el pensamiento del autor de Investigaciones pedag\u00f3gicas, abord\u00e1ndolo en su diversidad, repercusi\u00f3n y proyecciones. Asimismo, se procura poner de relieve el caudal cr\u00edtico sobre su producci\u00f3n escrita, su trayectoria pol\u00edtico-intelectual y su labor institucional, examinando aportes, enfoques y alcances.<\/p>\n<p>Los trabajos se reciben hasta el 16 de septiembre en <a href=\"mailto:jornadastaborda2024@gmail.com\">jornadastaborda2024@gmail.com<\/a><\/p>\n<blockquote><p><a href=\"http:\/\/ffyh.unc.edu.ar\/ciffyh\/wp-content\/uploads\/sites\/10\/2024\/08\/2o-Circular-Jornadas-Taborda.pdf\" target=\"_blank\" rel=\"noopener\">Descargar segunda circular<\/a><\/p>\n<p><a href=\"http:\/\/ffyh.unc.edu.ar\/ciffyh\/wp-content\/uploads\/sites\/10\/2024\/04\/primera-circular_Saul-Taborda.pdf\" target=\"_blank\" rel=\"noopener\">Descargar primera circular<\/a><\/p><\/blockquote>\n<p>Consultas:\u00a0<a href=\"mailto:jornadastaborda2024@gmail.com\">jornadastaborda2024@gmail.com<\/a><\/p>\n<p><img fetchpriority=\"high\" decoding=\"async\" class=\"alignnone size-full wp-image-7404\" src=\"http:\/\/ffyh.unc.edu.ar\/ciffyh\/wp-content\/uploads\/sites\/10\/2024\/04\/Flyer_-prorroga-Taborda.jpeg\" alt=\"\" width=\"1600\" height=\"1600\" srcset=\"https:\/\/ffyh.unc.edu.ar\/ciffyh\/wp-content\/uploads\/sites\/10\/2024\/04\/Flyer_-prorroga-Taborda.jpeg 1600w, https:\/\/ffyh.unc.edu.ar\/ciffyh\/wp-content\/uploads\/sites\/10\/2024\/04\/Flyer_-prorroga-Taborda-300x300.jpeg 300w, https:\/\/ffyh.unc.edu.ar\/ciffyh\/wp-content\/uploads\/sites\/10\/2024\/04\/Flyer_-prorroga-Taborda-1024x1024.jpeg 1024w, https:\/\/ffyh.unc.edu.ar\/ciffyh\/wp-content\/uploads\/sites\/10\/2024\/04\/Flyer_-prorroga-Taborda-150x150.jpeg 150w, https:\/\/ffyh.unc.edu.ar\/ciffyh\/wp-content\/uploads\/sites\/10\/2024\/04\/Flyer_-prorroga-Taborda-768x768.jpeg 768w, https:\/\/ffyh.unc.edu.ar\/ciffyh\/wp-content\/uploads\/sites\/10\/2024\/04\/Flyer_-prorroga-Taborda-1536x1536.jpeg 1536w, https:\/\/ffyh.unc.edu.ar\/ciffyh\/wp-content\/uploads\/sites\/10\/2024\/04\/Flyer_-prorroga-Taborda-1320x1320.jpeg 1320w\" sizes=\"(max-width: 1600px) 100vw, 1600px\" \/><\/p>\n","protected":false},"excerpt":{"rendered":"<p>Se desarrollar\u00e1n los d\u00edas 31 de octubre y 1 de noviembre en la Facultad de Filosof\u00eda y Humanidades de la<\/p>\n","protected":false},"author":39,"featured_media":7404,"comment_status":"closed","ping_status":"closed","sticky":false,"template":"","format":"standard","meta":{"_acf_changed":false,"colormag_page_container_layout":"default_layout","colormag_page_sidebar_layout":"default_layout","footnotes":""},"categories":[51,7],"tags":[],"class_list":["post-7150","post","type-post","status-publish","format-standard","has-post-thumbnail","hentry","category-educacion","category-jornadas"],"acf":[],"yoast_head":"<!-- This site is optimized with the Yoast SEO plugin v27.1.1 - https:\/\/yoast.com\/product\/yoast-seo-wordpress\/ -->\n<title>Pr\u00f3rroga para env\u00edo de propuestas | Jornadas Sa\u00fal A. Taborda. Entre tradici\u00f3n y modernidad | Educaci\u00f3n, pol\u00edtica y cultura - Centro de Investigaciones &quot;Maria Saleme de Burnichon&quot;<\/title>\n<meta name=\"robots\" content=\"index, follow, max-snippet:-1, max-image-preview:large, max-video-preview:-1\" \/>\n<link rel=\"canonical\" href=\"https:\/\/ffyh.unc.edu.ar\/ciffyh\/jornadas-saul-a-taborda-entre-tradicion-y-modernidad-educacion-politica-y-cultura\/\" \/>\n<meta property=\"og:locale\" content=\"es_ES\" \/>\n<meta property=\"og:type\" content=\"article\" \/>\n<meta property=\"og:title\" content=\"Pr\u00f3rroga para env\u00edo de propuestas | Jornadas Sa\u00fal A. Taborda. Entre tradici\u00f3n y modernidad | Educaci\u00f3n, pol\u00edtica y cultura - Centro de Investigaciones &quot;Maria Saleme de Burnichon&quot;\" \/>\n<meta property=\"og:description\" content=\"Se desarrollar\u00e1n los d\u00edas 31 de octubre y 1 de noviembre en la Facultad de Filosof\u00eda y Humanidades de la\" \/>\n<meta property=\"og:url\" content=\"https:\/\/ffyh.unc.edu.ar\/ciffyh\/jornadas-saul-a-taborda-entre-tradicion-y-modernidad-educacion-politica-y-cultura\/\" \/>\n<meta property=\"og:site_name\" content=\"Centro de Investigaciones &quot;Maria Saleme de Burnichon&quot;\" \/>\n<meta property=\"article:published_time\" content=\"2024-08-19T11:00:49+00:00\" \/>\n<meta property=\"article:modified_time\" content=\"2024-08-19T14:02:36+00:00\" \/>\n<meta property=\"og:image\" content=\"http:\/\/ffyh.unc.edu.ar\/ciffyh\/wp-content\/uploads\/sites\/10\/2024\/04\/Flyer_-prorroga-Taborda.jpeg\" \/>\n\t<meta property=\"og:image:width\" content=\"1600\" \/>\n\t<meta property=\"og:image:height\" content=\"1600\" \/>\n\t<meta property=\"og:image:type\" content=\"image\/jpeg\" \/>\n<meta name=\"author\" content=\"tecnicaciffyh\" \/>\n<meta name=\"twitter:card\" content=\"summary_large_image\" \/>\n<meta name=\"twitter:label1\" content=\"Escrito por\" \/>\n\t<meta name=\"twitter:data1\" content=\"\" \/>\n\t<meta name=\"twitter:label2\" content=\"Tiempo de lectura\" \/>\n\t<meta name=\"twitter:data2\" content=\"2 minutos\" \/>\n<script type=\"application\/ld+json\" class=\"yoast-schema-graph\">{\"@context\":\"https:\/\/schema.org\",\"@graph\":[{\"@type\":\"Article\",\"@id\":\"https:\/\/ffyh.unc.edu.ar\/ciffyh\/jornadas-saul-a-taborda-entre-tradicion-y-modernidad-educacion-politica-y-cultura\/#article\",\"isPartOf\":{\"@id\":\"https:\/\/ffyh.unc.edu.ar\/ciffyh\/jornadas-saul-a-taborda-entre-tradicion-y-modernidad-educacion-politica-y-cultura\/\"},\"author\":{\"name\":\"tecnicaciffyh\",\"@id\":\"https:\/\/ffyh.unc.edu.ar\/ciffyh\/#\/schema\/person\/136b8e7d00e5053aff43b3dc53e99bc0\"},\"headline\":\"Pr\u00f3rroga para env\u00edo de propuestas | Jornadas Sa\u00fal A. Taborda. Entre tradici\u00f3n y modernidad | Educaci\u00f3n, pol\u00edtica y cultura\",\"datePublished\":\"2024-08-19T11:00:49+00:00\",\"dateModified\":\"2024-08-19T14:02:36+00:00\",\"mainEntityOfPage\":{\"@id\":\"https:\/\/ffyh.unc.edu.ar\/ciffyh\/jornadas-saul-a-taborda-entre-tradicion-y-modernidad-educacion-politica-y-cultura\/\"},\"wordCount\":222,\"publisher\":{\"@id\":\"https:\/\/ffyh.unc.edu.ar\/ciffyh\/#organization\"},\"image\":{\"@id\":\"https:\/\/ffyh.unc.edu.ar\/ciffyh\/jornadas-saul-a-taborda-entre-tradicion-y-modernidad-educacion-politica-y-cultura\/#primaryimage\"},\"thumbnailUrl\":\"https:\/\/ffyh.unc.edu.ar\/ciffyh\/wp-content\/uploads\/sites\/10\/2024\/04\/Flyer_-prorroga-Taborda.jpeg\",\"articleSection\":[\"\u00c1rea Educaci\u00f3n\",\"Jornadas\"],\"inLanguage\":\"es\"},{\"@type\":\"WebPage\",\"@id\":\"https:\/\/ffyh.unc.edu.ar\/ciffyh\/jornadas-saul-a-taborda-entre-tradicion-y-modernidad-educacion-politica-y-cultura\/\",\"url\":\"https:\/\/ffyh.unc.edu.ar\/ciffyh\/jornadas-saul-a-taborda-entre-tradicion-y-modernidad-educacion-politica-y-cultura\/\",\"name\":\"Pr\u00f3rroga para env\u00edo de propuestas | Jornadas Sa\u00fal A. Taborda. Entre tradici\u00f3n y modernidad | Educaci\u00f3n, pol\u00edtica y cultura - Centro de Investigaciones &quot;Maria Saleme de Burnichon&quot;\",\"isPartOf\":{\"@id\":\"https:\/\/ffyh.unc.edu.ar\/ciffyh\/#website\"},\"primaryImageOfPage\":{\"@id\":\"https:\/\/ffyh.unc.edu.ar\/ciffyh\/jornadas-saul-a-taborda-entre-tradicion-y-modernidad-educacion-politica-y-cultura\/#primaryimage\"},\"image\":{\"@id\":\"https:\/\/ffyh.unc.edu.ar\/ciffyh\/jornadas-saul-a-taborda-entre-tradicion-y-modernidad-educacion-politica-y-cultura\/#primaryimage\"},\"thumbnailUrl\":\"https:\/\/ffyh.unc.edu.ar\/ciffyh\/wp-content\/uploads\/sites\/10\/2024\/04\/Flyer_-prorroga-Taborda.jpeg\",\"datePublished\":\"2024-08-19T11:00:49+00:00\",\"dateModified\":\"2024-08-19T14:02:36+00:00\",\"breadcrumb\":{\"@id\":\"https:\/\/ffyh.unc.edu.ar\/ciffyh\/jornadas-saul-a-taborda-entre-tradicion-y-modernidad-educacion-politica-y-cultura\/#breadcrumb\"},\"inLanguage\":\"es\",\"potentialAction\":[{\"@type\":\"ReadAction\",\"target\":[\"https:\/\/ffyh.unc.edu.ar\/ciffyh\/jornadas-saul-a-taborda-entre-tradicion-y-modernidad-educacion-politica-y-cultura\/\"]}]},{\"@type\":\"ImageObject\",\"inLanguage\":\"es\",\"@id\":\"https:\/\/ffyh.unc.edu.ar\/ciffyh\/jornadas-saul-a-taborda-entre-tradicion-y-modernidad-educacion-politica-y-cultura\/#primaryimage\",\"url\":\"https:\/\/ffyh.unc.edu.ar\/ciffyh\/wp-content\/uploads\/sites\/10\/2024\/04\/Flyer_-prorroga-Taborda.jpeg\",\"contentUrl\":\"https:\/\/ffyh.unc.edu.ar\/ciffyh\/wp-content\/uploads\/sites\/10\/2024\/04\/Flyer_-prorroga-Taborda.jpeg\",\"width\":1600,\"height\":1600},{\"@type\":\"BreadcrumbList\",\"@id\":\"https:\/\/ffyh.unc.edu.ar\/ciffyh\/jornadas-saul-a-taborda-entre-tradicion-y-modernidad-educacion-politica-y-cultura\/#breadcrumb\",\"itemListElement\":[{\"@type\":\"ListItem\",\"position\":1,\"name\":\"Portada\",\"item\":\"https:\/\/ffyh.unc.edu.ar\/ciffyh\/\"},{\"@type\":\"ListItem\",\"position\":2,\"name\":\"Pr\u00f3rroga para env\u00edo de propuestas | Jornadas Sa\u00fal A. Taborda. Entre tradici\u00f3n y modernidad | Educaci\u00f3n, pol\u00edtica y cultura\"}]},{\"@type\":\"WebSite\",\"@id\":\"https:\/\/ffyh.unc.edu.ar\/ciffyh\/#website\",\"url\":\"https:\/\/ffyh.unc.edu.ar\/ciffyh\/\",\"name\":\"Centro de Investigaciones \\\"Maria Saleme de Burnichon\\\"\",\"description\":\"Facultad de Filosof\u00eda y Humanidades | UNC\",\"publisher\":{\"@id\":\"https:\/\/ffyh.unc.edu.ar\/ciffyh\/#organization\"},\"potentialAction\":[{\"@type\":\"SearchAction\",\"target\":{\"@type\":\"EntryPoint\",\"urlTemplate\":\"https:\/\/ffyh.unc.edu.ar\/ciffyh\/?s={search_term_string}\"},\"query-input\":{\"@type\":\"PropertyValueSpecification\",\"valueRequired\":true,\"valueName\":\"search_term_string\"}}],\"inLanguage\":\"es\"},{\"@type\":\"Organization\",\"@id\":\"https:\/\/ffyh.unc.edu.ar\/ciffyh\/#organization\",\"name\":\"Centro de Investigaciones \\\"Maria Saleme de Burnichon\\\"\",\"url\":\"https:\/\/ffyh.unc.edu.ar\/ciffyh\/\",\"logo\":{\"@type\":\"ImageObject\",\"inLanguage\":\"es\",\"@id\":\"https:\/\/ffyh.unc.edu.ar\/ciffyh\/#\/schema\/logo\/image\/\",\"url\":\"https:\/\/ffyh.unc.edu.ar\/ciffyh\/wp-content\/uploads\/sites\/10\/2018\/02\/cropped-logo-ciffyh-ico.png\",\"contentUrl\":\"https:\/\/ffyh.unc.edu.ar\/ciffyh\/wp-content\/uploads\/sites\/10\/2018\/02\/cropped-logo-ciffyh-ico.png\",\"width\":512,\"height\":512,\"caption\":\"Centro de Investigaciones \\\"Maria Saleme de Burnichon\\\"\"},\"image\":{\"@id\":\"https:\/\/ffyh.unc.edu.ar\/ciffyh\/#\/schema\/logo\/image\/\"},\"sameAs\":[\"https:\/\/www.instagram.com\/ciffyh\/\"]},{\"@type\":\"Person\",\"@id\":\"https:\/\/ffyh.unc.edu.ar\/ciffyh\/#\/schema\/person\/136b8e7d00e5053aff43b3dc53e99bc0\",\"name\":\"tecnicaciffyh\",\"image\":{\"@type\":\"ImageObject\",\"inLanguage\":\"es\",\"@id\":\"https:\/\/ffyh.unc.edu.ar\/ciffyh\/#\/schema\/person\/image\/\",\"url\":\"https:\/\/secure.gravatar.com\/avatar\/dce86f5e9bf49e3aa9e05e7ed5904a9112e25483e3c8f175eb93b2f53a67c2e4?s=96&d=mm&r=g\",\"contentUrl\":\"https:\/\/secure.gravatar.com\/avatar\/dce86f5e9bf49e3aa9e05e7ed5904a9112e25483e3c8f175eb93b2f53a67c2e4?s=96&d=mm&r=g\",\"caption\":\"tecnicaciffyh\"},\"url\":\"https:\/\/ffyh.unc.edu.ar\/ciffyh\/author\/tecnicaciffyh\/\"}]}<\/script>\n<!-- \/ Yoast SEO plugin. -->","yoast_head_json":{"title":"Pr\u00f3rroga para env\u00edo de propuestas | Jornadas Sa\u00fal A. Taborda. Entre tradici\u00f3n y modernidad | Educaci\u00f3n, pol\u00edtica y cultura - Centro de Investigaciones &quot;Maria Saleme de Burnichon&quot;","robots":{"index":"index","follow":"follow","max-snippet":"max-snippet:-1","max-image-preview":"max-image-preview:large","max-video-preview":"max-video-preview:-1"},"canonical":"https:\/\/ffyh.unc.edu.ar\/ciffyh\/jornadas-saul-a-taborda-entre-tradicion-y-modernidad-educacion-politica-y-cultura\/","og_locale":"es_ES","og_type":"article","og_title":"Pr\u00f3rroga para env\u00edo de propuestas | Jornadas Sa\u00fal A. Taborda. Entre tradici\u00f3n y modernidad | Educaci\u00f3n, pol\u00edtica y cultura - Centro de Investigaciones &quot;Maria Saleme de Burnichon&quot;","og_description":"Se desarrollar\u00e1n los d\u00edas 31 de octubre y 1 de noviembre en la Facultad de Filosof\u00eda y Humanidades de la","og_url":"https:\/\/ffyh.unc.edu.ar\/ciffyh\/jornadas-saul-a-taborda-entre-tradicion-y-modernidad-educacion-politica-y-cultura\/","og_site_name":"Centro de Investigaciones &quot;Maria Saleme de Burnichon&quot;","article_published_time":"2024-08-19T11:00:49+00:00","article_modified_time":"2024-08-19T14:02:36+00:00","og_image":[{"width":1600,"height":1600,"url":"http:\/\/ffyh.unc.edu.ar\/ciffyh\/wp-content\/uploads\/sites\/10\/2024\/04\/Flyer_-prorroga-Taborda.jpeg","type":"image\/jpeg"}],"author":"tecnicaciffyh","twitter_card":"summary_large_image","twitter_misc":{"Escrito por":false,"Tiempo de lectura":"2 minutos"},"schema":{"@context":"https:\/\/schema.org","@graph":[{"@type":"Article","@id":"https:\/\/ffyh.unc.edu.ar\/ciffyh\/jornadas-saul-a-taborda-entre-tradicion-y-modernidad-educacion-politica-y-cultura\/#article","isPartOf":{"@id":"https:\/\/ffyh.unc.edu.ar\/ciffyh\/jornadas-saul-a-taborda-entre-tradicion-y-modernidad-educacion-politica-y-cultura\/"},"author":{"name":"tecnicaciffyh","@id":"https:\/\/ffyh.unc.edu.ar\/ciffyh\/#\/schema\/person\/136b8e7d00e5053aff43b3dc53e99bc0"},"headline":"Pr\u00f3rroga para env\u00edo de propuestas | Jornadas Sa\u00fal A. Taborda. Entre tradici\u00f3n y modernidad | Educaci\u00f3n, pol\u00edtica y cultura","datePublished":"2024-08-19T11:00:49+00:00","dateModified":"2024-08-19T14:02:36+00:00","mainEntityOfPage":{"@id":"https:\/\/ffyh.unc.edu.ar\/ciffyh\/jornadas-saul-a-taborda-entre-tradicion-y-modernidad-educacion-politica-y-cultura\/"},"wordCount":222,"publisher":{"@id":"https:\/\/ffyh.unc.edu.ar\/ciffyh\/#organization"},"image":{"@id":"https:\/\/ffyh.unc.edu.ar\/ciffyh\/jornadas-saul-a-taborda-entre-tradicion-y-modernidad-educacion-politica-y-cultura\/#primaryimage"},"thumbnailUrl":"https:\/\/ffyh.unc.edu.ar\/ciffyh\/wp-content\/uploads\/sites\/10\/2024\/04\/Flyer_-prorroga-Taborda.jpeg","articleSection":["\u00c1rea Educaci\u00f3n","Jornadas"],"inLanguage":"es"},{"@type":"WebPage","@id":"https:\/\/ffyh.unc.edu.ar\/ciffyh\/jornadas-saul-a-taborda-entre-tradicion-y-modernidad-educacion-politica-y-cultura\/","url":"https:\/\/ffyh.unc.edu.ar\/ciffyh\/jornadas-saul-a-taborda-entre-tradicion-y-modernidad-educacion-politica-y-cultura\/","name":"Pr\u00f3rroga para env\u00edo de propuestas | Jornadas Sa\u00fal A. Taborda. Entre tradici\u00f3n y modernidad | Educaci\u00f3n, pol\u00edtica y cultura - Centro de Investigaciones &quot;Maria Saleme de Burnichon&quot;","isPartOf":{"@id":"https:\/\/ffyh.unc.edu.ar\/ciffyh\/#website"},"primaryImageOfPage":{"@id":"https:\/\/ffyh.unc.edu.ar\/ciffyh\/jornadas-saul-a-taborda-entre-tradicion-y-modernidad-educacion-politica-y-cultura\/#primaryimage"},"image":{"@id":"https:\/\/ffyh.unc.edu.ar\/ciffyh\/jornadas-saul-a-taborda-entre-tradicion-y-modernidad-educacion-politica-y-cultura\/#primaryimage"},"thumbnailUrl":"https:\/\/ffyh.unc.edu.ar\/ciffyh\/wp-content\/uploads\/sites\/10\/2024\/04\/Flyer_-prorroga-Taborda.jpeg","datePublished":"2024-08-19T11:00:49+00:00","dateModified":"2024-08-19T14:02:36+00:00","breadcrumb":{"@id":"https:\/\/ffyh.unc.edu.ar\/ciffyh\/jornadas-saul-a-taborda-entre-tradicion-y-modernidad-educacion-politica-y-cultura\/#breadcrumb"},"inLanguage":"es","potentialAction":[{"@type":"ReadAction","target":["https:\/\/ffyh.unc.edu.ar\/ciffyh\/jornadas-saul-a-taborda-entre-tradicion-y-modernidad-educacion-politica-y-cultura\/"]}]},{"@type":"ImageObject","inLanguage":"es","@id":"https:\/\/ffyh.unc.edu.ar\/ciffyh\/jornadas-saul-a-taborda-entre-tradicion-y-modernidad-educacion-politica-y-cultura\/#primaryimage","url":"https:\/\/ffyh.unc.edu.ar\/ciffyh\/wp-content\/uploads\/sites\/10\/2024\/04\/Flyer_-prorroga-Taborda.jpeg","contentUrl":"https:\/\/ffyh.unc.edu.ar\/ciffyh\/wp-content\/uploads\/sites\/10\/2024\/04\/Flyer_-prorroga-Taborda.jpeg","width":1600,"height":1600},{"@type":"BreadcrumbList","@id":"https:\/\/ffyh.unc.edu.ar\/ciffyh\/jornadas-saul-a-taborda-entre-tradicion-y-modernidad-educacion-politica-y-cultura\/#breadcrumb","itemListElement":[{"@type":"ListItem","position":1,"name":"Portada","item":"https:\/\/ffyh.unc.edu.ar\/ciffyh\/"},{"@type":"ListItem","position":2,"name":"Pr\u00f3rroga para env\u00edo de propuestas | Jornadas Sa\u00fal A. Taborda. Entre tradici\u00f3n y modernidad | Educaci\u00f3n, pol\u00edtica y cultura"}]},{"@type":"WebSite","@id":"https:\/\/ffyh.unc.edu.ar\/ciffyh\/#website","url":"https:\/\/ffyh.unc.edu.ar\/ciffyh\/","name":"Centro de Investigaciones \"Maria Saleme de Burnichon\"","description":"Facultad de Filosof\u00eda y Humanidades | UNC","publisher":{"@id":"https:\/\/ffyh.unc.edu.ar\/ciffyh\/#organization"},"potentialAction":[{"@type":"SearchAction","target":{"@type":"EntryPoint","urlTemplate":"https:\/\/ffyh.unc.edu.ar\/ciffyh\/?s={search_term_string}"},"query-input":{"@type":"PropertyValueSpecification","valueRequired":true,"valueName":"search_term_string"}}],"inLanguage":"es"},{"@type":"Organization","@id":"https:\/\/ffyh.unc.edu.ar\/ciffyh\/#organization","name":"Centro de Investigaciones \"Maria Saleme de Burnichon\"","url":"https:\/\/ffyh.unc.edu.ar\/ciffyh\/","logo":{"@type":"ImageObject","inLanguage":"es","@id":"https:\/\/ffyh.unc.edu.ar\/ciffyh\/#\/schema\/logo\/image\/","url":"https:\/\/ffyh.unc.edu.ar\/ciffyh\/wp-content\/uploads\/sites\/10\/2018\/02\/cropped-logo-ciffyh-ico.png","contentUrl":"https:\/\/ffyh.unc.edu.ar\/ciffyh\/wp-content\/uploads\/sites\/10\/2018\/02\/cropped-logo-ciffyh-ico.png","width":512,"height":512,"caption":"Centro de Investigaciones \"Maria Saleme de Burnichon\""},"image":{"@id":"https:\/\/ffyh.unc.edu.ar\/ciffyh\/#\/schema\/logo\/image\/"},"sameAs":["https:\/\/www.instagram.com\/ciffyh\/"]},{"@type":"Person","@id":"https:\/\/ffyh.unc.edu.ar\/ciffyh\/#\/schema\/person\/136b8e7d00e5053aff43b3dc53e99bc0","name":"tecnicaciffyh","image":{"@type":"ImageObject","inLanguage":"es","@id":"https:\/\/ffyh.unc.edu.ar\/ciffyh\/#\/schema\/person\/image\/","url":"https:\/\/secure.gravatar.com\/avatar\/dce86f5e9bf49e3aa9e05e7ed5904a9112e25483e3c8f175eb93b2f53a67c2e4?s=96&d=mm&r=g","contentUrl":"https:\/\/secure.gravatar.com\/avatar\/dce86f5e9bf49e3aa9e05e7ed5904a9112e25483e3c8f175eb93b2f53a67c2e4?s=96&d=mm&r=g","caption":"tecnicaciffyh"},"url":"https:\/\/ffyh.unc.edu.ar\/ciffyh\/author\/tecnicaciffyh\/"}]}},"jetpack_featured_media_url":"https:\/\/ffyh.unc.edu.ar\/ciffyh\/wp-content\/uploads\/sites\/10\/2024\/04\/Flyer_-prorroga-Taborda.jpeg","_links":{"self":[{"href":"https:\/\/ffyh.unc.edu.ar\/ciffyh\/wp-json\/wp\/v2\/posts\/7150","targetHints":{"allow":["GET"]}}],"collection":[{"href":"https:\/\/ffyh.unc.edu.ar\/ciffyh\/wp-json\/wp\/v2\/posts"}],"about":[{"href":"https:\/\/ffyh.unc.edu.ar\/ciffyh\/wp-json\/wp\/v2\/types\/post"}],"author":[{"embeddable":true,"href":"https:\/\/ffyh.unc.edu.ar\/ciffyh\/wp-json\/wp\/v2\/users\/39"}],"replies":[{"embeddable":true,"href":"https:\/\/ffyh.unc.edu.ar\/ciffyh\/wp-json\/wp\/v2\/comments?post=7150"}],"version-history":[{"count":5,"href":"https:\/\/ffyh.unc.edu.ar\/ciffyh\/wp-json\/wp\/v2\/posts\/7150\/revisions"}],"predecessor-version":[{"id":7407,"href":"https:\/\/ffyh.unc.edu.ar\/ciffyh\/wp-json\/wp\/v2\/posts\/7150\/revisions\/7407"}],"wp:featuredmedia":[{"embeddable":true,"href":"https:\/\/ffyh.unc.edu.ar\/ciffyh\/wp-json\/wp\/v2\/media\/7404"}],"wp:attachment":[{"href":"https:\/\/ffyh.unc.edu.ar\/ciffyh\/wp-json\/wp\/v2\/media?parent=7150"}],"wp:term":[{"taxonomy":"category","embeddable":true,"href":"https:\/\/ffyh.unc.edu.ar\/ciffyh\/wp-json\/wp\/v2\/categories?post=7150"},{"taxonomy":"post_tag","embeddable":true,"href":"https:\/\/ffyh.unc.edu.ar\/ciffyh\/wp-json\/wp\/v2\/tags?post=7150"}],"curies":[{"name":"wp","href":"https:\/\/api.w.org\/{rel}","templated":true}]}}