{"id":7381,"date":"2024-08-05T14:00:46","date_gmt":"2024-08-05T14:00:46","guid":{"rendered":"https:\/\/ffyh.unc.edu.ar\/ciffyh\/?p=7381"},"modified":"2024-08-05T17:56:45","modified_gmt":"2024-08-05T17:56:45","slug":"democratizar-el-presente-desafios-epistemicos-interpelaciones-politicas","status":"publish","type":"post","link":"https:\/\/ffyh.unc.edu.ar\/ciffyh\/democratizar-el-presente-desafios-epistemicos-interpelaciones-politicas\/","title":{"rendered":"Democratizar el presente: desaf\u00edos epist\u00e9micos, interpelaciones pol\u00edticas"},"content":{"rendered":"<p><strong>Del 24 al 26 de julio se desarroll\u00f3 el XII Encuentro Interdisciplinario de Ciencias Sociales y Humanas, organizado por el Centro de Investigaciones de la FFyH y el Instituto de Humanidades. Participaron numerosxs expositorxs y asistentes en los 43 simposios propuestos y se presentaron 690 ponencias.<\/strong><\/p>\n<p><!--more--><\/p>\n<p>Desde los equipos de investigaci\u00f3n radicados en el CIFFyH y el IDH (UNC-CONICET) se propuso en este XII Encuentro Interdisciplinario de Ciencias Sociales y Humanas brindar un espacio de reflexi\u00f3n, intercambio y comunicaci\u00f3n de saberes que se deje cuestionar por las necesidades culturales, pol\u00edticas y sociales de nuestro tiempo.<\/p>\n<p>\u201cAl cumplirse cuarenta a\u00f1os ininterrumpidos desde la recuperaci\u00f3n de la democracia resulta propicio reflexionar sobre ella como potencia y proceso activo antes que como mera serie de procedimientos institucionales que garantizar\u00edan la representaci\u00f3n de ciudadan\u00edas pasivas. En este sentido, observar estas cuatro d\u00e9cadas permite destacar continuidades: las demandas de\u00a0memoria, verdad y justicia, el progresivo reconocimiento de sujetos y derechos en pos de ciudadan\u00edas plenas y vidas vivibles, la ampliaci\u00f3n del acceso a saberes y productos culturales y la defensa y el cuidado de bienes comunes\u201d, especificaba la circular del evento.<\/p>\n<p>Desde su creaci\u00f3n en 1987, la comunidad acad\u00e9mica del Centro de Investigaciones de la FFyH ha participado activamente reflexionando desde las ciencias sociales y humanas sobre las urgencias del presente, involucr\u00e1ndose y asumiendo el car\u00e1cter pol\u00edtico y emancipador de la producci\u00f3n de conocimiento. Eduardo Mattio, director del CIFFyH, se\u00f1ala que \u201cen esta nueva edici\u00f3n del Encuentro Interdisciplinario de Ciencias Sociales y Humanas se volvi\u00f3 a evidenciar la vitalidad de nuestros centros, la riqueza de sus investigaciones, las numerosas vinculaciones que nuestrxs docentes, estudiantes y egresadxs tienen con los territorios y sujetxs que investigan, los desaf\u00edos y urgencias que la vida democr\u00e1tica hoy nos impone y la creatividad con la que somos capaces de responder a ellos desde la Universidad P\u00fablica. A lo largo de estos tres d\u00edas de trabajo hubo intercambios y debates muy necesarios, no s\u00f3lo entre investigadorxs, sino tambi\u00e9n entre investigadorxs y activistas, docentes y funcionarixs, cuyos saberes nos interpelan y nos exigen ajustar nuestro trabajo docente, extensionista y de investigaci\u00f3n a lo que otros saberes no universitarios nos proponen. En este tiempo tan acuciante para las instituciones democr\u00e1ticas de nuestro pa\u00eds, y en particular para la universidad p\u00fablica y el sistema de ciencia y tecnolog\u00eda en su conjunto, se vuelve ineludible asumir estos desaf\u00edos pol\u00edticos, sociales y acad\u00e9micos desde la conversaci\u00f3n y el trabajo colectivo. Creemos que el Encuentro hizo posible que nos reconoci\u00e9ramos una vez m\u00e1s como comunidad de investigaci\u00f3n que trabaja en pos de una democratizaci\u00f3n m\u00e1s vigorosa de la universidad p\u00fablica y de los heterog\u00e9neos espacios, colectivos e instituciones con los que nos vinculamos\u201d.<\/p>\n<p>Durante los tres d\u00edas que dur\u00f3 el encuentro se presentaron 690 ponencias y participaron numerosxs investigadorxs en 43 simposios gestionados por \u00a0134 coordinadorxs (docentes, estudiantes, egresadxs) pertenecientes a diversas \u00e1reas disciplinares de nuestra Facultad, de otros centros y unidades acad\u00e9micas de la UNC y de otras universidades de nuestro pa\u00eds y del extranjero.<\/p>\n<p>Entre las actividades destacadas, se realiz\u00f3 una mesa de conversaci\u00f3n sobre los proyectos PROA durante 2023-2024, coordinada por Alba Massolo y Cecilia Jim\u00e9nez y la participaci\u00f3n de becarixs. Los PROA tienen como objetivo estimular la investigaci\u00f3n en tem\u00e1ticas espec\u00edficas consideradas de inter\u00e9s por la comunidad del CIFFyH.<\/p>\n<p><img fetchpriority=\"high\" decoding=\"async\" class=\"alignnone size-full wp-image-21865\" src=\"https:\/\/ffyh.unc.edu.ar\/wp-content\/uploads\/2024\/08\/encuentro-ciffyh-2024-3.jpeg\" alt=\"\" width=\"1500\" height=\"743\" \/><\/p>\n<p>Por otro lado, se llev\u00f3 a cabo la mateada \u201cDemocratizar el conocimiento desde la integralidad de funciones\u201d, propuesta desde la Secretar\u00eda de Extensi\u00f3n de la FFyH y el CIFFyH, a cargo de Flavia Romero, C\u00e9sar Marchesino, Florencia Ortiz e Ivana Puche.<\/p>\n<p>Finalmente, en el panel de cierre \u201cDemocratizar el presente: desaf\u00edos epist\u00e9micos, interpelaciones pol\u00edticas\u201d, participaron Ivanna Aguilera, M\u00f3nica Gordillo y Eduardo Rinesi; con la moderaci\u00f3n de Ariela Batt\u00e1n Horenstein y Eduardo Mattio.<\/p>\n<p><img decoding=\"async\" class=\"alignnone size-full wp-image-21866\" src=\"https:\/\/ffyh.unc.edu.ar\/wp-content\/uploads\/2024\/08\/encuentro-ciffyh-2024-2.jpeg\" alt=\"\" width=\"1502\" height=\"696\" \/><\/p>\n<p>En el marco de un contexto signado por amenazas que acechan a la convivencia democr\u00e1tica y por\u00a0el ascenso de programas pol\u00edticos neoconservadores sostenidos en discursos de odio, por\u00a0la consolidaci\u00f3n de sociedades cada vez m\u00e1s excluyentes y desiguales y por el recrudecimiento de violencias pol\u00edticas, simb\u00f3licas y epist\u00e9micas, el encuentro invit\u00f3 a \u201cencontrarnos, afectarnos e interpelarnos como integrantes de una comunidad caracterizada por su profunda vitalidad, al mismo tiempo que por la diversidad de actorxs y miradas que la componen\u201d, para profundizar el debate sobre la responsabilidad de las ciencias sociales y humanas frente a las tensiones y desaf\u00edos que la coyuntura social y pol\u00edtica supone\u201d.<\/p>\n<p><strong>Galer\u00eda de fotos<\/strong><\/p>\n<p><img decoding=\"async\" class=\"alignnone size-full wp-image-21870\" src=\"https:\/\/ffyh.unc.edu.ar\/wp-content\/uploads\/2024\/08\/encuentro-ciffyh-2024-8.jpeg\" alt=\"\" width=\"1059\" height=\"466\" \/><img loading=\"lazy\" decoding=\"async\" class=\"alignnone size-full wp-image-21868\" src=\"https:\/\/ffyh.unc.edu.ar\/wp-content\/uploads\/2024\/08\/encuentro-ciffyh-2024-4.jpeg\" alt=\"\" width=\"1454\" height=\"483\" \/><img loading=\"lazy\" decoding=\"async\" class=\"alignnone size-full wp-image-21871\" src=\"https:\/\/ffyh.unc.edu.ar\/wp-content\/uploads\/2024\/08\/encuentro-ciffyh-2024-9.jpeg\" alt=\"\" width=\"1200\" height=\"439\" \/><img loading=\"lazy\" decoding=\"async\" class=\"alignnone size-full wp-image-21873\" src=\"https:\/\/ffyh.unc.edu.ar\/wp-content\/uploads\/2024\/08\/encuentro-ciffyh-2024-6.jpeg\" alt=\"\" width=\"1500\" height=\"772\" \/><img loading=\"lazy\" decoding=\"async\" class=\"alignnone size-full wp-image-21867\" src=\"https:\/\/ffyh.unc.edu.ar\/wp-content\/uploads\/2024\/08\/encuentro-ciffyh-2024-1.jpeg\" alt=\"\" width=\"1500\" height=\"964\" \/><\/p>\n<p><img loading=\"lazy\" decoding=\"async\" class=\"alignnone size-full wp-image-21869\" src=\"https:\/\/ffyh.unc.edu.ar\/wp-content\/uploads\/2024\/08\/encuentro-ciffyh-2024-5.jpeg\" alt=\"\" width=\"1500\" height=\"887\" \/>\u00a0\u00a0\u00a0<img loading=\"lazy\" decoding=\"async\" class=\"alignnone size-full wp-image-21872\" src=\"https:\/\/ffyh.unc.edu.ar\/wp-content\/uploads\/2024\/08\/encuentro-ciffyh-2024-11.jpeg\" alt=\"\" width=\"1200\" height=\"751\" \/><\/p>\n","protected":false},"excerpt":{"rendered":"<p>Del 24 al 26 de julio se desarroll\u00f3 el XII Encuentro Interdisciplinario de Ciencias Sociales y Humanas, organizado por el<\/p>\n","protected":false},"author":39,"featured_media":7382,"comment_status":"closed","ping_status":"closed","sticky":false,"template":"","format":"standard","meta":{"_acf_changed":false,"colormag_page_container_layout":"default_layout","colormag_page_sidebar_layout":"default_layout","footnotes":""},"categories":[55],"tags":[],"class_list":["post-7381","post","type-post","status-publish","format-standard","has-post-thumbnail","hentry","category-xii-jornadas-de-investigacion-en-educacion"],"acf":[],"yoast_head":"<!-- This site is optimized with the Yoast SEO plugin v27.1.1 - https:\/\/yoast.com\/product\/yoast-seo-wordpress\/ -->\n<title>Democratizar el presente: desaf\u00edos epist\u00e9micos, interpelaciones pol\u00edticas - Centro de Investigaciones &quot;Maria Saleme de Burnichon&quot;<\/title>\n<meta name=\"robots\" content=\"index, follow, max-snippet:-1, max-image-preview:large, max-video-preview:-1\" \/>\n<link rel=\"canonical\" href=\"https:\/\/ffyh.unc.edu.ar\/ciffyh\/democratizar-el-presente-desafios-epistemicos-interpelaciones-politicas\/\" \/>\n<meta property=\"og:locale\" content=\"es_ES\" \/>\n<meta property=\"og:type\" content=\"article\" \/>\n<meta property=\"og:title\" content=\"Democratizar el presente: desaf\u00edos epist\u00e9micos, interpelaciones pol\u00edticas - Centro de Investigaciones &quot;Maria Saleme de Burnichon&quot;\" \/>\n<meta property=\"og:description\" content=\"Del 24 al 26 de julio se desarroll\u00f3 el XII Encuentro Interdisciplinario de Ciencias Sociales y Humanas, organizado por el\" \/>\n<meta property=\"og:url\" content=\"https:\/\/ffyh.unc.edu.ar\/ciffyh\/democratizar-el-presente-desafios-epistemicos-interpelaciones-politicas\/\" \/>\n<meta property=\"og:site_name\" content=\"Centro de Investigaciones &quot;Maria Saleme de Burnichon&quot;\" \/>\n<meta property=\"article:published_time\" content=\"2024-08-05T14:00:46+00:00\" \/>\n<meta property=\"article:modified_time\" content=\"2024-08-05T17:56:45+00:00\" \/>\n<meta property=\"og:image\" content=\"http:\/\/ffyh.unc.edu.ar\/ciffyh\/wp-content\/uploads\/sites\/10\/2024\/08\/encuentro-ciffyh-2024-7-1120x450-1.jpeg\" \/>\n\t<meta property=\"og:image:width\" content=\"1120\" \/>\n\t<meta property=\"og:image:height\" content=\"450\" \/>\n\t<meta property=\"og:image:type\" content=\"image\/jpeg\" \/>\n<meta name=\"author\" content=\"tecnicaciffyh\" \/>\n<meta name=\"twitter:card\" content=\"summary_large_image\" \/>\n<meta name=\"twitter:label1\" content=\"Escrito por\" \/>\n\t<meta name=\"twitter:data1\" content=\"\" \/>\n\t<meta name=\"twitter:label2\" content=\"Tiempo de lectura\" \/>\n\t<meta name=\"twitter:data2\" content=\"6 minutos\" \/>\n<script type=\"application\/ld+json\" class=\"yoast-schema-graph\">{\"@context\":\"https:\/\/schema.org\",\"@graph\":[{\"@type\":\"Article\",\"@id\":\"https:\/\/ffyh.unc.edu.ar\/ciffyh\/democratizar-el-presente-desafios-epistemicos-interpelaciones-politicas\/#article\",\"isPartOf\":{\"@id\":\"https:\/\/ffyh.unc.edu.ar\/ciffyh\/democratizar-el-presente-desafios-epistemicos-interpelaciones-politicas\/\"},\"author\":{\"name\":\"tecnicaciffyh\",\"@id\":\"https:\/\/ffyh.unc.edu.ar\/ciffyh\/#\/schema\/person\/136b8e7d00e5053aff43b3dc53e99bc0\"},\"headline\":\"Democratizar el presente: desaf\u00edos epist\u00e9micos, interpelaciones pol\u00edticas\",\"datePublished\":\"2024-08-05T14:00:46+00:00\",\"dateModified\":\"2024-08-05T17:56:45+00:00\",\"mainEntityOfPage\":{\"@id\":\"https:\/\/ffyh.unc.edu.ar\/ciffyh\/democratizar-el-presente-desafios-epistemicos-interpelaciones-politicas\/\"},\"wordCount\":801,\"publisher\":{\"@id\":\"https:\/\/ffyh.unc.edu.ar\/ciffyh\/#organization\"},\"image\":{\"@id\":\"https:\/\/ffyh.unc.edu.ar\/ciffyh\/democratizar-el-presente-desafios-epistemicos-interpelaciones-politicas\/#primaryimage\"},\"thumbnailUrl\":\"https:\/\/ffyh.unc.edu.ar\/ciffyh\/wp-content\/uploads\/sites\/10\/2024\/08\/encuentro-ciffyh-2024-7-1120x450-1.jpeg\",\"articleSection\":[\"XII Jornadas de Investigaci\u00f3n en Educaci\u00f3n\"],\"inLanguage\":\"es\"},{\"@type\":\"WebPage\",\"@id\":\"https:\/\/ffyh.unc.edu.ar\/ciffyh\/democratizar-el-presente-desafios-epistemicos-interpelaciones-politicas\/\",\"url\":\"https:\/\/ffyh.unc.edu.ar\/ciffyh\/democratizar-el-presente-desafios-epistemicos-interpelaciones-politicas\/\",\"name\":\"Democratizar el presente: desaf\u00edos epist\u00e9micos, interpelaciones pol\u00edticas - Centro de Investigaciones &quot;Maria Saleme de Burnichon&quot;\",\"isPartOf\":{\"@id\":\"https:\/\/ffyh.unc.edu.ar\/ciffyh\/#website\"},\"primaryImageOfPage\":{\"@id\":\"https:\/\/ffyh.unc.edu.ar\/ciffyh\/democratizar-el-presente-desafios-epistemicos-interpelaciones-politicas\/#primaryimage\"},\"image\":{\"@id\":\"https:\/\/ffyh.unc.edu.ar\/ciffyh\/democratizar-el-presente-desafios-epistemicos-interpelaciones-politicas\/#primaryimage\"},\"thumbnailUrl\":\"https:\/\/ffyh.unc.edu.ar\/ciffyh\/wp-content\/uploads\/sites\/10\/2024\/08\/encuentro-ciffyh-2024-7-1120x450-1.jpeg\",\"datePublished\":\"2024-08-05T14:00:46+00:00\",\"dateModified\":\"2024-08-05T17:56:45+00:00\",\"breadcrumb\":{\"@id\":\"https:\/\/ffyh.unc.edu.ar\/ciffyh\/democratizar-el-presente-desafios-epistemicos-interpelaciones-politicas\/#breadcrumb\"},\"inLanguage\":\"es\",\"potentialAction\":[{\"@type\":\"ReadAction\",\"target\":[\"https:\/\/ffyh.unc.edu.ar\/ciffyh\/democratizar-el-presente-desafios-epistemicos-interpelaciones-politicas\/\"]}]},{\"@type\":\"ImageObject\",\"inLanguage\":\"es\",\"@id\":\"https:\/\/ffyh.unc.edu.ar\/ciffyh\/democratizar-el-presente-desafios-epistemicos-interpelaciones-politicas\/#primaryimage\",\"url\":\"https:\/\/ffyh.unc.edu.ar\/ciffyh\/wp-content\/uploads\/sites\/10\/2024\/08\/encuentro-ciffyh-2024-7-1120x450-1.jpeg\",\"contentUrl\":\"https:\/\/ffyh.unc.edu.ar\/ciffyh\/wp-content\/uploads\/sites\/10\/2024\/08\/encuentro-ciffyh-2024-7-1120x450-1.jpeg\",\"width\":1120,\"height\":450},{\"@type\":\"BreadcrumbList\",\"@id\":\"https:\/\/ffyh.unc.edu.ar\/ciffyh\/democratizar-el-presente-desafios-epistemicos-interpelaciones-politicas\/#breadcrumb\",\"itemListElement\":[{\"@type\":\"ListItem\",\"position\":1,\"name\":\"Portada\",\"item\":\"https:\/\/ffyh.unc.edu.ar\/ciffyh\/\"},{\"@type\":\"ListItem\",\"position\":2,\"name\":\"Democratizar el presente: desaf\u00edos epist\u00e9micos, interpelaciones pol\u00edticas\"}]},{\"@type\":\"WebSite\",\"@id\":\"https:\/\/ffyh.unc.edu.ar\/ciffyh\/#website\",\"url\":\"https:\/\/ffyh.unc.edu.ar\/ciffyh\/\",\"name\":\"Centro de Investigaciones \\\"Maria Saleme de Burnichon\\\"\",\"description\":\"Facultad de Filosof\u00eda y Humanidades | UNC\",\"publisher\":{\"@id\":\"https:\/\/ffyh.unc.edu.ar\/ciffyh\/#organization\"},\"potentialAction\":[{\"@type\":\"SearchAction\",\"target\":{\"@type\":\"EntryPoint\",\"urlTemplate\":\"https:\/\/ffyh.unc.edu.ar\/ciffyh\/?s={search_term_string}\"},\"query-input\":{\"@type\":\"PropertyValueSpecification\",\"valueRequired\":true,\"valueName\":\"search_term_string\"}}],\"inLanguage\":\"es\"},{\"@type\":\"Organization\",\"@id\":\"https:\/\/ffyh.unc.edu.ar\/ciffyh\/#organization\",\"name\":\"Centro de Investigaciones \\\"Maria Saleme de Burnichon\\\"\",\"url\":\"https:\/\/ffyh.unc.edu.ar\/ciffyh\/\",\"logo\":{\"@type\":\"ImageObject\",\"inLanguage\":\"es\",\"@id\":\"https:\/\/ffyh.unc.edu.ar\/ciffyh\/#\/schema\/logo\/image\/\",\"url\":\"https:\/\/ffyh.unc.edu.ar\/ciffyh\/wp-content\/uploads\/sites\/10\/2018\/02\/cropped-logo-ciffyh-ico.png\",\"contentUrl\":\"https:\/\/ffyh.unc.edu.ar\/ciffyh\/wp-content\/uploads\/sites\/10\/2018\/02\/cropped-logo-ciffyh-ico.png\",\"width\":512,\"height\":512,\"caption\":\"Centro de Investigaciones \\\"Maria Saleme de Burnichon\\\"\"},\"image\":{\"@id\":\"https:\/\/ffyh.unc.edu.ar\/ciffyh\/#\/schema\/logo\/image\/\"},\"sameAs\":[\"https:\/\/www.instagram.com\/ciffyh\/\"]},{\"@type\":\"Person\",\"@id\":\"https:\/\/ffyh.unc.edu.ar\/ciffyh\/#\/schema\/person\/136b8e7d00e5053aff43b3dc53e99bc0\",\"name\":\"tecnicaciffyh\",\"image\":{\"@type\":\"ImageObject\",\"inLanguage\":\"es\",\"@id\":\"https:\/\/ffyh.unc.edu.ar\/ciffyh\/#\/schema\/person\/image\/\",\"url\":\"https:\/\/secure.gravatar.com\/avatar\/dce86f5e9bf49e3aa9e05e7ed5904a9112e25483e3c8f175eb93b2f53a67c2e4?s=96&d=mm&r=g\",\"contentUrl\":\"https:\/\/secure.gravatar.com\/avatar\/dce86f5e9bf49e3aa9e05e7ed5904a9112e25483e3c8f175eb93b2f53a67c2e4?s=96&d=mm&r=g\",\"caption\":\"tecnicaciffyh\"},\"url\":\"https:\/\/ffyh.unc.edu.ar\/ciffyh\/author\/tecnicaciffyh\/\"}]}<\/script>\n<!-- \/ Yoast SEO plugin. -->","yoast_head_json":{"title":"Democratizar el presente: desaf\u00edos epist\u00e9micos, interpelaciones pol\u00edticas - Centro de Investigaciones &quot;Maria Saleme de Burnichon&quot;","robots":{"index":"index","follow":"follow","max-snippet":"max-snippet:-1","max-image-preview":"max-image-preview:large","max-video-preview":"max-video-preview:-1"},"canonical":"https:\/\/ffyh.unc.edu.ar\/ciffyh\/democratizar-el-presente-desafios-epistemicos-interpelaciones-politicas\/","og_locale":"es_ES","og_type":"article","og_title":"Democratizar el presente: desaf\u00edos epist\u00e9micos, interpelaciones pol\u00edticas - Centro de Investigaciones &quot;Maria Saleme de Burnichon&quot;","og_description":"Del 24 al 26 de julio se desarroll\u00f3 el XII Encuentro Interdisciplinario de Ciencias Sociales y Humanas, organizado por el","og_url":"https:\/\/ffyh.unc.edu.ar\/ciffyh\/democratizar-el-presente-desafios-epistemicos-interpelaciones-politicas\/","og_site_name":"Centro de Investigaciones &quot;Maria Saleme de Burnichon&quot;","article_published_time":"2024-08-05T14:00:46+00:00","article_modified_time":"2024-08-05T17:56:45+00:00","og_image":[{"width":1120,"height":450,"url":"http:\/\/ffyh.unc.edu.ar\/ciffyh\/wp-content\/uploads\/sites\/10\/2024\/08\/encuentro-ciffyh-2024-7-1120x450-1.jpeg","type":"image\/jpeg"}],"author":"tecnicaciffyh","twitter_card":"summary_large_image","twitter_misc":{"Escrito por":false,"Tiempo de lectura":"6 minutos"},"schema":{"@context":"https:\/\/schema.org","@graph":[{"@type":"Article","@id":"https:\/\/ffyh.unc.edu.ar\/ciffyh\/democratizar-el-presente-desafios-epistemicos-interpelaciones-politicas\/#article","isPartOf":{"@id":"https:\/\/ffyh.unc.edu.ar\/ciffyh\/democratizar-el-presente-desafios-epistemicos-interpelaciones-politicas\/"},"author":{"name":"tecnicaciffyh","@id":"https:\/\/ffyh.unc.edu.ar\/ciffyh\/#\/schema\/person\/136b8e7d00e5053aff43b3dc53e99bc0"},"headline":"Democratizar el presente: desaf\u00edos epist\u00e9micos, interpelaciones pol\u00edticas","datePublished":"2024-08-05T14:00:46+00:00","dateModified":"2024-08-05T17:56:45+00:00","mainEntityOfPage":{"@id":"https:\/\/ffyh.unc.edu.ar\/ciffyh\/democratizar-el-presente-desafios-epistemicos-interpelaciones-politicas\/"},"wordCount":801,"publisher":{"@id":"https:\/\/ffyh.unc.edu.ar\/ciffyh\/#organization"},"image":{"@id":"https:\/\/ffyh.unc.edu.ar\/ciffyh\/democratizar-el-presente-desafios-epistemicos-interpelaciones-politicas\/#primaryimage"},"thumbnailUrl":"https:\/\/ffyh.unc.edu.ar\/ciffyh\/wp-content\/uploads\/sites\/10\/2024\/08\/encuentro-ciffyh-2024-7-1120x450-1.jpeg","articleSection":["XII Jornadas de Investigaci\u00f3n en Educaci\u00f3n"],"inLanguage":"es"},{"@type":"WebPage","@id":"https:\/\/ffyh.unc.edu.ar\/ciffyh\/democratizar-el-presente-desafios-epistemicos-interpelaciones-politicas\/","url":"https:\/\/ffyh.unc.edu.ar\/ciffyh\/democratizar-el-presente-desafios-epistemicos-interpelaciones-politicas\/","name":"Democratizar el presente: desaf\u00edos epist\u00e9micos, interpelaciones pol\u00edticas - Centro de Investigaciones &quot;Maria Saleme de Burnichon&quot;","isPartOf":{"@id":"https:\/\/ffyh.unc.edu.ar\/ciffyh\/#website"},"primaryImageOfPage":{"@id":"https:\/\/ffyh.unc.edu.ar\/ciffyh\/democratizar-el-presente-desafios-epistemicos-interpelaciones-politicas\/#primaryimage"},"image":{"@id":"https:\/\/ffyh.unc.edu.ar\/ciffyh\/democratizar-el-presente-desafios-epistemicos-interpelaciones-politicas\/#primaryimage"},"thumbnailUrl":"https:\/\/ffyh.unc.edu.ar\/ciffyh\/wp-content\/uploads\/sites\/10\/2024\/08\/encuentro-ciffyh-2024-7-1120x450-1.jpeg","datePublished":"2024-08-05T14:00:46+00:00","dateModified":"2024-08-05T17:56:45+00:00","breadcrumb":{"@id":"https:\/\/ffyh.unc.edu.ar\/ciffyh\/democratizar-el-presente-desafios-epistemicos-interpelaciones-politicas\/#breadcrumb"},"inLanguage":"es","potentialAction":[{"@type":"ReadAction","target":["https:\/\/ffyh.unc.edu.ar\/ciffyh\/democratizar-el-presente-desafios-epistemicos-interpelaciones-politicas\/"]}]},{"@type":"ImageObject","inLanguage":"es","@id":"https:\/\/ffyh.unc.edu.ar\/ciffyh\/democratizar-el-presente-desafios-epistemicos-interpelaciones-politicas\/#primaryimage","url":"https:\/\/ffyh.unc.edu.ar\/ciffyh\/wp-content\/uploads\/sites\/10\/2024\/08\/encuentro-ciffyh-2024-7-1120x450-1.jpeg","contentUrl":"https:\/\/ffyh.unc.edu.ar\/ciffyh\/wp-content\/uploads\/sites\/10\/2024\/08\/encuentro-ciffyh-2024-7-1120x450-1.jpeg","width":1120,"height":450},{"@type":"BreadcrumbList","@id":"https:\/\/ffyh.unc.edu.ar\/ciffyh\/democratizar-el-presente-desafios-epistemicos-interpelaciones-politicas\/#breadcrumb","itemListElement":[{"@type":"ListItem","position":1,"name":"Portada","item":"https:\/\/ffyh.unc.edu.ar\/ciffyh\/"},{"@type":"ListItem","position":2,"name":"Democratizar el presente: desaf\u00edos epist\u00e9micos, interpelaciones pol\u00edticas"}]},{"@type":"WebSite","@id":"https:\/\/ffyh.unc.edu.ar\/ciffyh\/#website","url":"https:\/\/ffyh.unc.edu.ar\/ciffyh\/","name":"Centro de Investigaciones \"Maria Saleme de Burnichon\"","description":"Facultad de Filosof\u00eda y Humanidades | UNC","publisher":{"@id":"https:\/\/ffyh.unc.edu.ar\/ciffyh\/#organization"},"potentialAction":[{"@type":"SearchAction","target":{"@type":"EntryPoint","urlTemplate":"https:\/\/ffyh.unc.edu.ar\/ciffyh\/?s={search_term_string}"},"query-input":{"@type":"PropertyValueSpecification","valueRequired":true,"valueName":"search_term_string"}}],"inLanguage":"es"},{"@type":"Organization","@id":"https:\/\/ffyh.unc.edu.ar\/ciffyh\/#organization","name":"Centro de Investigaciones \"Maria Saleme de Burnichon\"","url":"https:\/\/ffyh.unc.edu.ar\/ciffyh\/","logo":{"@type":"ImageObject","inLanguage":"es","@id":"https:\/\/ffyh.unc.edu.ar\/ciffyh\/#\/schema\/logo\/image\/","url":"https:\/\/ffyh.unc.edu.ar\/ciffyh\/wp-content\/uploads\/sites\/10\/2018\/02\/cropped-logo-ciffyh-ico.png","contentUrl":"https:\/\/ffyh.unc.edu.ar\/ciffyh\/wp-content\/uploads\/sites\/10\/2018\/02\/cropped-logo-ciffyh-ico.png","width":512,"height":512,"caption":"Centro de Investigaciones \"Maria Saleme de Burnichon\""},"image":{"@id":"https:\/\/ffyh.unc.edu.ar\/ciffyh\/#\/schema\/logo\/image\/"},"sameAs":["https:\/\/www.instagram.com\/ciffyh\/"]},{"@type":"Person","@id":"https:\/\/ffyh.unc.edu.ar\/ciffyh\/#\/schema\/person\/136b8e7d00e5053aff43b3dc53e99bc0","name":"tecnicaciffyh","image":{"@type":"ImageObject","inLanguage":"es","@id":"https:\/\/ffyh.unc.edu.ar\/ciffyh\/#\/schema\/person\/image\/","url":"https:\/\/secure.gravatar.com\/avatar\/dce86f5e9bf49e3aa9e05e7ed5904a9112e25483e3c8f175eb93b2f53a67c2e4?s=96&d=mm&r=g","contentUrl":"https:\/\/secure.gravatar.com\/avatar\/dce86f5e9bf49e3aa9e05e7ed5904a9112e25483e3c8f175eb93b2f53a67c2e4?s=96&d=mm&r=g","caption":"tecnicaciffyh"},"url":"https:\/\/ffyh.unc.edu.ar\/ciffyh\/author\/tecnicaciffyh\/"}]}},"jetpack_featured_media_url":"https:\/\/ffyh.unc.edu.ar\/ciffyh\/wp-content\/uploads\/sites\/10\/2024\/08\/encuentro-ciffyh-2024-7-1120x450-1.jpeg","_links":{"self":[{"href":"https:\/\/ffyh.unc.edu.ar\/ciffyh\/wp-json\/wp\/v2\/posts\/7381","targetHints":{"allow":["GET"]}}],"collection":[{"href":"https:\/\/ffyh.unc.edu.ar\/ciffyh\/wp-json\/wp\/v2\/posts"}],"about":[{"href":"https:\/\/ffyh.unc.edu.ar\/ciffyh\/wp-json\/wp\/v2\/types\/post"}],"author":[{"embeddable":true,"href":"https:\/\/ffyh.unc.edu.ar\/ciffyh\/wp-json\/wp\/v2\/users\/39"}],"replies":[{"embeddable":true,"href":"https:\/\/ffyh.unc.edu.ar\/ciffyh\/wp-json\/wp\/v2\/comments?post=7381"}],"version-history":[{"count":2,"href":"https:\/\/ffyh.unc.edu.ar\/ciffyh\/wp-json\/wp\/v2\/posts\/7381\/revisions"}],"predecessor-version":[{"id":7385,"href":"https:\/\/ffyh.unc.edu.ar\/ciffyh\/wp-json\/wp\/v2\/posts\/7381\/revisions\/7385"}],"wp:featuredmedia":[{"embeddable":true,"href":"https:\/\/ffyh.unc.edu.ar\/ciffyh\/wp-json\/wp\/v2\/media\/7382"}],"wp:attachment":[{"href":"https:\/\/ffyh.unc.edu.ar\/ciffyh\/wp-json\/wp\/v2\/media?parent=7381"}],"wp:term":[{"taxonomy":"category","embeddable":true,"href":"https:\/\/ffyh.unc.edu.ar\/ciffyh\/wp-json\/wp\/v2\/categories?post=7381"},{"taxonomy":"post_tag","embeddable":true,"href":"https:\/\/ffyh.unc.edu.ar\/ciffyh\/wp-json\/wp\/v2\/tags?post=7381"}],"curies":[{"name":"wp","href":"https:\/\/api.w.org\/{rel}","templated":true}]}}