{"id":7535,"date":"2024-10-01T15:36:15","date_gmt":"2024-10-01T15:36:15","guid":{"rendered":"https:\/\/ffyh.unc.edu.ar\/ciffyh\/?p=7535"},"modified":"2024-10-01T16:25:18","modified_gmt":"2024-10-01T16:25:18","slug":"nueva-publicacion-de-colecciones-del-ciffyh-alfabetizacion-disciplinar-y-formacion-docente","status":"publish","type":"post","link":"https:\/\/ffyh.unc.edu.ar\/ciffyh\/nueva-publicacion-de-colecciones-del-ciffyh-alfabetizacion-disciplinar-y-formacion-docente\/","title":{"rendered":"Nueva publicaci\u00f3n de Colecciones del Ciffyh: Alfabetizaci\u00f3n disciplinar y formaci\u00f3n docente"},"content":{"rendered":"<p><em>Alfabetizaci\u00f3n disciplinar y formaci\u00f3n docente. Conversaciones sobre pr\u00e1cticas discursivas<\/em>, es el nuevo t\u00edtulo publicado para las Colecciones del Ciffyh. <img decoding=\"async\" class=\"wp-image-7538 size-thumbnail alignright\" src=\"http:\/\/ffyh.unc.edu.ar\/ciffyh\/wp-content\/uploads\/sites\/10\/2024\/09\/tapas_alfabetizacion-01-150x150.jpg\" alt=\"\" width=\"150\" height=\"150\" \/><\/p>\n<p>Compilado por Gloria Borioli y Miriam Villa, el libro \u00abse publica en un contexto signado por la necesidad de enfatizar la importancia y, por qu\u00e9 no, la urgencia de profundizar procesos de indagaci\u00f3n en el campo educativo y realzar la producci\u00f3n<br \/>\nde conocimiento pedag\u00f3gico como acto pol\u00edtico\u00bb, dice Gabriela Lamelas en el pr\u00f3logo.<\/p>\n<p>Y adem\u00e1s agrega: \u00abEs un libro que pone el foco en un \u00e1mbito de intervenci\u00f3n, que busca dialogar con representaciones,<br \/>\ntrayectorias y experiencias docentes, acerca de lo que ocurre en las aulas, de las clases. Se recupera una mirada que pretende analizar la especificidad, apoyada en la observaci\u00f3n y que, tambi\u00e9n por su objeto, se empe\u00f1a por escapar a las generalidades. En los diferentes art\u00edculos se enfatiza el valor de<br \/>\nescuchar, de observar, de hacer lugar a lo real, postergando el juicio. Se privilegian experiencias situadas, a sabiendas de que escribir sobre una experiencia es escribir muchas otras experiencias. En los diferentes art\u00edculos, se recupera la voz de los docentes, se organizan sus relatos para entramar sentidos con apuestas\u00bb.<\/p>\n<p>El e-book forma parte de las Colecciones del CIFFyH, una iniciativa del Centro de Investigaciones Mar\u00eda Saleme de Burnichon (FFyH) en vinculaci\u00f3n con el \u00c1rea de Publicaciones de la FFyH que busca fortalecer la producci\u00f3n y difusi\u00f3n del trabajo de los grupos de investigaci\u00f3n del Centro, fomentar la participaci\u00f3n en la producci\u00f3n y circulaci\u00f3n del conocimiento de estudiantes, egresados\/as y docentes, y generar espacios institucionales que habiliten dicha circulaci\u00f3n.<\/p>\n<blockquote><p><a href=\"https:\/\/ffyh.unc.edu.ar\/publicaciones\/wp-content\/uploads\/sites\/35\/2024\/10\/Final_AlfabetizacionDisciplinar_compressed.pdf?\" target=\"_blank\" rel=\"noopener\">Disponible para descargar<\/a><\/p><\/blockquote>\n","protected":false},"excerpt":{"rendered":"<p>Alfabetizaci\u00f3n disciplinar y formaci\u00f3n docente. Conversaciones sobre pr\u00e1cticas discursivas, es el nuevo t\u00edtulo publicado para las Colecciones del Ciffyh. Compilado<\/p>\n","protected":false},"author":39,"featured_media":7537,"comment_status":"closed","ping_status":"closed","sticky":false,"template":"","format":"standard","meta":{"_acf_changed":false,"colormag_page_container_layout":"default_layout","colormag_page_sidebar_layout":"default_layout","footnotes":""},"categories":[51,67],"tags":[],"class_list":["post-7535","post","type-post","status-publish","format-standard","has-post-thumbnail","hentry","category-educacion","category-colecciones-del-ciffyh"],"acf":[],"yoast_head":"<!-- This site is optimized with the Yoast SEO plugin v27.1.1 - https:\/\/yoast.com\/product\/yoast-seo-wordpress\/ -->\n<title>Nueva publicaci\u00f3n de Colecciones del Ciffyh: Alfabetizaci\u00f3n disciplinar y formaci\u00f3n docente - Centro de Investigaciones &quot;Maria Saleme de Burnichon&quot;<\/title>\n<meta name=\"robots\" content=\"index, follow, max-snippet:-1, max-image-preview:large, max-video-preview:-1\" \/>\n<link rel=\"canonical\" href=\"https:\/\/ffyh.unc.edu.ar\/ciffyh\/nueva-publicacion-de-colecciones-del-ciffyh-alfabetizacion-disciplinar-y-formacion-docente\/\" \/>\n<meta property=\"og:locale\" content=\"es_ES\" \/>\n<meta property=\"og:type\" content=\"article\" \/>\n<meta property=\"og:title\" content=\"Nueva publicaci\u00f3n de Colecciones del Ciffyh: Alfabetizaci\u00f3n disciplinar y formaci\u00f3n docente - Centro de Investigaciones &quot;Maria Saleme de Burnichon&quot;\" \/>\n<meta property=\"og:description\" content=\"Alfabetizaci\u00f3n disciplinar y formaci\u00f3n docente. Conversaciones sobre pr\u00e1cticas discursivas, es el nuevo t\u00edtulo publicado para las Colecciones del Ciffyh. Compilado\" \/>\n<meta property=\"og:url\" content=\"https:\/\/ffyh.unc.edu.ar\/ciffyh\/nueva-publicacion-de-colecciones-del-ciffyh-alfabetizacion-disciplinar-y-formacion-docente\/\" \/>\n<meta property=\"og:site_name\" content=\"Centro de Investigaciones &quot;Maria Saleme de Burnichon&quot;\" \/>\n<meta property=\"article:published_time\" content=\"2024-10-01T15:36:15+00:00\" \/>\n<meta property=\"article:modified_time\" content=\"2024-10-01T16:25:18+00:00\" \/>\n<meta property=\"og:image\" content=\"http:\/\/ffyh.unc.edu.ar\/ciffyh\/wp-content\/uploads\/sites\/10\/2024\/09\/novedadeditorial-borioli-scaled.jpg\" \/>\n\t<meta property=\"og:image:width\" content=\"2560\" \/>\n\t<meta property=\"og:image:height\" content=\"1424\" \/>\n\t<meta property=\"og:image:type\" content=\"image\/jpeg\" \/>\n<meta name=\"author\" content=\"tecnicaciffyh\" \/>\n<meta name=\"twitter:card\" content=\"summary_large_image\" \/>\n<meta name=\"twitter:label1\" content=\"Escrito por\" \/>\n\t<meta name=\"twitter:data1\" content=\"\" \/>\n\t<meta name=\"twitter:label2\" content=\"Tiempo de lectura\" \/>\n\t<meta name=\"twitter:data2\" content=\"2 minutos\" \/>\n<script type=\"application\/ld+json\" class=\"yoast-schema-graph\">{\"@context\":\"https:\/\/schema.org\",\"@graph\":[{\"@type\":\"Article\",\"@id\":\"https:\/\/ffyh.unc.edu.ar\/ciffyh\/nueva-publicacion-de-colecciones-del-ciffyh-alfabetizacion-disciplinar-y-formacion-docente\/#article\",\"isPartOf\":{\"@id\":\"https:\/\/ffyh.unc.edu.ar\/ciffyh\/nueva-publicacion-de-colecciones-del-ciffyh-alfabetizacion-disciplinar-y-formacion-docente\/\"},\"author\":{\"name\":\"tecnicaciffyh\",\"@id\":\"https:\/\/ffyh.unc.edu.ar\/ciffyh\/#\/schema\/person\/136b8e7d00e5053aff43b3dc53e99bc0\"},\"headline\":\"Nueva publicaci\u00f3n de Colecciones del Ciffyh: Alfabetizaci\u00f3n disciplinar y formaci\u00f3n docente\",\"datePublished\":\"2024-10-01T15:36:15+00:00\",\"dateModified\":\"2024-10-01T16:25:18+00:00\",\"mainEntityOfPage\":{\"@id\":\"https:\/\/ffyh.unc.edu.ar\/ciffyh\/nueva-publicacion-de-colecciones-del-ciffyh-alfabetizacion-disciplinar-y-formacion-docente\/\"},\"wordCount\":303,\"publisher\":{\"@id\":\"https:\/\/ffyh.unc.edu.ar\/ciffyh\/#organization\"},\"image\":{\"@id\":\"https:\/\/ffyh.unc.edu.ar\/ciffyh\/nueva-publicacion-de-colecciones-del-ciffyh-alfabetizacion-disciplinar-y-formacion-docente\/#primaryimage\"},\"thumbnailUrl\":\"https:\/\/ffyh.unc.edu.ar\/ciffyh\/wp-content\/uploads\/sites\/10\/2024\/09\/novedadeditorial-borioli-scaled.jpg\",\"articleSection\":[\"\u00c1rea Educaci\u00f3n\",\"Colecciones del CIFFyH\"],\"inLanguage\":\"es\"},{\"@type\":\"WebPage\",\"@id\":\"https:\/\/ffyh.unc.edu.ar\/ciffyh\/nueva-publicacion-de-colecciones-del-ciffyh-alfabetizacion-disciplinar-y-formacion-docente\/\",\"url\":\"https:\/\/ffyh.unc.edu.ar\/ciffyh\/nueva-publicacion-de-colecciones-del-ciffyh-alfabetizacion-disciplinar-y-formacion-docente\/\",\"name\":\"Nueva publicaci\u00f3n de Colecciones del Ciffyh: Alfabetizaci\u00f3n disciplinar y formaci\u00f3n docente - Centro de Investigaciones &quot;Maria Saleme de Burnichon&quot;\",\"isPartOf\":{\"@id\":\"https:\/\/ffyh.unc.edu.ar\/ciffyh\/#website\"},\"primaryImageOfPage\":{\"@id\":\"https:\/\/ffyh.unc.edu.ar\/ciffyh\/nueva-publicacion-de-colecciones-del-ciffyh-alfabetizacion-disciplinar-y-formacion-docente\/#primaryimage\"},\"image\":{\"@id\":\"https:\/\/ffyh.unc.edu.ar\/ciffyh\/nueva-publicacion-de-colecciones-del-ciffyh-alfabetizacion-disciplinar-y-formacion-docente\/#primaryimage\"},\"thumbnailUrl\":\"https:\/\/ffyh.unc.edu.ar\/ciffyh\/wp-content\/uploads\/sites\/10\/2024\/09\/novedadeditorial-borioli-scaled.jpg\",\"datePublished\":\"2024-10-01T15:36:15+00:00\",\"dateModified\":\"2024-10-01T16:25:18+00:00\",\"breadcrumb\":{\"@id\":\"https:\/\/ffyh.unc.edu.ar\/ciffyh\/nueva-publicacion-de-colecciones-del-ciffyh-alfabetizacion-disciplinar-y-formacion-docente\/#breadcrumb\"},\"inLanguage\":\"es\",\"potentialAction\":[{\"@type\":\"ReadAction\",\"target\":[\"https:\/\/ffyh.unc.edu.ar\/ciffyh\/nueva-publicacion-de-colecciones-del-ciffyh-alfabetizacion-disciplinar-y-formacion-docente\/\"]}]},{\"@type\":\"ImageObject\",\"inLanguage\":\"es\",\"@id\":\"https:\/\/ffyh.unc.edu.ar\/ciffyh\/nueva-publicacion-de-colecciones-del-ciffyh-alfabetizacion-disciplinar-y-formacion-docente\/#primaryimage\",\"url\":\"https:\/\/ffyh.unc.edu.ar\/ciffyh\/wp-content\/uploads\/sites\/10\/2024\/09\/novedadeditorial-borioli-scaled.jpg\",\"contentUrl\":\"https:\/\/ffyh.unc.edu.ar\/ciffyh\/wp-content\/uploads\/sites\/10\/2024\/09\/novedadeditorial-borioli-scaled.jpg\",\"width\":2560,\"height\":1424},{\"@type\":\"BreadcrumbList\",\"@id\":\"https:\/\/ffyh.unc.edu.ar\/ciffyh\/nueva-publicacion-de-colecciones-del-ciffyh-alfabetizacion-disciplinar-y-formacion-docente\/#breadcrumb\",\"itemListElement\":[{\"@type\":\"ListItem\",\"position\":1,\"name\":\"Portada\",\"item\":\"https:\/\/ffyh.unc.edu.ar\/ciffyh\/\"},{\"@type\":\"ListItem\",\"position\":2,\"name\":\"Nueva publicaci\u00f3n de Colecciones del Ciffyh: Alfabetizaci\u00f3n disciplinar y formaci\u00f3n docente\"}]},{\"@type\":\"WebSite\",\"@id\":\"https:\/\/ffyh.unc.edu.ar\/ciffyh\/#website\",\"url\":\"https:\/\/ffyh.unc.edu.ar\/ciffyh\/\",\"name\":\"Centro de Investigaciones \\\"Maria Saleme de Burnichon\\\"\",\"description\":\"Facultad de Filosof\u00eda y Humanidades | UNC\",\"publisher\":{\"@id\":\"https:\/\/ffyh.unc.edu.ar\/ciffyh\/#organization\"},\"potentialAction\":[{\"@type\":\"SearchAction\",\"target\":{\"@type\":\"EntryPoint\",\"urlTemplate\":\"https:\/\/ffyh.unc.edu.ar\/ciffyh\/?s={search_term_string}\"},\"query-input\":{\"@type\":\"PropertyValueSpecification\",\"valueRequired\":true,\"valueName\":\"search_term_string\"}}],\"inLanguage\":\"es\"},{\"@type\":\"Organization\",\"@id\":\"https:\/\/ffyh.unc.edu.ar\/ciffyh\/#organization\",\"name\":\"Centro de Investigaciones \\\"Maria Saleme de Burnichon\\\"\",\"url\":\"https:\/\/ffyh.unc.edu.ar\/ciffyh\/\",\"logo\":{\"@type\":\"ImageObject\",\"inLanguage\":\"es\",\"@id\":\"https:\/\/ffyh.unc.edu.ar\/ciffyh\/#\/schema\/logo\/image\/\",\"url\":\"https:\/\/ffyh.unc.edu.ar\/ciffyh\/wp-content\/uploads\/sites\/10\/2018\/02\/cropped-logo-ciffyh-ico.png\",\"contentUrl\":\"https:\/\/ffyh.unc.edu.ar\/ciffyh\/wp-content\/uploads\/sites\/10\/2018\/02\/cropped-logo-ciffyh-ico.png\",\"width\":512,\"height\":512,\"caption\":\"Centro de Investigaciones \\\"Maria Saleme de Burnichon\\\"\"},\"image\":{\"@id\":\"https:\/\/ffyh.unc.edu.ar\/ciffyh\/#\/schema\/logo\/image\/\"},\"sameAs\":[\"https:\/\/www.instagram.com\/ciffyh\/\"]},{\"@type\":\"Person\",\"@id\":\"https:\/\/ffyh.unc.edu.ar\/ciffyh\/#\/schema\/person\/136b8e7d00e5053aff43b3dc53e99bc0\",\"name\":\"tecnicaciffyh\",\"image\":{\"@type\":\"ImageObject\",\"inLanguage\":\"es\",\"@id\":\"https:\/\/ffyh.unc.edu.ar\/ciffyh\/#\/schema\/person\/image\/\",\"url\":\"https:\/\/secure.gravatar.com\/avatar\/dce86f5e9bf49e3aa9e05e7ed5904a9112e25483e3c8f175eb93b2f53a67c2e4?s=96&d=mm&r=g\",\"contentUrl\":\"https:\/\/secure.gravatar.com\/avatar\/dce86f5e9bf49e3aa9e05e7ed5904a9112e25483e3c8f175eb93b2f53a67c2e4?s=96&d=mm&r=g\",\"caption\":\"tecnicaciffyh\"},\"url\":\"https:\/\/ffyh.unc.edu.ar\/ciffyh\/author\/tecnicaciffyh\/\"}]}<\/script>\n<!-- \/ Yoast SEO plugin. -->","yoast_head_json":{"title":"Nueva publicaci\u00f3n de Colecciones del Ciffyh: Alfabetizaci\u00f3n disciplinar y formaci\u00f3n docente - Centro de Investigaciones &quot;Maria Saleme de Burnichon&quot;","robots":{"index":"index","follow":"follow","max-snippet":"max-snippet:-1","max-image-preview":"max-image-preview:large","max-video-preview":"max-video-preview:-1"},"canonical":"https:\/\/ffyh.unc.edu.ar\/ciffyh\/nueva-publicacion-de-colecciones-del-ciffyh-alfabetizacion-disciplinar-y-formacion-docente\/","og_locale":"es_ES","og_type":"article","og_title":"Nueva publicaci\u00f3n de Colecciones del Ciffyh: Alfabetizaci\u00f3n disciplinar y formaci\u00f3n docente - Centro de Investigaciones &quot;Maria Saleme de Burnichon&quot;","og_description":"Alfabetizaci\u00f3n disciplinar y formaci\u00f3n docente. Conversaciones sobre pr\u00e1cticas discursivas, es el nuevo t\u00edtulo publicado para las Colecciones del Ciffyh. Compilado","og_url":"https:\/\/ffyh.unc.edu.ar\/ciffyh\/nueva-publicacion-de-colecciones-del-ciffyh-alfabetizacion-disciplinar-y-formacion-docente\/","og_site_name":"Centro de Investigaciones &quot;Maria Saleme de Burnichon&quot;","article_published_time":"2024-10-01T15:36:15+00:00","article_modified_time":"2024-10-01T16:25:18+00:00","og_image":[{"width":2560,"height":1424,"url":"http:\/\/ffyh.unc.edu.ar\/ciffyh\/wp-content\/uploads\/sites\/10\/2024\/09\/novedadeditorial-borioli-scaled.jpg","type":"image\/jpeg"}],"author":"tecnicaciffyh","twitter_card":"summary_large_image","twitter_misc":{"Escrito por":false,"Tiempo de lectura":"2 minutos"},"schema":{"@context":"https:\/\/schema.org","@graph":[{"@type":"Article","@id":"https:\/\/ffyh.unc.edu.ar\/ciffyh\/nueva-publicacion-de-colecciones-del-ciffyh-alfabetizacion-disciplinar-y-formacion-docente\/#article","isPartOf":{"@id":"https:\/\/ffyh.unc.edu.ar\/ciffyh\/nueva-publicacion-de-colecciones-del-ciffyh-alfabetizacion-disciplinar-y-formacion-docente\/"},"author":{"name":"tecnicaciffyh","@id":"https:\/\/ffyh.unc.edu.ar\/ciffyh\/#\/schema\/person\/136b8e7d00e5053aff43b3dc53e99bc0"},"headline":"Nueva publicaci\u00f3n de Colecciones del Ciffyh: Alfabetizaci\u00f3n disciplinar y formaci\u00f3n docente","datePublished":"2024-10-01T15:36:15+00:00","dateModified":"2024-10-01T16:25:18+00:00","mainEntityOfPage":{"@id":"https:\/\/ffyh.unc.edu.ar\/ciffyh\/nueva-publicacion-de-colecciones-del-ciffyh-alfabetizacion-disciplinar-y-formacion-docente\/"},"wordCount":303,"publisher":{"@id":"https:\/\/ffyh.unc.edu.ar\/ciffyh\/#organization"},"image":{"@id":"https:\/\/ffyh.unc.edu.ar\/ciffyh\/nueva-publicacion-de-colecciones-del-ciffyh-alfabetizacion-disciplinar-y-formacion-docente\/#primaryimage"},"thumbnailUrl":"https:\/\/ffyh.unc.edu.ar\/ciffyh\/wp-content\/uploads\/sites\/10\/2024\/09\/novedadeditorial-borioli-scaled.jpg","articleSection":["\u00c1rea Educaci\u00f3n","Colecciones del CIFFyH"],"inLanguage":"es"},{"@type":"WebPage","@id":"https:\/\/ffyh.unc.edu.ar\/ciffyh\/nueva-publicacion-de-colecciones-del-ciffyh-alfabetizacion-disciplinar-y-formacion-docente\/","url":"https:\/\/ffyh.unc.edu.ar\/ciffyh\/nueva-publicacion-de-colecciones-del-ciffyh-alfabetizacion-disciplinar-y-formacion-docente\/","name":"Nueva publicaci\u00f3n de Colecciones del Ciffyh: Alfabetizaci\u00f3n disciplinar y formaci\u00f3n docente - Centro de Investigaciones &quot;Maria Saleme de Burnichon&quot;","isPartOf":{"@id":"https:\/\/ffyh.unc.edu.ar\/ciffyh\/#website"},"primaryImageOfPage":{"@id":"https:\/\/ffyh.unc.edu.ar\/ciffyh\/nueva-publicacion-de-colecciones-del-ciffyh-alfabetizacion-disciplinar-y-formacion-docente\/#primaryimage"},"image":{"@id":"https:\/\/ffyh.unc.edu.ar\/ciffyh\/nueva-publicacion-de-colecciones-del-ciffyh-alfabetizacion-disciplinar-y-formacion-docente\/#primaryimage"},"thumbnailUrl":"https:\/\/ffyh.unc.edu.ar\/ciffyh\/wp-content\/uploads\/sites\/10\/2024\/09\/novedadeditorial-borioli-scaled.jpg","datePublished":"2024-10-01T15:36:15+00:00","dateModified":"2024-10-01T16:25:18+00:00","breadcrumb":{"@id":"https:\/\/ffyh.unc.edu.ar\/ciffyh\/nueva-publicacion-de-colecciones-del-ciffyh-alfabetizacion-disciplinar-y-formacion-docente\/#breadcrumb"},"inLanguage":"es","potentialAction":[{"@type":"ReadAction","target":["https:\/\/ffyh.unc.edu.ar\/ciffyh\/nueva-publicacion-de-colecciones-del-ciffyh-alfabetizacion-disciplinar-y-formacion-docente\/"]}]},{"@type":"ImageObject","inLanguage":"es","@id":"https:\/\/ffyh.unc.edu.ar\/ciffyh\/nueva-publicacion-de-colecciones-del-ciffyh-alfabetizacion-disciplinar-y-formacion-docente\/#primaryimage","url":"https:\/\/ffyh.unc.edu.ar\/ciffyh\/wp-content\/uploads\/sites\/10\/2024\/09\/novedadeditorial-borioli-scaled.jpg","contentUrl":"https:\/\/ffyh.unc.edu.ar\/ciffyh\/wp-content\/uploads\/sites\/10\/2024\/09\/novedadeditorial-borioli-scaled.jpg","width":2560,"height":1424},{"@type":"BreadcrumbList","@id":"https:\/\/ffyh.unc.edu.ar\/ciffyh\/nueva-publicacion-de-colecciones-del-ciffyh-alfabetizacion-disciplinar-y-formacion-docente\/#breadcrumb","itemListElement":[{"@type":"ListItem","position":1,"name":"Portada","item":"https:\/\/ffyh.unc.edu.ar\/ciffyh\/"},{"@type":"ListItem","position":2,"name":"Nueva publicaci\u00f3n de Colecciones del Ciffyh: Alfabetizaci\u00f3n disciplinar y formaci\u00f3n docente"}]},{"@type":"WebSite","@id":"https:\/\/ffyh.unc.edu.ar\/ciffyh\/#website","url":"https:\/\/ffyh.unc.edu.ar\/ciffyh\/","name":"Centro de Investigaciones \"Maria Saleme de Burnichon\"","description":"Facultad de Filosof\u00eda y Humanidades | UNC","publisher":{"@id":"https:\/\/ffyh.unc.edu.ar\/ciffyh\/#organization"},"potentialAction":[{"@type":"SearchAction","target":{"@type":"EntryPoint","urlTemplate":"https:\/\/ffyh.unc.edu.ar\/ciffyh\/?s={search_term_string}"},"query-input":{"@type":"PropertyValueSpecification","valueRequired":true,"valueName":"search_term_string"}}],"inLanguage":"es"},{"@type":"Organization","@id":"https:\/\/ffyh.unc.edu.ar\/ciffyh\/#organization","name":"Centro de Investigaciones \"Maria Saleme de Burnichon\"","url":"https:\/\/ffyh.unc.edu.ar\/ciffyh\/","logo":{"@type":"ImageObject","inLanguage":"es","@id":"https:\/\/ffyh.unc.edu.ar\/ciffyh\/#\/schema\/logo\/image\/","url":"https:\/\/ffyh.unc.edu.ar\/ciffyh\/wp-content\/uploads\/sites\/10\/2018\/02\/cropped-logo-ciffyh-ico.png","contentUrl":"https:\/\/ffyh.unc.edu.ar\/ciffyh\/wp-content\/uploads\/sites\/10\/2018\/02\/cropped-logo-ciffyh-ico.png","width":512,"height":512,"caption":"Centro de Investigaciones \"Maria Saleme de Burnichon\""},"image":{"@id":"https:\/\/ffyh.unc.edu.ar\/ciffyh\/#\/schema\/logo\/image\/"},"sameAs":["https:\/\/www.instagram.com\/ciffyh\/"]},{"@type":"Person","@id":"https:\/\/ffyh.unc.edu.ar\/ciffyh\/#\/schema\/person\/136b8e7d00e5053aff43b3dc53e99bc0","name":"tecnicaciffyh","image":{"@type":"ImageObject","inLanguage":"es","@id":"https:\/\/ffyh.unc.edu.ar\/ciffyh\/#\/schema\/person\/image\/","url":"https:\/\/secure.gravatar.com\/avatar\/dce86f5e9bf49e3aa9e05e7ed5904a9112e25483e3c8f175eb93b2f53a67c2e4?s=96&d=mm&r=g","contentUrl":"https:\/\/secure.gravatar.com\/avatar\/dce86f5e9bf49e3aa9e05e7ed5904a9112e25483e3c8f175eb93b2f53a67c2e4?s=96&d=mm&r=g","caption":"tecnicaciffyh"},"url":"https:\/\/ffyh.unc.edu.ar\/ciffyh\/author\/tecnicaciffyh\/"}]}},"jetpack_featured_media_url":"https:\/\/ffyh.unc.edu.ar\/ciffyh\/wp-content\/uploads\/sites\/10\/2024\/09\/novedadeditorial-borioli-scaled.jpg","_links":{"self":[{"href":"https:\/\/ffyh.unc.edu.ar\/ciffyh\/wp-json\/wp\/v2\/posts\/7535","targetHints":{"allow":["GET"]}}],"collection":[{"href":"https:\/\/ffyh.unc.edu.ar\/ciffyh\/wp-json\/wp\/v2\/posts"}],"about":[{"href":"https:\/\/ffyh.unc.edu.ar\/ciffyh\/wp-json\/wp\/v2\/types\/post"}],"author":[{"embeddable":true,"href":"https:\/\/ffyh.unc.edu.ar\/ciffyh\/wp-json\/wp\/v2\/users\/39"}],"replies":[{"embeddable":true,"href":"https:\/\/ffyh.unc.edu.ar\/ciffyh\/wp-json\/wp\/v2\/comments?post=7535"}],"version-history":[{"count":5,"href":"https:\/\/ffyh.unc.edu.ar\/ciffyh\/wp-json\/wp\/v2\/posts\/7535\/revisions"}],"predecessor-version":[{"id":7545,"href":"https:\/\/ffyh.unc.edu.ar\/ciffyh\/wp-json\/wp\/v2\/posts\/7535\/revisions\/7545"}],"wp:featuredmedia":[{"embeddable":true,"href":"https:\/\/ffyh.unc.edu.ar\/ciffyh\/wp-json\/wp\/v2\/media\/7537"}],"wp:attachment":[{"href":"https:\/\/ffyh.unc.edu.ar\/ciffyh\/wp-json\/wp\/v2\/media?parent=7535"}],"wp:term":[{"taxonomy":"category","embeddable":true,"href":"https:\/\/ffyh.unc.edu.ar\/ciffyh\/wp-json\/wp\/v2\/categories?post=7535"},{"taxonomy":"post_tag","embeddable":true,"href":"https:\/\/ffyh.unc.edu.ar\/ciffyh\/wp-json\/wp\/v2\/tags?post=7535"}],"curies":[{"name":"wp","href":"https:\/\/api.w.org\/{rel}","templated":true}]}}