{"id":7743,"date":"2024-11-14T14:05:16","date_gmt":"2024-11-14T14:05:16","guid":{"rendered":"https:\/\/ffyh.unc.edu.ar\/ciffyh\/?p=7743"},"modified":"2024-11-14T14:05:16","modified_gmt":"2024-11-14T14:05:16","slug":"seminario-interno-de-estudios-causalidad-contingencia-y-relacion-textos-tradiciones-y-debates-en-la-filosofia-antigua-y-medieval","status":"publish","type":"post","link":"https:\/\/ffyh.unc.edu.ar\/ciffyh\/seminario-interno-de-estudios-causalidad-contingencia-y-relacion-textos-tradiciones-y-debates-en-la-filosofia-antigua-y-medieval\/","title":{"rendered":"Seminario Interno de Estudios \u201cCausalidad, contingencia y relaci\u00f3n: textos, tradiciones y debates en la filosof\u00eda Antigua y Medieval\u201d"},"content":{"rendered":"<p>El proyecto de investigaci\u00f3n \u201cCausalidad, contingencia y relaci\u00f3n: textos, tradiciones y debates en la filosof\u00eda Antigua y Medieval\u201d radicado en el Centro de Investigaciones de la FFyH \u201cMar\u00eda Saleme de Burnich\u00f3n\u201d organiza esta actividad para los d\u00edas\u00a021 y 22 de noviembre de 2024 en el Aula 6 del Pabell\u00f3n Casa Verde (Ciudad Universitaria).<\/p>\n<p><!--more--><\/p>\n<h3><strong>PROGRAMA<\/strong><\/h3>\n<h5><strong>Jueves 21 de noviembre<\/strong><\/h5>\n<p>Tom\u00e1s Scarpatti<\/p>\n<p>14- 14.40 hs.<\/p>\n<p><em>El ejercicio de la\u00a0<\/em>d\u00fdnamis\u00a0<em>dial\u00e9ctica de Teeteto en el\u00a0<\/em>Sofista\u00a0<em>de Plat\u00f3n: el paradigma del pescador y el m\u00e9todo de divisi\u00f3n.<\/em><\/p>\n<p>H\u00e9ctor Lascano<\/p>\n<p>14.40- 15.20 hs.<\/p>\n<p><em>\u00a0De si todo lenguaje supone un cuerpo. Proleg\u00f3menos plat\u00f3nicos.<\/em><\/p>\n<p><em>\u00a0<\/em>Flavia Dezzutto<\/p>\n<p>15.20- 16 hs.<\/p>\n<p><em>Ontolog\u00eda y axiolog\u00eda: el car\u00e1cter dem\u00f3nico de la virtud en Arist\u00f3teles.<\/em><\/p>\n<p><strong>Pausa<\/strong><\/p>\n<p>16- 16.30 hs.<\/p>\n<p><em>\u00a0<\/em>Lautaro Raue<\/p>\n<p>16.30- 17.10<\/p>\n<p><em>Reflexiones acerca de la noci\u00f3n de causalidad estoica o c\u00f3mo las afecciones pueden \u201ccausar\u201d representaciones en el alma desde Crisipo de Solos.<\/em><\/p>\n<p>Santiago Konstantinides<\/p>\n<p>17.10-17.50<\/p>\n<p><em>Determinismo causal y libertad en el\u00a0<\/em>De fato<em>\u00a0de Cicer\u00f3n<\/em><em>.<\/em><\/p>\n<p>Valeria Secchi<\/p>\n<p>17.50- 18.30<\/p>\n<p><em>Tareas de la<\/em>\u00a0Psykh\u00e9<em>\u00a0en Plotino: conversi\u00f3n, purificaci\u00f3n y semejanza.<\/em><\/p>\n<h5><strong>Viernes 22 de noviembre<\/strong><\/h5>\n<p>Mat\u00edas de Sousa<\/p>\n<p>14- 14.40 hs.<\/p>\n<p><em>\u201cA Imagen y Semejanza\u201d: la relaci\u00f3n entre el Hombre y Dios en Juan Escoto Eri\u00fagena.<\/em><\/p>\n<p>Francisco Cornella<\/p>\n<p>14.40- 15.20 hs.<\/p>\n<p><em>Relaci\u00f3n y causalidad en Quodlibet IX, 1 de Enrique de Gand.<\/em><\/p>\n<p>Valeria Pepino<\/p>\n<p>15.20- 16 hs.<\/p>\n<p><em>La posibilidad real de alternativas opuestas\u00a0<\/em>in eodem nunc\u00a0<em>en la consideraci\u00f3n acerca del libre albedr\u00edo de Pedro de Juan Olivi.<\/em><\/p>\n<p><strong>Pausa<\/strong><\/p>\n<p>16- 16.30 hs.<\/p>\n<p>Carlos Mart\u00ednez Ruiz<\/p>\n<p>16.30- 17.10<\/p>\n<p><em>Pedro de Juan Olivi sobre la distinci\u00f3n entre ser y esencia.<\/em><\/p>\n<p>Mateo Beltrame<\/p>\n<p>17.10-17.50<\/p>\n<p><em>Juan Duns Escoto y la metaf\u00edsica como ciencia divina: acerca de la posibilidad de especializaci\u00f3n de la ciencia trascendental en QSMA I,1.<\/em><\/p>\n<p><em>\u00a0<\/em>Catalina Zabala Peres<\/p>\n<p>17.50- 18.30<\/p>\n<p><em>Recepci\u00f3n luterana de la Gracia Divina agustiniana en la disputa con Erasmo de Rotterdam.<\/em><\/p>\n<hr \/>\n<p><strong><em>Actividad abierta la comunidad de la FFyH y p\u00fablico en general<\/em><\/strong><\/p>\n<p><img fetchpriority=\"high\" decoding=\"async\" class=\"alignnone size-full wp-image-7744\" src=\"http:\/\/ffyh.unc.edu.ar\/ciffyh\/wp-content\/uploads\/sites\/10\/2024\/11\/flyer-seminario.jpeg\" alt=\"\" width=\"1600\" height=\"1600\" srcset=\"https:\/\/ffyh.unc.edu.ar\/ciffyh\/wp-content\/uploads\/sites\/10\/2024\/11\/flyer-seminario.jpeg 1600w, https:\/\/ffyh.unc.edu.ar\/ciffyh\/wp-content\/uploads\/sites\/10\/2024\/11\/flyer-seminario-300x300.jpeg 300w, https:\/\/ffyh.unc.edu.ar\/ciffyh\/wp-content\/uploads\/sites\/10\/2024\/11\/flyer-seminario-1024x1024.jpeg 1024w, https:\/\/ffyh.unc.edu.ar\/ciffyh\/wp-content\/uploads\/sites\/10\/2024\/11\/flyer-seminario-150x150.jpeg 150w, https:\/\/ffyh.unc.edu.ar\/ciffyh\/wp-content\/uploads\/sites\/10\/2024\/11\/flyer-seminario-768x768.jpeg 768w, https:\/\/ffyh.unc.edu.ar\/ciffyh\/wp-content\/uploads\/sites\/10\/2024\/11\/flyer-seminario-1536x1536.jpeg 1536w, https:\/\/ffyh.unc.edu.ar\/ciffyh\/wp-content\/uploads\/sites\/10\/2024\/11\/flyer-seminario-1320x1320.jpeg 1320w\" sizes=\"(max-width: 1600px) 100vw, 1600px\" \/><\/p>\n","protected":false},"excerpt":{"rendered":"<p>El proyecto de investigaci\u00f3n \u201cCausalidad, contingencia y relaci\u00f3n: textos, tradiciones y debates en la filosof\u00eda Antigua y Medieval\u201d radicado en<\/p>\n","protected":false},"author":2,"featured_media":7744,"comment_status":"closed","ping_status":"closed","sticky":false,"template":"","format":"standard","meta":{"_acf_changed":false,"colormag_page_container_layout":"default_layout","colormag_page_sidebar_layout":"default_layout","footnotes":""},"categories":[49,7,61],"tags":[],"class_list":["post-7743","post","type-post","status-publish","format-standard","has-post-thumbnail","hentry","category-filosofia","category-jornadas","category-seminario"],"acf":[],"yoast_head":"<!-- This site is optimized with the Yoast SEO plugin v27.1.1 - https:\/\/yoast.com\/product\/yoast-seo-wordpress\/ -->\n<title>Seminario Interno de Estudios \u201cCausalidad, contingencia y relaci\u00f3n: textos, tradiciones y debates en la filosof\u00eda Antigua y Medieval\u201d - Centro de Investigaciones &quot;Maria Saleme de Burnichon&quot;<\/title>\n<meta name=\"robots\" content=\"index, follow, max-snippet:-1, max-image-preview:large, max-video-preview:-1\" \/>\n<link rel=\"canonical\" href=\"https:\/\/ffyh.unc.edu.ar\/ciffyh\/seminario-interno-de-estudios-causalidad-contingencia-y-relacion-textos-tradiciones-y-debates-en-la-filosofia-antigua-y-medieval\/\" \/>\n<meta property=\"og:locale\" content=\"es_ES\" \/>\n<meta property=\"og:type\" content=\"article\" \/>\n<meta property=\"og:title\" content=\"Seminario Interno de Estudios \u201cCausalidad, contingencia y relaci\u00f3n: textos, tradiciones y debates en la filosof\u00eda Antigua y Medieval\u201d - Centro de Investigaciones &quot;Maria Saleme de Burnichon&quot;\" \/>\n<meta property=\"og:description\" content=\"El proyecto de investigaci\u00f3n \u201cCausalidad, contingencia y relaci\u00f3n: textos, tradiciones y debates en la filosof\u00eda Antigua y Medieval\u201d radicado en\" \/>\n<meta property=\"og:url\" content=\"https:\/\/ffyh.unc.edu.ar\/ciffyh\/seminario-interno-de-estudios-causalidad-contingencia-y-relacion-textos-tradiciones-y-debates-en-la-filosofia-antigua-y-medieval\/\" \/>\n<meta property=\"og:site_name\" content=\"Centro de Investigaciones &quot;Maria Saleme de Burnichon&quot;\" \/>\n<meta property=\"article:published_time\" content=\"2024-11-14T14:05:16+00:00\" \/>\n<meta property=\"og:image\" content=\"http:\/\/ffyh.unc.edu.ar\/ciffyh\/wp-content\/uploads\/sites\/10\/2024\/11\/flyer-seminario.jpeg\" \/>\n\t<meta property=\"og:image:width\" content=\"1600\" \/>\n\t<meta property=\"og:image:height\" content=\"1600\" \/>\n\t<meta property=\"og:image:type\" content=\"image\/jpeg\" \/>\n<meta name=\"author\" content=\"\u00c1rea de Comunicaci\u00f3n - FFyH\" \/>\n<meta name=\"twitter:card\" content=\"summary_large_image\" \/>\n<meta name=\"twitter:label1\" content=\"Escrito por\" \/>\n\t<meta name=\"twitter:data1\" content=\"\" \/>\n\t<meta name=\"twitter:label2\" content=\"Tiempo de lectura\" \/>\n\t<meta name=\"twitter:data2\" content=\"2 minutos\" \/>\n<script type=\"application\/ld+json\" class=\"yoast-schema-graph\">{\"@context\":\"https:\/\/schema.org\",\"@graph\":[{\"@type\":\"Article\",\"@id\":\"https:\/\/ffyh.unc.edu.ar\/ciffyh\/seminario-interno-de-estudios-causalidad-contingencia-y-relacion-textos-tradiciones-y-debates-en-la-filosofia-antigua-y-medieval\/#article\",\"isPartOf\":{\"@id\":\"https:\/\/ffyh.unc.edu.ar\/ciffyh\/seminario-interno-de-estudios-causalidad-contingencia-y-relacion-textos-tradiciones-y-debates-en-la-filosofia-antigua-y-medieval\/\"},\"author\":{\"name\":\"\u00c1rea de Comunicaci\u00f3n - FFyH\",\"@id\":\"https:\/\/ffyh.unc.edu.ar\/ciffyh\/#\/schema\/person\/e6b9f6aec95cb7437bb2fde09e23b224\"},\"headline\":\"Seminario Interno de Estudios \u201cCausalidad, contingencia y relaci\u00f3n: textos, tradiciones y debates en la filosof\u00eda Antigua y Medieval\u201d\",\"datePublished\":\"2024-11-14T14:05:16+00:00\",\"mainEntityOfPage\":{\"@id\":\"https:\/\/ffyh.unc.edu.ar\/ciffyh\/seminario-interno-de-estudios-causalidad-contingencia-y-relacion-textos-tradiciones-y-debates-en-la-filosofia-antigua-y-medieval\/\"},\"wordCount\":354,\"publisher\":{\"@id\":\"https:\/\/ffyh.unc.edu.ar\/ciffyh\/#organization\"},\"image\":{\"@id\":\"https:\/\/ffyh.unc.edu.ar\/ciffyh\/seminario-interno-de-estudios-causalidad-contingencia-y-relacion-textos-tradiciones-y-debates-en-la-filosofia-antigua-y-medieval\/#primaryimage\"},\"thumbnailUrl\":\"https:\/\/ffyh.unc.edu.ar\/ciffyh\/wp-content\/uploads\/sites\/10\/2024\/11\/flyer-seminario.jpeg\",\"articleSection\":[\"\u00c1rea Filosof\u00eda\",\"Jornadas\",\"Seminario\"],\"inLanguage\":\"es\"},{\"@type\":\"WebPage\",\"@id\":\"https:\/\/ffyh.unc.edu.ar\/ciffyh\/seminario-interno-de-estudios-causalidad-contingencia-y-relacion-textos-tradiciones-y-debates-en-la-filosofia-antigua-y-medieval\/\",\"url\":\"https:\/\/ffyh.unc.edu.ar\/ciffyh\/seminario-interno-de-estudios-causalidad-contingencia-y-relacion-textos-tradiciones-y-debates-en-la-filosofia-antigua-y-medieval\/\",\"name\":\"Seminario Interno de Estudios \u201cCausalidad, contingencia y relaci\u00f3n: textos, tradiciones y debates en la filosof\u00eda Antigua y Medieval\u201d - Centro de Investigaciones &quot;Maria Saleme de Burnichon&quot;\",\"isPartOf\":{\"@id\":\"https:\/\/ffyh.unc.edu.ar\/ciffyh\/#website\"},\"primaryImageOfPage\":{\"@id\":\"https:\/\/ffyh.unc.edu.ar\/ciffyh\/seminario-interno-de-estudios-causalidad-contingencia-y-relacion-textos-tradiciones-y-debates-en-la-filosofia-antigua-y-medieval\/#primaryimage\"},\"image\":{\"@id\":\"https:\/\/ffyh.unc.edu.ar\/ciffyh\/seminario-interno-de-estudios-causalidad-contingencia-y-relacion-textos-tradiciones-y-debates-en-la-filosofia-antigua-y-medieval\/#primaryimage\"},\"thumbnailUrl\":\"https:\/\/ffyh.unc.edu.ar\/ciffyh\/wp-content\/uploads\/sites\/10\/2024\/11\/flyer-seminario.jpeg\",\"datePublished\":\"2024-11-14T14:05:16+00:00\",\"breadcrumb\":{\"@id\":\"https:\/\/ffyh.unc.edu.ar\/ciffyh\/seminario-interno-de-estudios-causalidad-contingencia-y-relacion-textos-tradiciones-y-debates-en-la-filosofia-antigua-y-medieval\/#breadcrumb\"},\"inLanguage\":\"es\",\"potentialAction\":[{\"@type\":\"ReadAction\",\"target\":[\"https:\/\/ffyh.unc.edu.ar\/ciffyh\/seminario-interno-de-estudios-causalidad-contingencia-y-relacion-textos-tradiciones-y-debates-en-la-filosofia-antigua-y-medieval\/\"]}]},{\"@type\":\"ImageObject\",\"inLanguage\":\"es\",\"@id\":\"https:\/\/ffyh.unc.edu.ar\/ciffyh\/seminario-interno-de-estudios-causalidad-contingencia-y-relacion-textos-tradiciones-y-debates-en-la-filosofia-antigua-y-medieval\/#primaryimage\",\"url\":\"https:\/\/ffyh.unc.edu.ar\/ciffyh\/wp-content\/uploads\/sites\/10\/2024\/11\/flyer-seminario.jpeg\",\"contentUrl\":\"https:\/\/ffyh.unc.edu.ar\/ciffyh\/wp-content\/uploads\/sites\/10\/2024\/11\/flyer-seminario.jpeg\",\"width\":1600,\"height\":1600},{\"@type\":\"BreadcrumbList\",\"@id\":\"https:\/\/ffyh.unc.edu.ar\/ciffyh\/seminario-interno-de-estudios-causalidad-contingencia-y-relacion-textos-tradiciones-y-debates-en-la-filosofia-antigua-y-medieval\/#breadcrumb\",\"itemListElement\":[{\"@type\":\"ListItem\",\"position\":1,\"name\":\"Portada\",\"item\":\"https:\/\/ffyh.unc.edu.ar\/ciffyh\/\"},{\"@type\":\"ListItem\",\"position\":2,\"name\":\"Seminario Interno de Estudios \u201cCausalidad, contingencia y relaci\u00f3n: textos, tradiciones y debates en la filosof\u00eda Antigua y Medieval\u201d\"}]},{\"@type\":\"WebSite\",\"@id\":\"https:\/\/ffyh.unc.edu.ar\/ciffyh\/#website\",\"url\":\"https:\/\/ffyh.unc.edu.ar\/ciffyh\/\",\"name\":\"Centro de Investigaciones \\\"Maria Saleme de Burnichon\\\"\",\"description\":\"Facultad de Filosof\u00eda y Humanidades | UNC\",\"publisher\":{\"@id\":\"https:\/\/ffyh.unc.edu.ar\/ciffyh\/#organization\"},\"potentialAction\":[{\"@type\":\"SearchAction\",\"target\":{\"@type\":\"EntryPoint\",\"urlTemplate\":\"https:\/\/ffyh.unc.edu.ar\/ciffyh\/?s={search_term_string}\"},\"query-input\":{\"@type\":\"PropertyValueSpecification\",\"valueRequired\":true,\"valueName\":\"search_term_string\"}}],\"inLanguage\":\"es\"},{\"@type\":\"Organization\",\"@id\":\"https:\/\/ffyh.unc.edu.ar\/ciffyh\/#organization\",\"name\":\"Centro de Investigaciones \\\"Maria Saleme de Burnichon\\\"\",\"url\":\"https:\/\/ffyh.unc.edu.ar\/ciffyh\/\",\"logo\":{\"@type\":\"ImageObject\",\"inLanguage\":\"es\",\"@id\":\"https:\/\/ffyh.unc.edu.ar\/ciffyh\/#\/schema\/logo\/image\/\",\"url\":\"https:\/\/ffyh.unc.edu.ar\/ciffyh\/wp-content\/uploads\/sites\/10\/2018\/02\/cropped-logo-ciffyh-ico.png\",\"contentUrl\":\"https:\/\/ffyh.unc.edu.ar\/ciffyh\/wp-content\/uploads\/sites\/10\/2018\/02\/cropped-logo-ciffyh-ico.png\",\"width\":512,\"height\":512,\"caption\":\"Centro de Investigaciones \\\"Maria Saleme de Burnichon\\\"\"},\"image\":{\"@id\":\"https:\/\/ffyh.unc.edu.ar\/ciffyh\/#\/schema\/logo\/image\/\"},\"sameAs\":[\"https:\/\/www.instagram.com\/ciffyh\/\"]},{\"@type\":\"Person\",\"@id\":\"https:\/\/ffyh.unc.edu.ar\/ciffyh\/#\/schema\/person\/e6b9f6aec95cb7437bb2fde09e23b224\",\"name\":\"\u00c1rea de Comunicaci\u00f3n - FFyH\",\"image\":{\"@type\":\"ImageObject\",\"inLanguage\":\"es\",\"@id\":\"https:\/\/ffyh.unc.edu.ar\/ciffyh\/#\/schema\/person\/image\/\",\"url\":\"https:\/\/secure.gravatar.com\/avatar\/1d896d10b19526e4cb6e972ca0f1b6719a4697e2d88742a801b88b3682d5be75?s=96&d=mm&r=g\",\"contentUrl\":\"https:\/\/secure.gravatar.com\/avatar\/1d896d10b19526e4cb6e972ca0f1b6719a4697e2d88742a801b88b3682d5be75?s=96&d=mm&r=g\",\"caption\":\"\u00c1rea de Comunicaci\u00f3n - FFyH\"},\"url\":\"https:\/\/ffyh.unc.edu.ar\/ciffyh\/author\/prensa\/\"}]}<\/script>\n<!-- \/ Yoast SEO plugin. -->","yoast_head_json":{"title":"Seminario Interno de Estudios \u201cCausalidad, contingencia y relaci\u00f3n: textos, tradiciones y debates en la filosof\u00eda Antigua y Medieval\u201d - Centro de Investigaciones &quot;Maria Saleme de Burnichon&quot;","robots":{"index":"index","follow":"follow","max-snippet":"max-snippet:-1","max-image-preview":"max-image-preview:large","max-video-preview":"max-video-preview:-1"},"canonical":"https:\/\/ffyh.unc.edu.ar\/ciffyh\/seminario-interno-de-estudios-causalidad-contingencia-y-relacion-textos-tradiciones-y-debates-en-la-filosofia-antigua-y-medieval\/","og_locale":"es_ES","og_type":"article","og_title":"Seminario Interno de Estudios \u201cCausalidad, contingencia y relaci\u00f3n: textos, tradiciones y debates en la filosof\u00eda Antigua y Medieval\u201d - Centro de Investigaciones &quot;Maria Saleme de Burnichon&quot;","og_description":"El proyecto de investigaci\u00f3n \u201cCausalidad, contingencia y relaci\u00f3n: textos, tradiciones y debates en la filosof\u00eda Antigua y Medieval\u201d radicado en","og_url":"https:\/\/ffyh.unc.edu.ar\/ciffyh\/seminario-interno-de-estudios-causalidad-contingencia-y-relacion-textos-tradiciones-y-debates-en-la-filosofia-antigua-y-medieval\/","og_site_name":"Centro de Investigaciones &quot;Maria Saleme de Burnichon&quot;","article_published_time":"2024-11-14T14:05:16+00:00","og_image":[{"width":1600,"height":1600,"url":"http:\/\/ffyh.unc.edu.ar\/ciffyh\/wp-content\/uploads\/sites\/10\/2024\/11\/flyer-seminario.jpeg","type":"image\/jpeg"}],"author":"\u00c1rea de Comunicaci\u00f3n - FFyH","twitter_card":"summary_large_image","twitter_misc":{"Escrito por":false,"Tiempo de lectura":"2 minutos"},"schema":{"@context":"https:\/\/schema.org","@graph":[{"@type":"Article","@id":"https:\/\/ffyh.unc.edu.ar\/ciffyh\/seminario-interno-de-estudios-causalidad-contingencia-y-relacion-textos-tradiciones-y-debates-en-la-filosofia-antigua-y-medieval\/#article","isPartOf":{"@id":"https:\/\/ffyh.unc.edu.ar\/ciffyh\/seminario-interno-de-estudios-causalidad-contingencia-y-relacion-textos-tradiciones-y-debates-en-la-filosofia-antigua-y-medieval\/"},"author":{"name":"\u00c1rea de Comunicaci\u00f3n - FFyH","@id":"https:\/\/ffyh.unc.edu.ar\/ciffyh\/#\/schema\/person\/e6b9f6aec95cb7437bb2fde09e23b224"},"headline":"Seminario Interno de Estudios \u201cCausalidad, contingencia y relaci\u00f3n: textos, tradiciones y debates en la filosof\u00eda Antigua y Medieval\u201d","datePublished":"2024-11-14T14:05:16+00:00","mainEntityOfPage":{"@id":"https:\/\/ffyh.unc.edu.ar\/ciffyh\/seminario-interno-de-estudios-causalidad-contingencia-y-relacion-textos-tradiciones-y-debates-en-la-filosofia-antigua-y-medieval\/"},"wordCount":354,"publisher":{"@id":"https:\/\/ffyh.unc.edu.ar\/ciffyh\/#organization"},"image":{"@id":"https:\/\/ffyh.unc.edu.ar\/ciffyh\/seminario-interno-de-estudios-causalidad-contingencia-y-relacion-textos-tradiciones-y-debates-en-la-filosofia-antigua-y-medieval\/#primaryimage"},"thumbnailUrl":"https:\/\/ffyh.unc.edu.ar\/ciffyh\/wp-content\/uploads\/sites\/10\/2024\/11\/flyer-seminario.jpeg","articleSection":["\u00c1rea Filosof\u00eda","Jornadas","Seminario"],"inLanguage":"es"},{"@type":"WebPage","@id":"https:\/\/ffyh.unc.edu.ar\/ciffyh\/seminario-interno-de-estudios-causalidad-contingencia-y-relacion-textos-tradiciones-y-debates-en-la-filosofia-antigua-y-medieval\/","url":"https:\/\/ffyh.unc.edu.ar\/ciffyh\/seminario-interno-de-estudios-causalidad-contingencia-y-relacion-textos-tradiciones-y-debates-en-la-filosofia-antigua-y-medieval\/","name":"Seminario Interno de Estudios \u201cCausalidad, contingencia y relaci\u00f3n: textos, tradiciones y debates en la filosof\u00eda Antigua y Medieval\u201d - Centro de Investigaciones &quot;Maria Saleme de Burnichon&quot;","isPartOf":{"@id":"https:\/\/ffyh.unc.edu.ar\/ciffyh\/#website"},"primaryImageOfPage":{"@id":"https:\/\/ffyh.unc.edu.ar\/ciffyh\/seminario-interno-de-estudios-causalidad-contingencia-y-relacion-textos-tradiciones-y-debates-en-la-filosofia-antigua-y-medieval\/#primaryimage"},"image":{"@id":"https:\/\/ffyh.unc.edu.ar\/ciffyh\/seminario-interno-de-estudios-causalidad-contingencia-y-relacion-textos-tradiciones-y-debates-en-la-filosofia-antigua-y-medieval\/#primaryimage"},"thumbnailUrl":"https:\/\/ffyh.unc.edu.ar\/ciffyh\/wp-content\/uploads\/sites\/10\/2024\/11\/flyer-seminario.jpeg","datePublished":"2024-11-14T14:05:16+00:00","breadcrumb":{"@id":"https:\/\/ffyh.unc.edu.ar\/ciffyh\/seminario-interno-de-estudios-causalidad-contingencia-y-relacion-textos-tradiciones-y-debates-en-la-filosofia-antigua-y-medieval\/#breadcrumb"},"inLanguage":"es","potentialAction":[{"@type":"ReadAction","target":["https:\/\/ffyh.unc.edu.ar\/ciffyh\/seminario-interno-de-estudios-causalidad-contingencia-y-relacion-textos-tradiciones-y-debates-en-la-filosofia-antigua-y-medieval\/"]}]},{"@type":"ImageObject","inLanguage":"es","@id":"https:\/\/ffyh.unc.edu.ar\/ciffyh\/seminario-interno-de-estudios-causalidad-contingencia-y-relacion-textos-tradiciones-y-debates-en-la-filosofia-antigua-y-medieval\/#primaryimage","url":"https:\/\/ffyh.unc.edu.ar\/ciffyh\/wp-content\/uploads\/sites\/10\/2024\/11\/flyer-seminario.jpeg","contentUrl":"https:\/\/ffyh.unc.edu.ar\/ciffyh\/wp-content\/uploads\/sites\/10\/2024\/11\/flyer-seminario.jpeg","width":1600,"height":1600},{"@type":"BreadcrumbList","@id":"https:\/\/ffyh.unc.edu.ar\/ciffyh\/seminario-interno-de-estudios-causalidad-contingencia-y-relacion-textos-tradiciones-y-debates-en-la-filosofia-antigua-y-medieval\/#breadcrumb","itemListElement":[{"@type":"ListItem","position":1,"name":"Portada","item":"https:\/\/ffyh.unc.edu.ar\/ciffyh\/"},{"@type":"ListItem","position":2,"name":"Seminario Interno de Estudios \u201cCausalidad, contingencia y relaci\u00f3n: textos, tradiciones y debates en la filosof\u00eda Antigua y Medieval\u201d"}]},{"@type":"WebSite","@id":"https:\/\/ffyh.unc.edu.ar\/ciffyh\/#website","url":"https:\/\/ffyh.unc.edu.ar\/ciffyh\/","name":"Centro de Investigaciones \"Maria Saleme de Burnichon\"","description":"Facultad de Filosof\u00eda y Humanidades | UNC","publisher":{"@id":"https:\/\/ffyh.unc.edu.ar\/ciffyh\/#organization"},"potentialAction":[{"@type":"SearchAction","target":{"@type":"EntryPoint","urlTemplate":"https:\/\/ffyh.unc.edu.ar\/ciffyh\/?s={search_term_string}"},"query-input":{"@type":"PropertyValueSpecification","valueRequired":true,"valueName":"search_term_string"}}],"inLanguage":"es"},{"@type":"Organization","@id":"https:\/\/ffyh.unc.edu.ar\/ciffyh\/#organization","name":"Centro de Investigaciones \"Maria Saleme de Burnichon\"","url":"https:\/\/ffyh.unc.edu.ar\/ciffyh\/","logo":{"@type":"ImageObject","inLanguage":"es","@id":"https:\/\/ffyh.unc.edu.ar\/ciffyh\/#\/schema\/logo\/image\/","url":"https:\/\/ffyh.unc.edu.ar\/ciffyh\/wp-content\/uploads\/sites\/10\/2018\/02\/cropped-logo-ciffyh-ico.png","contentUrl":"https:\/\/ffyh.unc.edu.ar\/ciffyh\/wp-content\/uploads\/sites\/10\/2018\/02\/cropped-logo-ciffyh-ico.png","width":512,"height":512,"caption":"Centro de Investigaciones \"Maria Saleme de Burnichon\""},"image":{"@id":"https:\/\/ffyh.unc.edu.ar\/ciffyh\/#\/schema\/logo\/image\/"},"sameAs":["https:\/\/www.instagram.com\/ciffyh\/"]},{"@type":"Person","@id":"https:\/\/ffyh.unc.edu.ar\/ciffyh\/#\/schema\/person\/e6b9f6aec95cb7437bb2fde09e23b224","name":"\u00c1rea de Comunicaci\u00f3n - FFyH","image":{"@type":"ImageObject","inLanguage":"es","@id":"https:\/\/ffyh.unc.edu.ar\/ciffyh\/#\/schema\/person\/image\/","url":"https:\/\/secure.gravatar.com\/avatar\/1d896d10b19526e4cb6e972ca0f1b6719a4697e2d88742a801b88b3682d5be75?s=96&d=mm&r=g","contentUrl":"https:\/\/secure.gravatar.com\/avatar\/1d896d10b19526e4cb6e972ca0f1b6719a4697e2d88742a801b88b3682d5be75?s=96&d=mm&r=g","caption":"\u00c1rea de Comunicaci\u00f3n - FFyH"},"url":"https:\/\/ffyh.unc.edu.ar\/ciffyh\/author\/prensa\/"}]}},"jetpack_featured_media_url":"https:\/\/ffyh.unc.edu.ar\/ciffyh\/wp-content\/uploads\/sites\/10\/2024\/11\/flyer-seminario.jpeg","_links":{"self":[{"href":"https:\/\/ffyh.unc.edu.ar\/ciffyh\/wp-json\/wp\/v2\/posts\/7743","targetHints":{"allow":["GET"]}}],"collection":[{"href":"https:\/\/ffyh.unc.edu.ar\/ciffyh\/wp-json\/wp\/v2\/posts"}],"about":[{"href":"https:\/\/ffyh.unc.edu.ar\/ciffyh\/wp-json\/wp\/v2\/types\/post"}],"author":[{"embeddable":true,"href":"https:\/\/ffyh.unc.edu.ar\/ciffyh\/wp-json\/wp\/v2\/users\/2"}],"replies":[{"embeddable":true,"href":"https:\/\/ffyh.unc.edu.ar\/ciffyh\/wp-json\/wp\/v2\/comments?post=7743"}],"version-history":[{"count":1,"href":"https:\/\/ffyh.unc.edu.ar\/ciffyh\/wp-json\/wp\/v2\/posts\/7743\/revisions"}],"predecessor-version":[{"id":7745,"href":"https:\/\/ffyh.unc.edu.ar\/ciffyh\/wp-json\/wp\/v2\/posts\/7743\/revisions\/7745"}],"wp:featuredmedia":[{"embeddable":true,"href":"https:\/\/ffyh.unc.edu.ar\/ciffyh\/wp-json\/wp\/v2\/media\/7744"}],"wp:attachment":[{"href":"https:\/\/ffyh.unc.edu.ar\/ciffyh\/wp-json\/wp\/v2\/media?parent=7743"}],"wp:term":[{"taxonomy":"category","embeddable":true,"href":"https:\/\/ffyh.unc.edu.ar\/ciffyh\/wp-json\/wp\/v2\/categories?post=7743"},{"taxonomy":"post_tag","embeddable":true,"href":"https:\/\/ffyh.unc.edu.ar\/ciffyh\/wp-json\/wp\/v2\/tags?post=7743"}],"curies":[{"name":"wp","href":"https:\/\/api.w.org\/{rel}","templated":true}]}}