{"id":7803,"date":"2024-12-03T16:42:49","date_gmt":"2024-12-03T16:42:49","guid":{"rendered":"https:\/\/ffyh.unc.edu.ar\/ciffyh\/?p=7803"},"modified":"2024-12-03T16:50:03","modified_gmt":"2024-12-03T16:50:03","slug":"nuevo-numero-de-la-revista-intersticios-dossierescribir-en-desde-el-intersticio-resistencias-y-transgresiones-escriturales-en-america-parte-ii","status":"publish","type":"post","link":"https:\/\/ffyh.unc.edu.ar\/ciffyh\/nuevo-numero-de-la-revista-intersticios-dossierescribir-en-desde-el-intersticio-resistencias-y-transgresiones-escriturales-en-america-parte-ii\/","title":{"rendered":"Nuevo n\u00famero de la revista Intersticios | Dossier:Escribir en-desde el intersticio: resistencias y transgresiones escriturales en Am\u00e9rica. Parte II"},"content":{"rendered":"<p><em>Ya se encuentra disponible el n\u00famero 26 de la revista<img decoding=\"async\" class=\"alignright size-thumbnail wp-image-7804\" src=\"http:\/\/ffyh.unc.edu.ar\/ciffyh\/wp-content\/uploads\/sites\/10\/2024\/12\/tapa-intersticios-26-150x150.png\" alt=\"\" width=\"150\" height=\"150\" \/> digital\u00a0<strong>Intersticios de la pol\u00edtica y la cultura. Intervenciones latinoamericanas\u00a0<\/strong>cuyo dossier es: <a href=\"https:\/\/revistas.unc.edu.ar\/index.php\/intersticios\/issue\/view\/3087\" target=\"_blank\" rel=\"noopener\">Escribir en-desde el intersticio: resistencias y transgresiones escriturales en Am\u00e9rica. Parte II.<\/a><\/em><\/p>\n<p>En la presentaci\u00f3n de esta edici\u00f3n, Ana Britos, Manuel Fontenla y Magdalena Gonz\u00e1lez Alamada como editora invitada, ponen el foco en el 75\u00ba aniversario de la implementaci\u00f3n de la gratuidad universitaria, adoptada por Juan Domingo Per\u00f3n el 22 de noviembre y 1949 y resaltan la importancia de traer a colaci\u00f3n esta medida en un \u00abcontexto signado por un feroz ataque a toda la comunidad universitaria, plasmado en la reducci\u00f3n del presupuesto universitario a limites inviables que empuja a cada universidad, docente, estudiante y trabajador a la imposibilidad de acceder a un derecho inalienable como es la educaci\u00f3n\u00bb.<\/p>\n<p>En relaci\u00f3n al dossier, expresan que \u00abrepara en aquellos ejercicios de escritura que con frecuencia se ubican en una<br \/>\ncr\u00edtica respecto de sus c\u00e1nones o tradiciones de referencia. Pensar en un <em>intersticio<\/em>\u00a0escritural es dar la posibilidad de una apertura hacia nuevas acciones reflexivas que interrumpen el ritmo incesante de una producci\u00f3n de conocimiento que, enocasiones, se vuelve hegem\u00f3nica y masiva\u00bb.<\/p>\n<p>A lo largo de este volumen encontrar\u00e1n la siguiente tabla de contenidos:<\/p>\n<p><a href=\"https:\/\/revistas.unc.edu.ar\/index.php\/intersticios\/article\/view\/47385\" target=\"_blank\" rel=\"noopener\" data-saferedirecturl=\"https:\/\/www.google.com\/url?q=https:\/\/revistas.unc.edu.ar\/index.php\/intersticios\/article\/view\/47385&amp;source=gmail&amp;ust=1733314928358000&amp;usg=AOvVaw1otfhrvUf95dy11pCMTbTW\">Editorial<\/a>\u00a01-6<\/p>\n<div><\/div>\n<p><b>Art\u00edculos para Dossier<\/b><b>\u00a0<\/b><\/p>\n<p><a href=\"https:\/\/revistas.unc.edu.ar\/index.php\/intersticios\/article\/view\/42473\" target=\"_blank\" rel=\"noopener\" data-saferedirecturl=\"https:\/\/www.google.com\/url?q=https:\/\/revistas.unc.edu.ar\/index.php\/intersticios\/article\/view\/42473&amp;source=gmail&amp;ust=1733314928358000&amp;usg=AOvVaw3pjfKD21j5lzic7M6E3E4M\">\u201cEstetismo comercial\u201d: cr\u00edtica de Reinaga a Fernando Diez de Medina<\/a>\u00a07-38<b><\/b><\/p>\n<p><a href=\"https:\/\/revistas.unc.edu.ar\/index.php\/intersticios\/article\/view\/42218\" target=\"_blank\" rel=\"noopener\" data-saferedirecturl=\"https:\/\/www.google.com\/url?q=https:\/\/revistas.unc.edu.ar\/index.php\/intersticios\/article\/view\/42218&amp;source=gmail&amp;ust=1733314928358000&amp;usg=AOvVaw2Mh2U6GIYSqZ3dLuVSLcTo\">El equilibrio entre la norma y la monstruosidad. La elecci\u00f3n de una \u201cyo como autora\u201d en publicaciones acad\u00e9micas<\/a>\u00a039-72<\/p>\n<p><a href=\"https:\/\/revistas.unc.edu.ar\/index.php\/intersticios\/article\/view\/44906\" target=\"_blank\" rel=\"noopener\" data-saferedirecturl=\"https:\/\/www.google.com\/url?q=https:\/\/revistas.unc.edu.ar\/index.php\/intersticios\/article\/view\/44906&amp;source=gmail&amp;ust=1733314928358000&amp;usg=AOvVaw2Bb6G5LF50_QuMl7KaH8fI\">Autobiograf\u00edas lectoras de escritoras latinoamericanas. Notas en torno a Lector&amp;s, colecci\u00f3n de la Editorial Ampersand<\/a>\u00a073-93<\/p>\n<p><a href=\"https:\/\/revistas.unc.edu.ar\/index.php\/intersticios\/article\/view\/42464\" target=\"_blank\" rel=\"noopener\" data-saferedirecturl=\"https:\/\/www.google.com\/url?q=https:\/\/revistas.unc.edu.ar\/index.php\/intersticios\/article\/view\/42464&amp;source=gmail&amp;ust=1733314928358000&amp;usg=AOvVaw0o05D9qUQpsOhu_W1fD2Mv\">Armar la memoria desde la lengua del exilio.\u00a0 Escritura y traducci\u00f3n en El azul de las abejas de Laura Alcoba y La resistencia de Juli\u00e1n Fuks<\/a>\u00a095-119<\/p>\n<p><a href=\"https:\/\/revistas.unc.edu.ar\/index.php\/intersticios\/article\/view\/42408\" target=\"_blank\" rel=\"noopener\" data-saferedirecturl=\"https:\/\/www.google.com\/url?q=https:\/\/revistas.unc.edu.ar\/index.php\/intersticios\/article\/view\/42408&amp;source=gmail&amp;ust=1733314928358000&amp;usg=AOvVaw36ow4beoXdt_Vz0tfQLVKp\">\u201cMami del otro lado del vidrio\u201d Mujeres y delito en la cr\u00f3nica argentina actual<\/a>\u00a0121-143<\/p>\n<p><b>Rese\u00f1as<\/b><\/p>\n<p><a href=\"https:\/\/revistas.unc.edu.ar\/index.php\/intersticios\/article\/view\/47216\" target=\"_blank\" rel=\"noopener\" data-saferedirecturl=\"https:\/\/www.google.com\/url?q=https:\/\/revistas.unc.edu.ar\/index.php\/intersticios\/article\/view\/47216&amp;source=gmail&amp;ust=1733314928358000&amp;usg=AOvVaw2cYOk7fR_zKxOxFLbXHkDY\">Veneno<\/a>\u00a0145-154<\/p>\n","protected":false},"excerpt":{"rendered":"<p>Ya se encuentra disponible el n\u00famero 26 de la revista digital\u00a0Intersticios de la pol\u00edtica y la cultura. Intervenciones latinoamericanas\u00a0cuyo dossier<\/p>\n","protected":false},"author":39,"featured_media":7017,"comment_status":"closed","ping_status":"closed","sticky":false,"template":"","format":"standard","meta":{"_acf_changed":false,"colormag_page_container_layout":"default_layout","colormag_page_sidebar_layout":"default_layout","footnotes":""},"categories":[49,38],"tags":[],"class_list":["post-7803","post","type-post","status-publish","format-standard","has-post-thumbnail","hentry","category-filosofia","category-publicaciones"],"acf":[],"yoast_head":"<!-- This site is optimized with the Yoast SEO plugin v27.1.1 - https:\/\/yoast.com\/product\/yoast-seo-wordpress\/ -->\n<title>Nuevo n\u00famero de la revista Intersticios | Dossier:Escribir en-desde el intersticio: resistencias y transgresiones escriturales en Am\u00e9rica. Parte II - Centro de Investigaciones &quot;Maria Saleme de Burnichon&quot;<\/title>\n<meta name=\"robots\" content=\"index, follow, max-snippet:-1, max-image-preview:large, max-video-preview:-1\" \/>\n<link rel=\"canonical\" href=\"https:\/\/ffyh.unc.edu.ar\/ciffyh\/nuevo-numero-de-la-revista-intersticios-dossierescribir-en-desde-el-intersticio-resistencias-y-transgresiones-escriturales-en-america-parte-ii\/\" \/>\n<meta property=\"og:locale\" content=\"es_ES\" \/>\n<meta property=\"og:type\" content=\"article\" \/>\n<meta property=\"og:title\" content=\"Nuevo n\u00famero de la revista Intersticios | Dossier:Escribir en-desde el intersticio: resistencias y transgresiones escriturales en Am\u00e9rica. Parte II - Centro de Investigaciones &quot;Maria Saleme de Burnichon&quot;\" \/>\n<meta property=\"og:description\" content=\"Ya se encuentra disponible el n\u00famero 26 de la revista digital\u00a0Intersticios de la pol\u00edtica y la cultura. Intervenciones latinoamericanas\u00a0cuyo dossier\" \/>\n<meta property=\"og:url\" content=\"https:\/\/ffyh.unc.edu.ar\/ciffyh\/nuevo-numero-de-la-revista-intersticios-dossierescribir-en-desde-el-intersticio-resistencias-y-transgresiones-escriturales-en-america-parte-ii\/\" \/>\n<meta property=\"og:site_name\" content=\"Centro de Investigaciones &quot;Maria Saleme de Burnichon&quot;\" \/>\n<meta property=\"article:published_time\" content=\"2024-12-03T16:42:49+00:00\" \/>\n<meta property=\"article:modified_time\" content=\"2024-12-03T16:50:03+00:00\" \/>\n<meta property=\"og:image\" content=\"http:\/\/ffyh.unc.edu.ar\/ciffyh\/wp-content\/uploads\/sites\/10\/2023\/12\/portada-web-intersticios.jpg\" \/>\n\t<meta property=\"og:image:width\" content=\"800\" \/>\n\t<meta property=\"og:image:height\" content=\"353\" \/>\n\t<meta property=\"og:image:type\" content=\"image\/jpeg\" \/>\n<meta name=\"author\" content=\"tecnicaciffyh\" \/>\n<meta name=\"twitter:card\" content=\"summary_large_image\" \/>\n<meta name=\"twitter:label1\" content=\"Escrito por\" \/>\n\t<meta name=\"twitter:data1\" content=\"\" \/>\n\t<meta name=\"twitter:label2\" content=\"Tiempo de lectura\" \/>\n\t<meta name=\"twitter:data2\" content=\"2 minutos\" \/>\n<script type=\"application\/ld+json\" class=\"yoast-schema-graph\">{\"@context\":\"https:\/\/schema.org\",\"@graph\":[{\"@type\":\"Article\",\"@id\":\"https:\/\/ffyh.unc.edu.ar\/ciffyh\/nuevo-numero-de-la-revista-intersticios-dossierescribir-en-desde-el-intersticio-resistencias-y-transgresiones-escriturales-en-america-parte-ii\/#article\",\"isPartOf\":{\"@id\":\"https:\/\/ffyh.unc.edu.ar\/ciffyh\/nuevo-numero-de-la-revista-intersticios-dossierescribir-en-desde-el-intersticio-resistencias-y-transgresiones-escriturales-en-america-parte-ii\/\"},\"author\":{\"name\":\"tecnicaciffyh\",\"@id\":\"https:\/\/ffyh.unc.edu.ar\/ciffyh\/#\/schema\/person\/136b8e7d00e5053aff43b3dc53e99bc0\"},\"headline\":\"Nuevo n\u00famero de la revista Intersticios | Dossier:Escribir en-desde el intersticio: resistencias y transgresiones escriturales en Am\u00e9rica. Parte II\",\"datePublished\":\"2024-12-03T16:42:49+00:00\",\"dateModified\":\"2024-12-03T16:50:03+00:00\",\"mainEntityOfPage\":{\"@id\":\"https:\/\/ffyh.unc.edu.ar\/ciffyh\/nuevo-numero-de-la-revista-intersticios-dossierescribir-en-desde-el-intersticio-resistencias-y-transgresiones-escriturales-en-america-parte-ii\/\"},\"wordCount\":347,\"publisher\":{\"@id\":\"https:\/\/ffyh.unc.edu.ar\/ciffyh\/#organization\"},\"image\":{\"@id\":\"https:\/\/ffyh.unc.edu.ar\/ciffyh\/nuevo-numero-de-la-revista-intersticios-dossierescribir-en-desde-el-intersticio-resistencias-y-transgresiones-escriturales-en-america-parte-ii\/#primaryimage\"},\"thumbnailUrl\":\"https:\/\/ffyh.unc.edu.ar\/ciffyh\/wp-content\/uploads\/sites\/10\/2023\/12\/portada-web-intersticios.jpg\",\"articleSection\":[\"\u00c1rea Filosof\u00eda\",\"Publicaciones\"],\"inLanguage\":\"es\"},{\"@type\":\"WebPage\",\"@id\":\"https:\/\/ffyh.unc.edu.ar\/ciffyh\/nuevo-numero-de-la-revista-intersticios-dossierescribir-en-desde-el-intersticio-resistencias-y-transgresiones-escriturales-en-america-parte-ii\/\",\"url\":\"https:\/\/ffyh.unc.edu.ar\/ciffyh\/nuevo-numero-de-la-revista-intersticios-dossierescribir-en-desde-el-intersticio-resistencias-y-transgresiones-escriturales-en-america-parte-ii\/\",\"name\":\"Nuevo n\u00famero de la revista Intersticios | Dossier:Escribir en-desde el intersticio: resistencias y transgresiones escriturales en Am\u00e9rica. Parte II - Centro de Investigaciones &quot;Maria Saleme de Burnichon&quot;\",\"isPartOf\":{\"@id\":\"https:\/\/ffyh.unc.edu.ar\/ciffyh\/#website\"},\"primaryImageOfPage\":{\"@id\":\"https:\/\/ffyh.unc.edu.ar\/ciffyh\/nuevo-numero-de-la-revista-intersticios-dossierescribir-en-desde-el-intersticio-resistencias-y-transgresiones-escriturales-en-america-parte-ii\/#primaryimage\"},\"image\":{\"@id\":\"https:\/\/ffyh.unc.edu.ar\/ciffyh\/nuevo-numero-de-la-revista-intersticios-dossierescribir-en-desde-el-intersticio-resistencias-y-transgresiones-escriturales-en-america-parte-ii\/#primaryimage\"},\"thumbnailUrl\":\"https:\/\/ffyh.unc.edu.ar\/ciffyh\/wp-content\/uploads\/sites\/10\/2023\/12\/portada-web-intersticios.jpg\",\"datePublished\":\"2024-12-03T16:42:49+00:00\",\"dateModified\":\"2024-12-03T16:50:03+00:00\",\"breadcrumb\":{\"@id\":\"https:\/\/ffyh.unc.edu.ar\/ciffyh\/nuevo-numero-de-la-revista-intersticios-dossierescribir-en-desde-el-intersticio-resistencias-y-transgresiones-escriturales-en-america-parte-ii\/#breadcrumb\"},\"inLanguage\":\"es\",\"potentialAction\":[{\"@type\":\"ReadAction\",\"target\":[\"https:\/\/ffyh.unc.edu.ar\/ciffyh\/nuevo-numero-de-la-revista-intersticios-dossierescribir-en-desde-el-intersticio-resistencias-y-transgresiones-escriturales-en-america-parte-ii\/\"]}]},{\"@type\":\"ImageObject\",\"inLanguage\":\"es\",\"@id\":\"https:\/\/ffyh.unc.edu.ar\/ciffyh\/nuevo-numero-de-la-revista-intersticios-dossierescribir-en-desde-el-intersticio-resistencias-y-transgresiones-escriturales-en-america-parte-ii\/#primaryimage\",\"url\":\"https:\/\/ffyh.unc.edu.ar\/ciffyh\/wp-content\/uploads\/sites\/10\/2023\/12\/portada-web-intersticios.jpg\",\"contentUrl\":\"https:\/\/ffyh.unc.edu.ar\/ciffyh\/wp-content\/uploads\/sites\/10\/2023\/12\/portada-web-intersticios.jpg\",\"width\":800,\"height\":353},{\"@type\":\"BreadcrumbList\",\"@id\":\"https:\/\/ffyh.unc.edu.ar\/ciffyh\/nuevo-numero-de-la-revista-intersticios-dossierescribir-en-desde-el-intersticio-resistencias-y-transgresiones-escriturales-en-america-parte-ii\/#breadcrumb\",\"itemListElement\":[{\"@type\":\"ListItem\",\"position\":1,\"name\":\"Portada\",\"item\":\"https:\/\/ffyh.unc.edu.ar\/ciffyh\/\"},{\"@type\":\"ListItem\",\"position\":2,\"name\":\"Nuevo n\u00famero de la revista Intersticios | Dossier:Escribir en-desde el intersticio: resistencias y transgresiones escriturales en Am\u00e9rica. Parte II\"}]},{\"@type\":\"WebSite\",\"@id\":\"https:\/\/ffyh.unc.edu.ar\/ciffyh\/#website\",\"url\":\"https:\/\/ffyh.unc.edu.ar\/ciffyh\/\",\"name\":\"Centro de Investigaciones \\\"Maria Saleme de Burnichon\\\"\",\"description\":\"Facultad de Filosof\u00eda y Humanidades | UNC\",\"publisher\":{\"@id\":\"https:\/\/ffyh.unc.edu.ar\/ciffyh\/#organization\"},\"potentialAction\":[{\"@type\":\"SearchAction\",\"target\":{\"@type\":\"EntryPoint\",\"urlTemplate\":\"https:\/\/ffyh.unc.edu.ar\/ciffyh\/?s={search_term_string}\"},\"query-input\":{\"@type\":\"PropertyValueSpecification\",\"valueRequired\":true,\"valueName\":\"search_term_string\"}}],\"inLanguage\":\"es\"},{\"@type\":\"Organization\",\"@id\":\"https:\/\/ffyh.unc.edu.ar\/ciffyh\/#organization\",\"name\":\"Centro de Investigaciones \\\"Maria Saleme de Burnichon\\\"\",\"url\":\"https:\/\/ffyh.unc.edu.ar\/ciffyh\/\",\"logo\":{\"@type\":\"ImageObject\",\"inLanguage\":\"es\",\"@id\":\"https:\/\/ffyh.unc.edu.ar\/ciffyh\/#\/schema\/logo\/image\/\",\"url\":\"https:\/\/ffyh.unc.edu.ar\/ciffyh\/wp-content\/uploads\/sites\/10\/2018\/02\/cropped-logo-ciffyh-ico.png\",\"contentUrl\":\"https:\/\/ffyh.unc.edu.ar\/ciffyh\/wp-content\/uploads\/sites\/10\/2018\/02\/cropped-logo-ciffyh-ico.png\",\"width\":512,\"height\":512,\"caption\":\"Centro de Investigaciones \\\"Maria Saleme de Burnichon\\\"\"},\"image\":{\"@id\":\"https:\/\/ffyh.unc.edu.ar\/ciffyh\/#\/schema\/logo\/image\/\"},\"sameAs\":[\"https:\/\/www.instagram.com\/ciffyh\/\"]},{\"@type\":\"Person\",\"@id\":\"https:\/\/ffyh.unc.edu.ar\/ciffyh\/#\/schema\/person\/136b8e7d00e5053aff43b3dc53e99bc0\",\"name\":\"tecnicaciffyh\",\"image\":{\"@type\":\"ImageObject\",\"inLanguage\":\"es\",\"@id\":\"https:\/\/ffyh.unc.edu.ar\/ciffyh\/#\/schema\/person\/image\/\",\"url\":\"https:\/\/secure.gravatar.com\/avatar\/dce86f5e9bf49e3aa9e05e7ed5904a9112e25483e3c8f175eb93b2f53a67c2e4?s=96&d=mm&r=g\",\"contentUrl\":\"https:\/\/secure.gravatar.com\/avatar\/dce86f5e9bf49e3aa9e05e7ed5904a9112e25483e3c8f175eb93b2f53a67c2e4?s=96&d=mm&r=g\",\"caption\":\"tecnicaciffyh\"},\"url\":\"https:\/\/ffyh.unc.edu.ar\/ciffyh\/author\/tecnicaciffyh\/\"}]}<\/script>\n<!-- \/ Yoast SEO plugin. -->","yoast_head_json":{"title":"Nuevo n\u00famero de la revista Intersticios | Dossier:Escribir en-desde el intersticio: resistencias y transgresiones escriturales en Am\u00e9rica. Parte II - Centro de Investigaciones &quot;Maria Saleme de Burnichon&quot;","robots":{"index":"index","follow":"follow","max-snippet":"max-snippet:-1","max-image-preview":"max-image-preview:large","max-video-preview":"max-video-preview:-1"},"canonical":"https:\/\/ffyh.unc.edu.ar\/ciffyh\/nuevo-numero-de-la-revista-intersticios-dossierescribir-en-desde-el-intersticio-resistencias-y-transgresiones-escriturales-en-america-parte-ii\/","og_locale":"es_ES","og_type":"article","og_title":"Nuevo n\u00famero de la revista Intersticios | Dossier:Escribir en-desde el intersticio: resistencias y transgresiones escriturales en Am\u00e9rica. Parte II - Centro de Investigaciones &quot;Maria Saleme de Burnichon&quot;","og_description":"Ya se encuentra disponible el n\u00famero 26 de la revista digital\u00a0Intersticios de la pol\u00edtica y la cultura. Intervenciones latinoamericanas\u00a0cuyo dossier","og_url":"https:\/\/ffyh.unc.edu.ar\/ciffyh\/nuevo-numero-de-la-revista-intersticios-dossierescribir-en-desde-el-intersticio-resistencias-y-transgresiones-escriturales-en-america-parte-ii\/","og_site_name":"Centro de Investigaciones &quot;Maria Saleme de Burnichon&quot;","article_published_time":"2024-12-03T16:42:49+00:00","article_modified_time":"2024-12-03T16:50:03+00:00","og_image":[{"width":800,"height":353,"url":"http:\/\/ffyh.unc.edu.ar\/ciffyh\/wp-content\/uploads\/sites\/10\/2023\/12\/portada-web-intersticios.jpg","type":"image\/jpeg"}],"author":"tecnicaciffyh","twitter_card":"summary_large_image","twitter_misc":{"Escrito por":false,"Tiempo de lectura":"2 minutos"},"schema":{"@context":"https:\/\/schema.org","@graph":[{"@type":"Article","@id":"https:\/\/ffyh.unc.edu.ar\/ciffyh\/nuevo-numero-de-la-revista-intersticios-dossierescribir-en-desde-el-intersticio-resistencias-y-transgresiones-escriturales-en-america-parte-ii\/#article","isPartOf":{"@id":"https:\/\/ffyh.unc.edu.ar\/ciffyh\/nuevo-numero-de-la-revista-intersticios-dossierescribir-en-desde-el-intersticio-resistencias-y-transgresiones-escriturales-en-america-parte-ii\/"},"author":{"name":"tecnicaciffyh","@id":"https:\/\/ffyh.unc.edu.ar\/ciffyh\/#\/schema\/person\/136b8e7d00e5053aff43b3dc53e99bc0"},"headline":"Nuevo n\u00famero de la revista Intersticios | Dossier:Escribir en-desde el intersticio: resistencias y transgresiones escriturales en Am\u00e9rica. Parte II","datePublished":"2024-12-03T16:42:49+00:00","dateModified":"2024-12-03T16:50:03+00:00","mainEntityOfPage":{"@id":"https:\/\/ffyh.unc.edu.ar\/ciffyh\/nuevo-numero-de-la-revista-intersticios-dossierescribir-en-desde-el-intersticio-resistencias-y-transgresiones-escriturales-en-america-parte-ii\/"},"wordCount":347,"publisher":{"@id":"https:\/\/ffyh.unc.edu.ar\/ciffyh\/#organization"},"image":{"@id":"https:\/\/ffyh.unc.edu.ar\/ciffyh\/nuevo-numero-de-la-revista-intersticios-dossierescribir-en-desde-el-intersticio-resistencias-y-transgresiones-escriturales-en-america-parte-ii\/#primaryimage"},"thumbnailUrl":"https:\/\/ffyh.unc.edu.ar\/ciffyh\/wp-content\/uploads\/sites\/10\/2023\/12\/portada-web-intersticios.jpg","articleSection":["\u00c1rea Filosof\u00eda","Publicaciones"],"inLanguage":"es"},{"@type":"WebPage","@id":"https:\/\/ffyh.unc.edu.ar\/ciffyh\/nuevo-numero-de-la-revista-intersticios-dossierescribir-en-desde-el-intersticio-resistencias-y-transgresiones-escriturales-en-america-parte-ii\/","url":"https:\/\/ffyh.unc.edu.ar\/ciffyh\/nuevo-numero-de-la-revista-intersticios-dossierescribir-en-desde-el-intersticio-resistencias-y-transgresiones-escriturales-en-america-parte-ii\/","name":"Nuevo n\u00famero de la revista Intersticios | Dossier:Escribir en-desde el intersticio: resistencias y transgresiones escriturales en Am\u00e9rica. Parte II - Centro de Investigaciones &quot;Maria Saleme de Burnichon&quot;","isPartOf":{"@id":"https:\/\/ffyh.unc.edu.ar\/ciffyh\/#website"},"primaryImageOfPage":{"@id":"https:\/\/ffyh.unc.edu.ar\/ciffyh\/nuevo-numero-de-la-revista-intersticios-dossierescribir-en-desde-el-intersticio-resistencias-y-transgresiones-escriturales-en-america-parte-ii\/#primaryimage"},"image":{"@id":"https:\/\/ffyh.unc.edu.ar\/ciffyh\/nuevo-numero-de-la-revista-intersticios-dossierescribir-en-desde-el-intersticio-resistencias-y-transgresiones-escriturales-en-america-parte-ii\/#primaryimage"},"thumbnailUrl":"https:\/\/ffyh.unc.edu.ar\/ciffyh\/wp-content\/uploads\/sites\/10\/2023\/12\/portada-web-intersticios.jpg","datePublished":"2024-12-03T16:42:49+00:00","dateModified":"2024-12-03T16:50:03+00:00","breadcrumb":{"@id":"https:\/\/ffyh.unc.edu.ar\/ciffyh\/nuevo-numero-de-la-revista-intersticios-dossierescribir-en-desde-el-intersticio-resistencias-y-transgresiones-escriturales-en-america-parte-ii\/#breadcrumb"},"inLanguage":"es","potentialAction":[{"@type":"ReadAction","target":["https:\/\/ffyh.unc.edu.ar\/ciffyh\/nuevo-numero-de-la-revista-intersticios-dossierescribir-en-desde-el-intersticio-resistencias-y-transgresiones-escriturales-en-america-parte-ii\/"]}]},{"@type":"ImageObject","inLanguage":"es","@id":"https:\/\/ffyh.unc.edu.ar\/ciffyh\/nuevo-numero-de-la-revista-intersticios-dossierescribir-en-desde-el-intersticio-resistencias-y-transgresiones-escriturales-en-america-parte-ii\/#primaryimage","url":"https:\/\/ffyh.unc.edu.ar\/ciffyh\/wp-content\/uploads\/sites\/10\/2023\/12\/portada-web-intersticios.jpg","contentUrl":"https:\/\/ffyh.unc.edu.ar\/ciffyh\/wp-content\/uploads\/sites\/10\/2023\/12\/portada-web-intersticios.jpg","width":800,"height":353},{"@type":"BreadcrumbList","@id":"https:\/\/ffyh.unc.edu.ar\/ciffyh\/nuevo-numero-de-la-revista-intersticios-dossierescribir-en-desde-el-intersticio-resistencias-y-transgresiones-escriturales-en-america-parte-ii\/#breadcrumb","itemListElement":[{"@type":"ListItem","position":1,"name":"Portada","item":"https:\/\/ffyh.unc.edu.ar\/ciffyh\/"},{"@type":"ListItem","position":2,"name":"Nuevo n\u00famero de la revista Intersticios | Dossier:Escribir en-desde el intersticio: resistencias y transgresiones escriturales en Am\u00e9rica. Parte II"}]},{"@type":"WebSite","@id":"https:\/\/ffyh.unc.edu.ar\/ciffyh\/#website","url":"https:\/\/ffyh.unc.edu.ar\/ciffyh\/","name":"Centro de Investigaciones \"Maria Saleme de Burnichon\"","description":"Facultad de Filosof\u00eda y Humanidades | UNC","publisher":{"@id":"https:\/\/ffyh.unc.edu.ar\/ciffyh\/#organization"},"potentialAction":[{"@type":"SearchAction","target":{"@type":"EntryPoint","urlTemplate":"https:\/\/ffyh.unc.edu.ar\/ciffyh\/?s={search_term_string}"},"query-input":{"@type":"PropertyValueSpecification","valueRequired":true,"valueName":"search_term_string"}}],"inLanguage":"es"},{"@type":"Organization","@id":"https:\/\/ffyh.unc.edu.ar\/ciffyh\/#organization","name":"Centro de Investigaciones \"Maria Saleme de Burnichon\"","url":"https:\/\/ffyh.unc.edu.ar\/ciffyh\/","logo":{"@type":"ImageObject","inLanguage":"es","@id":"https:\/\/ffyh.unc.edu.ar\/ciffyh\/#\/schema\/logo\/image\/","url":"https:\/\/ffyh.unc.edu.ar\/ciffyh\/wp-content\/uploads\/sites\/10\/2018\/02\/cropped-logo-ciffyh-ico.png","contentUrl":"https:\/\/ffyh.unc.edu.ar\/ciffyh\/wp-content\/uploads\/sites\/10\/2018\/02\/cropped-logo-ciffyh-ico.png","width":512,"height":512,"caption":"Centro de Investigaciones \"Maria Saleme de Burnichon\""},"image":{"@id":"https:\/\/ffyh.unc.edu.ar\/ciffyh\/#\/schema\/logo\/image\/"},"sameAs":["https:\/\/www.instagram.com\/ciffyh\/"]},{"@type":"Person","@id":"https:\/\/ffyh.unc.edu.ar\/ciffyh\/#\/schema\/person\/136b8e7d00e5053aff43b3dc53e99bc0","name":"tecnicaciffyh","image":{"@type":"ImageObject","inLanguage":"es","@id":"https:\/\/ffyh.unc.edu.ar\/ciffyh\/#\/schema\/person\/image\/","url":"https:\/\/secure.gravatar.com\/avatar\/dce86f5e9bf49e3aa9e05e7ed5904a9112e25483e3c8f175eb93b2f53a67c2e4?s=96&d=mm&r=g","contentUrl":"https:\/\/secure.gravatar.com\/avatar\/dce86f5e9bf49e3aa9e05e7ed5904a9112e25483e3c8f175eb93b2f53a67c2e4?s=96&d=mm&r=g","caption":"tecnicaciffyh"},"url":"https:\/\/ffyh.unc.edu.ar\/ciffyh\/author\/tecnicaciffyh\/"}]}},"jetpack_featured_media_url":"https:\/\/ffyh.unc.edu.ar\/ciffyh\/wp-content\/uploads\/sites\/10\/2023\/12\/portada-web-intersticios.jpg","_links":{"self":[{"href":"https:\/\/ffyh.unc.edu.ar\/ciffyh\/wp-json\/wp\/v2\/posts\/7803","targetHints":{"allow":["GET"]}}],"collection":[{"href":"https:\/\/ffyh.unc.edu.ar\/ciffyh\/wp-json\/wp\/v2\/posts"}],"about":[{"href":"https:\/\/ffyh.unc.edu.ar\/ciffyh\/wp-json\/wp\/v2\/types\/post"}],"author":[{"embeddable":true,"href":"https:\/\/ffyh.unc.edu.ar\/ciffyh\/wp-json\/wp\/v2\/users\/39"}],"replies":[{"embeddable":true,"href":"https:\/\/ffyh.unc.edu.ar\/ciffyh\/wp-json\/wp\/v2\/comments?post=7803"}],"version-history":[{"count":6,"href":"https:\/\/ffyh.unc.edu.ar\/ciffyh\/wp-json\/wp\/v2\/posts\/7803\/revisions"}],"predecessor-version":[{"id":7810,"href":"https:\/\/ffyh.unc.edu.ar\/ciffyh\/wp-json\/wp\/v2\/posts\/7803\/revisions\/7810"}],"wp:featuredmedia":[{"embeddable":true,"href":"https:\/\/ffyh.unc.edu.ar\/ciffyh\/wp-json\/wp\/v2\/media\/7017"}],"wp:attachment":[{"href":"https:\/\/ffyh.unc.edu.ar\/ciffyh\/wp-json\/wp\/v2\/media?parent=7803"}],"wp:term":[{"taxonomy":"category","embeddable":true,"href":"https:\/\/ffyh.unc.edu.ar\/ciffyh\/wp-json\/wp\/v2\/categories?post=7803"},{"taxonomy":"post_tag","embeddable":true,"href":"https:\/\/ffyh.unc.edu.ar\/ciffyh\/wp-json\/wp\/v2\/tags?post=7803"}],"curies":[{"name":"wp","href":"https:\/\/api.w.org\/{rel}","templated":true}]}}