{"id":7887,"date":"2024-12-20T13:52:14","date_gmt":"2024-12-20T13:52:14","guid":{"rendered":"https:\/\/ffyh.unc.edu.ar\/ciffyh\/?p=7887"},"modified":"2024-12-20T13:54:16","modified_gmt":"2024-12-20T13:54:16","slug":"nuevo-numero-de-la-revista-cuadernos-de-historia-serie-economia-y-sociedad-2","status":"publish","type":"post","link":"https:\/\/ffyh.unc.edu.ar\/ciffyh\/nuevo-numero-de-la-revista-cuadernos-de-historia-serie-economia-y-sociedad-2\/","title":{"rendered":"Nuevo n\u00famero de la revista Cuadernos de Historia. Serie Econom\u00eda y Sociedad"},"content":{"rendered":"<p><i><a href=\"https:\/\/revistas.unc.edu.ar\/index.php\/cuadernosdehistoriaeys\/issue\/view\/3102\" target=\"_blank\" rel=\"noopener\"><strong>Cuadernos de Historia. Serie Econom\u00eda y Sociedad<\/strong><\/a>, es una publicaci\u00f3n del \u00c1rea Historia del Centro de Investigaciones de la Facultad de Filosof\u00eda y Humanidades. Se publica de manera manera ininterrumpida desde 1997 y ya lleva 34 ediciones que se enfocan, fundamentalmente, en investigaciones referidas a tem\u00e1ticas relacionadas a la historia regional, argentina y americana.<\/i><\/p>\n<p>A lo largo de este n\u00famero encontrar\u00e1n la siguiente tabla de contenidos:<\/p>\n<p><strong>Preliminares. Autoridades, cr\u00e9ditos sumario<\/strong><\/p>\n<p><strong>Art\u00edculos<\/strong><\/p>\n<p><strong>Historia de la institucionalizaci\u00f3n de la especialidad de cirug\u00eda pl\u00e1stica en Argentina (1892-1952)<\/strong><br \/>\nJoaqu\u00edn Molina<\/p>\n<p><strong>Santa Fe la Vieja y las historias conectadas: espacios, personas, tradiciones<\/strong><br \/>\nDar\u00edo Gabriel Barriera<\/p>\n<p><strong>Una revisi\u00f3n cr\u00edtica de las explicaciones hist\u00f3ricas del capitalismo contempor\u00e1neo en la Tesis de la Financiarizaci\u00f3n<\/strong><br \/>\nIgnacio Nicol\u00e1s Cognigni<\/p>\n<p><strong>Dossier<\/strong><\/p>\n<p><strong>La sociedad colonial cordobesa: vida cotidiana, religiosidad y desigualdad social<\/strong><br \/>\nRoc\u00edo Moreno Cabanillas , Romina Grana<\/p>\n<p><strong>Desigualdades emergentes en la gesti\u00f3n de las movilidades durante el proceso de colonizaci\u00f3n. Gobernaci\u00f3n del Tucum\u00e1n, siglos XVI-XVII<\/strong><br \/>\nMar\u00eda Marschoff<\/p>\n<p><strong>Gestionar la organizaci\u00f3n dom\u00e9stica: provisi\u00f3n y consumo de indumentaria en C\u00f3rdoba-Gobernaci\u00f3n del Tucum\u00e1n. Siglo XVI<\/strong><br \/>\nConstanza Gonz\u00e1lez Navarro<\/p>\n<p><strong>Relaciones de hermandad y solidaridad en el monasterio de San Jos\u00e9 de C\u00f3rdoba (siglos XVII-XVIII)<\/strong><br \/>\nAna Maria Gonzalez Fasani<\/p>\n<p><strong>De vecinos y cabildantes. El caso del pulpero veneciano Juan Vicente en C\u00f3rdoba colonial temprana<\/strong><br \/>\nBeatriz Bixio<\/p>\n<p><strong>Rese\u00f1as<\/strong><\/p>\n<p><strong>Bosia, Ulises, El segundo kirchnerismo (2008-2015). Una interpretaci\u00f3n de los conflictos entre el gobierno y el poder econ\u00f3mico, Buenos Aires, Editorial Prometeo, 2023<\/strong><br \/>\nNicol\u00e1s Edgar Berg<\/p>\n<p><strong>Slipak, Daniela, Discutir Montoneros desde adentro. C\u00f3mo se procesaron las cr\u00edticas en una organizaci\u00f3n que exig\u00eda pasi\u00f3n y obediencia, Buenos Aires, Editorial Siglo XXI, 2023<\/strong><br \/>\nGerm\u00e1n Nicol\u00e1s Kippes<\/p>\n<div class=\"obj_article_summary\">\n<h3 class=\"title\"><img fetchpriority=\"high\" decoding=\"async\" class=\"alignright wp-image-7888 size-full\" src=\"http:\/\/ffyh.unc.edu.ar\/ciffyh\/wp-content\/uploads\/sites\/10\/2024\/12\/tapa_CUADERNOS-DE-HISTORIA-dic.png\" alt=\"\" width=\"1461\" height=\"2068\" srcset=\"https:\/\/ffyh.unc.edu.ar\/ciffyh\/wp-content\/uploads\/sites\/10\/2024\/12\/tapa_CUADERNOS-DE-HISTORIA-dic.png 1461w, https:\/\/ffyh.unc.edu.ar\/ciffyh\/wp-content\/uploads\/sites\/10\/2024\/12\/tapa_CUADERNOS-DE-HISTORIA-dic-212x300.png 212w, https:\/\/ffyh.unc.edu.ar\/ciffyh\/wp-content\/uploads\/sites\/10\/2024\/12\/tapa_CUADERNOS-DE-HISTORIA-dic-723x1024.png 723w, https:\/\/ffyh.unc.edu.ar\/ciffyh\/wp-content\/uploads\/sites\/10\/2024\/12\/tapa_CUADERNOS-DE-HISTORIA-dic-768x1087.png 768w, https:\/\/ffyh.unc.edu.ar\/ciffyh\/wp-content\/uploads\/sites\/10\/2024\/12\/tapa_CUADERNOS-DE-HISTORIA-dic-1085x1536.png 1085w, https:\/\/ffyh.unc.edu.ar\/ciffyh\/wp-content\/uploads\/sites\/10\/2024\/12\/tapa_CUADERNOS-DE-HISTORIA-dic-1447x2048.png 1447w, https:\/\/ffyh.unc.edu.ar\/ciffyh\/wp-content\/uploads\/sites\/10\/2024\/12\/tapa_CUADERNOS-DE-HISTORIA-dic-1320x1868.png 1320w\" sizes=\"(max-width: 1461px) 100vw, 1461px\" \/><\/h3>\n<\/div>\n","protected":false},"excerpt":{"rendered":"<p>Cuadernos de Historia. Serie Econom\u00eda y Sociedad, es una publicaci\u00f3n del \u00c1rea Historia del Centro de Investigaciones de la Facultad<\/p>\n","protected":false},"author":39,"featured_media":7888,"comment_status":"closed","ping_status":"closed","sticky":false,"template":"","format":"standard","meta":{"_acf_changed":false,"colormag_page_container_layout":"default_layout","colormag_page_sidebar_layout":"default_layout","footnotes":""},"categories":[52,45,38],"tags":[],"class_list":["post-7887","post","type-post","status-publish","format-standard","has-post-thumbnail","hentry","category-historia","category-nuestras-revistas","category-publicaciones"],"acf":[],"yoast_head":"<!-- This site is optimized with the Yoast SEO plugin v27.1.1 - https:\/\/yoast.com\/product\/yoast-seo-wordpress\/ -->\n<title>Nuevo n\u00famero de la revista Cuadernos de Historia. Serie Econom\u00eda y Sociedad - Centro de Investigaciones &quot;Maria Saleme de Burnichon&quot;<\/title>\n<meta name=\"robots\" content=\"index, follow, max-snippet:-1, max-image-preview:large, max-video-preview:-1\" \/>\n<link rel=\"canonical\" href=\"https:\/\/ffyh.unc.edu.ar\/ciffyh\/nuevo-numero-de-la-revista-cuadernos-de-historia-serie-economia-y-sociedad-2\/\" \/>\n<meta property=\"og:locale\" content=\"es_ES\" \/>\n<meta property=\"og:type\" content=\"article\" \/>\n<meta property=\"og:title\" content=\"Nuevo n\u00famero de la revista Cuadernos de Historia. Serie Econom\u00eda y Sociedad - Centro de Investigaciones &quot;Maria Saleme de Burnichon&quot;\" \/>\n<meta property=\"og:description\" content=\"Cuadernos de Historia. Serie Econom\u00eda y Sociedad, es una publicaci\u00f3n del \u00c1rea Historia del Centro de Investigaciones de la Facultad\" \/>\n<meta property=\"og:url\" content=\"https:\/\/ffyh.unc.edu.ar\/ciffyh\/nuevo-numero-de-la-revista-cuadernos-de-historia-serie-economia-y-sociedad-2\/\" \/>\n<meta property=\"og:site_name\" content=\"Centro de Investigaciones &quot;Maria Saleme de Burnichon&quot;\" \/>\n<meta property=\"article:published_time\" content=\"2024-12-20T13:52:14+00:00\" \/>\n<meta property=\"article:modified_time\" content=\"2024-12-20T13:54:16+00:00\" \/>\n<meta property=\"og:image\" content=\"http:\/\/ffyh.unc.edu.ar\/ciffyh\/wp-content\/uploads\/sites\/10\/2024\/12\/tapa_CUADERNOS-DE-HISTORIA-dic.png\" \/>\n\t<meta property=\"og:image:width\" content=\"1461\" \/>\n\t<meta property=\"og:image:height\" content=\"2068\" \/>\n\t<meta property=\"og:image:type\" content=\"image\/png\" \/>\n<meta name=\"author\" content=\"tecnicaciffyh\" \/>\n<meta name=\"twitter:card\" content=\"summary_large_image\" \/>\n<meta name=\"twitter:label1\" content=\"Escrito por\" \/>\n\t<meta name=\"twitter:data1\" content=\"\" \/>\n\t<meta name=\"twitter:label2\" content=\"Tiempo de lectura\" \/>\n\t<meta name=\"twitter:data2\" content=\"2 minutos\" \/>\n<script type=\"application\/ld+json\" class=\"yoast-schema-graph\">{\"@context\":\"https:\/\/schema.org\",\"@graph\":[{\"@type\":\"Article\",\"@id\":\"https:\/\/ffyh.unc.edu.ar\/ciffyh\/nuevo-numero-de-la-revista-cuadernos-de-historia-serie-economia-y-sociedad-2\/#article\",\"isPartOf\":{\"@id\":\"https:\/\/ffyh.unc.edu.ar\/ciffyh\/nuevo-numero-de-la-revista-cuadernos-de-historia-serie-economia-y-sociedad-2\/\"},\"author\":{\"name\":\"tecnicaciffyh\",\"@id\":\"https:\/\/ffyh.unc.edu.ar\/ciffyh\/#\/schema\/person\/136b8e7d00e5053aff43b3dc53e99bc0\"},\"headline\":\"Nuevo n\u00famero de la revista Cuadernos de Historia. Serie Econom\u00eda y Sociedad\",\"datePublished\":\"2024-12-20T13:52:14+00:00\",\"dateModified\":\"2024-12-20T13:54:16+00:00\",\"mainEntityOfPage\":{\"@id\":\"https:\/\/ffyh.unc.edu.ar\/ciffyh\/nuevo-numero-de-la-revista-cuadernos-de-historia-serie-economia-y-sociedad-2\/\"},\"wordCount\":319,\"publisher\":{\"@id\":\"https:\/\/ffyh.unc.edu.ar\/ciffyh\/#organization\"},\"image\":{\"@id\":\"https:\/\/ffyh.unc.edu.ar\/ciffyh\/nuevo-numero-de-la-revista-cuadernos-de-historia-serie-economia-y-sociedad-2\/#primaryimage\"},\"thumbnailUrl\":\"https:\/\/ffyh.unc.edu.ar\/ciffyh\/wp-content\/uploads\/sites\/10\/2024\/12\/tapa_CUADERNOS-DE-HISTORIA-dic.png\",\"articleSection\":[\"\u00c1rea Historia\",\"Nuestras Revistas\",\"Publicaciones\"],\"inLanguage\":\"es\"},{\"@type\":\"WebPage\",\"@id\":\"https:\/\/ffyh.unc.edu.ar\/ciffyh\/nuevo-numero-de-la-revista-cuadernos-de-historia-serie-economia-y-sociedad-2\/\",\"url\":\"https:\/\/ffyh.unc.edu.ar\/ciffyh\/nuevo-numero-de-la-revista-cuadernos-de-historia-serie-economia-y-sociedad-2\/\",\"name\":\"Nuevo n\u00famero de la revista Cuadernos de Historia. Serie Econom\u00eda y Sociedad - Centro de Investigaciones &quot;Maria Saleme de Burnichon&quot;\",\"isPartOf\":{\"@id\":\"https:\/\/ffyh.unc.edu.ar\/ciffyh\/#website\"},\"primaryImageOfPage\":{\"@id\":\"https:\/\/ffyh.unc.edu.ar\/ciffyh\/nuevo-numero-de-la-revista-cuadernos-de-historia-serie-economia-y-sociedad-2\/#primaryimage\"},\"image\":{\"@id\":\"https:\/\/ffyh.unc.edu.ar\/ciffyh\/nuevo-numero-de-la-revista-cuadernos-de-historia-serie-economia-y-sociedad-2\/#primaryimage\"},\"thumbnailUrl\":\"https:\/\/ffyh.unc.edu.ar\/ciffyh\/wp-content\/uploads\/sites\/10\/2024\/12\/tapa_CUADERNOS-DE-HISTORIA-dic.png\",\"datePublished\":\"2024-12-20T13:52:14+00:00\",\"dateModified\":\"2024-12-20T13:54:16+00:00\",\"breadcrumb\":{\"@id\":\"https:\/\/ffyh.unc.edu.ar\/ciffyh\/nuevo-numero-de-la-revista-cuadernos-de-historia-serie-economia-y-sociedad-2\/#breadcrumb\"},\"inLanguage\":\"es\",\"potentialAction\":[{\"@type\":\"ReadAction\",\"target\":[\"https:\/\/ffyh.unc.edu.ar\/ciffyh\/nuevo-numero-de-la-revista-cuadernos-de-historia-serie-economia-y-sociedad-2\/\"]}]},{\"@type\":\"ImageObject\",\"inLanguage\":\"es\",\"@id\":\"https:\/\/ffyh.unc.edu.ar\/ciffyh\/nuevo-numero-de-la-revista-cuadernos-de-historia-serie-economia-y-sociedad-2\/#primaryimage\",\"url\":\"https:\/\/ffyh.unc.edu.ar\/ciffyh\/wp-content\/uploads\/sites\/10\/2024\/12\/tapa_CUADERNOS-DE-HISTORIA-dic.png\",\"contentUrl\":\"https:\/\/ffyh.unc.edu.ar\/ciffyh\/wp-content\/uploads\/sites\/10\/2024\/12\/tapa_CUADERNOS-DE-HISTORIA-dic.png\",\"width\":1461,\"height\":2068},{\"@type\":\"BreadcrumbList\",\"@id\":\"https:\/\/ffyh.unc.edu.ar\/ciffyh\/nuevo-numero-de-la-revista-cuadernos-de-historia-serie-economia-y-sociedad-2\/#breadcrumb\",\"itemListElement\":[{\"@type\":\"ListItem\",\"position\":1,\"name\":\"Portada\",\"item\":\"https:\/\/ffyh.unc.edu.ar\/ciffyh\/\"},{\"@type\":\"ListItem\",\"position\":2,\"name\":\"Nuevo n\u00famero de la revista Cuadernos de Historia. Serie Econom\u00eda y Sociedad\"}]},{\"@type\":\"WebSite\",\"@id\":\"https:\/\/ffyh.unc.edu.ar\/ciffyh\/#website\",\"url\":\"https:\/\/ffyh.unc.edu.ar\/ciffyh\/\",\"name\":\"Centro de Investigaciones \\\"Maria Saleme de Burnichon\\\"\",\"description\":\"Facultad de Filosof\u00eda y Humanidades | UNC\",\"publisher\":{\"@id\":\"https:\/\/ffyh.unc.edu.ar\/ciffyh\/#organization\"},\"potentialAction\":[{\"@type\":\"SearchAction\",\"target\":{\"@type\":\"EntryPoint\",\"urlTemplate\":\"https:\/\/ffyh.unc.edu.ar\/ciffyh\/?s={search_term_string}\"},\"query-input\":{\"@type\":\"PropertyValueSpecification\",\"valueRequired\":true,\"valueName\":\"search_term_string\"}}],\"inLanguage\":\"es\"},{\"@type\":\"Organization\",\"@id\":\"https:\/\/ffyh.unc.edu.ar\/ciffyh\/#organization\",\"name\":\"Centro de Investigaciones \\\"Maria Saleme de Burnichon\\\"\",\"url\":\"https:\/\/ffyh.unc.edu.ar\/ciffyh\/\",\"logo\":{\"@type\":\"ImageObject\",\"inLanguage\":\"es\",\"@id\":\"https:\/\/ffyh.unc.edu.ar\/ciffyh\/#\/schema\/logo\/image\/\",\"url\":\"https:\/\/ffyh.unc.edu.ar\/ciffyh\/wp-content\/uploads\/sites\/10\/2018\/02\/cropped-logo-ciffyh-ico.png\",\"contentUrl\":\"https:\/\/ffyh.unc.edu.ar\/ciffyh\/wp-content\/uploads\/sites\/10\/2018\/02\/cropped-logo-ciffyh-ico.png\",\"width\":512,\"height\":512,\"caption\":\"Centro de Investigaciones \\\"Maria Saleme de Burnichon\\\"\"},\"image\":{\"@id\":\"https:\/\/ffyh.unc.edu.ar\/ciffyh\/#\/schema\/logo\/image\/\"},\"sameAs\":[\"https:\/\/www.instagram.com\/ciffyh\/\"]},{\"@type\":\"Person\",\"@id\":\"https:\/\/ffyh.unc.edu.ar\/ciffyh\/#\/schema\/person\/136b8e7d00e5053aff43b3dc53e99bc0\",\"name\":\"tecnicaciffyh\",\"image\":{\"@type\":\"ImageObject\",\"inLanguage\":\"es\",\"@id\":\"https:\/\/ffyh.unc.edu.ar\/ciffyh\/#\/schema\/person\/image\/\",\"url\":\"https:\/\/secure.gravatar.com\/avatar\/dce86f5e9bf49e3aa9e05e7ed5904a9112e25483e3c8f175eb93b2f53a67c2e4?s=96&d=mm&r=g\",\"contentUrl\":\"https:\/\/secure.gravatar.com\/avatar\/dce86f5e9bf49e3aa9e05e7ed5904a9112e25483e3c8f175eb93b2f53a67c2e4?s=96&d=mm&r=g\",\"caption\":\"tecnicaciffyh\"},\"url\":\"https:\/\/ffyh.unc.edu.ar\/ciffyh\/author\/tecnicaciffyh\/\"}]}<\/script>\n<!-- \/ Yoast SEO plugin. -->","yoast_head_json":{"title":"Nuevo n\u00famero de la revista Cuadernos de Historia. Serie Econom\u00eda y Sociedad - Centro de Investigaciones &quot;Maria Saleme de Burnichon&quot;","robots":{"index":"index","follow":"follow","max-snippet":"max-snippet:-1","max-image-preview":"max-image-preview:large","max-video-preview":"max-video-preview:-1"},"canonical":"https:\/\/ffyh.unc.edu.ar\/ciffyh\/nuevo-numero-de-la-revista-cuadernos-de-historia-serie-economia-y-sociedad-2\/","og_locale":"es_ES","og_type":"article","og_title":"Nuevo n\u00famero de la revista Cuadernos de Historia. Serie Econom\u00eda y Sociedad - Centro de Investigaciones &quot;Maria Saleme de Burnichon&quot;","og_description":"Cuadernos de Historia. Serie Econom\u00eda y Sociedad, es una publicaci\u00f3n del \u00c1rea Historia del Centro de Investigaciones de la Facultad","og_url":"https:\/\/ffyh.unc.edu.ar\/ciffyh\/nuevo-numero-de-la-revista-cuadernos-de-historia-serie-economia-y-sociedad-2\/","og_site_name":"Centro de Investigaciones &quot;Maria Saleme de Burnichon&quot;","article_published_time":"2024-12-20T13:52:14+00:00","article_modified_time":"2024-12-20T13:54:16+00:00","og_image":[{"width":1461,"height":2068,"url":"http:\/\/ffyh.unc.edu.ar\/ciffyh\/wp-content\/uploads\/sites\/10\/2024\/12\/tapa_CUADERNOS-DE-HISTORIA-dic.png","type":"image\/png"}],"author":"tecnicaciffyh","twitter_card":"summary_large_image","twitter_misc":{"Escrito por":false,"Tiempo de lectura":"2 minutos"},"schema":{"@context":"https:\/\/schema.org","@graph":[{"@type":"Article","@id":"https:\/\/ffyh.unc.edu.ar\/ciffyh\/nuevo-numero-de-la-revista-cuadernos-de-historia-serie-economia-y-sociedad-2\/#article","isPartOf":{"@id":"https:\/\/ffyh.unc.edu.ar\/ciffyh\/nuevo-numero-de-la-revista-cuadernos-de-historia-serie-economia-y-sociedad-2\/"},"author":{"name":"tecnicaciffyh","@id":"https:\/\/ffyh.unc.edu.ar\/ciffyh\/#\/schema\/person\/136b8e7d00e5053aff43b3dc53e99bc0"},"headline":"Nuevo n\u00famero de la revista Cuadernos de Historia. Serie Econom\u00eda y Sociedad","datePublished":"2024-12-20T13:52:14+00:00","dateModified":"2024-12-20T13:54:16+00:00","mainEntityOfPage":{"@id":"https:\/\/ffyh.unc.edu.ar\/ciffyh\/nuevo-numero-de-la-revista-cuadernos-de-historia-serie-economia-y-sociedad-2\/"},"wordCount":319,"publisher":{"@id":"https:\/\/ffyh.unc.edu.ar\/ciffyh\/#organization"},"image":{"@id":"https:\/\/ffyh.unc.edu.ar\/ciffyh\/nuevo-numero-de-la-revista-cuadernos-de-historia-serie-economia-y-sociedad-2\/#primaryimage"},"thumbnailUrl":"https:\/\/ffyh.unc.edu.ar\/ciffyh\/wp-content\/uploads\/sites\/10\/2024\/12\/tapa_CUADERNOS-DE-HISTORIA-dic.png","articleSection":["\u00c1rea Historia","Nuestras Revistas","Publicaciones"],"inLanguage":"es"},{"@type":"WebPage","@id":"https:\/\/ffyh.unc.edu.ar\/ciffyh\/nuevo-numero-de-la-revista-cuadernos-de-historia-serie-economia-y-sociedad-2\/","url":"https:\/\/ffyh.unc.edu.ar\/ciffyh\/nuevo-numero-de-la-revista-cuadernos-de-historia-serie-economia-y-sociedad-2\/","name":"Nuevo n\u00famero de la revista Cuadernos de Historia. Serie Econom\u00eda y Sociedad - Centro de Investigaciones &quot;Maria Saleme de Burnichon&quot;","isPartOf":{"@id":"https:\/\/ffyh.unc.edu.ar\/ciffyh\/#website"},"primaryImageOfPage":{"@id":"https:\/\/ffyh.unc.edu.ar\/ciffyh\/nuevo-numero-de-la-revista-cuadernos-de-historia-serie-economia-y-sociedad-2\/#primaryimage"},"image":{"@id":"https:\/\/ffyh.unc.edu.ar\/ciffyh\/nuevo-numero-de-la-revista-cuadernos-de-historia-serie-economia-y-sociedad-2\/#primaryimage"},"thumbnailUrl":"https:\/\/ffyh.unc.edu.ar\/ciffyh\/wp-content\/uploads\/sites\/10\/2024\/12\/tapa_CUADERNOS-DE-HISTORIA-dic.png","datePublished":"2024-12-20T13:52:14+00:00","dateModified":"2024-12-20T13:54:16+00:00","breadcrumb":{"@id":"https:\/\/ffyh.unc.edu.ar\/ciffyh\/nuevo-numero-de-la-revista-cuadernos-de-historia-serie-economia-y-sociedad-2\/#breadcrumb"},"inLanguage":"es","potentialAction":[{"@type":"ReadAction","target":["https:\/\/ffyh.unc.edu.ar\/ciffyh\/nuevo-numero-de-la-revista-cuadernos-de-historia-serie-economia-y-sociedad-2\/"]}]},{"@type":"ImageObject","inLanguage":"es","@id":"https:\/\/ffyh.unc.edu.ar\/ciffyh\/nuevo-numero-de-la-revista-cuadernos-de-historia-serie-economia-y-sociedad-2\/#primaryimage","url":"https:\/\/ffyh.unc.edu.ar\/ciffyh\/wp-content\/uploads\/sites\/10\/2024\/12\/tapa_CUADERNOS-DE-HISTORIA-dic.png","contentUrl":"https:\/\/ffyh.unc.edu.ar\/ciffyh\/wp-content\/uploads\/sites\/10\/2024\/12\/tapa_CUADERNOS-DE-HISTORIA-dic.png","width":1461,"height":2068},{"@type":"BreadcrumbList","@id":"https:\/\/ffyh.unc.edu.ar\/ciffyh\/nuevo-numero-de-la-revista-cuadernos-de-historia-serie-economia-y-sociedad-2\/#breadcrumb","itemListElement":[{"@type":"ListItem","position":1,"name":"Portada","item":"https:\/\/ffyh.unc.edu.ar\/ciffyh\/"},{"@type":"ListItem","position":2,"name":"Nuevo n\u00famero de la revista Cuadernos de Historia. Serie Econom\u00eda y Sociedad"}]},{"@type":"WebSite","@id":"https:\/\/ffyh.unc.edu.ar\/ciffyh\/#website","url":"https:\/\/ffyh.unc.edu.ar\/ciffyh\/","name":"Centro de Investigaciones \"Maria Saleme de Burnichon\"","description":"Facultad de Filosof\u00eda y Humanidades | UNC","publisher":{"@id":"https:\/\/ffyh.unc.edu.ar\/ciffyh\/#organization"},"potentialAction":[{"@type":"SearchAction","target":{"@type":"EntryPoint","urlTemplate":"https:\/\/ffyh.unc.edu.ar\/ciffyh\/?s={search_term_string}"},"query-input":{"@type":"PropertyValueSpecification","valueRequired":true,"valueName":"search_term_string"}}],"inLanguage":"es"},{"@type":"Organization","@id":"https:\/\/ffyh.unc.edu.ar\/ciffyh\/#organization","name":"Centro de Investigaciones \"Maria Saleme de Burnichon\"","url":"https:\/\/ffyh.unc.edu.ar\/ciffyh\/","logo":{"@type":"ImageObject","inLanguage":"es","@id":"https:\/\/ffyh.unc.edu.ar\/ciffyh\/#\/schema\/logo\/image\/","url":"https:\/\/ffyh.unc.edu.ar\/ciffyh\/wp-content\/uploads\/sites\/10\/2018\/02\/cropped-logo-ciffyh-ico.png","contentUrl":"https:\/\/ffyh.unc.edu.ar\/ciffyh\/wp-content\/uploads\/sites\/10\/2018\/02\/cropped-logo-ciffyh-ico.png","width":512,"height":512,"caption":"Centro de Investigaciones \"Maria Saleme de Burnichon\""},"image":{"@id":"https:\/\/ffyh.unc.edu.ar\/ciffyh\/#\/schema\/logo\/image\/"},"sameAs":["https:\/\/www.instagram.com\/ciffyh\/"]},{"@type":"Person","@id":"https:\/\/ffyh.unc.edu.ar\/ciffyh\/#\/schema\/person\/136b8e7d00e5053aff43b3dc53e99bc0","name":"tecnicaciffyh","image":{"@type":"ImageObject","inLanguage":"es","@id":"https:\/\/ffyh.unc.edu.ar\/ciffyh\/#\/schema\/person\/image\/","url":"https:\/\/secure.gravatar.com\/avatar\/dce86f5e9bf49e3aa9e05e7ed5904a9112e25483e3c8f175eb93b2f53a67c2e4?s=96&d=mm&r=g","contentUrl":"https:\/\/secure.gravatar.com\/avatar\/dce86f5e9bf49e3aa9e05e7ed5904a9112e25483e3c8f175eb93b2f53a67c2e4?s=96&d=mm&r=g","caption":"tecnicaciffyh"},"url":"https:\/\/ffyh.unc.edu.ar\/ciffyh\/author\/tecnicaciffyh\/"}]}},"jetpack_featured_media_url":"https:\/\/ffyh.unc.edu.ar\/ciffyh\/wp-content\/uploads\/sites\/10\/2024\/12\/tapa_CUADERNOS-DE-HISTORIA-dic.png","_links":{"self":[{"href":"https:\/\/ffyh.unc.edu.ar\/ciffyh\/wp-json\/wp\/v2\/posts\/7887","targetHints":{"allow":["GET"]}}],"collection":[{"href":"https:\/\/ffyh.unc.edu.ar\/ciffyh\/wp-json\/wp\/v2\/posts"}],"about":[{"href":"https:\/\/ffyh.unc.edu.ar\/ciffyh\/wp-json\/wp\/v2\/types\/post"}],"author":[{"embeddable":true,"href":"https:\/\/ffyh.unc.edu.ar\/ciffyh\/wp-json\/wp\/v2\/users\/39"}],"replies":[{"embeddable":true,"href":"https:\/\/ffyh.unc.edu.ar\/ciffyh\/wp-json\/wp\/v2\/comments?post=7887"}],"version-history":[{"count":2,"href":"https:\/\/ffyh.unc.edu.ar\/ciffyh\/wp-json\/wp\/v2\/posts\/7887\/revisions"}],"predecessor-version":[{"id":7891,"href":"https:\/\/ffyh.unc.edu.ar\/ciffyh\/wp-json\/wp\/v2\/posts\/7887\/revisions\/7891"}],"wp:featuredmedia":[{"embeddable":true,"href":"https:\/\/ffyh.unc.edu.ar\/ciffyh\/wp-json\/wp\/v2\/media\/7888"}],"wp:attachment":[{"href":"https:\/\/ffyh.unc.edu.ar\/ciffyh\/wp-json\/wp\/v2\/media?parent=7887"}],"wp:term":[{"taxonomy":"category","embeddable":true,"href":"https:\/\/ffyh.unc.edu.ar\/ciffyh\/wp-json\/wp\/v2\/categories?post=7887"},{"taxonomy":"post_tag","embeddable":true,"href":"https:\/\/ffyh.unc.edu.ar\/ciffyh\/wp-json\/wp\/v2\/tags?post=7887"}],"curies":[{"name":"wp","href":"https:\/\/api.w.org\/{rel}","templated":true}]}}