{"id":7988,"date":"2025-03-11T13:00:18","date_gmt":"2025-03-11T13:00:18","guid":{"rendered":"https:\/\/ffyh.unc.edu.ar\/ciffyh\/?p=7988"},"modified":"2025-03-11T17:04:57","modified_gmt":"2025-03-11T17:04:57","slug":"la-memoria-no-se-borra-jornada-de-reinstalacion-del-mural-homenaje-a-silvia-suppo","status":"publish","type":"post","link":"https:\/\/ffyh.unc.edu.ar\/ciffyh\/la-memoria-no-se-borra-jornada-de-reinstalacion-del-mural-homenaje-a-silvia-suppo\/","title":{"rendered":"La memoria no se borra | Jornada de reinstalaci\u00f3n del mural-homenaje a Silvia Suppo"},"content":{"rendered":"<p>El CIFFyH, a trav\u00e9s del \u00c1rea Feminismos, G\u00e9nero y Sexualidades (FemGeS) invita a participar de la jornada de <em><strong>Reinstalaci\u00f3n del mural homenaje a Silvia Suppo<\/strong> <\/em>que se realizar\u00e1 el<strong> viernes 14 de marzo<\/strong>\u00a0en la <strong>Facultad de Psicolog\u00eda<\/strong> de la UNC.<\/p>\n<p>Silvia Suppo, expresa pol\u00edtica de la dictadura c\u00edvico eclesi\u00e1stico militar fue testigo clave en el juicio que conden\u00f3 en 2018 al ex juez federal V\u00edctor Brusa por cr\u00edmenes cometidos durante la dictadura militar en Santa Fe.<\/p>\n<p>El juicio se llev\u00f3 adelante con base en sus denuncias y testimonios en la Megacausa de Rafaela, previos a su asesinato.<\/p>\n<p>La querella llev\u00f3 adelante la causa por los delitos de secuestro, tormentos, violaci\u00f3n agravada, embarazo forzado y aborto forzado practicado a Silvia Suppo, junto al secuestro y desaparici\u00f3n forzada de otras personas.<\/p>\n<p>Fue la primera vez que el embarazo forzado y aborto forzado, llegaban a juicio oral como delitos de lesa humanidad aut\u00f3nomos.<\/p>\n<p>Silvia fue asesinada a pu\u00f1aladas la ma\u00f1ana del 29 de marzo de 2010, en su negocio de venta de cueros, en la zona c\u00e9ntrica de Rafaela.<\/p>\n<p>El 4 de mayo de 2013, a tres a\u00f1os de su asesinato, la colectiva las Histeriqas, las Mufas y las Otras, Espacio Verdad y Justicia por Silvia Suppo y el Movimiento Enrique Barros realizaron junto a otras organizaciones feministas y de derechos humanos un mural en el edificio de la Facultad de Psicolog\u00eda de la Universidad Nacional de C\u00f3rdoba por la memoria de Silvia Suppo.<\/p>\n<p>En diciembre de 2023 se borr\u00f3 y cubri\u00f3 el mural desconociendo las gestiones institucionales realizadas oportunamente para su realizaci\u00f3n y privando a la comunidad universitaria de saber quien fue Silvia Suppo.<\/p>\n<p>El pedido de desagravio y el repudio fue un accionar colectivo que convoca hoy a realizar el mural nuevamente.<br \/>\nEl mural es un homenaje a las genealog\u00edas pol\u00edticas, de derechos humanos y feministas.<\/p>\n<p><strong>Cronograma:<\/strong><\/p>\n<p><strong>10hs.<\/strong> Muraleada<\/p>\n<p><strong>16hs. <\/strong>Proyecci\u00f3n documental <em>Silvia, <\/em>Aula C<\/p>\n<p><strong>17hs.<\/strong> Radio Abierta. Conversaci\u00f3n con Marina Destefani, hija de Silvia Suppo; activistas de derechos humanos y activistas de Hist\u00e9ricas, Mufas y las Otras. Micr\u00f3fono abierto<br \/>\n<strong>19hs.<\/strong> Palabras, memoria y resistencia y cierre musical<\/p>\n<p><strong>Convocan:<\/strong> Espacios por la memoria de Silvia Supo<\/p>\n<p><strong>Contactos: <\/strong>Ivana Puche- FemGeS &#8211; \u00c1rea de Feminismos G\u00e9nero y Sexualidades del CIFFyH, UNC. Tel:3513997307<br \/>\nNatalia Di Marco &#8211; Docente y activista transfeminista Integrante de las Hist\u00e9ricas, las Mufas y las Otras. Tel: 3517155762<br \/>\nAgustina Diserio &#8211; Prosecretaria de G\u00e9nero, Diversidad y Feminismos. Facultad de Psicolog\u00eda, UNC.<br \/>\ngenero@psicologia.unc.edu.ar\/ Tel. 3512183050<\/p>\n<p>&nbsp;<\/p>\n<p><img fetchpriority=\"high\" decoding=\"async\" class=\"aligncenter wp-image-7997 size-full\" src=\"http:\/\/ffyh.unc.edu.ar\/ciffyh\/wp-content\/uploads\/sites\/10\/2025\/03\/flyer-_Silvia-Supo-1.jpg\" alt=\"\" width=\"1131\" height=\"1600\" srcset=\"https:\/\/ffyh.unc.edu.ar\/ciffyh\/wp-content\/uploads\/sites\/10\/2025\/03\/flyer-_Silvia-Supo-1.jpg 1131w, https:\/\/ffyh.unc.edu.ar\/ciffyh\/wp-content\/uploads\/sites\/10\/2025\/03\/flyer-_Silvia-Supo-1-212x300.jpg 212w, https:\/\/ffyh.unc.edu.ar\/ciffyh\/wp-content\/uploads\/sites\/10\/2025\/03\/flyer-_Silvia-Supo-1-724x1024.jpg 724w, https:\/\/ffyh.unc.edu.ar\/ciffyh\/wp-content\/uploads\/sites\/10\/2025\/03\/flyer-_Silvia-Supo-1-768x1086.jpg 768w, https:\/\/ffyh.unc.edu.ar\/ciffyh\/wp-content\/uploads\/sites\/10\/2025\/03\/flyer-_Silvia-Supo-1-1086x1536.jpg 1086w\" sizes=\"(max-width: 1131px) 100vw, 1131px\" \/><\/p>\n<p>&nbsp;<\/p>\n","protected":false},"excerpt":{"rendered":"<p>El CIFFyH, a trav\u00e9s del \u00c1rea Feminismos, G\u00e9nero y Sexualidades (FemGeS) invita a participar de la jornada de Reinstalaci\u00f3n del<\/p>\n","protected":false},"author":39,"featured_media":7997,"comment_status":"closed","ping_status":"closed","sticky":false,"template":"","format":"standard","meta":{"_acf_changed":false,"colormag_page_container_layout":"default_layout","colormag_page_sidebar_layout":"default_layout","footnotes":""},"categories":[8],"tags":[],"class_list":["post-7988","post","type-post","status-publish","format-standard","has-post-thumbnail","hentry","category-noticias"],"acf":[],"yoast_head":"<!-- This site is optimized with the Yoast SEO plugin v27.1.1 - https:\/\/yoast.com\/product\/yoast-seo-wordpress\/ -->\n<title>La memoria no se borra | Jornada de reinstalaci\u00f3n del mural-homenaje a Silvia Suppo - Centro de Investigaciones &quot;Maria Saleme de Burnichon&quot;<\/title>\n<meta name=\"robots\" content=\"index, follow, max-snippet:-1, max-image-preview:large, max-video-preview:-1\" \/>\n<link rel=\"canonical\" href=\"https:\/\/ffyh.unc.edu.ar\/ciffyh\/la-memoria-no-se-borra-jornada-de-reinstalacion-del-mural-homenaje-a-silvia-suppo\/\" \/>\n<meta property=\"og:locale\" content=\"es_ES\" \/>\n<meta property=\"og:type\" content=\"article\" \/>\n<meta property=\"og:title\" content=\"La memoria no se borra | Jornada de reinstalaci\u00f3n del mural-homenaje a Silvia Suppo - Centro de Investigaciones &quot;Maria Saleme de Burnichon&quot;\" \/>\n<meta property=\"og:description\" content=\"El CIFFyH, a trav\u00e9s del \u00c1rea Feminismos, G\u00e9nero y Sexualidades (FemGeS) invita a participar de la jornada de Reinstalaci\u00f3n del\" \/>\n<meta property=\"og:url\" content=\"https:\/\/ffyh.unc.edu.ar\/ciffyh\/la-memoria-no-se-borra-jornada-de-reinstalacion-del-mural-homenaje-a-silvia-suppo\/\" \/>\n<meta property=\"og:site_name\" content=\"Centro de Investigaciones &quot;Maria Saleme de Burnichon&quot;\" \/>\n<meta property=\"article:published_time\" content=\"2025-03-11T13:00:18+00:00\" \/>\n<meta property=\"article:modified_time\" content=\"2025-03-11T17:04:57+00:00\" \/>\n<meta property=\"og:image\" content=\"http:\/\/ffyh.unc.edu.ar\/ciffyh\/wp-content\/uploads\/sites\/10\/2025\/03\/flyer-_Silvia-Supo-1.jpg\" \/>\n\t<meta property=\"og:image:width\" content=\"1131\" \/>\n\t<meta property=\"og:image:height\" content=\"1600\" \/>\n\t<meta property=\"og:image:type\" content=\"image\/jpeg\" \/>\n<meta name=\"author\" content=\"tecnicaciffyh\" \/>\n<meta name=\"twitter:card\" content=\"summary_large_image\" \/>\n<meta name=\"twitter:label1\" content=\"Escrito por\" \/>\n\t<meta name=\"twitter:data1\" content=\"\" \/>\n\t<meta name=\"twitter:label2\" content=\"Tiempo de lectura\" \/>\n\t<meta name=\"twitter:data2\" content=\"3 minutos\" \/>\n<script type=\"application\/ld+json\" class=\"yoast-schema-graph\">{\"@context\":\"https:\/\/schema.org\",\"@graph\":[{\"@type\":\"Article\",\"@id\":\"https:\/\/ffyh.unc.edu.ar\/ciffyh\/la-memoria-no-se-borra-jornada-de-reinstalacion-del-mural-homenaje-a-silvia-suppo\/#article\",\"isPartOf\":{\"@id\":\"https:\/\/ffyh.unc.edu.ar\/ciffyh\/la-memoria-no-se-borra-jornada-de-reinstalacion-del-mural-homenaje-a-silvia-suppo\/\"},\"author\":{\"name\":\"tecnicaciffyh\",\"@id\":\"https:\/\/ffyh.unc.edu.ar\/ciffyh\/#\/schema\/person\/136b8e7d00e5053aff43b3dc53e99bc0\"},\"headline\":\"La memoria no se borra | Jornada de reinstalaci\u00f3n del mural-homenaje a Silvia Suppo\",\"datePublished\":\"2025-03-11T13:00:18+00:00\",\"dateModified\":\"2025-03-11T17:04:57+00:00\",\"mainEntityOfPage\":{\"@id\":\"https:\/\/ffyh.unc.edu.ar\/ciffyh\/la-memoria-no-se-borra-jornada-de-reinstalacion-del-mural-homenaje-a-silvia-suppo\/\"},\"wordCount\":446,\"publisher\":{\"@id\":\"https:\/\/ffyh.unc.edu.ar\/ciffyh\/#organization\"},\"image\":{\"@id\":\"https:\/\/ffyh.unc.edu.ar\/ciffyh\/la-memoria-no-se-borra-jornada-de-reinstalacion-del-mural-homenaje-a-silvia-suppo\/#primaryimage\"},\"thumbnailUrl\":\"https:\/\/ffyh.unc.edu.ar\/ciffyh\/wp-content\/uploads\/sites\/10\/2025\/03\/flyer-_Silvia-Supo-1.jpg\",\"articleSection\":[\"Noticias\"],\"inLanguage\":\"es\"},{\"@type\":\"WebPage\",\"@id\":\"https:\/\/ffyh.unc.edu.ar\/ciffyh\/la-memoria-no-se-borra-jornada-de-reinstalacion-del-mural-homenaje-a-silvia-suppo\/\",\"url\":\"https:\/\/ffyh.unc.edu.ar\/ciffyh\/la-memoria-no-se-borra-jornada-de-reinstalacion-del-mural-homenaje-a-silvia-suppo\/\",\"name\":\"La memoria no se borra | Jornada de reinstalaci\u00f3n del mural-homenaje a Silvia Suppo - Centro de Investigaciones &quot;Maria Saleme de Burnichon&quot;\",\"isPartOf\":{\"@id\":\"https:\/\/ffyh.unc.edu.ar\/ciffyh\/#website\"},\"primaryImageOfPage\":{\"@id\":\"https:\/\/ffyh.unc.edu.ar\/ciffyh\/la-memoria-no-se-borra-jornada-de-reinstalacion-del-mural-homenaje-a-silvia-suppo\/#primaryimage\"},\"image\":{\"@id\":\"https:\/\/ffyh.unc.edu.ar\/ciffyh\/la-memoria-no-se-borra-jornada-de-reinstalacion-del-mural-homenaje-a-silvia-suppo\/#primaryimage\"},\"thumbnailUrl\":\"https:\/\/ffyh.unc.edu.ar\/ciffyh\/wp-content\/uploads\/sites\/10\/2025\/03\/flyer-_Silvia-Supo-1.jpg\",\"datePublished\":\"2025-03-11T13:00:18+00:00\",\"dateModified\":\"2025-03-11T17:04:57+00:00\",\"breadcrumb\":{\"@id\":\"https:\/\/ffyh.unc.edu.ar\/ciffyh\/la-memoria-no-se-borra-jornada-de-reinstalacion-del-mural-homenaje-a-silvia-suppo\/#breadcrumb\"},\"inLanguage\":\"es\",\"potentialAction\":[{\"@type\":\"ReadAction\",\"target\":[\"https:\/\/ffyh.unc.edu.ar\/ciffyh\/la-memoria-no-se-borra-jornada-de-reinstalacion-del-mural-homenaje-a-silvia-suppo\/\"]}]},{\"@type\":\"ImageObject\",\"inLanguage\":\"es\",\"@id\":\"https:\/\/ffyh.unc.edu.ar\/ciffyh\/la-memoria-no-se-borra-jornada-de-reinstalacion-del-mural-homenaje-a-silvia-suppo\/#primaryimage\",\"url\":\"https:\/\/ffyh.unc.edu.ar\/ciffyh\/wp-content\/uploads\/sites\/10\/2025\/03\/flyer-_Silvia-Supo-1.jpg\",\"contentUrl\":\"https:\/\/ffyh.unc.edu.ar\/ciffyh\/wp-content\/uploads\/sites\/10\/2025\/03\/flyer-_Silvia-Supo-1.jpg\",\"width\":1131,\"height\":1600},{\"@type\":\"BreadcrumbList\",\"@id\":\"https:\/\/ffyh.unc.edu.ar\/ciffyh\/la-memoria-no-se-borra-jornada-de-reinstalacion-del-mural-homenaje-a-silvia-suppo\/#breadcrumb\",\"itemListElement\":[{\"@type\":\"ListItem\",\"position\":1,\"name\":\"Portada\",\"item\":\"https:\/\/ffyh.unc.edu.ar\/ciffyh\/\"},{\"@type\":\"ListItem\",\"position\":2,\"name\":\"La memoria no se borra | Jornada de reinstalaci\u00f3n del mural-homenaje a Silvia Suppo\"}]},{\"@type\":\"WebSite\",\"@id\":\"https:\/\/ffyh.unc.edu.ar\/ciffyh\/#website\",\"url\":\"https:\/\/ffyh.unc.edu.ar\/ciffyh\/\",\"name\":\"Centro de Investigaciones \\\"Maria Saleme de Burnichon\\\"\",\"description\":\"Facultad de Filosof\u00eda y Humanidades | UNC\",\"publisher\":{\"@id\":\"https:\/\/ffyh.unc.edu.ar\/ciffyh\/#organization\"},\"potentialAction\":[{\"@type\":\"SearchAction\",\"target\":{\"@type\":\"EntryPoint\",\"urlTemplate\":\"https:\/\/ffyh.unc.edu.ar\/ciffyh\/?s={search_term_string}\"},\"query-input\":{\"@type\":\"PropertyValueSpecification\",\"valueRequired\":true,\"valueName\":\"search_term_string\"}}],\"inLanguage\":\"es\"},{\"@type\":\"Organization\",\"@id\":\"https:\/\/ffyh.unc.edu.ar\/ciffyh\/#organization\",\"name\":\"Centro de Investigaciones \\\"Maria Saleme de Burnichon\\\"\",\"url\":\"https:\/\/ffyh.unc.edu.ar\/ciffyh\/\",\"logo\":{\"@type\":\"ImageObject\",\"inLanguage\":\"es\",\"@id\":\"https:\/\/ffyh.unc.edu.ar\/ciffyh\/#\/schema\/logo\/image\/\",\"url\":\"https:\/\/ffyh.unc.edu.ar\/ciffyh\/wp-content\/uploads\/sites\/10\/2018\/02\/cropped-logo-ciffyh-ico.png\",\"contentUrl\":\"https:\/\/ffyh.unc.edu.ar\/ciffyh\/wp-content\/uploads\/sites\/10\/2018\/02\/cropped-logo-ciffyh-ico.png\",\"width\":512,\"height\":512,\"caption\":\"Centro de Investigaciones \\\"Maria Saleme de Burnichon\\\"\"},\"image\":{\"@id\":\"https:\/\/ffyh.unc.edu.ar\/ciffyh\/#\/schema\/logo\/image\/\"},\"sameAs\":[\"https:\/\/www.instagram.com\/ciffyh\/\"]},{\"@type\":\"Person\",\"@id\":\"https:\/\/ffyh.unc.edu.ar\/ciffyh\/#\/schema\/person\/136b8e7d00e5053aff43b3dc53e99bc0\",\"name\":\"tecnicaciffyh\",\"image\":{\"@type\":\"ImageObject\",\"inLanguage\":\"es\",\"@id\":\"https:\/\/ffyh.unc.edu.ar\/ciffyh\/#\/schema\/person\/image\/\",\"url\":\"https:\/\/secure.gravatar.com\/avatar\/dce86f5e9bf49e3aa9e05e7ed5904a9112e25483e3c8f175eb93b2f53a67c2e4?s=96&d=mm&r=g\",\"contentUrl\":\"https:\/\/secure.gravatar.com\/avatar\/dce86f5e9bf49e3aa9e05e7ed5904a9112e25483e3c8f175eb93b2f53a67c2e4?s=96&d=mm&r=g\",\"caption\":\"tecnicaciffyh\"},\"url\":\"https:\/\/ffyh.unc.edu.ar\/ciffyh\/author\/tecnicaciffyh\/\"}]}<\/script>\n<!-- \/ Yoast SEO plugin. -->","yoast_head_json":{"title":"La memoria no se borra | Jornada de reinstalaci\u00f3n del mural-homenaje a Silvia Suppo - Centro de Investigaciones &quot;Maria Saleme de Burnichon&quot;","robots":{"index":"index","follow":"follow","max-snippet":"max-snippet:-1","max-image-preview":"max-image-preview:large","max-video-preview":"max-video-preview:-1"},"canonical":"https:\/\/ffyh.unc.edu.ar\/ciffyh\/la-memoria-no-se-borra-jornada-de-reinstalacion-del-mural-homenaje-a-silvia-suppo\/","og_locale":"es_ES","og_type":"article","og_title":"La memoria no se borra | Jornada de reinstalaci\u00f3n del mural-homenaje a Silvia Suppo - Centro de Investigaciones &quot;Maria Saleme de Burnichon&quot;","og_description":"El CIFFyH, a trav\u00e9s del \u00c1rea Feminismos, G\u00e9nero y Sexualidades (FemGeS) invita a participar de la jornada de Reinstalaci\u00f3n del","og_url":"https:\/\/ffyh.unc.edu.ar\/ciffyh\/la-memoria-no-se-borra-jornada-de-reinstalacion-del-mural-homenaje-a-silvia-suppo\/","og_site_name":"Centro de Investigaciones &quot;Maria Saleme de Burnichon&quot;","article_published_time":"2025-03-11T13:00:18+00:00","article_modified_time":"2025-03-11T17:04:57+00:00","og_image":[{"width":1131,"height":1600,"url":"http:\/\/ffyh.unc.edu.ar\/ciffyh\/wp-content\/uploads\/sites\/10\/2025\/03\/flyer-_Silvia-Supo-1.jpg","type":"image\/jpeg"}],"author":"tecnicaciffyh","twitter_card":"summary_large_image","twitter_misc":{"Escrito por":false,"Tiempo de lectura":"3 minutos"},"schema":{"@context":"https:\/\/schema.org","@graph":[{"@type":"Article","@id":"https:\/\/ffyh.unc.edu.ar\/ciffyh\/la-memoria-no-se-borra-jornada-de-reinstalacion-del-mural-homenaje-a-silvia-suppo\/#article","isPartOf":{"@id":"https:\/\/ffyh.unc.edu.ar\/ciffyh\/la-memoria-no-se-borra-jornada-de-reinstalacion-del-mural-homenaje-a-silvia-suppo\/"},"author":{"name":"tecnicaciffyh","@id":"https:\/\/ffyh.unc.edu.ar\/ciffyh\/#\/schema\/person\/136b8e7d00e5053aff43b3dc53e99bc0"},"headline":"La memoria no se borra | Jornada de reinstalaci\u00f3n del mural-homenaje a Silvia Suppo","datePublished":"2025-03-11T13:00:18+00:00","dateModified":"2025-03-11T17:04:57+00:00","mainEntityOfPage":{"@id":"https:\/\/ffyh.unc.edu.ar\/ciffyh\/la-memoria-no-se-borra-jornada-de-reinstalacion-del-mural-homenaje-a-silvia-suppo\/"},"wordCount":446,"publisher":{"@id":"https:\/\/ffyh.unc.edu.ar\/ciffyh\/#organization"},"image":{"@id":"https:\/\/ffyh.unc.edu.ar\/ciffyh\/la-memoria-no-se-borra-jornada-de-reinstalacion-del-mural-homenaje-a-silvia-suppo\/#primaryimage"},"thumbnailUrl":"https:\/\/ffyh.unc.edu.ar\/ciffyh\/wp-content\/uploads\/sites\/10\/2025\/03\/flyer-_Silvia-Supo-1.jpg","articleSection":["Noticias"],"inLanguage":"es"},{"@type":"WebPage","@id":"https:\/\/ffyh.unc.edu.ar\/ciffyh\/la-memoria-no-se-borra-jornada-de-reinstalacion-del-mural-homenaje-a-silvia-suppo\/","url":"https:\/\/ffyh.unc.edu.ar\/ciffyh\/la-memoria-no-se-borra-jornada-de-reinstalacion-del-mural-homenaje-a-silvia-suppo\/","name":"La memoria no se borra | Jornada de reinstalaci\u00f3n del mural-homenaje a Silvia Suppo - Centro de Investigaciones &quot;Maria Saleme de Burnichon&quot;","isPartOf":{"@id":"https:\/\/ffyh.unc.edu.ar\/ciffyh\/#website"},"primaryImageOfPage":{"@id":"https:\/\/ffyh.unc.edu.ar\/ciffyh\/la-memoria-no-se-borra-jornada-de-reinstalacion-del-mural-homenaje-a-silvia-suppo\/#primaryimage"},"image":{"@id":"https:\/\/ffyh.unc.edu.ar\/ciffyh\/la-memoria-no-se-borra-jornada-de-reinstalacion-del-mural-homenaje-a-silvia-suppo\/#primaryimage"},"thumbnailUrl":"https:\/\/ffyh.unc.edu.ar\/ciffyh\/wp-content\/uploads\/sites\/10\/2025\/03\/flyer-_Silvia-Supo-1.jpg","datePublished":"2025-03-11T13:00:18+00:00","dateModified":"2025-03-11T17:04:57+00:00","breadcrumb":{"@id":"https:\/\/ffyh.unc.edu.ar\/ciffyh\/la-memoria-no-se-borra-jornada-de-reinstalacion-del-mural-homenaje-a-silvia-suppo\/#breadcrumb"},"inLanguage":"es","potentialAction":[{"@type":"ReadAction","target":["https:\/\/ffyh.unc.edu.ar\/ciffyh\/la-memoria-no-se-borra-jornada-de-reinstalacion-del-mural-homenaje-a-silvia-suppo\/"]}]},{"@type":"ImageObject","inLanguage":"es","@id":"https:\/\/ffyh.unc.edu.ar\/ciffyh\/la-memoria-no-se-borra-jornada-de-reinstalacion-del-mural-homenaje-a-silvia-suppo\/#primaryimage","url":"https:\/\/ffyh.unc.edu.ar\/ciffyh\/wp-content\/uploads\/sites\/10\/2025\/03\/flyer-_Silvia-Supo-1.jpg","contentUrl":"https:\/\/ffyh.unc.edu.ar\/ciffyh\/wp-content\/uploads\/sites\/10\/2025\/03\/flyer-_Silvia-Supo-1.jpg","width":1131,"height":1600},{"@type":"BreadcrumbList","@id":"https:\/\/ffyh.unc.edu.ar\/ciffyh\/la-memoria-no-se-borra-jornada-de-reinstalacion-del-mural-homenaje-a-silvia-suppo\/#breadcrumb","itemListElement":[{"@type":"ListItem","position":1,"name":"Portada","item":"https:\/\/ffyh.unc.edu.ar\/ciffyh\/"},{"@type":"ListItem","position":2,"name":"La memoria no se borra | Jornada de reinstalaci\u00f3n del mural-homenaje a Silvia Suppo"}]},{"@type":"WebSite","@id":"https:\/\/ffyh.unc.edu.ar\/ciffyh\/#website","url":"https:\/\/ffyh.unc.edu.ar\/ciffyh\/","name":"Centro de Investigaciones \"Maria Saleme de Burnichon\"","description":"Facultad de Filosof\u00eda y Humanidades | UNC","publisher":{"@id":"https:\/\/ffyh.unc.edu.ar\/ciffyh\/#organization"},"potentialAction":[{"@type":"SearchAction","target":{"@type":"EntryPoint","urlTemplate":"https:\/\/ffyh.unc.edu.ar\/ciffyh\/?s={search_term_string}"},"query-input":{"@type":"PropertyValueSpecification","valueRequired":true,"valueName":"search_term_string"}}],"inLanguage":"es"},{"@type":"Organization","@id":"https:\/\/ffyh.unc.edu.ar\/ciffyh\/#organization","name":"Centro de Investigaciones \"Maria Saleme de Burnichon\"","url":"https:\/\/ffyh.unc.edu.ar\/ciffyh\/","logo":{"@type":"ImageObject","inLanguage":"es","@id":"https:\/\/ffyh.unc.edu.ar\/ciffyh\/#\/schema\/logo\/image\/","url":"https:\/\/ffyh.unc.edu.ar\/ciffyh\/wp-content\/uploads\/sites\/10\/2018\/02\/cropped-logo-ciffyh-ico.png","contentUrl":"https:\/\/ffyh.unc.edu.ar\/ciffyh\/wp-content\/uploads\/sites\/10\/2018\/02\/cropped-logo-ciffyh-ico.png","width":512,"height":512,"caption":"Centro de Investigaciones \"Maria Saleme de Burnichon\""},"image":{"@id":"https:\/\/ffyh.unc.edu.ar\/ciffyh\/#\/schema\/logo\/image\/"},"sameAs":["https:\/\/www.instagram.com\/ciffyh\/"]},{"@type":"Person","@id":"https:\/\/ffyh.unc.edu.ar\/ciffyh\/#\/schema\/person\/136b8e7d00e5053aff43b3dc53e99bc0","name":"tecnicaciffyh","image":{"@type":"ImageObject","inLanguage":"es","@id":"https:\/\/ffyh.unc.edu.ar\/ciffyh\/#\/schema\/person\/image\/","url":"https:\/\/secure.gravatar.com\/avatar\/dce86f5e9bf49e3aa9e05e7ed5904a9112e25483e3c8f175eb93b2f53a67c2e4?s=96&d=mm&r=g","contentUrl":"https:\/\/secure.gravatar.com\/avatar\/dce86f5e9bf49e3aa9e05e7ed5904a9112e25483e3c8f175eb93b2f53a67c2e4?s=96&d=mm&r=g","caption":"tecnicaciffyh"},"url":"https:\/\/ffyh.unc.edu.ar\/ciffyh\/author\/tecnicaciffyh\/"}]}},"jetpack_featured_media_url":"https:\/\/ffyh.unc.edu.ar\/ciffyh\/wp-content\/uploads\/sites\/10\/2025\/03\/flyer-_Silvia-Supo-1.jpg","_links":{"self":[{"href":"https:\/\/ffyh.unc.edu.ar\/ciffyh\/wp-json\/wp\/v2\/posts\/7988","targetHints":{"allow":["GET"]}}],"collection":[{"href":"https:\/\/ffyh.unc.edu.ar\/ciffyh\/wp-json\/wp\/v2\/posts"}],"about":[{"href":"https:\/\/ffyh.unc.edu.ar\/ciffyh\/wp-json\/wp\/v2\/types\/post"}],"author":[{"embeddable":true,"href":"https:\/\/ffyh.unc.edu.ar\/ciffyh\/wp-json\/wp\/v2\/users\/39"}],"replies":[{"embeddable":true,"href":"https:\/\/ffyh.unc.edu.ar\/ciffyh\/wp-json\/wp\/v2\/comments?post=7988"}],"version-history":[{"count":5,"href":"https:\/\/ffyh.unc.edu.ar\/ciffyh\/wp-json\/wp\/v2\/posts\/7988\/revisions"}],"predecessor-version":[{"id":7999,"href":"https:\/\/ffyh.unc.edu.ar\/ciffyh\/wp-json\/wp\/v2\/posts\/7988\/revisions\/7999"}],"wp:featuredmedia":[{"embeddable":true,"href":"https:\/\/ffyh.unc.edu.ar\/ciffyh\/wp-json\/wp\/v2\/media\/7997"}],"wp:attachment":[{"href":"https:\/\/ffyh.unc.edu.ar\/ciffyh\/wp-json\/wp\/v2\/media?parent=7988"}],"wp:term":[{"taxonomy":"category","embeddable":true,"href":"https:\/\/ffyh.unc.edu.ar\/ciffyh\/wp-json\/wp\/v2\/categories?post=7988"},{"taxonomy":"post_tag","embeddable":true,"href":"https:\/\/ffyh.unc.edu.ar\/ciffyh\/wp-json\/wp\/v2\/tags?post=7988"}],"curies":[{"name":"wp","href":"https:\/\/api.w.org\/{rel}","templated":true}]}}