{"id":8001,"date":"2025-03-14T14:33:39","date_gmt":"2025-03-14T14:33:39","guid":{"rendered":"https:\/\/ffyh.unc.edu.ar\/ciffyh\/?p=8001"},"modified":"2025-03-14T14:53:49","modified_gmt":"2025-03-14T14:53:49","slug":"nueva-convocatoria-de-la-revista-polemicas-feministas-dossier-del-volumen-9-numero-2-2025","status":"publish","type":"post","link":"https:\/\/ffyh.unc.edu.ar\/ciffyh\/nueva-convocatoria-de-la-revista-polemicas-feministas-dossier-del-volumen-9-numero-2-2025\/","title":{"rendered":"Nueva Convocatoria de la revista Pol\u00e9micas Feministas | Dossier del Volumen 9, N\u00famero 2 (2025)"},"content":{"rendered":"<div>Convocatoria al Dossier del Volumen 9, N\u00famero 2 (2025): <em>\u00bfTodav\u00eda importa el trabajo? Transformaciones laborales, experiencias organizativas y resistencias feministas en el neoliberalismo<\/em><\/div>\n<div><\/div>\n<div><strong>Coordinaci\u00f3n del Dossier:<\/strong> Grupo de investigaci\u00f3n dirigido por Ana Elisa Arriaga y Leticia Medina<\/div>\n<div>\n<p><b>Fecha de cierre: 15 de abril de 2025<br \/>\n<\/b><\/p>\n<p>La convocatoria permanece abierta de forma permanente a todas las dem\u00e1s secciones: Homenajes, Producci\u00f3n de saber(es) desde el arte, Investigaciones Incipientes, Escritura Colectiva, Entrevistas, Traducciones, Rese\u00f1as, Ensayos y Art\u00edculos Libres.<\/p>\n<p>Se recuerda a les autorxs que todas las contribuciones deben consultar y atender las\u00a0<a href=\"https:\/\/revistas.unc.edu.ar\/index.php\/polemicasfeminista\/libraryFiles\/downloadPublic\/261\" target=\"_blank\" rel=\"noopener\" data-saferedirecturl=\"https:\/\/www.google.com\/url?q=https:\/\/revistas.unc.edu.ar\/index.php\/polemicasfeminista\/libraryFiles\/downloadPublic\/261&amp;source=gmail&amp;ust=1742041199841000&amp;usg=AOvVaw2pbedzo69Ge2pp5XR89_hK\">Indicaciones de Presentaci\u00f3n<\/a>.<\/p>\n<p>Para conocer m\u00e1s sobre la convocatoria y la revista hacer clic <a href=\"https:\/\/revistas.unc.edu.ar\/index.php\/polemicasfeminista\" target=\"_blank\" rel=\"noopener\">AQU\u00cd<\/a><\/p>\n<p><img fetchpriority=\"high\" decoding=\"async\" class=\"aligncenter wp-image-8007 size-full\" src=\"http:\/\/ffyh.unc.edu.ar\/ciffyh\/wp-content\/uploads\/sites\/10\/2025\/03\/flyer_volumen-9-numero-2.jpeg\" alt=\"\" width=\"1077\" height=\"1357\" srcset=\"https:\/\/ffyh.unc.edu.ar\/ciffyh\/wp-content\/uploads\/sites\/10\/2025\/03\/flyer_volumen-9-numero-2.jpeg 1077w, https:\/\/ffyh.unc.edu.ar\/ciffyh\/wp-content\/uploads\/sites\/10\/2025\/03\/flyer_volumen-9-numero-2-238x300.jpeg 238w, https:\/\/ffyh.unc.edu.ar\/ciffyh\/wp-content\/uploads\/sites\/10\/2025\/03\/flyer_volumen-9-numero-2-813x1024.jpeg 813w, https:\/\/ffyh.unc.edu.ar\/ciffyh\/wp-content\/uploads\/sites\/10\/2025\/03\/flyer_volumen-9-numero-2-768x968.jpeg 768w\" sizes=\"(max-width: 1077px) 100vw, 1077px\" \/><\/p>\n<\/div>\n","protected":false},"excerpt":{"rendered":"<p>Convocatoria al Dossier del Volumen 9, N\u00famero 2 (2025): \u00bfTodav\u00eda importa el trabajo? Transformaciones laborales, experiencias organizativas y resistencias feministas<\/p>\n","protected":false},"author":39,"featured_media":8002,"comment_status":"closed","ping_status":"closed","sticky":false,"template":"","format":"standard","meta":{"_acf_changed":false,"colormag_page_container_layout":"default_layout","colormag_page_sidebar_layout":"default_layout","footnotes":""},"categories":[43,45],"tags":[],"class_list":["post-8001","post","type-post","status-publish","format-standard","has-post-thumbnail","hentry","category-convocatorias","category-nuestras-revistas"],"acf":[],"yoast_head":"<!-- This site is optimized with the Yoast SEO plugin v27.1.1 - https:\/\/yoast.com\/product\/yoast-seo-wordpress\/ -->\n<title>Nueva Convocatoria de la revista Pol\u00e9micas Feministas | Dossier del Volumen 9, N\u00famero 2 (2025) - Centro de Investigaciones &quot;Maria Saleme de Burnichon&quot;<\/title>\n<meta name=\"robots\" content=\"index, follow, max-snippet:-1, max-image-preview:large, max-video-preview:-1\" \/>\n<link rel=\"canonical\" href=\"https:\/\/ffyh.unc.edu.ar\/ciffyh\/nueva-convocatoria-de-la-revista-polemicas-feministas-dossier-del-volumen-9-numero-2-2025\/\" \/>\n<meta property=\"og:locale\" content=\"es_ES\" \/>\n<meta property=\"og:type\" content=\"article\" \/>\n<meta property=\"og:title\" content=\"Nueva Convocatoria de la revista Pol\u00e9micas Feministas | Dossier del Volumen 9, N\u00famero 2 (2025) - Centro de Investigaciones &quot;Maria Saleme de Burnichon&quot;\" \/>\n<meta property=\"og:description\" content=\"Convocatoria al Dossier del Volumen 9, N\u00famero 2 (2025): \u00bfTodav\u00eda importa el trabajo? Transformaciones laborales, experiencias organizativas y resistencias feministas\" \/>\n<meta property=\"og:url\" content=\"https:\/\/ffyh.unc.edu.ar\/ciffyh\/nueva-convocatoria-de-la-revista-polemicas-feministas-dossier-del-volumen-9-numero-2-2025\/\" \/>\n<meta property=\"og:site_name\" content=\"Centro de Investigaciones &quot;Maria Saleme de Burnichon&quot;\" \/>\n<meta property=\"article:published_time\" content=\"2025-03-14T14:33:39+00:00\" \/>\n<meta property=\"article:modified_time\" content=\"2025-03-14T14:53:49+00:00\" \/>\n<meta property=\"og:image\" content=\"http:\/\/ffyh.unc.edu.ar\/ciffyh\/wp-content\/uploads\/sites\/10\/2025\/03\/grafica.jpg\" \/>\n\t<meta property=\"og:image:width\" content=\"800\" \/>\n\t<meta property=\"og:image:height\" content=\"445\" \/>\n\t<meta property=\"og:image:type\" content=\"image\/jpeg\" \/>\n<meta name=\"author\" content=\"tecnicaciffyh\" \/>\n<meta name=\"twitter:card\" content=\"summary_large_image\" \/>\n<meta name=\"twitter:label1\" content=\"Escrito por\" \/>\n\t<meta name=\"twitter:data1\" content=\"\" \/>\n\t<meta name=\"twitter:label2\" content=\"Tiempo de lectura\" \/>\n\t<meta name=\"twitter:data2\" content=\"1 minuto\" \/>\n<script type=\"application\/ld+json\" class=\"yoast-schema-graph\">{\"@context\":\"https:\/\/schema.org\",\"@graph\":[{\"@type\":\"Article\",\"@id\":\"https:\/\/ffyh.unc.edu.ar\/ciffyh\/nueva-convocatoria-de-la-revista-polemicas-feministas-dossier-del-volumen-9-numero-2-2025\/#article\",\"isPartOf\":{\"@id\":\"https:\/\/ffyh.unc.edu.ar\/ciffyh\/nueva-convocatoria-de-la-revista-polemicas-feministas-dossier-del-volumen-9-numero-2-2025\/\"},\"author\":{\"name\":\"tecnicaciffyh\",\"@id\":\"https:\/\/ffyh.unc.edu.ar\/ciffyh\/#\/schema\/person\/136b8e7d00e5053aff43b3dc53e99bc0\"},\"headline\":\"Nueva Convocatoria de la revista Pol\u00e9micas Feministas | Dossier del Volumen 9, N\u00famero 2 (2025)\",\"datePublished\":\"2025-03-14T14:33:39+00:00\",\"dateModified\":\"2025-03-14T14:53:49+00:00\",\"mainEntityOfPage\":{\"@id\":\"https:\/\/ffyh.unc.edu.ar\/ciffyh\/nueva-convocatoria-de-la-revista-polemicas-feministas-dossier-del-volumen-9-numero-2-2025\/\"},\"wordCount\":123,\"publisher\":{\"@id\":\"https:\/\/ffyh.unc.edu.ar\/ciffyh\/#organization\"},\"image\":{\"@id\":\"https:\/\/ffyh.unc.edu.ar\/ciffyh\/nueva-convocatoria-de-la-revista-polemicas-feministas-dossier-del-volumen-9-numero-2-2025\/#primaryimage\"},\"thumbnailUrl\":\"https:\/\/ffyh.unc.edu.ar\/ciffyh\/wp-content\/uploads\/sites\/10\/2025\/03\/grafica.jpg\",\"articleSection\":[\"Convocatorias\",\"Nuestras Revistas\"],\"inLanguage\":\"es\"},{\"@type\":\"WebPage\",\"@id\":\"https:\/\/ffyh.unc.edu.ar\/ciffyh\/nueva-convocatoria-de-la-revista-polemicas-feministas-dossier-del-volumen-9-numero-2-2025\/\",\"url\":\"https:\/\/ffyh.unc.edu.ar\/ciffyh\/nueva-convocatoria-de-la-revista-polemicas-feministas-dossier-del-volumen-9-numero-2-2025\/\",\"name\":\"Nueva Convocatoria de la revista Pol\u00e9micas Feministas | Dossier del Volumen 9, N\u00famero 2 (2025) - Centro de Investigaciones &quot;Maria Saleme de Burnichon&quot;\",\"isPartOf\":{\"@id\":\"https:\/\/ffyh.unc.edu.ar\/ciffyh\/#website\"},\"primaryImageOfPage\":{\"@id\":\"https:\/\/ffyh.unc.edu.ar\/ciffyh\/nueva-convocatoria-de-la-revista-polemicas-feministas-dossier-del-volumen-9-numero-2-2025\/#primaryimage\"},\"image\":{\"@id\":\"https:\/\/ffyh.unc.edu.ar\/ciffyh\/nueva-convocatoria-de-la-revista-polemicas-feministas-dossier-del-volumen-9-numero-2-2025\/#primaryimage\"},\"thumbnailUrl\":\"https:\/\/ffyh.unc.edu.ar\/ciffyh\/wp-content\/uploads\/sites\/10\/2025\/03\/grafica.jpg\",\"datePublished\":\"2025-03-14T14:33:39+00:00\",\"dateModified\":\"2025-03-14T14:53:49+00:00\",\"breadcrumb\":{\"@id\":\"https:\/\/ffyh.unc.edu.ar\/ciffyh\/nueva-convocatoria-de-la-revista-polemicas-feministas-dossier-del-volumen-9-numero-2-2025\/#breadcrumb\"},\"inLanguage\":\"es\",\"potentialAction\":[{\"@type\":\"ReadAction\",\"target\":[\"https:\/\/ffyh.unc.edu.ar\/ciffyh\/nueva-convocatoria-de-la-revista-polemicas-feministas-dossier-del-volumen-9-numero-2-2025\/\"]}]},{\"@type\":\"ImageObject\",\"inLanguage\":\"es\",\"@id\":\"https:\/\/ffyh.unc.edu.ar\/ciffyh\/nueva-convocatoria-de-la-revista-polemicas-feministas-dossier-del-volumen-9-numero-2-2025\/#primaryimage\",\"url\":\"https:\/\/ffyh.unc.edu.ar\/ciffyh\/wp-content\/uploads\/sites\/10\/2025\/03\/grafica.jpg\",\"contentUrl\":\"https:\/\/ffyh.unc.edu.ar\/ciffyh\/wp-content\/uploads\/sites\/10\/2025\/03\/grafica.jpg\",\"width\":800,\"height\":445},{\"@type\":\"BreadcrumbList\",\"@id\":\"https:\/\/ffyh.unc.edu.ar\/ciffyh\/nueva-convocatoria-de-la-revista-polemicas-feministas-dossier-del-volumen-9-numero-2-2025\/#breadcrumb\",\"itemListElement\":[{\"@type\":\"ListItem\",\"position\":1,\"name\":\"Portada\",\"item\":\"https:\/\/ffyh.unc.edu.ar\/ciffyh\/\"},{\"@type\":\"ListItem\",\"position\":2,\"name\":\"Nueva Convocatoria de la revista Pol\u00e9micas Feministas | Dossier del Volumen 9, N\u00famero 2 (2025)\"}]},{\"@type\":\"WebSite\",\"@id\":\"https:\/\/ffyh.unc.edu.ar\/ciffyh\/#website\",\"url\":\"https:\/\/ffyh.unc.edu.ar\/ciffyh\/\",\"name\":\"Centro de Investigaciones \\\"Maria Saleme de Burnichon\\\"\",\"description\":\"Facultad de Filosof\u00eda y Humanidades | UNC\",\"publisher\":{\"@id\":\"https:\/\/ffyh.unc.edu.ar\/ciffyh\/#organization\"},\"potentialAction\":[{\"@type\":\"SearchAction\",\"target\":{\"@type\":\"EntryPoint\",\"urlTemplate\":\"https:\/\/ffyh.unc.edu.ar\/ciffyh\/?s={search_term_string}\"},\"query-input\":{\"@type\":\"PropertyValueSpecification\",\"valueRequired\":true,\"valueName\":\"search_term_string\"}}],\"inLanguage\":\"es\"},{\"@type\":\"Organization\",\"@id\":\"https:\/\/ffyh.unc.edu.ar\/ciffyh\/#organization\",\"name\":\"Centro de Investigaciones \\\"Maria Saleme de Burnichon\\\"\",\"url\":\"https:\/\/ffyh.unc.edu.ar\/ciffyh\/\",\"logo\":{\"@type\":\"ImageObject\",\"inLanguage\":\"es\",\"@id\":\"https:\/\/ffyh.unc.edu.ar\/ciffyh\/#\/schema\/logo\/image\/\",\"url\":\"https:\/\/ffyh.unc.edu.ar\/ciffyh\/wp-content\/uploads\/sites\/10\/2018\/02\/cropped-logo-ciffyh-ico.png\",\"contentUrl\":\"https:\/\/ffyh.unc.edu.ar\/ciffyh\/wp-content\/uploads\/sites\/10\/2018\/02\/cropped-logo-ciffyh-ico.png\",\"width\":512,\"height\":512,\"caption\":\"Centro de Investigaciones \\\"Maria Saleme de Burnichon\\\"\"},\"image\":{\"@id\":\"https:\/\/ffyh.unc.edu.ar\/ciffyh\/#\/schema\/logo\/image\/\"},\"sameAs\":[\"https:\/\/www.instagram.com\/ciffyh\/\"]},{\"@type\":\"Person\",\"@id\":\"https:\/\/ffyh.unc.edu.ar\/ciffyh\/#\/schema\/person\/136b8e7d00e5053aff43b3dc53e99bc0\",\"name\":\"tecnicaciffyh\",\"image\":{\"@type\":\"ImageObject\",\"inLanguage\":\"es\",\"@id\":\"https:\/\/ffyh.unc.edu.ar\/ciffyh\/#\/schema\/person\/image\/\",\"url\":\"https:\/\/secure.gravatar.com\/avatar\/dce86f5e9bf49e3aa9e05e7ed5904a9112e25483e3c8f175eb93b2f53a67c2e4?s=96&d=mm&r=g\",\"contentUrl\":\"https:\/\/secure.gravatar.com\/avatar\/dce86f5e9bf49e3aa9e05e7ed5904a9112e25483e3c8f175eb93b2f53a67c2e4?s=96&d=mm&r=g\",\"caption\":\"tecnicaciffyh\"},\"url\":\"https:\/\/ffyh.unc.edu.ar\/ciffyh\/author\/tecnicaciffyh\/\"}]}<\/script>\n<!-- \/ Yoast SEO plugin. -->","yoast_head_json":{"title":"Nueva Convocatoria de la revista Pol\u00e9micas Feministas | Dossier del Volumen 9, N\u00famero 2 (2025) - Centro de Investigaciones &quot;Maria Saleme de Burnichon&quot;","robots":{"index":"index","follow":"follow","max-snippet":"max-snippet:-1","max-image-preview":"max-image-preview:large","max-video-preview":"max-video-preview:-1"},"canonical":"https:\/\/ffyh.unc.edu.ar\/ciffyh\/nueva-convocatoria-de-la-revista-polemicas-feministas-dossier-del-volumen-9-numero-2-2025\/","og_locale":"es_ES","og_type":"article","og_title":"Nueva Convocatoria de la revista Pol\u00e9micas Feministas | Dossier del Volumen 9, N\u00famero 2 (2025) - Centro de Investigaciones &quot;Maria Saleme de Burnichon&quot;","og_description":"Convocatoria al Dossier del Volumen 9, N\u00famero 2 (2025): \u00bfTodav\u00eda importa el trabajo? Transformaciones laborales, experiencias organizativas y resistencias feministas","og_url":"https:\/\/ffyh.unc.edu.ar\/ciffyh\/nueva-convocatoria-de-la-revista-polemicas-feministas-dossier-del-volumen-9-numero-2-2025\/","og_site_name":"Centro de Investigaciones &quot;Maria Saleme de Burnichon&quot;","article_published_time":"2025-03-14T14:33:39+00:00","article_modified_time":"2025-03-14T14:53:49+00:00","og_image":[{"width":800,"height":445,"url":"http:\/\/ffyh.unc.edu.ar\/ciffyh\/wp-content\/uploads\/sites\/10\/2025\/03\/grafica.jpg","type":"image\/jpeg"}],"author":"tecnicaciffyh","twitter_card":"summary_large_image","twitter_misc":{"Escrito por":false,"Tiempo de lectura":"1 minuto"},"schema":{"@context":"https:\/\/schema.org","@graph":[{"@type":"Article","@id":"https:\/\/ffyh.unc.edu.ar\/ciffyh\/nueva-convocatoria-de-la-revista-polemicas-feministas-dossier-del-volumen-9-numero-2-2025\/#article","isPartOf":{"@id":"https:\/\/ffyh.unc.edu.ar\/ciffyh\/nueva-convocatoria-de-la-revista-polemicas-feministas-dossier-del-volumen-9-numero-2-2025\/"},"author":{"name":"tecnicaciffyh","@id":"https:\/\/ffyh.unc.edu.ar\/ciffyh\/#\/schema\/person\/136b8e7d00e5053aff43b3dc53e99bc0"},"headline":"Nueva Convocatoria de la revista Pol\u00e9micas Feministas | Dossier del Volumen 9, N\u00famero 2 (2025)","datePublished":"2025-03-14T14:33:39+00:00","dateModified":"2025-03-14T14:53:49+00:00","mainEntityOfPage":{"@id":"https:\/\/ffyh.unc.edu.ar\/ciffyh\/nueva-convocatoria-de-la-revista-polemicas-feministas-dossier-del-volumen-9-numero-2-2025\/"},"wordCount":123,"publisher":{"@id":"https:\/\/ffyh.unc.edu.ar\/ciffyh\/#organization"},"image":{"@id":"https:\/\/ffyh.unc.edu.ar\/ciffyh\/nueva-convocatoria-de-la-revista-polemicas-feministas-dossier-del-volumen-9-numero-2-2025\/#primaryimage"},"thumbnailUrl":"https:\/\/ffyh.unc.edu.ar\/ciffyh\/wp-content\/uploads\/sites\/10\/2025\/03\/grafica.jpg","articleSection":["Convocatorias","Nuestras Revistas"],"inLanguage":"es"},{"@type":"WebPage","@id":"https:\/\/ffyh.unc.edu.ar\/ciffyh\/nueva-convocatoria-de-la-revista-polemicas-feministas-dossier-del-volumen-9-numero-2-2025\/","url":"https:\/\/ffyh.unc.edu.ar\/ciffyh\/nueva-convocatoria-de-la-revista-polemicas-feministas-dossier-del-volumen-9-numero-2-2025\/","name":"Nueva Convocatoria de la revista Pol\u00e9micas Feministas | Dossier del Volumen 9, N\u00famero 2 (2025) - Centro de Investigaciones &quot;Maria Saleme de Burnichon&quot;","isPartOf":{"@id":"https:\/\/ffyh.unc.edu.ar\/ciffyh\/#website"},"primaryImageOfPage":{"@id":"https:\/\/ffyh.unc.edu.ar\/ciffyh\/nueva-convocatoria-de-la-revista-polemicas-feministas-dossier-del-volumen-9-numero-2-2025\/#primaryimage"},"image":{"@id":"https:\/\/ffyh.unc.edu.ar\/ciffyh\/nueva-convocatoria-de-la-revista-polemicas-feministas-dossier-del-volumen-9-numero-2-2025\/#primaryimage"},"thumbnailUrl":"https:\/\/ffyh.unc.edu.ar\/ciffyh\/wp-content\/uploads\/sites\/10\/2025\/03\/grafica.jpg","datePublished":"2025-03-14T14:33:39+00:00","dateModified":"2025-03-14T14:53:49+00:00","breadcrumb":{"@id":"https:\/\/ffyh.unc.edu.ar\/ciffyh\/nueva-convocatoria-de-la-revista-polemicas-feministas-dossier-del-volumen-9-numero-2-2025\/#breadcrumb"},"inLanguage":"es","potentialAction":[{"@type":"ReadAction","target":["https:\/\/ffyh.unc.edu.ar\/ciffyh\/nueva-convocatoria-de-la-revista-polemicas-feministas-dossier-del-volumen-9-numero-2-2025\/"]}]},{"@type":"ImageObject","inLanguage":"es","@id":"https:\/\/ffyh.unc.edu.ar\/ciffyh\/nueva-convocatoria-de-la-revista-polemicas-feministas-dossier-del-volumen-9-numero-2-2025\/#primaryimage","url":"https:\/\/ffyh.unc.edu.ar\/ciffyh\/wp-content\/uploads\/sites\/10\/2025\/03\/grafica.jpg","contentUrl":"https:\/\/ffyh.unc.edu.ar\/ciffyh\/wp-content\/uploads\/sites\/10\/2025\/03\/grafica.jpg","width":800,"height":445},{"@type":"BreadcrumbList","@id":"https:\/\/ffyh.unc.edu.ar\/ciffyh\/nueva-convocatoria-de-la-revista-polemicas-feministas-dossier-del-volumen-9-numero-2-2025\/#breadcrumb","itemListElement":[{"@type":"ListItem","position":1,"name":"Portada","item":"https:\/\/ffyh.unc.edu.ar\/ciffyh\/"},{"@type":"ListItem","position":2,"name":"Nueva Convocatoria de la revista Pol\u00e9micas Feministas | Dossier del Volumen 9, N\u00famero 2 (2025)"}]},{"@type":"WebSite","@id":"https:\/\/ffyh.unc.edu.ar\/ciffyh\/#website","url":"https:\/\/ffyh.unc.edu.ar\/ciffyh\/","name":"Centro de Investigaciones \"Maria Saleme de Burnichon\"","description":"Facultad de Filosof\u00eda y Humanidades | UNC","publisher":{"@id":"https:\/\/ffyh.unc.edu.ar\/ciffyh\/#organization"},"potentialAction":[{"@type":"SearchAction","target":{"@type":"EntryPoint","urlTemplate":"https:\/\/ffyh.unc.edu.ar\/ciffyh\/?s={search_term_string}"},"query-input":{"@type":"PropertyValueSpecification","valueRequired":true,"valueName":"search_term_string"}}],"inLanguage":"es"},{"@type":"Organization","@id":"https:\/\/ffyh.unc.edu.ar\/ciffyh\/#organization","name":"Centro de Investigaciones \"Maria Saleme de Burnichon\"","url":"https:\/\/ffyh.unc.edu.ar\/ciffyh\/","logo":{"@type":"ImageObject","inLanguage":"es","@id":"https:\/\/ffyh.unc.edu.ar\/ciffyh\/#\/schema\/logo\/image\/","url":"https:\/\/ffyh.unc.edu.ar\/ciffyh\/wp-content\/uploads\/sites\/10\/2018\/02\/cropped-logo-ciffyh-ico.png","contentUrl":"https:\/\/ffyh.unc.edu.ar\/ciffyh\/wp-content\/uploads\/sites\/10\/2018\/02\/cropped-logo-ciffyh-ico.png","width":512,"height":512,"caption":"Centro de Investigaciones \"Maria Saleme de Burnichon\""},"image":{"@id":"https:\/\/ffyh.unc.edu.ar\/ciffyh\/#\/schema\/logo\/image\/"},"sameAs":["https:\/\/www.instagram.com\/ciffyh\/"]},{"@type":"Person","@id":"https:\/\/ffyh.unc.edu.ar\/ciffyh\/#\/schema\/person\/136b8e7d00e5053aff43b3dc53e99bc0","name":"tecnicaciffyh","image":{"@type":"ImageObject","inLanguage":"es","@id":"https:\/\/ffyh.unc.edu.ar\/ciffyh\/#\/schema\/person\/image\/","url":"https:\/\/secure.gravatar.com\/avatar\/dce86f5e9bf49e3aa9e05e7ed5904a9112e25483e3c8f175eb93b2f53a67c2e4?s=96&d=mm&r=g","contentUrl":"https:\/\/secure.gravatar.com\/avatar\/dce86f5e9bf49e3aa9e05e7ed5904a9112e25483e3c8f175eb93b2f53a67c2e4?s=96&d=mm&r=g","caption":"tecnicaciffyh"},"url":"https:\/\/ffyh.unc.edu.ar\/ciffyh\/author\/tecnicaciffyh\/"}]}},"jetpack_featured_media_url":"https:\/\/ffyh.unc.edu.ar\/ciffyh\/wp-content\/uploads\/sites\/10\/2025\/03\/grafica.jpg","_links":{"self":[{"href":"https:\/\/ffyh.unc.edu.ar\/ciffyh\/wp-json\/wp\/v2\/posts\/8001","targetHints":{"allow":["GET"]}}],"collection":[{"href":"https:\/\/ffyh.unc.edu.ar\/ciffyh\/wp-json\/wp\/v2\/posts"}],"about":[{"href":"https:\/\/ffyh.unc.edu.ar\/ciffyh\/wp-json\/wp\/v2\/types\/post"}],"author":[{"embeddable":true,"href":"https:\/\/ffyh.unc.edu.ar\/ciffyh\/wp-json\/wp\/v2\/users\/39"}],"replies":[{"embeddable":true,"href":"https:\/\/ffyh.unc.edu.ar\/ciffyh\/wp-json\/wp\/v2\/comments?post=8001"}],"version-history":[{"count":5,"href":"https:\/\/ffyh.unc.edu.ar\/ciffyh\/wp-json\/wp\/v2\/posts\/8001\/revisions"}],"predecessor-version":[{"id":8008,"href":"https:\/\/ffyh.unc.edu.ar\/ciffyh\/wp-json\/wp\/v2\/posts\/8001\/revisions\/8008"}],"wp:featuredmedia":[{"embeddable":true,"href":"https:\/\/ffyh.unc.edu.ar\/ciffyh\/wp-json\/wp\/v2\/media\/8002"}],"wp:attachment":[{"href":"https:\/\/ffyh.unc.edu.ar\/ciffyh\/wp-json\/wp\/v2\/media?parent=8001"}],"wp:term":[{"taxonomy":"category","embeddable":true,"href":"https:\/\/ffyh.unc.edu.ar\/ciffyh\/wp-json\/wp\/v2\/categories?post=8001"},{"taxonomy":"post_tag","embeddable":true,"href":"https:\/\/ffyh.unc.edu.ar\/ciffyh\/wp-json\/wp\/v2\/tags?post=8001"}],"curies":[{"name":"wp","href":"https:\/\/api.w.org\/{rel}","templated":true}]}}