{"id":8087,"date":"2025-04-01T14:29:43","date_gmt":"2025-04-01T14:29:43","guid":{"rendered":"https:\/\/ffyh.unc.edu.ar\/ciffyh\/?p=8087"},"modified":"2025-04-01T14:31:01","modified_gmt":"2025-04-01T14:31:01","slug":"seminario-de-formacion-culturas-letradas-culturas-educativas-culturas-escolares-escalas-y-temporalidades-aportes-interdisciplinarios-para-una-agenda-de-investigacion","status":"publish","type":"post","link":"https:\/\/ffyh.unc.edu.ar\/ciffyh\/seminario-de-formacion-culturas-letradas-culturas-educativas-culturas-escolares-escalas-y-temporalidades-aportes-interdisciplinarios-para-una-agenda-de-investigacion\/","title":{"rendered":"Seminario de formaci\u00f3n | Culturas letradas culturas educativas, culturas escolares: escalas y temporalidades. Aportes interdisciplinarios para una agenda de investigaci\u00f3n"},"content":{"rendered":"<p>Desde el CIFFyH invitamos a participar del <strong>Seminario de formaci\u00f3n: Culturas letradas culturas educativas, culturas escolares: escalas y temporalidades. Aportes interdisciplinarios para una agenda de investigaci\u00f3n\u00a0<\/strong>que inicia el lunes 28 de abril, de 15 a 18 horas en el Aula del CIFFyH, Pabell\u00f3n Agust\u00edn Tosco, Ciudad Universitaria.<\/p>\n<p><strong>Destintarixs:<\/strong> investigadores\/as e investigadores\/as en formaci\u00f3n integrantes de los equipos organizadores e interesados\/as en general.<\/p>\n<p><strong>Equipo docente:<\/strong>\u00a0 Dr. Pablo Requena, Dra. Glenda Miralles, Dr. Ignacio Barbeito, Dra. Carina Bologna, Dra. Gabriela Lamelas.<\/p>\n<p>El Seminario acercar\u00e1 a sus asistentes reflexiones y discusiones en torno a intelectuales, escuelas y educaci\u00f3n. El objetivo es proponer m\u00faltiples dimensiones anal\u00edticas que permitan objetivar interdisciplinariamente problem\u00e1ticas de investigaci\u00f3n al mismo tiempo que enriquecer investigaciones en curso con aportes conceptuales, metodol\u00f3gicos, epistemol\u00f3gicos de otras disciplinas. La din\u00e1mica de trabajo consistir\u00e1 en encuentros mensuales en los que se expondr\u00e1n tanto avances de investigaciones como reflexiones te\u00f3rico metodol\u00f3gicas en torno a literatura especializada. M\u00e1s all\u00e1 de la perspectiva interdisciplinaria, el equipo docente apuesta por una sensibilidad especial hacia las m\u00faltiples escalas de las dimensiones temporales y espaciales de los fen\u00f3menos observados.<\/p>\n<p><strong>Organizan: <\/strong><br \/>\nEquipo de investigaci\u00f3n: \u00c9lites y contra\u00e9lites en la historia contempor\u00e1nea de Am\u00e9rica Latina: pol\u00edtica, econom\u00eda e ideas de 1880 a nuestros d\u00edas &#8211; \u00c1rea de Historia, Ciffyh, FFyH, UNC.<\/p>\n<p>Equipo de investigaci\u00f3n: Formaci\u00f3n, trabajo docente y pr\u00e1cticas pedag\u00f3gicas: prescripciones y saberes situados (C\u00f3rdoba, segunda mitad del siglo XIX y mediados del XX) &#8211; \u00c1rea de Educaci\u00f3n Ciffyh, FFyH, UNC.<\/p>\n<p>Equipo de investigaci\u00f3n: Discurso filos\u00f3fico y pol\u00edtico en la Argentina del siglo XX. Herramientas para su abordaje: conceptos, lenguajes y saberes. &#8211; \u00c1rea de Filosof\u00eda, Ciffyh, FFyH, UNC.<\/p>\n<p>Equipo de investigaci\u00f3n La configuraci\u00f3n del Nivel Inicial. Experiencias, instituciones y sujetos en el Alto Valle de R\u00edo Negro desde la provincializaci\u00f3n hasta las primeras d\u00e9cadas del Siglo XXI. Facultad de Ciencias de la Educaci\u00f3n y Psicolog\u00eda, UNCo.<\/p>\n<blockquote><p><a href=\"http:\/\/ffyh.unc.edu.ar\/ciffyh\/wp-content\/uploads\/sites\/10\/2025\/04\/Seminario-de-formacion-.pdf\" target=\"_blank\" rel=\"noopener\">Descargar programa<\/a><\/p><\/blockquote>\n<p><img fetchpriority=\"high\" decoding=\"async\" class=\"aligncenter size-full wp-image-8097\" src=\"http:\/\/ffyh.unc.edu.ar\/ciffyh\/wp-content\/uploads\/sites\/10\/2025\/04\/flyer_Seminario-de-formacion.jpeg\" alt=\"\" width=\"1270\" height=\"1600\" srcset=\"https:\/\/ffyh.unc.edu.ar\/ciffyh\/wp-content\/uploads\/sites\/10\/2025\/04\/flyer_Seminario-de-formacion.jpeg 1270w, https:\/\/ffyh.unc.edu.ar\/ciffyh\/wp-content\/uploads\/sites\/10\/2025\/04\/flyer_Seminario-de-formacion-238x300.jpeg 238w, https:\/\/ffyh.unc.edu.ar\/ciffyh\/wp-content\/uploads\/sites\/10\/2025\/04\/flyer_Seminario-de-formacion-813x1024.jpeg 813w, https:\/\/ffyh.unc.edu.ar\/ciffyh\/wp-content\/uploads\/sites\/10\/2025\/04\/flyer_Seminario-de-formacion-768x968.jpeg 768w, https:\/\/ffyh.unc.edu.ar\/ciffyh\/wp-content\/uploads\/sites\/10\/2025\/04\/flyer_Seminario-de-formacion-1219x1536.jpeg 1219w\" sizes=\"(max-width: 1270px) 100vw, 1270px\" \/><\/p>\n","protected":false},"excerpt":{"rendered":"<p>Desde el CIFFyH invitamos a participar del Seminario de formaci\u00f3n: Culturas letradas culturas educativas, culturas escolares: escalas y temporalidades. Aportes<\/p>\n","protected":false},"author":39,"featured_media":8097,"comment_status":"closed","ping_status":"closed","sticky":false,"template":"","format":"standard","meta":{"_acf_changed":false,"colormag_page_container_layout":"default_layout","colormag_page_sidebar_layout":"default_layout","footnotes":""},"categories":[8,61],"tags":[],"class_list":["post-8087","post","type-post","status-publish","format-standard","has-post-thumbnail","hentry","category-noticias","category-seminario"],"acf":[],"yoast_head":"<!-- This site is optimized with the Yoast SEO plugin v27.1.1 - https:\/\/yoast.com\/product\/yoast-seo-wordpress\/ -->\n<title>Seminario de formaci\u00f3n | Culturas letradas culturas educativas, culturas escolares: escalas y temporalidades. Aportes interdisciplinarios para una agenda de investigaci\u00f3n - Centro de Investigaciones &quot;Maria Saleme de Burnichon&quot;<\/title>\n<meta name=\"robots\" content=\"index, follow, max-snippet:-1, max-image-preview:large, max-video-preview:-1\" \/>\n<link rel=\"canonical\" href=\"https:\/\/ffyh.unc.edu.ar\/ciffyh\/seminario-de-formacion-culturas-letradas-culturas-educativas-culturas-escolares-escalas-y-temporalidades-aportes-interdisciplinarios-para-una-agenda-de-investigacion\/\" \/>\n<meta property=\"og:locale\" content=\"es_ES\" \/>\n<meta property=\"og:type\" content=\"article\" \/>\n<meta property=\"og:title\" content=\"Seminario de formaci\u00f3n | Culturas letradas culturas educativas, culturas escolares: escalas y temporalidades. Aportes interdisciplinarios para una agenda de investigaci\u00f3n - Centro de Investigaciones &quot;Maria Saleme de Burnichon&quot;\" \/>\n<meta property=\"og:description\" content=\"Desde el CIFFyH invitamos a participar del Seminario de formaci\u00f3n: Culturas letradas culturas educativas, culturas escolares: escalas y temporalidades. Aportes\" \/>\n<meta property=\"og:url\" content=\"https:\/\/ffyh.unc.edu.ar\/ciffyh\/seminario-de-formacion-culturas-letradas-culturas-educativas-culturas-escolares-escalas-y-temporalidades-aportes-interdisciplinarios-para-una-agenda-de-investigacion\/\" \/>\n<meta property=\"og:site_name\" content=\"Centro de Investigaciones &quot;Maria Saleme de Burnichon&quot;\" \/>\n<meta property=\"article:published_time\" content=\"2025-04-01T14:29:43+00:00\" \/>\n<meta property=\"article:modified_time\" content=\"2025-04-01T14:31:01+00:00\" \/>\n<meta property=\"og:image\" content=\"http:\/\/ffyh.unc.edu.ar\/ciffyh\/wp-content\/uploads\/sites\/10\/2025\/04\/flyer_Seminario-de-formacion.jpeg\" \/>\n\t<meta property=\"og:image:width\" content=\"1270\" \/>\n\t<meta property=\"og:image:height\" content=\"1600\" \/>\n\t<meta property=\"og:image:type\" content=\"image\/jpeg\" \/>\n<meta name=\"author\" content=\"tecnicaciffyh\" \/>\n<meta name=\"twitter:card\" content=\"summary_large_image\" \/>\n<meta name=\"twitter:label1\" content=\"Escrito por\" \/>\n\t<meta name=\"twitter:data1\" content=\"\" \/>\n\t<meta name=\"twitter:label2\" content=\"Tiempo de lectura\" \/>\n\t<meta name=\"twitter:data2\" content=\"2 minutos\" \/>\n<script type=\"application\/ld+json\" class=\"yoast-schema-graph\">{\"@context\":\"https:\/\/schema.org\",\"@graph\":[{\"@type\":\"Article\",\"@id\":\"https:\/\/ffyh.unc.edu.ar\/ciffyh\/seminario-de-formacion-culturas-letradas-culturas-educativas-culturas-escolares-escalas-y-temporalidades-aportes-interdisciplinarios-para-una-agenda-de-investigacion\/#article\",\"isPartOf\":{\"@id\":\"https:\/\/ffyh.unc.edu.ar\/ciffyh\/seminario-de-formacion-culturas-letradas-culturas-educativas-culturas-escolares-escalas-y-temporalidades-aportes-interdisciplinarios-para-una-agenda-de-investigacion\/\"},\"author\":{\"name\":\"tecnicaciffyh\",\"@id\":\"https:\/\/ffyh.unc.edu.ar\/ciffyh\/#\/schema\/person\/136b8e7d00e5053aff43b3dc53e99bc0\"},\"headline\":\"Seminario de formaci\u00f3n | Culturas letradas culturas educativas, culturas escolares: escalas y temporalidades. Aportes interdisciplinarios para una agenda de investigaci\u00f3n\",\"datePublished\":\"2025-04-01T14:29:43+00:00\",\"dateModified\":\"2025-04-01T14:31:01+00:00\",\"mainEntityOfPage\":{\"@id\":\"https:\/\/ffyh.unc.edu.ar\/ciffyh\/seminario-de-formacion-culturas-letradas-culturas-educativas-culturas-escolares-escalas-y-temporalidades-aportes-interdisciplinarios-para-una-agenda-de-investigacion\/\"},\"wordCount\":371,\"publisher\":{\"@id\":\"https:\/\/ffyh.unc.edu.ar\/ciffyh\/#organization\"},\"image\":{\"@id\":\"https:\/\/ffyh.unc.edu.ar\/ciffyh\/seminario-de-formacion-culturas-letradas-culturas-educativas-culturas-escolares-escalas-y-temporalidades-aportes-interdisciplinarios-para-una-agenda-de-investigacion\/#primaryimage\"},\"thumbnailUrl\":\"https:\/\/ffyh.unc.edu.ar\/ciffyh\/wp-content\/uploads\/sites\/10\/2025\/04\/flyer_Seminario-de-formacion.jpeg\",\"articleSection\":[\"Noticias\",\"Seminario\"],\"inLanguage\":\"es\"},{\"@type\":\"WebPage\",\"@id\":\"https:\/\/ffyh.unc.edu.ar\/ciffyh\/seminario-de-formacion-culturas-letradas-culturas-educativas-culturas-escolares-escalas-y-temporalidades-aportes-interdisciplinarios-para-una-agenda-de-investigacion\/\",\"url\":\"https:\/\/ffyh.unc.edu.ar\/ciffyh\/seminario-de-formacion-culturas-letradas-culturas-educativas-culturas-escolares-escalas-y-temporalidades-aportes-interdisciplinarios-para-una-agenda-de-investigacion\/\",\"name\":\"Seminario de formaci\u00f3n | Culturas letradas culturas educativas, culturas escolares: escalas y temporalidades. Aportes interdisciplinarios para una agenda de investigaci\u00f3n - Centro de Investigaciones &quot;Maria Saleme de Burnichon&quot;\",\"isPartOf\":{\"@id\":\"https:\/\/ffyh.unc.edu.ar\/ciffyh\/#website\"},\"primaryImageOfPage\":{\"@id\":\"https:\/\/ffyh.unc.edu.ar\/ciffyh\/seminario-de-formacion-culturas-letradas-culturas-educativas-culturas-escolares-escalas-y-temporalidades-aportes-interdisciplinarios-para-una-agenda-de-investigacion\/#primaryimage\"},\"image\":{\"@id\":\"https:\/\/ffyh.unc.edu.ar\/ciffyh\/seminario-de-formacion-culturas-letradas-culturas-educativas-culturas-escolares-escalas-y-temporalidades-aportes-interdisciplinarios-para-una-agenda-de-investigacion\/#primaryimage\"},\"thumbnailUrl\":\"https:\/\/ffyh.unc.edu.ar\/ciffyh\/wp-content\/uploads\/sites\/10\/2025\/04\/flyer_Seminario-de-formacion.jpeg\",\"datePublished\":\"2025-04-01T14:29:43+00:00\",\"dateModified\":\"2025-04-01T14:31:01+00:00\",\"breadcrumb\":{\"@id\":\"https:\/\/ffyh.unc.edu.ar\/ciffyh\/seminario-de-formacion-culturas-letradas-culturas-educativas-culturas-escolares-escalas-y-temporalidades-aportes-interdisciplinarios-para-una-agenda-de-investigacion\/#breadcrumb\"},\"inLanguage\":\"es\",\"potentialAction\":[{\"@type\":\"ReadAction\",\"target\":[\"https:\/\/ffyh.unc.edu.ar\/ciffyh\/seminario-de-formacion-culturas-letradas-culturas-educativas-culturas-escolares-escalas-y-temporalidades-aportes-interdisciplinarios-para-una-agenda-de-investigacion\/\"]}]},{\"@type\":\"ImageObject\",\"inLanguage\":\"es\",\"@id\":\"https:\/\/ffyh.unc.edu.ar\/ciffyh\/seminario-de-formacion-culturas-letradas-culturas-educativas-culturas-escolares-escalas-y-temporalidades-aportes-interdisciplinarios-para-una-agenda-de-investigacion\/#primaryimage\",\"url\":\"https:\/\/ffyh.unc.edu.ar\/ciffyh\/wp-content\/uploads\/sites\/10\/2025\/04\/flyer_Seminario-de-formacion.jpeg\",\"contentUrl\":\"https:\/\/ffyh.unc.edu.ar\/ciffyh\/wp-content\/uploads\/sites\/10\/2025\/04\/flyer_Seminario-de-formacion.jpeg\",\"width\":1270,\"height\":1600},{\"@type\":\"BreadcrumbList\",\"@id\":\"https:\/\/ffyh.unc.edu.ar\/ciffyh\/seminario-de-formacion-culturas-letradas-culturas-educativas-culturas-escolares-escalas-y-temporalidades-aportes-interdisciplinarios-para-una-agenda-de-investigacion\/#breadcrumb\",\"itemListElement\":[{\"@type\":\"ListItem\",\"position\":1,\"name\":\"Portada\",\"item\":\"https:\/\/ffyh.unc.edu.ar\/ciffyh\/\"},{\"@type\":\"ListItem\",\"position\":2,\"name\":\"Seminario de formaci\u00f3n | Culturas letradas culturas educativas, culturas escolares: escalas y temporalidades. Aportes interdisciplinarios para una agenda de investigaci\u00f3n\"}]},{\"@type\":\"WebSite\",\"@id\":\"https:\/\/ffyh.unc.edu.ar\/ciffyh\/#website\",\"url\":\"https:\/\/ffyh.unc.edu.ar\/ciffyh\/\",\"name\":\"Centro de Investigaciones \\\"Maria Saleme de Burnichon\\\"\",\"description\":\"Facultad de Filosof\u00eda y Humanidades | UNC\",\"publisher\":{\"@id\":\"https:\/\/ffyh.unc.edu.ar\/ciffyh\/#organization\"},\"potentialAction\":[{\"@type\":\"SearchAction\",\"target\":{\"@type\":\"EntryPoint\",\"urlTemplate\":\"https:\/\/ffyh.unc.edu.ar\/ciffyh\/?s={search_term_string}\"},\"query-input\":{\"@type\":\"PropertyValueSpecification\",\"valueRequired\":true,\"valueName\":\"search_term_string\"}}],\"inLanguage\":\"es\"},{\"@type\":\"Organization\",\"@id\":\"https:\/\/ffyh.unc.edu.ar\/ciffyh\/#organization\",\"name\":\"Centro de Investigaciones \\\"Maria Saleme de Burnichon\\\"\",\"url\":\"https:\/\/ffyh.unc.edu.ar\/ciffyh\/\",\"logo\":{\"@type\":\"ImageObject\",\"inLanguage\":\"es\",\"@id\":\"https:\/\/ffyh.unc.edu.ar\/ciffyh\/#\/schema\/logo\/image\/\",\"url\":\"https:\/\/ffyh.unc.edu.ar\/ciffyh\/wp-content\/uploads\/sites\/10\/2018\/02\/cropped-logo-ciffyh-ico.png\",\"contentUrl\":\"https:\/\/ffyh.unc.edu.ar\/ciffyh\/wp-content\/uploads\/sites\/10\/2018\/02\/cropped-logo-ciffyh-ico.png\",\"width\":512,\"height\":512,\"caption\":\"Centro de Investigaciones \\\"Maria Saleme de Burnichon\\\"\"},\"image\":{\"@id\":\"https:\/\/ffyh.unc.edu.ar\/ciffyh\/#\/schema\/logo\/image\/\"},\"sameAs\":[\"https:\/\/www.instagram.com\/ciffyh\/\"]},{\"@type\":\"Person\",\"@id\":\"https:\/\/ffyh.unc.edu.ar\/ciffyh\/#\/schema\/person\/136b8e7d00e5053aff43b3dc53e99bc0\",\"name\":\"tecnicaciffyh\",\"image\":{\"@type\":\"ImageObject\",\"inLanguage\":\"es\",\"@id\":\"https:\/\/ffyh.unc.edu.ar\/ciffyh\/#\/schema\/person\/image\/\",\"url\":\"https:\/\/secure.gravatar.com\/avatar\/dce86f5e9bf49e3aa9e05e7ed5904a9112e25483e3c8f175eb93b2f53a67c2e4?s=96&d=mm&r=g\",\"contentUrl\":\"https:\/\/secure.gravatar.com\/avatar\/dce86f5e9bf49e3aa9e05e7ed5904a9112e25483e3c8f175eb93b2f53a67c2e4?s=96&d=mm&r=g\",\"caption\":\"tecnicaciffyh\"},\"url\":\"https:\/\/ffyh.unc.edu.ar\/ciffyh\/author\/tecnicaciffyh\/\"}]}<\/script>\n<!-- \/ Yoast SEO plugin. -->","yoast_head_json":{"title":"Seminario de formaci\u00f3n | Culturas letradas culturas educativas, culturas escolares: escalas y temporalidades. Aportes interdisciplinarios para una agenda de investigaci\u00f3n - Centro de Investigaciones &quot;Maria Saleme de Burnichon&quot;","robots":{"index":"index","follow":"follow","max-snippet":"max-snippet:-1","max-image-preview":"max-image-preview:large","max-video-preview":"max-video-preview:-1"},"canonical":"https:\/\/ffyh.unc.edu.ar\/ciffyh\/seminario-de-formacion-culturas-letradas-culturas-educativas-culturas-escolares-escalas-y-temporalidades-aportes-interdisciplinarios-para-una-agenda-de-investigacion\/","og_locale":"es_ES","og_type":"article","og_title":"Seminario de formaci\u00f3n | Culturas letradas culturas educativas, culturas escolares: escalas y temporalidades. Aportes interdisciplinarios para una agenda de investigaci\u00f3n - Centro de Investigaciones &quot;Maria Saleme de Burnichon&quot;","og_description":"Desde el CIFFyH invitamos a participar del Seminario de formaci\u00f3n: Culturas letradas culturas educativas, culturas escolares: escalas y temporalidades. Aportes","og_url":"https:\/\/ffyh.unc.edu.ar\/ciffyh\/seminario-de-formacion-culturas-letradas-culturas-educativas-culturas-escolares-escalas-y-temporalidades-aportes-interdisciplinarios-para-una-agenda-de-investigacion\/","og_site_name":"Centro de Investigaciones &quot;Maria Saleme de Burnichon&quot;","article_published_time":"2025-04-01T14:29:43+00:00","article_modified_time":"2025-04-01T14:31:01+00:00","og_image":[{"width":1270,"height":1600,"url":"http:\/\/ffyh.unc.edu.ar\/ciffyh\/wp-content\/uploads\/sites\/10\/2025\/04\/flyer_Seminario-de-formacion.jpeg","type":"image\/jpeg"}],"author":"tecnicaciffyh","twitter_card":"summary_large_image","twitter_misc":{"Escrito por":false,"Tiempo de lectura":"2 minutos"},"schema":{"@context":"https:\/\/schema.org","@graph":[{"@type":"Article","@id":"https:\/\/ffyh.unc.edu.ar\/ciffyh\/seminario-de-formacion-culturas-letradas-culturas-educativas-culturas-escolares-escalas-y-temporalidades-aportes-interdisciplinarios-para-una-agenda-de-investigacion\/#article","isPartOf":{"@id":"https:\/\/ffyh.unc.edu.ar\/ciffyh\/seminario-de-formacion-culturas-letradas-culturas-educativas-culturas-escolares-escalas-y-temporalidades-aportes-interdisciplinarios-para-una-agenda-de-investigacion\/"},"author":{"name":"tecnicaciffyh","@id":"https:\/\/ffyh.unc.edu.ar\/ciffyh\/#\/schema\/person\/136b8e7d00e5053aff43b3dc53e99bc0"},"headline":"Seminario de formaci\u00f3n | Culturas letradas culturas educativas, culturas escolares: escalas y temporalidades. Aportes interdisciplinarios para una agenda de investigaci\u00f3n","datePublished":"2025-04-01T14:29:43+00:00","dateModified":"2025-04-01T14:31:01+00:00","mainEntityOfPage":{"@id":"https:\/\/ffyh.unc.edu.ar\/ciffyh\/seminario-de-formacion-culturas-letradas-culturas-educativas-culturas-escolares-escalas-y-temporalidades-aportes-interdisciplinarios-para-una-agenda-de-investigacion\/"},"wordCount":371,"publisher":{"@id":"https:\/\/ffyh.unc.edu.ar\/ciffyh\/#organization"},"image":{"@id":"https:\/\/ffyh.unc.edu.ar\/ciffyh\/seminario-de-formacion-culturas-letradas-culturas-educativas-culturas-escolares-escalas-y-temporalidades-aportes-interdisciplinarios-para-una-agenda-de-investigacion\/#primaryimage"},"thumbnailUrl":"https:\/\/ffyh.unc.edu.ar\/ciffyh\/wp-content\/uploads\/sites\/10\/2025\/04\/flyer_Seminario-de-formacion.jpeg","articleSection":["Noticias","Seminario"],"inLanguage":"es"},{"@type":"WebPage","@id":"https:\/\/ffyh.unc.edu.ar\/ciffyh\/seminario-de-formacion-culturas-letradas-culturas-educativas-culturas-escolares-escalas-y-temporalidades-aportes-interdisciplinarios-para-una-agenda-de-investigacion\/","url":"https:\/\/ffyh.unc.edu.ar\/ciffyh\/seminario-de-formacion-culturas-letradas-culturas-educativas-culturas-escolares-escalas-y-temporalidades-aportes-interdisciplinarios-para-una-agenda-de-investigacion\/","name":"Seminario de formaci\u00f3n | Culturas letradas culturas educativas, culturas escolares: escalas y temporalidades. Aportes interdisciplinarios para una agenda de investigaci\u00f3n - Centro de Investigaciones &quot;Maria Saleme de Burnichon&quot;","isPartOf":{"@id":"https:\/\/ffyh.unc.edu.ar\/ciffyh\/#website"},"primaryImageOfPage":{"@id":"https:\/\/ffyh.unc.edu.ar\/ciffyh\/seminario-de-formacion-culturas-letradas-culturas-educativas-culturas-escolares-escalas-y-temporalidades-aportes-interdisciplinarios-para-una-agenda-de-investigacion\/#primaryimage"},"image":{"@id":"https:\/\/ffyh.unc.edu.ar\/ciffyh\/seminario-de-formacion-culturas-letradas-culturas-educativas-culturas-escolares-escalas-y-temporalidades-aportes-interdisciplinarios-para-una-agenda-de-investigacion\/#primaryimage"},"thumbnailUrl":"https:\/\/ffyh.unc.edu.ar\/ciffyh\/wp-content\/uploads\/sites\/10\/2025\/04\/flyer_Seminario-de-formacion.jpeg","datePublished":"2025-04-01T14:29:43+00:00","dateModified":"2025-04-01T14:31:01+00:00","breadcrumb":{"@id":"https:\/\/ffyh.unc.edu.ar\/ciffyh\/seminario-de-formacion-culturas-letradas-culturas-educativas-culturas-escolares-escalas-y-temporalidades-aportes-interdisciplinarios-para-una-agenda-de-investigacion\/#breadcrumb"},"inLanguage":"es","potentialAction":[{"@type":"ReadAction","target":["https:\/\/ffyh.unc.edu.ar\/ciffyh\/seminario-de-formacion-culturas-letradas-culturas-educativas-culturas-escolares-escalas-y-temporalidades-aportes-interdisciplinarios-para-una-agenda-de-investigacion\/"]}]},{"@type":"ImageObject","inLanguage":"es","@id":"https:\/\/ffyh.unc.edu.ar\/ciffyh\/seminario-de-formacion-culturas-letradas-culturas-educativas-culturas-escolares-escalas-y-temporalidades-aportes-interdisciplinarios-para-una-agenda-de-investigacion\/#primaryimage","url":"https:\/\/ffyh.unc.edu.ar\/ciffyh\/wp-content\/uploads\/sites\/10\/2025\/04\/flyer_Seminario-de-formacion.jpeg","contentUrl":"https:\/\/ffyh.unc.edu.ar\/ciffyh\/wp-content\/uploads\/sites\/10\/2025\/04\/flyer_Seminario-de-formacion.jpeg","width":1270,"height":1600},{"@type":"BreadcrumbList","@id":"https:\/\/ffyh.unc.edu.ar\/ciffyh\/seminario-de-formacion-culturas-letradas-culturas-educativas-culturas-escolares-escalas-y-temporalidades-aportes-interdisciplinarios-para-una-agenda-de-investigacion\/#breadcrumb","itemListElement":[{"@type":"ListItem","position":1,"name":"Portada","item":"https:\/\/ffyh.unc.edu.ar\/ciffyh\/"},{"@type":"ListItem","position":2,"name":"Seminario de formaci\u00f3n | Culturas letradas culturas educativas, culturas escolares: escalas y temporalidades. Aportes interdisciplinarios para una agenda de investigaci\u00f3n"}]},{"@type":"WebSite","@id":"https:\/\/ffyh.unc.edu.ar\/ciffyh\/#website","url":"https:\/\/ffyh.unc.edu.ar\/ciffyh\/","name":"Centro de Investigaciones \"Maria Saleme de Burnichon\"","description":"Facultad de Filosof\u00eda y Humanidades | UNC","publisher":{"@id":"https:\/\/ffyh.unc.edu.ar\/ciffyh\/#organization"},"potentialAction":[{"@type":"SearchAction","target":{"@type":"EntryPoint","urlTemplate":"https:\/\/ffyh.unc.edu.ar\/ciffyh\/?s={search_term_string}"},"query-input":{"@type":"PropertyValueSpecification","valueRequired":true,"valueName":"search_term_string"}}],"inLanguage":"es"},{"@type":"Organization","@id":"https:\/\/ffyh.unc.edu.ar\/ciffyh\/#organization","name":"Centro de Investigaciones \"Maria Saleme de Burnichon\"","url":"https:\/\/ffyh.unc.edu.ar\/ciffyh\/","logo":{"@type":"ImageObject","inLanguage":"es","@id":"https:\/\/ffyh.unc.edu.ar\/ciffyh\/#\/schema\/logo\/image\/","url":"https:\/\/ffyh.unc.edu.ar\/ciffyh\/wp-content\/uploads\/sites\/10\/2018\/02\/cropped-logo-ciffyh-ico.png","contentUrl":"https:\/\/ffyh.unc.edu.ar\/ciffyh\/wp-content\/uploads\/sites\/10\/2018\/02\/cropped-logo-ciffyh-ico.png","width":512,"height":512,"caption":"Centro de Investigaciones \"Maria Saleme de Burnichon\""},"image":{"@id":"https:\/\/ffyh.unc.edu.ar\/ciffyh\/#\/schema\/logo\/image\/"},"sameAs":["https:\/\/www.instagram.com\/ciffyh\/"]},{"@type":"Person","@id":"https:\/\/ffyh.unc.edu.ar\/ciffyh\/#\/schema\/person\/136b8e7d00e5053aff43b3dc53e99bc0","name":"tecnicaciffyh","image":{"@type":"ImageObject","inLanguage":"es","@id":"https:\/\/ffyh.unc.edu.ar\/ciffyh\/#\/schema\/person\/image\/","url":"https:\/\/secure.gravatar.com\/avatar\/dce86f5e9bf49e3aa9e05e7ed5904a9112e25483e3c8f175eb93b2f53a67c2e4?s=96&d=mm&r=g","contentUrl":"https:\/\/secure.gravatar.com\/avatar\/dce86f5e9bf49e3aa9e05e7ed5904a9112e25483e3c8f175eb93b2f53a67c2e4?s=96&d=mm&r=g","caption":"tecnicaciffyh"},"url":"https:\/\/ffyh.unc.edu.ar\/ciffyh\/author\/tecnicaciffyh\/"}]}},"jetpack_featured_media_url":"https:\/\/ffyh.unc.edu.ar\/ciffyh\/wp-content\/uploads\/sites\/10\/2025\/04\/flyer_Seminario-de-formacion.jpeg","_links":{"self":[{"href":"https:\/\/ffyh.unc.edu.ar\/ciffyh\/wp-json\/wp\/v2\/posts\/8087","targetHints":{"allow":["GET"]}}],"collection":[{"href":"https:\/\/ffyh.unc.edu.ar\/ciffyh\/wp-json\/wp\/v2\/posts"}],"about":[{"href":"https:\/\/ffyh.unc.edu.ar\/ciffyh\/wp-json\/wp\/v2\/types\/post"}],"author":[{"embeddable":true,"href":"https:\/\/ffyh.unc.edu.ar\/ciffyh\/wp-json\/wp\/v2\/users\/39"}],"replies":[{"embeddable":true,"href":"https:\/\/ffyh.unc.edu.ar\/ciffyh\/wp-json\/wp\/v2\/comments?post=8087"}],"version-history":[{"count":3,"href":"https:\/\/ffyh.unc.edu.ar\/ciffyh\/wp-json\/wp\/v2\/posts\/8087\/revisions"}],"predecessor-version":[{"id":8100,"href":"https:\/\/ffyh.unc.edu.ar\/ciffyh\/wp-json\/wp\/v2\/posts\/8087\/revisions\/8100"}],"wp:featuredmedia":[{"embeddable":true,"href":"https:\/\/ffyh.unc.edu.ar\/ciffyh\/wp-json\/wp\/v2\/media\/8097"}],"wp:attachment":[{"href":"https:\/\/ffyh.unc.edu.ar\/ciffyh\/wp-json\/wp\/v2\/media?parent=8087"}],"wp:term":[{"taxonomy":"category","embeddable":true,"href":"https:\/\/ffyh.unc.edu.ar\/ciffyh\/wp-json\/wp\/v2\/categories?post=8087"},{"taxonomy":"post_tag","embeddable":true,"href":"https:\/\/ffyh.unc.edu.ar\/ciffyh\/wp-json\/wp\/v2\/tags?post=8087"}],"curies":[{"name":"wp","href":"https:\/\/api.w.org\/{rel}","templated":true}]}}