{"id":8231,"date":"2025-05-12T14:31:55","date_gmt":"2025-05-12T14:31:55","guid":{"rendered":"https:\/\/ffyh.unc.edu.ar\/ciffyh\/?p=8231"},"modified":"2025-05-12T15:02:04","modified_gmt":"2025-05-12T15:02:04","slug":"taller-de-investigacion-problemas-perspectivas-y-avances-en-los-estudios-de-la-monarquia-hispanica","status":"publish","type":"post","link":"https:\/\/ffyh.unc.edu.ar\/ciffyh\/taller-de-investigacion-problemas-perspectivas-y-avances-en-los-estudios-de-la-monarquia-hispanica\/","title":{"rendered":"Taller de investigaci\u00f3n: Problemas, perspectivas y avances en los estudios de la Monarqu\u00eda Hisp\u00e1nica"},"content":{"rendered":"<p><strong>D\u00eda:<\/strong> Mi\u00e9rcoles 21 de mayo<\/p>\n<p><strong>Horario:<\/strong> 14 a 18 horas<\/p>\n<p><strong>Lugar:<\/strong> Aula del CIFFyH<\/p>\n<p><strong>Responsables de la organizaci\u00f3n:<\/strong> Dra. Virginia Ramos y Lic. Ignacio Liziardi<\/p>\n<p><strong>Participantes:<\/strong> investigadorxs, investigadorxs en formaci\u00f3n, estudiantes y egresadxs<\/p>\n<p><strong>Invitada especial:<\/strong> Dra. Griselda Tarrag\u00f3<\/p>\n<p><strong>Organizan:<\/strong> Proyecto de investigaci\u00f3n: \u201cLa monarqu\u00eda hisp\u00e1nica en acci\u00f3n: poder, territorialidades y agentes en el siglo XVIII. Algunos estudios de caso\u201d y la C\u00e1tedra de Historia Moderna<\/p>\n<p>&nbsp;<\/p>\n<p><strong>Contacto:<\/strong> historia.moderna@ffyh.unc.edu.ar<\/p>\n<p><img fetchpriority=\"high\" decoding=\"async\" class=\"aligncenter size-full wp-image-8232\" src=\"http:\/\/ffyh.unc.edu.ar\/ciffyh\/wp-content\/uploads\/sites\/10\/2025\/05\/flyer_monarquia-hispanica-scaled.jpg\" alt=\"\" width=\"2032\" height=\"2560\" srcset=\"https:\/\/ffyh.unc.edu.ar\/ciffyh\/wp-content\/uploads\/sites\/10\/2025\/05\/flyer_monarquia-hispanica-scaled.jpg 2032w, https:\/\/ffyh.unc.edu.ar\/ciffyh\/wp-content\/uploads\/sites\/10\/2025\/05\/flyer_monarquia-hispanica-238x300.jpg 238w, https:\/\/ffyh.unc.edu.ar\/ciffyh\/wp-content\/uploads\/sites\/10\/2025\/05\/flyer_monarquia-hispanica-813x1024.jpg 813w, https:\/\/ffyh.unc.edu.ar\/ciffyh\/wp-content\/uploads\/sites\/10\/2025\/05\/flyer_monarquia-hispanica-768x967.jpg 768w, https:\/\/ffyh.unc.edu.ar\/ciffyh\/wp-content\/uploads\/sites\/10\/2025\/05\/flyer_monarquia-hispanica-1219x1536.jpg 1219w, https:\/\/ffyh.unc.edu.ar\/ciffyh\/wp-content\/uploads\/sites\/10\/2025\/05\/flyer_monarquia-hispanica-1626x2048.jpg 1626w, https:\/\/ffyh.unc.edu.ar\/ciffyh\/wp-content\/uploads\/sites\/10\/2025\/05\/flyer_monarquia-hispanica-1320x1663.jpg 1320w\" sizes=\"(max-width: 2032px) 100vw, 2032px\" \/><\/p>\n","protected":false},"excerpt":{"rendered":"<p>D\u00eda: Mi\u00e9rcoles 21 de mayo Horario: 14 a 18 horas Lugar: Aula del CIFFyH Responsables de la organizaci\u00f3n: Dra. Virginia<\/p>\n","protected":false},"author":39,"featured_media":8232,"comment_status":"closed","ping_status":"closed","sticky":false,"template":"","format":"standard","meta":{"_acf_changed":false,"colormag_page_container_layout":"default_layout","colormag_page_sidebar_layout":"default_layout","footnotes":""},"categories":[52,41],"tags":[],"class_list":["post-8231","post","type-post","status-publish","format-standard","has-post-thumbnail","hentry","category-historia","category-taller"],"acf":[],"yoast_head":"<!-- This site is optimized with the Yoast SEO plugin v27.1.1 - https:\/\/yoast.com\/product\/yoast-seo-wordpress\/ -->\n<title>Taller de investigaci\u00f3n: Problemas, perspectivas y avances en los estudios de la Monarqu\u00eda Hisp\u00e1nica - Centro de Investigaciones &quot;Maria Saleme de Burnichon&quot;<\/title>\n<meta name=\"robots\" content=\"index, follow, max-snippet:-1, max-image-preview:large, max-video-preview:-1\" \/>\n<link rel=\"canonical\" href=\"https:\/\/ffyh.unc.edu.ar\/ciffyh\/taller-de-investigacion-problemas-perspectivas-y-avances-en-los-estudios-de-la-monarquia-hispanica\/\" \/>\n<meta property=\"og:locale\" content=\"es_ES\" \/>\n<meta property=\"og:type\" content=\"article\" \/>\n<meta property=\"og:title\" content=\"Taller de investigaci\u00f3n: Problemas, perspectivas y avances en los estudios de la Monarqu\u00eda Hisp\u00e1nica - Centro de Investigaciones &quot;Maria Saleme de Burnichon&quot;\" \/>\n<meta property=\"og:description\" content=\"D\u00eda: Mi\u00e9rcoles 21 de mayo Horario: 14 a 18 horas Lugar: Aula del CIFFyH Responsables de la organizaci\u00f3n: Dra. Virginia\" \/>\n<meta property=\"og:url\" content=\"https:\/\/ffyh.unc.edu.ar\/ciffyh\/taller-de-investigacion-problemas-perspectivas-y-avances-en-los-estudios-de-la-monarquia-hispanica\/\" \/>\n<meta property=\"og:site_name\" content=\"Centro de Investigaciones &quot;Maria Saleme de Burnichon&quot;\" \/>\n<meta property=\"article:published_time\" content=\"2025-05-12T14:31:55+00:00\" \/>\n<meta property=\"article:modified_time\" content=\"2025-05-12T15:02:04+00:00\" \/>\n<meta property=\"og:image\" content=\"http:\/\/ffyh.unc.edu.ar\/ciffyh\/wp-content\/uploads\/sites\/10\/2025\/05\/flyer_monarquia-hispanica-scaled.jpg\" \/>\n\t<meta property=\"og:image:width\" content=\"2032\" \/>\n\t<meta property=\"og:image:height\" content=\"2560\" \/>\n\t<meta property=\"og:image:type\" content=\"image\/jpeg\" \/>\n<meta name=\"author\" content=\"tecnicaciffyh\" \/>\n<meta name=\"twitter:card\" content=\"summary_large_image\" \/>\n<meta name=\"twitter:label1\" content=\"Escrito por\" \/>\n\t<meta name=\"twitter:data1\" content=\"\" \/>\n\t<meta name=\"twitter:label2\" content=\"Tiempo de lectura\" \/>\n\t<meta name=\"twitter:data2\" content=\"1 minuto\" \/>\n<script type=\"application\/ld+json\" class=\"yoast-schema-graph\">{\"@context\":\"https:\/\/schema.org\",\"@graph\":[{\"@type\":\"Article\",\"@id\":\"https:\/\/ffyh.unc.edu.ar\/ciffyh\/taller-de-investigacion-problemas-perspectivas-y-avances-en-los-estudios-de-la-monarquia-hispanica\/#article\",\"isPartOf\":{\"@id\":\"https:\/\/ffyh.unc.edu.ar\/ciffyh\/taller-de-investigacion-problemas-perspectivas-y-avances-en-los-estudios-de-la-monarquia-hispanica\/\"},\"author\":{\"name\":\"tecnicaciffyh\",\"@id\":\"https:\/\/ffyh.unc.edu.ar\/ciffyh\/#\/schema\/person\/136b8e7d00e5053aff43b3dc53e99bc0\"},\"headline\":\"Taller de investigaci\u00f3n: Problemas, perspectivas y avances en los estudios de la Monarqu\u00eda Hisp\u00e1nica\",\"datePublished\":\"2025-05-12T14:31:55+00:00\",\"dateModified\":\"2025-05-12T15:02:04+00:00\",\"mainEntityOfPage\":{\"@id\":\"https:\/\/ffyh.unc.edu.ar\/ciffyh\/taller-de-investigacion-problemas-perspectivas-y-avances-en-los-estudios-de-la-monarquia-hispanica\/\"},\"wordCount\":96,\"publisher\":{\"@id\":\"https:\/\/ffyh.unc.edu.ar\/ciffyh\/#organization\"},\"image\":{\"@id\":\"https:\/\/ffyh.unc.edu.ar\/ciffyh\/taller-de-investigacion-problemas-perspectivas-y-avances-en-los-estudios-de-la-monarquia-hispanica\/#primaryimage\"},\"thumbnailUrl\":\"https:\/\/ffyh.unc.edu.ar\/ciffyh\/wp-content\/uploads\/sites\/10\/2025\/05\/flyer_monarquia-hispanica-scaled.jpg\",\"articleSection\":[\"\u00c1rea Historia\",\"Taller\"],\"inLanguage\":\"es\"},{\"@type\":\"WebPage\",\"@id\":\"https:\/\/ffyh.unc.edu.ar\/ciffyh\/taller-de-investigacion-problemas-perspectivas-y-avances-en-los-estudios-de-la-monarquia-hispanica\/\",\"url\":\"https:\/\/ffyh.unc.edu.ar\/ciffyh\/taller-de-investigacion-problemas-perspectivas-y-avances-en-los-estudios-de-la-monarquia-hispanica\/\",\"name\":\"Taller de investigaci\u00f3n: Problemas, perspectivas y avances en los estudios de la Monarqu\u00eda Hisp\u00e1nica - Centro de Investigaciones &quot;Maria Saleme de Burnichon&quot;\",\"isPartOf\":{\"@id\":\"https:\/\/ffyh.unc.edu.ar\/ciffyh\/#website\"},\"primaryImageOfPage\":{\"@id\":\"https:\/\/ffyh.unc.edu.ar\/ciffyh\/taller-de-investigacion-problemas-perspectivas-y-avances-en-los-estudios-de-la-monarquia-hispanica\/#primaryimage\"},\"image\":{\"@id\":\"https:\/\/ffyh.unc.edu.ar\/ciffyh\/taller-de-investigacion-problemas-perspectivas-y-avances-en-los-estudios-de-la-monarquia-hispanica\/#primaryimage\"},\"thumbnailUrl\":\"https:\/\/ffyh.unc.edu.ar\/ciffyh\/wp-content\/uploads\/sites\/10\/2025\/05\/flyer_monarquia-hispanica-scaled.jpg\",\"datePublished\":\"2025-05-12T14:31:55+00:00\",\"dateModified\":\"2025-05-12T15:02:04+00:00\",\"breadcrumb\":{\"@id\":\"https:\/\/ffyh.unc.edu.ar\/ciffyh\/taller-de-investigacion-problemas-perspectivas-y-avances-en-los-estudios-de-la-monarquia-hispanica\/#breadcrumb\"},\"inLanguage\":\"es\",\"potentialAction\":[{\"@type\":\"ReadAction\",\"target\":[\"https:\/\/ffyh.unc.edu.ar\/ciffyh\/taller-de-investigacion-problemas-perspectivas-y-avances-en-los-estudios-de-la-monarquia-hispanica\/\"]}]},{\"@type\":\"ImageObject\",\"inLanguage\":\"es\",\"@id\":\"https:\/\/ffyh.unc.edu.ar\/ciffyh\/taller-de-investigacion-problemas-perspectivas-y-avances-en-los-estudios-de-la-monarquia-hispanica\/#primaryimage\",\"url\":\"https:\/\/ffyh.unc.edu.ar\/ciffyh\/wp-content\/uploads\/sites\/10\/2025\/05\/flyer_monarquia-hispanica-scaled.jpg\",\"contentUrl\":\"https:\/\/ffyh.unc.edu.ar\/ciffyh\/wp-content\/uploads\/sites\/10\/2025\/05\/flyer_monarquia-hispanica-scaled.jpg\",\"width\":2032,\"height\":2560},{\"@type\":\"BreadcrumbList\",\"@id\":\"https:\/\/ffyh.unc.edu.ar\/ciffyh\/taller-de-investigacion-problemas-perspectivas-y-avances-en-los-estudios-de-la-monarquia-hispanica\/#breadcrumb\",\"itemListElement\":[{\"@type\":\"ListItem\",\"position\":1,\"name\":\"Portada\",\"item\":\"https:\/\/ffyh.unc.edu.ar\/ciffyh\/\"},{\"@type\":\"ListItem\",\"position\":2,\"name\":\"Taller de investigaci\u00f3n: Problemas, perspectivas y avances en los estudios de la Monarqu\u00eda Hisp\u00e1nica\"}]},{\"@type\":\"WebSite\",\"@id\":\"https:\/\/ffyh.unc.edu.ar\/ciffyh\/#website\",\"url\":\"https:\/\/ffyh.unc.edu.ar\/ciffyh\/\",\"name\":\"Centro de Investigaciones \\\"Maria Saleme de Burnichon\\\"\",\"description\":\"Facultad de Filosof\u00eda y Humanidades | UNC\",\"publisher\":{\"@id\":\"https:\/\/ffyh.unc.edu.ar\/ciffyh\/#organization\"},\"potentialAction\":[{\"@type\":\"SearchAction\",\"target\":{\"@type\":\"EntryPoint\",\"urlTemplate\":\"https:\/\/ffyh.unc.edu.ar\/ciffyh\/?s={search_term_string}\"},\"query-input\":{\"@type\":\"PropertyValueSpecification\",\"valueRequired\":true,\"valueName\":\"search_term_string\"}}],\"inLanguage\":\"es\"},{\"@type\":\"Organization\",\"@id\":\"https:\/\/ffyh.unc.edu.ar\/ciffyh\/#organization\",\"name\":\"Centro de Investigaciones \\\"Maria Saleme de Burnichon\\\"\",\"url\":\"https:\/\/ffyh.unc.edu.ar\/ciffyh\/\",\"logo\":{\"@type\":\"ImageObject\",\"inLanguage\":\"es\",\"@id\":\"https:\/\/ffyh.unc.edu.ar\/ciffyh\/#\/schema\/logo\/image\/\",\"url\":\"https:\/\/ffyh.unc.edu.ar\/ciffyh\/wp-content\/uploads\/sites\/10\/2018\/02\/cropped-logo-ciffyh-ico.png\",\"contentUrl\":\"https:\/\/ffyh.unc.edu.ar\/ciffyh\/wp-content\/uploads\/sites\/10\/2018\/02\/cropped-logo-ciffyh-ico.png\",\"width\":512,\"height\":512,\"caption\":\"Centro de Investigaciones \\\"Maria Saleme de Burnichon\\\"\"},\"image\":{\"@id\":\"https:\/\/ffyh.unc.edu.ar\/ciffyh\/#\/schema\/logo\/image\/\"},\"sameAs\":[\"https:\/\/www.instagram.com\/ciffyh\/\"]},{\"@type\":\"Person\",\"@id\":\"https:\/\/ffyh.unc.edu.ar\/ciffyh\/#\/schema\/person\/136b8e7d00e5053aff43b3dc53e99bc0\",\"name\":\"tecnicaciffyh\",\"image\":{\"@type\":\"ImageObject\",\"inLanguage\":\"es\",\"@id\":\"https:\/\/ffyh.unc.edu.ar\/ciffyh\/#\/schema\/person\/image\/\",\"url\":\"https:\/\/secure.gravatar.com\/avatar\/dce86f5e9bf49e3aa9e05e7ed5904a9112e25483e3c8f175eb93b2f53a67c2e4?s=96&d=mm&r=g\",\"contentUrl\":\"https:\/\/secure.gravatar.com\/avatar\/dce86f5e9bf49e3aa9e05e7ed5904a9112e25483e3c8f175eb93b2f53a67c2e4?s=96&d=mm&r=g\",\"caption\":\"tecnicaciffyh\"},\"url\":\"https:\/\/ffyh.unc.edu.ar\/ciffyh\/author\/tecnicaciffyh\/\"}]}<\/script>\n<!-- \/ Yoast SEO plugin. -->","yoast_head_json":{"title":"Taller de investigaci\u00f3n: Problemas, perspectivas y avances en los estudios de la Monarqu\u00eda Hisp\u00e1nica - Centro de Investigaciones &quot;Maria Saleme de Burnichon&quot;","robots":{"index":"index","follow":"follow","max-snippet":"max-snippet:-1","max-image-preview":"max-image-preview:large","max-video-preview":"max-video-preview:-1"},"canonical":"https:\/\/ffyh.unc.edu.ar\/ciffyh\/taller-de-investigacion-problemas-perspectivas-y-avances-en-los-estudios-de-la-monarquia-hispanica\/","og_locale":"es_ES","og_type":"article","og_title":"Taller de investigaci\u00f3n: Problemas, perspectivas y avances en los estudios de la Monarqu\u00eda Hisp\u00e1nica - Centro de Investigaciones &quot;Maria Saleme de Burnichon&quot;","og_description":"D\u00eda: Mi\u00e9rcoles 21 de mayo Horario: 14 a 18 horas Lugar: Aula del CIFFyH Responsables de la organizaci\u00f3n: Dra. Virginia","og_url":"https:\/\/ffyh.unc.edu.ar\/ciffyh\/taller-de-investigacion-problemas-perspectivas-y-avances-en-los-estudios-de-la-monarquia-hispanica\/","og_site_name":"Centro de Investigaciones &quot;Maria Saleme de Burnichon&quot;","article_published_time":"2025-05-12T14:31:55+00:00","article_modified_time":"2025-05-12T15:02:04+00:00","og_image":[{"width":2032,"height":2560,"url":"http:\/\/ffyh.unc.edu.ar\/ciffyh\/wp-content\/uploads\/sites\/10\/2025\/05\/flyer_monarquia-hispanica-scaled.jpg","type":"image\/jpeg"}],"author":"tecnicaciffyh","twitter_card":"summary_large_image","twitter_misc":{"Escrito por":false,"Tiempo de lectura":"1 minuto"},"schema":{"@context":"https:\/\/schema.org","@graph":[{"@type":"Article","@id":"https:\/\/ffyh.unc.edu.ar\/ciffyh\/taller-de-investigacion-problemas-perspectivas-y-avances-en-los-estudios-de-la-monarquia-hispanica\/#article","isPartOf":{"@id":"https:\/\/ffyh.unc.edu.ar\/ciffyh\/taller-de-investigacion-problemas-perspectivas-y-avances-en-los-estudios-de-la-monarquia-hispanica\/"},"author":{"name":"tecnicaciffyh","@id":"https:\/\/ffyh.unc.edu.ar\/ciffyh\/#\/schema\/person\/136b8e7d00e5053aff43b3dc53e99bc0"},"headline":"Taller de investigaci\u00f3n: Problemas, perspectivas y avances en los estudios de la Monarqu\u00eda Hisp\u00e1nica","datePublished":"2025-05-12T14:31:55+00:00","dateModified":"2025-05-12T15:02:04+00:00","mainEntityOfPage":{"@id":"https:\/\/ffyh.unc.edu.ar\/ciffyh\/taller-de-investigacion-problemas-perspectivas-y-avances-en-los-estudios-de-la-monarquia-hispanica\/"},"wordCount":96,"publisher":{"@id":"https:\/\/ffyh.unc.edu.ar\/ciffyh\/#organization"},"image":{"@id":"https:\/\/ffyh.unc.edu.ar\/ciffyh\/taller-de-investigacion-problemas-perspectivas-y-avances-en-los-estudios-de-la-monarquia-hispanica\/#primaryimage"},"thumbnailUrl":"https:\/\/ffyh.unc.edu.ar\/ciffyh\/wp-content\/uploads\/sites\/10\/2025\/05\/flyer_monarquia-hispanica-scaled.jpg","articleSection":["\u00c1rea Historia","Taller"],"inLanguage":"es"},{"@type":"WebPage","@id":"https:\/\/ffyh.unc.edu.ar\/ciffyh\/taller-de-investigacion-problemas-perspectivas-y-avances-en-los-estudios-de-la-monarquia-hispanica\/","url":"https:\/\/ffyh.unc.edu.ar\/ciffyh\/taller-de-investigacion-problemas-perspectivas-y-avances-en-los-estudios-de-la-monarquia-hispanica\/","name":"Taller de investigaci\u00f3n: Problemas, perspectivas y avances en los estudios de la Monarqu\u00eda Hisp\u00e1nica - Centro de Investigaciones &quot;Maria Saleme de Burnichon&quot;","isPartOf":{"@id":"https:\/\/ffyh.unc.edu.ar\/ciffyh\/#website"},"primaryImageOfPage":{"@id":"https:\/\/ffyh.unc.edu.ar\/ciffyh\/taller-de-investigacion-problemas-perspectivas-y-avances-en-los-estudios-de-la-monarquia-hispanica\/#primaryimage"},"image":{"@id":"https:\/\/ffyh.unc.edu.ar\/ciffyh\/taller-de-investigacion-problemas-perspectivas-y-avances-en-los-estudios-de-la-monarquia-hispanica\/#primaryimage"},"thumbnailUrl":"https:\/\/ffyh.unc.edu.ar\/ciffyh\/wp-content\/uploads\/sites\/10\/2025\/05\/flyer_monarquia-hispanica-scaled.jpg","datePublished":"2025-05-12T14:31:55+00:00","dateModified":"2025-05-12T15:02:04+00:00","breadcrumb":{"@id":"https:\/\/ffyh.unc.edu.ar\/ciffyh\/taller-de-investigacion-problemas-perspectivas-y-avances-en-los-estudios-de-la-monarquia-hispanica\/#breadcrumb"},"inLanguage":"es","potentialAction":[{"@type":"ReadAction","target":["https:\/\/ffyh.unc.edu.ar\/ciffyh\/taller-de-investigacion-problemas-perspectivas-y-avances-en-los-estudios-de-la-monarquia-hispanica\/"]}]},{"@type":"ImageObject","inLanguage":"es","@id":"https:\/\/ffyh.unc.edu.ar\/ciffyh\/taller-de-investigacion-problemas-perspectivas-y-avances-en-los-estudios-de-la-monarquia-hispanica\/#primaryimage","url":"https:\/\/ffyh.unc.edu.ar\/ciffyh\/wp-content\/uploads\/sites\/10\/2025\/05\/flyer_monarquia-hispanica-scaled.jpg","contentUrl":"https:\/\/ffyh.unc.edu.ar\/ciffyh\/wp-content\/uploads\/sites\/10\/2025\/05\/flyer_monarquia-hispanica-scaled.jpg","width":2032,"height":2560},{"@type":"BreadcrumbList","@id":"https:\/\/ffyh.unc.edu.ar\/ciffyh\/taller-de-investigacion-problemas-perspectivas-y-avances-en-los-estudios-de-la-monarquia-hispanica\/#breadcrumb","itemListElement":[{"@type":"ListItem","position":1,"name":"Portada","item":"https:\/\/ffyh.unc.edu.ar\/ciffyh\/"},{"@type":"ListItem","position":2,"name":"Taller de investigaci\u00f3n: Problemas, perspectivas y avances en los estudios de la Monarqu\u00eda Hisp\u00e1nica"}]},{"@type":"WebSite","@id":"https:\/\/ffyh.unc.edu.ar\/ciffyh\/#website","url":"https:\/\/ffyh.unc.edu.ar\/ciffyh\/","name":"Centro de Investigaciones \"Maria Saleme de Burnichon\"","description":"Facultad de Filosof\u00eda y Humanidades | UNC","publisher":{"@id":"https:\/\/ffyh.unc.edu.ar\/ciffyh\/#organization"},"potentialAction":[{"@type":"SearchAction","target":{"@type":"EntryPoint","urlTemplate":"https:\/\/ffyh.unc.edu.ar\/ciffyh\/?s={search_term_string}"},"query-input":{"@type":"PropertyValueSpecification","valueRequired":true,"valueName":"search_term_string"}}],"inLanguage":"es"},{"@type":"Organization","@id":"https:\/\/ffyh.unc.edu.ar\/ciffyh\/#organization","name":"Centro de Investigaciones \"Maria Saleme de Burnichon\"","url":"https:\/\/ffyh.unc.edu.ar\/ciffyh\/","logo":{"@type":"ImageObject","inLanguage":"es","@id":"https:\/\/ffyh.unc.edu.ar\/ciffyh\/#\/schema\/logo\/image\/","url":"https:\/\/ffyh.unc.edu.ar\/ciffyh\/wp-content\/uploads\/sites\/10\/2018\/02\/cropped-logo-ciffyh-ico.png","contentUrl":"https:\/\/ffyh.unc.edu.ar\/ciffyh\/wp-content\/uploads\/sites\/10\/2018\/02\/cropped-logo-ciffyh-ico.png","width":512,"height":512,"caption":"Centro de Investigaciones \"Maria Saleme de Burnichon\""},"image":{"@id":"https:\/\/ffyh.unc.edu.ar\/ciffyh\/#\/schema\/logo\/image\/"},"sameAs":["https:\/\/www.instagram.com\/ciffyh\/"]},{"@type":"Person","@id":"https:\/\/ffyh.unc.edu.ar\/ciffyh\/#\/schema\/person\/136b8e7d00e5053aff43b3dc53e99bc0","name":"tecnicaciffyh","image":{"@type":"ImageObject","inLanguage":"es","@id":"https:\/\/ffyh.unc.edu.ar\/ciffyh\/#\/schema\/person\/image\/","url":"https:\/\/secure.gravatar.com\/avatar\/dce86f5e9bf49e3aa9e05e7ed5904a9112e25483e3c8f175eb93b2f53a67c2e4?s=96&d=mm&r=g","contentUrl":"https:\/\/secure.gravatar.com\/avatar\/dce86f5e9bf49e3aa9e05e7ed5904a9112e25483e3c8f175eb93b2f53a67c2e4?s=96&d=mm&r=g","caption":"tecnicaciffyh"},"url":"https:\/\/ffyh.unc.edu.ar\/ciffyh\/author\/tecnicaciffyh\/"}]}},"jetpack_featured_media_url":"https:\/\/ffyh.unc.edu.ar\/ciffyh\/wp-content\/uploads\/sites\/10\/2025\/05\/flyer_monarquia-hispanica-scaled.jpg","_links":{"self":[{"href":"https:\/\/ffyh.unc.edu.ar\/ciffyh\/wp-json\/wp\/v2\/posts\/8231","targetHints":{"allow":["GET"]}}],"collection":[{"href":"https:\/\/ffyh.unc.edu.ar\/ciffyh\/wp-json\/wp\/v2\/posts"}],"about":[{"href":"https:\/\/ffyh.unc.edu.ar\/ciffyh\/wp-json\/wp\/v2\/types\/post"}],"author":[{"embeddable":true,"href":"https:\/\/ffyh.unc.edu.ar\/ciffyh\/wp-json\/wp\/v2\/users\/39"}],"replies":[{"embeddable":true,"href":"https:\/\/ffyh.unc.edu.ar\/ciffyh\/wp-json\/wp\/v2\/comments?post=8231"}],"version-history":[{"count":3,"href":"https:\/\/ffyh.unc.edu.ar\/ciffyh\/wp-json\/wp\/v2\/posts\/8231\/revisions"}],"predecessor-version":[{"id":8235,"href":"https:\/\/ffyh.unc.edu.ar\/ciffyh\/wp-json\/wp\/v2\/posts\/8231\/revisions\/8235"}],"wp:featuredmedia":[{"embeddable":true,"href":"https:\/\/ffyh.unc.edu.ar\/ciffyh\/wp-json\/wp\/v2\/media\/8232"}],"wp:attachment":[{"href":"https:\/\/ffyh.unc.edu.ar\/ciffyh\/wp-json\/wp\/v2\/media?parent=8231"}],"wp:term":[{"taxonomy":"category","embeddable":true,"href":"https:\/\/ffyh.unc.edu.ar\/ciffyh\/wp-json\/wp\/v2\/categories?post=8231"},{"taxonomy":"post_tag","embeddable":true,"href":"https:\/\/ffyh.unc.edu.ar\/ciffyh\/wp-json\/wp\/v2\/tags?post=8231"}],"curies":[{"name":"wp","href":"https:\/\/api.w.org\/{rel}","templated":true}]}}