{"id":8360,"date":"2025-06-12T12:29:36","date_gmt":"2025-06-12T12:29:36","guid":{"rendered":"https:\/\/ffyh.unc.edu.ar\/ciffyh\/?p=8360"},"modified":"2025-06-12T12:31:37","modified_gmt":"2025-06-12T12:31:37","slug":"la-directora-del-ciffyh-participo-de-la-28a-asamblea-general-ordinaria-de-clacso-en-bogota","status":"publish","type":"post","link":"https:\/\/ffyh.unc.edu.ar\/ciffyh\/la-directora-del-ciffyh-participo-de-la-28a-asamblea-general-ordinaria-de-clacso-en-bogota\/","title":{"rendered":"La directora del CIFFyH particip\u00f3 de la 28\u00aa Asamblea General Ordinaria de CLACSO en Bogot\u00e1"},"content":{"rendered":"<p>El s\u00e1bado 7 y domingo 8 de junio se desarroll\u00f3, en Bogot\u00e1,\u00a0 la 28\u00aa Asamblea de CLACSO para la elecci\u00f3n de la Direcci\u00f3n Ejecutiva ( 2025-2028) y de los representantes por pa\u00eds para integrar el Comit\u00e9 Ejecutivo.<\/p>\n<p>El CIFFyH-UNC y el ICSOH-UNSa\/Conicet son miembros plenos de CLACSO y estuvieron presentes en la Asamblea representados por la directora del CIFFyH, Isabel Castro, en el marco de un trabajo colectivo de colaboraci\u00f3n y trabajo conjunto entre centros de investigaci\u00f3n del interior.<\/p>\n<p>De la Asamblea result\u00f3 electo Pablo Vommaro con un total de 267 votos sobre los 319 emitidos y, como representantes de Argentina en el Comit\u00e9, se acord\u00f3 en un plenario de los centros miembros, la postulaci\u00f3n de Graciela Castro (UNSL) como titular y Mart\u00edn Unzue (UBA) como suplente para el pr\u00f3ximo per\u00edodo, lo cual fue ratificado por la Asamblea.<\/p>\n","protected":false},"excerpt":{"rendered":"<p>El s\u00e1bado 7 y domingo 8 de junio se desarroll\u00f3, en Bogot\u00e1,\u00a0 la 28\u00aa Asamblea de CLACSO para la elecci\u00f3n<\/p>\n","protected":false},"author":39,"featured_media":8361,"comment_status":"closed","ping_status":"closed","sticky":false,"template":"","format":"standard","meta":{"_acf_changed":false,"colormag_page_container_layout":"default_layout","colormag_page_sidebar_layout":"default_layout","footnotes":""},"categories":[8],"tags":[],"class_list":["post-8360","post","type-post","status-publish","format-standard","has-post-thumbnail","hentry","category-noticias"],"acf":[],"yoast_head":"<!-- This site is optimized with the Yoast SEO plugin v27.1.1 - https:\/\/yoast.com\/product\/yoast-seo-wordpress\/ -->\n<title>La directora del CIFFyH particip\u00f3 de la 28\u00aa Asamblea General Ordinaria de CLACSO en Bogot\u00e1 - Centro de Investigaciones &quot;Maria Saleme de Burnichon&quot;<\/title>\n<meta name=\"robots\" content=\"index, follow, max-snippet:-1, max-image-preview:large, max-video-preview:-1\" \/>\n<link rel=\"canonical\" href=\"https:\/\/ffyh.unc.edu.ar\/ciffyh\/la-directora-del-ciffyh-participo-de-la-28a-asamblea-general-ordinaria-de-clacso-en-bogota\/\" \/>\n<meta property=\"og:locale\" content=\"es_ES\" \/>\n<meta property=\"og:type\" content=\"article\" \/>\n<meta property=\"og:title\" content=\"La directora del CIFFyH particip\u00f3 de la 28\u00aa Asamblea General Ordinaria de CLACSO en Bogot\u00e1 - Centro de Investigaciones &quot;Maria Saleme de Burnichon&quot;\" \/>\n<meta property=\"og:description\" content=\"El s\u00e1bado 7 y domingo 8 de junio se desarroll\u00f3, en Bogot\u00e1,\u00a0 la 28\u00aa Asamblea de CLACSO para la elecci\u00f3n\" \/>\n<meta property=\"og:url\" content=\"https:\/\/ffyh.unc.edu.ar\/ciffyh\/la-directora-del-ciffyh-participo-de-la-28a-asamblea-general-ordinaria-de-clacso-en-bogota\/\" \/>\n<meta property=\"og:site_name\" content=\"Centro de Investigaciones &quot;Maria Saleme de Burnichon&quot;\" \/>\n<meta property=\"article:published_time\" content=\"2025-06-12T12:29:36+00:00\" \/>\n<meta property=\"article:modified_time\" content=\"2025-06-12T12:31:37+00:00\" \/>\n<meta property=\"og:image\" content=\"http:\/\/ffyh.unc.edu.ar\/ciffyh\/wp-content\/uploads\/sites\/10\/2025\/06\/foto-asamblea-CLACSO.jpeg\" \/>\n\t<meta property=\"og:image:width\" content=\"1200\" \/>\n\t<meta property=\"og:image:height\" content=\"1600\" \/>\n\t<meta property=\"og:image:type\" content=\"image\/jpeg\" \/>\n<meta name=\"author\" content=\"tecnicaciffyh\" \/>\n<meta name=\"twitter:card\" content=\"summary_large_image\" \/>\n<meta name=\"twitter:label1\" content=\"Escrito por\" \/>\n\t<meta name=\"twitter:data1\" content=\"\" \/>\n\t<meta name=\"twitter:label2\" content=\"Tiempo de lectura\" \/>\n\t<meta name=\"twitter:data2\" content=\"1 minuto\" \/>\n<script type=\"application\/ld+json\" class=\"yoast-schema-graph\">{\"@context\":\"https:\/\/schema.org\",\"@graph\":[{\"@type\":\"Article\",\"@id\":\"https:\/\/ffyh.unc.edu.ar\/ciffyh\/la-directora-del-ciffyh-participo-de-la-28a-asamblea-general-ordinaria-de-clacso-en-bogota\/#article\",\"isPartOf\":{\"@id\":\"https:\/\/ffyh.unc.edu.ar\/ciffyh\/la-directora-del-ciffyh-participo-de-la-28a-asamblea-general-ordinaria-de-clacso-en-bogota\/\"},\"author\":{\"name\":\"tecnicaciffyh\",\"@id\":\"https:\/\/ffyh.unc.edu.ar\/ciffyh\/#\/schema\/person\/136b8e7d00e5053aff43b3dc53e99bc0\"},\"headline\":\"La directora del CIFFyH particip\u00f3 de la 28\u00aa Asamblea General Ordinaria de CLACSO en Bogot\u00e1\",\"datePublished\":\"2025-06-12T12:29:36+00:00\",\"dateModified\":\"2025-06-12T12:31:37+00:00\",\"mainEntityOfPage\":{\"@id\":\"https:\/\/ffyh.unc.edu.ar\/ciffyh\/la-directora-del-ciffyh-participo-de-la-28a-asamblea-general-ordinaria-de-clacso-en-bogota\/\"},\"wordCount\":157,\"publisher\":{\"@id\":\"https:\/\/ffyh.unc.edu.ar\/ciffyh\/#organization\"},\"image\":{\"@id\":\"https:\/\/ffyh.unc.edu.ar\/ciffyh\/la-directora-del-ciffyh-participo-de-la-28a-asamblea-general-ordinaria-de-clacso-en-bogota\/#primaryimage\"},\"thumbnailUrl\":\"https:\/\/ffyh.unc.edu.ar\/ciffyh\/wp-content\/uploads\/sites\/10\/2025\/06\/foto-asamblea-CLACSO.jpeg\",\"articleSection\":[\"Noticias\"],\"inLanguage\":\"es\"},{\"@type\":\"WebPage\",\"@id\":\"https:\/\/ffyh.unc.edu.ar\/ciffyh\/la-directora-del-ciffyh-participo-de-la-28a-asamblea-general-ordinaria-de-clacso-en-bogota\/\",\"url\":\"https:\/\/ffyh.unc.edu.ar\/ciffyh\/la-directora-del-ciffyh-participo-de-la-28a-asamblea-general-ordinaria-de-clacso-en-bogota\/\",\"name\":\"La directora del CIFFyH particip\u00f3 de la 28\u00aa Asamblea General Ordinaria de CLACSO en Bogot\u00e1 - Centro de Investigaciones &quot;Maria Saleme de Burnichon&quot;\",\"isPartOf\":{\"@id\":\"https:\/\/ffyh.unc.edu.ar\/ciffyh\/#website\"},\"primaryImageOfPage\":{\"@id\":\"https:\/\/ffyh.unc.edu.ar\/ciffyh\/la-directora-del-ciffyh-participo-de-la-28a-asamblea-general-ordinaria-de-clacso-en-bogota\/#primaryimage\"},\"image\":{\"@id\":\"https:\/\/ffyh.unc.edu.ar\/ciffyh\/la-directora-del-ciffyh-participo-de-la-28a-asamblea-general-ordinaria-de-clacso-en-bogota\/#primaryimage\"},\"thumbnailUrl\":\"https:\/\/ffyh.unc.edu.ar\/ciffyh\/wp-content\/uploads\/sites\/10\/2025\/06\/foto-asamblea-CLACSO.jpeg\",\"datePublished\":\"2025-06-12T12:29:36+00:00\",\"dateModified\":\"2025-06-12T12:31:37+00:00\",\"breadcrumb\":{\"@id\":\"https:\/\/ffyh.unc.edu.ar\/ciffyh\/la-directora-del-ciffyh-participo-de-la-28a-asamblea-general-ordinaria-de-clacso-en-bogota\/#breadcrumb\"},\"inLanguage\":\"es\",\"potentialAction\":[{\"@type\":\"ReadAction\",\"target\":[\"https:\/\/ffyh.unc.edu.ar\/ciffyh\/la-directora-del-ciffyh-participo-de-la-28a-asamblea-general-ordinaria-de-clacso-en-bogota\/\"]}]},{\"@type\":\"ImageObject\",\"inLanguage\":\"es\",\"@id\":\"https:\/\/ffyh.unc.edu.ar\/ciffyh\/la-directora-del-ciffyh-participo-de-la-28a-asamblea-general-ordinaria-de-clacso-en-bogota\/#primaryimage\",\"url\":\"https:\/\/ffyh.unc.edu.ar\/ciffyh\/wp-content\/uploads\/sites\/10\/2025\/06\/foto-asamblea-CLACSO.jpeg\",\"contentUrl\":\"https:\/\/ffyh.unc.edu.ar\/ciffyh\/wp-content\/uploads\/sites\/10\/2025\/06\/foto-asamblea-CLACSO.jpeg\",\"width\":1200,\"height\":1600},{\"@type\":\"BreadcrumbList\",\"@id\":\"https:\/\/ffyh.unc.edu.ar\/ciffyh\/la-directora-del-ciffyh-participo-de-la-28a-asamblea-general-ordinaria-de-clacso-en-bogota\/#breadcrumb\",\"itemListElement\":[{\"@type\":\"ListItem\",\"position\":1,\"name\":\"Portada\",\"item\":\"https:\/\/ffyh.unc.edu.ar\/ciffyh\/\"},{\"@type\":\"ListItem\",\"position\":2,\"name\":\"La directora del CIFFyH particip\u00f3 de la 28\u00aa Asamblea General Ordinaria de CLACSO en Bogot\u00e1\"}]},{\"@type\":\"WebSite\",\"@id\":\"https:\/\/ffyh.unc.edu.ar\/ciffyh\/#website\",\"url\":\"https:\/\/ffyh.unc.edu.ar\/ciffyh\/\",\"name\":\"Centro de Investigaciones \\\"Maria Saleme de Burnichon\\\"\",\"description\":\"Facultad de Filosof\u00eda y Humanidades | UNC\",\"publisher\":{\"@id\":\"https:\/\/ffyh.unc.edu.ar\/ciffyh\/#organization\"},\"potentialAction\":[{\"@type\":\"SearchAction\",\"target\":{\"@type\":\"EntryPoint\",\"urlTemplate\":\"https:\/\/ffyh.unc.edu.ar\/ciffyh\/?s={search_term_string}\"},\"query-input\":{\"@type\":\"PropertyValueSpecification\",\"valueRequired\":true,\"valueName\":\"search_term_string\"}}],\"inLanguage\":\"es\"},{\"@type\":\"Organization\",\"@id\":\"https:\/\/ffyh.unc.edu.ar\/ciffyh\/#organization\",\"name\":\"Centro de Investigaciones \\\"Maria Saleme de Burnichon\\\"\",\"url\":\"https:\/\/ffyh.unc.edu.ar\/ciffyh\/\",\"logo\":{\"@type\":\"ImageObject\",\"inLanguage\":\"es\",\"@id\":\"https:\/\/ffyh.unc.edu.ar\/ciffyh\/#\/schema\/logo\/image\/\",\"url\":\"https:\/\/ffyh.unc.edu.ar\/ciffyh\/wp-content\/uploads\/sites\/10\/2018\/02\/cropped-logo-ciffyh-ico.png\",\"contentUrl\":\"https:\/\/ffyh.unc.edu.ar\/ciffyh\/wp-content\/uploads\/sites\/10\/2018\/02\/cropped-logo-ciffyh-ico.png\",\"width\":512,\"height\":512,\"caption\":\"Centro de Investigaciones \\\"Maria Saleme de Burnichon\\\"\"},\"image\":{\"@id\":\"https:\/\/ffyh.unc.edu.ar\/ciffyh\/#\/schema\/logo\/image\/\"},\"sameAs\":[\"https:\/\/www.instagram.com\/ciffyh\/\"]},{\"@type\":\"Person\",\"@id\":\"https:\/\/ffyh.unc.edu.ar\/ciffyh\/#\/schema\/person\/136b8e7d00e5053aff43b3dc53e99bc0\",\"name\":\"tecnicaciffyh\",\"image\":{\"@type\":\"ImageObject\",\"inLanguage\":\"es\",\"@id\":\"https:\/\/ffyh.unc.edu.ar\/ciffyh\/#\/schema\/person\/image\/\",\"url\":\"https:\/\/secure.gravatar.com\/avatar\/dce86f5e9bf49e3aa9e05e7ed5904a9112e25483e3c8f175eb93b2f53a67c2e4?s=96&d=mm&r=g\",\"contentUrl\":\"https:\/\/secure.gravatar.com\/avatar\/dce86f5e9bf49e3aa9e05e7ed5904a9112e25483e3c8f175eb93b2f53a67c2e4?s=96&d=mm&r=g\",\"caption\":\"tecnicaciffyh\"},\"url\":\"https:\/\/ffyh.unc.edu.ar\/ciffyh\/author\/tecnicaciffyh\/\"}]}<\/script>\n<!-- \/ Yoast SEO plugin. -->","yoast_head_json":{"title":"La directora del CIFFyH particip\u00f3 de la 28\u00aa Asamblea General Ordinaria de CLACSO en Bogot\u00e1 - Centro de Investigaciones &quot;Maria Saleme de Burnichon&quot;","robots":{"index":"index","follow":"follow","max-snippet":"max-snippet:-1","max-image-preview":"max-image-preview:large","max-video-preview":"max-video-preview:-1"},"canonical":"https:\/\/ffyh.unc.edu.ar\/ciffyh\/la-directora-del-ciffyh-participo-de-la-28a-asamblea-general-ordinaria-de-clacso-en-bogota\/","og_locale":"es_ES","og_type":"article","og_title":"La directora del CIFFyH particip\u00f3 de la 28\u00aa Asamblea General Ordinaria de CLACSO en Bogot\u00e1 - Centro de Investigaciones &quot;Maria Saleme de Burnichon&quot;","og_description":"El s\u00e1bado 7 y domingo 8 de junio se desarroll\u00f3, en Bogot\u00e1,\u00a0 la 28\u00aa Asamblea de CLACSO para la elecci\u00f3n","og_url":"https:\/\/ffyh.unc.edu.ar\/ciffyh\/la-directora-del-ciffyh-participo-de-la-28a-asamblea-general-ordinaria-de-clacso-en-bogota\/","og_site_name":"Centro de Investigaciones &quot;Maria Saleme de Burnichon&quot;","article_published_time":"2025-06-12T12:29:36+00:00","article_modified_time":"2025-06-12T12:31:37+00:00","og_image":[{"width":1200,"height":1600,"url":"http:\/\/ffyh.unc.edu.ar\/ciffyh\/wp-content\/uploads\/sites\/10\/2025\/06\/foto-asamblea-CLACSO.jpeg","type":"image\/jpeg"}],"author":"tecnicaciffyh","twitter_card":"summary_large_image","twitter_misc":{"Escrito por":false,"Tiempo de lectura":"1 minuto"},"schema":{"@context":"https:\/\/schema.org","@graph":[{"@type":"Article","@id":"https:\/\/ffyh.unc.edu.ar\/ciffyh\/la-directora-del-ciffyh-participo-de-la-28a-asamblea-general-ordinaria-de-clacso-en-bogota\/#article","isPartOf":{"@id":"https:\/\/ffyh.unc.edu.ar\/ciffyh\/la-directora-del-ciffyh-participo-de-la-28a-asamblea-general-ordinaria-de-clacso-en-bogota\/"},"author":{"name":"tecnicaciffyh","@id":"https:\/\/ffyh.unc.edu.ar\/ciffyh\/#\/schema\/person\/136b8e7d00e5053aff43b3dc53e99bc0"},"headline":"La directora del CIFFyH particip\u00f3 de la 28\u00aa Asamblea General Ordinaria de CLACSO en Bogot\u00e1","datePublished":"2025-06-12T12:29:36+00:00","dateModified":"2025-06-12T12:31:37+00:00","mainEntityOfPage":{"@id":"https:\/\/ffyh.unc.edu.ar\/ciffyh\/la-directora-del-ciffyh-participo-de-la-28a-asamblea-general-ordinaria-de-clacso-en-bogota\/"},"wordCount":157,"publisher":{"@id":"https:\/\/ffyh.unc.edu.ar\/ciffyh\/#organization"},"image":{"@id":"https:\/\/ffyh.unc.edu.ar\/ciffyh\/la-directora-del-ciffyh-participo-de-la-28a-asamblea-general-ordinaria-de-clacso-en-bogota\/#primaryimage"},"thumbnailUrl":"https:\/\/ffyh.unc.edu.ar\/ciffyh\/wp-content\/uploads\/sites\/10\/2025\/06\/foto-asamblea-CLACSO.jpeg","articleSection":["Noticias"],"inLanguage":"es"},{"@type":"WebPage","@id":"https:\/\/ffyh.unc.edu.ar\/ciffyh\/la-directora-del-ciffyh-participo-de-la-28a-asamblea-general-ordinaria-de-clacso-en-bogota\/","url":"https:\/\/ffyh.unc.edu.ar\/ciffyh\/la-directora-del-ciffyh-participo-de-la-28a-asamblea-general-ordinaria-de-clacso-en-bogota\/","name":"La directora del CIFFyH particip\u00f3 de la 28\u00aa Asamblea General Ordinaria de CLACSO en Bogot\u00e1 - Centro de Investigaciones &quot;Maria Saleme de Burnichon&quot;","isPartOf":{"@id":"https:\/\/ffyh.unc.edu.ar\/ciffyh\/#website"},"primaryImageOfPage":{"@id":"https:\/\/ffyh.unc.edu.ar\/ciffyh\/la-directora-del-ciffyh-participo-de-la-28a-asamblea-general-ordinaria-de-clacso-en-bogota\/#primaryimage"},"image":{"@id":"https:\/\/ffyh.unc.edu.ar\/ciffyh\/la-directora-del-ciffyh-participo-de-la-28a-asamblea-general-ordinaria-de-clacso-en-bogota\/#primaryimage"},"thumbnailUrl":"https:\/\/ffyh.unc.edu.ar\/ciffyh\/wp-content\/uploads\/sites\/10\/2025\/06\/foto-asamblea-CLACSO.jpeg","datePublished":"2025-06-12T12:29:36+00:00","dateModified":"2025-06-12T12:31:37+00:00","breadcrumb":{"@id":"https:\/\/ffyh.unc.edu.ar\/ciffyh\/la-directora-del-ciffyh-participo-de-la-28a-asamblea-general-ordinaria-de-clacso-en-bogota\/#breadcrumb"},"inLanguage":"es","potentialAction":[{"@type":"ReadAction","target":["https:\/\/ffyh.unc.edu.ar\/ciffyh\/la-directora-del-ciffyh-participo-de-la-28a-asamblea-general-ordinaria-de-clacso-en-bogota\/"]}]},{"@type":"ImageObject","inLanguage":"es","@id":"https:\/\/ffyh.unc.edu.ar\/ciffyh\/la-directora-del-ciffyh-participo-de-la-28a-asamblea-general-ordinaria-de-clacso-en-bogota\/#primaryimage","url":"https:\/\/ffyh.unc.edu.ar\/ciffyh\/wp-content\/uploads\/sites\/10\/2025\/06\/foto-asamblea-CLACSO.jpeg","contentUrl":"https:\/\/ffyh.unc.edu.ar\/ciffyh\/wp-content\/uploads\/sites\/10\/2025\/06\/foto-asamblea-CLACSO.jpeg","width":1200,"height":1600},{"@type":"BreadcrumbList","@id":"https:\/\/ffyh.unc.edu.ar\/ciffyh\/la-directora-del-ciffyh-participo-de-la-28a-asamblea-general-ordinaria-de-clacso-en-bogota\/#breadcrumb","itemListElement":[{"@type":"ListItem","position":1,"name":"Portada","item":"https:\/\/ffyh.unc.edu.ar\/ciffyh\/"},{"@type":"ListItem","position":2,"name":"La directora del CIFFyH particip\u00f3 de la 28\u00aa Asamblea General Ordinaria de CLACSO en Bogot\u00e1"}]},{"@type":"WebSite","@id":"https:\/\/ffyh.unc.edu.ar\/ciffyh\/#website","url":"https:\/\/ffyh.unc.edu.ar\/ciffyh\/","name":"Centro de Investigaciones \"Maria Saleme de Burnichon\"","description":"Facultad de Filosof\u00eda y Humanidades | UNC","publisher":{"@id":"https:\/\/ffyh.unc.edu.ar\/ciffyh\/#organization"},"potentialAction":[{"@type":"SearchAction","target":{"@type":"EntryPoint","urlTemplate":"https:\/\/ffyh.unc.edu.ar\/ciffyh\/?s={search_term_string}"},"query-input":{"@type":"PropertyValueSpecification","valueRequired":true,"valueName":"search_term_string"}}],"inLanguage":"es"},{"@type":"Organization","@id":"https:\/\/ffyh.unc.edu.ar\/ciffyh\/#organization","name":"Centro de Investigaciones \"Maria Saleme de Burnichon\"","url":"https:\/\/ffyh.unc.edu.ar\/ciffyh\/","logo":{"@type":"ImageObject","inLanguage":"es","@id":"https:\/\/ffyh.unc.edu.ar\/ciffyh\/#\/schema\/logo\/image\/","url":"https:\/\/ffyh.unc.edu.ar\/ciffyh\/wp-content\/uploads\/sites\/10\/2018\/02\/cropped-logo-ciffyh-ico.png","contentUrl":"https:\/\/ffyh.unc.edu.ar\/ciffyh\/wp-content\/uploads\/sites\/10\/2018\/02\/cropped-logo-ciffyh-ico.png","width":512,"height":512,"caption":"Centro de Investigaciones \"Maria Saleme de Burnichon\""},"image":{"@id":"https:\/\/ffyh.unc.edu.ar\/ciffyh\/#\/schema\/logo\/image\/"},"sameAs":["https:\/\/www.instagram.com\/ciffyh\/"]},{"@type":"Person","@id":"https:\/\/ffyh.unc.edu.ar\/ciffyh\/#\/schema\/person\/136b8e7d00e5053aff43b3dc53e99bc0","name":"tecnicaciffyh","image":{"@type":"ImageObject","inLanguage":"es","@id":"https:\/\/ffyh.unc.edu.ar\/ciffyh\/#\/schema\/person\/image\/","url":"https:\/\/secure.gravatar.com\/avatar\/dce86f5e9bf49e3aa9e05e7ed5904a9112e25483e3c8f175eb93b2f53a67c2e4?s=96&d=mm&r=g","contentUrl":"https:\/\/secure.gravatar.com\/avatar\/dce86f5e9bf49e3aa9e05e7ed5904a9112e25483e3c8f175eb93b2f53a67c2e4?s=96&d=mm&r=g","caption":"tecnicaciffyh"},"url":"https:\/\/ffyh.unc.edu.ar\/ciffyh\/author\/tecnicaciffyh\/"}]}},"jetpack_featured_media_url":"https:\/\/ffyh.unc.edu.ar\/ciffyh\/wp-content\/uploads\/sites\/10\/2025\/06\/foto-asamblea-CLACSO.jpeg","_links":{"self":[{"href":"https:\/\/ffyh.unc.edu.ar\/ciffyh\/wp-json\/wp\/v2\/posts\/8360","targetHints":{"allow":["GET"]}}],"collection":[{"href":"https:\/\/ffyh.unc.edu.ar\/ciffyh\/wp-json\/wp\/v2\/posts"}],"about":[{"href":"https:\/\/ffyh.unc.edu.ar\/ciffyh\/wp-json\/wp\/v2\/types\/post"}],"author":[{"embeddable":true,"href":"https:\/\/ffyh.unc.edu.ar\/ciffyh\/wp-json\/wp\/v2\/users\/39"}],"replies":[{"embeddable":true,"href":"https:\/\/ffyh.unc.edu.ar\/ciffyh\/wp-json\/wp\/v2\/comments?post=8360"}],"version-history":[{"count":3,"href":"https:\/\/ffyh.unc.edu.ar\/ciffyh\/wp-json\/wp\/v2\/posts\/8360\/revisions"}],"predecessor-version":[{"id":8364,"href":"https:\/\/ffyh.unc.edu.ar\/ciffyh\/wp-json\/wp\/v2\/posts\/8360\/revisions\/8364"}],"wp:featuredmedia":[{"embeddable":true,"href":"https:\/\/ffyh.unc.edu.ar\/ciffyh\/wp-json\/wp\/v2\/media\/8361"}],"wp:attachment":[{"href":"https:\/\/ffyh.unc.edu.ar\/ciffyh\/wp-json\/wp\/v2\/media?parent=8360"}],"wp:term":[{"taxonomy":"category","embeddable":true,"href":"https:\/\/ffyh.unc.edu.ar\/ciffyh\/wp-json\/wp\/v2\/categories?post=8360"},{"taxonomy":"post_tag","embeddable":true,"href":"https:\/\/ffyh.unc.edu.ar\/ciffyh\/wp-json\/wp\/v2\/tags?post=8360"}],"curies":[{"name":"wp","href":"https:\/\/api.w.org\/{rel}","templated":true}]}}