{"id":8407,"date":"2025-07-02T13:56:54","date_gmt":"2025-07-02T13:56:54","guid":{"rendered":"https:\/\/ffyh.unc.edu.ar\/ciffyh\/?p=8407"},"modified":"2025-07-02T13:56:54","modified_gmt":"2025-07-02T13:56:54","slug":"ya-se-encuentra-disponible-un-nuevo-numero-de-la-revista-cuadernos-de-educacion-3","status":"publish","type":"post","link":"https:\/\/ffyh.unc.edu.ar\/ciffyh\/ya-se-encuentra-disponible-un-nuevo-numero-de-la-revista-cuadernos-de-educacion-3\/","title":{"rendered":"Ya se encuentra disponible un nuevo n\u00famero de la revista Cuadernos de Educaci\u00f3n"},"content":{"rendered":"<p><em>Ya se encuentra disponible el n\u00famero 25 de la revista digital <strong><a href=\"https:\/\/revistas.unc.edu.ar\/index.php\/Cuadernos\/issue\/view\/3194\" target=\"_blank\" rel=\"noopener\">Cuadernos de Educaci\u00f3n<\/a>\u00a0<\/strong>del \u00c1rea Educaci\u00f3n del CIFFyH.<\/em><\/p>\n<p>Este n\u00famero fue dedicado a la memoria de <strong>Alfredo Furl\u00e1n Malamud<\/strong>, un reconocido acad\u00e9mico e intelectual en el campo de las ciencias de la educaci\u00f3n que formaba parte del comit\u00e9 acad\u00e9mico de la revista.<br \/>\nEn el texto titulado <a href=\"https:\/\/revistas.unc.edu.ar\/index.php\/Cuadernos\/article\/view\/49350\" target=\"_blank\" rel=\"noopener\"><em>In memoriam<\/em><\/a>, la docente e investigadora de la Escuela de Ciencias de la Educaci\u00f3n de la FFyH, Nora Alterman, realiza un recorrido por su trayectoria acad\u00e9mica.<\/p>\n<p>Luego, en su editorial, <em><a href=\"https:\/\/revistas.unc.edu.ar\/index.php\/Cuadernos\/article\/view\/49317\/49489\" target=\"_blank\" rel=\"noopener\">En tiempos de incertidumbre y silenciamiento: la investigaci\u00f3n educativa como voz colectiva<\/a>, <\/em>Marcela Carignano y Gabriela Lamelas reflexionan sobre los modos de resistencia de las investigaciones en educaci\u00f3n, en tanto tarea imprescindible para comprender, defender y transformar las singularidades de las realidades educativas argentinas.<\/p>\n<p>Aqu\u00ed compartimos la tabla de contenidos de este n\u00famero:<\/p>\n<p><strong>Editorial<\/strong><\/p>\n<p><a href=\"https:\/\/revistas.unc.edu.ar\/index.php\/Cuadernos\/article\/view\/49350\/49532\" target=\"_blank\" rel=\"noopener\">In memoriam. Dr. Alfredo Jos\u00e9 Furl\u00e1n Malamud<\/a><\/p>\n<p><a href=\"https:\/\/revistas.unc.edu.ar\/index.php\/Cuadernos\/article\/view\/49317\/49489\" target=\"_blank\" rel=\"noopener\">En tiempos de incertidumbre y silenciamiento: la investigaci\u00f3n educativa como voz colectiva<\/a><\/p>\n<p>&nbsp;<\/p>\n<p><strong>Art\u00edculos<\/strong><\/p>\n<p><a href=\"https:\/\/revistas.unc.edu.ar\/index.php\/Cuadernos\/article\/view\/49319\/49479\" target=\"_blank\" rel=\"noopener\">Dispositivos institucionales de ingreso universitario. Hacia un an\u00e1lisis desde la perspectiva de los inicios a la universidad<\/a><\/p>\n<p><a href=\"https:\/\/revistas.unc.edu.ar\/index.php\/Cuadernos\/article\/view\/49320\/49480\" target=\"_blank\" rel=\"noopener\">Entre lo deseado y lo posible. Sentidos en tensi\u00f3n sobre la escuela secundaria en el periurbano hort\u00edcola platense<\/a><\/p>\n<p><a href=\"https:\/\/revistas.unc.edu.ar\/index.php\/Cuadernos\/article\/view\/49321\/49481\" target=\"_blank\" rel=\"noopener\">\u201cConvirtieron en un rulo una ruta nacional\u201d. Maestros\/as, mapeadores\/as y cartograf\u00eda digital<\/a><\/p>\n<p><a href=\"https:\/\/revistas.unc.edu.ar\/index.php\/Cuadernos\/article\/view\/49322\/49482\" target=\"_blank\" rel=\"noopener\">Entre la vida cotidiana y las pol\u00edticas: tensiones y articulaciones en torno a las pol\u00edticas educativas en contextos rurales de la provincia de C\u00f3rdoba<\/a><\/p>\n<p><a href=\"https:\/\/revistas.unc.edu.ar\/index.php\/Cuadernos\/article\/view\/49323\/49486\" target=\"_blank\" rel=\"noopener\">Reconfiguraci\u00f3n socioeducativa en la educaci\u00f3n superior de Tierra del Fuego en el siglo xxi<\/a><\/p>\n<p><a href=\"https:\/\/revistas.unc.edu.ar\/index.php\/Cuadernos\/article\/view\/49324\/49484\" target=\"_blank\" rel=\"noopener\">Progreso del aprendizaje mediante inmersi\u00f3n ling\u00fc\u00edstica a trav\u00e9s del storytelling<\/a><\/p>\n<p><a href=\"https:\/\/revistas.unc.edu.ar\/index.php\/Cuadernos\/article\/view\/49328\/49485\" target=\"_blank\" rel=\"noopener\">Docentes reflexivos en secundaria: entre la pasi\u00f3n que los moviliza y las condiciones que los limitan<\/a><\/p>\n<p>&nbsp;<\/p>\n<p><strong>Rese\u00f1as<\/strong><\/p>\n<p><a href=\"https:\/\/revistas.unc.edu.ar\/index.php\/Cuadernos\/article\/view\/49329\/49490\" target=\"_blank\" rel=\"noopener\">Rese\u00f1a de Actas reunidas del Congreso Pedag\u00f3gico de 1882. La educaci\u00f3n como pasi\u00f3n p\u00fablica. Recopilaci\u00f3n y estudio preliminar<\/a><\/p>\n<p><img fetchpriority=\"high\" decoding=\"async\" class=\"aligncenter wp-image-8410\" src=\"http:\/\/ffyh.unc.edu.ar\/ciffyh\/wp-content\/uploads\/sites\/10\/2025\/07\/tapa-cuadernos-de-educacion-25.jpg\" alt=\"\" width=\"731\" height=\"1035\" srcset=\"https:\/\/ffyh.unc.edu.ar\/ciffyh\/wp-content\/uploads\/sites\/10\/2025\/07\/tapa-cuadernos-de-educacion-25.jpg 600w, https:\/\/ffyh.unc.edu.ar\/ciffyh\/wp-content\/uploads\/sites\/10\/2025\/07\/tapa-cuadernos-de-educacion-25-212x300.jpg 212w\" sizes=\"(max-width: 731px) 100vw, 731px\" \/><\/p>\n","protected":false},"excerpt":{"rendered":"<p>Ya se encuentra disponible el n\u00famero 25 de la revista digital Cuadernos de Educaci\u00f3n\u00a0del \u00c1rea Educaci\u00f3n del CIFFyH. Este n\u00famero<\/p>\n","protected":false},"author":39,"featured_media":8410,"comment_status":"closed","ping_status":"closed","sticky":false,"template":"","format":"standard","meta":{"_acf_changed":false,"colormag_page_container_layout":"default_layout","colormag_page_sidebar_layout":"default_layout","footnotes":""},"categories":[51,45],"tags":[],"class_list":["post-8407","post","type-post","status-publish","format-standard","has-post-thumbnail","hentry","category-educacion","category-nuestras-revistas"],"acf":[],"yoast_head":"<!-- This site is optimized with the Yoast SEO plugin v27.1.1 - https:\/\/yoast.com\/product\/yoast-seo-wordpress\/ -->\n<title>Ya se encuentra disponible un nuevo n\u00famero de la revista Cuadernos de Educaci\u00f3n - Centro de Investigaciones &quot;Maria Saleme de Burnichon&quot;<\/title>\n<meta name=\"robots\" content=\"index, follow, max-snippet:-1, max-image-preview:large, max-video-preview:-1\" \/>\n<link rel=\"canonical\" href=\"https:\/\/ffyh.unc.edu.ar\/ciffyh\/ya-se-encuentra-disponible-un-nuevo-numero-de-la-revista-cuadernos-de-educacion-3\/\" \/>\n<meta property=\"og:locale\" content=\"es_ES\" \/>\n<meta property=\"og:type\" content=\"article\" \/>\n<meta property=\"og:title\" content=\"Ya se encuentra disponible un nuevo n\u00famero de la revista Cuadernos de Educaci\u00f3n - Centro de Investigaciones &quot;Maria Saleme de Burnichon&quot;\" \/>\n<meta property=\"og:description\" content=\"Ya se encuentra disponible el n\u00famero 25 de la revista digital Cuadernos de Educaci\u00f3n\u00a0del \u00c1rea Educaci\u00f3n del CIFFyH. Este n\u00famero\" \/>\n<meta property=\"og:url\" content=\"https:\/\/ffyh.unc.edu.ar\/ciffyh\/ya-se-encuentra-disponible-un-nuevo-numero-de-la-revista-cuadernos-de-educacion-3\/\" \/>\n<meta property=\"og:site_name\" content=\"Centro de Investigaciones &quot;Maria Saleme de Burnichon&quot;\" \/>\n<meta property=\"article:published_time\" content=\"2025-07-02T13:56:54+00:00\" \/>\n<meta property=\"og:image\" content=\"http:\/\/ffyh.unc.edu.ar\/ciffyh\/wp-content\/uploads\/sites\/10\/2025\/07\/tapa-cuadernos-de-educacion-25.jpg\" \/>\n\t<meta property=\"og:image:width\" content=\"600\" \/>\n\t<meta property=\"og:image:height\" content=\"849\" \/>\n\t<meta property=\"og:image:type\" content=\"image\/jpeg\" \/>\n<meta name=\"author\" content=\"tecnicaciffyh\" \/>\n<meta name=\"twitter:card\" content=\"summary_large_image\" \/>\n<meta name=\"twitter:label1\" content=\"Escrito por\" \/>\n\t<meta name=\"twitter:data1\" content=\"\" \/>\n\t<meta name=\"twitter:label2\" content=\"Tiempo de lectura\" \/>\n\t<meta name=\"twitter:data2\" content=\"2 minutos\" \/>\n<script type=\"application\/ld+json\" class=\"yoast-schema-graph\">{\"@context\":\"https:\/\/schema.org\",\"@graph\":[{\"@type\":\"Article\",\"@id\":\"https:\/\/ffyh.unc.edu.ar\/ciffyh\/ya-se-encuentra-disponible-un-nuevo-numero-de-la-revista-cuadernos-de-educacion-3\/#article\",\"isPartOf\":{\"@id\":\"https:\/\/ffyh.unc.edu.ar\/ciffyh\/ya-se-encuentra-disponible-un-nuevo-numero-de-la-revista-cuadernos-de-educacion-3\/\"},\"author\":{\"name\":\"tecnicaciffyh\",\"@id\":\"https:\/\/ffyh.unc.edu.ar\/ciffyh\/#\/schema\/person\/136b8e7d00e5053aff43b3dc53e99bc0\"},\"headline\":\"Ya se encuentra disponible un nuevo n\u00famero de la revista Cuadernos de Educaci\u00f3n\",\"datePublished\":\"2025-07-02T13:56:54+00:00\",\"mainEntityOfPage\":{\"@id\":\"https:\/\/ffyh.unc.edu.ar\/ciffyh\/ya-se-encuentra-disponible-un-nuevo-numero-de-la-revista-cuadernos-de-educacion-3\/\"},\"wordCount\":344,\"publisher\":{\"@id\":\"https:\/\/ffyh.unc.edu.ar\/ciffyh\/#organization\"},\"image\":{\"@id\":\"https:\/\/ffyh.unc.edu.ar\/ciffyh\/ya-se-encuentra-disponible-un-nuevo-numero-de-la-revista-cuadernos-de-educacion-3\/#primaryimage\"},\"thumbnailUrl\":\"https:\/\/ffyh.unc.edu.ar\/ciffyh\/wp-content\/uploads\/sites\/10\/2025\/07\/tapa-cuadernos-de-educacion-25.jpg\",\"articleSection\":[\"\u00c1rea Educaci\u00f3n\",\"Nuestras Revistas\"],\"inLanguage\":\"es\"},{\"@type\":\"WebPage\",\"@id\":\"https:\/\/ffyh.unc.edu.ar\/ciffyh\/ya-se-encuentra-disponible-un-nuevo-numero-de-la-revista-cuadernos-de-educacion-3\/\",\"url\":\"https:\/\/ffyh.unc.edu.ar\/ciffyh\/ya-se-encuentra-disponible-un-nuevo-numero-de-la-revista-cuadernos-de-educacion-3\/\",\"name\":\"Ya se encuentra disponible un nuevo n\u00famero de la revista Cuadernos de Educaci\u00f3n - Centro de Investigaciones &quot;Maria Saleme de Burnichon&quot;\",\"isPartOf\":{\"@id\":\"https:\/\/ffyh.unc.edu.ar\/ciffyh\/#website\"},\"primaryImageOfPage\":{\"@id\":\"https:\/\/ffyh.unc.edu.ar\/ciffyh\/ya-se-encuentra-disponible-un-nuevo-numero-de-la-revista-cuadernos-de-educacion-3\/#primaryimage\"},\"image\":{\"@id\":\"https:\/\/ffyh.unc.edu.ar\/ciffyh\/ya-se-encuentra-disponible-un-nuevo-numero-de-la-revista-cuadernos-de-educacion-3\/#primaryimage\"},\"thumbnailUrl\":\"https:\/\/ffyh.unc.edu.ar\/ciffyh\/wp-content\/uploads\/sites\/10\/2025\/07\/tapa-cuadernos-de-educacion-25.jpg\",\"datePublished\":\"2025-07-02T13:56:54+00:00\",\"breadcrumb\":{\"@id\":\"https:\/\/ffyh.unc.edu.ar\/ciffyh\/ya-se-encuentra-disponible-un-nuevo-numero-de-la-revista-cuadernos-de-educacion-3\/#breadcrumb\"},\"inLanguage\":\"es\",\"potentialAction\":[{\"@type\":\"ReadAction\",\"target\":[\"https:\/\/ffyh.unc.edu.ar\/ciffyh\/ya-se-encuentra-disponible-un-nuevo-numero-de-la-revista-cuadernos-de-educacion-3\/\"]}]},{\"@type\":\"ImageObject\",\"inLanguage\":\"es\",\"@id\":\"https:\/\/ffyh.unc.edu.ar\/ciffyh\/ya-se-encuentra-disponible-un-nuevo-numero-de-la-revista-cuadernos-de-educacion-3\/#primaryimage\",\"url\":\"https:\/\/ffyh.unc.edu.ar\/ciffyh\/wp-content\/uploads\/sites\/10\/2025\/07\/tapa-cuadernos-de-educacion-25.jpg\",\"contentUrl\":\"https:\/\/ffyh.unc.edu.ar\/ciffyh\/wp-content\/uploads\/sites\/10\/2025\/07\/tapa-cuadernos-de-educacion-25.jpg\",\"width\":600,\"height\":849},{\"@type\":\"BreadcrumbList\",\"@id\":\"https:\/\/ffyh.unc.edu.ar\/ciffyh\/ya-se-encuentra-disponible-un-nuevo-numero-de-la-revista-cuadernos-de-educacion-3\/#breadcrumb\",\"itemListElement\":[{\"@type\":\"ListItem\",\"position\":1,\"name\":\"Portada\",\"item\":\"https:\/\/ffyh.unc.edu.ar\/ciffyh\/\"},{\"@type\":\"ListItem\",\"position\":2,\"name\":\"Ya se encuentra disponible un nuevo n\u00famero de la revista Cuadernos de Educaci\u00f3n\"}]},{\"@type\":\"WebSite\",\"@id\":\"https:\/\/ffyh.unc.edu.ar\/ciffyh\/#website\",\"url\":\"https:\/\/ffyh.unc.edu.ar\/ciffyh\/\",\"name\":\"Centro de Investigaciones \\\"Maria Saleme de Burnichon\\\"\",\"description\":\"Facultad de Filosof\u00eda y Humanidades | UNC\",\"publisher\":{\"@id\":\"https:\/\/ffyh.unc.edu.ar\/ciffyh\/#organization\"},\"potentialAction\":[{\"@type\":\"SearchAction\",\"target\":{\"@type\":\"EntryPoint\",\"urlTemplate\":\"https:\/\/ffyh.unc.edu.ar\/ciffyh\/?s={search_term_string}\"},\"query-input\":{\"@type\":\"PropertyValueSpecification\",\"valueRequired\":true,\"valueName\":\"search_term_string\"}}],\"inLanguage\":\"es\"},{\"@type\":\"Organization\",\"@id\":\"https:\/\/ffyh.unc.edu.ar\/ciffyh\/#organization\",\"name\":\"Centro de Investigaciones \\\"Maria Saleme de Burnichon\\\"\",\"url\":\"https:\/\/ffyh.unc.edu.ar\/ciffyh\/\",\"logo\":{\"@type\":\"ImageObject\",\"inLanguage\":\"es\",\"@id\":\"https:\/\/ffyh.unc.edu.ar\/ciffyh\/#\/schema\/logo\/image\/\",\"url\":\"https:\/\/ffyh.unc.edu.ar\/ciffyh\/wp-content\/uploads\/sites\/10\/2018\/02\/cropped-logo-ciffyh-ico.png\",\"contentUrl\":\"https:\/\/ffyh.unc.edu.ar\/ciffyh\/wp-content\/uploads\/sites\/10\/2018\/02\/cropped-logo-ciffyh-ico.png\",\"width\":512,\"height\":512,\"caption\":\"Centro de Investigaciones \\\"Maria Saleme de Burnichon\\\"\"},\"image\":{\"@id\":\"https:\/\/ffyh.unc.edu.ar\/ciffyh\/#\/schema\/logo\/image\/\"},\"sameAs\":[\"https:\/\/www.instagram.com\/ciffyh\/\"]},{\"@type\":\"Person\",\"@id\":\"https:\/\/ffyh.unc.edu.ar\/ciffyh\/#\/schema\/person\/136b8e7d00e5053aff43b3dc53e99bc0\",\"name\":\"tecnicaciffyh\",\"image\":{\"@type\":\"ImageObject\",\"inLanguage\":\"es\",\"@id\":\"https:\/\/ffyh.unc.edu.ar\/ciffyh\/#\/schema\/person\/image\/\",\"url\":\"https:\/\/secure.gravatar.com\/avatar\/dce86f5e9bf49e3aa9e05e7ed5904a9112e25483e3c8f175eb93b2f53a67c2e4?s=96&d=mm&r=g\",\"contentUrl\":\"https:\/\/secure.gravatar.com\/avatar\/dce86f5e9bf49e3aa9e05e7ed5904a9112e25483e3c8f175eb93b2f53a67c2e4?s=96&d=mm&r=g\",\"caption\":\"tecnicaciffyh\"},\"url\":\"https:\/\/ffyh.unc.edu.ar\/ciffyh\/author\/tecnicaciffyh\/\"}]}<\/script>\n<!-- \/ Yoast SEO plugin. -->","yoast_head_json":{"title":"Ya se encuentra disponible un nuevo n\u00famero de la revista Cuadernos de Educaci\u00f3n - Centro de Investigaciones &quot;Maria Saleme de Burnichon&quot;","robots":{"index":"index","follow":"follow","max-snippet":"max-snippet:-1","max-image-preview":"max-image-preview:large","max-video-preview":"max-video-preview:-1"},"canonical":"https:\/\/ffyh.unc.edu.ar\/ciffyh\/ya-se-encuentra-disponible-un-nuevo-numero-de-la-revista-cuadernos-de-educacion-3\/","og_locale":"es_ES","og_type":"article","og_title":"Ya se encuentra disponible un nuevo n\u00famero de la revista Cuadernos de Educaci\u00f3n - Centro de Investigaciones &quot;Maria Saleme de Burnichon&quot;","og_description":"Ya se encuentra disponible el n\u00famero 25 de la revista digital Cuadernos de Educaci\u00f3n\u00a0del \u00c1rea Educaci\u00f3n del CIFFyH. Este n\u00famero","og_url":"https:\/\/ffyh.unc.edu.ar\/ciffyh\/ya-se-encuentra-disponible-un-nuevo-numero-de-la-revista-cuadernos-de-educacion-3\/","og_site_name":"Centro de Investigaciones &quot;Maria Saleme de Burnichon&quot;","article_published_time":"2025-07-02T13:56:54+00:00","og_image":[{"width":600,"height":849,"url":"http:\/\/ffyh.unc.edu.ar\/ciffyh\/wp-content\/uploads\/sites\/10\/2025\/07\/tapa-cuadernos-de-educacion-25.jpg","type":"image\/jpeg"}],"author":"tecnicaciffyh","twitter_card":"summary_large_image","twitter_misc":{"Escrito por":false,"Tiempo de lectura":"2 minutos"},"schema":{"@context":"https:\/\/schema.org","@graph":[{"@type":"Article","@id":"https:\/\/ffyh.unc.edu.ar\/ciffyh\/ya-se-encuentra-disponible-un-nuevo-numero-de-la-revista-cuadernos-de-educacion-3\/#article","isPartOf":{"@id":"https:\/\/ffyh.unc.edu.ar\/ciffyh\/ya-se-encuentra-disponible-un-nuevo-numero-de-la-revista-cuadernos-de-educacion-3\/"},"author":{"name":"tecnicaciffyh","@id":"https:\/\/ffyh.unc.edu.ar\/ciffyh\/#\/schema\/person\/136b8e7d00e5053aff43b3dc53e99bc0"},"headline":"Ya se encuentra disponible un nuevo n\u00famero de la revista Cuadernos de Educaci\u00f3n","datePublished":"2025-07-02T13:56:54+00:00","mainEntityOfPage":{"@id":"https:\/\/ffyh.unc.edu.ar\/ciffyh\/ya-se-encuentra-disponible-un-nuevo-numero-de-la-revista-cuadernos-de-educacion-3\/"},"wordCount":344,"publisher":{"@id":"https:\/\/ffyh.unc.edu.ar\/ciffyh\/#organization"},"image":{"@id":"https:\/\/ffyh.unc.edu.ar\/ciffyh\/ya-se-encuentra-disponible-un-nuevo-numero-de-la-revista-cuadernos-de-educacion-3\/#primaryimage"},"thumbnailUrl":"https:\/\/ffyh.unc.edu.ar\/ciffyh\/wp-content\/uploads\/sites\/10\/2025\/07\/tapa-cuadernos-de-educacion-25.jpg","articleSection":["\u00c1rea Educaci\u00f3n","Nuestras Revistas"],"inLanguage":"es"},{"@type":"WebPage","@id":"https:\/\/ffyh.unc.edu.ar\/ciffyh\/ya-se-encuentra-disponible-un-nuevo-numero-de-la-revista-cuadernos-de-educacion-3\/","url":"https:\/\/ffyh.unc.edu.ar\/ciffyh\/ya-se-encuentra-disponible-un-nuevo-numero-de-la-revista-cuadernos-de-educacion-3\/","name":"Ya se encuentra disponible un nuevo n\u00famero de la revista Cuadernos de Educaci\u00f3n - Centro de Investigaciones &quot;Maria Saleme de Burnichon&quot;","isPartOf":{"@id":"https:\/\/ffyh.unc.edu.ar\/ciffyh\/#website"},"primaryImageOfPage":{"@id":"https:\/\/ffyh.unc.edu.ar\/ciffyh\/ya-se-encuentra-disponible-un-nuevo-numero-de-la-revista-cuadernos-de-educacion-3\/#primaryimage"},"image":{"@id":"https:\/\/ffyh.unc.edu.ar\/ciffyh\/ya-se-encuentra-disponible-un-nuevo-numero-de-la-revista-cuadernos-de-educacion-3\/#primaryimage"},"thumbnailUrl":"https:\/\/ffyh.unc.edu.ar\/ciffyh\/wp-content\/uploads\/sites\/10\/2025\/07\/tapa-cuadernos-de-educacion-25.jpg","datePublished":"2025-07-02T13:56:54+00:00","breadcrumb":{"@id":"https:\/\/ffyh.unc.edu.ar\/ciffyh\/ya-se-encuentra-disponible-un-nuevo-numero-de-la-revista-cuadernos-de-educacion-3\/#breadcrumb"},"inLanguage":"es","potentialAction":[{"@type":"ReadAction","target":["https:\/\/ffyh.unc.edu.ar\/ciffyh\/ya-se-encuentra-disponible-un-nuevo-numero-de-la-revista-cuadernos-de-educacion-3\/"]}]},{"@type":"ImageObject","inLanguage":"es","@id":"https:\/\/ffyh.unc.edu.ar\/ciffyh\/ya-se-encuentra-disponible-un-nuevo-numero-de-la-revista-cuadernos-de-educacion-3\/#primaryimage","url":"https:\/\/ffyh.unc.edu.ar\/ciffyh\/wp-content\/uploads\/sites\/10\/2025\/07\/tapa-cuadernos-de-educacion-25.jpg","contentUrl":"https:\/\/ffyh.unc.edu.ar\/ciffyh\/wp-content\/uploads\/sites\/10\/2025\/07\/tapa-cuadernos-de-educacion-25.jpg","width":600,"height":849},{"@type":"BreadcrumbList","@id":"https:\/\/ffyh.unc.edu.ar\/ciffyh\/ya-se-encuentra-disponible-un-nuevo-numero-de-la-revista-cuadernos-de-educacion-3\/#breadcrumb","itemListElement":[{"@type":"ListItem","position":1,"name":"Portada","item":"https:\/\/ffyh.unc.edu.ar\/ciffyh\/"},{"@type":"ListItem","position":2,"name":"Ya se encuentra disponible un nuevo n\u00famero de la revista Cuadernos de Educaci\u00f3n"}]},{"@type":"WebSite","@id":"https:\/\/ffyh.unc.edu.ar\/ciffyh\/#website","url":"https:\/\/ffyh.unc.edu.ar\/ciffyh\/","name":"Centro de Investigaciones \"Maria Saleme de Burnichon\"","description":"Facultad de Filosof\u00eda y Humanidades | UNC","publisher":{"@id":"https:\/\/ffyh.unc.edu.ar\/ciffyh\/#organization"},"potentialAction":[{"@type":"SearchAction","target":{"@type":"EntryPoint","urlTemplate":"https:\/\/ffyh.unc.edu.ar\/ciffyh\/?s={search_term_string}"},"query-input":{"@type":"PropertyValueSpecification","valueRequired":true,"valueName":"search_term_string"}}],"inLanguage":"es"},{"@type":"Organization","@id":"https:\/\/ffyh.unc.edu.ar\/ciffyh\/#organization","name":"Centro de Investigaciones \"Maria Saleme de Burnichon\"","url":"https:\/\/ffyh.unc.edu.ar\/ciffyh\/","logo":{"@type":"ImageObject","inLanguage":"es","@id":"https:\/\/ffyh.unc.edu.ar\/ciffyh\/#\/schema\/logo\/image\/","url":"https:\/\/ffyh.unc.edu.ar\/ciffyh\/wp-content\/uploads\/sites\/10\/2018\/02\/cropped-logo-ciffyh-ico.png","contentUrl":"https:\/\/ffyh.unc.edu.ar\/ciffyh\/wp-content\/uploads\/sites\/10\/2018\/02\/cropped-logo-ciffyh-ico.png","width":512,"height":512,"caption":"Centro de Investigaciones \"Maria Saleme de Burnichon\""},"image":{"@id":"https:\/\/ffyh.unc.edu.ar\/ciffyh\/#\/schema\/logo\/image\/"},"sameAs":["https:\/\/www.instagram.com\/ciffyh\/"]},{"@type":"Person","@id":"https:\/\/ffyh.unc.edu.ar\/ciffyh\/#\/schema\/person\/136b8e7d00e5053aff43b3dc53e99bc0","name":"tecnicaciffyh","image":{"@type":"ImageObject","inLanguage":"es","@id":"https:\/\/ffyh.unc.edu.ar\/ciffyh\/#\/schema\/person\/image\/","url":"https:\/\/secure.gravatar.com\/avatar\/dce86f5e9bf49e3aa9e05e7ed5904a9112e25483e3c8f175eb93b2f53a67c2e4?s=96&d=mm&r=g","contentUrl":"https:\/\/secure.gravatar.com\/avatar\/dce86f5e9bf49e3aa9e05e7ed5904a9112e25483e3c8f175eb93b2f53a67c2e4?s=96&d=mm&r=g","caption":"tecnicaciffyh"},"url":"https:\/\/ffyh.unc.edu.ar\/ciffyh\/author\/tecnicaciffyh\/"}]}},"jetpack_featured_media_url":"https:\/\/ffyh.unc.edu.ar\/ciffyh\/wp-content\/uploads\/sites\/10\/2025\/07\/tapa-cuadernos-de-educacion-25.jpg","_links":{"self":[{"href":"https:\/\/ffyh.unc.edu.ar\/ciffyh\/wp-json\/wp\/v2\/posts\/8407","targetHints":{"allow":["GET"]}}],"collection":[{"href":"https:\/\/ffyh.unc.edu.ar\/ciffyh\/wp-json\/wp\/v2\/posts"}],"about":[{"href":"https:\/\/ffyh.unc.edu.ar\/ciffyh\/wp-json\/wp\/v2\/types\/post"}],"author":[{"embeddable":true,"href":"https:\/\/ffyh.unc.edu.ar\/ciffyh\/wp-json\/wp\/v2\/users\/39"}],"replies":[{"embeddable":true,"href":"https:\/\/ffyh.unc.edu.ar\/ciffyh\/wp-json\/wp\/v2\/comments?post=8407"}],"version-history":[{"count":2,"href":"https:\/\/ffyh.unc.edu.ar\/ciffyh\/wp-json\/wp\/v2\/posts\/8407\/revisions"}],"predecessor-version":[{"id":8411,"href":"https:\/\/ffyh.unc.edu.ar\/ciffyh\/wp-json\/wp\/v2\/posts\/8407\/revisions\/8411"}],"wp:featuredmedia":[{"embeddable":true,"href":"https:\/\/ffyh.unc.edu.ar\/ciffyh\/wp-json\/wp\/v2\/media\/8410"}],"wp:attachment":[{"href":"https:\/\/ffyh.unc.edu.ar\/ciffyh\/wp-json\/wp\/v2\/media?parent=8407"}],"wp:term":[{"taxonomy":"category","embeddable":true,"href":"https:\/\/ffyh.unc.edu.ar\/ciffyh\/wp-json\/wp\/v2\/categories?post=8407"},{"taxonomy":"post_tag","embeddable":true,"href":"https:\/\/ffyh.unc.edu.ar\/ciffyh\/wp-json\/wp\/v2\/tags?post=8407"}],"curies":[{"name":"wp","href":"https:\/\/api.w.org\/{rel}","templated":true}]}}