{"id":8656,"date":"2025-09-17T13:51:21","date_gmt":"2025-09-17T13:51:21","guid":{"rendered":"https:\/\/ffyh.unc.edu.ar\/ciffyh\/?p=8656"},"modified":"2025-10-06T16:10:29","modified_gmt":"2025-10-06T16:10:29","slug":"25-y-26-de-septiembre-la-ffyh-recibe-a-juliette-dumont-directora-del-centro-franco-argentino-de-estudios-avanzados-en-ciencias-sociales","status":"publish","type":"post","link":"https:\/\/ffyh.unc.edu.ar\/ciffyh\/25-y-26-de-septiembre-la-ffyh-recibe-a-juliette-dumont-directora-del-centro-franco-argentino-de-estudios-avanzados-en-ciencias-sociales\/","title":{"rendered":"25 y 26 de septiembre | El CIFFyH recibe a Juliette Dumont, directora del Centro Franco-Argentino de Estudios Avanzados en Ciencias Sociales"},"content":{"rendered":"<p>La investigadora francesa, Juliette Dumont, visitar\u00e1 nuestra Facultad y participar\u00e1 de una Charla-debate y un Workshop, los d\u00edas 25 y 26 de septiembre respectivamente.<\/p>\n<p><strong>Charla-debate: El panamericanismo y los intercambios acad\u00e9micos en la primera mitad del Siglo XX<\/strong><\/p>\n<p><strong>Juliette Dumont<\/strong> (Centro Franco-Argentino de Estudios Avanzados en Ciencias Sociales)<\/p>\n<p><strong>Jueves 25 de septiembre, 16hs, Aula del CIFFyH<\/strong><\/p>\n<p>_____________________________________________<\/p>\n<p><strong>Workshop: Intelectuales, saberes e intercambios. Di\u00e1logos entre Francia y Am\u00e9rica Latina<\/strong><\/p>\n<p><strong>Juliette Dumont<\/strong> (Centro Franco-Argentino de Estudios Avanzados en Ciencias Sociales)<\/p>\n<p><strong>Viernes 26 de septiembre, 10 a 12hs, Aula del CIFFyH<\/strong><\/p>\n<p>&nbsp;<\/p>\n<p><img fetchpriority=\"high\" decoding=\"async\" class=\"aligncenter wp-image-8666 size-full\" src=\"http:\/\/ffyh.unc.edu.ar\/ciffyh\/wp-content\/uploads\/sites\/10\/2025\/09\/flyer_dumont-1correcto.jpeg\" alt=\"\" width=\"1270\" height=\"1600\" srcset=\"https:\/\/ffyh.unc.edu.ar\/ciffyh\/wp-content\/uploads\/sites\/10\/2025\/09\/flyer_dumont-1correcto.jpeg 1270w, https:\/\/ffyh.unc.edu.ar\/ciffyh\/wp-content\/uploads\/sites\/10\/2025\/09\/flyer_dumont-1correcto-238x300.jpeg 238w, https:\/\/ffyh.unc.edu.ar\/ciffyh\/wp-content\/uploads\/sites\/10\/2025\/09\/flyer_dumont-1correcto-813x1024.jpeg 813w, https:\/\/ffyh.unc.edu.ar\/ciffyh\/wp-content\/uploads\/sites\/10\/2025\/09\/flyer_dumont-1correcto-768x968.jpeg 768w, https:\/\/ffyh.unc.edu.ar\/ciffyh\/wp-content\/uploads\/sites\/10\/2025\/09\/flyer_dumont-1correcto-1219x1536.jpeg 1219w\" sizes=\"(max-width: 1270px) 100vw, 1270px\" \/><\/p>\n<p><img decoding=\"async\" class=\"aligncenter wp-image-8668 size-full\" src=\"http:\/\/ffyh.unc.edu.ar\/ciffyh\/wp-content\/uploads\/sites\/10\/2025\/09\/flyer_dumont-2-correcto.jpeg\" alt=\"\" width=\"1270\" height=\"1600\" srcset=\"https:\/\/ffyh.unc.edu.ar\/ciffyh\/wp-content\/uploads\/sites\/10\/2025\/09\/flyer_dumont-2-correcto.jpeg 1270w, https:\/\/ffyh.unc.edu.ar\/ciffyh\/wp-content\/uploads\/sites\/10\/2025\/09\/flyer_dumont-2-correcto-238x300.jpeg 238w, https:\/\/ffyh.unc.edu.ar\/ciffyh\/wp-content\/uploads\/sites\/10\/2025\/09\/flyer_dumont-2-correcto-813x1024.jpeg 813w, https:\/\/ffyh.unc.edu.ar\/ciffyh\/wp-content\/uploads\/sites\/10\/2025\/09\/flyer_dumont-2-correcto-768x968.jpeg 768w, https:\/\/ffyh.unc.edu.ar\/ciffyh\/wp-content\/uploads\/sites\/10\/2025\/09\/flyer_dumont-2-correcto-1219x1536.jpeg 1219w\" sizes=\"(max-width: 1270px) 100vw, 1270px\" \/><\/p>\n","protected":false},"excerpt":{"rendered":"<p>La investigadora francesa, Juliette Dumont, visitar\u00e1 nuestra Facultad y participar\u00e1 de una Charla-debate y un Workshop, los d\u00edas 25 y<\/p>\n","protected":false},"author":39,"featured_media":8741,"comment_status":"closed","ping_status":"closed","sticky":false,"template":"","format":"standard","meta":{"_acf_changed":false,"colormag_page_container_layout":"default_layout","colormag_page_sidebar_layout":"default_layout","footnotes":""},"categories":[52,42],"tags":[],"class_list":["post-8656","post","type-post","status-publish","format-standard","has-post-thumbnail","hentry","category-historia","category-workshop"],"acf":[],"yoast_head":"<!-- This site is optimized with the Yoast SEO plugin v27.1.1 - https:\/\/yoast.com\/product\/yoast-seo-wordpress\/ -->\n<title>25 y 26 de septiembre | El CIFFyH recibe a Juliette Dumont, directora del Centro Franco-Argentino de Estudios Avanzados en Ciencias Sociales - Centro de Investigaciones &quot;Maria Saleme de Burnichon&quot;<\/title>\n<meta name=\"robots\" content=\"index, follow, max-snippet:-1, max-image-preview:large, max-video-preview:-1\" \/>\n<link rel=\"canonical\" href=\"https:\/\/ffyh.unc.edu.ar\/ciffyh\/25-y-26-de-septiembre-la-ffyh-recibe-a-juliette-dumont-directora-del-centro-franco-argentino-de-estudios-avanzados-en-ciencias-sociales\/\" \/>\n<meta property=\"og:locale\" content=\"es_ES\" \/>\n<meta property=\"og:type\" content=\"article\" \/>\n<meta property=\"og:title\" content=\"25 y 26 de septiembre | El CIFFyH recibe a Juliette Dumont, directora del Centro Franco-Argentino de Estudios Avanzados en Ciencias Sociales - Centro de Investigaciones &quot;Maria Saleme de Burnichon&quot;\" \/>\n<meta property=\"og:description\" content=\"La investigadora francesa, Juliette Dumont, visitar\u00e1 nuestra Facultad y participar\u00e1 de una Charla-debate y un Workshop, los d\u00edas 25 y\" \/>\n<meta property=\"og:url\" content=\"https:\/\/ffyh.unc.edu.ar\/ciffyh\/25-y-26-de-septiembre-la-ffyh-recibe-a-juliette-dumont-directora-del-centro-franco-argentino-de-estudios-avanzados-en-ciencias-sociales\/\" \/>\n<meta property=\"og:site_name\" content=\"Centro de Investigaciones &quot;Maria Saleme de Burnichon&quot;\" \/>\n<meta property=\"article:published_time\" content=\"2025-09-17T13:51:21+00:00\" \/>\n<meta property=\"article:modified_time\" content=\"2025-10-06T16:10:29+00:00\" \/>\n<meta property=\"og:image\" content=\"http:\/\/ffyh.unc.edu.ar\/ciffyh\/wp-content\/uploads\/sites\/10\/2025\/09\/flyer_dumont-1correctobanner.jpg\" \/>\n\t<meta property=\"og:image:width\" content=\"709\" \/>\n\t<meta property=\"og:image:height\" content=\"425\" \/>\n\t<meta property=\"og:image:type\" content=\"image\/jpeg\" \/>\n<meta name=\"author\" content=\"tecnicaciffyh\" \/>\n<meta name=\"twitter:card\" content=\"summary_large_image\" \/>\n<meta name=\"twitter:label1\" content=\"Escrito por\" \/>\n\t<meta name=\"twitter:data1\" content=\"\" \/>\n\t<meta name=\"twitter:label2\" content=\"Tiempo de lectura\" \/>\n\t<meta name=\"twitter:data2\" content=\"1 minuto\" \/>\n<script type=\"application\/ld+json\" class=\"yoast-schema-graph\">{\"@context\":\"https:\/\/schema.org\",\"@graph\":[{\"@type\":\"Article\",\"@id\":\"https:\/\/ffyh.unc.edu.ar\/ciffyh\/25-y-26-de-septiembre-la-ffyh-recibe-a-juliette-dumont-directora-del-centro-franco-argentino-de-estudios-avanzados-en-ciencias-sociales\/#article\",\"isPartOf\":{\"@id\":\"https:\/\/ffyh.unc.edu.ar\/ciffyh\/25-y-26-de-septiembre-la-ffyh-recibe-a-juliette-dumont-directora-del-centro-franco-argentino-de-estudios-avanzados-en-ciencias-sociales\/\"},\"author\":{\"name\":\"tecnicaciffyh\",\"@id\":\"https:\/\/ffyh.unc.edu.ar\/ciffyh\/#\/schema\/person\/136b8e7d00e5053aff43b3dc53e99bc0\"},\"headline\":\"25 y 26 de septiembre | El CIFFyH recibe a Juliette Dumont, directora del Centro Franco-Argentino de Estudios Avanzados en Ciencias Sociales\",\"datePublished\":\"2025-09-17T13:51:21+00:00\",\"dateModified\":\"2025-10-06T16:10:29+00:00\",\"mainEntityOfPage\":{\"@id\":\"https:\/\/ffyh.unc.edu.ar\/ciffyh\/25-y-26-de-septiembre-la-ffyh-recibe-a-juliette-dumont-directora-del-centro-franco-argentino-de-estudios-avanzados-en-ciencias-sociales\/\"},\"wordCount\":106,\"publisher\":{\"@id\":\"https:\/\/ffyh.unc.edu.ar\/ciffyh\/#organization\"},\"image\":{\"@id\":\"https:\/\/ffyh.unc.edu.ar\/ciffyh\/25-y-26-de-septiembre-la-ffyh-recibe-a-juliette-dumont-directora-del-centro-franco-argentino-de-estudios-avanzados-en-ciencias-sociales\/#primaryimage\"},\"thumbnailUrl\":\"https:\/\/ffyh.unc.edu.ar\/ciffyh\/wp-content\/uploads\/sites\/10\/2025\/09\/flyer_dumont-1correctobanner.jpg\",\"articleSection\":[\"\u00c1rea Historia\",\"Workshop\"],\"inLanguage\":\"es\"},{\"@type\":\"WebPage\",\"@id\":\"https:\/\/ffyh.unc.edu.ar\/ciffyh\/25-y-26-de-septiembre-la-ffyh-recibe-a-juliette-dumont-directora-del-centro-franco-argentino-de-estudios-avanzados-en-ciencias-sociales\/\",\"url\":\"https:\/\/ffyh.unc.edu.ar\/ciffyh\/25-y-26-de-septiembre-la-ffyh-recibe-a-juliette-dumont-directora-del-centro-franco-argentino-de-estudios-avanzados-en-ciencias-sociales\/\",\"name\":\"25 y 26 de septiembre | El CIFFyH recibe a Juliette Dumont, directora del Centro Franco-Argentino de Estudios Avanzados en Ciencias Sociales - Centro de Investigaciones &quot;Maria Saleme de Burnichon&quot;\",\"isPartOf\":{\"@id\":\"https:\/\/ffyh.unc.edu.ar\/ciffyh\/#website\"},\"primaryImageOfPage\":{\"@id\":\"https:\/\/ffyh.unc.edu.ar\/ciffyh\/25-y-26-de-septiembre-la-ffyh-recibe-a-juliette-dumont-directora-del-centro-franco-argentino-de-estudios-avanzados-en-ciencias-sociales\/#primaryimage\"},\"image\":{\"@id\":\"https:\/\/ffyh.unc.edu.ar\/ciffyh\/25-y-26-de-septiembre-la-ffyh-recibe-a-juliette-dumont-directora-del-centro-franco-argentino-de-estudios-avanzados-en-ciencias-sociales\/#primaryimage\"},\"thumbnailUrl\":\"https:\/\/ffyh.unc.edu.ar\/ciffyh\/wp-content\/uploads\/sites\/10\/2025\/09\/flyer_dumont-1correctobanner.jpg\",\"datePublished\":\"2025-09-17T13:51:21+00:00\",\"dateModified\":\"2025-10-06T16:10:29+00:00\",\"breadcrumb\":{\"@id\":\"https:\/\/ffyh.unc.edu.ar\/ciffyh\/25-y-26-de-septiembre-la-ffyh-recibe-a-juliette-dumont-directora-del-centro-franco-argentino-de-estudios-avanzados-en-ciencias-sociales\/#breadcrumb\"},\"inLanguage\":\"es\",\"potentialAction\":[{\"@type\":\"ReadAction\",\"target\":[\"https:\/\/ffyh.unc.edu.ar\/ciffyh\/25-y-26-de-septiembre-la-ffyh-recibe-a-juliette-dumont-directora-del-centro-franco-argentino-de-estudios-avanzados-en-ciencias-sociales\/\"]}]},{\"@type\":\"ImageObject\",\"inLanguage\":\"es\",\"@id\":\"https:\/\/ffyh.unc.edu.ar\/ciffyh\/25-y-26-de-septiembre-la-ffyh-recibe-a-juliette-dumont-directora-del-centro-franco-argentino-de-estudios-avanzados-en-ciencias-sociales\/#primaryimage\",\"url\":\"https:\/\/ffyh.unc.edu.ar\/ciffyh\/wp-content\/uploads\/sites\/10\/2025\/09\/flyer_dumont-1correctobanner.jpg\",\"contentUrl\":\"https:\/\/ffyh.unc.edu.ar\/ciffyh\/wp-content\/uploads\/sites\/10\/2025\/09\/flyer_dumont-1correctobanner.jpg\",\"width\":709,\"height\":425},{\"@type\":\"BreadcrumbList\",\"@id\":\"https:\/\/ffyh.unc.edu.ar\/ciffyh\/25-y-26-de-septiembre-la-ffyh-recibe-a-juliette-dumont-directora-del-centro-franco-argentino-de-estudios-avanzados-en-ciencias-sociales\/#breadcrumb\",\"itemListElement\":[{\"@type\":\"ListItem\",\"position\":1,\"name\":\"Portada\",\"item\":\"https:\/\/ffyh.unc.edu.ar\/ciffyh\/\"},{\"@type\":\"ListItem\",\"position\":2,\"name\":\"25 y 26 de septiembre | El CIFFyH recibe a Juliette Dumont, directora del Centro Franco-Argentino de Estudios Avanzados en Ciencias Sociales\"}]},{\"@type\":\"WebSite\",\"@id\":\"https:\/\/ffyh.unc.edu.ar\/ciffyh\/#website\",\"url\":\"https:\/\/ffyh.unc.edu.ar\/ciffyh\/\",\"name\":\"Centro de Investigaciones \\\"Maria Saleme de Burnichon\\\"\",\"description\":\"Facultad de Filosof\u00eda y Humanidades | UNC\",\"publisher\":{\"@id\":\"https:\/\/ffyh.unc.edu.ar\/ciffyh\/#organization\"},\"potentialAction\":[{\"@type\":\"SearchAction\",\"target\":{\"@type\":\"EntryPoint\",\"urlTemplate\":\"https:\/\/ffyh.unc.edu.ar\/ciffyh\/?s={search_term_string}\"},\"query-input\":{\"@type\":\"PropertyValueSpecification\",\"valueRequired\":true,\"valueName\":\"search_term_string\"}}],\"inLanguage\":\"es\"},{\"@type\":\"Organization\",\"@id\":\"https:\/\/ffyh.unc.edu.ar\/ciffyh\/#organization\",\"name\":\"Centro de Investigaciones \\\"Maria Saleme de Burnichon\\\"\",\"url\":\"https:\/\/ffyh.unc.edu.ar\/ciffyh\/\",\"logo\":{\"@type\":\"ImageObject\",\"inLanguage\":\"es\",\"@id\":\"https:\/\/ffyh.unc.edu.ar\/ciffyh\/#\/schema\/logo\/image\/\",\"url\":\"https:\/\/ffyh.unc.edu.ar\/ciffyh\/wp-content\/uploads\/sites\/10\/2018\/02\/cropped-logo-ciffyh-ico.png\",\"contentUrl\":\"https:\/\/ffyh.unc.edu.ar\/ciffyh\/wp-content\/uploads\/sites\/10\/2018\/02\/cropped-logo-ciffyh-ico.png\",\"width\":512,\"height\":512,\"caption\":\"Centro de Investigaciones \\\"Maria Saleme de Burnichon\\\"\"},\"image\":{\"@id\":\"https:\/\/ffyh.unc.edu.ar\/ciffyh\/#\/schema\/logo\/image\/\"},\"sameAs\":[\"https:\/\/www.instagram.com\/ciffyh\/\"]},{\"@type\":\"Person\",\"@id\":\"https:\/\/ffyh.unc.edu.ar\/ciffyh\/#\/schema\/person\/136b8e7d00e5053aff43b3dc53e99bc0\",\"name\":\"tecnicaciffyh\",\"image\":{\"@type\":\"ImageObject\",\"inLanguage\":\"es\",\"@id\":\"https:\/\/ffyh.unc.edu.ar\/ciffyh\/#\/schema\/person\/image\/\",\"url\":\"https:\/\/secure.gravatar.com\/avatar\/dce86f5e9bf49e3aa9e05e7ed5904a9112e25483e3c8f175eb93b2f53a67c2e4?s=96&d=mm&r=g\",\"contentUrl\":\"https:\/\/secure.gravatar.com\/avatar\/dce86f5e9bf49e3aa9e05e7ed5904a9112e25483e3c8f175eb93b2f53a67c2e4?s=96&d=mm&r=g\",\"caption\":\"tecnicaciffyh\"},\"url\":\"https:\/\/ffyh.unc.edu.ar\/ciffyh\/author\/tecnicaciffyh\/\"}]}<\/script>\n<!-- \/ Yoast SEO plugin. -->","yoast_head_json":{"title":"25 y 26 de septiembre | El CIFFyH recibe a Juliette Dumont, directora del Centro Franco-Argentino de Estudios Avanzados en Ciencias Sociales - Centro de Investigaciones &quot;Maria Saleme de Burnichon&quot;","robots":{"index":"index","follow":"follow","max-snippet":"max-snippet:-1","max-image-preview":"max-image-preview:large","max-video-preview":"max-video-preview:-1"},"canonical":"https:\/\/ffyh.unc.edu.ar\/ciffyh\/25-y-26-de-septiembre-la-ffyh-recibe-a-juliette-dumont-directora-del-centro-franco-argentino-de-estudios-avanzados-en-ciencias-sociales\/","og_locale":"es_ES","og_type":"article","og_title":"25 y 26 de septiembre | El CIFFyH recibe a Juliette Dumont, directora del Centro Franco-Argentino de Estudios Avanzados en Ciencias Sociales - Centro de Investigaciones &quot;Maria Saleme de Burnichon&quot;","og_description":"La investigadora francesa, Juliette Dumont, visitar\u00e1 nuestra Facultad y participar\u00e1 de una Charla-debate y un Workshop, los d\u00edas 25 y","og_url":"https:\/\/ffyh.unc.edu.ar\/ciffyh\/25-y-26-de-septiembre-la-ffyh-recibe-a-juliette-dumont-directora-del-centro-franco-argentino-de-estudios-avanzados-en-ciencias-sociales\/","og_site_name":"Centro de Investigaciones &quot;Maria Saleme de Burnichon&quot;","article_published_time":"2025-09-17T13:51:21+00:00","article_modified_time":"2025-10-06T16:10:29+00:00","og_image":[{"width":709,"height":425,"url":"http:\/\/ffyh.unc.edu.ar\/ciffyh\/wp-content\/uploads\/sites\/10\/2025\/09\/flyer_dumont-1correctobanner.jpg","type":"image\/jpeg"}],"author":"tecnicaciffyh","twitter_card":"summary_large_image","twitter_misc":{"Escrito por":false,"Tiempo de lectura":"1 minuto"},"schema":{"@context":"https:\/\/schema.org","@graph":[{"@type":"Article","@id":"https:\/\/ffyh.unc.edu.ar\/ciffyh\/25-y-26-de-septiembre-la-ffyh-recibe-a-juliette-dumont-directora-del-centro-franco-argentino-de-estudios-avanzados-en-ciencias-sociales\/#article","isPartOf":{"@id":"https:\/\/ffyh.unc.edu.ar\/ciffyh\/25-y-26-de-septiembre-la-ffyh-recibe-a-juliette-dumont-directora-del-centro-franco-argentino-de-estudios-avanzados-en-ciencias-sociales\/"},"author":{"name":"tecnicaciffyh","@id":"https:\/\/ffyh.unc.edu.ar\/ciffyh\/#\/schema\/person\/136b8e7d00e5053aff43b3dc53e99bc0"},"headline":"25 y 26 de septiembre | El CIFFyH recibe a Juliette Dumont, directora del Centro Franco-Argentino de Estudios Avanzados en Ciencias Sociales","datePublished":"2025-09-17T13:51:21+00:00","dateModified":"2025-10-06T16:10:29+00:00","mainEntityOfPage":{"@id":"https:\/\/ffyh.unc.edu.ar\/ciffyh\/25-y-26-de-septiembre-la-ffyh-recibe-a-juliette-dumont-directora-del-centro-franco-argentino-de-estudios-avanzados-en-ciencias-sociales\/"},"wordCount":106,"publisher":{"@id":"https:\/\/ffyh.unc.edu.ar\/ciffyh\/#organization"},"image":{"@id":"https:\/\/ffyh.unc.edu.ar\/ciffyh\/25-y-26-de-septiembre-la-ffyh-recibe-a-juliette-dumont-directora-del-centro-franco-argentino-de-estudios-avanzados-en-ciencias-sociales\/#primaryimage"},"thumbnailUrl":"https:\/\/ffyh.unc.edu.ar\/ciffyh\/wp-content\/uploads\/sites\/10\/2025\/09\/flyer_dumont-1correctobanner.jpg","articleSection":["\u00c1rea Historia","Workshop"],"inLanguage":"es"},{"@type":"WebPage","@id":"https:\/\/ffyh.unc.edu.ar\/ciffyh\/25-y-26-de-septiembre-la-ffyh-recibe-a-juliette-dumont-directora-del-centro-franco-argentino-de-estudios-avanzados-en-ciencias-sociales\/","url":"https:\/\/ffyh.unc.edu.ar\/ciffyh\/25-y-26-de-septiembre-la-ffyh-recibe-a-juliette-dumont-directora-del-centro-franco-argentino-de-estudios-avanzados-en-ciencias-sociales\/","name":"25 y 26 de septiembre | El CIFFyH recibe a Juliette Dumont, directora del Centro Franco-Argentino de Estudios Avanzados en Ciencias Sociales - Centro de Investigaciones &quot;Maria Saleme de Burnichon&quot;","isPartOf":{"@id":"https:\/\/ffyh.unc.edu.ar\/ciffyh\/#website"},"primaryImageOfPage":{"@id":"https:\/\/ffyh.unc.edu.ar\/ciffyh\/25-y-26-de-septiembre-la-ffyh-recibe-a-juliette-dumont-directora-del-centro-franco-argentino-de-estudios-avanzados-en-ciencias-sociales\/#primaryimage"},"image":{"@id":"https:\/\/ffyh.unc.edu.ar\/ciffyh\/25-y-26-de-septiembre-la-ffyh-recibe-a-juliette-dumont-directora-del-centro-franco-argentino-de-estudios-avanzados-en-ciencias-sociales\/#primaryimage"},"thumbnailUrl":"https:\/\/ffyh.unc.edu.ar\/ciffyh\/wp-content\/uploads\/sites\/10\/2025\/09\/flyer_dumont-1correctobanner.jpg","datePublished":"2025-09-17T13:51:21+00:00","dateModified":"2025-10-06T16:10:29+00:00","breadcrumb":{"@id":"https:\/\/ffyh.unc.edu.ar\/ciffyh\/25-y-26-de-septiembre-la-ffyh-recibe-a-juliette-dumont-directora-del-centro-franco-argentino-de-estudios-avanzados-en-ciencias-sociales\/#breadcrumb"},"inLanguage":"es","potentialAction":[{"@type":"ReadAction","target":["https:\/\/ffyh.unc.edu.ar\/ciffyh\/25-y-26-de-septiembre-la-ffyh-recibe-a-juliette-dumont-directora-del-centro-franco-argentino-de-estudios-avanzados-en-ciencias-sociales\/"]}]},{"@type":"ImageObject","inLanguage":"es","@id":"https:\/\/ffyh.unc.edu.ar\/ciffyh\/25-y-26-de-septiembre-la-ffyh-recibe-a-juliette-dumont-directora-del-centro-franco-argentino-de-estudios-avanzados-en-ciencias-sociales\/#primaryimage","url":"https:\/\/ffyh.unc.edu.ar\/ciffyh\/wp-content\/uploads\/sites\/10\/2025\/09\/flyer_dumont-1correctobanner.jpg","contentUrl":"https:\/\/ffyh.unc.edu.ar\/ciffyh\/wp-content\/uploads\/sites\/10\/2025\/09\/flyer_dumont-1correctobanner.jpg","width":709,"height":425},{"@type":"BreadcrumbList","@id":"https:\/\/ffyh.unc.edu.ar\/ciffyh\/25-y-26-de-septiembre-la-ffyh-recibe-a-juliette-dumont-directora-del-centro-franco-argentino-de-estudios-avanzados-en-ciencias-sociales\/#breadcrumb","itemListElement":[{"@type":"ListItem","position":1,"name":"Portada","item":"https:\/\/ffyh.unc.edu.ar\/ciffyh\/"},{"@type":"ListItem","position":2,"name":"25 y 26 de septiembre | El CIFFyH recibe a Juliette Dumont, directora del Centro Franco-Argentino de Estudios Avanzados en Ciencias Sociales"}]},{"@type":"WebSite","@id":"https:\/\/ffyh.unc.edu.ar\/ciffyh\/#website","url":"https:\/\/ffyh.unc.edu.ar\/ciffyh\/","name":"Centro de Investigaciones \"Maria Saleme de Burnichon\"","description":"Facultad de Filosof\u00eda y Humanidades | UNC","publisher":{"@id":"https:\/\/ffyh.unc.edu.ar\/ciffyh\/#organization"},"potentialAction":[{"@type":"SearchAction","target":{"@type":"EntryPoint","urlTemplate":"https:\/\/ffyh.unc.edu.ar\/ciffyh\/?s={search_term_string}"},"query-input":{"@type":"PropertyValueSpecification","valueRequired":true,"valueName":"search_term_string"}}],"inLanguage":"es"},{"@type":"Organization","@id":"https:\/\/ffyh.unc.edu.ar\/ciffyh\/#organization","name":"Centro de Investigaciones \"Maria Saleme de Burnichon\"","url":"https:\/\/ffyh.unc.edu.ar\/ciffyh\/","logo":{"@type":"ImageObject","inLanguage":"es","@id":"https:\/\/ffyh.unc.edu.ar\/ciffyh\/#\/schema\/logo\/image\/","url":"https:\/\/ffyh.unc.edu.ar\/ciffyh\/wp-content\/uploads\/sites\/10\/2018\/02\/cropped-logo-ciffyh-ico.png","contentUrl":"https:\/\/ffyh.unc.edu.ar\/ciffyh\/wp-content\/uploads\/sites\/10\/2018\/02\/cropped-logo-ciffyh-ico.png","width":512,"height":512,"caption":"Centro de Investigaciones \"Maria Saleme de Burnichon\""},"image":{"@id":"https:\/\/ffyh.unc.edu.ar\/ciffyh\/#\/schema\/logo\/image\/"},"sameAs":["https:\/\/www.instagram.com\/ciffyh\/"]},{"@type":"Person","@id":"https:\/\/ffyh.unc.edu.ar\/ciffyh\/#\/schema\/person\/136b8e7d00e5053aff43b3dc53e99bc0","name":"tecnicaciffyh","image":{"@type":"ImageObject","inLanguage":"es","@id":"https:\/\/ffyh.unc.edu.ar\/ciffyh\/#\/schema\/person\/image\/","url":"https:\/\/secure.gravatar.com\/avatar\/dce86f5e9bf49e3aa9e05e7ed5904a9112e25483e3c8f175eb93b2f53a67c2e4?s=96&d=mm&r=g","contentUrl":"https:\/\/secure.gravatar.com\/avatar\/dce86f5e9bf49e3aa9e05e7ed5904a9112e25483e3c8f175eb93b2f53a67c2e4?s=96&d=mm&r=g","caption":"tecnicaciffyh"},"url":"https:\/\/ffyh.unc.edu.ar\/ciffyh\/author\/tecnicaciffyh\/"}]}},"jetpack_featured_media_url":"https:\/\/ffyh.unc.edu.ar\/ciffyh\/wp-content\/uploads\/sites\/10\/2025\/09\/flyer_dumont-1correctobanner.jpg","_links":{"self":[{"href":"https:\/\/ffyh.unc.edu.ar\/ciffyh\/wp-json\/wp\/v2\/posts\/8656","targetHints":{"allow":["GET"]}}],"collection":[{"href":"https:\/\/ffyh.unc.edu.ar\/ciffyh\/wp-json\/wp\/v2\/posts"}],"about":[{"href":"https:\/\/ffyh.unc.edu.ar\/ciffyh\/wp-json\/wp\/v2\/types\/post"}],"author":[{"embeddable":true,"href":"https:\/\/ffyh.unc.edu.ar\/ciffyh\/wp-json\/wp\/v2\/users\/39"}],"replies":[{"embeddable":true,"href":"https:\/\/ffyh.unc.edu.ar\/ciffyh\/wp-json\/wp\/v2\/comments?post=8656"}],"version-history":[{"count":5,"href":"https:\/\/ffyh.unc.edu.ar\/ciffyh\/wp-json\/wp\/v2\/posts\/8656\/revisions"}],"predecessor-version":[{"id":8667,"href":"https:\/\/ffyh.unc.edu.ar\/ciffyh\/wp-json\/wp\/v2\/posts\/8656\/revisions\/8667"}],"wp:featuredmedia":[{"embeddable":true,"href":"https:\/\/ffyh.unc.edu.ar\/ciffyh\/wp-json\/wp\/v2\/media\/8741"}],"wp:attachment":[{"href":"https:\/\/ffyh.unc.edu.ar\/ciffyh\/wp-json\/wp\/v2\/media?parent=8656"}],"wp:term":[{"taxonomy":"category","embeddable":true,"href":"https:\/\/ffyh.unc.edu.ar\/ciffyh\/wp-json\/wp\/v2\/categories?post=8656"},{"taxonomy":"post_tag","embeddable":true,"href":"https:\/\/ffyh.unc.edu.ar\/ciffyh\/wp-json\/wp\/v2\/tags?post=8656"}],"curies":[{"name":"wp","href":"https:\/\/api.w.org\/{rel}","templated":true}]}}