{"id":8837,"date":"2025-11-07T13:55:40","date_gmt":"2025-11-07T13:55:40","guid":{"rendered":"https:\/\/ffyh.unc.edu.ar\/ciffyh\/?p=8837"},"modified":"2025-11-12T13:43:54","modified_gmt":"2025-11-12T13:43:54","slug":"se-realizara-la-segunda-sesion-del-ciclo-de-clasicos-del-pensamiento-latinoamericano-lecturas-y-nuevas-aproximaciones","status":"publish","type":"post","link":"https:\/\/ffyh.unc.edu.ar\/ciffyh\/se-realizara-la-segunda-sesion-del-ciclo-de-clasicos-del-pensamiento-latinoamericano-lecturas-y-nuevas-aproximaciones\/","title":{"rendered":"Se realizar\u00e1 la segunda sesi\u00f3n del Ciclo de cl\u00e1sicos del pensamiento latinoamericano: lecturas y nuevas aproximaciones"},"content":{"rendered":"<div class=\"\" data-block=\"true\" data-editor=\"30aha\" data-offset-key=\"bf86v-0-0\">\n<p class=\"_1mf _1mj\" data-offset-key=\"bf86v-0-0\"><span data-offset-key=\"bf86v-0-0\">El \u00c1rea de Filosof\u00eda del CIFFyH invita a estudiantes, docentes, investigadorxs y p\u00fablico interesado a participar del\u00a0<strong>Ciclo de cl\u00e1sicos del pensamiento latinoamericano: lecturas y nuevas aproximaciones<\/strong>.<\/span><\/p>\n<\/div>\n<p class=\"_1mf _1mj\" data-offset-key=\"5e6nr-0-0\"><span data-offset-key=\"5e6nr-0-0\">\u00a0<\/span>Segunda sesi\u00f3n<\/p>\n<div class=\"\" data-block=\"true\" data-editor=\"30aha\" data-offset-key=\"eb81i-0-0\">\n<div data-offset-key=\"eb81i-0-0\">\n<p class=\"_1mf _1mj\" data-offset-key=\"eb81i-0-0\"><strong>Juan Bautista Alberdi: polit\u00f3logo tocquevilliano e ide\u00f3logo de la libertad contra el\u00a0Estado omnipotente<\/strong><\/p>\n<p class=\"_1mf _1mj\" data-offset-key=\"6lksd-0-0\">A cargo de <strong>Gabriela Rodr\u00edguez<\/strong><\/p>\n<p class=\"_1mf _1mj\" data-offset-key=\"hjfr-0-0\"><span data-offset-key=\"3oprp-0-0\">La actividad se realizar\u00e1 el jueves <strong>13 de noviembre, <\/strong>a las\u00a0<\/span><strong>17 horas, <\/strong>en la <strong>Biblioteca C\u00f3rdoba<\/strong>, 27 de abril 375.<\/p>\n<p class=\"_1mf _1mj\" data-offset-key=\"a0ukn-0-0\"><strong>Para participar de este encuentro se recomienda la lectura de los textos incluidos en este enlace: <\/strong><a href=\"https:\/\/drive.google.com\/drive\/folders\/1kZTqtjKJ_gl8UUrDRhbbiR8zJl_zrHJ_\" target=\"_blank\" rel=\"noopener\">https:\/\/drive.google.com\/drive\/folders\/1kZTqtjKJ_gl8UUrDRhbbiR8zJl_zrHJ_<\/a><\/p>\n<p class=\"_1mf _1mj\" data-offset-key=\"78rkp-0-0\"><strong>Consultas:<\/strong>\u00a0<a href=\"mailto:carla.galfione@unc.edu.ar\" target=\"_blank\" rel=\"noopener\">carla.galfione@unc.edu.ar<\/a><\/p>\n<p class=\"_1mf _1mj\" data-offset-key=\"2pqt2-0-0\"><span data-offset-key=\"2pqt2-0-0\">\u00a0<\/span><strong>Organiza:<\/strong> Equipo \u201cDiscurso filos\u00f3fico y pol\u00edtico en la Argentina del siglo XX. Herramientas para su abordaje: conceptos, lenguajes, saberes\u201d.<\/p>\n<div class=\"\" data-block=\"true\" data-editor=\"30aha\" data-offset-key=\"dvqf1-0-0\">\n<div data-offset-key=\"dvqf1-0-0\"><\/div>\n<\/div>\n<div data-offset-key=\"dvqf1-0-0\"><img fetchpriority=\"high\" decoding=\"async\" class=\"aligncenter wp-image-8847 size-full\" src=\"http:\/\/ffyh.unc.edu.ar\/ciffyh\/wp-content\/uploads\/sites\/10\/2025\/11\/IMG-20251111-WA0017.jpg\" alt=\"\" width=\"1270\" height=\"1600\" srcset=\"https:\/\/ffyh.unc.edu.ar\/ciffyh\/wp-content\/uploads\/sites\/10\/2025\/11\/IMG-20251111-WA0017.jpg 1270w, https:\/\/ffyh.unc.edu.ar\/ciffyh\/wp-content\/uploads\/sites\/10\/2025\/11\/IMG-20251111-WA0017-238x300.jpg 238w, https:\/\/ffyh.unc.edu.ar\/ciffyh\/wp-content\/uploads\/sites\/10\/2025\/11\/IMG-20251111-WA0017-813x1024.jpg 813w, https:\/\/ffyh.unc.edu.ar\/ciffyh\/wp-content\/uploads\/sites\/10\/2025\/11\/IMG-20251111-WA0017-768x968.jpg 768w, https:\/\/ffyh.unc.edu.ar\/ciffyh\/wp-content\/uploads\/sites\/10\/2025\/11\/IMG-20251111-WA0017-1219x1536.jpg 1219w\" sizes=\"(max-width: 1270px) 100vw, 1270px\" \/><\/div>\n<div class=\"\" data-block=\"true\" data-editor=\"30aha\" data-offset-key=\"dvqf1-0-0\">\n<div data-offset-key=\"dvqf1-0-0\"><\/div>\n<\/div>\n<\/div>\n<\/div>\n","protected":false},"excerpt":{"rendered":"<p>El \u00c1rea de Filosof\u00eda del CIFFyH invita a estudiantes, docentes, investigadorxs y p\u00fablico interesado a participar del\u00a0Ciclo de cl\u00e1sicos del<\/p>\n","protected":false},"author":39,"featured_media":8847,"comment_status":"closed","ping_status":"closed","sticky":false,"template":"","format":"standard","meta":{"_acf_changed":false,"colormag_page_container_layout":"default_layout","colormag_page_sidebar_layout":"default_layout","footnotes":""},"categories":[49,63],"tags":[],"class_list":["post-8837","post","type-post","status-publish","format-standard","has-post-thumbnail","hentry","category-filosofia","category-ciclos"],"acf":[],"yoast_head":"<!-- This site is optimized with the Yoast SEO plugin v27.1.1 - https:\/\/yoast.com\/product\/yoast-seo-wordpress\/ -->\n<title>Se realizar\u00e1 la segunda sesi\u00f3n del Ciclo de cl\u00e1sicos del pensamiento latinoamericano: lecturas y nuevas aproximaciones - Centro de Investigaciones &quot;Maria Saleme de Burnichon&quot;<\/title>\n<meta name=\"robots\" content=\"index, follow, max-snippet:-1, max-image-preview:large, max-video-preview:-1\" \/>\n<link rel=\"canonical\" href=\"https:\/\/ffyh.unc.edu.ar\/ciffyh\/se-realizara-la-segunda-sesion-del-ciclo-de-clasicos-del-pensamiento-latinoamericano-lecturas-y-nuevas-aproximaciones\/\" \/>\n<meta property=\"og:locale\" content=\"es_ES\" \/>\n<meta property=\"og:type\" content=\"article\" \/>\n<meta property=\"og:title\" content=\"Se realizar\u00e1 la segunda sesi\u00f3n del Ciclo de cl\u00e1sicos del pensamiento latinoamericano: lecturas y nuevas aproximaciones - Centro de Investigaciones &quot;Maria Saleme de Burnichon&quot;\" \/>\n<meta property=\"og:description\" content=\"El \u00c1rea de Filosof\u00eda del CIFFyH invita a estudiantes, docentes, investigadorxs y p\u00fablico interesado a participar del\u00a0Ciclo de cl\u00e1sicos del\" \/>\n<meta property=\"og:url\" content=\"https:\/\/ffyh.unc.edu.ar\/ciffyh\/se-realizara-la-segunda-sesion-del-ciclo-de-clasicos-del-pensamiento-latinoamericano-lecturas-y-nuevas-aproximaciones\/\" \/>\n<meta property=\"og:site_name\" content=\"Centro de Investigaciones &quot;Maria Saleme de Burnichon&quot;\" \/>\n<meta property=\"article:published_time\" content=\"2025-11-07T13:55:40+00:00\" \/>\n<meta property=\"article:modified_time\" content=\"2025-11-12T13:43:54+00:00\" \/>\n<meta property=\"og:image\" content=\"http:\/\/ffyh.unc.edu.ar\/ciffyh\/wp-content\/uploads\/sites\/10\/2025\/11\/IMG-20251111-WA0017.jpg\" \/>\n\t<meta property=\"og:image:width\" content=\"1270\" \/>\n\t<meta property=\"og:image:height\" content=\"1600\" \/>\n\t<meta property=\"og:image:type\" content=\"image\/jpeg\" \/>\n<meta name=\"author\" content=\"tecnicaciffyh\" \/>\n<meta name=\"twitter:card\" content=\"summary_large_image\" \/>\n<meta name=\"twitter:label1\" content=\"Escrito por\" \/>\n\t<meta name=\"twitter:data1\" content=\"\" \/>\n\t<meta name=\"twitter:label2\" content=\"Tiempo de lectura\" \/>\n\t<meta name=\"twitter:data2\" content=\"1 minuto\" \/>\n<script type=\"application\/ld+json\" class=\"yoast-schema-graph\">{\"@context\":\"https:\/\/schema.org\",\"@graph\":[{\"@type\":\"Article\",\"@id\":\"https:\/\/ffyh.unc.edu.ar\/ciffyh\/se-realizara-la-segunda-sesion-del-ciclo-de-clasicos-del-pensamiento-latinoamericano-lecturas-y-nuevas-aproximaciones\/#article\",\"isPartOf\":{\"@id\":\"https:\/\/ffyh.unc.edu.ar\/ciffyh\/se-realizara-la-segunda-sesion-del-ciclo-de-clasicos-del-pensamiento-latinoamericano-lecturas-y-nuevas-aproximaciones\/\"},\"author\":{\"name\":\"tecnicaciffyh\",\"@id\":\"https:\/\/ffyh.unc.edu.ar\/ciffyh\/#\/schema\/person\/136b8e7d00e5053aff43b3dc53e99bc0\"},\"headline\":\"Se realizar\u00e1 la segunda sesi\u00f3n del Ciclo de cl\u00e1sicos del pensamiento latinoamericano: lecturas y nuevas aproximaciones\",\"datePublished\":\"2025-11-07T13:55:40+00:00\",\"dateModified\":\"2025-11-12T13:43:54+00:00\",\"mainEntityOfPage\":{\"@id\":\"https:\/\/ffyh.unc.edu.ar\/ciffyh\/se-realizara-la-segunda-sesion-del-ciclo-de-clasicos-del-pensamiento-latinoamericano-lecturas-y-nuevas-aproximaciones\/\"},\"wordCount\":145,\"publisher\":{\"@id\":\"https:\/\/ffyh.unc.edu.ar\/ciffyh\/#organization\"},\"image\":{\"@id\":\"https:\/\/ffyh.unc.edu.ar\/ciffyh\/se-realizara-la-segunda-sesion-del-ciclo-de-clasicos-del-pensamiento-latinoamericano-lecturas-y-nuevas-aproximaciones\/#primaryimage\"},\"thumbnailUrl\":\"https:\/\/ffyh.unc.edu.ar\/ciffyh\/wp-content\/uploads\/sites\/10\/2025\/11\/IMG-20251111-WA0017.jpg\",\"articleSection\":[\"\u00c1rea Filosof\u00eda\",\"Ciclos\"],\"inLanguage\":\"es\"},{\"@type\":\"WebPage\",\"@id\":\"https:\/\/ffyh.unc.edu.ar\/ciffyh\/se-realizara-la-segunda-sesion-del-ciclo-de-clasicos-del-pensamiento-latinoamericano-lecturas-y-nuevas-aproximaciones\/\",\"url\":\"https:\/\/ffyh.unc.edu.ar\/ciffyh\/se-realizara-la-segunda-sesion-del-ciclo-de-clasicos-del-pensamiento-latinoamericano-lecturas-y-nuevas-aproximaciones\/\",\"name\":\"Se realizar\u00e1 la segunda sesi\u00f3n del Ciclo de cl\u00e1sicos del pensamiento latinoamericano: lecturas y nuevas aproximaciones - Centro de Investigaciones &quot;Maria Saleme de Burnichon&quot;\",\"isPartOf\":{\"@id\":\"https:\/\/ffyh.unc.edu.ar\/ciffyh\/#website\"},\"primaryImageOfPage\":{\"@id\":\"https:\/\/ffyh.unc.edu.ar\/ciffyh\/se-realizara-la-segunda-sesion-del-ciclo-de-clasicos-del-pensamiento-latinoamericano-lecturas-y-nuevas-aproximaciones\/#primaryimage\"},\"image\":{\"@id\":\"https:\/\/ffyh.unc.edu.ar\/ciffyh\/se-realizara-la-segunda-sesion-del-ciclo-de-clasicos-del-pensamiento-latinoamericano-lecturas-y-nuevas-aproximaciones\/#primaryimage\"},\"thumbnailUrl\":\"https:\/\/ffyh.unc.edu.ar\/ciffyh\/wp-content\/uploads\/sites\/10\/2025\/11\/IMG-20251111-WA0017.jpg\",\"datePublished\":\"2025-11-07T13:55:40+00:00\",\"dateModified\":\"2025-11-12T13:43:54+00:00\",\"breadcrumb\":{\"@id\":\"https:\/\/ffyh.unc.edu.ar\/ciffyh\/se-realizara-la-segunda-sesion-del-ciclo-de-clasicos-del-pensamiento-latinoamericano-lecturas-y-nuevas-aproximaciones\/#breadcrumb\"},\"inLanguage\":\"es\",\"potentialAction\":[{\"@type\":\"ReadAction\",\"target\":[\"https:\/\/ffyh.unc.edu.ar\/ciffyh\/se-realizara-la-segunda-sesion-del-ciclo-de-clasicos-del-pensamiento-latinoamericano-lecturas-y-nuevas-aproximaciones\/\"]}]},{\"@type\":\"ImageObject\",\"inLanguage\":\"es\",\"@id\":\"https:\/\/ffyh.unc.edu.ar\/ciffyh\/se-realizara-la-segunda-sesion-del-ciclo-de-clasicos-del-pensamiento-latinoamericano-lecturas-y-nuevas-aproximaciones\/#primaryimage\",\"url\":\"https:\/\/ffyh.unc.edu.ar\/ciffyh\/wp-content\/uploads\/sites\/10\/2025\/11\/IMG-20251111-WA0017.jpg\",\"contentUrl\":\"https:\/\/ffyh.unc.edu.ar\/ciffyh\/wp-content\/uploads\/sites\/10\/2025\/11\/IMG-20251111-WA0017.jpg\",\"width\":1270,\"height\":1600},{\"@type\":\"BreadcrumbList\",\"@id\":\"https:\/\/ffyh.unc.edu.ar\/ciffyh\/se-realizara-la-segunda-sesion-del-ciclo-de-clasicos-del-pensamiento-latinoamericano-lecturas-y-nuevas-aproximaciones\/#breadcrumb\",\"itemListElement\":[{\"@type\":\"ListItem\",\"position\":1,\"name\":\"Portada\",\"item\":\"https:\/\/ffyh.unc.edu.ar\/ciffyh\/\"},{\"@type\":\"ListItem\",\"position\":2,\"name\":\"Se realizar\u00e1 la segunda sesi\u00f3n del Ciclo de cl\u00e1sicos del pensamiento latinoamericano: lecturas y nuevas aproximaciones\"}]},{\"@type\":\"WebSite\",\"@id\":\"https:\/\/ffyh.unc.edu.ar\/ciffyh\/#website\",\"url\":\"https:\/\/ffyh.unc.edu.ar\/ciffyh\/\",\"name\":\"Centro de Investigaciones \\\"Maria Saleme de Burnichon\\\"\",\"description\":\"Facultad de Filosof\u00eda y Humanidades | UNC\",\"publisher\":{\"@id\":\"https:\/\/ffyh.unc.edu.ar\/ciffyh\/#organization\"},\"potentialAction\":[{\"@type\":\"SearchAction\",\"target\":{\"@type\":\"EntryPoint\",\"urlTemplate\":\"https:\/\/ffyh.unc.edu.ar\/ciffyh\/?s={search_term_string}\"},\"query-input\":{\"@type\":\"PropertyValueSpecification\",\"valueRequired\":true,\"valueName\":\"search_term_string\"}}],\"inLanguage\":\"es\"},{\"@type\":\"Organization\",\"@id\":\"https:\/\/ffyh.unc.edu.ar\/ciffyh\/#organization\",\"name\":\"Centro de Investigaciones \\\"Maria Saleme de Burnichon\\\"\",\"url\":\"https:\/\/ffyh.unc.edu.ar\/ciffyh\/\",\"logo\":{\"@type\":\"ImageObject\",\"inLanguage\":\"es\",\"@id\":\"https:\/\/ffyh.unc.edu.ar\/ciffyh\/#\/schema\/logo\/image\/\",\"url\":\"https:\/\/ffyh.unc.edu.ar\/ciffyh\/wp-content\/uploads\/sites\/10\/2018\/02\/cropped-logo-ciffyh-ico.png\",\"contentUrl\":\"https:\/\/ffyh.unc.edu.ar\/ciffyh\/wp-content\/uploads\/sites\/10\/2018\/02\/cropped-logo-ciffyh-ico.png\",\"width\":512,\"height\":512,\"caption\":\"Centro de Investigaciones \\\"Maria Saleme de Burnichon\\\"\"},\"image\":{\"@id\":\"https:\/\/ffyh.unc.edu.ar\/ciffyh\/#\/schema\/logo\/image\/\"},\"sameAs\":[\"https:\/\/www.instagram.com\/ciffyh\/\"]},{\"@type\":\"Person\",\"@id\":\"https:\/\/ffyh.unc.edu.ar\/ciffyh\/#\/schema\/person\/136b8e7d00e5053aff43b3dc53e99bc0\",\"name\":\"tecnicaciffyh\",\"image\":{\"@type\":\"ImageObject\",\"inLanguage\":\"es\",\"@id\":\"https:\/\/ffyh.unc.edu.ar\/ciffyh\/#\/schema\/person\/image\/\",\"url\":\"https:\/\/secure.gravatar.com\/avatar\/dce86f5e9bf49e3aa9e05e7ed5904a9112e25483e3c8f175eb93b2f53a67c2e4?s=96&d=mm&r=g\",\"contentUrl\":\"https:\/\/secure.gravatar.com\/avatar\/dce86f5e9bf49e3aa9e05e7ed5904a9112e25483e3c8f175eb93b2f53a67c2e4?s=96&d=mm&r=g\",\"caption\":\"tecnicaciffyh\"},\"url\":\"https:\/\/ffyh.unc.edu.ar\/ciffyh\/author\/tecnicaciffyh\/\"}]}<\/script>\n<!-- \/ Yoast SEO plugin. -->","yoast_head_json":{"title":"Se realizar\u00e1 la segunda sesi\u00f3n del Ciclo de cl\u00e1sicos del pensamiento latinoamericano: lecturas y nuevas aproximaciones - Centro de Investigaciones &quot;Maria Saleme de Burnichon&quot;","robots":{"index":"index","follow":"follow","max-snippet":"max-snippet:-1","max-image-preview":"max-image-preview:large","max-video-preview":"max-video-preview:-1"},"canonical":"https:\/\/ffyh.unc.edu.ar\/ciffyh\/se-realizara-la-segunda-sesion-del-ciclo-de-clasicos-del-pensamiento-latinoamericano-lecturas-y-nuevas-aproximaciones\/","og_locale":"es_ES","og_type":"article","og_title":"Se realizar\u00e1 la segunda sesi\u00f3n del Ciclo de cl\u00e1sicos del pensamiento latinoamericano: lecturas y nuevas aproximaciones - Centro de Investigaciones &quot;Maria Saleme de Burnichon&quot;","og_description":"El \u00c1rea de Filosof\u00eda del CIFFyH invita a estudiantes, docentes, investigadorxs y p\u00fablico interesado a participar del\u00a0Ciclo de cl\u00e1sicos del","og_url":"https:\/\/ffyh.unc.edu.ar\/ciffyh\/se-realizara-la-segunda-sesion-del-ciclo-de-clasicos-del-pensamiento-latinoamericano-lecturas-y-nuevas-aproximaciones\/","og_site_name":"Centro de Investigaciones &quot;Maria Saleme de Burnichon&quot;","article_published_time":"2025-11-07T13:55:40+00:00","article_modified_time":"2025-11-12T13:43:54+00:00","og_image":[{"width":1270,"height":1600,"url":"http:\/\/ffyh.unc.edu.ar\/ciffyh\/wp-content\/uploads\/sites\/10\/2025\/11\/IMG-20251111-WA0017.jpg","type":"image\/jpeg"}],"author":"tecnicaciffyh","twitter_card":"summary_large_image","twitter_misc":{"Escrito por":false,"Tiempo de lectura":"1 minuto"},"schema":{"@context":"https:\/\/schema.org","@graph":[{"@type":"Article","@id":"https:\/\/ffyh.unc.edu.ar\/ciffyh\/se-realizara-la-segunda-sesion-del-ciclo-de-clasicos-del-pensamiento-latinoamericano-lecturas-y-nuevas-aproximaciones\/#article","isPartOf":{"@id":"https:\/\/ffyh.unc.edu.ar\/ciffyh\/se-realizara-la-segunda-sesion-del-ciclo-de-clasicos-del-pensamiento-latinoamericano-lecturas-y-nuevas-aproximaciones\/"},"author":{"name":"tecnicaciffyh","@id":"https:\/\/ffyh.unc.edu.ar\/ciffyh\/#\/schema\/person\/136b8e7d00e5053aff43b3dc53e99bc0"},"headline":"Se realizar\u00e1 la segunda sesi\u00f3n del Ciclo de cl\u00e1sicos del pensamiento latinoamericano: lecturas y nuevas aproximaciones","datePublished":"2025-11-07T13:55:40+00:00","dateModified":"2025-11-12T13:43:54+00:00","mainEntityOfPage":{"@id":"https:\/\/ffyh.unc.edu.ar\/ciffyh\/se-realizara-la-segunda-sesion-del-ciclo-de-clasicos-del-pensamiento-latinoamericano-lecturas-y-nuevas-aproximaciones\/"},"wordCount":145,"publisher":{"@id":"https:\/\/ffyh.unc.edu.ar\/ciffyh\/#organization"},"image":{"@id":"https:\/\/ffyh.unc.edu.ar\/ciffyh\/se-realizara-la-segunda-sesion-del-ciclo-de-clasicos-del-pensamiento-latinoamericano-lecturas-y-nuevas-aproximaciones\/#primaryimage"},"thumbnailUrl":"https:\/\/ffyh.unc.edu.ar\/ciffyh\/wp-content\/uploads\/sites\/10\/2025\/11\/IMG-20251111-WA0017.jpg","articleSection":["\u00c1rea Filosof\u00eda","Ciclos"],"inLanguage":"es"},{"@type":"WebPage","@id":"https:\/\/ffyh.unc.edu.ar\/ciffyh\/se-realizara-la-segunda-sesion-del-ciclo-de-clasicos-del-pensamiento-latinoamericano-lecturas-y-nuevas-aproximaciones\/","url":"https:\/\/ffyh.unc.edu.ar\/ciffyh\/se-realizara-la-segunda-sesion-del-ciclo-de-clasicos-del-pensamiento-latinoamericano-lecturas-y-nuevas-aproximaciones\/","name":"Se realizar\u00e1 la segunda sesi\u00f3n del Ciclo de cl\u00e1sicos del pensamiento latinoamericano: lecturas y nuevas aproximaciones - Centro de Investigaciones &quot;Maria Saleme de Burnichon&quot;","isPartOf":{"@id":"https:\/\/ffyh.unc.edu.ar\/ciffyh\/#website"},"primaryImageOfPage":{"@id":"https:\/\/ffyh.unc.edu.ar\/ciffyh\/se-realizara-la-segunda-sesion-del-ciclo-de-clasicos-del-pensamiento-latinoamericano-lecturas-y-nuevas-aproximaciones\/#primaryimage"},"image":{"@id":"https:\/\/ffyh.unc.edu.ar\/ciffyh\/se-realizara-la-segunda-sesion-del-ciclo-de-clasicos-del-pensamiento-latinoamericano-lecturas-y-nuevas-aproximaciones\/#primaryimage"},"thumbnailUrl":"https:\/\/ffyh.unc.edu.ar\/ciffyh\/wp-content\/uploads\/sites\/10\/2025\/11\/IMG-20251111-WA0017.jpg","datePublished":"2025-11-07T13:55:40+00:00","dateModified":"2025-11-12T13:43:54+00:00","breadcrumb":{"@id":"https:\/\/ffyh.unc.edu.ar\/ciffyh\/se-realizara-la-segunda-sesion-del-ciclo-de-clasicos-del-pensamiento-latinoamericano-lecturas-y-nuevas-aproximaciones\/#breadcrumb"},"inLanguage":"es","potentialAction":[{"@type":"ReadAction","target":["https:\/\/ffyh.unc.edu.ar\/ciffyh\/se-realizara-la-segunda-sesion-del-ciclo-de-clasicos-del-pensamiento-latinoamericano-lecturas-y-nuevas-aproximaciones\/"]}]},{"@type":"ImageObject","inLanguage":"es","@id":"https:\/\/ffyh.unc.edu.ar\/ciffyh\/se-realizara-la-segunda-sesion-del-ciclo-de-clasicos-del-pensamiento-latinoamericano-lecturas-y-nuevas-aproximaciones\/#primaryimage","url":"https:\/\/ffyh.unc.edu.ar\/ciffyh\/wp-content\/uploads\/sites\/10\/2025\/11\/IMG-20251111-WA0017.jpg","contentUrl":"https:\/\/ffyh.unc.edu.ar\/ciffyh\/wp-content\/uploads\/sites\/10\/2025\/11\/IMG-20251111-WA0017.jpg","width":1270,"height":1600},{"@type":"BreadcrumbList","@id":"https:\/\/ffyh.unc.edu.ar\/ciffyh\/se-realizara-la-segunda-sesion-del-ciclo-de-clasicos-del-pensamiento-latinoamericano-lecturas-y-nuevas-aproximaciones\/#breadcrumb","itemListElement":[{"@type":"ListItem","position":1,"name":"Portada","item":"https:\/\/ffyh.unc.edu.ar\/ciffyh\/"},{"@type":"ListItem","position":2,"name":"Se realizar\u00e1 la segunda sesi\u00f3n del Ciclo de cl\u00e1sicos del pensamiento latinoamericano: lecturas y nuevas aproximaciones"}]},{"@type":"WebSite","@id":"https:\/\/ffyh.unc.edu.ar\/ciffyh\/#website","url":"https:\/\/ffyh.unc.edu.ar\/ciffyh\/","name":"Centro de Investigaciones \"Maria Saleme de Burnichon\"","description":"Facultad de Filosof\u00eda y Humanidades | UNC","publisher":{"@id":"https:\/\/ffyh.unc.edu.ar\/ciffyh\/#organization"},"potentialAction":[{"@type":"SearchAction","target":{"@type":"EntryPoint","urlTemplate":"https:\/\/ffyh.unc.edu.ar\/ciffyh\/?s={search_term_string}"},"query-input":{"@type":"PropertyValueSpecification","valueRequired":true,"valueName":"search_term_string"}}],"inLanguage":"es"},{"@type":"Organization","@id":"https:\/\/ffyh.unc.edu.ar\/ciffyh\/#organization","name":"Centro de Investigaciones \"Maria Saleme de Burnichon\"","url":"https:\/\/ffyh.unc.edu.ar\/ciffyh\/","logo":{"@type":"ImageObject","inLanguage":"es","@id":"https:\/\/ffyh.unc.edu.ar\/ciffyh\/#\/schema\/logo\/image\/","url":"https:\/\/ffyh.unc.edu.ar\/ciffyh\/wp-content\/uploads\/sites\/10\/2018\/02\/cropped-logo-ciffyh-ico.png","contentUrl":"https:\/\/ffyh.unc.edu.ar\/ciffyh\/wp-content\/uploads\/sites\/10\/2018\/02\/cropped-logo-ciffyh-ico.png","width":512,"height":512,"caption":"Centro de Investigaciones \"Maria Saleme de Burnichon\""},"image":{"@id":"https:\/\/ffyh.unc.edu.ar\/ciffyh\/#\/schema\/logo\/image\/"},"sameAs":["https:\/\/www.instagram.com\/ciffyh\/"]},{"@type":"Person","@id":"https:\/\/ffyh.unc.edu.ar\/ciffyh\/#\/schema\/person\/136b8e7d00e5053aff43b3dc53e99bc0","name":"tecnicaciffyh","image":{"@type":"ImageObject","inLanguage":"es","@id":"https:\/\/ffyh.unc.edu.ar\/ciffyh\/#\/schema\/person\/image\/","url":"https:\/\/secure.gravatar.com\/avatar\/dce86f5e9bf49e3aa9e05e7ed5904a9112e25483e3c8f175eb93b2f53a67c2e4?s=96&d=mm&r=g","contentUrl":"https:\/\/secure.gravatar.com\/avatar\/dce86f5e9bf49e3aa9e05e7ed5904a9112e25483e3c8f175eb93b2f53a67c2e4?s=96&d=mm&r=g","caption":"tecnicaciffyh"},"url":"https:\/\/ffyh.unc.edu.ar\/ciffyh\/author\/tecnicaciffyh\/"}]}},"jetpack_featured_media_url":"https:\/\/ffyh.unc.edu.ar\/ciffyh\/wp-content\/uploads\/sites\/10\/2025\/11\/IMG-20251111-WA0017.jpg","_links":{"self":[{"href":"https:\/\/ffyh.unc.edu.ar\/ciffyh\/wp-json\/wp\/v2\/posts\/8837","targetHints":{"allow":["GET"]}}],"collection":[{"href":"https:\/\/ffyh.unc.edu.ar\/ciffyh\/wp-json\/wp\/v2\/posts"}],"about":[{"href":"https:\/\/ffyh.unc.edu.ar\/ciffyh\/wp-json\/wp\/v2\/types\/post"}],"author":[{"embeddable":true,"href":"https:\/\/ffyh.unc.edu.ar\/ciffyh\/wp-json\/wp\/v2\/users\/39"}],"replies":[{"embeddable":true,"href":"https:\/\/ffyh.unc.edu.ar\/ciffyh\/wp-json\/wp\/v2\/comments?post=8837"}],"version-history":[{"count":7,"href":"https:\/\/ffyh.unc.edu.ar\/ciffyh\/wp-json\/wp\/v2\/posts\/8837\/revisions"}],"predecessor-version":[{"id":8850,"href":"https:\/\/ffyh.unc.edu.ar\/ciffyh\/wp-json\/wp\/v2\/posts\/8837\/revisions\/8850"}],"wp:featuredmedia":[{"embeddable":true,"href":"https:\/\/ffyh.unc.edu.ar\/ciffyh\/wp-json\/wp\/v2\/media\/8847"}],"wp:attachment":[{"href":"https:\/\/ffyh.unc.edu.ar\/ciffyh\/wp-json\/wp\/v2\/media?parent=8837"}],"wp:term":[{"taxonomy":"category","embeddable":true,"href":"https:\/\/ffyh.unc.edu.ar\/ciffyh\/wp-json\/wp\/v2\/categories?post=8837"},{"taxonomy":"post_tag","embeddable":true,"href":"https:\/\/ffyh.unc.edu.ar\/ciffyh\/wp-json\/wp\/v2\/tags?post=8837"}],"curies":[{"name":"wp","href":"https:\/\/api.w.org\/{rel}","templated":true}]}}