{"id":8858,"date":"2025-12-12T10:05:22","date_gmt":"2025-12-12T10:05:22","guid":{"rendered":"https:\/\/ffyh.unc.edu.ar\/ciffyh\/?p=8858"},"modified":"2025-12-12T15:02:57","modified_gmt":"2025-12-12T15:02:57","slug":"convocatoria-a-adscriptxs-para-apoyo-editorial-en-el-ciffyh","status":"publish","type":"post","link":"https:\/\/ffyh.unc.edu.ar\/ciffyh\/convocatoria-a-adscriptxs-para-apoyo-editorial-en-el-ciffyh\/","title":{"rendered":"Convocatoria a adscriptxs para apoyo editorial en el CIFFyH"},"content":{"rendered":"<p><span style=\"color: #008000\"><strong>La convocatoria estar\u00e1 abierta desde el 17 de noviembre hasta el 15 de diciembre de 2025<\/strong><\/span><\/p>\n<p>El Centro de Investigaciones de la Facultad de Filosof\u00eda y Humanidades, junto con el \u00c1rea de Publicaciones de la Facultad, abre convocatoria destinada a incorporar <strong>2 (dos) adscriptxs <\/strong>ad honorem con lugar de trabajo en el CIFFyH, en el marco de lo dispuesto por el Reglamento de Adscripciones de la FFyH (<a href=\"https:\/\/digesto.unc.edu.ar\/handle\/123456789\/153072\" target=\"_blank\" rel=\"noopener\">HCD FFyH 02\/11 y Ord. HCD FFyH 01\/16<\/a>), que contempla la posibilidad de cursar adscripciones en \u00e1reas de apoyo t\u00e9cnico de la Facultad.<\/p>\n<p>Esta convocatoria tiene por objetivo principal fomentar la formaci\u00f3n en pr\u00e1cticas de gesti\u00f3n editorial relacionadas con la investigaci\u00f3n en el Centro y apunta a conformar un equipo de apoyo editorial a las <a href=\"https:\/\/ffyh.unc.edu.ar\/ciffyh\/publicaciones\/revistas\/\" target=\"_blank\" rel=\"noopener\">Revistas<\/a> y <a href=\"https:\/\/ffyh.unc.edu.ar\/ciffyh\/publicaciones\/colecciones-del-ciffyh\/\" target=\"_blank\" rel=\"noopener\">Colecciones del CIFFyH<\/a>, a las cuales se les brinda apoyo t\u00e9cnico y editorial, as\u00ed como de difusi\u00f3n.<\/p>\n<p>Estas actividades incluyen:<\/p>\n<ul>\n<li>Maquetaci\u00f3n<\/li>\n<li>Conversi\u00f3n de archivos word a html<\/li>\n<li>Carga en la plataforma Open Journal System<\/li>\n<li>Capacitaciones destinadas a equipos editoriales<\/li>\n<li>Gestiones con la Oficina de Conocimiento Abierto de la UNC<\/li>\n<li>Recepci\u00f3n de manuscritos en el marco de las convocatorias a las Colecciones del CIFFyH<\/li>\n<li>Comunicaci\u00f3n con autorxs desde el inicio del proceso hasta la publicaci\u00f3n del libro<\/li>\n<li>Gesti\u00f3n con el \u00c1rea de Publicaciones de la Facultad para la maquetaci\u00f3n de los manuscritos<\/li>\n<li>Difusi\u00f3n de las publicaciones en los sitios y redes institucionales del Centro<\/li>\n<\/ul>\n<p>Adem\u00e1s, el CIFFyH es miembro pleno de <a href=\"https:\/\/www.clacso.org\/\" target=\"_blank\" rel=\"noopener\">CLACSO<\/a> (Consejo Latinoamericano de Ciencias Sociales). En tanto las publicaciones del Centro forman parte de la Red de Bibliotecas Virtuales de Ciencias Sociales en Am\u00e9rica Latina y el Caribe, se est\u00e1 trabajando en la carga de las revistas y las Colecciones del CIFFyH en su <a href=\"https:\/\/biblioteca-repositorio.clacso.edu.ar\/\" target=\"_blank\" rel=\"noopener\">repositorio institucional<\/a>.<\/p>\n<p>&nbsp;<\/p>\n<p><strong>Lxs interesadxs deber\u00e1n:<\/strong><br \/>\nEnviar CV (modelo FFyH), carta de intenci\u00f3n que optativamente podr\u00e1 incluir una breve propuesta de trabajo en relaci\u00f3n con tareas de apoyo editorial a las publicaciones del Centro (m\u00e1ximo 3 carillas) a: <a href=\"mailto:tecnicaciffyh@ffyh.unc.edu.ar\" target=\"_blank\" rel=\"noopener\">tecnicaciffyh@ffyh.unc.edu.ar<\/a><\/p>\n<p>Asistir a una entrevista personal presencial que receptar\u00e1 el Jurado responsable de evaluar los antecedentes y las propuestas de lxs postulantes.<\/p>\n<p>Esta entrevista se sustanciar\u00e1 en <strong>febrero de 2026<\/strong>, en fecha y horario a definir.<\/p>\n<p><strong>Comisi\u00f3n Evaluadora:<\/strong> Guadalupe Fernandez, Juan Pablo Gorostiaga, Georgina Ricardi, titulares. Isabel Castro Ola\u00f1eta, Maria Bella, Pablo Requena, suplentes.<\/p>\n<h4><a href=\"https:\/\/ffyh.unc.edu.ar\/ciffyh\/wp-content\/uploads\/sites\/10\/2025\/11\/CONVOCATORIA-ADSCRIPTXS-APOYO-EDITORIAL.pdf\" target=\"_blank\" rel=\"noopener\">Descargar convocatoria<\/a><\/h4>\n<p><img fetchpriority=\"high\" decoding=\"async\" class=\"aligncenter wp-image-8861 size-full\" src=\"http:\/\/ffyh.unc.edu.ar\/ciffyh\/wp-content\/uploads\/sites\/10\/2025\/11\/flyer_convocatoria-adscriptxs-redes.jpeg\" alt=\"\" width=\"1270\" height=\"1600\" srcset=\"https:\/\/ffyh.unc.edu.ar\/ciffyh\/wp-content\/uploads\/sites\/10\/2025\/11\/flyer_convocatoria-adscriptxs-redes.jpeg 1270w, https:\/\/ffyh.unc.edu.ar\/ciffyh\/wp-content\/uploads\/sites\/10\/2025\/11\/flyer_convocatoria-adscriptxs-redes-238x300.jpeg 238w, https:\/\/ffyh.unc.edu.ar\/ciffyh\/wp-content\/uploads\/sites\/10\/2025\/11\/flyer_convocatoria-adscriptxs-redes-813x1024.jpeg 813w, https:\/\/ffyh.unc.edu.ar\/ciffyh\/wp-content\/uploads\/sites\/10\/2025\/11\/flyer_convocatoria-adscriptxs-redes-768x968.jpeg 768w, https:\/\/ffyh.unc.edu.ar\/ciffyh\/wp-content\/uploads\/sites\/10\/2025\/11\/flyer_convocatoria-adscriptxs-redes-1219x1536.jpeg 1219w\" sizes=\"(max-width: 1270px) 100vw, 1270px\" \/><\/p>\n<p>&nbsp;<\/p>\n<p>&nbsp;<\/p>\n","protected":false},"excerpt":{"rendered":"<p>La convocatoria estar\u00e1 abierta desde el 17 de noviembre hasta el 15 de diciembre de 2025 El Centro de Investigaciones<\/p>\n","protected":false},"author":39,"featured_media":8861,"comment_status":"closed","ping_status":"closed","sticky":false,"template":"","format":"standard","meta":{"_acf_changed":false,"colormag_page_container_layout":"default_layout","colormag_page_sidebar_layout":"default_layout","footnotes":""},"categories":[43,8],"tags":[],"class_list":["post-8858","post","type-post","status-publish","format-standard","has-post-thumbnail","hentry","category-convocatorias","category-noticias"],"acf":[],"yoast_head":"<!-- This site is optimized with the Yoast SEO plugin v27.1.1 - https:\/\/yoast.com\/product\/yoast-seo-wordpress\/ -->\n<title>Convocatoria a adscriptxs para apoyo editorial en el CIFFyH - Centro de Investigaciones &quot;Maria Saleme de Burnichon&quot;<\/title>\n<meta name=\"robots\" content=\"index, follow, max-snippet:-1, max-image-preview:large, max-video-preview:-1\" \/>\n<link rel=\"canonical\" href=\"https:\/\/ffyh.unc.edu.ar\/ciffyh\/convocatoria-a-adscriptxs-para-apoyo-editorial-en-el-ciffyh\/\" \/>\n<meta property=\"og:locale\" content=\"es_ES\" \/>\n<meta property=\"og:type\" content=\"article\" \/>\n<meta property=\"og:title\" content=\"Convocatoria a adscriptxs para apoyo editorial en el CIFFyH - Centro de Investigaciones &quot;Maria Saleme de Burnichon&quot;\" \/>\n<meta property=\"og:description\" content=\"La convocatoria estar\u00e1 abierta desde el 17 de noviembre hasta el 15 de diciembre de 2025 El Centro de Investigaciones\" \/>\n<meta property=\"og:url\" content=\"https:\/\/ffyh.unc.edu.ar\/ciffyh\/convocatoria-a-adscriptxs-para-apoyo-editorial-en-el-ciffyh\/\" \/>\n<meta property=\"og:site_name\" content=\"Centro de Investigaciones &quot;Maria Saleme de Burnichon&quot;\" \/>\n<meta property=\"article:published_time\" content=\"2025-12-12T10:05:22+00:00\" \/>\n<meta property=\"article:modified_time\" content=\"2025-12-12T15:02:57+00:00\" \/>\n<meta property=\"og:image\" content=\"http:\/\/ffyh.unc.edu.ar\/ciffyh\/wp-content\/uploads\/sites\/10\/2025\/11\/flyer_convocatoria-adscriptxs-redes.jpeg\" \/>\n\t<meta property=\"og:image:width\" content=\"1270\" \/>\n\t<meta property=\"og:image:height\" content=\"1600\" \/>\n\t<meta property=\"og:image:type\" content=\"image\/jpeg\" \/>\n<meta name=\"author\" content=\"tecnicaciffyh\" \/>\n<meta name=\"twitter:card\" content=\"summary_large_image\" \/>\n<meta name=\"twitter:label1\" content=\"Escrito por\" \/>\n\t<meta name=\"twitter:data1\" content=\"\" \/>\n\t<meta name=\"twitter:label2\" content=\"Tiempo de lectura\" \/>\n\t<meta name=\"twitter:data2\" content=\"3 minutos\" \/>\n<script type=\"application\/ld+json\" class=\"yoast-schema-graph\">{\"@context\":\"https:\/\/schema.org\",\"@graph\":[{\"@type\":\"Article\",\"@id\":\"https:\/\/ffyh.unc.edu.ar\/ciffyh\/convocatoria-a-adscriptxs-para-apoyo-editorial-en-el-ciffyh\/#article\",\"isPartOf\":{\"@id\":\"https:\/\/ffyh.unc.edu.ar\/ciffyh\/convocatoria-a-adscriptxs-para-apoyo-editorial-en-el-ciffyh\/\"},\"author\":{\"name\":\"tecnicaciffyh\",\"@id\":\"https:\/\/ffyh.unc.edu.ar\/ciffyh\/#\/schema\/person\/136b8e7d00e5053aff43b3dc53e99bc0\"},\"headline\":\"Convocatoria a adscriptxs para apoyo editorial en el CIFFyH\",\"datePublished\":\"2025-12-12T10:05:22+00:00\",\"dateModified\":\"2025-12-12T15:02:57+00:00\",\"mainEntityOfPage\":{\"@id\":\"https:\/\/ffyh.unc.edu.ar\/ciffyh\/convocatoria-a-adscriptxs-para-apoyo-editorial-en-el-ciffyh\/\"},\"wordCount\":404,\"publisher\":{\"@id\":\"https:\/\/ffyh.unc.edu.ar\/ciffyh\/#organization\"},\"image\":{\"@id\":\"https:\/\/ffyh.unc.edu.ar\/ciffyh\/convocatoria-a-adscriptxs-para-apoyo-editorial-en-el-ciffyh\/#primaryimage\"},\"thumbnailUrl\":\"https:\/\/ffyh.unc.edu.ar\/ciffyh\/wp-content\/uploads\/sites\/10\/2025\/11\/flyer_convocatoria-adscriptxs-redes.jpeg\",\"articleSection\":[\"Convocatorias\",\"Noticias\"],\"inLanguage\":\"es\"},{\"@type\":\"WebPage\",\"@id\":\"https:\/\/ffyh.unc.edu.ar\/ciffyh\/convocatoria-a-adscriptxs-para-apoyo-editorial-en-el-ciffyh\/\",\"url\":\"https:\/\/ffyh.unc.edu.ar\/ciffyh\/convocatoria-a-adscriptxs-para-apoyo-editorial-en-el-ciffyh\/\",\"name\":\"Convocatoria a adscriptxs para apoyo editorial en el CIFFyH - Centro de Investigaciones &quot;Maria Saleme de Burnichon&quot;\",\"isPartOf\":{\"@id\":\"https:\/\/ffyh.unc.edu.ar\/ciffyh\/#website\"},\"primaryImageOfPage\":{\"@id\":\"https:\/\/ffyh.unc.edu.ar\/ciffyh\/convocatoria-a-adscriptxs-para-apoyo-editorial-en-el-ciffyh\/#primaryimage\"},\"image\":{\"@id\":\"https:\/\/ffyh.unc.edu.ar\/ciffyh\/convocatoria-a-adscriptxs-para-apoyo-editorial-en-el-ciffyh\/#primaryimage\"},\"thumbnailUrl\":\"https:\/\/ffyh.unc.edu.ar\/ciffyh\/wp-content\/uploads\/sites\/10\/2025\/11\/flyer_convocatoria-adscriptxs-redes.jpeg\",\"datePublished\":\"2025-12-12T10:05:22+00:00\",\"dateModified\":\"2025-12-12T15:02:57+00:00\",\"breadcrumb\":{\"@id\":\"https:\/\/ffyh.unc.edu.ar\/ciffyh\/convocatoria-a-adscriptxs-para-apoyo-editorial-en-el-ciffyh\/#breadcrumb\"},\"inLanguage\":\"es\",\"potentialAction\":[{\"@type\":\"ReadAction\",\"target\":[\"https:\/\/ffyh.unc.edu.ar\/ciffyh\/convocatoria-a-adscriptxs-para-apoyo-editorial-en-el-ciffyh\/\"]}]},{\"@type\":\"ImageObject\",\"inLanguage\":\"es\",\"@id\":\"https:\/\/ffyh.unc.edu.ar\/ciffyh\/convocatoria-a-adscriptxs-para-apoyo-editorial-en-el-ciffyh\/#primaryimage\",\"url\":\"https:\/\/ffyh.unc.edu.ar\/ciffyh\/wp-content\/uploads\/sites\/10\/2025\/11\/flyer_convocatoria-adscriptxs-redes.jpeg\",\"contentUrl\":\"https:\/\/ffyh.unc.edu.ar\/ciffyh\/wp-content\/uploads\/sites\/10\/2025\/11\/flyer_convocatoria-adscriptxs-redes.jpeg\",\"width\":1270,\"height\":1600},{\"@type\":\"BreadcrumbList\",\"@id\":\"https:\/\/ffyh.unc.edu.ar\/ciffyh\/convocatoria-a-adscriptxs-para-apoyo-editorial-en-el-ciffyh\/#breadcrumb\",\"itemListElement\":[{\"@type\":\"ListItem\",\"position\":1,\"name\":\"Portada\",\"item\":\"https:\/\/ffyh.unc.edu.ar\/ciffyh\/\"},{\"@type\":\"ListItem\",\"position\":2,\"name\":\"Convocatoria a adscriptxs para apoyo editorial en el CIFFyH\"}]},{\"@type\":\"WebSite\",\"@id\":\"https:\/\/ffyh.unc.edu.ar\/ciffyh\/#website\",\"url\":\"https:\/\/ffyh.unc.edu.ar\/ciffyh\/\",\"name\":\"Centro de Investigaciones \\\"Maria Saleme de Burnichon\\\"\",\"description\":\"Facultad de Filosof\u00eda y Humanidades | UNC\",\"publisher\":{\"@id\":\"https:\/\/ffyh.unc.edu.ar\/ciffyh\/#organization\"},\"potentialAction\":[{\"@type\":\"SearchAction\",\"target\":{\"@type\":\"EntryPoint\",\"urlTemplate\":\"https:\/\/ffyh.unc.edu.ar\/ciffyh\/?s={search_term_string}\"},\"query-input\":{\"@type\":\"PropertyValueSpecification\",\"valueRequired\":true,\"valueName\":\"search_term_string\"}}],\"inLanguage\":\"es\"},{\"@type\":\"Organization\",\"@id\":\"https:\/\/ffyh.unc.edu.ar\/ciffyh\/#organization\",\"name\":\"Centro de Investigaciones \\\"Maria Saleme de Burnichon\\\"\",\"url\":\"https:\/\/ffyh.unc.edu.ar\/ciffyh\/\",\"logo\":{\"@type\":\"ImageObject\",\"inLanguage\":\"es\",\"@id\":\"https:\/\/ffyh.unc.edu.ar\/ciffyh\/#\/schema\/logo\/image\/\",\"url\":\"https:\/\/ffyh.unc.edu.ar\/ciffyh\/wp-content\/uploads\/sites\/10\/2018\/02\/cropped-logo-ciffyh-ico.png\",\"contentUrl\":\"https:\/\/ffyh.unc.edu.ar\/ciffyh\/wp-content\/uploads\/sites\/10\/2018\/02\/cropped-logo-ciffyh-ico.png\",\"width\":512,\"height\":512,\"caption\":\"Centro de Investigaciones \\\"Maria Saleme de Burnichon\\\"\"},\"image\":{\"@id\":\"https:\/\/ffyh.unc.edu.ar\/ciffyh\/#\/schema\/logo\/image\/\"},\"sameAs\":[\"https:\/\/www.instagram.com\/ciffyh\/\"]},{\"@type\":\"Person\",\"@id\":\"https:\/\/ffyh.unc.edu.ar\/ciffyh\/#\/schema\/person\/136b8e7d00e5053aff43b3dc53e99bc0\",\"name\":\"tecnicaciffyh\",\"image\":{\"@type\":\"ImageObject\",\"inLanguage\":\"es\",\"@id\":\"https:\/\/ffyh.unc.edu.ar\/ciffyh\/#\/schema\/person\/image\/\",\"url\":\"https:\/\/secure.gravatar.com\/avatar\/dce86f5e9bf49e3aa9e05e7ed5904a9112e25483e3c8f175eb93b2f53a67c2e4?s=96&d=mm&r=g\",\"contentUrl\":\"https:\/\/secure.gravatar.com\/avatar\/dce86f5e9bf49e3aa9e05e7ed5904a9112e25483e3c8f175eb93b2f53a67c2e4?s=96&d=mm&r=g\",\"caption\":\"tecnicaciffyh\"},\"url\":\"https:\/\/ffyh.unc.edu.ar\/ciffyh\/author\/tecnicaciffyh\/\"}]}<\/script>\n<!-- \/ Yoast SEO plugin. -->","yoast_head_json":{"title":"Convocatoria a adscriptxs para apoyo editorial en el CIFFyH - Centro de Investigaciones &quot;Maria Saleme de Burnichon&quot;","robots":{"index":"index","follow":"follow","max-snippet":"max-snippet:-1","max-image-preview":"max-image-preview:large","max-video-preview":"max-video-preview:-1"},"canonical":"https:\/\/ffyh.unc.edu.ar\/ciffyh\/convocatoria-a-adscriptxs-para-apoyo-editorial-en-el-ciffyh\/","og_locale":"es_ES","og_type":"article","og_title":"Convocatoria a adscriptxs para apoyo editorial en el CIFFyH - Centro de Investigaciones &quot;Maria Saleme de Burnichon&quot;","og_description":"La convocatoria estar\u00e1 abierta desde el 17 de noviembre hasta el 15 de diciembre de 2025 El Centro de Investigaciones","og_url":"https:\/\/ffyh.unc.edu.ar\/ciffyh\/convocatoria-a-adscriptxs-para-apoyo-editorial-en-el-ciffyh\/","og_site_name":"Centro de Investigaciones &quot;Maria Saleme de Burnichon&quot;","article_published_time":"2025-12-12T10:05:22+00:00","article_modified_time":"2025-12-12T15:02:57+00:00","og_image":[{"width":1270,"height":1600,"url":"http:\/\/ffyh.unc.edu.ar\/ciffyh\/wp-content\/uploads\/sites\/10\/2025\/11\/flyer_convocatoria-adscriptxs-redes.jpeg","type":"image\/jpeg"}],"author":"tecnicaciffyh","twitter_card":"summary_large_image","twitter_misc":{"Escrito por":false,"Tiempo de lectura":"3 minutos"},"schema":{"@context":"https:\/\/schema.org","@graph":[{"@type":"Article","@id":"https:\/\/ffyh.unc.edu.ar\/ciffyh\/convocatoria-a-adscriptxs-para-apoyo-editorial-en-el-ciffyh\/#article","isPartOf":{"@id":"https:\/\/ffyh.unc.edu.ar\/ciffyh\/convocatoria-a-adscriptxs-para-apoyo-editorial-en-el-ciffyh\/"},"author":{"name":"tecnicaciffyh","@id":"https:\/\/ffyh.unc.edu.ar\/ciffyh\/#\/schema\/person\/136b8e7d00e5053aff43b3dc53e99bc0"},"headline":"Convocatoria a adscriptxs para apoyo editorial en el CIFFyH","datePublished":"2025-12-12T10:05:22+00:00","dateModified":"2025-12-12T15:02:57+00:00","mainEntityOfPage":{"@id":"https:\/\/ffyh.unc.edu.ar\/ciffyh\/convocatoria-a-adscriptxs-para-apoyo-editorial-en-el-ciffyh\/"},"wordCount":404,"publisher":{"@id":"https:\/\/ffyh.unc.edu.ar\/ciffyh\/#organization"},"image":{"@id":"https:\/\/ffyh.unc.edu.ar\/ciffyh\/convocatoria-a-adscriptxs-para-apoyo-editorial-en-el-ciffyh\/#primaryimage"},"thumbnailUrl":"https:\/\/ffyh.unc.edu.ar\/ciffyh\/wp-content\/uploads\/sites\/10\/2025\/11\/flyer_convocatoria-adscriptxs-redes.jpeg","articleSection":["Convocatorias","Noticias"],"inLanguage":"es"},{"@type":"WebPage","@id":"https:\/\/ffyh.unc.edu.ar\/ciffyh\/convocatoria-a-adscriptxs-para-apoyo-editorial-en-el-ciffyh\/","url":"https:\/\/ffyh.unc.edu.ar\/ciffyh\/convocatoria-a-adscriptxs-para-apoyo-editorial-en-el-ciffyh\/","name":"Convocatoria a adscriptxs para apoyo editorial en el CIFFyH - Centro de Investigaciones &quot;Maria Saleme de Burnichon&quot;","isPartOf":{"@id":"https:\/\/ffyh.unc.edu.ar\/ciffyh\/#website"},"primaryImageOfPage":{"@id":"https:\/\/ffyh.unc.edu.ar\/ciffyh\/convocatoria-a-adscriptxs-para-apoyo-editorial-en-el-ciffyh\/#primaryimage"},"image":{"@id":"https:\/\/ffyh.unc.edu.ar\/ciffyh\/convocatoria-a-adscriptxs-para-apoyo-editorial-en-el-ciffyh\/#primaryimage"},"thumbnailUrl":"https:\/\/ffyh.unc.edu.ar\/ciffyh\/wp-content\/uploads\/sites\/10\/2025\/11\/flyer_convocatoria-adscriptxs-redes.jpeg","datePublished":"2025-12-12T10:05:22+00:00","dateModified":"2025-12-12T15:02:57+00:00","breadcrumb":{"@id":"https:\/\/ffyh.unc.edu.ar\/ciffyh\/convocatoria-a-adscriptxs-para-apoyo-editorial-en-el-ciffyh\/#breadcrumb"},"inLanguage":"es","potentialAction":[{"@type":"ReadAction","target":["https:\/\/ffyh.unc.edu.ar\/ciffyh\/convocatoria-a-adscriptxs-para-apoyo-editorial-en-el-ciffyh\/"]}]},{"@type":"ImageObject","inLanguage":"es","@id":"https:\/\/ffyh.unc.edu.ar\/ciffyh\/convocatoria-a-adscriptxs-para-apoyo-editorial-en-el-ciffyh\/#primaryimage","url":"https:\/\/ffyh.unc.edu.ar\/ciffyh\/wp-content\/uploads\/sites\/10\/2025\/11\/flyer_convocatoria-adscriptxs-redes.jpeg","contentUrl":"https:\/\/ffyh.unc.edu.ar\/ciffyh\/wp-content\/uploads\/sites\/10\/2025\/11\/flyer_convocatoria-adscriptxs-redes.jpeg","width":1270,"height":1600},{"@type":"BreadcrumbList","@id":"https:\/\/ffyh.unc.edu.ar\/ciffyh\/convocatoria-a-adscriptxs-para-apoyo-editorial-en-el-ciffyh\/#breadcrumb","itemListElement":[{"@type":"ListItem","position":1,"name":"Portada","item":"https:\/\/ffyh.unc.edu.ar\/ciffyh\/"},{"@type":"ListItem","position":2,"name":"Convocatoria a adscriptxs para apoyo editorial en el CIFFyH"}]},{"@type":"WebSite","@id":"https:\/\/ffyh.unc.edu.ar\/ciffyh\/#website","url":"https:\/\/ffyh.unc.edu.ar\/ciffyh\/","name":"Centro de Investigaciones \"Maria Saleme de Burnichon\"","description":"Facultad de Filosof\u00eda y Humanidades | UNC","publisher":{"@id":"https:\/\/ffyh.unc.edu.ar\/ciffyh\/#organization"},"potentialAction":[{"@type":"SearchAction","target":{"@type":"EntryPoint","urlTemplate":"https:\/\/ffyh.unc.edu.ar\/ciffyh\/?s={search_term_string}"},"query-input":{"@type":"PropertyValueSpecification","valueRequired":true,"valueName":"search_term_string"}}],"inLanguage":"es"},{"@type":"Organization","@id":"https:\/\/ffyh.unc.edu.ar\/ciffyh\/#organization","name":"Centro de Investigaciones \"Maria Saleme de Burnichon\"","url":"https:\/\/ffyh.unc.edu.ar\/ciffyh\/","logo":{"@type":"ImageObject","inLanguage":"es","@id":"https:\/\/ffyh.unc.edu.ar\/ciffyh\/#\/schema\/logo\/image\/","url":"https:\/\/ffyh.unc.edu.ar\/ciffyh\/wp-content\/uploads\/sites\/10\/2018\/02\/cropped-logo-ciffyh-ico.png","contentUrl":"https:\/\/ffyh.unc.edu.ar\/ciffyh\/wp-content\/uploads\/sites\/10\/2018\/02\/cropped-logo-ciffyh-ico.png","width":512,"height":512,"caption":"Centro de Investigaciones \"Maria Saleme de Burnichon\""},"image":{"@id":"https:\/\/ffyh.unc.edu.ar\/ciffyh\/#\/schema\/logo\/image\/"},"sameAs":["https:\/\/www.instagram.com\/ciffyh\/"]},{"@type":"Person","@id":"https:\/\/ffyh.unc.edu.ar\/ciffyh\/#\/schema\/person\/136b8e7d00e5053aff43b3dc53e99bc0","name":"tecnicaciffyh","image":{"@type":"ImageObject","inLanguage":"es","@id":"https:\/\/ffyh.unc.edu.ar\/ciffyh\/#\/schema\/person\/image\/","url":"https:\/\/secure.gravatar.com\/avatar\/dce86f5e9bf49e3aa9e05e7ed5904a9112e25483e3c8f175eb93b2f53a67c2e4?s=96&d=mm&r=g","contentUrl":"https:\/\/secure.gravatar.com\/avatar\/dce86f5e9bf49e3aa9e05e7ed5904a9112e25483e3c8f175eb93b2f53a67c2e4?s=96&d=mm&r=g","caption":"tecnicaciffyh"},"url":"https:\/\/ffyh.unc.edu.ar\/ciffyh\/author\/tecnicaciffyh\/"}]}},"jetpack_featured_media_url":"https:\/\/ffyh.unc.edu.ar\/ciffyh\/wp-content\/uploads\/sites\/10\/2025\/11\/flyer_convocatoria-adscriptxs-redes.jpeg","_links":{"self":[{"href":"https:\/\/ffyh.unc.edu.ar\/ciffyh\/wp-json\/wp\/v2\/posts\/8858","targetHints":{"allow":["GET"]}}],"collection":[{"href":"https:\/\/ffyh.unc.edu.ar\/ciffyh\/wp-json\/wp\/v2\/posts"}],"about":[{"href":"https:\/\/ffyh.unc.edu.ar\/ciffyh\/wp-json\/wp\/v2\/types\/post"}],"author":[{"embeddable":true,"href":"https:\/\/ffyh.unc.edu.ar\/ciffyh\/wp-json\/wp\/v2\/users\/39"}],"replies":[{"embeddable":true,"href":"https:\/\/ffyh.unc.edu.ar\/ciffyh\/wp-json\/wp\/v2\/comments?post=8858"}],"version-history":[{"count":6,"href":"https:\/\/ffyh.unc.edu.ar\/ciffyh\/wp-json\/wp\/v2\/posts\/8858\/revisions"}],"predecessor-version":[{"id":8924,"href":"https:\/\/ffyh.unc.edu.ar\/ciffyh\/wp-json\/wp\/v2\/posts\/8858\/revisions\/8924"}],"wp:featuredmedia":[{"embeddable":true,"href":"https:\/\/ffyh.unc.edu.ar\/ciffyh\/wp-json\/wp\/v2\/media\/8861"}],"wp:attachment":[{"href":"https:\/\/ffyh.unc.edu.ar\/ciffyh\/wp-json\/wp\/v2\/media?parent=8858"}],"wp:term":[{"taxonomy":"category","embeddable":true,"href":"https:\/\/ffyh.unc.edu.ar\/ciffyh\/wp-json\/wp\/v2\/categories?post=8858"},{"taxonomy":"post_tag","embeddable":true,"href":"https:\/\/ffyh.unc.edu.ar\/ciffyh\/wp-json\/wp\/v2\/tags?post=8858"}],"curies":[{"name":"wp","href":"https:\/\/api.w.org\/{rel}","templated":true}]}}