{"id":8996,"date":"2026-03-03T12:57:36","date_gmt":"2026-03-03T12:57:36","guid":{"rendered":"https:\/\/ffyh.unc.edu.ar\/ciffyh\/?p=8996"},"modified":"2026-03-06T15:19:55","modified_gmt":"2026-03-06T15:19:55","slug":"se-incorporaron-doce-becarixs-de-iniciacion-en-la-investigacion-que-trabajaran-en-el-ciffyh","status":"publish","type":"post","link":"https:\/\/ffyh.unc.edu.ar\/ciffyh\/se-incorporaron-doce-becarixs-de-iniciacion-en-la-investigacion-que-trabajaran-en-el-ciffyh\/","title":{"rendered":"Se incorporaron diez becarixs de Iniciaci\u00f3n en la Investigaci\u00f3n que trabajar\u00e1n en el CIFFyH"},"content":{"rendered":"<p>El jueves 26 de febrero se realiz\u00f3 la reuni\u00f3n de bienvenida a lxs nuevxs bacarixs de Iniciaci\u00f3n en la Investigaci\u00f3n de la Secretar\u00eda de Investigaci\u00f3n, Ciencia y T\u00e9cnica de la FFyH (Seicyt) con lugar de trabajo en el CIFFyH.<br \/>\nParticiparon de este primer encuentro Isabel Castro Ola\u00f1eta y Guadalupe Fern\u00e1ndez, directora y secretaria acad\u00e9mica del Centro; y la secretaria y el subsecretario de Investigaci\u00f3n, Ciencia y T\u00e9cnica de la Facultad, Roxana Cattaneo y Andr\u00e9s Ilcic.<\/p>\n<p>Las Becas de Iniciaci\u00f3n en la Investigaci\u00f3n de la Seicyt forman parte de las pol\u00edticas de inserci\u00f3n de nuestra Facultad ya que brindan un espacio institucional y un aporte econ\u00f3mico que facilita el proceso de formaci\u00f3n en investigaci\u00f3n para estudiantes y egresados recientes.<\/p>\n<p>Aqu\u00ed presentamos a lxs nuevos becarixs:<\/p>\n<p><strong><span style=\"color: #339966\"><span style=\"color: #008000\">Nicolle Gacit\u00faa<\/span><img fetchpriority=\"high\" decoding=\"async\" class=\"alignright wp-image-8998 size-medium\" src=\"http:\/\/ffyh.unc.edu.ar\/ciffyh\/wp-content\/uploads\/sites\/10\/2026\/03\/Mesa-de-trabajo-8-238x300.jpg\" alt=\"\" width=\"238\" height=\"300\" srcset=\"https:\/\/ffyh.unc.edu.ar\/ciffyh\/wp-content\/uploads\/sites\/10\/2026\/03\/Mesa-de-trabajo-8-238x300.jpg 238w, https:\/\/ffyh.unc.edu.ar\/ciffyh\/wp-content\/uploads\/sites\/10\/2026\/03\/Mesa-de-trabajo-8-813x1024.jpg 813w, https:\/\/ffyh.unc.edu.ar\/ciffyh\/wp-content\/uploads\/sites\/10\/2026\/03\/Mesa-de-trabajo-8-768x967.jpg 768w, https:\/\/ffyh.unc.edu.ar\/ciffyh\/wp-content\/uploads\/sites\/10\/2026\/03\/Mesa-de-trabajo-8.jpg 1080w\" sizes=\"(max-width: 238px) 100vw, 238px\" \/><br \/>\n<\/span><\/strong><strong><span style=\"color: #333333\">Proyecto<\/span>: <\/strong>An\u00e1lisis de \u00e1reas de actividad y vida cotidiana mediante fluorescencia de rayos X en el sitio Lomita del Medio (Valle de La Ci\u00e9nega, Tucum\u00e1n)<\/p>\n<p><span style=\"color: #333333\"><strong>Directora:<\/strong><\/span> Valeria Franco Salvi<br \/>\n<span style=\"color: #333333\"><strong>Co-director:<\/strong><\/span> Sergio Ceppi<\/p>\n<p>Este trabajo se centra en el estudio de las \u00e1reas de actividad y la vida cotidiana en el sitio arqueol\u00f3gico Lomita del Medio (LDM), ubicado en el valle de La Ci\u00e9naga, Taf\u00ed del Valle, Tucum\u00e1n, una regi\u00f3n con una extensa ocupaci\u00f3n prehisp\u00e1nica vinculada a aldeas agropastoriles del primer milenio. La investigaci\u00f3n se focaliza en la unidad habitacional 18, excavada entre 2019 y 2021, compuesta por cinco recintos que permiten analizar la organizaci\u00f3n interna de los espacios dom\u00e9sticos.<br \/>\nA partir de un enfoque interdisciplinario, se integran metodolog\u00edas arqueol\u00f3gicas con el an\u00e1lisis de sedimentos mediante fluorescencia de rayos X (FRX), t\u00e9cnica que posibilita identificar pr\u00e1cticas humanas como la preparaci\u00f3n de alimentos, la combusti\u00f3n o el descarte a partir de la composici\u00f3n qu\u00edmica del suelo. La aplicaci\u00f3n de esta metodolog\u00eda, in\u00e9dita en el valle de La Ci\u00e9nega, aporta una herramienta no destructiva y replicable para profundizar en la comprensi\u00f3n de la din\u00e1mica cotidiana y el uso del espacio en contextos aldeanos del Noroeste Argentino.<\/p>\n<p><span style=\"color: #008000\"><strong>Guadalupe Garione<\/strong> <img decoding=\"async\" class=\"alignright wp-image-9003 size-medium\" src=\"http:\/\/ffyh.unc.edu.ar\/ciffyh\/wp-content\/uploads\/sites\/10\/2026\/03\/Mesa-de-trabajo-9-238x300.jpg\" alt=\"\" width=\"238\" height=\"300\" srcset=\"https:\/\/ffyh.unc.edu.ar\/ciffyh\/wp-content\/uploads\/sites\/10\/2026\/03\/Mesa-de-trabajo-9-238x300.jpg 238w, https:\/\/ffyh.unc.edu.ar\/ciffyh\/wp-content\/uploads\/sites\/10\/2026\/03\/Mesa-de-trabajo-9-814x1024.jpg 814w, https:\/\/ffyh.unc.edu.ar\/ciffyh\/wp-content\/uploads\/sites\/10\/2026\/03\/Mesa-de-trabajo-9-768x966.jpg 768w, https:\/\/ffyh.unc.edu.ar\/ciffyh\/wp-content\/uploads\/sites\/10\/2026\/03\/Mesa-de-trabajo-9.jpg 1081w\" sizes=\"(max-width: 238px) 100vw, 238px\" \/><\/span><br \/>\n<span style=\"color: #333333\"><strong>Proyecto: <\/strong><\/span>Improvisaci\u00f3n e identidad en el tap argentino contempor\u00e1neo: el grupo Synergia (2024-2026)<\/p>\n<p><span style=\"color: #333333\"><strong>Directora:<\/strong><\/span> Laura Fobbio<\/p>\n<p>En el proyecto contin\u00fao con el di\u00e1logo entre las artes esc\u00e9nicas y los Nuevos Materialismos planteado en mi TFL en Letras Modernas para investigar el grupo de danza tap Synergia, compuesto por bailarines de C\u00f3rdoba y Buenos Aires, desde el realismo agencial de Karen Barad. A partir de los planteos de diverses historiadores de que al improvisar les bailarines de tap construyen sus estilos y la importancia de la improvisaci\u00f3n en las pr\u00e1cticas de Synergia, recupero la noci\u00f3n de identidad como entrelazamiento de espaciotiempomateriacci\u00f3n de Barad para analizar los v\u00ednculos entre identidad e improvisaci\u00f3n en el grupo y la forma de baile espec\u00edfica de cada integrante, atravesada por componentes humanos y no humanos.<\/p>\n<p><span style=\"color: #008000\"><strong>Guadalupe Zaballo Dapuez <img decoding=\"async\" class=\"alignright wp-image-9004 size-medium\" src=\"http:\/\/ffyh.unc.edu.ar\/ciffyh\/wp-content\/uploads\/sites\/10\/2026\/03\/Mesa-de-trabajo-10-238x300.jpg\" alt=\"\" width=\"238\" height=\"300\" srcset=\"https:\/\/ffyh.unc.edu.ar\/ciffyh\/wp-content\/uploads\/sites\/10\/2026\/03\/Mesa-de-trabajo-10-238x300.jpg 238w, https:\/\/ffyh.unc.edu.ar\/ciffyh\/wp-content\/uploads\/sites\/10\/2026\/03\/Mesa-de-trabajo-10-813x1024.jpg 813w, https:\/\/ffyh.unc.edu.ar\/ciffyh\/wp-content\/uploads\/sites\/10\/2026\/03\/Mesa-de-trabajo-10-768x967.jpg 768w, https:\/\/ffyh.unc.edu.ar\/ciffyh\/wp-content\/uploads\/sites\/10\/2026\/03\/Mesa-de-trabajo-10.jpg 1080w\" sizes=\"(max-width: 238px) 100vw, 238px\" \/><br \/>\n<span style=\"color: #333333\">Proyecto: <\/span><\/strong><\/span>M\u00e1s fuerte que el tiempo era el r\u00edo: an\u00e1lisis del Paran\u00e1 en la narrativa de Selva Almada y \u00a0Libertad Demitr\u00f3pulos<\/p>\n<p><span style=\"color: #333333\"><strong>Directora:<\/strong><\/span> Franca Maccioni<br \/>\n<span style=\"color: #333333\"><strong>Co-directora:<\/strong><\/span> Gabriela Milone<\/p>\n<p>El proyecto propone\u00a0investigar las configuraciones del r\u00edo presentes en<i>\u00a0No es un r\u00edo\u00a0<\/i>de Selva Almada y\u00a0<i>R\u00edo de las congojas<\/i>\u00a0de Libertad Demitr\u00f3pulos. El r\u00edo sostiene las novelas como una columna vertebral, es a su vera que se suceden todos los acontecimientos que las componen. La pregunta por las formas en las que se configura al Paran\u00e1 en ambas novelas abre la posibilidad de delimitar dos estados del mismo r\u00edo marcado por la diferencia temporal no solo de producci\u00f3n sino tambi\u00e9n de narraci\u00f3n en ambas obras. De esta manera podemos identificar una red de significaciones que hacia el interior de la narraci\u00f3n van mutando, pasando por distintos usos a modo de recurso ret\u00f3rico pero tambi\u00e9n exponiendo los usos del r\u00edo como recurso natural.<\/p>\n<p><span style=\"color: #008000\"><strong>B\u00e1rbara P\u00e1ez Sueldo <img loading=\"lazy\" decoding=\"async\" class=\"alignright wp-image-9005 size-medium\" src=\"http:\/\/ffyh.unc.edu.ar\/ciffyh\/wp-content\/uploads\/sites\/10\/2026\/03\/Mesa-de-trabajo-11-238x300.jpg\" alt=\"\" width=\"238\" height=\"300\" srcset=\"https:\/\/ffyh.unc.edu.ar\/ciffyh\/wp-content\/uploads\/sites\/10\/2026\/03\/Mesa-de-trabajo-11-238x300.jpg 238w, https:\/\/ffyh.unc.edu.ar\/ciffyh\/wp-content\/uploads\/sites\/10\/2026\/03\/Mesa-de-trabajo-11-813x1024.jpg 813w, https:\/\/ffyh.unc.edu.ar\/ciffyh\/wp-content\/uploads\/sites\/10\/2026\/03\/Mesa-de-trabajo-11-768x967.jpg 768w, https:\/\/ffyh.unc.edu.ar\/ciffyh\/wp-content\/uploads\/sites\/10\/2026\/03\/Mesa-de-trabajo-11.jpg 1080w\" sizes=\"(max-width: 238px) 100vw, 238px\" \/><br \/>\n<span style=\"color: #333333\">Proyecto:<\/span> \u00a0<\/strong><span style=\"color: #000000\">Sobre la percepci\u00f3n del complejo sistema de interrelaciones llamado naturaleza: An\u00e1lisis de la filosof\u00eda de la ciencia de A. N. Whitehead durante el periodo de 1918-1922<\/span><\/span><\/p>\n<p><span style=\"color: #333333\"><strong>Director:<\/strong><\/span> Andr\u00e9 Ilcic<\/p>\n<p>El proyecto aborda la filosof\u00eda de la ciencia de Alfred North Whitehead durante el per\u00edodo 1918-1922, centrando el an\u00e1lisis en su cr\u00edtica a la bifurcaci\u00f3n entre una naturaleza \u201creal\u201d y una naturaleza \u201caparente\u201d. A partir del estudio de la bibliograf\u00eda del autor correspondiente a este per\u00edodo (<i>An Enquiry Concerning the Principles of Natural Knowledge\u00a0<\/i>(1919),\u00a0<i>The Concept of Nature\u00a0<\/i>(1920) y\u00a0<i>The Principle of Relativity\u00a0<\/i>(1922)), se examina su concepci\u00f3n de los eventos como elementos fundamentales de la percepci\u00f3n y su propuesta de una reformulaci\u00f3n de los conceptos de espacio, tiempo y materia. El trabajo busca mostrar la relevancia filos\u00f3fica de esta etapa temprana de Whitehead para la comprensi\u00f3n contempor\u00e1nea de la ciencia y de la relaci\u00f3n entre conocimiento y naturaleza.<\/p>\n<p><span style=\"color: #008000\"><strong>Ludmila Guti\u00e9rrez<img loading=\"lazy\" decoding=\"async\" class=\"alignright wp-image-9008 size-medium\" src=\"http:\/\/ffyh.unc.edu.ar\/ciffyh\/wp-content\/uploads\/sites\/10\/2026\/03\/Mesa-de-trabajo-12-238x300.jpg\" alt=\"\" width=\"238\" height=\"300\" srcset=\"https:\/\/ffyh.unc.edu.ar\/ciffyh\/wp-content\/uploads\/sites\/10\/2026\/03\/Mesa-de-trabajo-12-238x300.jpg 238w, https:\/\/ffyh.unc.edu.ar\/ciffyh\/wp-content\/uploads\/sites\/10\/2026\/03\/Mesa-de-trabajo-12-813x1024.jpg 813w, https:\/\/ffyh.unc.edu.ar\/ciffyh\/wp-content\/uploads\/sites\/10\/2026\/03\/Mesa-de-trabajo-12-768x967.jpg 768w, https:\/\/ffyh.unc.edu.ar\/ciffyh\/wp-content\/uploads\/sites\/10\/2026\/03\/Mesa-de-trabajo-12.jpg 1080w\" sizes=\"(max-width: 238px) 100vw, 238px\" \/><br \/>\n<span style=\"color: #000000\"><span style=\"color: #333333\">Proyecto:<\/span> <\/span><\/strong><span style=\"color: #000000\">Formarse como docente en tiempos de Inteligencia Artificial Generativa: pr\u00e1cticas acad\u00e9micas emergentes en estudiantes universitarios<\/span><\/span><\/p>\n<p><span style=\"color: #333333\"><strong>Directora:<\/strong><\/span> Marcela Carmen Pacheco<br \/>\n<span style=\"color: #333333\"><strong>Co-directora:<\/strong><\/span> Mariela Viviana Rodr\u00edguez<\/p>\n<p>Este proyecto de investigaci\u00f3n se propone reconstruir pr\u00e1cticas acad\u00e9micas emergentes vinculadas al uso de inteligencia artificial generativa (IAG) de estudiantes universitarios que realizan sus Pr\u00e1cticas y Residencias Docentes en las carreras de Ciencias de la Educaci\u00f3n e Historia. El an\u00e1lisis se organizar\u00e1 a partir de tres dimensiones articuladas: una dimensi\u00f3n subjetiva, orientada a comprender las valoraciones, percepciones y criterios que los estudiantes construyen en torno a estas tecnolog\u00edas, as\u00ed como a\u00a0identificar las preocupaciones \u00e9ticas que subyacen; una dimensi\u00f3n epistemol\u00f3gica, centrada en los efectos de estos usos sobre los modos de producci\u00f3n, validaci\u00f3n y apropiaci\u00f3n del conocimiento acad\u00e9mico; y una dimensi\u00f3n socio-pol\u00edtica, que problematizar\u00e1 las condiciones institucionales, normativas y sociales que influyen en el uso de estas tecnolog\u00edas durante la formaci\u00f3n docente. Desde un enfoque cualitativo-interpretativo, el trabajo buscar\u00e1 abordar este complejo fen\u00f3meno y sus efectos en las perspectivas pedag\u00f3gicas, metodol\u00f3gicas y pol\u00edticas que asumen los estudiantes en esta etapa de su formaci\u00f3n. Finalmente, se buscar\u00e1 reflexionar y sistematizar el uso de herramientas de IAG de forma documentada en cada etapa del Trabajo Final de Licenciatura, con el prop\u00f3sito de producir conocimiento cr\u00edtico sobre su inclusi\u00f3n en los procesos de investigaci\u00f3n.<\/p>\n<p><span style=\"color: #008000\"><strong>Mar\u00eda Celeste Monterisi<img loading=\"lazy\" decoding=\"async\" class=\"alignright wp-image-9006 size-medium\" src=\"http:\/\/ffyh.unc.edu.ar\/ciffyh\/wp-content\/uploads\/sites\/10\/2026\/03\/Mesa-de-trabajo-13-238x300.jpg\" alt=\"\" width=\"238\" height=\"300\" srcset=\"https:\/\/ffyh.unc.edu.ar\/ciffyh\/wp-content\/uploads\/sites\/10\/2026\/03\/Mesa-de-trabajo-13-238x300.jpg 238w, https:\/\/ffyh.unc.edu.ar\/ciffyh\/wp-content\/uploads\/sites\/10\/2026\/03\/Mesa-de-trabajo-13-813x1024.jpg 813w, https:\/\/ffyh.unc.edu.ar\/ciffyh\/wp-content\/uploads\/sites\/10\/2026\/03\/Mesa-de-trabajo-13-768x967.jpg 768w, https:\/\/ffyh.unc.edu.ar\/ciffyh\/wp-content\/uploads\/sites\/10\/2026\/03\/Mesa-de-trabajo-13.jpg 1080w\" sizes=\"(max-width: 238px) 100vw, 238px\" \/><br \/>\n<span style=\"color: #333333\">Proyecto: <\/span><\/strong><span style=\"color: #000000\">Trabajadoras s\u00ed, esclavas no\u201d: la sindicalizaci\u00f3n de las trabajadoras dom\u00e9sticas de C\u00f3rdoba (1983-1999)<\/span><\/span><\/p>\n<p><span style=\"color: #333333\"><strong>Directora:<\/strong><\/span> Ana Elisa Arriaga<\/p>\n<p>El proyecto indaga en el proceso de sindicalizaci\u00f3n de las trabajadoras dom\u00e9sticas en C\u00f3rdoba desde la transici\u00f3n democr\u00e1tica hasta fines de la d\u00e9cada de 1990, en un contexto marcado por profundas transformaciones institucionales en el pa\u00eds y cambios estructurales en el mercado de trabajo.<br \/>\nEn particular, analiza las reivindicaciones, las estrategias y las distintas formas de articulaci\u00f3n impulsadas por el Sindicato del Personal de Casas de Familia (SINPECAF) con los diversos niveles del Estado, as\u00ed como con actores sindicales, eclesi\u00e1sticos y feministas. Asimismo, examina los discursos y los sentidos atribuidos al trabajo, la domesticidad y el sindicalismo por las propias trabajadoras dom\u00e9sticas durante este per\u00edodo.<br \/>\nDesde el punto de vista metodol\u00f3gico, la investigaci\u00f3n se apoya en un corpus de fuentes orales \u2014entrevistas a referentes sindicales del per\u00edodo\u2014 y escritas, que incluyen bases de datos estad\u00edsticos, actas y boletines sindicales, publicaciones gremiales, prensa peri\u00f3dica, legislaci\u00f3n y debates parlamentarios, entre otras.<\/p>\n<p><span style=\"color: #008000\"><strong>Santiago V\u00e1zquez<img loading=\"lazy\" decoding=\"async\" class=\"alignright wp-image-9009 size-medium\" src=\"http:\/\/ffyh.unc.edu.ar\/ciffyh\/wp-content\/uploads\/sites\/10\/2026\/03\/Mesa-de-trabajo-141-238x300.jpg\" alt=\"\" width=\"238\" height=\"300\" srcset=\"https:\/\/ffyh.unc.edu.ar\/ciffyh\/wp-content\/uploads\/sites\/10\/2026\/03\/Mesa-de-trabajo-141-238x300.jpg 238w, https:\/\/ffyh.unc.edu.ar\/ciffyh\/wp-content\/uploads\/sites\/10\/2026\/03\/Mesa-de-trabajo-141-813x1024.jpg 813w, https:\/\/ffyh.unc.edu.ar\/ciffyh\/wp-content\/uploads\/sites\/10\/2026\/03\/Mesa-de-trabajo-141-768x967.jpg 768w, https:\/\/ffyh.unc.edu.ar\/ciffyh\/wp-content\/uploads\/sites\/10\/2026\/03\/Mesa-de-trabajo-141.jpg 1080w\" sizes=\"(max-width: 238px) 100vw, 238px\" \/><br \/>\n<span style=\"color: #333333\">Proyecto: <\/span><\/strong><span style=\"color: #000000\">Cancha, lugar y masculinidad\/es: An\u00e1lisis de las pr\u00e1cticas y sentidos de lugar relacionados a las hinchadas de f\u00fatbol en el Club Atl\u00e9tico Talleres de C\u00f3rdoba, Argentina (2016-2026)<\/span><strong><br \/>\n<\/strong><\/span><\/p>\n<p><span style=\"color: #333333\"><strong>Directora:<\/strong><\/span> Carolina Paula Ricci<br \/>\n<span style=\"color: #333333\"><strong>Co-director:<\/strong><\/span> Santiago Llorens<\/p>\n<p>La tesis busca analizar c\u00f3mo la cancha produce y reproduce pr\u00e1cticas y sentidos de lugar que establecen, e incluso fomentan, ciertos tipos de masculinidades. La recolecci\u00f3n de datos involucra metodolog\u00edas cualitativas de registro etnogr\u00e1fico, entrevistas semi-estructuradas y recolecci\u00f3n de informaci\u00f3n en redes sociales. La tesis se propone analizar la cancha desde una posicionamiento situado y entendiendo al lugar como un nodo abierto de relaciones entre lo local y lo global.<\/p>\n<p><span style=\"color: #008000\"><strong>Regina Lorea Arg\u00fcello Irusta<img loading=\"lazy\" decoding=\"async\" class=\"alignright wp-image-9007 size-medium\" src=\"http:\/\/ffyh.unc.edu.ar\/ciffyh\/wp-content\/uploads\/sites\/10\/2026\/03\/Mesa-de-trabajo-151-238x300.jpg\" alt=\"\" width=\"238\" height=\"300\" srcset=\"https:\/\/ffyh.unc.edu.ar\/ciffyh\/wp-content\/uploads\/sites\/10\/2026\/03\/Mesa-de-trabajo-151-238x300.jpg 238w, https:\/\/ffyh.unc.edu.ar\/ciffyh\/wp-content\/uploads\/sites\/10\/2026\/03\/Mesa-de-trabajo-151-813x1024.jpg 813w, https:\/\/ffyh.unc.edu.ar\/ciffyh\/wp-content\/uploads\/sites\/10\/2026\/03\/Mesa-de-trabajo-151-768x967.jpg 768w, https:\/\/ffyh.unc.edu.ar\/ciffyh\/wp-content\/uploads\/sites\/10\/2026\/03\/Mesa-de-trabajo-151.jpg 1080w\" sizes=\"(max-width: 238px) 100vw, 238px\" \/><br \/>\n<span style=\"color: #333333\">Proyecto: <\/span><\/strong><span style=\"color: #333333\">Entre encuentros virtuales, videos triple x y chats: una etnograf\u00eda sobre el mercado er\u00f3tico virtual en la C\u00f3rdoba contempor\u00e1nea<\/span><strong><br \/>\n<\/strong><\/span><\/p>\n<p><strong>Directora: <\/strong>Celeste Bianciotti<\/p>\n<p>A este proyecto para tesis de licenciatura en Antropolog\u00eda le interesa comprender c\u00f3mo se experimenta el mercado er\u00f3tico virtual entre personas adultas. Entrevistando y acompa\u00f1ando a quienes se desempe\u00f1an como\u00a0<i>webcamers<\/i>, vendedore\/as de contenido audiovisual sexual y\/o\u00a0<i>chatters<\/i>\u00a0en plataformas digitales. A trav\u00e9s de las pr\u00e1cticas y redes de estos agentes \u2014desde un enfoque etnogr\u00e1fico\u2014 analizo los cruzamientos entre sexualidades, subjetividades, emprendedurismo. De esta manera, indago sobre las trayectorias, habilidades y aspiraciones de estos sujetos para analizar c\u00f3mo conforman un mercado er\u00f3tico virtual local, y por tanto, particular.<\/p>\n<p><strong><span style=\"color: #008000\">Lino Mora Abichain<img loading=\"lazy\" decoding=\"async\" class=\"alignright wp-image-9010 size-medium\" src=\"http:\/\/ffyh.unc.edu.ar\/ciffyh\/wp-content\/uploads\/sites\/10\/2026\/03\/Mesa-de-trabajo-161-238x300.jpg\" alt=\"\" width=\"238\" height=\"300\" srcset=\"https:\/\/ffyh.unc.edu.ar\/ciffyh\/wp-content\/uploads\/sites\/10\/2026\/03\/Mesa-de-trabajo-161-238x300.jpg 238w, https:\/\/ffyh.unc.edu.ar\/ciffyh\/wp-content\/uploads\/sites\/10\/2026\/03\/Mesa-de-trabajo-161-813x1024.jpg 813w, https:\/\/ffyh.unc.edu.ar\/ciffyh\/wp-content\/uploads\/sites\/10\/2026\/03\/Mesa-de-trabajo-161-768x967.jpg 768w, https:\/\/ffyh.unc.edu.ar\/ciffyh\/wp-content\/uploads\/sites\/10\/2026\/03\/Mesa-de-trabajo-161.jpg 1080w\" sizes=\"(max-width: 238px) 100vw, 238px\" \/><br \/>\n<span style=\"color: #333333\">Proyecto: <\/span><\/span><\/strong><span style=\"color: #008000\"><span style=\"color: #333333\">Una aproximaci\u00f3n etnogr\u00e1fica al graffiti como pr\u00e1ctica urbana en la ciudad de C\u00f3rdoba (Argentina)<\/span><\/span><\/p>\n<p><strong>Directora:<\/strong> Jimena Massa<\/p>\n<div dir=\"auto\">En este proyecto, realizamos un acercamiento etnogr\u00e1fico al graffiti como pr\u00e1ctica urbana en C\u00f3rdoba. Desde un enfoque socioantropol\u00f3gico, interesa reconstruir la perspectiva de los graffiteros. Algunas de las preguntas que gu\u00edan el an\u00e1lisis son: \u00bfC\u00f3mo los graffiteros se apropian del espacio urbano? \u00bfC\u00f3mo es el proceso de construcci\u00f3n de una adscripci\u00f3n identitaria graffitera? \u00bfQu\u00e9 pr\u00e1cticas, rutinas y valores comparten los graffiteros?<\/div>\n<div dir=\"auto\"><\/div>\n<div dir=\"auto\"><strong><span style=\"color: #008000\">Valentina Goldraij <\/span><\/strong><\/div>\n<div dir=\"auto\">\n<p><strong><span style=\"color: #008000\"><span style=\"color: #333333\">Proyecto: <\/span><\/span><\/strong><span style=\"color: #008000\"><span style=\"color: #333333\">Ciencia ficci\u00f3n travesti de Claudia Rodr\u00edguez como dispositivo de<br \/>\n<\/span><\/span><span style=\"color: #008000\"><span style=\"color: #333333\">ficci\u00f3n especulativa transfeminista del<img loading=\"lazy\" decoding=\"async\" class=\"alignright wp-image-9031 size-medium\" src=\"http:\/\/ffyh.unc.edu.ar\/ciffyh\/wp-content\/uploads\/sites\/10\/2026\/03\/Mesa-de-trabajo-19-238x300.jpg\" alt=\"\" width=\"238\" height=\"300\" srcset=\"https:\/\/ffyh.unc.edu.ar\/ciffyh\/wp-content\/uploads\/sites\/10\/2026\/03\/Mesa-de-trabajo-19-238x300.jpg 238w, https:\/\/ffyh.unc.edu.ar\/ciffyh\/wp-content\/uploads\/sites\/10\/2026\/03\/Mesa-de-trabajo-19-814x1024.jpg 814w, https:\/\/ffyh.unc.edu.ar\/ciffyh\/wp-content\/uploads\/sites\/10\/2026\/03\/Mesa-de-trabajo-19-768x967.jpg 768w, https:\/\/ffyh.unc.edu.ar\/ciffyh\/wp-content\/uploads\/sites\/10\/2026\/03\/Mesa-de-trabajo-19-1221x1536.jpg 1221w, https:\/\/ffyh.unc.edu.ar\/ciffyh\/wp-content\/uploads\/sites\/10\/2026\/03\/Mesa-de-trabajo-19-1320x1661.jpg 1320w, https:\/\/ffyh.unc.edu.ar\/ciffyh\/wp-content\/uploads\/sites\/10\/2026\/03\/Mesa-de-trabajo-19.jpg 1501w\" sizes=\"(max-width: 238px) 100vw, 238px\" \/> sur<\/span><\/span><\/p>\n<p><strong>Directora: <\/strong>Mar\u00eda Ang\u00e9lica Vega<strong><br \/>\n<\/strong><strong>Co-directora: <\/strong>Patricia Hilda Rotger<\/p>\n<p>En el proyecto propongo una\u00a0indagaci\u00f3n sobre las figuraciones legibles en\u00a0<i>Ciencia ficci\u00f3n travesti<\/i>\u00a0(2023) \u2013antolog\u00eda de ocho cuentos y un ensayo\u2013 de la escritora y activista travesti chilena Claudia Rodr\u00edguez, en cuanto dispositivo de ficci\u00f3n especulativa transfeminista del sur. Las nociones de \u00absur\u00bb y de \u00abtransfeminismo\u00bb enmarcan el corpus analizado en un punto de enunciaci\u00f3n situado que alberga\u00a0una serie de pr\u00e1cticas, narraciones e intervenciones que se sustraen de corsets heteronormativos, coloniales, capitalistas y construyen una imaginaci\u00f3n pol\u00edtica feminista que act\u00faa en el orden de las palabras y los cuerpos.\u00a0Las figuraciones o formas figurativas son met\u00e1foras, ficciones pol\u00edticas que habilitan nuevas posibilidades interpretativas; son instrumentos para modificar lo real en la medida en que ejercen un impacto en la imaginer\u00eda pol\u00edtica.<\/p>\n<\/div>\n<div dir=\"auto\"><\/div>\n<div dir=\"auto\"><img loading=\"lazy\" decoding=\"async\" class=\"aligncenter wp-image-9014 size-full\" src=\"http:\/\/ffyh.unc.edu.ar\/ciffyh\/wp-content\/uploads\/sites\/10\/2026\/03\/WhatsApp-Image-2026-03-03-at-10.50.45.jpeg\" alt=\"\" width=\"1600\" height=\"720\" srcset=\"https:\/\/ffyh.unc.edu.ar\/ciffyh\/wp-content\/uploads\/sites\/10\/2026\/03\/WhatsApp-Image-2026-03-03-at-10.50.45.jpeg 1600w, https:\/\/ffyh.unc.edu.ar\/ciffyh\/wp-content\/uploads\/sites\/10\/2026\/03\/WhatsApp-Image-2026-03-03-at-10.50.45-300x135.jpeg 300w, https:\/\/ffyh.unc.edu.ar\/ciffyh\/wp-content\/uploads\/sites\/10\/2026\/03\/WhatsApp-Image-2026-03-03-at-10.50.45-1024x461.jpeg 1024w, https:\/\/ffyh.unc.edu.ar\/ciffyh\/wp-content\/uploads\/sites\/10\/2026\/03\/WhatsApp-Image-2026-03-03-at-10.50.45-768x346.jpeg 768w, https:\/\/ffyh.unc.edu.ar\/ciffyh\/wp-content\/uploads\/sites\/10\/2026\/03\/WhatsApp-Image-2026-03-03-at-10.50.45-1536x691.jpeg 1536w, https:\/\/ffyh.unc.edu.ar\/ciffyh\/wp-content\/uploads\/sites\/10\/2026\/03\/WhatsApp-Image-2026-03-03-at-10.50.45-1320x594.jpeg 1320w\" sizes=\"(max-width: 1600px) 100vw, 1600px\" \/><\/div>\n<div dir=\"auto\"><\/div>\n<div dir=\"auto\"><img loading=\"lazy\" decoding=\"async\" class=\"aligncenter wp-image-9013 size-full\" src=\"http:\/\/ffyh.unc.edu.ar\/ciffyh\/wp-content\/uploads\/sites\/10\/2026\/03\/WhatsApp-Image-2026-03-03-at-10.50.45-2.jpeg\" alt=\"\" width=\"1600\" height=\"720\" srcset=\"https:\/\/ffyh.unc.edu.ar\/ciffyh\/wp-content\/uploads\/sites\/10\/2026\/03\/WhatsApp-Image-2026-03-03-at-10.50.45-2.jpeg 1600w, https:\/\/ffyh.unc.edu.ar\/ciffyh\/wp-content\/uploads\/sites\/10\/2026\/03\/WhatsApp-Image-2026-03-03-at-10.50.45-2-300x135.jpeg 300w, https:\/\/ffyh.unc.edu.ar\/ciffyh\/wp-content\/uploads\/sites\/10\/2026\/03\/WhatsApp-Image-2026-03-03-at-10.50.45-2-1024x461.jpeg 1024w, https:\/\/ffyh.unc.edu.ar\/ciffyh\/wp-content\/uploads\/sites\/10\/2026\/03\/WhatsApp-Image-2026-03-03-at-10.50.45-2-768x346.jpeg 768w, https:\/\/ffyh.unc.edu.ar\/ciffyh\/wp-content\/uploads\/sites\/10\/2026\/03\/WhatsApp-Image-2026-03-03-at-10.50.45-2-1536x691.jpeg 1536w, https:\/\/ffyh.unc.edu.ar\/ciffyh\/wp-content\/uploads\/sites\/10\/2026\/03\/WhatsApp-Image-2026-03-03-at-10.50.45-2-1320x594.jpeg 1320w\" sizes=\"(max-width: 1600px) 100vw, 1600px\" \/><\/div>\n","protected":false},"excerpt":{"rendered":"<p>El jueves 26 de febrero se realiz\u00f3 la reuni\u00f3n de bienvenida a lxs nuevxs bacarixs de Iniciaci\u00f3n en la Investigaci\u00f3n<\/p>\n","protected":false},"author":39,"featured_media":8997,"comment_status":"closed","ping_status":"closed","sticky":false,"template":"","format":"standard","meta":{"_acf_changed":false,"colormag_page_container_layout":"default_layout","colormag_page_sidebar_layout":"default_layout","footnotes":""},"categories":[8],"tags":[],"class_list":["post-8996","post","type-post","status-publish","format-standard","has-post-thumbnail","hentry","category-noticias"],"acf":[],"yoast_head":"<!-- This site is optimized with the Yoast SEO plugin v27.1.1 - https:\/\/yoast.com\/product\/yoast-seo-wordpress\/ -->\n<title>Se incorporaron diez becarixs de Iniciaci\u00f3n en la Investigaci\u00f3n que trabajar\u00e1n en el CIFFyH - Centro de Investigaciones &quot;Maria Saleme de Burnichon&quot;<\/title>\n<meta name=\"robots\" content=\"index, follow, max-snippet:-1, max-image-preview:large, max-video-preview:-1\" \/>\n<link rel=\"canonical\" href=\"https:\/\/ffyh.unc.edu.ar\/ciffyh\/se-incorporaron-doce-becarixs-de-iniciacion-en-la-investigacion-que-trabajaran-en-el-ciffyh\/\" \/>\n<meta property=\"og:locale\" content=\"es_ES\" \/>\n<meta property=\"og:type\" content=\"article\" \/>\n<meta property=\"og:title\" content=\"Se incorporaron diez becarixs de Iniciaci\u00f3n en la Investigaci\u00f3n que trabajar\u00e1n en el CIFFyH - Centro de Investigaciones &quot;Maria Saleme de Burnichon&quot;\" \/>\n<meta property=\"og:description\" content=\"El jueves 26 de febrero se realiz\u00f3 la reuni\u00f3n de bienvenida a lxs nuevxs bacarixs de Iniciaci\u00f3n en la Investigaci\u00f3n\" \/>\n<meta property=\"og:url\" content=\"https:\/\/ffyh.unc.edu.ar\/ciffyh\/se-incorporaron-doce-becarixs-de-iniciacion-en-la-investigacion-que-trabajaran-en-el-ciffyh\/\" \/>\n<meta property=\"og:site_name\" content=\"Centro de Investigaciones &quot;Maria Saleme de Burnichon&quot;\" \/>\n<meta property=\"article:published_time\" content=\"2026-03-03T12:57:36+00:00\" \/>\n<meta property=\"article:modified_time\" content=\"2026-03-06T15:19:55+00:00\" \/>\n<meta property=\"og:image\" content=\"http:\/\/ffyh.unc.edu.ar\/ciffyh\/wp-content\/uploads\/sites\/10\/2026\/03\/WhatsApp-Image-2026-02-20-at-12.06.38.jpeg\" \/>\n\t<meta property=\"og:image:width\" content=\"834\" \/>\n\t<meta property=\"og:image:height\" content=\"464\" \/>\n\t<meta property=\"og:image:type\" content=\"image\/jpeg\" \/>\n<meta name=\"author\" content=\"tecnicaciffyh\" \/>\n<meta name=\"twitter:card\" content=\"summary_large_image\" \/>\n<meta name=\"twitter:label1\" content=\"Escrito por\" \/>\n\t<meta name=\"twitter:data1\" content=\"\" \/>\n\t<meta name=\"twitter:label2\" content=\"Tiempo de lectura\" \/>\n\t<meta name=\"twitter:data2\" content=\"10 minutos\" \/>\n<script type=\"application\/ld+json\" class=\"yoast-schema-graph\">{\"@context\":\"https:\/\/schema.org\",\"@graph\":[{\"@type\":\"Article\",\"@id\":\"https:\/\/ffyh.unc.edu.ar\/ciffyh\/se-incorporaron-doce-becarixs-de-iniciacion-en-la-investigacion-que-trabajaran-en-el-ciffyh\/#article\",\"isPartOf\":{\"@id\":\"https:\/\/ffyh.unc.edu.ar\/ciffyh\/se-incorporaron-doce-becarixs-de-iniciacion-en-la-investigacion-que-trabajaran-en-el-ciffyh\/\"},\"author\":{\"name\":\"tecnicaciffyh\",\"@id\":\"https:\/\/ffyh.unc.edu.ar\/ciffyh\/#\/schema\/person\/136b8e7d00e5053aff43b3dc53e99bc0\"},\"headline\":\"Se incorporaron diez becarixs de Iniciaci\u00f3n en la Investigaci\u00f3n que trabajar\u00e1n en el CIFFyH\",\"datePublished\":\"2026-03-03T12:57:36+00:00\",\"dateModified\":\"2026-03-06T15:19:55+00:00\",\"mainEntityOfPage\":{\"@id\":\"https:\/\/ffyh.unc.edu.ar\/ciffyh\/se-incorporaron-doce-becarixs-de-iniciacion-en-la-investigacion-que-trabajaran-en-el-ciffyh\/\"},\"wordCount\":1819,\"publisher\":{\"@id\":\"https:\/\/ffyh.unc.edu.ar\/ciffyh\/#organization\"},\"image\":{\"@id\":\"https:\/\/ffyh.unc.edu.ar\/ciffyh\/se-incorporaron-doce-becarixs-de-iniciacion-en-la-investigacion-que-trabajaran-en-el-ciffyh\/#primaryimage\"},\"thumbnailUrl\":\"https:\/\/ffyh.unc.edu.ar\/ciffyh\/wp-content\/uploads\/sites\/10\/2026\/03\/WhatsApp-Image-2026-02-20-at-12.06.38.jpeg\",\"articleSection\":[\"Noticias\"],\"inLanguage\":\"es\"},{\"@type\":\"WebPage\",\"@id\":\"https:\/\/ffyh.unc.edu.ar\/ciffyh\/se-incorporaron-doce-becarixs-de-iniciacion-en-la-investigacion-que-trabajaran-en-el-ciffyh\/\",\"url\":\"https:\/\/ffyh.unc.edu.ar\/ciffyh\/se-incorporaron-doce-becarixs-de-iniciacion-en-la-investigacion-que-trabajaran-en-el-ciffyh\/\",\"name\":\"Se incorporaron diez becarixs de Iniciaci\u00f3n en la Investigaci\u00f3n que trabajar\u00e1n en el CIFFyH - Centro de Investigaciones &quot;Maria Saleme de Burnichon&quot;\",\"isPartOf\":{\"@id\":\"https:\/\/ffyh.unc.edu.ar\/ciffyh\/#website\"},\"primaryImageOfPage\":{\"@id\":\"https:\/\/ffyh.unc.edu.ar\/ciffyh\/se-incorporaron-doce-becarixs-de-iniciacion-en-la-investigacion-que-trabajaran-en-el-ciffyh\/#primaryimage\"},\"image\":{\"@id\":\"https:\/\/ffyh.unc.edu.ar\/ciffyh\/se-incorporaron-doce-becarixs-de-iniciacion-en-la-investigacion-que-trabajaran-en-el-ciffyh\/#primaryimage\"},\"thumbnailUrl\":\"https:\/\/ffyh.unc.edu.ar\/ciffyh\/wp-content\/uploads\/sites\/10\/2026\/03\/WhatsApp-Image-2026-02-20-at-12.06.38.jpeg\",\"datePublished\":\"2026-03-03T12:57:36+00:00\",\"dateModified\":\"2026-03-06T15:19:55+00:00\",\"breadcrumb\":{\"@id\":\"https:\/\/ffyh.unc.edu.ar\/ciffyh\/se-incorporaron-doce-becarixs-de-iniciacion-en-la-investigacion-que-trabajaran-en-el-ciffyh\/#breadcrumb\"},\"inLanguage\":\"es\",\"potentialAction\":[{\"@type\":\"ReadAction\",\"target\":[\"https:\/\/ffyh.unc.edu.ar\/ciffyh\/se-incorporaron-doce-becarixs-de-iniciacion-en-la-investigacion-que-trabajaran-en-el-ciffyh\/\"]}]},{\"@type\":\"ImageObject\",\"inLanguage\":\"es\",\"@id\":\"https:\/\/ffyh.unc.edu.ar\/ciffyh\/se-incorporaron-doce-becarixs-de-iniciacion-en-la-investigacion-que-trabajaran-en-el-ciffyh\/#primaryimage\",\"url\":\"https:\/\/ffyh.unc.edu.ar\/ciffyh\/wp-content\/uploads\/sites\/10\/2026\/03\/WhatsApp-Image-2026-02-20-at-12.06.38.jpeg\",\"contentUrl\":\"https:\/\/ffyh.unc.edu.ar\/ciffyh\/wp-content\/uploads\/sites\/10\/2026\/03\/WhatsApp-Image-2026-02-20-at-12.06.38.jpeg\",\"width\":834,\"height\":464},{\"@type\":\"BreadcrumbList\",\"@id\":\"https:\/\/ffyh.unc.edu.ar\/ciffyh\/se-incorporaron-doce-becarixs-de-iniciacion-en-la-investigacion-que-trabajaran-en-el-ciffyh\/#breadcrumb\",\"itemListElement\":[{\"@type\":\"ListItem\",\"position\":1,\"name\":\"Portada\",\"item\":\"https:\/\/ffyh.unc.edu.ar\/ciffyh\/\"},{\"@type\":\"ListItem\",\"position\":2,\"name\":\"Se incorporaron diez becarixs de Iniciaci\u00f3n en la Investigaci\u00f3n que trabajar\u00e1n en el CIFFyH\"}]},{\"@type\":\"WebSite\",\"@id\":\"https:\/\/ffyh.unc.edu.ar\/ciffyh\/#website\",\"url\":\"https:\/\/ffyh.unc.edu.ar\/ciffyh\/\",\"name\":\"Centro de Investigaciones \\\"Maria Saleme de Burnichon\\\"\",\"description\":\"Facultad de Filosof\u00eda y Humanidades | UNC\",\"publisher\":{\"@id\":\"https:\/\/ffyh.unc.edu.ar\/ciffyh\/#organization\"},\"potentialAction\":[{\"@type\":\"SearchAction\",\"target\":{\"@type\":\"EntryPoint\",\"urlTemplate\":\"https:\/\/ffyh.unc.edu.ar\/ciffyh\/?s={search_term_string}\"},\"query-input\":{\"@type\":\"PropertyValueSpecification\",\"valueRequired\":true,\"valueName\":\"search_term_string\"}}],\"inLanguage\":\"es\"},{\"@type\":\"Organization\",\"@id\":\"https:\/\/ffyh.unc.edu.ar\/ciffyh\/#organization\",\"name\":\"Centro de Investigaciones \\\"Maria Saleme de Burnichon\\\"\",\"url\":\"https:\/\/ffyh.unc.edu.ar\/ciffyh\/\",\"logo\":{\"@type\":\"ImageObject\",\"inLanguage\":\"es\",\"@id\":\"https:\/\/ffyh.unc.edu.ar\/ciffyh\/#\/schema\/logo\/image\/\",\"url\":\"https:\/\/ffyh.unc.edu.ar\/ciffyh\/wp-content\/uploads\/sites\/10\/2018\/02\/cropped-logo-ciffyh-ico.png\",\"contentUrl\":\"https:\/\/ffyh.unc.edu.ar\/ciffyh\/wp-content\/uploads\/sites\/10\/2018\/02\/cropped-logo-ciffyh-ico.png\",\"width\":512,\"height\":512,\"caption\":\"Centro de Investigaciones \\\"Maria Saleme de Burnichon\\\"\"},\"image\":{\"@id\":\"https:\/\/ffyh.unc.edu.ar\/ciffyh\/#\/schema\/logo\/image\/\"},\"sameAs\":[\"https:\/\/www.instagram.com\/ciffyh\/\"]},{\"@type\":\"Person\",\"@id\":\"https:\/\/ffyh.unc.edu.ar\/ciffyh\/#\/schema\/person\/136b8e7d00e5053aff43b3dc53e99bc0\",\"name\":\"tecnicaciffyh\",\"image\":{\"@type\":\"ImageObject\",\"inLanguage\":\"es\",\"@id\":\"https:\/\/ffyh.unc.edu.ar\/ciffyh\/#\/schema\/person\/image\/\",\"url\":\"https:\/\/secure.gravatar.com\/avatar\/dce86f5e9bf49e3aa9e05e7ed5904a9112e25483e3c8f175eb93b2f53a67c2e4?s=96&d=mm&r=g\",\"contentUrl\":\"https:\/\/secure.gravatar.com\/avatar\/dce86f5e9bf49e3aa9e05e7ed5904a9112e25483e3c8f175eb93b2f53a67c2e4?s=96&d=mm&r=g\",\"caption\":\"tecnicaciffyh\"},\"url\":\"https:\/\/ffyh.unc.edu.ar\/ciffyh\/author\/tecnicaciffyh\/\"}]}<\/script>\n<!-- \/ Yoast SEO plugin. -->","yoast_head_json":{"title":"Se incorporaron diez becarixs de Iniciaci\u00f3n en la Investigaci\u00f3n que trabajar\u00e1n en el CIFFyH - Centro de Investigaciones &quot;Maria Saleme de Burnichon&quot;","robots":{"index":"index","follow":"follow","max-snippet":"max-snippet:-1","max-image-preview":"max-image-preview:large","max-video-preview":"max-video-preview:-1"},"canonical":"https:\/\/ffyh.unc.edu.ar\/ciffyh\/se-incorporaron-doce-becarixs-de-iniciacion-en-la-investigacion-que-trabajaran-en-el-ciffyh\/","og_locale":"es_ES","og_type":"article","og_title":"Se incorporaron diez becarixs de Iniciaci\u00f3n en la Investigaci\u00f3n que trabajar\u00e1n en el CIFFyH - Centro de Investigaciones &quot;Maria Saleme de Burnichon&quot;","og_description":"El jueves 26 de febrero se realiz\u00f3 la reuni\u00f3n de bienvenida a lxs nuevxs bacarixs de Iniciaci\u00f3n en la Investigaci\u00f3n","og_url":"https:\/\/ffyh.unc.edu.ar\/ciffyh\/se-incorporaron-doce-becarixs-de-iniciacion-en-la-investigacion-que-trabajaran-en-el-ciffyh\/","og_site_name":"Centro de Investigaciones &quot;Maria Saleme de Burnichon&quot;","article_published_time":"2026-03-03T12:57:36+00:00","article_modified_time":"2026-03-06T15:19:55+00:00","og_image":[{"width":834,"height":464,"url":"http:\/\/ffyh.unc.edu.ar\/ciffyh\/wp-content\/uploads\/sites\/10\/2026\/03\/WhatsApp-Image-2026-02-20-at-12.06.38.jpeg","type":"image\/jpeg"}],"author":"tecnicaciffyh","twitter_card":"summary_large_image","twitter_misc":{"Escrito por":false,"Tiempo de lectura":"10 minutos"},"schema":{"@context":"https:\/\/schema.org","@graph":[{"@type":"Article","@id":"https:\/\/ffyh.unc.edu.ar\/ciffyh\/se-incorporaron-doce-becarixs-de-iniciacion-en-la-investigacion-que-trabajaran-en-el-ciffyh\/#article","isPartOf":{"@id":"https:\/\/ffyh.unc.edu.ar\/ciffyh\/se-incorporaron-doce-becarixs-de-iniciacion-en-la-investigacion-que-trabajaran-en-el-ciffyh\/"},"author":{"name":"tecnicaciffyh","@id":"https:\/\/ffyh.unc.edu.ar\/ciffyh\/#\/schema\/person\/136b8e7d00e5053aff43b3dc53e99bc0"},"headline":"Se incorporaron diez becarixs de Iniciaci\u00f3n en la Investigaci\u00f3n que trabajar\u00e1n en el CIFFyH","datePublished":"2026-03-03T12:57:36+00:00","dateModified":"2026-03-06T15:19:55+00:00","mainEntityOfPage":{"@id":"https:\/\/ffyh.unc.edu.ar\/ciffyh\/se-incorporaron-doce-becarixs-de-iniciacion-en-la-investigacion-que-trabajaran-en-el-ciffyh\/"},"wordCount":1819,"publisher":{"@id":"https:\/\/ffyh.unc.edu.ar\/ciffyh\/#organization"},"image":{"@id":"https:\/\/ffyh.unc.edu.ar\/ciffyh\/se-incorporaron-doce-becarixs-de-iniciacion-en-la-investigacion-que-trabajaran-en-el-ciffyh\/#primaryimage"},"thumbnailUrl":"https:\/\/ffyh.unc.edu.ar\/ciffyh\/wp-content\/uploads\/sites\/10\/2026\/03\/WhatsApp-Image-2026-02-20-at-12.06.38.jpeg","articleSection":["Noticias"],"inLanguage":"es"},{"@type":"WebPage","@id":"https:\/\/ffyh.unc.edu.ar\/ciffyh\/se-incorporaron-doce-becarixs-de-iniciacion-en-la-investigacion-que-trabajaran-en-el-ciffyh\/","url":"https:\/\/ffyh.unc.edu.ar\/ciffyh\/se-incorporaron-doce-becarixs-de-iniciacion-en-la-investigacion-que-trabajaran-en-el-ciffyh\/","name":"Se incorporaron diez becarixs de Iniciaci\u00f3n en la Investigaci\u00f3n que trabajar\u00e1n en el CIFFyH - Centro de Investigaciones &quot;Maria Saleme de Burnichon&quot;","isPartOf":{"@id":"https:\/\/ffyh.unc.edu.ar\/ciffyh\/#website"},"primaryImageOfPage":{"@id":"https:\/\/ffyh.unc.edu.ar\/ciffyh\/se-incorporaron-doce-becarixs-de-iniciacion-en-la-investigacion-que-trabajaran-en-el-ciffyh\/#primaryimage"},"image":{"@id":"https:\/\/ffyh.unc.edu.ar\/ciffyh\/se-incorporaron-doce-becarixs-de-iniciacion-en-la-investigacion-que-trabajaran-en-el-ciffyh\/#primaryimage"},"thumbnailUrl":"https:\/\/ffyh.unc.edu.ar\/ciffyh\/wp-content\/uploads\/sites\/10\/2026\/03\/WhatsApp-Image-2026-02-20-at-12.06.38.jpeg","datePublished":"2026-03-03T12:57:36+00:00","dateModified":"2026-03-06T15:19:55+00:00","breadcrumb":{"@id":"https:\/\/ffyh.unc.edu.ar\/ciffyh\/se-incorporaron-doce-becarixs-de-iniciacion-en-la-investigacion-que-trabajaran-en-el-ciffyh\/#breadcrumb"},"inLanguage":"es","potentialAction":[{"@type":"ReadAction","target":["https:\/\/ffyh.unc.edu.ar\/ciffyh\/se-incorporaron-doce-becarixs-de-iniciacion-en-la-investigacion-que-trabajaran-en-el-ciffyh\/"]}]},{"@type":"ImageObject","inLanguage":"es","@id":"https:\/\/ffyh.unc.edu.ar\/ciffyh\/se-incorporaron-doce-becarixs-de-iniciacion-en-la-investigacion-que-trabajaran-en-el-ciffyh\/#primaryimage","url":"https:\/\/ffyh.unc.edu.ar\/ciffyh\/wp-content\/uploads\/sites\/10\/2026\/03\/WhatsApp-Image-2026-02-20-at-12.06.38.jpeg","contentUrl":"https:\/\/ffyh.unc.edu.ar\/ciffyh\/wp-content\/uploads\/sites\/10\/2026\/03\/WhatsApp-Image-2026-02-20-at-12.06.38.jpeg","width":834,"height":464},{"@type":"BreadcrumbList","@id":"https:\/\/ffyh.unc.edu.ar\/ciffyh\/se-incorporaron-doce-becarixs-de-iniciacion-en-la-investigacion-que-trabajaran-en-el-ciffyh\/#breadcrumb","itemListElement":[{"@type":"ListItem","position":1,"name":"Portada","item":"https:\/\/ffyh.unc.edu.ar\/ciffyh\/"},{"@type":"ListItem","position":2,"name":"Se incorporaron diez becarixs de Iniciaci\u00f3n en la Investigaci\u00f3n que trabajar\u00e1n en el CIFFyH"}]},{"@type":"WebSite","@id":"https:\/\/ffyh.unc.edu.ar\/ciffyh\/#website","url":"https:\/\/ffyh.unc.edu.ar\/ciffyh\/","name":"Centro de Investigaciones \"Maria Saleme de Burnichon\"","description":"Facultad de Filosof\u00eda y Humanidades | UNC","publisher":{"@id":"https:\/\/ffyh.unc.edu.ar\/ciffyh\/#organization"},"potentialAction":[{"@type":"SearchAction","target":{"@type":"EntryPoint","urlTemplate":"https:\/\/ffyh.unc.edu.ar\/ciffyh\/?s={search_term_string}"},"query-input":{"@type":"PropertyValueSpecification","valueRequired":true,"valueName":"search_term_string"}}],"inLanguage":"es"},{"@type":"Organization","@id":"https:\/\/ffyh.unc.edu.ar\/ciffyh\/#organization","name":"Centro de Investigaciones \"Maria Saleme de Burnichon\"","url":"https:\/\/ffyh.unc.edu.ar\/ciffyh\/","logo":{"@type":"ImageObject","inLanguage":"es","@id":"https:\/\/ffyh.unc.edu.ar\/ciffyh\/#\/schema\/logo\/image\/","url":"https:\/\/ffyh.unc.edu.ar\/ciffyh\/wp-content\/uploads\/sites\/10\/2018\/02\/cropped-logo-ciffyh-ico.png","contentUrl":"https:\/\/ffyh.unc.edu.ar\/ciffyh\/wp-content\/uploads\/sites\/10\/2018\/02\/cropped-logo-ciffyh-ico.png","width":512,"height":512,"caption":"Centro de Investigaciones \"Maria Saleme de Burnichon\""},"image":{"@id":"https:\/\/ffyh.unc.edu.ar\/ciffyh\/#\/schema\/logo\/image\/"},"sameAs":["https:\/\/www.instagram.com\/ciffyh\/"]},{"@type":"Person","@id":"https:\/\/ffyh.unc.edu.ar\/ciffyh\/#\/schema\/person\/136b8e7d00e5053aff43b3dc53e99bc0","name":"tecnicaciffyh","image":{"@type":"ImageObject","inLanguage":"es","@id":"https:\/\/ffyh.unc.edu.ar\/ciffyh\/#\/schema\/person\/image\/","url":"https:\/\/secure.gravatar.com\/avatar\/dce86f5e9bf49e3aa9e05e7ed5904a9112e25483e3c8f175eb93b2f53a67c2e4?s=96&d=mm&r=g","contentUrl":"https:\/\/secure.gravatar.com\/avatar\/dce86f5e9bf49e3aa9e05e7ed5904a9112e25483e3c8f175eb93b2f53a67c2e4?s=96&d=mm&r=g","caption":"tecnicaciffyh"},"url":"https:\/\/ffyh.unc.edu.ar\/ciffyh\/author\/tecnicaciffyh\/"}]}},"jetpack_featured_media_url":"https:\/\/ffyh.unc.edu.ar\/ciffyh\/wp-content\/uploads\/sites\/10\/2026\/03\/WhatsApp-Image-2026-02-20-at-12.06.38.jpeg","_links":{"self":[{"href":"https:\/\/ffyh.unc.edu.ar\/ciffyh\/wp-json\/wp\/v2\/posts\/8996","targetHints":{"allow":["GET"]}}],"collection":[{"href":"https:\/\/ffyh.unc.edu.ar\/ciffyh\/wp-json\/wp\/v2\/posts"}],"about":[{"href":"https:\/\/ffyh.unc.edu.ar\/ciffyh\/wp-json\/wp\/v2\/types\/post"}],"author":[{"embeddable":true,"href":"https:\/\/ffyh.unc.edu.ar\/ciffyh\/wp-json\/wp\/v2\/users\/39"}],"replies":[{"embeddable":true,"href":"https:\/\/ffyh.unc.edu.ar\/ciffyh\/wp-json\/wp\/v2\/comments?post=8996"}],"version-history":[{"count":14,"href":"https:\/\/ffyh.unc.edu.ar\/ciffyh\/wp-json\/wp\/v2\/posts\/8996\/revisions"}],"predecessor-version":[{"id":9032,"href":"https:\/\/ffyh.unc.edu.ar\/ciffyh\/wp-json\/wp\/v2\/posts\/8996\/revisions\/9032"}],"wp:featuredmedia":[{"embeddable":true,"href":"https:\/\/ffyh.unc.edu.ar\/ciffyh\/wp-json\/wp\/v2\/media\/8997"}],"wp:attachment":[{"href":"https:\/\/ffyh.unc.edu.ar\/ciffyh\/wp-json\/wp\/v2\/media?parent=8996"}],"wp:term":[{"taxonomy":"category","embeddable":true,"href":"https:\/\/ffyh.unc.edu.ar\/ciffyh\/wp-json\/wp\/v2\/categories?post=8996"},{"taxonomy":"post_tag","embeddable":true,"href":"https:\/\/ffyh.unc.edu.ar\/ciffyh\/wp-json\/wp\/v2\/tags?post=8996"}],"curies":[{"name":"wp","href":"https:\/\/api.w.org\/{rel}","templated":true}]}}