{"id":9027,"date":"2026-03-04T16:56:30","date_gmt":"2026-03-04T16:56:30","guid":{"rendered":"https:\/\/ffyh.unc.edu.ar\/ciffyh\/?p=9027"},"modified":"2026-03-04T17:06:42","modified_gmt":"2026-03-04T17:06:42","slug":"prorroga-para-el-envio-de-simposios-al-xiii-encuentro-interdisciplinario-de-ciencias-sociales-y-humanas-sostener-lo-publico-como-construccion-de-lo-comun-soberania-cientifica-y-futuro-de-las-cienci","status":"publish","type":"post","link":"https:\/\/ffyh.unc.edu.ar\/ciffyh\/prorroga-para-el-envio-de-simposios-al-xiii-encuentro-interdisciplinario-de-ciencias-sociales-y-humanas-sostener-lo-publico-como-construccion-de-lo-comun-soberania-cientifica-y-futuro-de-las-cienci\/","title":{"rendered":"Pr\u00f3rroga para el env\u00edo de simposios al XIII Encuentro Interdisciplinario de Ciencias Sociales y Humanas | Sostener lo p\u00fablico como construcci\u00f3n de lo com\u00fan: soberan\u00eda cient\u00edfica y futuro de las ciencias sociales y las humanidades"},"content":{"rendered":"<p>El plazo para el env\u00edo de simposios al <a href=\"https:\/\/ffyh.unc.edu.ar\/ciffyh\/esta-disponible-la-primera-circular-del-xiii-encuentro-interdisciplinario-de-ciencias-sociales-y-humanas-sostener-lo-publico-como-construccion-de-lo-comun-soberania-cientifica-y-futuro-de-las-cienc\/\" target=\"_blank\" rel=\"noopener\">XIII Encuentro Interdisciplinario de Ciencias Sociales y Humanas | Sostener lo p\u00fablico como construcci\u00f3n de lo com\u00fan: soberan\u00eda cient\u00edfica y futuro de las ciencias sociales y las humanidades<\/a> se extendi\u00f3 hasta el <span style=\"color: #008000\"><strong>23\/03\/26<\/strong><\/span><\/p>\n<p><img fetchpriority=\"high\" decoding=\"async\" class=\"aligncenter wp-image-9028 size-full\" src=\"http:\/\/ffyh.unc.edu.ar\/ciffyh\/wp-content\/uploads\/sites\/10\/2026\/03\/flyer_prorroga-Xlll-encuentro.jpeg\" alt=\"\" width=\"1081\" height=\"1081\" srcset=\"https:\/\/ffyh.unc.edu.ar\/ciffyh\/wp-content\/uploads\/sites\/10\/2026\/03\/flyer_prorroga-Xlll-encuentro.jpeg 1081w, https:\/\/ffyh.unc.edu.ar\/ciffyh\/wp-content\/uploads\/sites\/10\/2026\/03\/flyer_prorroga-Xlll-encuentro-300x300.jpeg 300w, https:\/\/ffyh.unc.edu.ar\/ciffyh\/wp-content\/uploads\/sites\/10\/2026\/03\/flyer_prorroga-Xlll-encuentro-1024x1024.jpeg 1024w, https:\/\/ffyh.unc.edu.ar\/ciffyh\/wp-content\/uploads\/sites\/10\/2026\/03\/flyer_prorroga-Xlll-encuentro-150x150.jpeg 150w, https:\/\/ffyh.unc.edu.ar\/ciffyh\/wp-content\/uploads\/sites\/10\/2026\/03\/flyer_prorroga-Xlll-encuentro-768x768.jpeg 768w\" sizes=\"(max-width: 1081px) 100vw, 1081px\" \/><\/p>\n","protected":false},"excerpt":{"rendered":"<p>El plazo para el env\u00edo de simposios al XIII Encuentro Interdisciplinario de Ciencias Sociales y Humanas | Sostener lo p\u00fablico<\/p>\n","protected":false},"author":39,"featured_media":9030,"comment_status":"closed","ping_status":"closed","sticky":false,"template":"","format":"standard","meta":{"_acf_changed":false,"colormag_page_container_layout":"default_layout","colormag_page_sidebar_layout":"default_layout","footnotes":""},"categories":[65],"tags":[],"class_list":["post-9027","post","type-post","status-publish","format-standard","has-post-thumbnail","hentry","category-encuentro-interdisciplinario-ciffyh-idh"],"acf":[],"yoast_head":"<!-- This site is optimized with the Yoast SEO plugin v27.1.1 - https:\/\/yoast.com\/product\/yoast-seo-wordpress\/ -->\n<title>Pr\u00f3rroga para el env\u00edo de simposios al XIII Encuentro Interdisciplinario de Ciencias Sociales y Humanas | Sostener lo p\u00fablico como construcci\u00f3n de lo com\u00fan: soberan\u00eda cient\u00edfica y futuro de las ciencias sociales y las humanidades - Centro de Investigaciones &quot;Maria Saleme de Burnichon&quot;<\/title>\n<meta name=\"robots\" content=\"index, follow, max-snippet:-1, max-image-preview:large, max-video-preview:-1\" \/>\n<link rel=\"canonical\" href=\"https:\/\/ffyh.unc.edu.ar\/ciffyh\/prorroga-para-el-envio-de-simposios-al-xiii-encuentro-interdisciplinario-de-ciencias-sociales-y-humanas-sostener-lo-publico-como-construccion-de-lo-comun-soberania-cientifica-y-futuro-de-las-cienci\/\" \/>\n<meta property=\"og:locale\" content=\"es_ES\" \/>\n<meta property=\"og:type\" content=\"article\" \/>\n<meta property=\"og:title\" content=\"Pr\u00f3rroga para el env\u00edo de simposios al XIII Encuentro Interdisciplinario de Ciencias Sociales y Humanas | Sostener lo p\u00fablico como construcci\u00f3n de lo com\u00fan: soberan\u00eda cient\u00edfica y futuro de las ciencias sociales y las humanidades - Centro de Investigaciones &quot;Maria Saleme de Burnichon&quot;\" \/>\n<meta property=\"og:description\" content=\"El plazo para el env\u00edo de simposios al XIII Encuentro Interdisciplinario de Ciencias Sociales y Humanas | Sostener lo p\u00fablico\" \/>\n<meta property=\"og:url\" content=\"https:\/\/ffyh.unc.edu.ar\/ciffyh\/prorroga-para-el-envio-de-simposios-al-xiii-encuentro-interdisciplinario-de-ciencias-sociales-y-humanas-sostener-lo-publico-como-construccion-de-lo-comun-soberania-cientifica-y-futuro-de-las-cienci\/\" \/>\n<meta property=\"og:site_name\" content=\"Centro de Investigaciones &quot;Maria Saleme de Burnichon&quot;\" \/>\n<meta property=\"article:published_time\" content=\"2026-03-04T16:56:30+00:00\" \/>\n<meta property=\"article:modified_time\" content=\"2026-03-04T17:06:42+00:00\" \/>\n<meta property=\"og:image\" content=\"http:\/\/ffyh.unc.edu.ar\/ciffyh\/wp-content\/uploads\/sites\/10\/2026\/03\/WhatsApp-Image-2026-03-04-at-14.05.47.jpeg\" \/>\n\t<meta property=\"og:image:width\" content=\"1066\" \/>\n\t<meta property=\"og:image:height\" content=\"613\" \/>\n\t<meta property=\"og:image:type\" content=\"image\/jpeg\" \/>\n<meta name=\"author\" content=\"tecnicaciffyh\" \/>\n<meta name=\"twitter:card\" content=\"summary_large_image\" \/>\n<meta name=\"twitter:label1\" content=\"Escrito por\" \/>\n\t<meta name=\"twitter:data1\" content=\"\" \/>\n\t<meta name=\"twitter:label2\" content=\"Tiempo de lectura\" \/>\n\t<meta name=\"twitter:data2\" content=\"1 minuto\" \/>\n<script type=\"application\/ld+json\" class=\"yoast-schema-graph\">{\"@context\":\"https:\/\/schema.org\",\"@graph\":[{\"@type\":\"Article\",\"@id\":\"https:\/\/ffyh.unc.edu.ar\/ciffyh\/prorroga-para-el-envio-de-simposios-al-xiii-encuentro-interdisciplinario-de-ciencias-sociales-y-humanas-sostener-lo-publico-como-construccion-de-lo-comun-soberania-cientifica-y-futuro-de-las-cienci\/#article\",\"isPartOf\":{\"@id\":\"https:\/\/ffyh.unc.edu.ar\/ciffyh\/prorroga-para-el-envio-de-simposios-al-xiii-encuentro-interdisciplinario-de-ciencias-sociales-y-humanas-sostener-lo-publico-como-construccion-de-lo-comun-soberania-cientifica-y-futuro-de-las-cienci\/\"},\"author\":{\"name\":\"tecnicaciffyh\",\"@id\":\"https:\/\/ffyh.unc.edu.ar\/ciffyh\/#\/schema\/person\/136b8e7d00e5053aff43b3dc53e99bc0\"},\"headline\":\"Pr\u00f3rroga para el env\u00edo de simposios al XIII Encuentro Interdisciplinario de Ciencias Sociales y Humanas | Sostener lo p\u00fablico como construcci\u00f3n de lo com\u00fan: soberan\u00eda cient\u00edfica y futuro de las ciencias sociales y las humanidades\",\"datePublished\":\"2026-03-04T16:56:30+00:00\",\"dateModified\":\"2026-03-04T17:06:42+00:00\",\"mainEntityOfPage\":{\"@id\":\"https:\/\/ffyh.unc.edu.ar\/ciffyh\/prorroga-para-el-envio-de-simposios-al-xiii-encuentro-interdisciplinario-de-ciencias-sociales-y-humanas-sostener-lo-publico-como-construccion-de-lo-comun-soberania-cientifica-y-futuro-de-las-cienci\/\"},\"wordCount\":86,\"publisher\":{\"@id\":\"https:\/\/ffyh.unc.edu.ar\/ciffyh\/#organization\"},\"image\":{\"@id\":\"https:\/\/ffyh.unc.edu.ar\/ciffyh\/prorroga-para-el-envio-de-simposios-al-xiii-encuentro-interdisciplinario-de-ciencias-sociales-y-humanas-sostener-lo-publico-como-construccion-de-lo-comun-soberania-cientifica-y-futuro-de-las-cienci\/#primaryimage\"},\"thumbnailUrl\":\"https:\/\/ffyh.unc.edu.ar\/ciffyh\/wp-content\/uploads\/sites\/10\/2026\/03\/WhatsApp-Image-2026-03-04-at-14.05.47.jpeg\",\"articleSection\":[\"Encuentro Interdisciplinario CIFFyH-IDH\"],\"inLanguage\":\"es\"},{\"@type\":\"WebPage\",\"@id\":\"https:\/\/ffyh.unc.edu.ar\/ciffyh\/prorroga-para-el-envio-de-simposios-al-xiii-encuentro-interdisciplinario-de-ciencias-sociales-y-humanas-sostener-lo-publico-como-construccion-de-lo-comun-soberania-cientifica-y-futuro-de-las-cienci\/\",\"url\":\"https:\/\/ffyh.unc.edu.ar\/ciffyh\/prorroga-para-el-envio-de-simposios-al-xiii-encuentro-interdisciplinario-de-ciencias-sociales-y-humanas-sostener-lo-publico-como-construccion-de-lo-comun-soberania-cientifica-y-futuro-de-las-cienci\/\",\"name\":\"Pr\u00f3rroga para el env\u00edo de simposios al XIII Encuentro Interdisciplinario de Ciencias Sociales y Humanas | Sostener lo p\u00fablico como construcci\u00f3n de lo com\u00fan: soberan\u00eda cient\u00edfica y futuro de las ciencias sociales y las humanidades - Centro de Investigaciones &quot;Maria Saleme de Burnichon&quot;\",\"isPartOf\":{\"@id\":\"https:\/\/ffyh.unc.edu.ar\/ciffyh\/#website\"},\"primaryImageOfPage\":{\"@id\":\"https:\/\/ffyh.unc.edu.ar\/ciffyh\/prorroga-para-el-envio-de-simposios-al-xiii-encuentro-interdisciplinario-de-ciencias-sociales-y-humanas-sostener-lo-publico-como-construccion-de-lo-comun-soberania-cientifica-y-futuro-de-las-cienci\/#primaryimage\"},\"image\":{\"@id\":\"https:\/\/ffyh.unc.edu.ar\/ciffyh\/prorroga-para-el-envio-de-simposios-al-xiii-encuentro-interdisciplinario-de-ciencias-sociales-y-humanas-sostener-lo-publico-como-construccion-de-lo-comun-soberania-cientifica-y-futuro-de-las-cienci\/#primaryimage\"},\"thumbnailUrl\":\"https:\/\/ffyh.unc.edu.ar\/ciffyh\/wp-content\/uploads\/sites\/10\/2026\/03\/WhatsApp-Image-2026-03-04-at-14.05.47.jpeg\",\"datePublished\":\"2026-03-04T16:56:30+00:00\",\"dateModified\":\"2026-03-04T17:06:42+00:00\",\"breadcrumb\":{\"@id\":\"https:\/\/ffyh.unc.edu.ar\/ciffyh\/prorroga-para-el-envio-de-simposios-al-xiii-encuentro-interdisciplinario-de-ciencias-sociales-y-humanas-sostener-lo-publico-como-construccion-de-lo-comun-soberania-cientifica-y-futuro-de-las-cienci\/#breadcrumb\"},\"inLanguage\":\"es\",\"potentialAction\":[{\"@type\":\"ReadAction\",\"target\":[\"https:\/\/ffyh.unc.edu.ar\/ciffyh\/prorroga-para-el-envio-de-simposios-al-xiii-encuentro-interdisciplinario-de-ciencias-sociales-y-humanas-sostener-lo-publico-como-construccion-de-lo-comun-soberania-cientifica-y-futuro-de-las-cienci\/\"]}]},{\"@type\":\"ImageObject\",\"inLanguage\":\"es\",\"@id\":\"https:\/\/ffyh.unc.edu.ar\/ciffyh\/prorroga-para-el-envio-de-simposios-al-xiii-encuentro-interdisciplinario-de-ciencias-sociales-y-humanas-sostener-lo-publico-como-construccion-de-lo-comun-soberania-cientifica-y-futuro-de-las-cienci\/#primaryimage\",\"url\":\"https:\/\/ffyh.unc.edu.ar\/ciffyh\/wp-content\/uploads\/sites\/10\/2026\/03\/WhatsApp-Image-2026-03-04-at-14.05.47.jpeg\",\"contentUrl\":\"https:\/\/ffyh.unc.edu.ar\/ciffyh\/wp-content\/uploads\/sites\/10\/2026\/03\/WhatsApp-Image-2026-03-04-at-14.05.47.jpeg\",\"width\":1066,\"height\":613},{\"@type\":\"BreadcrumbList\",\"@id\":\"https:\/\/ffyh.unc.edu.ar\/ciffyh\/prorroga-para-el-envio-de-simposios-al-xiii-encuentro-interdisciplinario-de-ciencias-sociales-y-humanas-sostener-lo-publico-como-construccion-de-lo-comun-soberania-cientifica-y-futuro-de-las-cienci\/#breadcrumb\",\"itemListElement\":[{\"@type\":\"ListItem\",\"position\":1,\"name\":\"Portada\",\"item\":\"https:\/\/ffyh.unc.edu.ar\/ciffyh\/\"},{\"@type\":\"ListItem\",\"position\":2,\"name\":\"Pr\u00f3rroga para el env\u00edo de simposios al XIII Encuentro Interdisciplinario de Ciencias Sociales y Humanas | Sostener lo p\u00fablico como construcci\u00f3n de lo com\u00fan: soberan\u00eda cient\u00edfica y futuro de las ciencias sociales y las humanidades\"}]},{\"@type\":\"WebSite\",\"@id\":\"https:\/\/ffyh.unc.edu.ar\/ciffyh\/#website\",\"url\":\"https:\/\/ffyh.unc.edu.ar\/ciffyh\/\",\"name\":\"Centro de Investigaciones \\\"Maria Saleme de Burnichon\\\"\",\"description\":\"Facultad de Filosof\u00eda y Humanidades | UNC\",\"publisher\":{\"@id\":\"https:\/\/ffyh.unc.edu.ar\/ciffyh\/#organization\"},\"potentialAction\":[{\"@type\":\"SearchAction\",\"target\":{\"@type\":\"EntryPoint\",\"urlTemplate\":\"https:\/\/ffyh.unc.edu.ar\/ciffyh\/?s={search_term_string}\"},\"query-input\":{\"@type\":\"PropertyValueSpecification\",\"valueRequired\":true,\"valueName\":\"search_term_string\"}}],\"inLanguage\":\"es\"},{\"@type\":\"Organization\",\"@id\":\"https:\/\/ffyh.unc.edu.ar\/ciffyh\/#organization\",\"name\":\"Centro de Investigaciones \\\"Maria Saleme de Burnichon\\\"\",\"url\":\"https:\/\/ffyh.unc.edu.ar\/ciffyh\/\",\"logo\":{\"@type\":\"ImageObject\",\"inLanguage\":\"es\",\"@id\":\"https:\/\/ffyh.unc.edu.ar\/ciffyh\/#\/schema\/logo\/image\/\",\"url\":\"https:\/\/ffyh.unc.edu.ar\/ciffyh\/wp-content\/uploads\/sites\/10\/2018\/02\/cropped-logo-ciffyh-ico.png\",\"contentUrl\":\"https:\/\/ffyh.unc.edu.ar\/ciffyh\/wp-content\/uploads\/sites\/10\/2018\/02\/cropped-logo-ciffyh-ico.png\",\"width\":512,\"height\":512,\"caption\":\"Centro de Investigaciones \\\"Maria Saleme de Burnichon\\\"\"},\"image\":{\"@id\":\"https:\/\/ffyh.unc.edu.ar\/ciffyh\/#\/schema\/logo\/image\/\"},\"sameAs\":[\"https:\/\/www.instagram.com\/ciffyh\/\"]},{\"@type\":\"Person\",\"@id\":\"https:\/\/ffyh.unc.edu.ar\/ciffyh\/#\/schema\/person\/136b8e7d00e5053aff43b3dc53e99bc0\",\"name\":\"tecnicaciffyh\",\"image\":{\"@type\":\"ImageObject\",\"inLanguage\":\"es\",\"@id\":\"https:\/\/ffyh.unc.edu.ar\/ciffyh\/#\/schema\/person\/image\/\",\"url\":\"https:\/\/secure.gravatar.com\/avatar\/dce86f5e9bf49e3aa9e05e7ed5904a9112e25483e3c8f175eb93b2f53a67c2e4?s=96&d=mm&r=g\",\"contentUrl\":\"https:\/\/secure.gravatar.com\/avatar\/dce86f5e9bf49e3aa9e05e7ed5904a9112e25483e3c8f175eb93b2f53a67c2e4?s=96&d=mm&r=g\",\"caption\":\"tecnicaciffyh\"},\"url\":\"https:\/\/ffyh.unc.edu.ar\/ciffyh\/author\/tecnicaciffyh\/\"}]}<\/script>\n<!-- \/ Yoast SEO plugin. -->","yoast_head_json":{"title":"Pr\u00f3rroga para el env\u00edo de simposios al XIII Encuentro Interdisciplinario de Ciencias Sociales y Humanas | Sostener lo p\u00fablico como construcci\u00f3n de lo com\u00fan: soberan\u00eda cient\u00edfica y futuro de las ciencias sociales y las humanidades - Centro de Investigaciones &quot;Maria Saleme de Burnichon&quot;","robots":{"index":"index","follow":"follow","max-snippet":"max-snippet:-1","max-image-preview":"max-image-preview:large","max-video-preview":"max-video-preview:-1"},"canonical":"https:\/\/ffyh.unc.edu.ar\/ciffyh\/prorroga-para-el-envio-de-simposios-al-xiii-encuentro-interdisciplinario-de-ciencias-sociales-y-humanas-sostener-lo-publico-como-construccion-de-lo-comun-soberania-cientifica-y-futuro-de-las-cienci\/","og_locale":"es_ES","og_type":"article","og_title":"Pr\u00f3rroga para el env\u00edo de simposios al XIII Encuentro Interdisciplinario de Ciencias Sociales y Humanas | Sostener lo p\u00fablico como construcci\u00f3n de lo com\u00fan: soberan\u00eda cient\u00edfica y futuro de las ciencias sociales y las humanidades - Centro de Investigaciones &quot;Maria Saleme de Burnichon&quot;","og_description":"El plazo para el env\u00edo de simposios al XIII Encuentro Interdisciplinario de Ciencias Sociales y Humanas | Sostener lo p\u00fablico","og_url":"https:\/\/ffyh.unc.edu.ar\/ciffyh\/prorroga-para-el-envio-de-simposios-al-xiii-encuentro-interdisciplinario-de-ciencias-sociales-y-humanas-sostener-lo-publico-como-construccion-de-lo-comun-soberania-cientifica-y-futuro-de-las-cienci\/","og_site_name":"Centro de Investigaciones &quot;Maria Saleme de Burnichon&quot;","article_published_time":"2026-03-04T16:56:30+00:00","article_modified_time":"2026-03-04T17:06:42+00:00","og_image":[{"width":1066,"height":613,"url":"http:\/\/ffyh.unc.edu.ar\/ciffyh\/wp-content\/uploads\/sites\/10\/2026\/03\/WhatsApp-Image-2026-03-04-at-14.05.47.jpeg","type":"image\/jpeg"}],"author":"tecnicaciffyh","twitter_card":"summary_large_image","twitter_misc":{"Escrito por":false,"Tiempo de lectura":"1 minuto"},"schema":{"@context":"https:\/\/schema.org","@graph":[{"@type":"Article","@id":"https:\/\/ffyh.unc.edu.ar\/ciffyh\/prorroga-para-el-envio-de-simposios-al-xiii-encuentro-interdisciplinario-de-ciencias-sociales-y-humanas-sostener-lo-publico-como-construccion-de-lo-comun-soberania-cientifica-y-futuro-de-las-cienci\/#article","isPartOf":{"@id":"https:\/\/ffyh.unc.edu.ar\/ciffyh\/prorroga-para-el-envio-de-simposios-al-xiii-encuentro-interdisciplinario-de-ciencias-sociales-y-humanas-sostener-lo-publico-como-construccion-de-lo-comun-soberania-cientifica-y-futuro-de-las-cienci\/"},"author":{"name":"tecnicaciffyh","@id":"https:\/\/ffyh.unc.edu.ar\/ciffyh\/#\/schema\/person\/136b8e7d00e5053aff43b3dc53e99bc0"},"headline":"Pr\u00f3rroga para el env\u00edo de simposios al XIII Encuentro Interdisciplinario de Ciencias Sociales y Humanas | Sostener lo p\u00fablico como construcci\u00f3n de lo com\u00fan: soberan\u00eda cient\u00edfica y futuro de las ciencias sociales y las humanidades","datePublished":"2026-03-04T16:56:30+00:00","dateModified":"2026-03-04T17:06:42+00:00","mainEntityOfPage":{"@id":"https:\/\/ffyh.unc.edu.ar\/ciffyh\/prorroga-para-el-envio-de-simposios-al-xiii-encuentro-interdisciplinario-de-ciencias-sociales-y-humanas-sostener-lo-publico-como-construccion-de-lo-comun-soberania-cientifica-y-futuro-de-las-cienci\/"},"wordCount":86,"publisher":{"@id":"https:\/\/ffyh.unc.edu.ar\/ciffyh\/#organization"},"image":{"@id":"https:\/\/ffyh.unc.edu.ar\/ciffyh\/prorroga-para-el-envio-de-simposios-al-xiii-encuentro-interdisciplinario-de-ciencias-sociales-y-humanas-sostener-lo-publico-como-construccion-de-lo-comun-soberania-cientifica-y-futuro-de-las-cienci\/#primaryimage"},"thumbnailUrl":"https:\/\/ffyh.unc.edu.ar\/ciffyh\/wp-content\/uploads\/sites\/10\/2026\/03\/WhatsApp-Image-2026-03-04-at-14.05.47.jpeg","articleSection":["Encuentro Interdisciplinario CIFFyH-IDH"],"inLanguage":"es"},{"@type":"WebPage","@id":"https:\/\/ffyh.unc.edu.ar\/ciffyh\/prorroga-para-el-envio-de-simposios-al-xiii-encuentro-interdisciplinario-de-ciencias-sociales-y-humanas-sostener-lo-publico-como-construccion-de-lo-comun-soberania-cientifica-y-futuro-de-las-cienci\/","url":"https:\/\/ffyh.unc.edu.ar\/ciffyh\/prorroga-para-el-envio-de-simposios-al-xiii-encuentro-interdisciplinario-de-ciencias-sociales-y-humanas-sostener-lo-publico-como-construccion-de-lo-comun-soberania-cientifica-y-futuro-de-las-cienci\/","name":"Pr\u00f3rroga para el env\u00edo de simposios al XIII Encuentro Interdisciplinario de Ciencias Sociales y Humanas | Sostener lo p\u00fablico como construcci\u00f3n de lo com\u00fan: soberan\u00eda cient\u00edfica y futuro de las ciencias sociales y las humanidades - Centro de Investigaciones &quot;Maria Saleme de Burnichon&quot;","isPartOf":{"@id":"https:\/\/ffyh.unc.edu.ar\/ciffyh\/#website"},"primaryImageOfPage":{"@id":"https:\/\/ffyh.unc.edu.ar\/ciffyh\/prorroga-para-el-envio-de-simposios-al-xiii-encuentro-interdisciplinario-de-ciencias-sociales-y-humanas-sostener-lo-publico-como-construccion-de-lo-comun-soberania-cientifica-y-futuro-de-las-cienci\/#primaryimage"},"image":{"@id":"https:\/\/ffyh.unc.edu.ar\/ciffyh\/prorroga-para-el-envio-de-simposios-al-xiii-encuentro-interdisciplinario-de-ciencias-sociales-y-humanas-sostener-lo-publico-como-construccion-de-lo-comun-soberania-cientifica-y-futuro-de-las-cienci\/#primaryimage"},"thumbnailUrl":"https:\/\/ffyh.unc.edu.ar\/ciffyh\/wp-content\/uploads\/sites\/10\/2026\/03\/WhatsApp-Image-2026-03-04-at-14.05.47.jpeg","datePublished":"2026-03-04T16:56:30+00:00","dateModified":"2026-03-04T17:06:42+00:00","breadcrumb":{"@id":"https:\/\/ffyh.unc.edu.ar\/ciffyh\/prorroga-para-el-envio-de-simposios-al-xiii-encuentro-interdisciplinario-de-ciencias-sociales-y-humanas-sostener-lo-publico-como-construccion-de-lo-comun-soberania-cientifica-y-futuro-de-las-cienci\/#breadcrumb"},"inLanguage":"es","potentialAction":[{"@type":"ReadAction","target":["https:\/\/ffyh.unc.edu.ar\/ciffyh\/prorroga-para-el-envio-de-simposios-al-xiii-encuentro-interdisciplinario-de-ciencias-sociales-y-humanas-sostener-lo-publico-como-construccion-de-lo-comun-soberania-cientifica-y-futuro-de-las-cienci\/"]}]},{"@type":"ImageObject","inLanguage":"es","@id":"https:\/\/ffyh.unc.edu.ar\/ciffyh\/prorroga-para-el-envio-de-simposios-al-xiii-encuentro-interdisciplinario-de-ciencias-sociales-y-humanas-sostener-lo-publico-como-construccion-de-lo-comun-soberania-cientifica-y-futuro-de-las-cienci\/#primaryimage","url":"https:\/\/ffyh.unc.edu.ar\/ciffyh\/wp-content\/uploads\/sites\/10\/2026\/03\/WhatsApp-Image-2026-03-04-at-14.05.47.jpeg","contentUrl":"https:\/\/ffyh.unc.edu.ar\/ciffyh\/wp-content\/uploads\/sites\/10\/2026\/03\/WhatsApp-Image-2026-03-04-at-14.05.47.jpeg","width":1066,"height":613},{"@type":"BreadcrumbList","@id":"https:\/\/ffyh.unc.edu.ar\/ciffyh\/prorroga-para-el-envio-de-simposios-al-xiii-encuentro-interdisciplinario-de-ciencias-sociales-y-humanas-sostener-lo-publico-como-construccion-de-lo-comun-soberania-cientifica-y-futuro-de-las-cienci\/#breadcrumb","itemListElement":[{"@type":"ListItem","position":1,"name":"Portada","item":"https:\/\/ffyh.unc.edu.ar\/ciffyh\/"},{"@type":"ListItem","position":2,"name":"Pr\u00f3rroga para el env\u00edo de simposios al XIII Encuentro Interdisciplinario de Ciencias Sociales y Humanas | Sostener lo p\u00fablico como construcci\u00f3n de lo com\u00fan: soberan\u00eda cient\u00edfica y futuro de las ciencias sociales y las humanidades"}]},{"@type":"WebSite","@id":"https:\/\/ffyh.unc.edu.ar\/ciffyh\/#website","url":"https:\/\/ffyh.unc.edu.ar\/ciffyh\/","name":"Centro de Investigaciones \"Maria Saleme de Burnichon\"","description":"Facultad de Filosof\u00eda y Humanidades | UNC","publisher":{"@id":"https:\/\/ffyh.unc.edu.ar\/ciffyh\/#organization"},"potentialAction":[{"@type":"SearchAction","target":{"@type":"EntryPoint","urlTemplate":"https:\/\/ffyh.unc.edu.ar\/ciffyh\/?s={search_term_string}"},"query-input":{"@type":"PropertyValueSpecification","valueRequired":true,"valueName":"search_term_string"}}],"inLanguage":"es"},{"@type":"Organization","@id":"https:\/\/ffyh.unc.edu.ar\/ciffyh\/#organization","name":"Centro de Investigaciones \"Maria Saleme de Burnichon\"","url":"https:\/\/ffyh.unc.edu.ar\/ciffyh\/","logo":{"@type":"ImageObject","inLanguage":"es","@id":"https:\/\/ffyh.unc.edu.ar\/ciffyh\/#\/schema\/logo\/image\/","url":"https:\/\/ffyh.unc.edu.ar\/ciffyh\/wp-content\/uploads\/sites\/10\/2018\/02\/cropped-logo-ciffyh-ico.png","contentUrl":"https:\/\/ffyh.unc.edu.ar\/ciffyh\/wp-content\/uploads\/sites\/10\/2018\/02\/cropped-logo-ciffyh-ico.png","width":512,"height":512,"caption":"Centro de Investigaciones \"Maria Saleme de Burnichon\""},"image":{"@id":"https:\/\/ffyh.unc.edu.ar\/ciffyh\/#\/schema\/logo\/image\/"},"sameAs":["https:\/\/www.instagram.com\/ciffyh\/"]},{"@type":"Person","@id":"https:\/\/ffyh.unc.edu.ar\/ciffyh\/#\/schema\/person\/136b8e7d00e5053aff43b3dc53e99bc0","name":"tecnicaciffyh","image":{"@type":"ImageObject","inLanguage":"es","@id":"https:\/\/ffyh.unc.edu.ar\/ciffyh\/#\/schema\/person\/image\/","url":"https:\/\/secure.gravatar.com\/avatar\/dce86f5e9bf49e3aa9e05e7ed5904a9112e25483e3c8f175eb93b2f53a67c2e4?s=96&d=mm&r=g","contentUrl":"https:\/\/secure.gravatar.com\/avatar\/dce86f5e9bf49e3aa9e05e7ed5904a9112e25483e3c8f175eb93b2f53a67c2e4?s=96&d=mm&r=g","caption":"tecnicaciffyh"},"url":"https:\/\/ffyh.unc.edu.ar\/ciffyh\/author\/tecnicaciffyh\/"}]}},"jetpack_featured_media_url":"https:\/\/ffyh.unc.edu.ar\/ciffyh\/wp-content\/uploads\/sites\/10\/2026\/03\/WhatsApp-Image-2026-03-04-at-14.05.47.jpeg","_links":{"self":[{"href":"https:\/\/ffyh.unc.edu.ar\/ciffyh\/wp-json\/wp\/v2\/posts\/9027","targetHints":{"allow":["GET"]}}],"collection":[{"href":"https:\/\/ffyh.unc.edu.ar\/ciffyh\/wp-json\/wp\/v2\/posts"}],"about":[{"href":"https:\/\/ffyh.unc.edu.ar\/ciffyh\/wp-json\/wp\/v2\/types\/post"}],"author":[{"embeddable":true,"href":"https:\/\/ffyh.unc.edu.ar\/ciffyh\/wp-json\/wp\/v2\/users\/39"}],"replies":[{"embeddable":true,"href":"https:\/\/ffyh.unc.edu.ar\/ciffyh\/wp-json\/wp\/v2\/comments?post=9027"}],"version-history":[{"count":1,"href":"https:\/\/ffyh.unc.edu.ar\/ciffyh\/wp-json\/wp\/v2\/posts\/9027\/revisions"}],"predecessor-version":[{"id":9029,"href":"https:\/\/ffyh.unc.edu.ar\/ciffyh\/wp-json\/wp\/v2\/posts\/9027\/revisions\/9029"}],"wp:featuredmedia":[{"embeddable":true,"href":"https:\/\/ffyh.unc.edu.ar\/ciffyh\/wp-json\/wp\/v2\/media\/9030"}],"wp:attachment":[{"href":"https:\/\/ffyh.unc.edu.ar\/ciffyh\/wp-json\/wp\/v2\/media?parent=9027"}],"wp:term":[{"taxonomy":"category","embeddable":true,"href":"https:\/\/ffyh.unc.edu.ar\/ciffyh\/wp-json\/wp\/v2\/categories?post=9027"},{"taxonomy":"post_tag","embeddable":true,"href":"https:\/\/ffyh.unc.edu.ar\/ciffyh\/wp-json\/wp\/v2\/tags?post=9027"}],"curies":[{"name":"wp","href":"https:\/\/api.w.org\/{rel}","templated":true}]}}