{"id":9071,"date":"2026-03-26T15:19:59","date_gmt":"2026-03-26T15:19:59","guid":{"rendered":"https:\/\/ffyh.unc.edu.ar\/ciffyh\/?p=9071"},"modified":"2026-03-26T15:30:27","modified_gmt":"2026-03-26T15:30:27","slug":"reuniones-de-discusion-sobre-psicoanalisis-y-teoria-critica-del-grupo-de-investigacion-modernidad-estetica-y-teoria-critica","status":"publish","type":"post","link":"https:\/\/ffyh.unc.edu.ar\/ciffyh\/reuniones-de-discusion-sobre-psicoanalisis-y-teoria-critica-del-grupo-de-investigacion-modernidad-estetica-y-teoria-critica\/","title":{"rendered":"El grupo de investigaci\u00f3n: Modernidad est\u00e9tica y teor\u00eda cr\u00edtica invita a participar de las reuniones de discusi\u00f3n del primer semestre sobre Psicoan\u00e1lisis y teor\u00eda cr\u00edtica"},"content":{"rendered":"<p>El grupo de investigaci\u00f3n <em>Modernidad est\u00e9tica y teor\u00eda<\/em> <em>cr\u00edtica <\/em>del \u00c1rea de Filosof\u00eda del CIFFyH invita a participar de las reuniones de discusi\u00f3n del primer semestre sobre <strong>Psicoan\u00e1lisis y teor\u00eda cr\u00edtica<\/strong>.<\/p>\n<p>Los encuentros\u00a0 se realizan los<strong> viernes<\/strong>\u00a0de <strong>17 a 20 <\/strong>horas en el CIFFyH.<\/p>\n<p><strong>Consultas:<\/strong><br \/>\nesteban.alejandro.juarez@unc.edu.ar<br \/>\nveronica.galfione@unc.edu.ar<\/p>\n<p><strong>Cronograma:<\/strong><\/p>\n<p><span style=\"color: #008000\"><strong>20 de febrero<\/strong><\/span><br \/>\nLectura y discusi\u00f3n grupal<\/p>\n<p><strong>Textos:<\/strong><br \/>\nLa Negaci\u00f3n, S. Freud<br \/>\nHegel and Freud, A. Zupancic<\/p>\n<p><strong>Lectura complementaria:<\/strong><br \/>\nNegaci\u00f3n, en Diccionario de Psicoan\u00e1lisis<\/p>\n<p><span style=\"color: #008000\"><strong>13 de marzo<\/strong><\/span><br \/>\nLectura y discusi\u00f3n grupal<\/p>\n<p><strong>Textos:<\/strong><br \/>\nM\u00e1s all\u00e1 del principio del placer (1920), S. Freud<\/p>\n<p><span style=\"color: #008000\"><strong>17 de abril<\/strong><\/span><br \/>\nLectura y discusi\u00f3n grupal<\/p>\n<p><strong>Textos:<\/strong><br \/>\nEl malestar de la cultura, S. Freud<br \/>\nM\u00e9todo y funci\u00f3n de una psicolog\u00eda social anal\u00edtica, E. Fromm<\/p>\n<p><strong>Lectura complementaria:<\/strong><br \/>\nPsicoan\u00e1lisis y materialismo hist\u00f3rico, H. Dahmer<\/p>\n<p><strong><span style=\"color: #008000\">22 de mayo<\/span><\/strong><br \/>\nLectura y discusi\u00f3n grupal<\/p>\n<p><strong>Textos:<\/strong><br \/>\nLa doctrina de los instintos y la libertad, H. Marcuse<br \/>\nLa idea de progreso a la luz del psicoan\u00e1lisis, H. Marcuse<\/p>\n<p><strong>Lecturas complementarias:<\/strong><br \/>\nEros y civilizaci\u00f3n, H. Marcuse (selecci\u00f3n)<br \/>\nRepresi\u00f3n final. Adorno y Marcuse sobre la antinomia del progreso, R. Brassier<\/p>\n<p><strong><span style=\"color: #008000\">5 de junio<\/span><\/strong><br \/>\nLectura y discusi\u00f3n grupal<\/p>\n<p><strong>Textos:<\/strong><br \/>\nEl psicoan\u00e1lisis revisado, T. Adorno<br \/>\nPoscriptum, T. Adorno<\/p>\n<p><strong>Lecturas complementarias:<\/strong><br \/>\nWeighty Objects On Adorno\u2019s Kant-Freud Interpretation, J. Whitebook<br \/>\nA transforma\u00e7\u00e3o da Cr\u00edtica da Raz\u00e3o em an\u00e1lise de patologias do social: O caso Theodor Adorno, V. Safatle<\/p>\n<p><strong><span style=\"color: #008000\">19 de junio<\/span><\/strong><br \/>\nLectura y discusi\u00f3n grupal<\/p>\n<p><strong>Texto:<\/strong><br \/>\nTeor\u00eda est\u00e9tica, T. Adorno (Selecci\u00f3n de par\u00e1grafos: \u201cCr\u00edtica de la teor\u00eda psicoanal\u00edtica del arte\u201d, \u201cLas teor\u00edas del arte de Kant y Freud\u201d, \u201cGoce est\u00e9tico\u201d, \u201cHedonismo est\u00e9tico y felicidad del conocimiento\u201d)<\/p>\n<p><strong><span style=\"color: #008000\">2 de julio<\/span><\/strong><br \/>\nLectura y discusi\u00f3n grupal<\/p>\n<p><strong>Texto:<\/strong><br \/>\nAngustia y pol\u00edtica, F. Neumann<\/p>\n<p><img fetchpriority=\"high\" decoding=\"async\" class=\"aligncenter wp-image-9074 size-full\" src=\"http:\/\/ffyh.unc.edu.ar\/ciffyh\/wp-content\/uploads\/sites\/10\/2026\/03\/flyer_reuniones-Juarez.jpeg\" alt=\"\" width=\"1270\" height=\"1600\" srcset=\"https:\/\/ffyh.unc.edu.ar\/ciffyh\/wp-content\/uploads\/sites\/10\/2026\/03\/flyer_reuniones-Juarez.jpeg 1270w, https:\/\/ffyh.unc.edu.ar\/ciffyh\/wp-content\/uploads\/sites\/10\/2026\/03\/flyer_reuniones-Juarez-238x300.jpeg 238w, https:\/\/ffyh.unc.edu.ar\/ciffyh\/wp-content\/uploads\/sites\/10\/2026\/03\/flyer_reuniones-Juarez-813x1024.jpeg 813w, https:\/\/ffyh.unc.edu.ar\/ciffyh\/wp-content\/uploads\/sites\/10\/2026\/03\/flyer_reuniones-Juarez-768x968.jpeg 768w, https:\/\/ffyh.unc.edu.ar\/ciffyh\/wp-content\/uploads\/sites\/10\/2026\/03\/flyer_reuniones-Juarez-1219x1536.jpeg 1219w\" sizes=\"(max-width: 1270px) 100vw, 1270px\" \/><\/p>\n","protected":false},"excerpt":{"rendered":"<p>El grupo de investigaci\u00f3n Modernidad est\u00e9tica y teor\u00eda cr\u00edtica del \u00c1rea de Filosof\u00eda del CIFFyH invita a participar de las<\/p>\n","protected":false},"author":39,"featured_media":9074,"comment_status":"closed","ping_status":"closed","sticky":false,"template":"","format":"standard","meta":{"_acf_changed":false,"colormag_page_container_layout":"default_layout","colormag_page_sidebar_layout":"default_layout","footnotes":""},"categories":[49,8],"tags":[],"class_list":["post-9071","post","type-post","status-publish","format-standard","has-post-thumbnail","hentry","category-filosofia","category-noticias"],"acf":[],"yoast_head":"<!-- This site is optimized with the Yoast SEO plugin v27.1.1 - https:\/\/yoast.com\/product\/yoast-seo-wordpress\/ -->\n<title>El grupo de investigaci\u00f3n: Modernidad est\u00e9tica y teor\u00eda cr\u00edtica invita a participar de las reuniones de discusi\u00f3n del primer semestre sobre Psicoan\u00e1lisis y teor\u00eda cr\u00edtica - Centro de Investigaciones &quot;Maria Saleme de Burnichon&quot;<\/title>\n<meta name=\"robots\" content=\"index, follow, max-snippet:-1, max-image-preview:large, max-video-preview:-1\" \/>\n<link rel=\"canonical\" href=\"https:\/\/ffyh.unc.edu.ar\/ciffyh\/reuniones-de-discusion-sobre-psicoanalisis-y-teoria-critica-del-grupo-de-investigacion-modernidad-estetica-y-teoria-critica\/\" \/>\n<meta property=\"og:locale\" content=\"es_ES\" \/>\n<meta property=\"og:type\" content=\"article\" \/>\n<meta property=\"og:title\" content=\"El grupo de investigaci\u00f3n: Modernidad est\u00e9tica y teor\u00eda cr\u00edtica invita a participar de las reuniones de discusi\u00f3n del primer semestre sobre Psicoan\u00e1lisis y teor\u00eda cr\u00edtica - Centro de Investigaciones &quot;Maria Saleme de Burnichon&quot;\" \/>\n<meta property=\"og:description\" content=\"El grupo de investigaci\u00f3n Modernidad est\u00e9tica y teor\u00eda cr\u00edtica del \u00c1rea de Filosof\u00eda del CIFFyH invita a participar de las\" \/>\n<meta property=\"og:url\" content=\"https:\/\/ffyh.unc.edu.ar\/ciffyh\/reuniones-de-discusion-sobre-psicoanalisis-y-teoria-critica-del-grupo-de-investigacion-modernidad-estetica-y-teoria-critica\/\" \/>\n<meta property=\"og:site_name\" content=\"Centro de Investigaciones &quot;Maria Saleme de Burnichon&quot;\" \/>\n<meta property=\"article:published_time\" content=\"2026-03-26T15:19:59+00:00\" \/>\n<meta property=\"article:modified_time\" content=\"2026-03-26T15:30:27+00:00\" \/>\n<meta property=\"og:image\" content=\"http:\/\/ffyh.unc.edu.ar\/ciffyh\/wp-content\/uploads\/sites\/10\/2026\/03\/flyer_reuniones-Juarez.jpeg\" \/>\n\t<meta property=\"og:image:width\" content=\"1270\" \/>\n\t<meta property=\"og:image:height\" content=\"1600\" \/>\n\t<meta property=\"og:image:type\" content=\"image\/jpeg\" \/>\n<meta name=\"author\" content=\"tecnicaciffyh\" \/>\n<meta name=\"twitter:card\" content=\"summary_large_image\" \/>\n<meta name=\"twitter:label1\" content=\"Escrito por\" \/>\n\t<meta name=\"twitter:data1\" content=\"\" \/>\n\t<meta name=\"twitter:label2\" content=\"Tiempo de lectura\" \/>\n\t<meta name=\"twitter:data2\" content=\"2 minutos\" \/>\n<script type=\"application\/ld+json\" class=\"yoast-schema-graph\">{\"@context\":\"https:\/\/schema.org\",\"@graph\":[{\"@type\":\"Article\",\"@id\":\"https:\/\/ffyh.unc.edu.ar\/ciffyh\/reuniones-de-discusion-sobre-psicoanalisis-y-teoria-critica-del-grupo-de-investigacion-modernidad-estetica-y-teoria-critica\/#article\",\"isPartOf\":{\"@id\":\"https:\/\/ffyh.unc.edu.ar\/ciffyh\/reuniones-de-discusion-sobre-psicoanalisis-y-teoria-critica-del-grupo-de-investigacion-modernidad-estetica-y-teoria-critica\/\"},\"author\":{\"name\":\"tecnicaciffyh\",\"@id\":\"https:\/\/ffyh.unc.edu.ar\/ciffyh\/#\/schema\/person\/136b8e7d00e5053aff43b3dc53e99bc0\"},\"headline\":\"El grupo de investigaci\u00f3n: Modernidad est\u00e9tica y teor\u00eda cr\u00edtica invita a participar de las reuniones de discusi\u00f3n del primer semestre sobre Psicoan\u00e1lisis y teor\u00eda cr\u00edtica\",\"datePublished\":\"2026-03-26T15:19:59+00:00\",\"dateModified\":\"2026-03-26T15:30:27+00:00\",\"mainEntityOfPage\":{\"@id\":\"https:\/\/ffyh.unc.edu.ar\/ciffyh\/reuniones-de-discusion-sobre-psicoanalisis-y-teoria-critica-del-grupo-de-investigacion-modernidad-estetica-y-teoria-critica\/\"},\"wordCount\":346,\"publisher\":{\"@id\":\"https:\/\/ffyh.unc.edu.ar\/ciffyh\/#organization\"},\"image\":{\"@id\":\"https:\/\/ffyh.unc.edu.ar\/ciffyh\/reuniones-de-discusion-sobre-psicoanalisis-y-teoria-critica-del-grupo-de-investigacion-modernidad-estetica-y-teoria-critica\/#primaryimage\"},\"thumbnailUrl\":\"https:\/\/ffyh.unc.edu.ar\/ciffyh\/wp-content\/uploads\/sites\/10\/2026\/03\/flyer_reuniones-Juarez.jpeg\",\"articleSection\":[\"\u00c1rea Filosof\u00eda\",\"Noticias\"],\"inLanguage\":\"es\"},{\"@type\":\"WebPage\",\"@id\":\"https:\/\/ffyh.unc.edu.ar\/ciffyh\/reuniones-de-discusion-sobre-psicoanalisis-y-teoria-critica-del-grupo-de-investigacion-modernidad-estetica-y-teoria-critica\/\",\"url\":\"https:\/\/ffyh.unc.edu.ar\/ciffyh\/reuniones-de-discusion-sobre-psicoanalisis-y-teoria-critica-del-grupo-de-investigacion-modernidad-estetica-y-teoria-critica\/\",\"name\":\"El grupo de investigaci\u00f3n: Modernidad est\u00e9tica y teor\u00eda cr\u00edtica invita a participar de las reuniones de discusi\u00f3n del primer semestre sobre Psicoan\u00e1lisis y teor\u00eda cr\u00edtica - Centro de Investigaciones &quot;Maria Saleme de Burnichon&quot;\",\"isPartOf\":{\"@id\":\"https:\/\/ffyh.unc.edu.ar\/ciffyh\/#website\"},\"primaryImageOfPage\":{\"@id\":\"https:\/\/ffyh.unc.edu.ar\/ciffyh\/reuniones-de-discusion-sobre-psicoanalisis-y-teoria-critica-del-grupo-de-investigacion-modernidad-estetica-y-teoria-critica\/#primaryimage\"},\"image\":{\"@id\":\"https:\/\/ffyh.unc.edu.ar\/ciffyh\/reuniones-de-discusion-sobre-psicoanalisis-y-teoria-critica-del-grupo-de-investigacion-modernidad-estetica-y-teoria-critica\/#primaryimage\"},\"thumbnailUrl\":\"https:\/\/ffyh.unc.edu.ar\/ciffyh\/wp-content\/uploads\/sites\/10\/2026\/03\/flyer_reuniones-Juarez.jpeg\",\"datePublished\":\"2026-03-26T15:19:59+00:00\",\"dateModified\":\"2026-03-26T15:30:27+00:00\",\"breadcrumb\":{\"@id\":\"https:\/\/ffyh.unc.edu.ar\/ciffyh\/reuniones-de-discusion-sobre-psicoanalisis-y-teoria-critica-del-grupo-de-investigacion-modernidad-estetica-y-teoria-critica\/#breadcrumb\"},\"inLanguage\":\"es\",\"potentialAction\":[{\"@type\":\"ReadAction\",\"target\":[\"https:\/\/ffyh.unc.edu.ar\/ciffyh\/reuniones-de-discusion-sobre-psicoanalisis-y-teoria-critica-del-grupo-de-investigacion-modernidad-estetica-y-teoria-critica\/\"]}]},{\"@type\":\"ImageObject\",\"inLanguage\":\"es\",\"@id\":\"https:\/\/ffyh.unc.edu.ar\/ciffyh\/reuniones-de-discusion-sobre-psicoanalisis-y-teoria-critica-del-grupo-de-investigacion-modernidad-estetica-y-teoria-critica\/#primaryimage\",\"url\":\"https:\/\/ffyh.unc.edu.ar\/ciffyh\/wp-content\/uploads\/sites\/10\/2026\/03\/flyer_reuniones-Juarez.jpeg\",\"contentUrl\":\"https:\/\/ffyh.unc.edu.ar\/ciffyh\/wp-content\/uploads\/sites\/10\/2026\/03\/flyer_reuniones-Juarez.jpeg\",\"width\":1270,\"height\":1600},{\"@type\":\"BreadcrumbList\",\"@id\":\"https:\/\/ffyh.unc.edu.ar\/ciffyh\/reuniones-de-discusion-sobre-psicoanalisis-y-teoria-critica-del-grupo-de-investigacion-modernidad-estetica-y-teoria-critica\/#breadcrumb\",\"itemListElement\":[{\"@type\":\"ListItem\",\"position\":1,\"name\":\"Portada\",\"item\":\"https:\/\/ffyh.unc.edu.ar\/ciffyh\/\"},{\"@type\":\"ListItem\",\"position\":2,\"name\":\"El grupo de investigaci\u00f3n: Modernidad est\u00e9tica y teor\u00eda cr\u00edtica invita a participar de las reuniones de discusi\u00f3n del primer semestre sobre Psicoan\u00e1lisis y teor\u00eda cr\u00edtica\"}]},{\"@type\":\"WebSite\",\"@id\":\"https:\/\/ffyh.unc.edu.ar\/ciffyh\/#website\",\"url\":\"https:\/\/ffyh.unc.edu.ar\/ciffyh\/\",\"name\":\"Centro de Investigaciones \\\"Maria Saleme de Burnichon\\\"\",\"description\":\"Facultad de Filosof\u00eda y Humanidades | UNC\",\"publisher\":{\"@id\":\"https:\/\/ffyh.unc.edu.ar\/ciffyh\/#organization\"},\"potentialAction\":[{\"@type\":\"SearchAction\",\"target\":{\"@type\":\"EntryPoint\",\"urlTemplate\":\"https:\/\/ffyh.unc.edu.ar\/ciffyh\/?s={search_term_string}\"},\"query-input\":{\"@type\":\"PropertyValueSpecification\",\"valueRequired\":true,\"valueName\":\"search_term_string\"}}],\"inLanguage\":\"es\"},{\"@type\":\"Organization\",\"@id\":\"https:\/\/ffyh.unc.edu.ar\/ciffyh\/#organization\",\"name\":\"Centro de Investigaciones \\\"Maria Saleme de Burnichon\\\"\",\"url\":\"https:\/\/ffyh.unc.edu.ar\/ciffyh\/\",\"logo\":{\"@type\":\"ImageObject\",\"inLanguage\":\"es\",\"@id\":\"https:\/\/ffyh.unc.edu.ar\/ciffyh\/#\/schema\/logo\/image\/\",\"url\":\"https:\/\/ffyh.unc.edu.ar\/ciffyh\/wp-content\/uploads\/sites\/10\/2018\/02\/cropped-logo-ciffyh-ico.png\",\"contentUrl\":\"https:\/\/ffyh.unc.edu.ar\/ciffyh\/wp-content\/uploads\/sites\/10\/2018\/02\/cropped-logo-ciffyh-ico.png\",\"width\":512,\"height\":512,\"caption\":\"Centro de Investigaciones \\\"Maria Saleme de Burnichon\\\"\"},\"image\":{\"@id\":\"https:\/\/ffyh.unc.edu.ar\/ciffyh\/#\/schema\/logo\/image\/\"},\"sameAs\":[\"https:\/\/www.instagram.com\/ciffyh\/\"]},{\"@type\":\"Person\",\"@id\":\"https:\/\/ffyh.unc.edu.ar\/ciffyh\/#\/schema\/person\/136b8e7d00e5053aff43b3dc53e99bc0\",\"name\":\"tecnicaciffyh\",\"image\":{\"@type\":\"ImageObject\",\"inLanguage\":\"es\",\"@id\":\"https:\/\/ffyh.unc.edu.ar\/ciffyh\/#\/schema\/person\/image\/\",\"url\":\"https:\/\/secure.gravatar.com\/avatar\/dce86f5e9bf49e3aa9e05e7ed5904a9112e25483e3c8f175eb93b2f53a67c2e4?s=96&d=mm&r=g\",\"contentUrl\":\"https:\/\/secure.gravatar.com\/avatar\/dce86f5e9bf49e3aa9e05e7ed5904a9112e25483e3c8f175eb93b2f53a67c2e4?s=96&d=mm&r=g\",\"caption\":\"tecnicaciffyh\"},\"url\":\"https:\/\/ffyh.unc.edu.ar\/ciffyh\/author\/tecnicaciffyh\/\"}]}<\/script>\n<!-- \/ Yoast SEO plugin. -->","yoast_head_json":{"title":"El grupo de investigaci\u00f3n: Modernidad est\u00e9tica y teor\u00eda cr\u00edtica invita a participar de las reuniones de discusi\u00f3n del primer semestre sobre Psicoan\u00e1lisis y teor\u00eda cr\u00edtica - Centro de Investigaciones &quot;Maria Saleme de Burnichon&quot;","robots":{"index":"index","follow":"follow","max-snippet":"max-snippet:-1","max-image-preview":"max-image-preview:large","max-video-preview":"max-video-preview:-1"},"canonical":"https:\/\/ffyh.unc.edu.ar\/ciffyh\/reuniones-de-discusion-sobre-psicoanalisis-y-teoria-critica-del-grupo-de-investigacion-modernidad-estetica-y-teoria-critica\/","og_locale":"es_ES","og_type":"article","og_title":"El grupo de investigaci\u00f3n: Modernidad est\u00e9tica y teor\u00eda cr\u00edtica invita a participar de las reuniones de discusi\u00f3n del primer semestre sobre Psicoan\u00e1lisis y teor\u00eda cr\u00edtica - Centro de Investigaciones &quot;Maria Saleme de Burnichon&quot;","og_description":"El grupo de investigaci\u00f3n Modernidad est\u00e9tica y teor\u00eda cr\u00edtica del \u00c1rea de Filosof\u00eda del CIFFyH invita a participar de las","og_url":"https:\/\/ffyh.unc.edu.ar\/ciffyh\/reuniones-de-discusion-sobre-psicoanalisis-y-teoria-critica-del-grupo-de-investigacion-modernidad-estetica-y-teoria-critica\/","og_site_name":"Centro de Investigaciones &quot;Maria Saleme de Burnichon&quot;","article_published_time":"2026-03-26T15:19:59+00:00","article_modified_time":"2026-03-26T15:30:27+00:00","og_image":[{"width":1270,"height":1600,"url":"http:\/\/ffyh.unc.edu.ar\/ciffyh\/wp-content\/uploads\/sites\/10\/2026\/03\/flyer_reuniones-Juarez.jpeg","type":"image\/jpeg"}],"author":"tecnicaciffyh","twitter_card":"summary_large_image","twitter_misc":{"Escrito por":false,"Tiempo de lectura":"2 minutos"},"schema":{"@context":"https:\/\/schema.org","@graph":[{"@type":"Article","@id":"https:\/\/ffyh.unc.edu.ar\/ciffyh\/reuniones-de-discusion-sobre-psicoanalisis-y-teoria-critica-del-grupo-de-investigacion-modernidad-estetica-y-teoria-critica\/#article","isPartOf":{"@id":"https:\/\/ffyh.unc.edu.ar\/ciffyh\/reuniones-de-discusion-sobre-psicoanalisis-y-teoria-critica-del-grupo-de-investigacion-modernidad-estetica-y-teoria-critica\/"},"author":{"name":"tecnicaciffyh","@id":"https:\/\/ffyh.unc.edu.ar\/ciffyh\/#\/schema\/person\/136b8e7d00e5053aff43b3dc53e99bc0"},"headline":"El grupo de investigaci\u00f3n: Modernidad est\u00e9tica y teor\u00eda cr\u00edtica invita a participar de las reuniones de discusi\u00f3n del primer semestre sobre Psicoan\u00e1lisis y teor\u00eda cr\u00edtica","datePublished":"2026-03-26T15:19:59+00:00","dateModified":"2026-03-26T15:30:27+00:00","mainEntityOfPage":{"@id":"https:\/\/ffyh.unc.edu.ar\/ciffyh\/reuniones-de-discusion-sobre-psicoanalisis-y-teoria-critica-del-grupo-de-investigacion-modernidad-estetica-y-teoria-critica\/"},"wordCount":346,"publisher":{"@id":"https:\/\/ffyh.unc.edu.ar\/ciffyh\/#organization"},"image":{"@id":"https:\/\/ffyh.unc.edu.ar\/ciffyh\/reuniones-de-discusion-sobre-psicoanalisis-y-teoria-critica-del-grupo-de-investigacion-modernidad-estetica-y-teoria-critica\/#primaryimage"},"thumbnailUrl":"https:\/\/ffyh.unc.edu.ar\/ciffyh\/wp-content\/uploads\/sites\/10\/2026\/03\/flyer_reuniones-Juarez.jpeg","articleSection":["\u00c1rea Filosof\u00eda","Noticias"],"inLanguage":"es"},{"@type":"WebPage","@id":"https:\/\/ffyh.unc.edu.ar\/ciffyh\/reuniones-de-discusion-sobre-psicoanalisis-y-teoria-critica-del-grupo-de-investigacion-modernidad-estetica-y-teoria-critica\/","url":"https:\/\/ffyh.unc.edu.ar\/ciffyh\/reuniones-de-discusion-sobre-psicoanalisis-y-teoria-critica-del-grupo-de-investigacion-modernidad-estetica-y-teoria-critica\/","name":"El grupo de investigaci\u00f3n: Modernidad est\u00e9tica y teor\u00eda cr\u00edtica invita a participar de las reuniones de discusi\u00f3n del primer semestre sobre Psicoan\u00e1lisis y teor\u00eda cr\u00edtica - Centro de Investigaciones &quot;Maria Saleme de Burnichon&quot;","isPartOf":{"@id":"https:\/\/ffyh.unc.edu.ar\/ciffyh\/#website"},"primaryImageOfPage":{"@id":"https:\/\/ffyh.unc.edu.ar\/ciffyh\/reuniones-de-discusion-sobre-psicoanalisis-y-teoria-critica-del-grupo-de-investigacion-modernidad-estetica-y-teoria-critica\/#primaryimage"},"image":{"@id":"https:\/\/ffyh.unc.edu.ar\/ciffyh\/reuniones-de-discusion-sobre-psicoanalisis-y-teoria-critica-del-grupo-de-investigacion-modernidad-estetica-y-teoria-critica\/#primaryimage"},"thumbnailUrl":"https:\/\/ffyh.unc.edu.ar\/ciffyh\/wp-content\/uploads\/sites\/10\/2026\/03\/flyer_reuniones-Juarez.jpeg","datePublished":"2026-03-26T15:19:59+00:00","dateModified":"2026-03-26T15:30:27+00:00","breadcrumb":{"@id":"https:\/\/ffyh.unc.edu.ar\/ciffyh\/reuniones-de-discusion-sobre-psicoanalisis-y-teoria-critica-del-grupo-de-investigacion-modernidad-estetica-y-teoria-critica\/#breadcrumb"},"inLanguage":"es","potentialAction":[{"@type":"ReadAction","target":["https:\/\/ffyh.unc.edu.ar\/ciffyh\/reuniones-de-discusion-sobre-psicoanalisis-y-teoria-critica-del-grupo-de-investigacion-modernidad-estetica-y-teoria-critica\/"]}]},{"@type":"ImageObject","inLanguage":"es","@id":"https:\/\/ffyh.unc.edu.ar\/ciffyh\/reuniones-de-discusion-sobre-psicoanalisis-y-teoria-critica-del-grupo-de-investigacion-modernidad-estetica-y-teoria-critica\/#primaryimage","url":"https:\/\/ffyh.unc.edu.ar\/ciffyh\/wp-content\/uploads\/sites\/10\/2026\/03\/flyer_reuniones-Juarez.jpeg","contentUrl":"https:\/\/ffyh.unc.edu.ar\/ciffyh\/wp-content\/uploads\/sites\/10\/2026\/03\/flyer_reuniones-Juarez.jpeg","width":1270,"height":1600},{"@type":"BreadcrumbList","@id":"https:\/\/ffyh.unc.edu.ar\/ciffyh\/reuniones-de-discusion-sobre-psicoanalisis-y-teoria-critica-del-grupo-de-investigacion-modernidad-estetica-y-teoria-critica\/#breadcrumb","itemListElement":[{"@type":"ListItem","position":1,"name":"Portada","item":"https:\/\/ffyh.unc.edu.ar\/ciffyh\/"},{"@type":"ListItem","position":2,"name":"El grupo de investigaci\u00f3n: Modernidad est\u00e9tica y teor\u00eda cr\u00edtica invita a participar de las reuniones de discusi\u00f3n del primer semestre sobre Psicoan\u00e1lisis y teor\u00eda cr\u00edtica"}]},{"@type":"WebSite","@id":"https:\/\/ffyh.unc.edu.ar\/ciffyh\/#website","url":"https:\/\/ffyh.unc.edu.ar\/ciffyh\/","name":"Centro de Investigaciones \"Maria Saleme de Burnichon\"","description":"Facultad de Filosof\u00eda y Humanidades | UNC","publisher":{"@id":"https:\/\/ffyh.unc.edu.ar\/ciffyh\/#organization"},"potentialAction":[{"@type":"SearchAction","target":{"@type":"EntryPoint","urlTemplate":"https:\/\/ffyh.unc.edu.ar\/ciffyh\/?s={search_term_string}"},"query-input":{"@type":"PropertyValueSpecification","valueRequired":true,"valueName":"search_term_string"}}],"inLanguage":"es"},{"@type":"Organization","@id":"https:\/\/ffyh.unc.edu.ar\/ciffyh\/#organization","name":"Centro de Investigaciones \"Maria Saleme de Burnichon\"","url":"https:\/\/ffyh.unc.edu.ar\/ciffyh\/","logo":{"@type":"ImageObject","inLanguage":"es","@id":"https:\/\/ffyh.unc.edu.ar\/ciffyh\/#\/schema\/logo\/image\/","url":"https:\/\/ffyh.unc.edu.ar\/ciffyh\/wp-content\/uploads\/sites\/10\/2018\/02\/cropped-logo-ciffyh-ico.png","contentUrl":"https:\/\/ffyh.unc.edu.ar\/ciffyh\/wp-content\/uploads\/sites\/10\/2018\/02\/cropped-logo-ciffyh-ico.png","width":512,"height":512,"caption":"Centro de Investigaciones \"Maria Saleme de Burnichon\""},"image":{"@id":"https:\/\/ffyh.unc.edu.ar\/ciffyh\/#\/schema\/logo\/image\/"},"sameAs":["https:\/\/www.instagram.com\/ciffyh\/"]},{"@type":"Person","@id":"https:\/\/ffyh.unc.edu.ar\/ciffyh\/#\/schema\/person\/136b8e7d00e5053aff43b3dc53e99bc0","name":"tecnicaciffyh","image":{"@type":"ImageObject","inLanguage":"es","@id":"https:\/\/ffyh.unc.edu.ar\/ciffyh\/#\/schema\/person\/image\/","url":"https:\/\/secure.gravatar.com\/avatar\/dce86f5e9bf49e3aa9e05e7ed5904a9112e25483e3c8f175eb93b2f53a67c2e4?s=96&d=mm&r=g","contentUrl":"https:\/\/secure.gravatar.com\/avatar\/dce86f5e9bf49e3aa9e05e7ed5904a9112e25483e3c8f175eb93b2f53a67c2e4?s=96&d=mm&r=g","caption":"tecnicaciffyh"},"url":"https:\/\/ffyh.unc.edu.ar\/ciffyh\/author\/tecnicaciffyh\/"}]}},"jetpack_featured_media_url":"https:\/\/ffyh.unc.edu.ar\/ciffyh\/wp-content\/uploads\/sites\/10\/2026\/03\/flyer_reuniones-Juarez.jpeg","_links":{"self":[{"href":"https:\/\/ffyh.unc.edu.ar\/ciffyh\/wp-json\/wp\/v2\/posts\/9071","targetHints":{"allow":["GET"]}}],"collection":[{"href":"https:\/\/ffyh.unc.edu.ar\/ciffyh\/wp-json\/wp\/v2\/posts"}],"about":[{"href":"https:\/\/ffyh.unc.edu.ar\/ciffyh\/wp-json\/wp\/v2\/types\/post"}],"author":[{"embeddable":true,"href":"https:\/\/ffyh.unc.edu.ar\/ciffyh\/wp-json\/wp\/v2\/users\/39"}],"replies":[{"embeddable":true,"href":"https:\/\/ffyh.unc.edu.ar\/ciffyh\/wp-json\/wp\/v2\/comments?post=9071"}],"version-history":[{"count":5,"href":"https:\/\/ffyh.unc.edu.ar\/ciffyh\/wp-json\/wp\/v2\/posts\/9071\/revisions"}],"predecessor-version":[{"id":9077,"href":"https:\/\/ffyh.unc.edu.ar\/ciffyh\/wp-json\/wp\/v2\/posts\/9071\/revisions\/9077"}],"wp:featuredmedia":[{"embeddable":true,"href":"https:\/\/ffyh.unc.edu.ar\/ciffyh\/wp-json\/wp\/v2\/media\/9074"}],"wp:attachment":[{"href":"https:\/\/ffyh.unc.edu.ar\/ciffyh\/wp-json\/wp\/v2\/media?parent=9071"}],"wp:term":[{"taxonomy":"category","embeddable":true,"href":"https:\/\/ffyh.unc.edu.ar\/ciffyh\/wp-json\/wp\/v2\/categories?post=9071"},{"taxonomy":"post_tag","embeddable":true,"href":"https:\/\/ffyh.unc.edu.ar\/ciffyh\/wp-json\/wp\/v2\/tags?post=9071"}],"curies":[{"name":"wp","href":"https:\/\/api.w.org\/{rel}","templated":true}]}}