{"id":9099,"date":"2026-04-07T14:27:09","date_gmt":"2026-04-07T14:27:09","guid":{"rendered":"https:\/\/ffyh.unc.edu.ar\/ciffyh\/?p=9099"},"modified":"2026-04-07T14:27:09","modified_gmt":"2026-04-07T14:27:09","slug":"agua-para-los-pueblos-un-llamado-urgente-al-congreso-de-la-nacion-argentina","status":"publish","type":"post","link":"https:\/\/ffyh.unc.edu.ar\/ciffyh\/agua-para-los-pueblos-un-llamado-urgente-al-congreso-de-la-nacion-argentina\/","title":{"rendered":"AGUA PARA LOS PUEBLOS. Un llamado urgente al Congreso de la Naci\u00f3n Argentina"},"content":{"rendered":"<p>Los Centros de la Facultad de Filosof\u00eda y Humanidades, la Facultad de Ciencias Sociales y la Facultad de Ciencias de<img decoding=\"async\" class=\"alignright size-thumbnail wp-image-9100\" src=\"http:\/\/ffyh.unc.edu.ar\/ciffyh\/wp-content\/uploads\/sites\/10\/2026\/04\/glaciares-150x150.jpeg\" alt=\"\" width=\"150\" height=\"150\" \/> la Comunicaci\u00f3n de la Universidad Nacional de C\u00f3rdoba \u2013 UNC (CIFFyH FFyH; IPSIS FCS; IIFAP FCS; CEA FCS; CIPECO FCC) que pertenecemos al Consejo Latinoamericano de Ciencias Sociales (CLACSO) hacemos un llamado al Congreso de la Naci\u00f3n Argentina para solicitar el rechazo de las modificatorias a la Ley de Glaciares N\u00b0 26.639\/2010 en plena vigencia, garantizando la protecci\u00f3n del ambiente glaciar y periglaciar en tanto bienes comunes de la naturaleza en todo el territorio nacional.<\/p>\n<p>Adherimos en tal sentido a la\u00a0<a href=\"https:\/\/ffyh.unc.edu.ar\/noticias\/03\/2026\/en-la-ffyh-decimos-no-a-la-modificacion-de-la-ley-de-glaciares-26-639\" target=\"_blank\" rel=\"noopener\">Declaraci\u00f3n recientemente publicada desde la Facultad de Filosof\u00eda y Humanidades, presentada ante el Congreso mediante su participaci\u00f3n en la Audiencia P\u00fablica el pasado 26 de marzo de 2026<\/a>, para manifestar \u201cun contundente rechazo\u201d del negocio extractivista y un llamado a nuestros legisladores a que \u201cescuchen a su pueblo\u201d y act\u00faen con responsabilidad y sensibilidad, en defensa del \u201cagua para los pueblos\u201d en tanto derecho humano y bien colectivo.<a href=\"https:\/\/ffyh.unc.edu.ar\/noticias\/04\/2026\/agua-para-los-pueblos-un-llamado-urgente-al-congreso-de-la-nacion-argentina\/#_ftn1\" name=\"_ftnref1\"><sup>[1]<\/sup><\/a><\/p>\n<p>Esta declaraci\u00f3n expresa el posicionamiento de docentes, investigadora\/es, extensionistas, no docentes, egresada\/os y estudiantes de variados campos disciplinares del campo de las ciencias sociales y humanas; del CIFFyH, de todas las Escuelas y Departamentos de la FFyH, y de los Institutos del CONICET que integran el Programa de Ambiente, Sociedades y Territorios de la FFyH (IDH, Instituto de Humanidades; e IDACOR, Instituto de Antropolog\u00eda de C\u00f3rdoba) y Museo de Antropolog\u00eda; y pretende resaltar la gravedad del marco de inconstitucionalidad y regresividad en materia ambiental que implica este tipo de pol\u00edticas. Por eso sostenemos que \u201clos glaciares en tanto reservas de agua dulce poseen una importancia nacional e internacional indiscutible ante el actual contexto de emergencia clim\u00e1tica-ambiental mundial; y toda pol\u00edtica que atente contra su protecci\u00f3n constituye una situaci\u00f3n de gravedad que requiere de un urgente llamado a la defensa de los bienes comunes locales y planetarios, en tanto pone en riesgo la vida de las generaciones presentes y futuras, la biodiversidad y la vida en su conjunto en la tierra\u201d.<\/p>\n<p>Invitamos a toda la comunidad de los Centros Miembros de CLACSO de C\u00f3rdoba, de la Argentina y de Am\u00e9rica Latina y el Caribe a sumarnos en conjunto acompa\u00f1ando esta declaraci\u00f3n, en tanto somos parte del mismo territorio de Abya Yala saqueado durante siglos mediante las pol\u00edticas coloniales, extractivistas, imperialistas, racistas, genocidas, epistemicidas y ecocidas que asolan a nuestros pueblos y comunidades, incluyendo la destrucci\u00f3n y depredaci\u00f3n de los ecosistemas y seres vivientes de la naturaleza, de los cuales dependemos absolutamente para vivir.<\/p>\n<p><strong>Centros CLACSO firmantes:<\/strong><\/p>\n<ul>\n<li>Centro de Investigaciones de la Facultad de Filosof\u00eda y Humanidades \u201cMar\u00eda Saleme de Burnichon\u201d (CIFFyH-UNC)<\/li>\n<li>Facultad de Ciencias Sociales (FCS-UNC, IPSIS-Instituto de Pol\u00edtica, Sociedad e Intervenci\u00f3n Social e Instituto de Investigaci\u00f3n; IIFAP-Formaci\u00f3n en Administraci\u00f3n P\u00fablica IIFAP)<\/li>\n<li>Centro de Estudios Avanzados de la Facultad de Ciencias Sociales (CEA-FSC-UNC)<\/li>\n<li>Centro de Investigaciones sobre Periodismo y Comunicaci\u00f3n de la Facultad de Ciencias de la Comunicaci\u00f3n (CIPECO-FCC-UNC)<\/li>\n<\/ul>\n<hr \/>\n<p><strong>Fuentes:<\/strong><\/p>\n<p><a href=\"https:\/\/ffyh.unc.edu.ar\/noticias\/04\/2026\/un-llamado-al-congreso-de-la-nacion-argentina-en-defensa-del-agua-para-los-pueblos\/\" target=\"_blank\" rel=\"noopener\">https:\/\/ffyh.unc.edu.ar\/noticias\/04\/2026\/un-llamado-al-congreso-de-la-nacion-argentina-en-defensa-del-agua-para-los-pueblos\/<\/a>, 01 de abril de 2026.<\/p>\n<p><a href=\"https:\/\/www.instagram.com\/p\/DWl8Y4yDfvK\/\" target=\"_blank\" rel=\"noopener\">https:\/\/www.instagram.com\/p\/DWl8Y4yDfvK\/<\/a><\/p>\n<p><a href=\"https:\/\/ffyh.unc.edu.ar\/noticias\/03\/2026\/en-la-ffyh-decimos-no-a-la-modificacion-de-la-ley-de-glaciares-26-639\/\" target=\"_blank\" rel=\"noopener\">https:\/\/ffyh.unc.edu.ar\/noticias\/03\/2026\/en-la-ffyh-decimos-no-a-la-modificacion-de-la-ley-de-glaciares-26-639\/<\/a>, 20 de marzo de 2026.<\/p>\n<p><a href=\"https:\/\/www.instagram.com\/p\/DWG_Yg3FWUi\/\" target=\"_blank\" rel=\"noopener\">https:\/\/www.instagram.com\/p\/DWG_Yg3FWUi\/<\/a><\/p>\n<p><a href=\"https:\/\/ffyh.unc.edu.ar\/noticias\/02\/2026\/declaracion-en-defensa-de-la-ley-de-glaciares\/\" target=\"_blank\" rel=\"noopener\">https:\/\/ffyh.unc.edu.ar\/noticias\/02\/2026\/declaracion-en-defensa-de-la-ley-de-glaciares\/<\/a>, 25 de febrero de 2026.<\/p>\n<p><a href=\"https:\/\/www.instagram.com\/p\/DVMAMZijZ0-\/\" target=\"_blank\" rel=\"noopener\">https:\/\/www.instagram.com\/p\/DVMAMZijZ0-\/<\/a><\/p>\n<hr \/>\n<p><a href=\"https:\/\/ffyh.unc.edu.ar\/noticias\/04\/2026\/agua-para-los-pueblos-un-llamado-urgente-al-congreso-de-la-nacion-argentina\/#_ftnref1\" name=\"_ftn1\"><sup>[1]<\/sup><\/a>\u00a0Declaraci\u00f3n completa en\u00a0<a href=\"https:\/\/ffyh.unc.edu.ar\/noticias\/03\/2026\/en-la-ffyh-decimos-no-a-la-modificacion-de-la-ley-de-glaciares-26-639\/\" target=\"_blank\" rel=\"noopener\">https:\/\/ffyh.unc.edu.ar\/noticias\/03\/2026\/en-la-ffyh-decimos-no-a-la-modificacion-de-la-ley-de-glaciares-26-639\/<\/a>, publicada el 20 de marzo de 2026.<\/p>\n","protected":false},"excerpt":{"rendered":"<p>Los Centros de la Facultad de Filosof\u00eda y Humanidades, la Facultad de Ciencias Sociales y la Facultad de Ciencias de<\/p>\n","protected":false},"author":39,"featured_media":9100,"comment_status":"closed","ping_status":"closed","sticky":false,"template":"","format":"standard","meta":{"_acf_changed":false,"colormag_page_container_layout":"default_layout","colormag_page_sidebar_layout":"default_layout","footnotes":""},"categories":[8],"tags":[],"class_list":["post-9099","post","type-post","status-publish","format-standard","has-post-thumbnail","hentry","category-noticias"],"acf":[],"yoast_head":"<!-- This site is optimized with the Yoast SEO plugin v27.1.1 - https:\/\/yoast.com\/product\/yoast-seo-wordpress\/ -->\n<title>AGUA PARA LOS PUEBLOS. Un llamado urgente al Congreso de la Naci\u00f3n Argentina - Centro de Investigaciones &quot;Maria Saleme de Burnichon&quot;<\/title>\n<meta name=\"robots\" content=\"index, follow, max-snippet:-1, max-image-preview:large, max-video-preview:-1\" \/>\n<link rel=\"canonical\" href=\"https:\/\/ffyh.unc.edu.ar\/ciffyh\/agua-para-los-pueblos-un-llamado-urgente-al-congreso-de-la-nacion-argentina\/\" \/>\n<meta property=\"og:locale\" content=\"es_ES\" \/>\n<meta property=\"og:type\" content=\"article\" \/>\n<meta property=\"og:title\" content=\"AGUA PARA LOS PUEBLOS. Un llamado urgente al Congreso de la Naci\u00f3n Argentina - Centro de Investigaciones &quot;Maria Saleme de Burnichon&quot;\" \/>\n<meta property=\"og:description\" content=\"Los Centros de la Facultad de Filosof\u00eda y Humanidades, la Facultad de Ciencias Sociales y la Facultad de Ciencias de\" \/>\n<meta property=\"og:url\" content=\"https:\/\/ffyh.unc.edu.ar\/ciffyh\/agua-para-los-pueblos-un-llamado-urgente-al-congreso-de-la-nacion-argentina\/\" \/>\n<meta property=\"og:site_name\" content=\"Centro de Investigaciones &quot;Maria Saleme de Burnichon&quot;\" \/>\n<meta property=\"article:published_time\" content=\"2026-04-07T14:27:09+00:00\" \/>\n<meta property=\"og:image\" content=\"http:\/\/ffyh.unc.edu.ar\/ciffyh\/wp-content\/uploads\/sites\/10\/2026\/04\/glaciares.jpeg\" \/>\n\t<meta property=\"og:image:width\" content=\"735\" \/>\n\t<meta property=\"og:image:height\" content=\"400\" \/>\n\t<meta property=\"og:image:type\" content=\"image\/jpeg\" \/>\n<meta name=\"author\" content=\"tecnicaciffyh\" \/>\n<meta name=\"twitter:card\" content=\"summary_large_image\" \/>\n<meta name=\"twitter:label1\" content=\"Escrito por\" \/>\n\t<meta name=\"twitter:data1\" content=\"\" \/>\n\t<meta name=\"twitter:label2\" content=\"Tiempo de lectura\" \/>\n\t<meta name=\"twitter:data2\" content=\"3 minutos\" \/>\n<script type=\"application\/ld+json\" class=\"yoast-schema-graph\">{\"@context\":\"https:\/\/schema.org\",\"@graph\":[{\"@type\":\"Article\",\"@id\":\"https:\/\/ffyh.unc.edu.ar\/ciffyh\/agua-para-los-pueblos-un-llamado-urgente-al-congreso-de-la-nacion-argentina\/#article\",\"isPartOf\":{\"@id\":\"https:\/\/ffyh.unc.edu.ar\/ciffyh\/agua-para-los-pueblos-un-llamado-urgente-al-congreso-de-la-nacion-argentina\/\"},\"author\":{\"name\":\"tecnicaciffyh\",\"@id\":\"https:\/\/ffyh.unc.edu.ar\/ciffyh\/#\/schema\/person\/136b8e7d00e5053aff43b3dc53e99bc0\"},\"headline\":\"AGUA PARA LOS PUEBLOS. Un llamado urgente al Congreso de la Naci\u00f3n Argentina\",\"datePublished\":\"2026-04-07T14:27:09+00:00\",\"mainEntityOfPage\":{\"@id\":\"https:\/\/ffyh.unc.edu.ar\/ciffyh\/agua-para-los-pueblos-un-llamado-urgente-al-congreso-de-la-nacion-argentina\/\"},\"wordCount\":607,\"publisher\":{\"@id\":\"https:\/\/ffyh.unc.edu.ar\/ciffyh\/#organization\"},\"image\":{\"@id\":\"https:\/\/ffyh.unc.edu.ar\/ciffyh\/agua-para-los-pueblos-un-llamado-urgente-al-congreso-de-la-nacion-argentina\/#primaryimage\"},\"thumbnailUrl\":\"https:\/\/ffyh.unc.edu.ar\/ciffyh\/wp-content\/uploads\/sites\/10\/2026\/04\/glaciares.jpeg\",\"articleSection\":[\"Noticias\"],\"inLanguage\":\"es\"},{\"@type\":\"WebPage\",\"@id\":\"https:\/\/ffyh.unc.edu.ar\/ciffyh\/agua-para-los-pueblos-un-llamado-urgente-al-congreso-de-la-nacion-argentina\/\",\"url\":\"https:\/\/ffyh.unc.edu.ar\/ciffyh\/agua-para-los-pueblos-un-llamado-urgente-al-congreso-de-la-nacion-argentina\/\",\"name\":\"AGUA PARA LOS PUEBLOS. Un llamado urgente al Congreso de la Naci\u00f3n Argentina - Centro de Investigaciones &quot;Maria Saleme de Burnichon&quot;\",\"isPartOf\":{\"@id\":\"https:\/\/ffyh.unc.edu.ar\/ciffyh\/#website\"},\"primaryImageOfPage\":{\"@id\":\"https:\/\/ffyh.unc.edu.ar\/ciffyh\/agua-para-los-pueblos-un-llamado-urgente-al-congreso-de-la-nacion-argentina\/#primaryimage\"},\"image\":{\"@id\":\"https:\/\/ffyh.unc.edu.ar\/ciffyh\/agua-para-los-pueblos-un-llamado-urgente-al-congreso-de-la-nacion-argentina\/#primaryimage\"},\"thumbnailUrl\":\"https:\/\/ffyh.unc.edu.ar\/ciffyh\/wp-content\/uploads\/sites\/10\/2026\/04\/glaciares.jpeg\",\"datePublished\":\"2026-04-07T14:27:09+00:00\",\"breadcrumb\":{\"@id\":\"https:\/\/ffyh.unc.edu.ar\/ciffyh\/agua-para-los-pueblos-un-llamado-urgente-al-congreso-de-la-nacion-argentina\/#breadcrumb\"},\"inLanguage\":\"es\",\"potentialAction\":[{\"@type\":\"ReadAction\",\"target\":[\"https:\/\/ffyh.unc.edu.ar\/ciffyh\/agua-para-los-pueblos-un-llamado-urgente-al-congreso-de-la-nacion-argentina\/\"]}]},{\"@type\":\"ImageObject\",\"inLanguage\":\"es\",\"@id\":\"https:\/\/ffyh.unc.edu.ar\/ciffyh\/agua-para-los-pueblos-un-llamado-urgente-al-congreso-de-la-nacion-argentina\/#primaryimage\",\"url\":\"https:\/\/ffyh.unc.edu.ar\/ciffyh\/wp-content\/uploads\/sites\/10\/2026\/04\/glaciares.jpeg\",\"contentUrl\":\"https:\/\/ffyh.unc.edu.ar\/ciffyh\/wp-content\/uploads\/sites\/10\/2026\/04\/glaciares.jpeg\",\"width\":735,\"height\":400},{\"@type\":\"BreadcrumbList\",\"@id\":\"https:\/\/ffyh.unc.edu.ar\/ciffyh\/agua-para-los-pueblos-un-llamado-urgente-al-congreso-de-la-nacion-argentina\/#breadcrumb\",\"itemListElement\":[{\"@type\":\"ListItem\",\"position\":1,\"name\":\"Portada\",\"item\":\"https:\/\/ffyh.unc.edu.ar\/ciffyh\/\"},{\"@type\":\"ListItem\",\"position\":2,\"name\":\"AGUA PARA LOS PUEBLOS. Un llamado urgente al Congreso de la Naci\u00f3n Argentina\"}]},{\"@type\":\"WebSite\",\"@id\":\"https:\/\/ffyh.unc.edu.ar\/ciffyh\/#website\",\"url\":\"https:\/\/ffyh.unc.edu.ar\/ciffyh\/\",\"name\":\"Centro de Investigaciones \\\"Maria Saleme de Burnichon\\\"\",\"description\":\"Facultad de Filosof\u00eda y Humanidades | UNC\",\"publisher\":{\"@id\":\"https:\/\/ffyh.unc.edu.ar\/ciffyh\/#organization\"},\"potentialAction\":[{\"@type\":\"SearchAction\",\"target\":{\"@type\":\"EntryPoint\",\"urlTemplate\":\"https:\/\/ffyh.unc.edu.ar\/ciffyh\/?s={search_term_string}\"},\"query-input\":{\"@type\":\"PropertyValueSpecification\",\"valueRequired\":true,\"valueName\":\"search_term_string\"}}],\"inLanguage\":\"es\"},{\"@type\":\"Organization\",\"@id\":\"https:\/\/ffyh.unc.edu.ar\/ciffyh\/#organization\",\"name\":\"Centro de Investigaciones \\\"Maria Saleme de Burnichon\\\"\",\"url\":\"https:\/\/ffyh.unc.edu.ar\/ciffyh\/\",\"logo\":{\"@type\":\"ImageObject\",\"inLanguage\":\"es\",\"@id\":\"https:\/\/ffyh.unc.edu.ar\/ciffyh\/#\/schema\/logo\/image\/\",\"url\":\"https:\/\/ffyh.unc.edu.ar\/ciffyh\/wp-content\/uploads\/sites\/10\/2018\/02\/cropped-logo-ciffyh-ico.png\",\"contentUrl\":\"https:\/\/ffyh.unc.edu.ar\/ciffyh\/wp-content\/uploads\/sites\/10\/2018\/02\/cropped-logo-ciffyh-ico.png\",\"width\":512,\"height\":512,\"caption\":\"Centro de Investigaciones \\\"Maria Saleme de Burnichon\\\"\"},\"image\":{\"@id\":\"https:\/\/ffyh.unc.edu.ar\/ciffyh\/#\/schema\/logo\/image\/\"},\"sameAs\":[\"https:\/\/www.instagram.com\/ciffyh\/\"]},{\"@type\":\"Person\",\"@id\":\"https:\/\/ffyh.unc.edu.ar\/ciffyh\/#\/schema\/person\/136b8e7d00e5053aff43b3dc53e99bc0\",\"name\":\"tecnicaciffyh\",\"image\":{\"@type\":\"ImageObject\",\"inLanguage\":\"es\",\"@id\":\"https:\/\/ffyh.unc.edu.ar\/ciffyh\/#\/schema\/person\/image\/\",\"url\":\"https:\/\/secure.gravatar.com\/avatar\/dce86f5e9bf49e3aa9e05e7ed5904a9112e25483e3c8f175eb93b2f53a67c2e4?s=96&d=mm&r=g\",\"contentUrl\":\"https:\/\/secure.gravatar.com\/avatar\/dce86f5e9bf49e3aa9e05e7ed5904a9112e25483e3c8f175eb93b2f53a67c2e4?s=96&d=mm&r=g\",\"caption\":\"tecnicaciffyh\"},\"url\":\"https:\/\/ffyh.unc.edu.ar\/ciffyh\/author\/tecnicaciffyh\/\"}]}<\/script>\n<!-- \/ Yoast SEO plugin. -->","yoast_head_json":{"title":"AGUA PARA LOS PUEBLOS. Un llamado urgente al Congreso de la Naci\u00f3n Argentina - Centro de Investigaciones &quot;Maria Saleme de Burnichon&quot;","robots":{"index":"index","follow":"follow","max-snippet":"max-snippet:-1","max-image-preview":"max-image-preview:large","max-video-preview":"max-video-preview:-1"},"canonical":"https:\/\/ffyh.unc.edu.ar\/ciffyh\/agua-para-los-pueblos-un-llamado-urgente-al-congreso-de-la-nacion-argentina\/","og_locale":"es_ES","og_type":"article","og_title":"AGUA PARA LOS PUEBLOS. Un llamado urgente al Congreso de la Naci\u00f3n Argentina - Centro de Investigaciones &quot;Maria Saleme de Burnichon&quot;","og_description":"Los Centros de la Facultad de Filosof\u00eda y Humanidades, la Facultad de Ciencias Sociales y la Facultad de Ciencias de","og_url":"https:\/\/ffyh.unc.edu.ar\/ciffyh\/agua-para-los-pueblos-un-llamado-urgente-al-congreso-de-la-nacion-argentina\/","og_site_name":"Centro de Investigaciones &quot;Maria Saleme de Burnichon&quot;","article_published_time":"2026-04-07T14:27:09+00:00","og_image":[{"width":735,"height":400,"url":"http:\/\/ffyh.unc.edu.ar\/ciffyh\/wp-content\/uploads\/sites\/10\/2026\/04\/glaciares.jpeg","type":"image\/jpeg"}],"author":"tecnicaciffyh","twitter_card":"summary_large_image","twitter_misc":{"Escrito por":false,"Tiempo de lectura":"3 minutos"},"schema":{"@context":"https:\/\/schema.org","@graph":[{"@type":"Article","@id":"https:\/\/ffyh.unc.edu.ar\/ciffyh\/agua-para-los-pueblos-un-llamado-urgente-al-congreso-de-la-nacion-argentina\/#article","isPartOf":{"@id":"https:\/\/ffyh.unc.edu.ar\/ciffyh\/agua-para-los-pueblos-un-llamado-urgente-al-congreso-de-la-nacion-argentina\/"},"author":{"name":"tecnicaciffyh","@id":"https:\/\/ffyh.unc.edu.ar\/ciffyh\/#\/schema\/person\/136b8e7d00e5053aff43b3dc53e99bc0"},"headline":"AGUA PARA LOS PUEBLOS. Un llamado urgente al Congreso de la Naci\u00f3n Argentina","datePublished":"2026-04-07T14:27:09+00:00","mainEntityOfPage":{"@id":"https:\/\/ffyh.unc.edu.ar\/ciffyh\/agua-para-los-pueblos-un-llamado-urgente-al-congreso-de-la-nacion-argentina\/"},"wordCount":607,"publisher":{"@id":"https:\/\/ffyh.unc.edu.ar\/ciffyh\/#organization"},"image":{"@id":"https:\/\/ffyh.unc.edu.ar\/ciffyh\/agua-para-los-pueblos-un-llamado-urgente-al-congreso-de-la-nacion-argentina\/#primaryimage"},"thumbnailUrl":"https:\/\/ffyh.unc.edu.ar\/ciffyh\/wp-content\/uploads\/sites\/10\/2026\/04\/glaciares.jpeg","articleSection":["Noticias"],"inLanguage":"es"},{"@type":"WebPage","@id":"https:\/\/ffyh.unc.edu.ar\/ciffyh\/agua-para-los-pueblos-un-llamado-urgente-al-congreso-de-la-nacion-argentina\/","url":"https:\/\/ffyh.unc.edu.ar\/ciffyh\/agua-para-los-pueblos-un-llamado-urgente-al-congreso-de-la-nacion-argentina\/","name":"AGUA PARA LOS PUEBLOS. Un llamado urgente al Congreso de la Naci\u00f3n Argentina - Centro de Investigaciones &quot;Maria Saleme de Burnichon&quot;","isPartOf":{"@id":"https:\/\/ffyh.unc.edu.ar\/ciffyh\/#website"},"primaryImageOfPage":{"@id":"https:\/\/ffyh.unc.edu.ar\/ciffyh\/agua-para-los-pueblos-un-llamado-urgente-al-congreso-de-la-nacion-argentina\/#primaryimage"},"image":{"@id":"https:\/\/ffyh.unc.edu.ar\/ciffyh\/agua-para-los-pueblos-un-llamado-urgente-al-congreso-de-la-nacion-argentina\/#primaryimage"},"thumbnailUrl":"https:\/\/ffyh.unc.edu.ar\/ciffyh\/wp-content\/uploads\/sites\/10\/2026\/04\/glaciares.jpeg","datePublished":"2026-04-07T14:27:09+00:00","breadcrumb":{"@id":"https:\/\/ffyh.unc.edu.ar\/ciffyh\/agua-para-los-pueblos-un-llamado-urgente-al-congreso-de-la-nacion-argentina\/#breadcrumb"},"inLanguage":"es","potentialAction":[{"@type":"ReadAction","target":["https:\/\/ffyh.unc.edu.ar\/ciffyh\/agua-para-los-pueblos-un-llamado-urgente-al-congreso-de-la-nacion-argentina\/"]}]},{"@type":"ImageObject","inLanguage":"es","@id":"https:\/\/ffyh.unc.edu.ar\/ciffyh\/agua-para-los-pueblos-un-llamado-urgente-al-congreso-de-la-nacion-argentina\/#primaryimage","url":"https:\/\/ffyh.unc.edu.ar\/ciffyh\/wp-content\/uploads\/sites\/10\/2026\/04\/glaciares.jpeg","contentUrl":"https:\/\/ffyh.unc.edu.ar\/ciffyh\/wp-content\/uploads\/sites\/10\/2026\/04\/glaciares.jpeg","width":735,"height":400},{"@type":"BreadcrumbList","@id":"https:\/\/ffyh.unc.edu.ar\/ciffyh\/agua-para-los-pueblos-un-llamado-urgente-al-congreso-de-la-nacion-argentina\/#breadcrumb","itemListElement":[{"@type":"ListItem","position":1,"name":"Portada","item":"https:\/\/ffyh.unc.edu.ar\/ciffyh\/"},{"@type":"ListItem","position":2,"name":"AGUA PARA LOS PUEBLOS. Un llamado urgente al Congreso de la Naci\u00f3n Argentina"}]},{"@type":"WebSite","@id":"https:\/\/ffyh.unc.edu.ar\/ciffyh\/#website","url":"https:\/\/ffyh.unc.edu.ar\/ciffyh\/","name":"Centro de Investigaciones \"Maria Saleme de Burnichon\"","description":"Facultad de Filosof\u00eda y Humanidades | UNC","publisher":{"@id":"https:\/\/ffyh.unc.edu.ar\/ciffyh\/#organization"},"potentialAction":[{"@type":"SearchAction","target":{"@type":"EntryPoint","urlTemplate":"https:\/\/ffyh.unc.edu.ar\/ciffyh\/?s={search_term_string}"},"query-input":{"@type":"PropertyValueSpecification","valueRequired":true,"valueName":"search_term_string"}}],"inLanguage":"es"},{"@type":"Organization","@id":"https:\/\/ffyh.unc.edu.ar\/ciffyh\/#organization","name":"Centro de Investigaciones \"Maria Saleme de Burnichon\"","url":"https:\/\/ffyh.unc.edu.ar\/ciffyh\/","logo":{"@type":"ImageObject","inLanguage":"es","@id":"https:\/\/ffyh.unc.edu.ar\/ciffyh\/#\/schema\/logo\/image\/","url":"https:\/\/ffyh.unc.edu.ar\/ciffyh\/wp-content\/uploads\/sites\/10\/2018\/02\/cropped-logo-ciffyh-ico.png","contentUrl":"https:\/\/ffyh.unc.edu.ar\/ciffyh\/wp-content\/uploads\/sites\/10\/2018\/02\/cropped-logo-ciffyh-ico.png","width":512,"height":512,"caption":"Centro de Investigaciones \"Maria Saleme de Burnichon\""},"image":{"@id":"https:\/\/ffyh.unc.edu.ar\/ciffyh\/#\/schema\/logo\/image\/"},"sameAs":["https:\/\/www.instagram.com\/ciffyh\/"]},{"@type":"Person","@id":"https:\/\/ffyh.unc.edu.ar\/ciffyh\/#\/schema\/person\/136b8e7d00e5053aff43b3dc53e99bc0","name":"tecnicaciffyh","image":{"@type":"ImageObject","inLanguage":"es","@id":"https:\/\/ffyh.unc.edu.ar\/ciffyh\/#\/schema\/person\/image\/","url":"https:\/\/secure.gravatar.com\/avatar\/dce86f5e9bf49e3aa9e05e7ed5904a9112e25483e3c8f175eb93b2f53a67c2e4?s=96&d=mm&r=g","contentUrl":"https:\/\/secure.gravatar.com\/avatar\/dce86f5e9bf49e3aa9e05e7ed5904a9112e25483e3c8f175eb93b2f53a67c2e4?s=96&d=mm&r=g","caption":"tecnicaciffyh"},"url":"https:\/\/ffyh.unc.edu.ar\/ciffyh\/author\/tecnicaciffyh\/"}]}},"jetpack_featured_media_url":"https:\/\/ffyh.unc.edu.ar\/ciffyh\/wp-content\/uploads\/sites\/10\/2026\/04\/glaciares.jpeg","_links":{"self":[{"href":"https:\/\/ffyh.unc.edu.ar\/ciffyh\/wp-json\/wp\/v2\/posts\/9099","targetHints":{"allow":["GET"]}}],"collection":[{"href":"https:\/\/ffyh.unc.edu.ar\/ciffyh\/wp-json\/wp\/v2\/posts"}],"about":[{"href":"https:\/\/ffyh.unc.edu.ar\/ciffyh\/wp-json\/wp\/v2\/types\/post"}],"author":[{"embeddable":true,"href":"https:\/\/ffyh.unc.edu.ar\/ciffyh\/wp-json\/wp\/v2\/users\/39"}],"replies":[{"embeddable":true,"href":"https:\/\/ffyh.unc.edu.ar\/ciffyh\/wp-json\/wp\/v2\/comments?post=9099"}],"version-history":[{"count":1,"href":"https:\/\/ffyh.unc.edu.ar\/ciffyh\/wp-json\/wp\/v2\/posts\/9099\/revisions"}],"predecessor-version":[{"id":9101,"href":"https:\/\/ffyh.unc.edu.ar\/ciffyh\/wp-json\/wp\/v2\/posts\/9099\/revisions\/9101"}],"wp:featuredmedia":[{"embeddable":true,"href":"https:\/\/ffyh.unc.edu.ar\/ciffyh\/wp-json\/wp\/v2\/media\/9100"}],"wp:attachment":[{"href":"https:\/\/ffyh.unc.edu.ar\/ciffyh\/wp-json\/wp\/v2\/media?parent=9099"}],"wp:term":[{"taxonomy":"category","embeddable":true,"href":"https:\/\/ffyh.unc.edu.ar\/ciffyh\/wp-json\/wp\/v2\/categories?post=9099"},{"taxonomy":"post_tag","embeddable":true,"href":"https:\/\/ffyh.unc.edu.ar\/ciffyh\/wp-json\/wp\/v2\/tags?post=9099"}],"curies":[{"name":"wp","href":"https:\/\/api.w.org\/{rel}","templated":true}]}}