{"id":935,"date":"2022-04-25T21:07:13","date_gmt":"2022-04-26T00:07:13","guid":{"rendered":"https:\/\/ffyh.unc.edu.ar\/comitesolidaridad\/?p=935"},"modified":"2022-05-02T09:57:26","modified_gmt":"2022-05-02T12:57:26","slug":"mesa-redonda-internacional-por-la-libertad-de-prensa","status":"publish","type":"post","link":"https:\/\/ffyh.unc.edu.ar\/comitesolidaridad\/2022\/04\/25\/mesa-redonda-internacional-por-la-libertad-de-prensa\/","title":{"rendered":"Mesa redonda internacional. Por la Libertad de Prensa"},"content":{"rendered":"<p><strong>WIPHALAS POR EL MUNDO~ WIPHALAS ACROSS THE WORLD les invita a la mesa redonda internacional: ~ Por la Libertad de Prensa ~<\/strong><\/p>\n<p><strong>Ante los m\u00faltiples ataques y restricciones a periodistas, en el D\u00eda Mundial de la Prensa la Campa\u00f1a Internacional Justicia Por Seba Moro Fue El Golpe, convocamos a esta mesa redonda internacional para reclamar Justicia para el periodista argentino y todos los ca\u00eddos del Golpe de Estado que estremeci\u00f3 a Bolivia en el 2019.<\/strong><\/p>\n<p>Sebasti\u00e1n es una m\u00e1s de esas v\u00edctimas porque su trabajo como periodista expresaba un compromiso pol\u00edtico que esa dictadura en ciernes quer\u00eda silenciar y escarmentar. En este D\u00eda Internacional de la Libertad de Prensa no podemos ignorar el encarcelamiento injusto al que someten a Julien Assange quien es perseguido por les USA por haber hecho p\u00fablico los cr\u00edmenes de guerra cometidos por el imperialismo yanqui bajo falsas campa\u00f1as de paz.<\/p>\n<p><strong>Invitados :<\/strong><\/p>\n<ul>\n<li>Ollie Vargas &#8211; Periodista Radio Kawsachun Coca<\/li>\n<li>Willma Alanoca &#8211; Concejal Ciudad El Alto , ex-ministra de Culturas y Turismo<\/li>\n<li>Pablo Navarrete &#8211; Periodista Internacional Alborada<\/li>\n<li>Fidel Narv\u00e1ez &#8211; Ex-C\u00f3nsul del Ecuador en el Reino Unido<\/li>\n<li>Raquel Rochietti y Pen\u00e9lope Moro &#8211; familia de Sebasti\u00e1n Moro<\/li>\n<\/ul>\n<p>#JusticiaPorSebaMoro #Sebasti\u00e1nMoroFueElGolpe<\/p>\n<p>#FreeAssange<\/p>\n<p><strong>Martes 3 de Mayo<\/strong><br \/>\n3.30 PM Bolivia \ud83c\udde7\ud83c\uddf4<br \/>\n8.30 PM Reino Unido \ud83c\uddec\ud83c\udde7<br \/>\n9.30 PM Europa \ud83c\uddea\ud83c\uddfa<br \/>\n3.30 PM Canad\u00e1 \ud83c\udde8\ud83c\udde6<br \/>\n4.30 PM Argentina \ud83c\udde6\ud83c\uddf7<br \/>\n5.30 AM Australia (4 Mayo) \ud83c\udde6\ud83c\uddfa<\/p>\n<p><strong>\u00danete a la sala de Zoom:<\/strong><br \/>\n<a href=\"https:\/\/wiphalasacrosstheworld.zoom.us\/j\/88617634893?pwd=ZGJaRVAzcG55QzhZVyt4SXZubHBSdz09\" target=\"_blank\" rel=\"noopener\">https:\/\/wiphalasacrosstheworld.zoom.us\/j\/88617634893?pwd=ZGJaRVAzcG55QzhZVyt4SXZubHBSdz09<\/a><\/p>\n<p>ID de reuni\u00f3n: 886 1763 4893<br \/>\nC\u00f3digo de acceso: 507890<\/p>\n<p>[ En Vivo ]<br \/>\nFacebook:<a href=\"https:\/\/fb.me\/e\/4qd8iWhX9\" target=\"_blank\" rel=\"noopener\">https:\/\/fb.me\/e\/4qd8iWhX9<\/a><\/p>\n<p>Twitter @WiphalasW<\/p>\n","protected":false},"excerpt":{"rendered":"<p>WIPHALAS POR EL MUNDO~ WIPHALAS ACROSS THE WORLD les invita a la mesa redonda internacional: ~ Por la Libertad de<\/p>\n","protected":false},"author":33,"featured_media":956,"comment_status":"open","ping_status":"open","sticky":false,"template":"","format":"standard","meta":{"_acf_changed":false,"colormag_page_container_layout":"default_layout","colormag_page_sidebar_layout":"default_layout","_monsterinsights_skip_tracking":false,"_monsterinsights_sitenote_active":false,"_monsterinsights_sitenote_note":"","_monsterinsights_sitenote_category":0,"footnotes":""},"categories":[24,6],"tags":[],"class_list":["post-935","post","type-post","status-publish","format-standard","has-post-thumbnail","hentry","category-justicia-para-moro","category-medios-de-comunicacion"],"acf":[],"jetpack_featured_media_url":"https:\/\/ffyh.unc.edu.ar\/comitesolidaridad\/wp-content\/uploads\/sites\/36\/2022\/04\/WhatsApp-Image-2022-05-02-at-9.40.22-AM.jpeg","_links":{"self":[{"href":"https:\/\/ffyh.unc.edu.ar\/comitesolidaridad\/wp-json\/wp\/v2\/posts\/935","targetHints":{"allow":["GET"]}}],"collection":[{"href":"https:\/\/ffyh.unc.edu.ar\/comitesolidaridad\/wp-json\/wp\/v2\/posts"}],"about":[{"href":"https:\/\/ffyh.unc.edu.ar\/comitesolidaridad\/wp-json\/wp\/v2\/types\/post"}],"author":[{"embeddable":true,"href":"https:\/\/ffyh.unc.edu.ar\/comitesolidaridad\/wp-json\/wp\/v2\/users\/33"}],"replies":[{"embeddable":true,"href":"https:\/\/ffyh.unc.edu.ar\/comitesolidaridad\/wp-json\/wp\/v2\/comments?post=935"}],"version-history":[{"count":7,"href":"https:\/\/ffyh.unc.edu.ar\/comitesolidaridad\/wp-json\/wp\/v2\/posts\/935\/revisions"}],"predecessor-version":[{"id":961,"href":"https:\/\/ffyh.unc.edu.ar\/comitesolidaridad\/wp-json\/wp\/v2\/posts\/935\/revisions\/961"}],"wp:featuredmedia":[{"embeddable":true,"href":"https:\/\/ffyh.unc.edu.ar\/comitesolidaridad\/wp-json\/wp\/v2\/media\/956"}],"wp:attachment":[{"href":"https:\/\/ffyh.unc.edu.ar\/comitesolidaridad\/wp-json\/wp\/v2\/media?parent=935"}],"wp:term":[{"taxonomy":"category","embeddable":true,"href":"https:\/\/ffyh.unc.edu.ar\/comitesolidaridad\/wp-json\/wp\/v2\/categories?post=935"},{"taxonomy":"post_tag","embeddable":true,"href":"https:\/\/ffyh.unc.edu.ar\/comitesolidaridad\/wp-json\/wp\/v2\/tags?post=935"}],"curies":[{"name":"wp","href":"https:\/\/api.w.org\/{rel}","templated":true}]}}