{"id":104,"date":"2023-07-05T14:04:34","date_gmt":"2023-07-05T14:04:34","guid":{"rendered":"https:\/\/ffyh.unc.edu.ar\/derechoshumanos\/?p=104"},"modified":"2023-07-05T17:28:41","modified_gmt":"2023-07-05T17:28:41","slug":"tercera-circular-de-las-iii-jornadas-de-derechos-humanos-de-la-ffyh","status":"publish","type":"post","link":"https:\/\/ffyh.unc.edu.ar\/derechoshumanos\/2023\/07\/05\/tercera-circular-de-las-iii-jornadas-de-derechos-humanos-de-la-ffyh\/","title":{"rendered":"Tercera circular de las III Jornadas de Derechos Humanos de la FFyH"},"content":{"rendered":"<p><strong>Ya est\u00e1 disponible la tercera circular de las Jornadas que se realizar\u00e1n en la FFyH los d\u00edas 25 y 26 de septiembre de 2023. All\u00ed se establecen una pr\u00f3rroga para la presentaci\u00f3n de escritos e informaci\u00f3n sobre la publicaci\u00f3n de los trabajos presentados.<\/strong><\/p>\n<p><!--more--><\/p>\n<blockquote><p><a href=\"http:\/\/ffyh.unc.edu.ar\/derechoshumanos\/wp-content\/uploads\/sites\/47\/2023\/07\/Tercera-Circular-ultima.pdf\" target=\"_blank\" rel=\"noopener\">Descargar<\/a><\/p>\n<p><img fetchpriority=\"high\" decoding=\"async\" class=\"alignright size-full wp-image-106\" src=\"http:\/\/ffyh.unc.edu.ar\/derechoshumanos\/wp-content\/uploads\/sites\/47\/2023\/07\/WhatsApp-Image-2023-07-05-at-11.02.57.jpeg\" alt=\"\" width=\"1600\" height=\"1599\" srcset=\"https:\/\/ffyh.unc.edu.ar\/derechoshumanos\/wp-content\/uploads\/sites\/47\/2023\/07\/WhatsApp-Image-2023-07-05-at-11.02.57.jpeg 1600w, https:\/\/ffyh.unc.edu.ar\/derechoshumanos\/wp-content\/uploads\/sites\/47\/2023\/07\/WhatsApp-Image-2023-07-05-at-11.02.57-300x300.jpeg 300w, https:\/\/ffyh.unc.edu.ar\/derechoshumanos\/wp-content\/uploads\/sites\/47\/2023\/07\/WhatsApp-Image-2023-07-05-at-11.02.57-1024x1024.jpeg 1024w, https:\/\/ffyh.unc.edu.ar\/derechoshumanos\/wp-content\/uploads\/sites\/47\/2023\/07\/WhatsApp-Image-2023-07-05-at-11.02.57-150x150.jpeg 150w, https:\/\/ffyh.unc.edu.ar\/derechoshumanos\/wp-content\/uploads\/sites\/47\/2023\/07\/WhatsApp-Image-2023-07-05-at-11.02.57-768x768.jpeg 768w, https:\/\/ffyh.unc.edu.ar\/derechoshumanos\/wp-content\/uploads\/sites\/47\/2023\/07\/WhatsApp-Image-2023-07-05-at-11.02.57-1536x1536.jpeg 1536w, https:\/\/ffyh.unc.edu.ar\/derechoshumanos\/wp-content\/uploads\/sites\/47\/2023\/07\/WhatsApp-Image-2023-07-05-at-11.02.57-750x750.jpeg 750w\" sizes=\"(max-width: 1600px) 100vw, 1600px\" \/><\/p><\/blockquote>\n","protected":false},"excerpt":{"rendered":"<p>Ya est\u00e1 disponible la tercera circular de las Jornadas que se realizar\u00e1n en la FFyH los d\u00edas 25 y 26 de septiembre de 2023. All\u00ed se establecen una pr\u00f3rroga para la presentaci\u00f3n de escritos e informaci\u00f3n sobre la publicaci\u00f3n de los trabajos presentados.<\/p><p><a class=\"more-link btn\" href=\"https:\/\/ffyh.unc.edu.ar\/derechoshumanos\/2023\/07\/05\/tercera-circular-de-las-iii-jornadas-de-derechos-humanos-de-la-ffyh\/\">Seguir leyendo<\/a><\/p>\n","protected":false},"author":2,"featured_media":106,"comment_status":"open","ping_status":"open","sticky":false,"template":"","format":"standard","meta":{"_acf_changed":false,"footnotes":""},"categories":[21,9],"tags":[],"class_list":["post-104","post","type-post","status-publish","format-standard","has-post-thumbnail","hentry","category-jornadas-ddhh","category-noticias","nodate","item-wrap"],"acf":[],"yoast_head":"<!-- This site is optimized with the Yoast SEO plugin v27.1.1 - https:\/\/yoast.com\/product\/yoast-seo-wordpress\/ -->\n<title>Tercera circular de las III Jornadas de Derechos Humanos de la FFyH - Programa de Derechos Humanos - FFyH UNC<\/title>\n<meta name=\"robots\" content=\"index, follow, max-snippet:-1, max-image-preview:large, max-video-preview:-1\" \/>\n<link rel=\"canonical\" href=\"https:\/\/ffyh.unc.edu.ar\/derechoshumanos\/2023\/07\/05\/tercera-circular-de-las-iii-jornadas-de-derechos-humanos-de-la-ffyh\/\" \/>\n<meta property=\"og:locale\" content=\"es_ES\" \/>\n<meta property=\"og:type\" content=\"article\" \/>\n<meta property=\"og:title\" content=\"Tercera circular de las III Jornadas de Derechos Humanos de la FFyH - Programa de Derechos Humanos - FFyH UNC\" \/>\n<meta property=\"og:description\" content=\"Ya est\u00e1 disponible la tercera circular de las Jornadas que se realizar\u00e1n en la FFyH los d\u00edas 25 y 26 de septiembre de 2023. All\u00ed se establecen una pr\u00f3rroga para la presentaci\u00f3n de escritos e informaci\u00f3n sobre la publicaci\u00f3n de los trabajos presentados.\" \/>\n<meta property=\"og:url\" content=\"https:\/\/ffyh.unc.edu.ar\/derechoshumanos\/2023\/07\/05\/tercera-circular-de-las-iii-jornadas-de-derechos-humanos-de-la-ffyh\/\" \/>\n<meta property=\"og:site_name\" content=\"Programa de Derechos Humanos - FFyH UNC\" \/>\n<meta property=\"article:publisher\" content=\"https:\/\/www.facebook.com\/derechoshumanosffyh\" \/>\n<meta property=\"article:published_time\" content=\"2023-07-05T14:04:34+00:00\" \/>\n<meta property=\"article:modified_time\" content=\"2023-07-05T17:28:41+00:00\" \/>\n<meta property=\"og:image\" content=\"http:\/\/ffyh.unc.edu.ar\/derechoshumanos\/wp-content\/uploads\/sites\/47\/2023\/07\/WhatsApp-Image-2023-07-05-at-11.02.57.jpeg\" \/>\n\t<meta property=\"og:image:width\" content=\"1600\" \/>\n\t<meta property=\"og:image:height\" content=\"1599\" \/>\n\t<meta property=\"og:image:type\" content=\"image\/jpeg\" \/>\n<meta name=\"author\" content=\"\u00c1rea de Comunicaci\u00f3n - FFyH\" \/>\n<meta name=\"twitter:card\" content=\"summary_large_image\" \/>\n<meta name=\"twitter:label1\" content=\"Escrito por\" \/>\n\t<meta name=\"twitter:data1\" content=\"\" \/>\n\t<meta name=\"twitter:label2\" content=\"Tiempo de lectura\" \/>\n\t<meta name=\"twitter:data2\" content=\"1 minuto\" \/>\n<script type=\"application\/ld+json\" class=\"yoast-schema-graph\">{\"@context\":\"https:\/\/schema.org\",\"@graph\":[{\"@type\":\"Article\",\"@id\":\"https:\/\/ffyh.unc.edu.ar\/derechoshumanos\/2023\/07\/05\/tercera-circular-de-las-iii-jornadas-de-derechos-humanos-de-la-ffyh\/#article\",\"isPartOf\":{\"@id\":\"https:\/\/ffyh.unc.edu.ar\/derechoshumanos\/2023\/07\/05\/tercera-circular-de-las-iii-jornadas-de-derechos-humanos-de-la-ffyh\/\"},\"author\":{\"name\":\"\u00c1rea de Comunicaci\u00f3n - FFyH\",\"@id\":\"https:\/\/ffyh.unc.edu.ar\/derechoshumanos\/#\/schema\/person\/e6b9f6aec95cb7437bb2fde09e23b224\"},\"headline\":\"Tercera circular de las III Jornadas de Derechos Humanos de la FFyH\",\"datePublished\":\"2023-07-05T14:04:34+00:00\",\"dateModified\":\"2023-07-05T17:28:41+00:00\",\"mainEntityOfPage\":{\"@id\":\"https:\/\/ffyh.unc.edu.ar\/derechoshumanos\/2023\/07\/05\/tercera-circular-de-las-iii-jornadas-de-derechos-humanos-de-la-ffyh\/\"},\"wordCount\":59,\"commentCount\":0,\"publisher\":{\"@id\":\"https:\/\/ffyh.unc.edu.ar\/derechoshumanos\/#organization\"},\"image\":{\"@id\":\"https:\/\/ffyh.unc.edu.ar\/derechoshumanos\/2023\/07\/05\/tercera-circular-de-las-iii-jornadas-de-derechos-humanos-de-la-ffyh\/#primaryimage\"},\"thumbnailUrl\":\"https:\/\/ffyh.unc.edu.ar\/derechoshumanos\/wp-content\/uploads\/sites\/47\/2023\/07\/WhatsApp-Image-2023-07-05-at-11.02.57.jpeg\",\"articleSection\":[\"Jornadas DDHH\",\"Noticias\"],\"inLanguage\":\"es\",\"potentialAction\":[{\"@type\":\"CommentAction\",\"name\":\"Comment\",\"target\":[\"https:\/\/ffyh.unc.edu.ar\/derechoshumanos\/2023\/07\/05\/tercera-circular-de-las-iii-jornadas-de-derechos-humanos-de-la-ffyh\/#respond\"]}]},{\"@type\":\"WebPage\",\"@id\":\"https:\/\/ffyh.unc.edu.ar\/derechoshumanos\/2023\/07\/05\/tercera-circular-de-las-iii-jornadas-de-derechos-humanos-de-la-ffyh\/\",\"url\":\"https:\/\/ffyh.unc.edu.ar\/derechoshumanos\/2023\/07\/05\/tercera-circular-de-las-iii-jornadas-de-derechos-humanos-de-la-ffyh\/\",\"name\":\"Tercera circular de las III Jornadas de Derechos Humanos de la FFyH - Programa de Derechos Humanos - FFyH UNC\",\"isPartOf\":{\"@id\":\"https:\/\/ffyh.unc.edu.ar\/derechoshumanos\/#website\"},\"primaryImageOfPage\":{\"@id\":\"https:\/\/ffyh.unc.edu.ar\/derechoshumanos\/2023\/07\/05\/tercera-circular-de-las-iii-jornadas-de-derechos-humanos-de-la-ffyh\/#primaryimage\"},\"image\":{\"@id\":\"https:\/\/ffyh.unc.edu.ar\/derechoshumanos\/2023\/07\/05\/tercera-circular-de-las-iii-jornadas-de-derechos-humanos-de-la-ffyh\/#primaryimage\"},\"thumbnailUrl\":\"https:\/\/ffyh.unc.edu.ar\/derechoshumanos\/wp-content\/uploads\/sites\/47\/2023\/07\/WhatsApp-Image-2023-07-05-at-11.02.57.jpeg\",\"datePublished\":\"2023-07-05T14:04:34+00:00\",\"dateModified\":\"2023-07-05T17:28:41+00:00\",\"breadcrumb\":{\"@id\":\"https:\/\/ffyh.unc.edu.ar\/derechoshumanos\/2023\/07\/05\/tercera-circular-de-las-iii-jornadas-de-derechos-humanos-de-la-ffyh\/#breadcrumb\"},\"inLanguage\":\"es\",\"potentialAction\":[{\"@type\":\"ReadAction\",\"target\":[\"https:\/\/ffyh.unc.edu.ar\/derechoshumanos\/2023\/07\/05\/tercera-circular-de-las-iii-jornadas-de-derechos-humanos-de-la-ffyh\/\"]}]},{\"@type\":\"ImageObject\",\"inLanguage\":\"es\",\"@id\":\"https:\/\/ffyh.unc.edu.ar\/derechoshumanos\/2023\/07\/05\/tercera-circular-de-las-iii-jornadas-de-derechos-humanos-de-la-ffyh\/#primaryimage\",\"url\":\"https:\/\/ffyh.unc.edu.ar\/derechoshumanos\/wp-content\/uploads\/sites\/47\/2023\/07\/WhatsApp-Image-2023-07-05-at-11.02.57.jpeg\",\"contentUrl\":\"https:\/\/ffyh.unc.edu.ar\/derechoshumanos\/wp-content\/uploads\/sites\/47\/2023\/07\/WhatsApp-Image-2023-07-05-at-11.02.57.jpeg\",\"width\":1600,\"height\":1599},{\"@type\":\"BreadcrumbList\",\"@id\":\"https:\/\/ffyh.unc.edu.ar\/derechoshumanos\/2023\/07\/05\/tercera-circular-de-las-iii-jornadas-de-derechos-humanos-de-la-ffyh\/#breadcrumb\",\"itemListElement\":[{\"@type\":\"ListItem\",\"position\":1,\"name\":\"Portada\",\"item\":\"https:\/\/ffyh.unc.edu.ar\/derechoshumanos\/\"},{\"@type\":\"ListItem\",\"position\":2,\"name\":\"Tercera circular de las III Jornadas de Derechos Humanos de la FFyH\"}]},{\"@type\":\"WebSite\",\"@id\":\"https:\/\/ffyh.unc.edu.ar\/derechoshumanos\/#website\",\"url\":\"https:\/\/ffyh.unc.edu.ar\/derechoshumanos\/\",\"name\":\"Programa de Derechos Humanos - FFyH UNC\",\"description\":\"\",\"publisher\":{\"@id\":\"https:\/\/ffyh.unc.edu.ar\/derechoshumanos\/#organization\"},\"potentialAction\":[{\"@type\":\"SearchAction\",\"target\":{\"@type\":\"EntryPoint\",\"urlTemplate\":\"https:\/\/ffyh.unc.edu.ar\/derechoshumanos\/?s={search_term_string}\"},\"query-input\":{\"@type\":\"PropertyValueSpecification\",\"valueRequired\":true,\"valueName\":\"search_term_string\"}}],\"inLanguage\":\"es\"},{\"@type\":\"Organization\",\"@id\":\"https:\/\/ffyh.unc.edu.ar\/derechoshumanos\/#organization\",\"name\":\"Programa de Derechos Humanos - FFyH UNC\",\"url\":\"https:\/\/ffyh.unc.edu.ar\/derechoshumanos\/\",\"logo\":{\"@type\":\"ImageObject\",\"inLanguage\":\"es\",\"@id\":\"https:\/\/ffyh.unc.edu.ar\/derechoshumanos\/#\/schema\/logo\/image\/\",\"url\":\"https:\/\/ffyh.unc.edu.ar\/derechoshumanos\/wp-content\/uploads\/sites\/47\/2023\/04\/cropped-cropped-banner-ddhh.jpeg\",\"contentUrl\":\"https:\/\/ffyh.unc.edu.ar\/derechoshumanos\/wp-content\/uploads\/sites\/47\/2023\/04\/cropped-cropped-banner-ddhh.jpeg\",\"width\":512,\"height\":512,\"caption\":\"Programa de Derechos Humanos - FFyH UNC\"},\"image\":{\"@id\":\"https:\/\/ffyh.unc.edu.ar\/derechoshumanos\/#\/schema\/logo\/image\/\"},\"sameAs\":[\"https:\/\/www.facebook.com\/derechoshumanosffyh\",\"https:\/\/www.instagram.com\/programaddhhffyh\/\"]},{\"@type\":\"Person\",\"@id\":\"https:\/\/ffyh.unc.edu.ar\/derechoshumanos\/#\/schema\/person\/e6b9f6aec95cb7437bb2fde09e23b224\",\"name\":\"\u00c1rea de Comunicaci\u00f3n - FFyH\",\"image\":{\"@type\":\"ImageObject\",\"inLanguage\":\"es\",\"@id\":\"https:\/\/ffyh.unc.edu.ar\/derechoshumanos\/#\/schema\/person\/image\/\",\"url\":\"https:\/\/secure.gravatar.com\/avatar\/1d896d10b19526e4cb6e972ca0f1b6719a4697e2d88742a801b88b3682d5be75?s=96&d=mm&r=g\",\"contentUrl\":\"https:\/\/secure.gravatar.com\/avatar\/1d896d10b19526e4cb6e972ca0f1b6719a4697e2d88742a801b88b3682d5be75?s=96&d=mm&r=g\",\"caption\":\"\u00c1rea de Comunicaci\u00f3n - FFyH\"},\"url\":\"https:\/\/ffyh.unc.edu.ar\/derechoshumanos\/author\/prensa\/\"}]}<\/script>\n<!-- \/ Yoast SEO plugin. -->","yoast_head_json":{"title":"Tercera circular de las III Jornadas de Derechos Humanos de la FFyH - Programa de Derechos Humanos - FFyH UNC","robots":{"index":"index","follow":"follow","max-snippet":"max-snippet:-1","max-image-preview":"max-image-preview:large","max-video-preview":"max-video-preview:-1"},"canonical":"https:\/\/ffyh.unc.edu.ar\/derechoshumanos\/2023\/07\/05\/tercera-circular-de-las-iii-jornadas-de-derechos-humanos-de-la-ffyh\/","og_locale":"es_ES","og_type":"article","og_title":"Tercera circular de las III Jornadas de Derechos Humanos de la FFyH - Programa de Derechos Humanos - FFyH UNC","og_description":"Ya est\u00e1 disponible la tercera circular de las Jornadas que se realizar\u00e1n en la FFyH los d\u00edas 25 y 26 de septiembre de 2023. All\u00ed se establecen una pr\u00f3rroga para la presentaci\u00f3n de escritos e informaci\u00f3n sobre la publicaci\u00f3n de los trabajos presentados.","og_url":"https:\/\/ffyh.unc.edu.ar\/derechoshumanos\/2023\/07\/05\/tercera-circular-de-las-iii-jornadas-de-derechos-humanos-de-la-ffyh\/","og_site_name":"Programa de Derechos Humanos - FFyH UNC","article_publisher":"https:\/\/www.facebook.com\/derechoshumanosffyh","article_published_time":"2023-07-05T14:04:34+00:00","article_modified_time":"2023-07-05T17:28:41+00:00","og_image":[{"width":1600,"height":1599,"url":"http:\/\/ffyh.unc.edu.ar\/derechoshumanos\/wp-content\/uploads\/sites\/47\/2023\/07\/WhatsApp-Image-2023-07-05-at-11.02.57.jpeg","type":"image\/jpeg"}],"author":"\u00c1rea de Comunicaci\u00f3n - FFyH","twitter_card":"summary_large_image","twitter_misc":{"Escrito por":false,"Tiempo de lectura":"1 minuto"},"schema":{"@context":"https:\/\/schema.org","@graph":[{"@type":"Article","@id":"https:\/\/ffyh.unc.edu.ar\/derechoshumanos\/2023\/07\/05\/tercera-circular-de-las-iii-jornadas-de-derechos-humanos-de-la-ffyh\/#article","isPartOf":{"@id":"https:\/\/ffyh.unc.edu.ar\/derechoshumanos\/2023\/07\/05\/tercera-circular-de-las-iii-jornadas-de-derechos-humanos-de-la-ffyh\/"},"author":{"name":"\u00c1rea de Comunicaci\u00f3n - FFyH","@id":"https:\/\/ffyh.unc.edu.ar\/derechoshumanos\/#\/schema\/person\/e6b9f6aec95cb7437bb2fde09e23b224"},"headline":"Tercera circular de las III Jornadas de Derechos Humanos de la FFyH","datePublished":"2023-07-05T14:04:34+00:00","dateModified":"2023-07-05T17:28:41+00:00","mainEntityOfPage":{"@id":"https:\/\/ffyh.unc.edu.ar\/derechoshumanos\/2023\/07\/05\/tercera-circular-de-las-iii-jornadas-de-derechos-humanos-de-la-ffyh\/"},"wordCount":59,"commentCount":0,"publisher":{"@id":"https:\/\/ffyh.unc.edu.ar\/derechoshumanos\/#organization"},"image":{"@id":"https:\/\/ffyh.unc.edu.ar\/derechoshumanos\/2023\/07\/05\/tercera-circular-de-las-iii-jornadas-de-derechos-humanos-de-la-ffyh\/#primaryimage"},"thumbnailUrl":"https:\/\/ffyh.unc.edu.ar\/derechoshumanos\/wp-content\/uploads\/sites\/47\/2023\/07\/WhatsApp-Image-2023-07-05-at-11.02.57.jpeg","articleSection":["Jornadas DDHH","Noticias"],"inLanguage":"es","potentialAction":[{"@type":"CommentAction","name":"Comment","target":["https:\/\/ffyh.unc.edu.ar\/derechoshumanos\/2023\/07\/05\/tercera-circular-de-las-iii-jornadas-de-derechos-humanos-de-la-ffyh\/#respond"]}]},{"@type":"WebPage","@id":"https:\/\/ffyh.unc.edu.ar\/derechoshumanos\/2023\/07\/05\/tercera-circular-de-las-iii-jornadas-de-derechos-humanos-de-la-ffyh\/","url":"https:\/\/ffyh.unc.edu.ar\/derechoshumanos\/2023\/07\/05\/tercera-circular-de-las-iii-jornadas-de-derechos-humanos-de-la-ffyh\/","name":"Tercera circular de las III Jornadas de Derechos Humanos de la FFyH - Programa de Derechos Humanos - FFyH UNC","isPartOf":{"@id":"https:\/\/ffyh.unc.edu.ar\/derechoshumanos\/#website"},"primaryImageOfPage":{"@id":"https:\/\/ffyh.unc.edu.ar\/derechoshumanos\/2023\/07\/05\/tercera-circular-de-las-iii-jornadas-de-derechos-humanos-de-la-ffyh\/#primaryimage"},"image":{"@id":"https:\/\/ffyh.unc.edu.ar\/derechoshumanos\/2023\/07\/05\/tercera-circular-de-las-iii-jornadas-de-derechos-humanos-de-la-ffyh\/#primaryimage"},"thumbnailUrl":"https:\/\/ffyh.unc.edu.ar\/derechoshumanos\/wp-content\/uploads\/sites\/47\/2023\/07\/WhatsApp-Image-2023-07-05-at-11.02.57.jpeg","datePublished":"2023-07-05T14:04:34+00:00","dateModified":"2023-07-05T17:28:41+00:00","breadcrumb":{"@id":"https:\/\/ffyh.unc.edu.ar\/derechoshumanos\/2023\/07\/05\/tercera-circular-de-las-iii-jornadas-de-derechos-humanos-de-la-ffyh\/#breadcrumb"},"inLanguage":"es","potentialAction":[{"@type":"ReadAction","target":["https:\/\/ffyh.unc.edu.ar\/derechoshumanos\/2023\/07\/05\/tercera-circular-de-las-iii-jornadas-de-derechos-humanos-de-la-ffyh\/"]}]},{"@type":"ImageObject","inLanguage":"es","@id":"https:\/\/ffyh.unc.edu.ar\/derechoshumanos\/2023\/07\/05\/tercera-circular-de-las-iii-jornadas-de-derechos-humanos-de-la-ffyh\/#primaryimage","url":"https:\/\/ffyh.unc.edu.ar\/derechoshumanos\/wp-content\/uploads\/sites\/47\/2023\/07\/WhatsApp-Image-2023-07-05-at-11.02.57.jpeg","contentUrl":"https:\/\/ffyh.unc.edu.ar\/derechoshumanos\/wp-content\/uploads\/sites\/47\/2023\/07\/WhatsApp-Image-2023-07-05-at-11.02.57.jpeg","width":1600,"height":1599},{"@type":"BreadcrumbList","@id":"https:\/\/ffyh.unc.edu.ar\/derechoshumanos\/2023\/07\/05\/tercera-circular-de-las-iii-jornadas-de-derechos-humanos-de-la-ffyh\/#breadcrumb","itemListElement":[{"@type":"ListItem","position":1,"name":"Portada","item":"https:\/\/ffyh.unc.edu.ar\/derechoshumanos\/"},{"@type":"ListItem","position":2,"name":"Tercera circular de las III Jornadas de Derechos Humanos de la FFyH"}]},{"@type":"WebSite","@id":"https:\/\/ffyh.unc.edu.ar\/derechoshumanos\/#website","url":"https:\/\/ffyh.unc.edu.ar\/derechoshumanos\/","name":"Programa de Derechos Humanos - FFyH UNC","description":"","publisher":{"@id":"https:\/\/ffyh.unc.edu.ar\/derechoshumanos\/#organization"},"potentialAction":[{"@type":"SearchAction","target":{"@type":"EntryPoint","urlTemplate":"https:\/\/ffyh.unc.edu.ar\/derechoshumanos\/?s={search_term_string}"},"query-input":{"@type":"PropertyValueSpecification","valueRequired":true,"valueName":"search_term_string"}}],"inLanguage":"es"},{"@type":"Organization","@id":"https:\/\/ffyh.unc.edu.ar\/derechoshumanos\/#organization","name":"Programa de Derechos Humanos - FFyH UNC","url":"https:\/\/ffyh.unc.edu.ar\/derechoshumanos\/","logo":{"@type":"ImageObject","inLanguage":"es","@id":"https:\/\/ffyh.unc.edu.ar\/derechoshumanos\/#\/schema\/logo\/image\/","url":"https:\/\/ffyh.unc.edu.ar\/derechoshumanos\/wp-content\/uploads\/sites\/47\/2023\/04\/cropped-cropped-banner-ddhh.jpeg","contentUrl":"https:\/\/ffyh.unc.edu.ar\/derechoshumanos\/wp-content\/uploads\/sites\/47\/2023\/04\/cropped-cropped-banner-ddhh.jpeg","width":512,"height":512,"caption":"Programa de Derechos Humanos - FFyH UNC"},"image":{"@id":"https:\/\/ffyh.unc.edu.ar\/derechoshumanos\/#\/schema\/logo\/image\/"},"sameAs":["https:\/\/www.facebook.com\/derechoshumanosffyh","https:\/\/www.instagram.com\/programaddhhffyh\/"]},{"@type":"Person","@id":"https:\/\/ffyh.unc.edu.ar\/derechoshumanos\/#\/schema\/person\/e6b9f6aec95cb7437bb2fde09e23b224","name":"\u00c1rea de Comunicaci\u00f3n - FFyH","image":{"@type":"ImageObject","inLanguage":"es","@id":"https:\/\/ffyh.unc.edu.ar\/derechoshumanos\/#\/schema\/person\/image\/","url":"https:\/\/secure.gravatar.com\/avatar\/1d896d10b19526e4cb6e972ca0f1b6719a4697e2d88742a801b88b3682d5be75?s=96&d=mm&r=g","contentUrl":"https:\/\/secure.gravatar.com\/avatar\/1d896d10b19526e4cb6e972ca0f1b6719a4697e2d88742a801b88b3682d5be75?s=96&d=mm&r=g","caption":"\u00c1rea de Comunicaci\u00f3n - FFyH"},"url":"https:\/\/ffyh.unc.edu.ar\/derechoshumanos\/author\/prensa\/"}]}},"jetpack_featured_media_url":"https:\/\/ffyh.unc.edu.ar\/derechoshumanos\/wp-content\/uploads\/sites\/47\/2023\/07\/WhatsApp-Image-2023-07-05-at-11.02.57.jpeg","_links":{"self":[{"href":"https:\/\/ffyh.unc.edu.ar\/derechoshumanos\/wp-json\/wp\/v2\/posts\/104","targetHints":{"allow":["GET"]}}],"collection":[{"href":"https:\/\/ffyh.unc.edu.ar\/derechoshumanos\/wp-json\/wp\/v2\/posts"}],"about":[{"href":"https:\/\/ffyh.unc.edu.ar\/derechoshumanos\/wp-json\/wp\/v2\/types\/post"}],"author":[{"embeddable":true,"href":"https:\/\/ffyh.unc.edu.ar\/derechoshumanos\/wp-json\/wp\/v2\/users\/2"}],"replies":[{"embeddable":true,"href":"https:\/\/ffyh.unc.edu.ar\/derechoshumanos\/wp-json\/wp\/v2\/comments?post=104"}],"version-history":[{"count":1,"href":"https:\/\/ffyh.unc.edu.ar\/derechoshumanos\/wp-json\/wp\/v2\/posts\/104\/revisions"}],"predecessor-version":[{"id":107,"href":"https:\/\/ffyh.unc.edu.ar\/derechoshumanos\/wp-json\/wp\/v2\/posts\/104\/revisions\/107"}],"wp:featuredmedia":[{"embeddable":true,"href":"https:\/\/ffyh.unc.edu.ar\/derechoshumanos\/wp-json\/wp\/v2\/media\/106"}],"wp:attachment":[{"href":"https:\/\/ffyh.unc.edu.ar\/derechoshumanos\/wp-json\/wp\/v2\/media?parent=104"}],"wp:term":[{"taxonomy":"category","embeddable":true,"href":"https:\/\/ffyh.unc.edu.ar\/derechoshumanos\/wp-json\/wp\/v2\/categories?post=104"},{"taxonomy":"post_tag","embeddable":true,"href":"https:\/\/ffyh.unc.edu.ar\/derechoshumanos\/wp-json\/wp\/v2\/tags?post=104"}],"curies":[{"name":"wp","href":"https:\/\/api.w.org\/{rel}","templated":true}]}}