{"id":1139,"date":"2025-04-04T16:33:41","date_gmt":"2025-04-04T16:33:41","guid":{"rendered":"https:\/\/ffyh.unc.edu.ar\/derechoshumanos\/?p=1139"},"modified":"2025-04-14T16:33:55","modified_gmt":"2025-04-14T16:33:55","slug":"luchar-sirve","status":"publish","type":"post","link":"https:\/\/ffyh.unc.edu.ar\/derechoshumanos\/2025\/04\/04\/luchar-sirve\/","title":{"rendered":"\u00a1Luchar sirve!"},"content":{"rendered":"<p>El pasado jueves 20 de febrero comenz\u00f3 un juicio fundamental para nuestra comunidad. Fue resultado de un reclamo que ya lleva 16 a\u00f1os, exigiendo la aparici\u00f3n de Yamila Cuello. El 25 de octubre de 2009 Yamila sali\u00f3 de la casa de su abuela despu\u00e9s de discutir por tel\u00e9fono con N\u00e9stor Simone. Nunca m\u00e1s se supo\u00a0de ella.<\/p>\n<p><span id=\"more-498\"><\/span><!--more--><br \/>\nLa familia no ha cesado de buscarla intensamente. Despu\u00e9s de muchos a\u00f1os, reclamos y organizaci\u00f3n en la lucha, se sustanci\u00f3 el juicio contra N\u00e9stor Simone, imputado por homicidio y Horacio Palacios, acusado de trata de personas con fines de explotaci\u00f3n sexual y tambi\u00e9n homicidio.<\/p>\n<p>La trata de personas es un delito que ha de ser abordado en toda su complejidad. Para ello es necesaria una perspectiva de g\u00e9nero y feminista que apuntale pol\u00edticas publicas justas y no meras normativas que condenan el trabajo sexual y no impactan en las redes de trata. El juicio se realiz\u00f3 en el Tribunal Oral N\u00ba2 de la justicia federal de C\u00f3rdoba, y el tribunal efectivamente estuvo atento a lo que han ense\u00f1ado las perspectivas feministas para leer el caso. La violencia de g\u00e9nero ejercida por Simone marc\u00f3 toda la relaci\u00f3n con Yamila, y hoy resulta condenado con 20 a\u00f1os de prisi\u00f3n por homicidio.<\/p>\n<p>Nuestra casa de estudios se ha sentido interpelada por esta causa, que ha quedado muchas veces marginada de las agendas, y desde el \u00c1rea de Formaci\u00f3n en G\u00e9nero, Sexualidades y ESI de la FFyH se acompa\u00f1\u00f3 activamente por sus implicancias desde los feminismos y los derechos humanos. Agradecemos y admiramos la lucha de Soledad, hermana de Yamila, y de toda la comunidad feminista que acompa\u00f1a estas causas.<\/p>\n<blockquote><p><strong>Yamila te seguimos buscando.<\/strong><\/p>\n<blockquote><p>\u00a1Justicia y verdad para todas las desaparecidas por trata!<\/p>\n<p>&nbsp;<\/p><\/blockquote>\n<p><img fetchpriority=\"high\" decoding=\"async\" class=\"size-full wp-image-28023 alignnone\" src=\"https:\/\/ffyh.unc.edu.ar\/wp-content\/uploads\/2025\/04\/yamila-cuello-web-1.jpeg\" alt=\"\" width=\"1200\" height=\"1311\" \/><\/p>\n<p><img decoding=\"async\" class=\"size-full wp-image-28024 alignnone\" src=\"https:\/\/ffyh.unc.edu.ar\/wp-content\/uploads\/2025\/04\/juicio-yamila-cuello-1.jpeg\" alt=\"\" width=\"1200\" height=\"1600\" \/><\/p><\/blockquote>\n","protected":false},"excerpt":{"rendered":"<p>El pasado jueves 20 de febrero comenz\u00f3 un juicio fundamental para nuestra comunidad. Fue resultado de un reclamo que ya lleva 16 a\u00f1os, exigiendo la aparici\u00f3n de Yamila Cuello. El 25 de octubre de 2009 Yamila sali\u00f3 de la casa de su abuela despu\u00e9s de discutir por tel\u00e9fono con N\u00e9stor Simone. Nunca m\u00e1s se supo\u00a0de &hellip; <\/p>\n<p><a class=\"more-link btn\" href=\"https:\/\/ffyh.unc.edu.ar\/derechoshumanos\/2025\/04\/04\/luchar-sirve\/\">Seguir leyendo<\/a><\/p>\n","protected":false},"author":2,"featured_media":1140,"comment_status":"open","ping_status":"open","sticky":false,"template":"","format":"standard","meta":{"_acf_changed":false,"footnotes":""},"categories":[20,9],"tags":[],"class_list":["post-1139","post","type-post","status-publish","format-standard","has-post-thumbnail","hentry","category-generos-esi","category-noticias","nodate","item-wrap"],"acf":[],"yoast_head":"<!-- This site is optimized with the Yoast SEO plugin v27.1.1 - https:\/\/yoast.com\/product\/yoast-seo-wordpress\/ -->\n<title>\u00a1Luchar sirve! - Programa de Derechos Humanos - FFyH UNC<\/title>\n<meta name=\"robots\" content=\"index, follow, max-snippet:-1, max-image-preview:large, max-video-preview:-1\" \/>\n<link rel=\"canonical\" href=\"https:\/\/ffyh.unc.edu.ar\/derechoshumanos\/2025\/04\/04\/luchar-sirve\/\" \/>\n<meta property=\"og:locale\" content=\"es_ES\" \/>\n<meta property=\"og:type\" content=\"article\" \/>\n<meta property=\"og:title\" content=\"\u00a1Luchar sirve! - Programa de Derechos Humanos - FFyH UNC\" \/>\n<meta property=\"og:description\" content=\"El pasado jueves 20 de febrero comenz\u00f3 un juicio fundamental para nuestra comunidad. Fue resultado de un reclamo que ya lleva 16 a\u00f1os, exigiendo la aparici\u00f3n de Yamila Cuello. El 25 de octubre de 2009 Yamila sali\u00f3 de la casa de su abuela despu\u00e9s de discutir por tel\u00e9fono con N\u00e9stor Simone. Nunca m\u00e1s se supo\u00a0de &hellip; Seguir leyendo\" \/>\n<meta property=\"og:url\" content=\"https:\/\/ffyh.unc.edu.ar\/derechoshumanos\/2025\/04\/04\/luchar-sirve\/\" \/>\n<meta property=\"og:site_name\" content=\"Programa de Derechos Humanos - FFyH UNC\" \/>\n<meta property=\"article:publisher\" content=\"https:\/\/www.facebook.com\/derechoshumanosffyh\" \/>\n<meta property=\"article:published_time\" content=\"2025-04-04T16:33:41+00:00\" \/>\n<meta property=\"article:modified_time\" content=\"2025-04-14T16:33:55+00:00\" \/>\n<meta property=\"og:image\" content=\"http:\/\/ffyh.unc.edu.ar\/derechoshumanos\/wp-content\/uploads\/sites\/47\/2025\/04\/yamila-cuello-web-1.jpeg\" \/>\n\t<meta property=\"og:image:width\" content=\"1200\" \/>\n\t<meta property=\"og:image:height\" content=\"1311\" \/>\n\t<meta property=\"og:image:type\" content=\"image\/jpeg\" \/>\n<meta name=\"author\" content=\"\u00c1rea de Comunicaci\u00f3n - FFyH\" \/>\n<meta name=\"twitter:card\" content=\"summary_large_image\" \/>\n<meta name=\"twitter:label1\" content=\"Escrito por\" \/>\n\t<meta name=\"twitter:data1\" content=\"\" \/>\n\t<meta name=\"twitter:label2\" content=\"Tiempo de lectura\" \/>\n\t<meta name=\"twitter:data2\" content=\"2 minutos\" \/>\n<script type=\"application\/ld+json\" class=\"yoast-schema-graph\">{\"@context\":\"https:\/\/schema.org\",\"@graph\":[{\"@type\":\"Article\",\"@id\":\"https:\/\/ffyh.unc.edu.ar\/derechoshumanos\/2025\/04\/04\/luchar-sirve\/#article\",\"isPartOf\":{\"@id\":\"https:\/\/ffyh.unc.edu.ar\/derechoshumanos\/2025\/04\/04\/luchar-sirve\/\"},\"author\":{\"name\":\"\u00c1rea de Comunicaci\u00f3n - FFyH\",\"@id\":\"https:\/\/ffyh.unc.edu.ar\/derechoshumanos\/#\/schema\/person\/e6b9f6aec95cb7437bb2fde09e23b224\"},\"headline\":\"\u00a1Luchar sirve!\",\"datePublished\":\"2025-04-04T16:33:41+00:00\",\"dateModified\":\"2025-04-14T16:33:55+00:00\",\"mainEntityOfPage\":{\"@id\":\"https:\/\/ffyh.unc.edu.ar\/derechoshumanos\/2025\/04\/04\/luchar-sirve\/\"},\"wordCount\":307,\"commentCount\":0,\"publisher\":{\"@id\":\"https:\/\/ffyh.unc.edu.ar\/derechoshumanos\/#organization\"},\"image\":{\"@id\":\"https:\/\/ffyh.unc.edu.ar\/derechoshumanos\/2025\/04\/04\/luchar-sirve\/#primaryimage\"},\"thumbnailUrl\":\"https:\/\/ffyh.unc.edu.ar\/derechoshumanos\/wp-content\/uploads\/sites\/47\/2025\/04\/yamila-cuello-web-1.jpeg\",\"articleSection\":[\"G\u00c9NEROS Y ESI\",\"Noticias\"],\"inLanguage\":\"es\",\"potentialAction\":[{\"@type\":\"CommentAction\",\"name\":\"Comment\",\"target\":[\"https:\/\/ffyh.unc.edu.ar\/derechoshumanos\/2025\/04\/04\/luchar-sirve\/#respond\"]}]},{\"@type\":\"WebPage\",\"@id\":\"https:\/\/ffyh.unc.edu.ar\/derechoshumanos\/2025\/04\/04\/luchar-sirve\/\",\"url\":\"https:\/\/ffyh.unc.edu.ar\/derechoshumanos\/2025\/04\/04\/luchar-sirve\/\",\"name\":\"\u00a1Luchar sirve! - Programa de Derechos Humanos - FFyH UNC\",\"isPartOf\":{\"@id\":\"https:\/\/ffyh.unc.edu.ar\/derechoshumanos\/#website\"},\"primaryImageOfPage\":{\"@id\":\"https:\/\/ffyh.unc.edu.ar\/derechoshumanos\/2025\/04\/04\/luchar-sirve\/#primaryimage\"},\"image\":{\"@id\":\"https:\/\/ffyh.unc.edu.ar\/derechoshumanos\/2025\/04\/04\/luchar-sirve\/#primaryimage\"},\"thumbnailUrl\":\"https:\/\/ffyh.unc.edu.ar\/derechoshumanos\/wp-content\/uploads\/sites\/47\/2025\/04\/yamila-cuello-web-1.jpeg\",\"datePublished\":\"2025-04-04T16:33:41+00:00\",\"dateModified\":\"2025-04-14T16:33:55+00:00\",\"breadcrumb\":{\"@id\":\"https:\/\/ffyh.unc.edu.ar\/derechoshumanos\/2025\/04\/04\/luchar-sirve\/#breadcrumb\"},\"inLanguage\":\"es\",\"potentialAction\":[{\"@type\":\"ReadAction\",\"target\":[\"https:\/\/ffyh.unc.edu.ar\/derechoshumanos\/2025\/04\/04\/luchar-sirve\/\"]}]},{\"@type\":\"ImageObject\",\"inLanguage\":\"es\",\"@id\":\"https:\/\/ffyh.unc.edu.ar\/derechoshumanos\/2025\/04\/04\/luchar-sirve\/#primaryimage\",\"url\":\"https:\/\/ffyh.unc.edu.ar\/derechoshumanos\/wp-content\/uploads\/sites\/47\/2025\/04\/yamila-cuello-web-1.jpeg\",\"contentUrl\":\"https:\/\/ffyh.unc.edu.ar\/derechoshumanos\/wp-content\/uploads\/sites\/47\/2025\/04\/yamila-cuello-web-1.jpeg\",\"width\":1200,\"height\":1311},{\"@type\":\"BreadcrumbList\",\"@id\":\"https:\/\/ffyh.unc.edu.ar\/derechoshumanos\/2025\/04\/04\/luchar-sirve\/#breadcrumb\",\"itemListElement\":[{\"@type\":\"ListItem\",\"position\":1,\"name\":\"Portada\",\"item\":\"https:\/\/ffyh.unc.edu.ar\/derechoshumanos\/\"},{\"@type\":\"ListItem\",\"position\":2,\"name\":\"\u00a1Luchar sirve!\"}]},{\"@type\":\"WebSite\",\"@id\":\"https:\/\/ffyh.unc.edu.ar\/derechoshumanos\/#website\",\"url\":\"https:\/\/ffyh.unc.edu.ar\/derechoshumanos\/\",\"name\":\"Programa de Derechos Humanos - FFyH UNC\",\"description\":\"\",\"publisher\":{\"@id\":\"https:\/\/ffyh.unc.edu.ar\/derechoshumanos\/#organization\"},\"potentialAction\":[{\"@type\":\"SearchAction\",\"target\":{\"@type\":\"EntryPoint\",\"urlTemplate\":\"https:\/\/ffyh.unc.edu.ar\/derechoshumanos\/?s={search_term_string}\"},\"query-input\":{\"@type\":\"PropertyValueSpecification\",\"valueRequired\":true,\"valueName\":\"search_term_string\"}}],\"inLanguage\":\"es\"},{\"@type\":\"Organization\",\"@id\":\"https:\/\/ffyh.unc.edu.ar\/derechoshumanos\/#organization\",\"name\":\"Programa de Derechos Humanos - FFyH UNC\",\"url\":\"https:\/\/ffyh.unc.edu.ar\/derechoshumanos\/\",\"logo\":{\"@type\":\"ImageObject\",\"inLanguage\":\"es\",\"@id\":\"https:\/\/ffyh.unc.edu.ar\/derechoshumanos\/#\/schema\/logo\/image\/\",\"url\":\"https:\/\/ffyh.unc.edu.ar\/derechoshumanos\/wp-content\/uploads\/sites\/47\/2023\/04\/cropped-cropped-banner-ddhh.jpeg\",\"contentUrl\":\"https:\/\/ffyh.unc.edu.ar\/derechoshumanos\/wp-content\/uploads\/sites\/47\/2023\/04\/cropped-cropped-banner-ddhh.jpeg\",\"width\":512,\"height\":512,\"caption\":\"Programa de Derechos Humanos - FFyH UNC\"},\"image\":{\"@id\":\"https:\/\/ffyh.unc.edu.ar\/derechoshumanos\/#\/schema\/logo\/image\/\"},\"sameAs\":[\"https:\/\/www.facebook.com\/derechoshumanosffyh\",\"https:\/\/www.instagram.com\/programaddhhffyh\/\"]},{\"@type\":\"Person\",\"@id\":\"https:\/\/ffyh.unc.edu.ar\/derechoshumanos\/#\/schema\/person\/e6b9f6aec95cb7437bb2fde09e23b224\",\"name\":\"\u00c1rea de Comunicaci\u00f3n - FFyH\",\"image\":{\"@type\":\"ImageObject\",\"inLanguage\":\"es\",\"@id\":\"https:\/\/ffyh.unc.edu.ar\/derechoshumanos\/#\/schema\/person\/image\/\",\"url\":\"https:\/\/secure.gravatar.com\/avatar\/1d896d10b19526e4cb6e972ca0f1b6719a4697e2d88742a801b88b3682d5be75?s=96&d=mm&r=g\",\"contentUrl\":\"https:\/\/secure.gravatar.com\/avatar\/1d896d10b19526e4cb6e972ca0f1b6719a4697e2d88742a801b88b3682d5be75?s=96&d=mm&r=g\",\"caption\":\"\u00c1rea de Comunicaci\u00f3n - FFyH\"},\"url\":\"https:\/\/ffyh.unc.edu.ar\/derechoshumanos\/author\/prensa\/\"}]}<\/script>\n<!-- \/ Yoast SEO plugin. -->","yoast_head_json":{"title":"\u00a1Luchar sirve! - Programa de Derechos Humanos - FFyH UNC","robots":{"index":"index","follow":"follow","max-snippet":"max-snippet:-1","max-image-preview":"max-image-preview:large","max-video-preview":"max-video-preview:-1"},"canonical":"https:\/\/ffyh.unc.edu.ar\/derechoshumanos\/2025\/04\/04\/luchar-sirve\/","og_locale":"es_ES","og_type":"article","og_title":"\u00a1Luchar sirve! - Programa de Derechos Humanos - FFyH UNC","og_description":"El pasado jueves 20 de febrero comenz\u00f3 un juicio fundamental para nuestra comunidad. Fue resultado de un reclamo que ya lleva 16 a\u00f1os, exigiendo la aparici\u00f3n de Yamila Cuello. El 25 de octubre de 2009 Yamila sali\u00f3 de la casa de su abuela despu\u00e9s de discutir por tel\u00e9fono con N\u00e9stor Simone. Nunca m\u00e1s se supo\u00a0de &hellip; Seguir leyendo","og_url":"https:\/\/ffyh.unc.edu.ar\/derechoshumanos\/2025\/04\/04\/luchar-sirve\/","og_site_name":"Programa de Derechos Humanos - FFyH UNC","article_publisher":"https:\/\/www.facebook.com\/derechoshumanosffyh","article_published_time":"2025-04-04T16:33:41+00:00","article_modified_time":"2025-04-14T16:33:55+00:00","og_image":[{"width":1200,"height":1311,"url":"http:\/\/ffyh.unc.edu.ar\/derechoshumanos\/wp-content\/uploads\/sites\/47\/2025\/04\/yamila-cuello-web-1.jpeg","type":"image\/jpeg"}],"author":"\u00c1rea de Comunicaci\u00f3n - FFyH","twitter_card":"summary_large_image","twitter_misc":{"Escrito por":false,"Tiempo de lectura":"2 minutos"},"schema":{"@context":"https:\/\/schema.org","@graph":[{"@type":"Article","@id":"https:\/\/ffyh.unc.edu.ar\/derechoshumanos\/2025\/04\/04\/luchar-sirve\/#article","isPartOf":{"@id":"https:\/\/ffyh.unc.edu.ar\/derechoshumanos\/2025\/04\/04\/luchar-sirve\/"},"author":{"name":"\u00c1rea de Comunicaci\u00f3n - FFyH","@id":"https:\/\/ffyh.unc.edu.ar\/derechoshumanos\/#\/schema\/person\/e6b9f6aec95cb7437bb2fde09e23b224"},"headline":"\u00a1Luchar sirve!","datePublished":"2025-04-04T16:33:41+00:00","dateModified":"2025-04-14T16:33:55+00:00","mainEntityOfPage":{"@id":"https:\/\/ffyh.unc.edu.ar\/derechoshumanos\/2025\/04\/04\/luchar-sirve\/"},"wordCount":307,"commentCount":0,"publisher":{"@id":"https:\/\/ffyh.unc.edu.ar\/derechoshumanos\/#organization"},"image":{"@id":"https:\/\/ffyh.unc.edu.ar\/derechoshumanos\/2025\/04\/04\/luchar-sirve\/#primaryimage"},"thumbnailUrl":"https:\/\/ffyh.unc.edu.ar\/derechoshumanos\/wp-content\/uploads\/sites\/47\/2025\/04\/yamila-cuello-web-1.jpeg","articleSection":["G\u00c9NEROS Y ESI","Noticias"],"inLanguage":"es","potentialAction":[{"@type":"CommentAction","name":"Comment","target":["https:\/\/ffyh.unc.edu.ar\/derechoshumanos\/2025\/04\/04\/luchar-sirve\/#respond"]}]},{"@type":"WebPage","@id":"https:\/\/ffyh.unc.edu.ar\/derechoshumanos\/2025\/04\/04\/luchar-sirve\/","url":"https:\/\/ffyh.unc.edu.ar\/derechoshumanos\/2025\/04\/04\/luchar-sirve\/","name":"\u00a1Luchar sirve! - Programa de Derechos Humanos - FFyH UNC","isPartOf":{"@id":"https:\/\/ffyh.unc.edu.ar\/derechoshumanos\/#website"},"primaryImageOfPage":{"@id":"https:\/\/ffyh.unc.edu.ar\/derechoshumanos\/2025\/04\/04\/luchar-sirve\/#primaryimage"},"image":{"@id":"https:\/\/ffyh.unc.edu.ar\/derechoshumanos\/2025\/04\/04\/luchar-sirve\/#primaryimage"},"thumbnailUrl":"https:\/\/ffyh.unc.edu.ar\/derechoshumanos\/wp-content\/uploads\/sites\/47\/2025\/04\/yamila-cuello-web-1.jpeg","datePublished":"2025-04-04T16:33:41+00:00","dateModified":"2025-04-14T16:33:55+00:00","breadcrumb":{"@id":"https:\/\/ffyh.unc.edu.ar\/derechoshumanos\/2025\/04\/04\/luchar-sirve\/#breadcrumb"},"inLanguage":"es","potentialAction":[{"@type":"ReadAction","target":["https:\/\/ffyh.unc.edu.ar\/derechoshumanos\/2025\/04\/04\/luchar-sirve\/"]}]},{"@type":"ImageObject","inLanguage":"es","@id":"https:\/\/ffyh.unc.edu.ar\/derechoshumanos\/2025\/04\/04\/luchar-sirve\/#primaryimage","url":"https:\/\/ffyh.unc.edu.ar\/derechoshumanos\/wp-content\/uploads\/sites\/47\/2025\/04\/yamila-cuello-web-1.jpeg","contentUrl":"https:\/\/ffyh.unc.edu.ar\/derechoshumanos\/wp-content\/uploads\/sites\/47\/2025\/04\/yamila-cuello-web-1.jpeg","width":1200,"height":1311},{"@type":"BreadcrumbList","@id":"https:\/\/ffyh.unc.edu.ar\/derechoshumanos\/2025\/04\/04\/luchar-sirve\/#breadcrumb","itemListElement":[{"@type":"ListItem","position":1,"name":"Portada","item":"https:\/\/ffyh.unc.edu.ar\/derechoshumanos\/"},{"@type":"ListItem","position":2,"name":"\u00a1Luchar sirve!"}]},{"@type":"WebSite","@id":"https:\/\/ffyh.unc.edu.ar\/derechoshumanos\/#website","url":"https:\/\/ffyh.unc.edu.ar\/derechoshumanos\/","name":"Programa de Derechos Humanos - FFyH UNC","description":"","publisher":{"@id":"https:\/\/ffyh.unc.edu.ar\/derechoshumanos\/#organization"},"potentialAction":[{"@type":"SearchAction","target":{"@type":"EntryPoint","urlTemplate":"https:\/\/ffyh.unc.edu.ar\/derechoshumanos\/?s={search_term_string}"},"query-input":{"@type":"PropertyValueSpecification","valueRequired":true,"valueName":"search_term_string"}}],"inLanguage":"es"},{"@type":"Organization","@id":"https:\/\/ffyh.unc.edu.ar\/derechoshumanos\/#organization","name":"Programa de Derechos Humanos - FFyH UNC","url":"https:\/\/ffyh.unc.edu.ar\/derechoshumanos\/","logo":{"@type":"ImageObject","inLanguage":"es","@id":"https:\/\/ffyh.unc.edu.ar\/derechoshumanos\/#\/schema\/logo\/image\/","url":"https:\/\/ffyh.unc.edu.ar\/derechoshumanos\/wp-content\/uploads\/sites\/47\/2023\/04\/cropped-cropped-banner-ddhh.jpeg","contentUrl":"https:\/\/ffyh.unc.edu.ar\/derechoshumanos\/wp-content\/uploads\/sites\/47\/2023\/04\/cropped-cropped-banner-ddhh.jpeg","width":512,"height":512,"caption":"Programa de Derechos Humanos - FFyH UNC"},"image":{"@id":"https:\/\/ffyh.unc.edu.ar\/derechoshumanos\/#\/schema\/logo\/image\/"},"sameAs":["https:\/\/www.facebook.com\/derechoshumanosffyh","https:\/\/www.instagram.com\/programaddhhffyh\/"]},{"@type":"Person","@id":"https:\/\/ffyh.unc.edu.ar\/derechoshumanos\/#\/schema\/person\/e6b9f6aec95cb7437bb2fde09e23b224","name":"\u00c1rea de Comunicaci\u00f3n - FFyH","image":{"@type":"ImageObject","inLanguage":"es","@id":"https:\/\/ffyh.unc.edu.ar\/derechoshumanos\/#\/schema\/person\/image\/","url":"https:\/\/secure.gravatar.com\/avatar\/1d896d10b19526e4cb6e972ca0f1b6719a4697e2d88742a801b88b3682d5be75?s=96&d=mm&r=g","contentUrl":"https:\/\/secure.gravatar.com\/avatar\/1d896d10b19526e4cb6e972ca0f1b6719a4697e2d88742a801b88b3682d5be75?s=96&d=mm&r=g","caption":"\u00c1rea de Comunicaci\u00f3n - FFyH"},"url":"https:\/\/ffyh.unc.edu.ar\/derechoshumanos\/author\/prensa\/"}]}},"jetpack_featured_media_url":"https:\/\/ffyh.unc.edu.ar\/derechoshumanos\/wp-content\/uploads\/sites\/47\/2025\/04\/yamila-cuello-web-1.jpeg","_links":{"self":[{"href":"https:\/\/ffyh.unc.edu.ar\/derechoshumanos\/wp-json\/wp\/v2\/posts\/1139","targetHints":{"allow":["GET"]}}],"collection":[{"href":"https:\/\/ffyh.unc.edu.ar\/derechoshumanos\/wp-json\/wp\/v2\/posts"}],"about":[{"href":"https:\/\/ffyh.unc.edu.ar\/derechoshumanos\/wp-json\/wp\/v2\/types\/post"}],"author":[{"embeddable":true,"href":"https:\/\/ffyh.unc.edu.ar\/derechoshumanos\/wp-json\/wp\/v2\/users\/2"}],"replies":[{"embeddable":true,"href":"https:\/\/ffyh.unc.edu.ar\/derechoshumanos\/wp-json\/wp\/v2\/comments?post=1139"}],"version-history":[{"count":1,"href":"https:\/\/ffyh.unc.edu.ar\/derechoshumanos\/wp-json\/wp\/v2\/posts\/1139\/revisions"}],"predecessor-version":[{"id":1141,"href":"https:\/\/ffyh.unc.edu.ar\/derechoshumanos\/wp-json\/wp\/v2\/posts\/1139\/revisions\/1141"}],"wp:featuredmedia":[{"embeddable":true,"href":"https:\/\/ffyh.unc.edu.ar\/derechoshumanos\/wp-json\/wp\/v2\/media\/1140"}],"wp:attachment":[{"href":"https:\/\/ffyh.unc.edu.ar\/derechoshumanos\/wp-json\/wp\/v2\/media?parent=1139"}],"wp:term":[{"taxonomy":"category","embeddable":true,"href":"https:\/\/ffyh.unc.edu.ar\/derechoshumanos\/wp-json\/wp\/v2\/categories?post=1139"},{"taxonomy":"post_tag","embeddable":true,"href":"https:\/\/ffyh.unc.edu.ar\/derechoshumanos\/wp-json\/wp\/v2\/tags?post=1139"}],"curies":[{"name":"wp","href":"https:\/\/api.w.org\/{rel}","templated":true}]}}