{"id":1220,"date":"2026-03-30T14:35:32","date_gmt":"2026-03-30T14:35:32","guid":{"rendered":"https:\/\/ffyh.unc.edu.ar\/derechoshumanos\/?p=1220"},"modified":"2026-03-30T14:35:32","modified_gmt":"2026-03-30T14:35:32","slug":"pronunciamiento-sobre-el-voto-negativo-de-la-republica-argentina-ante-la-asamblea-general-de-las-naciones-unidas-que-no-reconoce-el-trafico-de-africanos-esclavizados-como-el-crimen-mas-grave-de-lesa-h","status":"publish","type":"post","link":"https:\/\/ffyh.unc.edu.ar\/derechoshumanos\/2026\/03\/30\/pronunciamiento-sobre-el-voto-negativo-de-la-republica-argentina-ante-la-asamblea-general-de-las-naciones-unidas-que-no-reconoce-el-trafico-de-africanos-esclavizados-como-el-crimen-mas-grave-de-lesa-h\/","title":{"rendered":"Pronunciamiento sobre el voto negativo de la Rep\u00fablica Argentina ante la Asamblea General de las Naciones Unidas que no reconoce el tr\u00e1fico de africanos esclavizados como el crimen m\u00e1s grave de lesa humanidad"},"content":{"rendered":"<p>Desde la Mesa Afro C\u00f3rdoba, Conversa Negra, el Programa de Derechos Humanos de la Facultad de Filosof\u00eda y Humanidades\u00a0 y el Laboratorio Interdisciplinario de Investigaciones sobre Ancestr\u00edas del Instituto de Antropolog\u00eda de C\u00f3rdoba (IDACOR\/CONICET) de la Universidad Nacional de C\u00f3rdoba, expresamos nuestro m\u00e1s en\u00e9rgico repudio al voto negativo de la Rep\u00fablica Argentina ante la Asamblea General de las Naciones Unidas, con el cual se niega reconocer el tr\u00e1fico de africanos esclavizados y la esclavitud racializada de africanos como el crimen m\u00e1s grave de lesa humanidad.<\/p>\n<p><!--more--><\/p>\n<p>En el \u00e1mbito multilateral, la posici\u00f3n asumida por el gobierno nacional no solo constituye un aislacionismo injustificable en materia de derechos humanos, sino que implica una ruptura del compromiso hist\u00f3rico de la sociedad argentina en la defensa activa y sostenida con la memoria, la verdad , la justicia y la lucha contra toda forma de discriminaci\u00f3n y racismo. Negar el car\u00e1cter de crimen de lesa humanidad a la esclavitud africana es desconocer siglos de deshumanizaci\u00f3n, violencia sistem\u00e1tica, expoliaci\u00f3n y discriminaci\u00f3n que marcaron profundamente la historia de nuestra regi\u00f3n y del mundo.<br \/>\nDesde la Mesa Afro C\u00f3rdoba y la Universidad P\u00fablica, que tienen entre sus ejes la promoci\u00f3n de los derechos humanos y el rechazo al negacionismo, consideramos que este voto nos interpela como sociedad. La esclavitud no es un hecho del pasado ajeno a nuestro presente; sus consecuencias estructurales persisten en las desigualdades, el racismo y la colonialidad que a\u00fan atraviesan nuestras sociedades.<br \/>\nLa deuda hist\u00f3rica con los pueblos afrodescendientes y con las organizaciones afro que vienen desarrollando un trabajo de visibilizaci\u00f3n y lucha desde hace d\u00e9cadas, se articula m\u00e1s que nunca con la demanda del nunca m\u00e1s.<br \/>\nLa esclavitud africana es el crimen m\u00e1s grave contra la humanidad.<\/p>\n","protected":false},"excerpt":{"rendered":"<p>Desde la Mesa Afro C\u00f3rdoba, Conversa Negra, el Programa de Derechos Humanos de la Facultad de Filosof\u00eda y Humanidades\u00a0 y el Laboratorio Interdisciplinario de Investigaciones sobre Ancestr\u00edas del Instituto de Antropolog\u00eda de C\u00f3rdoba (IDACOR\/CONICET) de la Universidad Nacional de C\u00f3rdoba, expresamos nuestro m\u00e1s en\u00e9rgico repudio al voto negativo de la Rep\u00fablica Argentina ante la Asamblea &hellip; <\/p>\n<p><a class=\"more-link btn\" href=\"https:\/\/ffyh.unc.edu.ar\/derechoshumanos\/2026\/03\/30\/pronunciamiento-sobre-el-voto-negativo-de-la-republica-argentina-ante-la-asamblea-general-de-las-naciones-unidas-que-no-reconoce-el-trafico-de-africanos-esclavizados-como-el-crimen-mas-grave-de-lesa-h\/\">Seguir leyendo<\/a><\/p>\n","protected":false},"author":2,"featured_media":1221,"comment_status":"open","ping_status":"open","sticky":false,"template":"","format":"standard","meta":{"_acf_changed":false,"footnotes":""},"categories":[9],"tags":[],"class_list":["post-1220","post","type-post","status-publish","format-standard","has-post-thumbnail","hentry","category-noticias","nodate","item-wrap"],"acf":[],"yoast_head":"<!-- This site is optimized with the Yoast SEO plugin v27.1.1 - https:\/\/yoast.com\/product\/yoast-seo-wordpress\/ -->\n<title>Pronunciamiento sobre el voto negativo de la Rep\u00fablica Argentina ante la Asamblea General de las Naciones Unidas que no reconoce el tr\u00e1fico de africanos esclavizados como el crimen m\u00e1s grave de lesa humanidad - Programa de Derechos Humanos - FFyH UNC<\/title>\n<meta name=\"robots\" content=\"index, follow, max-snippet:-1, max-image-preview:large, max-video-preview:-1\" \/>\n<link rel=\"canonical\" href=\"https:\/\/ffyh.unc.edu.ar\/derechoshumanos\/2026\/03\/30\/pronunciamiento-sobre-el-voto-negativo-de-la-republica-argentina-ante-la-asamblea-general-de-las-naciones-unidas-que-no-reconoce-el-trafico-de-africanos-esclavizados-como-el-crimen-mas-grave-de-lesa-h\/\" \/>\n<meta property=\"og:locale\" content=\"es_ES\" \/>\n<meta property=\"og:type\" content=\"article\" \/>\n<meta property=\"og:title\" content=\"Pronunciamiento sobre el voto negativo de la Rep\u00fablica Argentina ante la Asamblea General de las Naciones Unidas que no reconoce el tr\u00e1fico de africanos esclavizados como el crimen m\u00e1s grave de lesa humanidad - Programa de Derechos Humanos - FFyH UNC\" \/>\n<meta property=\"og:description\" content=\"Desde la Mesa Afro C\u00f3rdoba, Conversa Negra, el Programa de Derechos Humanos de la Facultad de Filosof\u00eda y Humanidades\u00a0 y el Laboratorio Interdisciplinario de Investigaciones sobre Ancestr\u00edas del Instituto de Antropolog\u00eda de C\u00f3rdoba (IDACOR\/CONICET) de la Universidad Nacional de C\u00f3rdoba, expresamos nuestro m\u00e1s en\u00e9rgico repudio al voto negativo de la Rep\u00fablica Argentina ante la Asamblea &hellip; Seguir leyendo\" \/>\n<meta property=\"og:url\" content=\"https:\/\/ffyh.unc.edu.ar\/derechoshumanos\/2026\/03\/30\/pronunciamiento-sobre-el-voto-negativo-de-la-republica-argentina-ante-la-asamblea-general-de-las-naciones-unidas-que-no-reconoce-el-trafico-de-africanos-esclavizados-como-el-crimen-mas-grave-de-lesa-h\/\" \/>\n<meta property=\"og:site_name\" content=\"Programa de Derechos Humanos - FFyH UNC\" \/>\n<meta property=\"article:publisher\" content=\"https:\/\/www.facebook.com\/derechoshumanosffyh\" \/>\n<meta property=\"article:published_time\" content=\"2026-03-30T14:35:32+00:00\" \/>\n<meta property=\"og:image\" content=\"http:\/\/ffyh.unc.edu.ar\/derechoshumanos\/wp-content\/uploads\/sites\/47\/2026\/03\/WhatsApp-Image-2026-03-27-at-16.51.36-e1774881323281.jpeg\" \/>\n\t<meta property=\"og:image:width\" content=\"1080\" \/>\n\t<meta property=\"og:image:height\" content=\"612\" \/>\n\t<meta property=\"og:image:type\" content=\"image\/jpeg\" \/>\n<meta name=\"author\" content=\"\u00c1rea de Comunicaci\u00f3n - FFyH\" \/>\n<meta name=\"twitter:card\" content=\"summary_large_image\" \/>\n<meta name=\"twitter:label1\" content=\"Escrito por\" \/>\n\t<meta name=\"twitter:data1\" content=\"\" \/>\n\t<meta name=\"twitter:label2\" content=\"Tiempo de lectura\" \/>\n\t<meta name=\"twitter:data2\" content=\"2 minutos\" \/>\n<script type=\"application\/ld+json\" class=\"yoast-schema-graph\">{\"@context\":\"https:\/\/schema.org\",\"@graph\":[{\"@type\":\"Article\",\"@id\":\"https:\/\/ffyh.unc.edu.ar\/derechoshumanos\/2026\/03\/30\/pronunciamiento-sobre-el-voto-negativo-de-la-republica-argentina-ante-la-asamblea-general-de-las-naciones-unidas-que-no-reconoce-el-trafico-de-africanos-esclavizados-como-el-crimen-mas-grave-de-lesa-h\/#article\",\"isPartOf\":{\"@id\":\"https:\/\/ffyh.unc.edu.ar\/derechoshumanos\/2026\/03\/30\/pronunciamiento-sobre-el-voto-negativo-de-la-republica-argentina-ante-la-asamblea-general-de-las-naciones-unidas-que-no-reconoce-el-trafico-de-africanos-esclavizados-como-el-crimen-mas-grave-de-lesa-h\/\"},\"author\":{\"name\":\"\u00c1rea de Comunicaci\u00f3n - FFyH\",\"@id\":\"https:\/\/ffyh.unc.edu.ar\/derechoshumanos\/#\/schema\/person\/e6b9f6aec95cb7437bb2fde09e23b224\"},\"headline\":\"Pronunciamiento sobre el voto negativo de la Rep\u00fablica Argentina ante la Asamblea General de las Naciones Unidas que no reconoce el tr\u00e1fico de africanos esclavizados como el crimen m\u00e1s grave de lesa humanidad\",\"datePublished\":\"2026-03-30T14:35:32+00:00\",\"mainEntityOfPage\":{\"@id\":\"https:\/\/ffyh.unc.edu.ar\/derechoshumanos\/2026\/03\/30\/pronunciamiento-sobre-el-voto-negativo-de-la-republica-argentina-ante-la-asamblea-general-de-las-naciones-unidas-que-no-reconoce-el-trafico-de-africanos-esclavizados-como-el-crimen-mas-grave-de-lesa-h\/\"},\"wordCount\":350,\"commentCount\":0,\"publisher\":{\"@id\":\"https:\/\/ffyh.unc.edu.ar\/derechoshumanos\/#organization\"},\"image\":{\"@id\":\"https:\/\/ffyh.unc.edu.ar\/derechoshumanos\/2026\/03\/30\/pronunciamiento-sobre-el-voto-negativo-de-la-republica-argentina-ante-la-asamblea-general-de-las-naciones-unidas-que-no-reconoce-el-trafico-de-africanos-esclavizados-como-el-crimen-mas-grave-de-lesa-h\/#primaryimage\"},\"thumbnailUrl\":\"https:\/\/ffyh.unc.edu.ar\/derechoshumanos\/wp-content\/uploads\/sites\/47\/2026\/03\/WhatsApp-Image-2026-03-27-at-16.51.36-e1774881323281.jpeg\",\"articleSection\":[\"Noticias\"],\"inLanguage\":\"es\",\"potentialAction\":[{\"@type\":\"CommentAction\",\"name\":\"Comment\",\"target\":[\"https:\/\/ffyh.unc.edu.ar\/derechoshumanos\/2026\/03\/30\/pronunciamiento-sobre-el-voto-negativo-de-la-republica-argentina-ante-la-asamblea-general-de-las-naciones-unidas-que-no-reconoce-el-trafico-de-africanos-esclavizados-como-el-crimen-mas-grave-de-lesa-h\/#respond\"]}]},{\"@type\":\"WebPage\",\"@id\":\"https:\/\/ffyh.unc.edu.ar\/derechoshumanos\/2026\/03\/30\/pronunciamiento-sobre-el-voto-negativo-de-la-republica-argentina-ante-la-asamblea-general-de-las-naciones-unidas-que-no-reconoce-el-trafico-de-africanos-esclavizados-como-el-crimen-mas-grave-de-lesa-h\/\",\"url\":\"https:\/\/ffyh.unc.edu.ar\/derechoshumanos\/2026\/03\/30\/pronunciamiento-sobre-el-voto-negativo-de-la-republica-argentina-ante-la-asamblea-general-de-las-naciones-unidas-que-no-reconoce-el-trafico-de-africanos-esclavizados-como-el-crimen-mas-grave-de-lesa-h\/\",\"name\":\"Pronunciamiento sobre el voto negativo de la Rep\u00fablica Argentina ante la Asamblea General de las Naciones Unidas que no reconoce el tr\u00e1fico de africanos esclavizados como el crimen m\u00e1s grave de lesa humanidad - Programa de Derechos Humanos - FFyH UNC\",\"isPartOf\":{\"@id\":\"https:\/\/ffyh.unc.edu.ar\/derechoshumanos\/#website\"},\"primaryImageOfPage\":{\"@id\":\"https:\/\/ffyh.unc.edu.ar\/derechoshumanos\/2026\/03\/30\/pronunciamiento-sobre-el-voto-negativo-de-la-republica-argentina-ante-la-asamblea-general-de-las-naciones-unidas-que-no-reconoce-el-trafico-de-africanos-esclavizados-como-el-crimen-mas-grave-de-lesa-h\/#primaryimage\"},\"image\":{\"@id\":\"https:\/\/ffyh.unc.edu.ar\/derechoshumanos\/2026\/03\/30\/pronunciamiento-sobre-el-voto-negativo-de-la-republica-argentina-ante-la-asamblea-general-de-las-naciones-unidas-que-no-reconoce-el-trafico-de-africanos-esclavizados-como-el-crimen-mas-grave-de-lesa-h\/#primaryimage\"},\"thumbnailUrl\":\"https:\/\/ffyh.unc.edu.ar\/derechoshumanos\/wp-content\/uploads\/sites\/47\/2026\/03\/WhatsApp-Image-2026-03-27-at-16.51.36-e1774881323281.jpeg\",\"datePublished\":\"2026-03-30T14:35:32+00:00\",\"breadcrumb\":{\"@id\":\"https:\/\/ffyh.unc.edu.ar\/derechoshumanos\/2026\/03\/30\/pronunciamiento-sobre-el-voto-negativo-de-la-republica-argentina-ante-la-asamblea-general-de-las-naciones-unidas-que-no-reconoce-el-trafico-de-africanos-esclavizados-como-el-crimen-mas-grave-de-lesa-h\/#breadcrumb\"},\"inLanguage\":\"es\",\"potentialAction\":[{\"@type\":\"ReadAction\",\"target\":[\"https:\/\/ffyh.unc.edu.ar\/derechoshumanos\/2026\/03\/30\/pronunciamiento-sobre-el-voto-negativo-de-la-republica-argentina-ante-la-asamblea-general-de-las-naciones-unidas-que-no-reconoce-el-trafico-de-africanos-esclavizados-como-el-crimen-mas-grave-de-lesa-h\/\"]}]},{\"@type\":\"ImageObject\",\"inLanguage\":\"es\",\"@id\":\"https:\/\/ffyh.unc.edu.ar\/derechoshumanos\/2026\/03\/30\/pronunciamiento-sobre-el-voto-negativo-de-la-republica-argentina-ante-la-asamblea-general-de-las-naciones-unidas-que-no-reconoce-el-trafico-de-africanos-esclavizados-como-el-crimen-mas-grave-de-lesa-h\/#primaryimage\",\"url\":\"https:\/\/ffyh.unc.edu.ar\/derechoshumanos\/wp-content\/uploads\/sites\/47\/2026\/03\/WhatsApp-Image-2026-03-27-at-16.51.36-e1774881323281.jpeg\",\"contentUrl\":\"https:\/\/ffyh.unc.edu.ar\/derechoshumanos\/wp-content\/uploads\/sites\/47\/2026\/03\/WhatsApp-Image-2026-03-27-at-16.51.36-e1774881323281.jpeg\",\"width\":1080,\"height\":612},{\"@type\":\"BreadcrumbList\",\"@id\":\"https:\/\/ffyh.unc.edu.ar\/derechoshumanos\/2026\/03\/30\/pronunciamiento-sobre-el-voto-negativo-de-la-republica-argentina-ante-la-asamblea-general-de-las-naciones-unidas-que-no-reconoce-el-trafico-de-africanos-esclavizados-como-el-crimen-mas-grave-de-lesa-h\/#breadcrumb\",\"itemListElement\":[{\"@type\":\"ListItem\",\"position\":1,\"name\":\"Portada\",\"item\":\"https:\/\/ffyh.unc.edu.ar\/derechoshumanos\/\"},{\"@type\":\"ListItem\",\"position\":2,\"name\":\"Pronunciamiento sobre el voto negativo de la Rep\u00fablica Argentina ante la Asamblea General de las Naciones Unidas que no reconoce el tr\u00e1fico de africanos esclavizados como el crimen m\u00e1s grave de lesa humanidad\"}]},{\"@type\":\"WebSite\",\"@id\":\"https:\/\/ffyh.unc.edu.ar\/derechoshumanos\/#website\",\"url\":\"https:\/\/ffyh.unc.edu.ar\/derechoshumanos\/\",\"name\":\"Programa de Derechos Humanos - FFyH UNC\",\"description\":\"\",\"publisher\":{\"@id\":\"https:\/\/ffyh.unc.edu.ar\/derechoshumanos\/#organization\"},\"potentialAction\":[{\"@type\":\"SearchAction\",\"target\":{\"@type\":\"EntryPoint\",\"urlTemplate\":\"https:\/\/ffyh.unc.edu.ar\/derechoshumanos\/?s={search_term_string}\"},\"query-input\":{\"@type\":\"PropertyValueSpecification\",\"valueRequired\":true,\"valueName\":\"search_term_string\"}}],\"inLanguage\":\"es\"},{\"@type\":\"Organization\",\"@id\":\"https:\/\/ffyh.unc.edu.ar\/derechoshumanos\/#organization\",\"name\":\"Programa de Derechos Humanos - FFyH UNC\",\"url\":\"https:\/\/ffyh.unc.edu.ar\/derechoshumanos\/\",\"logo\":{\"@type\":\"ImageObject\",\"inLanguage\":\"es\",\"@id\":\"https:\/\/ffyh.unc.edu.ar\/derechoshumanos\/#\/schema\/logo\/image\/\",\"url\":\"https:\/\/ffyh.unc.edu.ar\/derechoshumanos\/wp-content\/uploads\/sites\/47\/2023\/04\/cropped-cropped-banner-ddhh.jpeg\",\"contentUrl\":\"https:\/\/ffyh.unc.edu.ar\/derechoshumanos\/wp-content\/uploads\/sites\/47\/2023\/04\/cropped-cropped-banner-ddhh.jpeg\",\"width\":512,\"height\":512,\"caption\":\"Programa de Derechos Humanos - FFyH UNC\"},\"image\":{\"@id\":\"https:\/\/ffyh.unc.edu.ar\/derechoshumanos\/#\/schema\/logo\/image\/\"},\"sameAs\":[\"https:\/\/www.facebook.com\/derechoshumanosffyh\",\"https:\/\/www.instagram.com\/programaddhhffyh\/\"]},{\"@type\":\"Person\",\"@id\":\"https:\/\/ffyh.unc.edu.ar\/derechoshumanos\/#\/schema\/person\/e6b9f6aec95cb7437bb2fde09e23b224\",\"name\":\"\u00c1rea de Comunicaci\u00f3n - FFyH\",\"image\":{\"@type\":\"ImageObject\",\"inLanguage\":\"es\",\"@id\":\"https:\/\/ffyh.unc.edu.ar\/derechoshumanos\/#\/schema\/person\/image\/\",\"url\":\"https:\/\/secure.gravatar.com\/avatar\/1d896d10b19526e4cb6e972ca0f1b6719a4697e2d88742a801b88b3682d5be75?s=96&d=mm&r=g\",\"contentUrl\":\"https:\/\/secure.gravatar.com\/avatar\/1d896d10b19526e4cb6e972ca0f1b6719a4697e2d88742a801b88b3682d5be75?s=96&d=mm&r=g\",\"caption\":\"\u00c1rea de Comunicaci\u00f3n - FFyH\"},\"url\":\"https:\/\/ffyh.unc.edu.ar\/derechoshumanos\/author\/prensa\/\"}]}<\/script>\n<!-- \/ Yoast SEO plugin. -->","yoast_head_json":{"title":"Pronunciamiento sobre el voto negativo de la Rep\u00fablica Argentina ante la Asamblea General de las Naciones Unidas que no reconoce el tr\u00e1fico de africanos esclavizados como el crimen m\u00e1s grave de lesa humanidad - Programa de Derechos Humanos - FFyH UNC","robots":{"index":"index","follow":"follow","max-snippet":"max-snippet:-1","max-image-preview":"max-image-preview:large","max-video-preview":"max-video-preview:-1"},"canonical":"https:\/\/ffyh.unc.edu.ar\/derechoshumanos\/2026\/03\/30\/pronunciamiento-sobre-el-voto-negativo-de-la-republica-argentina-ante-la-asamblea-general-de-las-naciones-unidas-que-no-reconoce-el-trafico-de-africanos-esclavizados-como-el-crimen-mas-grave-de-lesa-h\/","og_locale":"es_ES","og_type":"article","og_title":"Pronunciamiento sobre el voto negativo de la Rep\u00fablica Argentina ante la Asamblea General de las Naciones Unidas que no reconoce el tr\u00e1fico de africanos esclavizados como el crimen m\u00e1s grave de lesa humanidad - Programa de Derechos Humanos - FFyH UNC","og_description":"Desde la Mesa Afro C\u00f3rdoba, Conversa Negra, el Programa de Derechos Humanos de la Facultad de Filosof\u00eda y Humanidades\u00a0 y el Laboratorio Interdisciplinario de Investigaciones sobre Ancestr\u00edas del Instituto de Antropolog\u00eda de C\u00f3rdoba (IDACOR\/CONICET) de la Universidad Nacional de C\u00f3rdoba, expresamos nuestro m\u00e1s en\u00e9rgico repudio al voto negativo de la Rep\u00fablica Argentina ante la Asamblea &hellip; Seguir leyendo","og_url":"https:\/\/ffyh.unc.edu.ar\/derechoshumanos\/2026\/03\/30\/pronunciamiento-sobre-el-voto-negativo-de-la-republica-argentina-ante-la-asamblea-general-de-las-naciones-unidas-que-no-reconoce-el-trafico-de-africanos-esclavizados-como-el-crimen-mas-grave-de-lesa-h\/","og_site_name":"Programa de Derechos Humanos - FFyH UNC","article_publisher":"https:\/\/www.facebook.com\/derechoshumanosffyh","article_published_time":"2026-03-30T14:35:32+00:00","og_image":[{"width":1080,"height":612,"url":"http:\/\/ffyh.unc.edu.ar\/derechoshumanos\/wp-content\/uploads\/sites\/47\/2026\/03\/WhatsApp-Image-2026-03-27-at-16.51.36-e1774881323281.jpeg","type":"image\/jpeg"}],"author":"\u00c1rea de Comunicaci\u00f3n - FFyH","twitter_card":"summary_large_image","twitter_misc":{"Escrito por":false,"Tiempo de lectura":"2 minutos"},"schema":{"@context":"https:\/\/schema.org","@graph":[{"@type":"Article","@id":"https:\/\/ffyh.unc.edu.ar\/derechoshumanos\/2026\/03\/30\/pronunciamiento-sobre-el-voto-negativo-de-la-republica-argentina-ante-la-asamblea-general-de-las-naciones-unidas-que-no-reconoce-el-trafico-de-africanos-esclavizados-como-el-crimen-mas-grave-de-lesa-h\/#article","isPartOf":{"@id":"https:\/\/ffyh.unc.edu.ar\/derechoshumanos\/2026\/03\/30\/pronunciamiento-sobre-el-voto-negativo-de-la-republica-argentina-ante-la-asamblea-general-de-las-naciones-unidas-que-no-reconoce-el-trafico-de-africanos-esclavizados-como-el-crimen-mas-grave-de-lesa-h\/"},"author":{"name":"\u00c1rea de Comunicaci\u00f3n - FFyH","@id":"https:\/\/ffyh.unc.edu.ar\/derechoshumanos\/#\/schema\/person\/e6b9f6aec95cb7437bb2fde09e23b224"},"headline":"Pronunciamiento sobre el voto negativo de la Rep\u00fablica Argentina ante la Asamblea General de las Naciones Unidas que no reconoce el tr\u00e1fico de africanos esclavizados como el crimen m\u00e1s grave de lesa humanidad","datePublished":"2026-03-30T14:35:32+00:00","mainEntityOfPage":{"@id":"https:\/\/ffyh.unc.edu.ar\/derechoshumanos\/2026\/03\/30\/pronunciamiento-sobre-el-voto-negativo-de-la-republica-argentina-ante-la-asamblea-general-de-las-naciones-unidas-que-no-reconoce-el-trafico-de-africanos-esclavizados-como-el-crimen-mas-grave-de-lesa-h\/"},"wordCount":350,"commentCount":0,"publisher":{"@id":"https:\/\/ffyh.unc.edu.ar\/derechoshumanos\/#organization"},"image":{"@id":"https:\/\/ffyh.unc.edu.ar\/derechoshumanos\/2026\/03\/30\/pronunciamiento-sobre-el-voto-negativo-de-la-republica-argentina-ante-la-asamblea-general-de-las-naciones-unidas-que-no-reconoce-el-trafico-de-africanos-esclavizados-como-el-crimen-mas-grave-de-lesa-h\/#primaryimage"},"thumbnailUrl":"https:\/\/ffyh.unc.edu.ar\/derechoshumanos\/wp-content\/uploads\/sites\/47\/2026\/03\/WhatsApp-Image-2026-03-27-at-16.51.36-e1774881323281.jpeg","articleSection":["Noticias"],"inLanguage":"es","potentialAction":[{"@type":"CommentAction","name":"Comment","target":["https:\/\/ffyh.unc.edu.ar\/derechoshumanos\/2026\/03\/30\/pronunciamiento-sobre-el-voto-negativo-de-la-republica-argentina-ante-la-asamblea-general-de-las-naciones-unidas-que-no-reconoce-el-trafico-de-africanos-esclavizados-como-el-crimen-mas-grave-de-lesa-h\/#respond"]}]},{"@type":"WebPage","@id":"https:\/\/ffyh.unc.edu.ar\/derechoshumanos\/2026\/03\/30\/pronunciamiento-sobre-el-voto-negativo-de-la-republica-argentina-ante-la-asamblea-general-de-las-naciones-unidas-que-no-reconoce-el-trafico-de-africanos-esclavizados-como-el-crimen-mas-grave-de-lesa-h\/","url":"https:\/\/ffyh.unc.edu.ar\/derechoshumanos\/2026\/03\/30\/pronunciamiento-sobre-el-voto-negativo-de-la-republica-argentina-ante-la-asamblea-general-de-las-naciones-unidas-que-no-reconoce-el-trafico-de-africanos-esclavizados-como-el-crimen-mas-grave-de-lesa-h\/","name":"Pronunciamiento sobre el voto negativo de la Rep\u00fablica Argentina ante la Asamblea General de las Naciones Unidas que no reconoce el tr\u00e1fico de africanos esclavizados como el crimen m\u00e1s grave de lesa humanidad - Programa de Derechos Humanos - FFyH UNC","isPartOf":{"@id":"https:\/\/ffyh.unc.edu.ar\/derechoshumanos\/#website"},"primaryImageOfPage":{"@id":"https:\/\/ffyh.unc.edu.ar\/derechoshumanos\/2026\/03\/30\/pronunciamiento-sobre-el-voto-negativo-de-la-republica-argentina-ante-la-asamblea-general-de-las-naciones-unidas-que-no-reconoce-el-trafico-de-africanos-esclavizados-como-el-crimen-mas-grave-de-lesa-h\/#primaryimage"},"image":{"@id":"https:\/\/ffyh.unc.edu.ar\/derechoshumanos\/2026\/03\/30\/pronunciamiento-sobre-el-voto-negativo-de-la-republica-argentina-ante-la-asamblea-general-de-las-naciones-unidas-que-no-reconoce-el-trafico-de-africanos-esclavizados-como-el-crimen-mas-grave-de-lesa-h\/#primaryimage"},"thumbnailUrl":"https:\/\/ffyh.unc.edu.ar\/derechoshumanos\/wp-content\/uploads\/sites\/47\/2026\/03\/WhatsApp-Image-2026-03-27-at-16.51.36-e1774881323281.jpeg","datePublished":"2026-03-30T14:35:32+00:00","breadcrumb":{"@id":"https:\/\/ffyh.unc.edu.ar\/derechoshumanos\/2026\/03\/30\/pronunciamiento-sobre-el-voto-negativo-de-la-republica-argentina-ante-la-asamblea-general-de-las-naciones-unidas-que-no-reconoce-el-trafico-de-africanos-esclavizados-como-el-crimen-mas-grave-de-lesa-h\/#breadcrumb"},"inLanguage":"es","potentialAction":[{"@type":"ReadAction","target":["https:\/\/ffyh.unc.edu.ar\/derechoshumanos\/2026\/03\/30\/pronunciamiento-sobre-el-voto-negativo-de-la-republica-argentina-ante-la-asamblea-general-de-las-naciones-unidas-que-no-reconoce-el-trafico-de-africanos-esclavizados-como-el-crimen-mas-grave-de-lesa-h\/"]}]},{"@type":"ImageObject","inLanguage":"es","@id":"https:\/\/ffyh.unc.edu.ar\/derechoshumanos\/2026\/03\/30\/pronunciamiento-sobre-el-voto-negativo-de-la-republica-argentina-ante-la-asamblea-general-de-las-naciones-unidas-que-no-reconoce-el-trafico-de-africanos-esclavizados-como-el-crimen-mas-grave-de-lesa-h\/#primaryimage","url":"https:\/\/ffyh.unc.edu.ar\/derechoshumanos\/wp-content\/uploads\/sites\/47\/2026\/03\/WhatsApp-Image-2026-03-27-at-16.51.36-e1774881323281.jpeg","contentUrl":"https:\/\/ffyh.unc.edu.ar\/derechoshumanos\/wp-content\/uploads\/sites\/47\/2026\/03\/WhatsApp-Image-2026-03-27-at-16.51.36-e1774881323281.jpeg","width":1080,"height":612},{"@type":"BreadcrumbList","@id":"https:\/\/ffyh.unc.edu.ar\/derechoshumanos\/2026\/03\/30\/pronunciamiento-sobre-el-voto-negativo-de-la-republica-argentina-ante-la-asamblea-general-de-las-naciones-unidas-que-no-reconoce-el-trafico-de-africanos-esclavizados-como-el-crimen-mas-grave-de-lesa-h\/#breadcrumb","itemListElement":[{"@type":"ListItem","position":1,"name":"Portada","item":"https:\/\/ffyh.unc.edu.ar\/derechoshumanos\/"},{"@type":"ListItem","position":2,"name":"Pronunciamiento sobre el voto negativo de la Rep\u00fablica Argentina ante la Asamblea General de las Naciones Unidas que no reconoce el tr\u00e1fico de africanos esclavizados como el crimen m\u00e1s grave de lesa humanidad"}]},{"@type":"WebSite","@id":"https:\/\/ffyh.unc.edu.ar\/derechoshumanos\/#website","url":"https:\/\/ffyh.unc.edu.ar\/derechoshumanos\/","name":"Programa de Derechos Humanos - FFyH UNC","description":"","publisher":{"@id":"https:\/\/ffyh.unc.edu.ar\/derechoshumanos\/#organization"},"potentialAction":[{"@type":"SearchAction","target":{"@type":"EntryPoint","urlTemplate":"https:\/\/ffyh.unc.edu.ar\/derechoshumanos\/?s={search_term_string}"},"query-input":{"@type":"PropertyValueSpecification","valueRequired":true,"valueName":"search_term_string"}}],"inLanguage":"es"},{"@type":"Organization","@id":"https:\/\/ffyh.unc.edu.ar\/derechoshumanos\/#organization","name":"Programa de Derechos Humanos - FFyH UNC","url":"https:\/\/ffyh.unc.edu.ar\/derechoshumanos\/","logo":{"@type":"ImageObject","inLanguage":"es","@id":"https:\/\/ffyh.unc.edu.ar\/derechoshumanos\/#\/schema\/logo\/image\/","url":"https:\/\/ffyh.unc.edu.ar\/derechoshumanos\/wp-content\/uploads\/sites\/47\/2023\/04\/cropped-cropped-banner-ddhh.jpeg","contentUrl":"https:\/\/ffyh.unc.edu.ar\/derechoshumanos\/wp-content\/uploads\/sites\/47\/2023\/04\/cropped-cropped-banner-ddhh.jpeg","width":512,"height":512,"caption":"Programa de Derechos Humanos - FFyH UNC"},"image":{"@id":"https:\/\/ffyh.unc.edu.ar\/derechoshumanos\/#\/schema\/logo\/image\/"},"sameAs":["https:\/\/www.facebook.com\/derechoshumanosffyh","https:\/\/www.instagram.com\/programaddhhffyh\/"]},{"@type":"Person","@id":"https:\/\/ffyh.unc.edu.ar\/derechoshumanos\/#\/schema\/person\/e6b9f6aec95cb7437bb2fde09e23b224","name":"\u00c1rea de Comunicaci\u00f3n - FFyH","image":{"@type":"ImageObject","inLanguage":"es","@id":"https:\/\/ffyh.unc.edu.ar\/derechoshumanos\/#\/schema\/person\/image\/","url":"https:\/\/secure.gravatar.com\/avatar\/1d896d10b19526e4cb6e972ca0f1b6719a4697e2d88742a801b88b3682d5be75?s=96&d=mm&r=g","contentUrl":"https:\/\/secure.gravatar.com\/avatar\/1d896d10b19526e4cb6e972ca0f1b6719a4697e2d88742a801b88b3682d5be75?s=96&d=mm&r=g","caption":"\u00c1rea de Comunicaci\u00f3n - FFyH"},"url":"https:\/\/ffyh.unc.edu.ar\/derechoshumanos\/author\/prensa\/"}]}},"jetpack_featured_media_url":"https:\/\/ffyh.unc.edu.ar\/derechoshumanos\/wp-content\/uploads\/sites\/47\/2026\/03\/WhatsApp-Image-2026-03-27-at-16.51.36-e1774881323281.jpeg","_links":{"self":[{"href":"https:\/\/ffyh.unc.edu.ar\/derechoshumanos\/wp-json\/wp\/v2\/posts\/1220","targetHints":{"allow":["GET"]}}],"collection":[{"href":"https:\/\/ffyh.unc.edu.ar\/derechoshumanos\/wp-json\/wp\/v2\/posts"}],"about":[{"href":"https:\/\/ffyh.unc.edu.ar\/derechoshumanos\/wp-json\/wp\/v2\/types\/post"}],"author":[{"embeddable":true,"href":"https:\/\/ffyh.unc.edu.ar\/derechoshumanos\/wp-json\/wp\/v2\/users\/2"}],"replies":[{"embeddable":true,"href":"https:\/\/ffyh.unc.edu.ar\/derechoshumanos\/wp-json\/wp\/v2\/comments?post=1220"}],"version-history":[{"count":1,"href":"https:\/\/ffyh.unc.edu.ar\/derechoshumanos\/wp-json\/wp\/v2\/posts\/1220\/revisions"}],"predecessor-version":[{"id":1222,"href":"https:\/\/ffyh.unc.edu.ar\/derechoshumanos\/wp-json\/wp\/v2\/posts\/1220\/revisions\/1222"}],"wp:featuredmedia":[{"embeddable":true,"href":"https:\/\/ffyh.unc.edu.ar\/derechoshumanos\/wp-json\/wp\/v2\/media\/1221"}],"wp:attachment":[{"href":"https:\/\/ffyh.unc.edu.ar\/derechoshumanos\/wp-json\/wp\/v2\/media?parent=1220"}],"wp:term":[{"taxonomy":"category","embeddable":true,"href":"https:\/\/ffyh.unc.edu.ar\/derechoshumanos\/wp-json\/wp\/v2\/categories?post=1220"},{"taxonomy":"post_tag","embeddable":true,"href":"https:\/\/ffyh.unc.edu.ar\/derechoshumanos\/wp-json\/wp\/v2\/tags?post=1220"}],"curies":[{"name":"wp","href":"https:\/\/api.w.org\/{rel}","templated":true}]}}