{"id":153,"date":"2021-07-02T17:23:53","date_gmt":"2021-07-02T17:23:53","guid":{"rendered":"https:\/\/ffyh.unc.edu.ar\/derechoshumanos\/?p=153"},"modified":"2023-10-04T14:19:11","modified_gmt":"2023-10-04T14:19:11","slug":"153","status":"publish","type":"post","link":"https:\/\/ffyh.unc.edu.ar\/derechoshumanos\/2021\/07\/02\/153\/","title":{"rendered":"Libro \u00abAnte pasados y futuros\u00bb"},"content":{"rendered":"\r\n<figure class=\"wp-block-image size-large\"><a href=\"https:\/\/blogs.ffyh.unc.edu.ar\/programaderechoshumanos\/files\/2021\/07\/tapa-02.jpg\"><img decoding=\"async\" class=\"wp-image-1079\" src=\"https:\/\/blogs.ffyh.unc.edu.ar\/programaderechoshumanos\/files\/2021\/07\/tapa-02-719x1024.jpg\" alt=\"\" \/><\/a><\/figure>\r\n\r\n\r\n\r\n<p>La nueva publicaci\u00f3n consiste en la compilaci\u00f3n de los trabajos ganadores de la convocatoria al Premio Internacional de ensayos en Humanidades, Ciencias Sociales y Derechos Humanos, lanzada por el <a href=\"https:\/\/www.facebook.com\/derechoshumanosffyh\/?__cft__[0]=AZVzQCpyJjxe_qhMxHC-Qzy25-BD9FUlvvNR7RwFDyfAlsOsOO0FRkdLlPfYgkE92m95GXn7NKwUWuZFyt3f9HMpaqa9R-BQg6EcqNKcq9pUI2qomCu9CkkMfK09G3woNBAGjGwQKzzIfeuHL8JYu0-c&amp;__tn__=kK-R\">Programa de Derechos Humanos &#8211; FFyH<\/a> en 2019, con el objetivo de reconocer los aportes desde las Humanidades y las Ciencias Sociales al campo de investigaci\u00f3n, de intervenci\u00f3n y de militancias. La formaci\u00f3n en las Humanidades y las Ciencias Sociales ha mostrado la importancia de su potencial cr\u00edtico para repensar el alcance y sentidos de la categor\u00eda de DD.HH., sus tensiones y la necesidad de su actualizaci\u00f3n permanente para contribuir a una reflexi\u00f3n sobre las pr\u00e1cticas y los discursos.<\/p>\r\n\r\n\r\n\r\n<p>Ya est\u00e1 disponible para el acceso del p\u00fablico y se puede descargar en el siguiente enlace<\/p>\r\n\r\n\r\n\r\n<p><a href=\"http:\/\/ffyh.unc.edu.ar\/publicaciones\/wp-content\/uploads\/sites\/35\/2021\/07\/APyF2021FINAL.pdf\">http:\/\/ffyh.unc.edu.ar\/publicaciones\/wp-content\/uploads\/sites\/35\/2021\/07\/APyF2021FINAL.pdf<\/a><\/p>\r\n","protected":false},"excerpt":{"rendered":"<p>La nueva publicaci\u00f3n consiste en la compilaci\u00f3n de los trabajos ganadores de la convocatoria al Premio Internacional de ensayos en Humanidades, Ciencias Sociales y Derechos Humanos, lanzada por el Programa de Derechos Humanos &#8211; FFyH en 2019, con el objetivo de reconocer los aportes desde las Humanidades y las Ciencias Sociales al campo de investigaci\u00f3n, &hellip; <\/p>\n<p><a class=\"more-link btn\" href=\"https:\/\/ffyh.unc.edu.ar\/derechoshumanos\/2021\/07\/02\/153\/\">Seguir leyendo<\/a><\/p>\n","protected":false},"author":49,"featured_media":0,"comment_status":"open","ping_status":"open","sticky":false,"template":"","format":"standard","meta":{"_acf_changed":false,"footnotes":""},"categories":[6],"tags":[],"class_list":["post-153","post","type-post","status-publish","format-standard","hentry","category-investigacion","nodate","item-wrap"],"acf":[],"yoast_head":"<!-- This site is optimized with the Yoast SEO plugin v27.1.1 - https:\/\/yoast.com\/product\/yoast-seo-wordpress\/ -->\n<title>Libro &quot;Ante pasados y futuros&quot; - Programa de Derechos Humanos - FFyH UNC<\/title>\n<meta name=\"robots\" content=\"index, follow, max-snippet:-1, max-image-preview:large, max-video-preview:-1\" \/>\n<link rel=\"canonical\" href=\"https:\/\/ffyh.unc.edu.ar\/derechoshumanos\/2021\/07\/02\/153\/\" \/>\n<meta property=\"og:locale\" content=\"es_ES\" \/>\n<meta property=\"og:type\" content=\"article\" \/>\n<meta property=\"og:title\" content=\"Libro &quot;Ante pasados y futuros&quot; - Programa de Derechos Humanos - FFyH UNC\" \/>\n<meta property=\"og:description\" content=\"La nueva publicaci\u00f3n consiste en la compilaci\u00f3n de los trabajos ganadores de la convocatoria al Premio Internacional de ensayos en Humanidades, Ciencias Sociales y Derechos Humanos, lanzada por el Programa de Derechos Humanos &#8211; FFyH en 2019, con el objetivo de reconocer los aportes desde las Humanidades y las Ciencias Sociales al campo de investigaci\u00f3n, &hellip; Seguir leyendo\" \/>\n<meta property=\"og:url\" content=\"https:\/\/ffyh.unc.edu.ar\/derechoshumanos\/2021\/07\/02\/153\/\" \/>\n<meta property=\"og:site_name\" content=\"Programa de Derechos Humanos - FFyH UNC\" \/>\n<meta property=\"article:publisher\" content=\"https:\/\/www.facebook.com\/derechoshumanosffyh\" \/>\n<meta property=\"article:published_time\" content=\"2021-07-02T17:23:53+00:00\" \/>\n<meta property=\"article:modified_time\" content=\"2023-10-04T14:19:11+00:00\" \/>\n<meta property=\"og:image\" content=\"https:\/\/blogs.ffyh.unc.edu.ar\/programaderechoshumanos\/files\/2021\/07\/tapa-02-719x1024.jpg\" \/>\n<meta name=\"author\" content=\"ddhh\" \/>\n<meta name=\"twitter:card\" content=\"summary_large_image\" \/>\n<meta name=\"twitter:label1\" content=\"Escrito por\" \/>\n\t<meta name=\"twitter:data1\" content=\"\" \/>\n\t<meta name=\"twitter:label2\" content=\"Tiempo de lectura\" \/>\n\t<meta name=\"twitter:data2\" content=\"1 minuto\" \/>\n<script type=\"application\/ld+json\" class=\"yoast-schema-graph\">{\"@context\":\"https:\/\/schema.org\",\"@graph\":[{\"@type\":\"Article\",\"@id\":\"https:\/\/ffyh.unc.edu.ar\/derechoshumanos\/2021\/07\/02\/153\/#article\",\"isPartOf\":{\"@id\":\"https:\/\/ffyh.unc.edu.ar\/derechoshumanos\/2021\/07\/02\/153\/\"},\"author\":{\"name\":\"ddhh\",\"@id\":\"https:\/\/ffyh.unc.edu.ar\/derechoshumanos\/#\/schema\/person\/04f003c63f270742f684d62c3bb18b3f\"},\"headline\":\"Libro \u00abAnte pasados y futuros\u00bb\",\"datePublished\":\"2021-07-02T17:23:53+00:00\",\"dateModified\":\"2023-10-04T14:19:11+00:00\",\"mainEntityOfPage\":{\"@id\":\"https:\/\/ffyh.unc.edu.ar\/derechoshumanos\/2021\/07\/02\/153\/\"},\"wordCount\":152,\"commentCount\":0,\"publisher\":{\"@id\":\"https:\/\/ffyh.unc.edu.ar\/derechoshumanos\/#organization\"},\"image\":{\"@id\":\"https:\/\/ffyh.unc.edu.ar\/derechoshumanos\/2021\/07\/02\/153\/#primaryimage\"},\"thumbnailUrl\":\"https:\/\/blogs.ffyh.unc.edu.ar\/programaderechoshumanos\/files\/2021\/07\/tapa-02-719x1024.jpg\",\"articleSection\":[\"Investigaci\u00f3n\"],\"inLanguage\":\"es\",\"potentialAction\":[{\"@type\":\"CommentAction\",\"name\":\"Comment\",\"target\":[\"https:\/\/ffyh.unc.edu.ar\/derechoshumanos\/2021\/07\/02\/153\/#respond\"]}]},{\"@type\":\"WebPage\",\"@id\":\"https:\/\/ffyh.unc.edu.ar\/derechoshumanos\/2021\/07\/02\/153\/\",\"url\":\"https:\/\/ffyh.unc.edu.ar\/derechoshumanos\/2021\/07\/02\/153\/\",\"name\":\"Libro \\\"Ante pasados y futuros\\\" - Programa de Derechos Humanos - FFyH UNC\",\"isPartOf\":{\"@id\":\"https:\/\/ffyh.unc.edu.ar\/derechoshumanos\/#website\"},\"primaryImageOfPage\":{\"@id\":\"https:\/\/ffyh.unc.edu.ar\/derechoshumanos\/2021\/07\/02\/153\/#primaryimage\"},\"image\":{\"@id\":\"https:\/\/ffyh.unc.edu.ar\/derechoshumanos\/2021\/07\/02\/153\/#primaryimage\"},\"thumbnailUrl\":\"https:\/\/blogs.ffyh.unc.edu.ar\/programaderechoshumanos\/files\/2021\/07\/tapa-02-719x1024.jpg\",\"datePublished\":\"2021-07-02T17:23:53+00:00\",\"dateModified\":\"2023-10-04T14:19:11+00:00\",\"breadcrumb\":{\"@id\":\"https:\/\/ffyh.unc.edu.ar\/derechoshumanos\/2021\/07\/02\/153\/#breadcrumb\"},\"inLanguage\":\"es\",\"potentialAction\":[{\"@type\":\"ReadAction\",\"target\":[\"https:\/\/ffyh.unc.edu.ar\/derechoshumanos\/2021\/07\/02\/153\/\"]}]},{\"@type\":\"ImageObject\",\"inLanguage\":\"es\",\"@id\":\"https:\/\/ffyh.unc.edu.ar\/derechoshumanos\/2021\/07\/02\/153\/#primaryimage\",\"url\":\"https:\/\/blogs.ffyh.unc.edu.ar\/programaderechoshumanos\/files\/2021\/07\/tapa-02-719x1024.jpg\",\"contentUrl\":\"https:\/\/blogs.ffyh.unc.edu.ar\/programaderechoshumanos\/files\/2021\/07\/tapa-02-719x1024.jpg\"},{\"@type\":\"BreadcrumbList\",\"@id\":\"https:\/\/ffyh.unc.edu.ar\/derechoshumanos\/2021\/07\/02\/153\/#breadcrumb\",\"itemListElement\":[{\"@type\":\"ListItem\",\"position\":1,\"name\":\"Portada\",\"item\":\"https:\/\/ffyh.unc.edu.ar\/derechoshumanos\/\"},{\"@type\":\"ListItem\",\"position\":2,\"name\":\"Libro \u00abAnte pasados y futuros\u00bb\"}]},{\"@type\":\"WebSite\",\"@id\":\"https:\/\/ffyh.unc.edu.ar\/derechoshumanos\/#website\",\"url\":\"https:\/\/ffyh.unc.edu.ar\/derechoshumanos\/\",\"name\":\"Programa de Derechos Humanos - FFyH UNC\",\"description\":\"\",\"publisher\":{\"@id\":\"https:\/\/ffyh.unc.edu.ar\/derechoshumanos\/#organization\"},\"potentialAction\":[{\"@type\":\"SearchAction\",\"target\":{\"@type\":\"EntryPoint\",\"urlTemplate\":\"https:\/\/ffyh.unc.edu.ar\/derechoshumanos\/?s={search_term_string}\"},\"query-input\":{\"@type\":\"PropertyValueSpecification\",\"valueRequired\":true,\"valueName\":\"search_term_string\"}}],\"inLanguage\":\"es\"},{\"@type\":\"Organization\",\"@id\":\"https:\/\/ffyh.unc.edu.ar\/derechoshumanos\/#organization\",\"name\":\"Programa de Derechos Humanos - FFyH UNC\",\"url\":\"https:\/\/ffyh.unc.edu.ar\/derechoshumanos\/\",\"logo\":{\"@type\":\"ImageObject\",\"inLanguage\":\"es\",\"@id\":\"https:\/\/ffyh.unc.edu.ar\/derechoshumanos\/#\/schema\/logo\/image\/\",\"url\":\"https:\/\/ffyh.unc.edu.ar\/derechoshumanos\/wp-content\/uploads\/sites\/47\/2023\/04\/cropped-cropped-banner-ddhh.jpeg\",\"contentUrl\":\"https:\/\/ffyh.unc.edu.ar\/derechoshumanos\/wp-content\/uploads\/sites\/47\/2023\/04\/cropped-cropped-banner-ddhh.jpeg\",\"width\":512,\"height\":512,\"caption\":\"Programa de Derechos Humanos - FFyH UNC\"},\"image\":{\"@id\":\"https:\/\/ffyh.unc.edu.ar\/derechoshumanos\/#\/schema\/logo\/image\/\"},\"sameAs\":[\"https:\/\/www.facebook.com\/derechoshumanosffyh\",\"https:\/\/www.instagram.com\/programaddhhffyh\/\"]},{\"@type\":\"Person\",\"@id\":\"https:\/\/ffyh.unc.edu.ar\/derechoshumanos\/#\/schema\/person\/04f003c63f270742f684d62c3bb18b3f\",\"name\":\"ddhh\",\"image\":{\"@type\":\"ImageObject\",\"inLanguage\":\"es\",\"@id\":\"https:\/\/ffyh.unc.edu.ar\/derechoshumanos\/#\/schema\/person\/image\/\",\"url\":\"https:\/\/secure.gravatar.com\/avatar\/190bf435db317f7baf0202577ddd03ec950570a0273526f8eaf515da1957e6e3?s=96&d=mm&r=g\",\"contentUrl\":\"https:\/\/secure.gravatar.com\/avatar\/190bf435db317f7baf0202577ddd03ec950570a0273526f8eaf515da1957e6e3?s=96&d=mm&r=g\",\"caption\":\"ddhh\"},\"url\":\"https:\/\/ffyh.unc.edu.ar\/derechoshumanos\/author\/ddhh\/\"}]}<\/script>\n<!-- \/ Yoast SEO plugin. -->","yoast_head_json":{"title":"Libro \"Ante pasados y futuros\" - Programa de Derechos Humanos - FFyH UNC","robots":{"index":"index","follow":"follow","max-snippet":"max-snippet:-1","max-image-preview":"max-image-preview:large","max-video-preview":"max-video-preview:-1"},"canonical":"https:\/\/ffyh.unc.edu.ar\/derechoshumanos\/2021\/07\/02\/153\/","og_locale":"es_ES","og_type":"article","og_title":"Libro \"Ante pasados y futuros\" - Programa de Derechos Humanos - FFyH UNC","og_description":"La nueva publicaci\u00f3n consiste en la compilaci\u00f3n de los trabajos ganadores de la convocatoria al Premio Internacional de ensayos en Humanidades, Ciencias Sociales y Derechos Humanos, lanzada por el Programa de Derechos Humanos &#8211; FFyH en 2019, con el objetivo de reconocer los aportes desde las Humanidades y las Ciencias Sociales al campo de investigaci\u00f3n, &hellip; Seguir leyendo","og_url":"https:\/\/ffyh.unc.edu.ar\/derechoshumanos\/2021\/07\/02\/153\/","og_site_name":"Programa de Derechos Humanos - FFyH UNC","article_publisher":"https:\/\/www.facebook.com\/derechoshumanosffyh","article_published_time":"2021-07-02T17:23:53+00:00","article_modified_time":"2023-10-04T14:19:11+00:00","og_image":[{"url":"https:\/\/blogs.ffyh.unc.edu.ar\/programaderechoshumanos\/files\/2021\/07\/tapa-02-719x1024.jpg","type":"","width":"","height":""}],"author":"ddhh","twitter_card":"summary_large_image","twitter_misc":{"Escrito por":false,"Tiempo de lectura":"1 minuto"},"schema":{"@context":"https:\/\/schema.org","@graph":[{"@type":"Article","@id":"https:\/\/ffyh.unc.edu.ar\/derechoshumanos\/2021\/07\/02\/153\/#article","isPartOf":{"@id":"https:\/\/ffyh.unc.edu.ar\/derechoshumanos\/2021\/07\/02\/153\/"},"author":{"name":"ddhh","@id":"https:\/\/ffyh.unc.edu.ar\/derechoshumanos\/#\/schema\/person\/04f003c63f270742f684d62c3bb18b3f"},"headline":"Libro \u00abAnte pasados y futuros\u00bb","datePublished":"2021-07-02T17:23:53+00:00","dateModified":"2023-10-04T14:19:11+00:00","mainEntityOfPage":{"@id":"https:\/\/ffyh.unc.edu.ar\/derechoshumanos\/2021\/07\/02\/153\/"},"wordCount":152,"commentCount":0,"publisher":{"@id":"https:\/\/ffyh.unc.edu.ar\/derechoshumanos\/#organization"},"image":{"@id":"https:\/\/ffyh.unc.edu.ar\/derechoshumanos\/2021\/07\/02\/153\/#primaryimage"},"thumbnailUrl":"https:\/\/blogs.ffyh.unc.edu.ar\/programaderechoshumanos\/files\/2021\/07\/tapa-02-719x1024.jpg","articleSection":["Investigaci\u00f3n"],"inLanguage":"es","potentialAction":[{"@type":"CommentAction","name":"Comment","target":["https:\/\/ffyh.unc.edu.ar\/derechoshumanos\/2021\/07\/02\/153\/#respond"]}]},{"@type":"WebPage","@id":"https:\/\/ffyh.unc.edu.ar\/derechoshumanos\/2021\/07\/02\/153\/","url":"https:\/\/ffyh.unc.edu.ar\/derechoshumanos\/2021\/07\/02\/153\/","name":"Libro \"Ante pasados y futuros\" - Programa de Derechos Humanos - FFyH UNC","isPartOf":{"@id":"https:\/\/ffyh.unc.edu.ar\/derechoshumanos\/#website"},"primaryImageOfPage":{"@id":"https:\/\/ffyh.unc.edu.ar\/derechoshumanos\/2021\/07\/02\/153\/#primaryimage"},"image":{"@id":"https:\/\/ffyh.unc.edu.ar\/derechoshumanos\/2021\/07\/02\/153\/#primaryimage"},"thumbnailUrl":"https:\/\/blogs.ffyh.unc.edu.ar\/programaderechoshumanos\/files\/2021\/07\/tapa-02-719x1024.jpg","datePublished":"2021-07-02T17:23:53+00:00","dateModified":"2023-10-04T14:19:11+00:00","breadcrumb":{"@id":"https:\/\/ffyh.unc.edu.ar\/derechoshumanos\/2021\/07\/02\/153\/#breadcrumb"},"inLanguage":"es","potentialAction":[{"@type":"ReadAction","target":["https:\/\/ffyh.unc.edu.ar\/derechoshumanos\/2021\/07\/02\/153\/"]}]},{"@type":"ImageObject","inLanguage":"es","@id":"https:\/\/ffyh.unc.edu.ar\/derechoshumanos\/2021\/07\/02\/153\/#primaryimage","url":"https:\/\/blogs.ffyh.unc.edu.ar\/programaderechoshumanos\/files\/2021\/07\/tapa-02-719x1024.jpg","contentUrl":"https:\/\/blogs.ffyh.unc.edu.ar\/programaderechoshumanos\/files\/2021\/07\/tapa-02-719x1024.jpg"},{"@type":"BreadcrumbList","@id":"https:\/\/ffyh.unc.edu.ar\/derechoshumanos\/2021\/07\/02\/153\/#breadcrumb","itemListElement":[{"@type":"ListItem","position":1,"name":"Portada","item":"https:\/\/ffyh.unc.edu.ar\/derechoshumanos\/"},{"@type":"ListItem","position":2,"name":"Libro \u00abAnte pasados y futuros\u00bb"}]},{"@type":"WebSite","@id":"https:\/\/ffyh.unc.edu.ar\/derechoshumanos\/#website","url":"https:\/\/ffyh.unc.edu.ar\/derechoshumanos\/","name":"Programa de Derechos Humanos - FFyH UNC","description":"","publisher":{"@id":"https:\/\/ffyh.unc.edu.ar\/derechoshumanos\/#organization"},"potentialAction":[{"@type":"SearchAction","target":{"@type":"EntryPoint","urlTemplate":"https:\/\/ffyh.unc.edu.ar\/derechoshumanos\/?s={search_term_string}"},"query-input":{"@type":"PropertyValueSpecification","valueRequired":true,"valueName":"search_term_string"}}],"inLanguage":"es"},{"@type":"Organization","@id":"https:\/\/ffyh.unc.edu.ar\/derechoshumanos\/#organization","name":"Programa de Derechos Humanos - FFyH UNC","url":"https:\/\/ffyh.unc.edu.ar\/derechoshumanos\/","logo":{"@type":"ImageObject","inLanguage":"es","@id":"https:\/\/ffyh.unc.edu.ar\/derechoshumanos\/#\/schema\/logo\/image\/","url":"https:\/\/ffyh.unc.edu.ar\/derechoshumanos\/wp-content\/uploads\/sites\/47\/2023\/04\/cropped-cropped-banner-ddhh.jpeg","contentUrl":"https:\/\/ffyh.unc.edu.ar\/derechoshumanos\/wp-content\/uploads\/sites\/47\/2023\/04\/cropped-cropped-banner-ddhh.jpeg","width":512,"height":512,"caption":"Programa de Derechos Humanos - FFyH UNC"},"image":{"@id":"https:\/\/ffyh.unc.edu.ar\/derechoshumanos\/#\/schema\/logo\/image\/"},"sameAs":["https:\/\/www.facebook.com\/derechoshumanosffyh","https:\/\/www.instagram.com\/programaddhhffyh\/"]},{"@type":"Person","@id":"https:\/\/ffyh.unc.edu.ar\/derechoshumanos\/#\/schema\/person\/04f003c63f270742f684d62c3bb18b3f","name":"ddhh","image":{"@type":"ImageObject","inLanguage":"es","@id":"https:\/\/ffyh.unc.edu.ar\/derechoshumanos\/#\/schema\/person\/image\/","url":"https:\/\/secure.gravatar.com\/avatar\/190bf435db317f7baf0202577ddd03ec950570a0273526f8eaf515da1957e6e3?s=96&d=mm&r=g","contentUrl":"https:\/\/secure.gravatar.com\/avatar\/190bf435db317f7baf0202577ddd03ec950570a0273526f8eaf515da1957e6e3?s=96&d=mm&r=g","caption":"ddhh"},"url":"https:\/\/ffyh.unc.edu.ar\/derechoshumanos\/author\/ddhh\/"}]}},"jetpack_featured_media_url":"","_links":{"self":[{"href":"https:\/\/ffyh.unc.edu.ar\/derechoshumanos\/wp-json\/wp\/v2\/posts\/153","targetHints":{"allow":["GET"]}}],"collection":[{"href":"https:\/\/ffyh.unc.edu.ar\/derechoshumanos\/wp-json\/wp\/v2\/posts"}],"about":[{"href":"https:\/\/ffyh.unc.edu.ar\/derechoshumanos\/wp-json\/wp\/v2\/types\/post"}],"author":[{"embeddable":true,"href":"https:\/\/ffyh.unc.edu.ar\/derechoshumanos\/wp-json\/wp\/v2\/users\/49"}],"replies":[{"embeddable":true,"href":"https:\/\/ffyh.unc.edu.ar\/derechoshumanos\/wp-json\/wp\/v2\/comments?post=153"}],"version-history":[{"count":3,"href":"https:\/\/ffyh.unc.edu.ar\/derechoshumanos\/wp-json\/wp\/v2\/posts\/153\/revisions"}],"predecessor-version":[{"id":156,"href":"https:\/\/ffyh.unc.edu.ar\/derechoshumanos\/wp-json\/wp\/v2\/posts\/153\/revisions\/156"}],"wp:attachment":[{"href":"https:\/\/ffyh.unc.edu.ar\/derechoshumanos\/wp-json\/wp\/v2\/media?parent=153"}],"wp:term":[{"taxonomy":"category","embeddable":true,"href":"https:\/\/ffyh.unc.edu.ar\/derechoshumanos\/wp-json\/wp\/v2\/categories?post=153"},{"taxonomy":"post_tag","embeddable":true,"href":"https:\/\/ffyh.unc.edu.ar\/derechoshumanos\/wp-json\/wp\/v2\/tags?post=153"}],"curies":[{"name":"wp","href":"https:\/\/api.w.org\/{rel}","templated":true}]}}