{"id":537,"date":"2024-04-04T00:37:14","date_gmt":"2024-04-04T00:37:14","guid":{"rendered":"https:\/\/ffyh.unc.edu.ar\/derechoshumanos\/?p=537"},"modified":"2024-04-04T00:37:14","modified_gmt":"2024-04-04T00:37:14","slug":"presentacion-del-libro-la-cuestion-de-los-derechos-humanos-de-la-posdictadura-a-la-democracia-excluyente-en-cordoba-de-ana-carol-solis","status":"publish","type":"post","link":"https:\/\/ffyh.unc.edu.ar\/derechoshumanos\/2024\/04\/04\/presentacion-del-libro-la-cuestion-de-los-derechos-humanos-de-la-posdictadura-a-la-democracia-excluyente-en-cordoba-de-ana-carol-solis\/","title":{"rendered":"Presentaci\u00f3n del libro. \u00abLa cuesti\u00f3n de los derechos humanos. De la posdictadura a la democracia excluyente en C\u00f3rdoba\u00bb, de Ana Carol Solis"},"content":{"rendered":"<div class=\"xdj266r x11i5rnm xat24cr x1mh8g0r x1vvkbs x126k92a\">\n<div dir=\"auto\">El pasado 27 de marzo, en el marco del Mes de la Memoria, junto al \u00e1rea de Historia del CIFFYH, presentamos el libro de Ana Carol Solis: \u00abLa cuesti\u00f3n de los derechos humanos. De la posdictadura a la democracia excluyente en C\u00f3rdoba\u00bb.<\/div>\n<div dir=\"auto\"><img fetchpriority=\"high\" decoding=\"async\" class=\"aligncenter wp-image-538 size-medium\" src=\"http:\/\/ffyh.unc.edu.ar\/derechoshumanos\/wp-content\/uploads\/sites\/47\/2024\/04\/435330832_1192369818748896_7961792807777515654_n-300x225.jpg\" alt=\"\" width=\"300\" height=\"225\" srcset=\"https:\/\/ffyh.unc.edu.ar\/derechoshumanos\/wp-content\/uploads\/sites\/47\/2024\/04\/435330832_1192369818748896_7961792807777515654_n-300x225.jpg 300w, https:\/\/ffyh.unc.edu.ar\/derechoshumanos\/wp-content\/uploads\/sites\/47\/2024\/04\/435330832_1192369818748896_7961792807777515654_n-1024x768.jpg 1024w, https:\/\/ffyh.unc.edu.ar\/derechoshumanos\/wp-content\/uploads\/sites\/47\/2024\/04\/435330832_1192369818748896_7961792807777515654_n-768x576.jpg 768w, https:\/\/ffyh.unc.edu.ar\/derechoshumanos\/wp-content\/uploads\/sites\/47\/2024\/04\/435330832_1192369818748896_7961792807777515654_n-750x563.jpg 750w, https:\/\/ffyh.unc.edu.ar\/derechoshumanos\/wp-content\/uploads\/sites\/47\/2024\/04\/435330832_1192369818748896_7961792807777515654_n.jpg 1080w\" sizes=\"(max-width: 300px) 100vw, 300px\" \/><\/div>\n<div dir=\"auto\">Agradecemos a Emiliano Fessia, Sol Yornet, Flavia Dezzutto y Carol Solis por cada una de sus palabras y por el encuentro, al igual que a todas las personas que participaron de la presentaci\u00f3n.<\/div>\n<div dir=\"auto\"><\/div>\n<div dir=\"auto\"><span class=\"x3nfvp2 x1j61x8r x1fcty0u xdj266r xhhsvwb xat24cr xgzva0m xxymvpz xlup9mm x1kky2od\"><img decoding=\"async\" class=\"xz74otr\" src=\"https:\/\/static.xx.fbcdn.net\/images\/emoji.php\/v9\/taa\/1.5\/16\/1f449.png\" alt=\"\ud83d\udc49\" width=\"16\" height=\"16\" \/><\/span>Si quer\u00e9s leer el libro completo pod\u00e9s acceder en el siguiente link: <a href=\"https:\/\/ediciones.ungs.edu.ar\/wp-content\/uploads\/2023\/11\/9789876307314-completo.pdf\">https:\/\/ediciones.ungs.edu.ar\/wp-content\/uploads\/2023\/11\/9789876307314-completo.pdf<\/a><\/div>\n<div dir=\"auto\"><\/div>\n<div dir=\"auto\"><\/div>\n<\/div>\n","protected":false},"excerpt":{"rendered":"<p>El pasado 27 de marzo, en el marco del Mes de la Memoria, junto al \u00e1rea de Historia del CIFFYH, presentamos el libro de Ana Carol Solis: \u00abLa cuesti\u00f3n de los derechos humanos. De la posdictadura a la democracia excluyente en C\u00f3rdoba\u00bb. Agradecemos a Emiliano Fessia, Sol Yornet, Flavia Dezzutto y Carol Solis por cada &hellip; <\/p>\n<p><a class=\"more-link btn\" href=\"https:\/\/ffyh.unc.edu.ar\/derechoshumanos\/2024\/04\/04\/presentacion-del-libro-la-cuestion-de-los-derechos-humanos-de-la-posdictadura-a-la-democracia-excluyente-en-cordoba-de-ana-carol-solis\/\">Seguir leyendo<\/a><\/p>\n","protected":false},"author":49,"featured_media":0,"comment_status":"open","ping_status":"open","sticky":false,"template":"","format":"standard","meta":{"_acf_changed":false,"footnotes":""},"categories":[6,14],"tags":[],"class_list":["post-537","post","type-post","status-publish","format-standard","hentry","category-investigacion","category-memoria-verdad-justicia","nodate","item-wrap"],"acf":[],"yoast_head":"<!-- This site is optimized with the Yoast SEO plugin v27.1.1 - https:\/\/yoast.com\/product\/yoast-seo-wordpress\/ -->\n<title>Presentaci\u00f3n del libro. &quot;La cuesti\u00f3n de los derechos humanos. De la posdictadura a la democracia excluyente en C\u00f3rdoba&quot;, de Ana Carol Solis - Programa de Derechos Humanos - FFyH UNC<\/title>\n<meta name=\"robots\" content=\"index, follow, max-snippet:-1, max-image-preview:large, max-video-preview:-1\" \/>\n<link rel=\"canonical\" href=\"https:\/\/ffyh.unc.edu.ar\/derechoshumanos\/2024\/04\/04\/presentacion-del-libro-la-cuestion-de-los-derechos-humanos-de-la-posdictadura-a-la-democracia-excluyente-en-cordoba-de-ana-carol-solis\/\" \/>\n<meta property=\"og:locale\" content=\"es_ES\" \/>\n<meta property=\"og:type\" content=\"article\" \/>\n<meta property=\"og:title\" content=\"Presentaci\u00f3n del libro. &quot;La cuesti\u00f3n de los derechos humanos. De la posdictadura a la democracia excluyente en C\u00f3rdoba&quot;, de Ana Carol Solis - Programa de Derechos Humanos - FFyH UNC\" \/>\n<meta property=\"og:description\" content=\"El pasado 27 de marzo, en el marco del Mes de la Memoria, junto al \u00e1rea de Historia del CIFFYH, presentamos el libro de Ana Carol Solis: \u00abLa cuesti\u00f3n de los derechos humanos. De la posdictadura a la democracia excluyente en C\u00f3rdoba\u00bb. Agradecemos a Emiliano Fessia, Sol Yornet, Flavia Dezzutto y Carol Solis por cada &hellip; Seguir leyendo\" \/>\n<meta property=\"og:url\" content=\"https:\/\/ffyh.unc.edu.ar\/derechoshumanos\/2024\/04\/04\/presentacion-del-libro-la-cuestion-de-los-derechos-humanos-de-la-posdictadura-a-la-democracia-excluyente-en-cordoba-de-ana-carol-solis\/\" \/>\n<meta property=\"og:site_name\" content=\"Programa de Derechos Humanos - FFyH UNC\" \/>\n<meta property=\"article:publisher\" content=\"https:\/\/www.facebook.com\/derechoshumanosffyh\" \/>\n<meta property=\"article:published_time\" content=\"2024-04-04T00:37:14+00:00\" \/>\n<meta property=\"og:image\" content=\"http:\/\/ffyh.unc.edu.ar\/derechoshumanos\/wp-content\/uploads\/sites\/47\/2024\/04\/435330832_1192369818748896_7961792807777515654_n-300x225.jpg\" \/>\n<meta name=\"author\" content=\"ddhh\" \/>\n<meta name=\"twitter:card\" content=\"summary_large_image\" \/>\n<meta name=\"twitter:label1\" content=\"Escrito por\" \/>\n\t<meta name=\"twitter:data1\" content=\"\" \/>\n\t<meta name=\"twitter:label2\" content=\"Tiempo de lectura\" \/>\n\t<meta name=\"twitter:data2\" content=\"1 minuto\" \/>\n<script type=\"application\/ld+json\" class=\"yoast-schema-graph\">{\"@context\":\"https:\/\/schema.org\",\"@graph\":[{\"@type\":\"Article\",\"@id\":\"https:\/\/ffyh.unc.edu.ar\/derechoshumanos\/2024\/04\/04\/presentacion-del-libro-la-cuestion-de-los-derechos-humanos-de-la-posdictadura-a-la-democracia-excluyente-en-cordoba-de-ana-carol-solis\/#article\",\"isPartOf\":{\"@id\":\"https:\/\/ffyh.unc.edu.ar\/derechoshumanos\/2024\/04\/04\/presentacion-del-libro-la-cuestion-de-los-derechos-humanos-de-la-posdictadura-a-la-democracia-excluyente-en-cordoba-de-ana-carol-solis\/\"},\"author\":{\"name\":\"ddhh\",\"@id\":\"https:\/\/ffyh.unc.edu.ar\/derechoshumanos\/#\/schema\/person\/04f003c63f270742f684d62c3bb18b3f\"},\"headline\":\"Presentaci\u00f3n del libro. \u00abLa cuesti\u00f3n de los derechos humanos. De la posdictadura a la democracia excluyente en C\u00f3rdoba\u00bb, de Ana Carol Solis\",\"datePublished\":\"2024-04-04T00:37:14+00:00\",\"mainEntityOfPage\":{\"@id\":\"https:\/\/ffyh.unc.edu.ar\/derechoshumanos\/2024\/04\/04\/presentacion-del-libro-la-cuestion-de-los-derechos-humanos-de-la-posdictadura-a-la-democracia-excluyente-en-cordoba-de-ana-carol-solis\/\"},\"wordCount\":125,\"commentCount\":0,\"publisher\":{\"@id\":\"https:\/\/ffyh.unc.edu.ar\/derechoshumanos\/#organization\"},\"image\":{\"@id\":\"https:\/\/ffyh.unc.edu.ar\/derechoshumanos\/2024\/04\/04\/presentacion-del-libro-la-cuestion-de-los-derechos-humanos-de-la-posdictadura-a-la-democracia-excluyente-en-cordoba-de-ana-carol-solis\/#primaryimage\"},\"thumbnailUrl\":\"http:\/\/ffyh.unc.edu.ar\/derechoshumanos\/wp-content\/uploads\/sites\/47\/2024\/04\/435330832_1192369818748896_7961792807777515654_n-300x225.jpg\",\"articleSection\":[\"Investigaci\u00f3n\",\"MEMORIA, VERDAD Y JUSTICIA\"],\"inLanguage\":\"es\",\"potentialAction\":[{\"@type\":\"CommentAction\",\"name\":\"Comment\",\"target\":[\"https:\/\/ffyh.unc.edu.ar\/derechoshumanos\/2024\/04\/04\/presentacion-del-libro-la-cuestion-de-los-derechos-humanos-de-la-posdictadura-a-la-democracia-excluyente-en-cordoba-de-ana-carol-solis\/#respond\"]}]},{\"@type\":\"WebPage\",\"@id\":\"https:\/\/ffyh.unc.edu.ar\/derechoshumanos\/2024\/04\/04\/presentacion-del-libro-la-cuestion-de-los-derechos-humanos-de-la-posdictadura-a-la-democracia-excluyente-en-cordoba-de-ana-carol-solis\/\",\"url\":\"https:\/\/ffyh.unc.edu.ar\/derechoshumanos\/2024\/04\/04\/presentacion-del-libro-la-cuestion-de-los-derechos-humanos-de-la-posdictadura-a-la-democracia-excluyente-en-cordoba-de-ana-carol-solis\/\",\"name\":\"Presentaci\u00f3n del libro. \\\"La cuesti\u00f3n de los derechos humanos. De la posdictadura a la democracia excluyente en C\u00f3rdoba\\\", de Ana Carol Solis - Programa de Derechos Humanos - FFyH UNC\",\"isPartOf\":{\"@id\":\"https:\/\/ffyh.unc.edu.ar\/derechoshumanos\/#website\"},\"primaryImageOfPage\":{\"@id\":\"https:\/\/ffyh.unc.edu.ar\/derechoshumanos\/2024\/04\/04\/presentacion-del-libro-la-cuestion-de-los-derechos-humanos-de-la-posdictadura-a-la-democracia-excluyente-en-cordoba-de-ana-carol-solis\/#primaryimage\"},\"image\":{\"@id\":\"https:\/\/ffyh.unc.edu.ar\/derechoshumanos\/2024\/04\/04\/presentacion-del-libro-la-cuestion-de-los-derechos-humanos-de-la-posdictadura-a-la-democracia-excluyente-en-cordoba-de-ana-carol-solis\/#primaryimage\"},\"thumbnailUrl\":\"http:\/\/ffyh.unc.edu.ar\/derechoshumanos\/wp-content\/uploads\/sites\/47\/2024\/04\/435330832_1192369818748896_7961792807777515654_n-300x225.jpg\",\"datePublished\":\"2024-04-04T00:37:14+00:00\",\"breadcrumb\":{\"@id\":\"https:\/\/ffyh.unc.edu.ar\/derechoshumanos\/2024\/04\/04\/presentacion-del-libro-la-cuestion-de-los-derechos-humanos-de-la-posdictadura-a-la-democracia-excluyente-en-cordoba-de-ana-carol-solis\/#breadcrumb\"},\"inLanguage\":\"es\",\"potentialAction\":[{\"@type\":\"ReadAction\",\"target\":[\"https:\/\/ffyh.unc.edu.ar\/derechoshumanos\/2024\/04\/04\/presentacion-del-libro-la-cuestion-de-los-derechos-humanos-de-la-posdictadura-a-la-democracia-excluyente-en-cordoba-de-ana-carol-solis\/\"]}]},{\"@type\":\"ImageObject\",\"inLanguage\":\"es\",\"@id\":\"https:\/\/ffyh.unc.edu.ar\/derechoshumanos\/2024\/04\/04\/presentacion-del-libro-la-cuestion-de-los-derechos-humanos-de-la-posdictadura-a-la-democracia-excluyente-en-cordoba-de-ana-carol-solis\/#primaryimage\",\"url\":\"https:\/\/ffyh.unc.edu.ar\/derechoshumanos\/wp-content\/uploads\/sites\/47\/2024\/04\/435330832_1192369818748896_7961792807777515654_n.jpg\",\"contentUrl\":\"https:\/\/ffyh.unc.edu.ar\/derechoshumanos\/wp-content\/uploads\/sites\/47\/2024\/04\/435330832_1192369818748896_7961792807777515654_n.jpg\",\"width\":1080,\"height\":810},{\"@type\":\"BreadcrumbList\",\"@id\":\"https:\/\/ffyh.unc.edu.ar\/derechoshumanos\/2024\/04\/04\/presentacion-del-libro-la-cuestion-de-los-derechos-humanos-de-la-posdictadura-a-la-democracia-excluyente-en-cordoba-de-ana-carol-solis\/#breadcrumb\",\"itemListElement\":[{\"@type\":\"ListItem\",\"position\":1,\"name\":\"Portada\",\"item\":\"https:\/\/ffyh.unc.edu.ar\/derechoshumanos\/\"},{\"@type\":\"ListItem\",\"position\":2,\"name\":\"Presentaci\u00f3n del libro. \u00abLa cuesti\u00f3n de los derechos humanos. De la posdictadura a la democracia excluyente en C\u00f3rdoba\u00bb, de Ana Carol Solis\"}]},{\"@type\":\"WebSite\",\"@id\":\"https:\/\/ffyh.unc.edu.ar\/derechoshumanos\/#website\",\"url\":\"https:\/\/ffyh.unc.edu.ar\/derechoshumanos\/\",\"name\":\"Programa de Derechos Humanos - FFyH UNC\",\"description\":\"\",\"publisher\":{\"@id\":\"https:\/\/ffyh.unc.edu.ar\/derechoshumanos\/#organization\"},\"potentialAction\":[{\"@type\":\"SearchAction\",\"target\":{\"@type\":\"EntryPoint\",\"urlTemplate\":\"https:\/\/ffyh.unc.edu.ar\/derechoshumanos\/?s={search_term_string}\"},\"query-input\":{\"@type\":\"PropertyValueSpecification\",\"valueRequired\":true,\"valueName\":\"search_term_string\"}}],\"inLanguage\":\"es\"},{\"@type\":\"Organization\",\"@id\":\"https:\/\/ffyh.unc.edu.ar\/derechoshumanos\/#organization\",\"name\":\"Programa de Derechos Humanos - FFyH UNC\",\"url\":\"https:\/\/ffyh.unc.edu.ar\/derechoshumanos\/\",\"logo\":{\"@type\":\"ImageObject\",\"inLanguage\":\"es\",\"@id\":\"https:\/\/ffyh.unc.edu.ar\/derechoshumanos\/#\/schema\/logo\/image\/\",\"url\":\"https:\/\/ffyh.unc.edu.ar\/derechoshumanos\/wp-content\/uploads\/sites\/47\/2023\/04\/cropped-cropped-banner-ddhh.jpeg\",\"contentUrl\":\"https:\/\/ffyh.unc.edu.ar\/derechoshumanos\/wp-content\/uploads\/sites\/47\/2023\/04\/cropped-cropped-banner-ddhh.jpeg\",\"width\":512,\"height\":512,\"caption\":\"Programa de Derechos Humanos - FFyH UNC\"},\"image\":{\"@id\":\"https:\/\/ffyh.unc.edu.ar\/derechoshumanos\/#\/schema\/logo\/image\/\"},\"sameAs\":[\"https:\/\/www.facebook.com\/derechoshumanosffyh\",\"https:\/\/www.instagram.com\/programaddhhffyh\/\"]},{\"@type\":\"Person\",\"@id\":\"https:\/\/ffyh.unc.edu.ar\/derechoshumanos\/#\/schema\/person\/04f003c63f270742f684d62c3bb18b3f\",\"name\":\"ddhh\",\"image\":{\"@type\":\"ImageObject\",\"inLanguage\":\"es\",\"@id\":\"https:\/\/ffyh.unc.edu.ar\/derechoshumanos\/#\/schema\/person\/image\/\",\"url\":\"https:\/\/secure.gravatar.com\/avatar\/190bf435db317f7baf0202577ddd03ec950570a0273526f8eaf515da1957e6e3?s=96&d=mm&r=g\",\"contentUrl\":\"https:\/\/secure.gravatar.com\/avatar\/190bf435db317f7baf0202577ddd03ec950570a0273526f8eaf515da1957e6e3?s=96&d=mm&r=g\",\"caption\":\"ddhh\"},\"url\":\"https:\/\/ffyh.unc.edu.ar\/derechoshumanos\/author\/ddhh\/\"}]}<\/script>\n<!-- \/ Yoast SEO plugin. -->","yoast_head_json":{"title":"Presentaci\u00f3n del libro. \"La cuesti\u00f3n de los derechos humanos. De la posdictadura a la democracia excluyente en C\u00f3rdoba\", de Ana Carol Solis - Programa de Derechos Humanos - FFyH UNC","robots":{"index":"index","follow":"follow","max-snippet":"max-snippet:-1","max-image-preview":"max-image-preview:large","max-video-preview":"max-video-preview:-1"},"canonical":"https:\/\/ffyh.unc.edu.ar\/derechoshumanos\/2024\/04\/04\/presentacion-del-libro-la-cuestion-de-los-derechos-humanos-de-la-posdictadura-a-la-democracia-excluyente-en-cordoba-de-ana-carol-solis\/","og_locale":"es_ES","og_type":"article","og_title":"Presentaci\u00f3n del libro. \"La cuesti\u00f3n de los derechos humanos. De la posdictadura a la democracia excluyente en C\u00f3rdoba\", de Ana Carol Solis - Programa de Derechos Humanos - FFyH UNC","og_description":"El pasado 27 de marzo, en el marco del Mes de la Memoria, junto al \u00e1rea de Historia del CIFFYH, presentamos el libro de Ana Carol Solis: \u00abLa cuesti\u00f3n de los derechos humanos. De la posdictadura a la democracia excluyente en C\u00f3rdoba\u00bb. Agradecemos a Emiliano Fessia, Sol Yornet, Flavia Dezzutto y Carol Solis por cada &hellip; Seguir leyendo","og_url":"https:\/\/ffyh.unc.edu.ar\/derechoshumanos\/2024\/04\/04\/presentacion-del-libro-la-cuestion-de-los-derechos-humanos-de-la-posdictadura-a-la-democracia-excluyente-en-cordoba-de-ana-carol-solis\/","og_site_name":"Programa de Derechos Humanos - FFyH UNC","article_publisher":"https:\/\/www.facebook.com\/derechoshumanosffyh","article_published_time":"2024-04-04T00:37:14+00:00","og_image":[{"url":"http:\/\/ffyh.unc.edu.ar\/derechoshumanos\/wp-content\/uploads\/sites\/47\/2024\/04\/435330832_1192369818748896_7961792807777515654_n-300x225.jpg","type":"","width":"","height":""}],"author":"ddhh","twitter_card":"summary_large_image","twitter_misc":{"Escrito por":false,"Tiempo de lectura":"1 minuto"},"schema":{"@context":"https:\/\/schema.org","@graph":[{"@type":"Article","@id":"https:\/\/ffyh.unc.edu.ar\/derechoshumanos\/2024\/04\/04\/presentacion-del-libro-la-cuestion-de-los-derechos-humanos-de-la-posdictadura-a-la-democracia-excluyente-en-cordoba-de-ana-carol-solis\/#article","isPartOf":{"@id":"https:\/\/ffyh.unc.edu.ar\/derechoshumanos\/2024\/04\/04\/presentacion-del-libro-la-cuestion-de-los-derechos-humanos-de-la-posdictadura-a-la-democracia-excluyente-en-cordoba-de-ana-carol-solis\/"},"author":{"name":"ddhh","@id":"https:\/\/ffyh.unc.edu.ar\/derechoshumanos\/#\/schema\/person\/04f003c63f270742f684d62c3bb18b3f"},"headline":"Presentaci\u00f3n del libro. \u00abLa cuesti\u00f3n de los derechos humanos. De la posdictadura a la democracia excluyente en C\u00f3rdoba\u00bb, de Ana Carol Solis","datePublished":"2024-04-04T00:37:14+00:00","mainEntityOfPage":{"@id":"https:\/\/ffyh.unc.edu.ar\/derechoshumanos\/2024\/04\/04\/presentacion-del-libro-la-cuestion-de-los-derechos-humanos-de-la-posdictadura-a-la-democracia-excluyente-en-cordoba-de-ana-carol-solis\/"},"wordCount":125,"commentCount":0,"publisher":{"@id":"https:\/\/ffyh.unc.edu.ar\/derechoshumanos\/#organization"},"image":{"@id":"https:\/\/ffyh.unc.edu.ar\/derechoshumanos\/2024\/04\/04\/presentacion-del-libro-la-cuestion-de-los-derechos-humanos-de-la-posdictadura-a-la-democracia-excluyente-en-cordoba-de-ana-carol-solis\/#primaryimage"},"thumbnailUrl":"http:\/\/ffyh.unc.edu.ar\/derechoshumanos\/wp-content\/uploads\/sites\/47\/2024\/04\/435330832_1192369818748896_7961792807777515654_n-300x225.jpg","articleSection":["Investigaci\u00f3n","MEMORIA, VERDAD Y JUSTICIA"],"inLanguage":"es","potentialAction":[{"@type":"CommentAction","name":"Comment","target":["https:\/\/ffyh.unc.edu.ar\/derechoshumanos\/2024\/04\/04\/presentacion-del-libro-la-cuestion-de-los-derechos-humanos-de-la-posdictadura-a-la-democracia-excluyente-en-cordoba-de-ana-carol-solis\/#respond"]}]},{"@type":"WebPage","@id":"https:\/\/ffyh.unc.edu.ar\/derechoshumanos\/2024\/04\/04\/presentacion-del-libro-la-cuestion-de-los-derechos-humanos-de-la-posdictadura-a-la-democracia-excluyente-en-cordoba-de-ana-carol-solis\/","url":"https:\/\/ffyh.unc.edu.ar\/derechoshumanos\/2024\/04\/04\/presentacion-del-libro-la-cuestion-de-los-derechos-humanos-de-la-posdictadura-a-la-democracia-excluyente-en-cordoba-de-ana-carol-solis\/","name":"Presentaci\u00f3n del libro. \"La cuesti\u00f3n de los derechos humanos. De la posdictadura a la democracia excluyente en C\u00f3rdoba\", de Ana Carol Solis - Programa de Derechos Humanos - FFyH UNC","isPartOf":{"@id":"https:\/\/ffyh.unc.edu.ar\/derechoshumanos\/#website"},"primaryImageOfPage":{"@id":"https:\/\/ffyh.unc.edu.ar\/derechoshumanos\/2024\/04\/04\/presentacion-del-libro-la-cuestion-de-los-derechos-humanos-de-la-posdictadura-a-la-democracia-excluyente-en-cordoba-de-ana-carol-solis\/#primaryimage"},"image":{"@id":"https:\/\/ffyh.unc.edu.ar\/derechoshumanos\/2024\/04\/04\/presentacion-del-libro-la-cuestion-de-los-derechos-humanos-de-la-posdictadura-a-la-democracia-excluyente-en-cordoba-de-ana-carol-solis\/#primaryimage"},"thumbnailUrl":"http:\/\/ffyh.unc.edu.ar\/derechoshumanos\/wp-content\/uploads\/sites\/47\/2024\/04\/435330832_1192369818748896_7961792807777515654_n-300x225.jpg","datePublished":"2024-04-04T00:37:14+00:00","breadcrumb":{"@id":"https:\/\/ffyh.unc.edu.ar\/derechoshumanos\/2024\/04\/04\/presentacion-del-libro-la-cuestion-de-los-derechos-humanos-de-la-posdictadura-a-la-democracia-excluyente-en-cordoba-de-ana-carol-solis\/#breadcrumb"},"inLanguage":"es","potentialAction":[{"@type":"ReadAction","target":["https:\/\/ffyh.unc.edu.ar\/derechoshumanos\/2024\/04\/04\/presentacion-del-libro-la-cuestion-de-los-derechos-humanos-de-la-posdictadura-a-la-democracia-excluyente-en-cordoba-de-ana-carol-solis\/"]}]},{"@type":"ImageObject","inLanguage":"es","@id":"https:\/\/ffyh.unc.edu.ar\/derechoshumanos\/2024\/04\/04\/presentacion-del-libro-la-cuestion-de-los-derechos-humanos-de-la-posdictadura-a-la-democracia-excluyente-en-cordoba-de-ana-carol-solis\/#primaryimage","url":"https:\/\/ffyh.unc.edu.ar\/derechoshumanos\/wp-content\/uploads\/sites\/47\/2024\/04\/435330832_1192369818748896_7961792807777515654_n.jpg","contentUrl":"https:\/\/ffyh.unc.edu.ar\/derechoshumanos\/wp-content\/uploads\/sites\/47\/2024\/04\/435330832_1192369818748896_7961792807777515654_n.jpg","width":1080,"height":810},{"@type":"BreadcrumbList","@id":"https:\/\/ffyh.unc.edu.ar\/derechoshumanos\/2024\/04\/04\/presentacion-del-libro-la-cuestion-de-los-derechos-humanos-de-la-posdictadura-a-la-democracia-excluyente-en-cordoba-de-ana-carol-solis\/#breadcrumb","itemListElement":[{"@type":"ListItem","position":1,"name":"Portada","item":"https:\/\/ffyh.unc.edu.ar\/derechoshumanos\/"},{"@type":"ListItem","position":2,"name":"Presentaci\u00f3n del libro. \u00abLa cuesti\u00f3n de los derechos humanos. De la posdictadura a la democracia excluyente en C\u00f3rdoba\u00bb, de Ana Carol Solis"}]},{"@type":"WebSite","@id":"https:\/\/ffyh.unc.edu.ar\/derechoshumanos\/#website","url":"https:\/\/ffyh.unc.edu.ar\/derechoshumanos\/","name":"Programa de Derechos Humanos - FFyH UNC","description":"","publisher":{"@id":"https:\/\/ffyh.unc.edu.ar\/derechoshumanos\/#organization"},"potentialAction":[{"@type":"SearchAction","target":{"@type":"EntryPoint","urlTemplate":"https:\/\/ffyh.unc.edu.ar\/derechoshumanos\/?s={search_term_string}"},"query-input":{"@type":"PropertyValueSpecification","valueRequired":true,"valueName":"search_term_string"}}],"inLanguage":"es"},{"@type":"Organization","@id":"https:\/\/ffyh.unc.edu.ar\/derechoshumanos\/#organization","name":"Programa de Derechos Humanos - FFyH UNC","url":"https:\/\/ffyh.unc.edu.ar\/derechoshumanos\/","logo":{"@type":"ImageObject","inLanguage":"es","@id":"https:\/\/ffyh.unc.edu.ar\/derechoshumanos\/#\/schema\/logo\/image\/","url":"https:\/\/ffyh.unc.edu.ar\/derechoshumanos\/wp-content\/uploads\/sites\/47\/2023\/04\/cropped-cropped-banner-ddhh.jpeg","contentUrl":"https:\/\/ffyh.unc.edu.ar\/derechoshumanos\/wp-content\/uploads\/sites\/47\/2023\/04\/cropped-cropped-banner-ddhh.jpeg","width":512,"height":512,"caption":"Programa de Derechos Humanos - FFyH UNC"},"image":{"@id":"https:\/\/ffyh.unc.edu.ar\/derechoshumanos\/#\/schema\/logo\/image\/"},"sameAs":["https:\/\/www.facebook.com\/derechoshumanosffyh","https:\/\/www.instagram.com\/programaddhhffyh\/"]},{"@type":"Person","@id":"https:\/\/ffyh.unc.edu.ar\/derechoshumanos\/#\/schema\/person\/04f003c63f270742f684d62c3bb18b3f","name":"ddhh","image":{"@type":"ImageObject","inLanguage":"es","@id":"https:\/\/ffyh.unc.edu.ar\/derechoshumanos\/#\/schema\/person\/image\/","url":"https:\/\/secure.gravatar.com\/avatar\/190bf435db317f7baf0202577ddd03ec950570a0273526f8eaf515da1957e6e3?s=96&d=mm&r=g","contentUrl":"https:\/\/secure.gravatar.com\/avatar\/190bf435db317f7baf0202577ddd03ec950570a0273526f8eaf515da1957e6e3?s=96&d=mm&r=g","caption":"ddhh"},"url":"https:\/\/ffyh.unc.edu.ar\/derechoshumanos\/author\/ddhh\/"}]}},"jetpack_featured_media_url":"","_links":{"self":[{"href":"https:\/\/ffyh.unc.edu.ar\/derechoshumanos\/wp-json\/wp\/v2\/posts\/537","targetHints":{"allow":["GET"]}}],"collection":[{"href":"https:\/\/ffyh.unc.edu.ar\/derechoshumanos\/wp-json\/wp\/v2\/posts"}],"about":[{"href":"https:\/\/ffyh.unc.edu.ar\/derechoshumanos\/wp-json\/wp\/v2\/types\/post"}],"author":[{"embeddable":true,"href":"https:\/\/ffyh.unc.edu.ar\/derechoshumanos\/wp-json\/wp\/v2\/users\/49"}],"replies":[{"embeddable":true,"href":"https:\/\/ffyh.unc.edu.ar\/derechoshumanos\/wp-json\/wp\/v2\/comments?post=537"}],"version-history":[{"count":1,"href":"https:\/\/ffyh.unc.edu.ar\/derechoshumanos\/wp-json\/wp\/v2\/posts\/537\/revisions"}],"predecessor-version":[{"id":539,"href":"https:\/\/ffyh.unc.edu.ar\/derechoshumanos\/wp-json\/wp\/v2\/posts\/537\/revisions\/539"}],"wp:attachment":[{"href":"https:\/\/ffyh.unc.edu.ar\/derechoshumanos\/wp-json\/wp\/v2\/media?parent=537"}],"wp:term":[{"taxonomy":"category","embeddable":true,"href":"https:\/\/ffyh.unc.edu.ar\/derechoshumanos\/wp-json\/wp\/v2\/categories?post=537"},{"taxonomy":"post_tag","embeddable":true,"href":"https:\/\/ffyh.unc.edu.ar\/derechoshumanos\/wp-json\/wp\/v2\/tags?post=537"}],"curies":[{"name":"wp","href":"https:\/\/api.w.org\/{rel}","templated":true}]}}