{"id":540,"date":"2024-04-04T14:20:32","date_gmt":"2024-04-04T14:20:32","guid":{"rendered":"https:\/\/ffyh.unc.edu.ar\/derechoshumanos\/?p=540"},"modified":"2024-04-04T14:20:32","modified_gmt":"2024-04-04T14:20:32","slug":"seminario-mundos-punitivos-con-que-imagenes-pensamos-la-prision","status":"publish","type":"post","link":"https:\/\/ffyh.unc.edu.ar\/derechoshumanos\/2024\/04\/04\/seminario-mundos-punitivos-con-que-imagenes-pensamos-la-prision\/","title":{"rendered":"Seminario. Mundos punitivos: \u00bfCon qu\u00e9 im\u00e1genes pensamos la prisi\u00f3n?"},"content":{"rendered":"<p>El objetivo del seminario es entrenar la mirada o lo que tambi\u00e9n se llama \u201cformaci\u00f3n de espectadores\u201d.<\/p>\n<p>La propuesta parte de las siguientes interrogantes: \u00bfcon qu\u00e9 im\u00e1genes pensamos las prisiones? \u00bfQu\u00e9 imaginarios existen sobre las personas detenidas? \u00bfA qui\u00e9n le sirven los mundos s\u00f3rdidos con los cu\u00e1les se retrata la vida carcelaria?<\/p>\n<p>\ud83d\udcc6 Se desarrollar\u00e1 los lunes de abril e inicia el pr\u00f3ximo lunes.<\/p>\n<p>Toda la informaci\u00f3n aqu\u00ed \ud83d\udc49 <a href=\"https:\/\/cineclubmunicipal.org.ar\/producto\/mundos-punitivos\/\">https:\/\/cineclubmunicipal.org.ar\/producto\/mundos-punitivos\/<\/a><\/p>\n<p><img fetchpriority=\"high\" decoding=\"async\" class=\"alignnone size-full wp-image-541\" src=\"http:\/\/ffyh.unc.edu.ar\/derechoshumanos\/wp-content\/uploads\/sites\/47\/2024\/04\/IMG-20240404-WA0000.jpg\" alt=\"\" width=\"750\" height=\"750\" srcset=\"https:\/\/ffyh.unc.edu.ar\/derechoshumanos\/wp-content\/uploads\/sites\/47\/2024\/04\/IMG-20240404-WA0000.jpg 750w, https:\/\/ffyh.unc.edu.ar\/derechoshumanos\/wp-content\/uploads\/sites\/47\/2024\/04\/IMG-20240404-WA0000-300x300.jpg 300w, https:\/\/ffyh.unc.edu.ar\/derechoshumanos\/wp-content\/uploads\/sites\/47\/2024\/04\/IMG-20240404-WA0000-150x150.jpg 150w\" sizes=\"(max-width: 750px) 100vw, 750px\" \/><\/p>\n","protected":false},"excerpt":{"rendered":"<p>El objetivo del seminario es entrenar la mirada o lo que tambi\u00e9n se llama \u201cformaci\u00f3n de espectadores\u201d. La propuesta parte de las siguientes interrogantes: \u00bfcon qu\u00e9 im\u00e1genes pensamos las prisiones? \u00bfQu\u00e9 imaginarios existen sobre las personas detenidas? \u00bfA qui\u00e9n le sirven los mundos s\u00f3rdidos con los cu\u00e1les se retrata la vida carcelaria? \ud83d\udcc6 Se desarrollar\u00e1 &hellip; <\/p>\n<p><a class=\"more-link btn\" href=\"https:\/\/ffyh.unc.edu.ar\/derechoshumanos\/2024\/04\/04\/seminario-mundos-punitivos-con-que-imagenes-pensamos-la-prision\/\">Seguir leyendo<\/a><\/p>\n","protected":false},"author":49,"featured_media":0,"comment_status":"open","ping_status":"open","sticky":false,"template":"","format":"standard","meta":{"_acf_changed":false,"footnotes":""},"categories":[18],"tags":[],"class_list":["post-540","post","type-post","status-publish","format-standard","hentry","category-contextos-encierro","nodate","item-wrap"],"acf":[],"yoast_head":"<!-- This site is optimized with the Yoast SEO plugin v27.1.1 - https:\/\/yoast.com\/product\/yoast-seo-wordpress\/ -->\n<title>Seminario. Mundos punitivos: \u00bfCon qu\u00e9 im\u00e1genes pensamos la prisi\u00f3n? - Programa de Derechos Humanos - FFyH UNC<\/title>\n<meta name=\"robots\" content=\"index, follow, max-snippet:-1, max-image-preview:large, max-video-preview:-1\" \/>\n<link rel=\"canonical\" href=\"https:\/\/ffyh.unc.edu.ar\/derechoshumanos\/2024\/04\/04\/seminario-mundos-punitivos-con-que-imagenes-pensamos-la-prision\/\" \/>\n<meta property=\"og:locale\" content=\"es_ES\" \/>\n<meta property=\"og:type\" content=\"article\" \/>\n<meta property=\"og:title\" content=\"Seminario. Mundos punitivos: \u00bfCon qu\u00e9 im\u00e1genes pensamos la prisi\u00f3n? - Programa de Derechos Humanos - FFyH UNC\" \/>\n<meta property=\"og:description\" content=\"El objetivo del seminario es entrenar la mirada o lo que tambi\u00e9n se llama \u201cformaci\u00f3n de espectadores\u201d. La propuesta parte de las siguientes interrogantes: \u00bfcon qu\u00e9 im\u00e1genes pensamos las prisiones? \u00bfQu\u00e9 imaginarios existen sobre las personas detenidas? \u00bfA qui\u00e9n le sirven los mundos s\u00f3rdidos con los cu\u00e1les se retrata la vida carcelaria? \ud83d\udcc6 Se desarrollar\u00e1 &hellip; Seguir leyendo\" \/>\n<meta property=\"og:url\" content=\"https:\/\/ffyh.unc.edu.ar\/derechoshumanos\/2024\/04\/04\/seminario-mundos-punitivos-con-que-imagenes-pensamos-la-prision\/\" \/>\n<meta property=\"og:site_name\" content=\"Programa de Derechos Humanos - FFyH UNC\" \/>\n<meta property=\"article:publisher\" content=\"https:\/\/www.facebook.com\/derechoshumanosffyh\" \/>\n<meta property=\"article:published_time\" content=\"2024-04-04T14:20:32+00:00\" \/>\n<meta property=\"og:image\" content=\"http:\/\/ffyh.unc.edu.ar\/derechoshumanos\/wp-content\/uploads\/sites\/47\/2024\/04\/IMG-20240404-WA0000.jpg\" \/>\n<meta name=\"author\" content=\"ddhh\" \/>\n<meta name=\"twitter:card\" content=\"summary_large_image\" \/>\n<meta name=\"twitter:label1\" content=\"Escrito por\" \/>\n\t<meta name=\"twitter:data1\" content=\"\" \/>\n\t<meta name=\"twitter:label2\" content=\"Tiempo de lectura\" \/>\n\t<meta name=\"twitter:data2\" content=\"1 minuto\" \/>\n<script type=\"application\/ld+json\" class=\"yoast-schema-graph\">{\"@context\":\"https:\/\/schema.org\",\"@graph\":[{\"@type\":\"Article\",\"@id\":\"https:\/\/ffyh.unc.edu.ar\/derechoshumanos\/2024\/04\/04\/seminario-mundos-punitivos-con-que-imagenes-pensamos-la-prision\/#article\",\"isPartOf\":{\"@id\":\"https:\/\/ffyh.unc.edu.ar\/derechoshumanos\/2024\/04\/04\/seminario-mundos-punitivos-con-que-imagenes-pensamos-la-prision\/\"},\"author\":{\"name\":\"ddhh\",\"@id\":\"https:\/\/ffyh.unc.edu.ar\/derechoshumanos\/#\/schema\/person\/04f003c63f270742f684d62c3bb18b3f\"},\"headline\":\"Seminario. Mundos punitivos: \u00bfCon qu\u00e9 im\u00e1genes pensamos la prisi\u00f3n?\",\"datePublished\":\"2024-04-04T14:20:32+00:00\",\"mainEntityOfPage\":{\"@id\":\"https:\/\/ffyh.unc.edu.ar\/derechoshumanos\/2024\/04\/04\/seminario-mundos-punitivos-con-que-imagenes-pensamos-la-prision\/\"},\"wordCount\":92,\"commentCount\":0,\"publisher\":{\"@id\":\"https:\/\/ffyh.unc.edu.ar\/derechoshumanos\/#organization\"},\"image\":{\"@id\":\"https:\/\/ffyh.unc.edu.ar\/derechoshumanos\/2024\/04\/04\/seminario-mundos-punitivos-con-que-imagenes-pensamos-la-prision\/#primaryimage\"},\"thumbnailUrl\":\"http:\/\/ffyh.unc.edu.ar\/derechoshumanos\/wp-content\/uploads\/sites\/47\/2024\/04\/IMG-20240404-WA0000.jpg\",\"articleSection\":[\"CONTEXTOS DE ENCIERRO\"],\"inLanguage\":\"es\",\"potentialAction\":[{\"@type\":\"CommentAction\",\"name\":\"Comment\",\"target\":[\"https:\/\/ffyh.unc.edu.ar\/derechoshumanos\/2024\/04\/04\/seminario-mundos-punitivos-con-que-imagenes-pensamos-la-prision\/#respond\"]}]},{\"@type\":\"WebPage\",\"@id\":\"https:\/\/ffyh.unc.edu.ar\/derechoshumanos\/2024\/04\/04\/seminario-mundos-punitivos-con-que-imagenes-pensamos-la-prision\/\",\"url\":\"https:\/\/ffyh.unc.edu.ar\/derechoshumanos\/2024\/04\/04\/seminario-mundos-punitivos-con-que-imagenes-pensamos-la-prision\/\",\"name\":\"Seminario. Mundos punitivos: \u00bfCon qu\u00e9 im\u00e1genes pensamos la prisi\u00f3n? - Programa de Derechos Humanos - FFyH UNC\",\"isPartOf\":{\"@id\":\"https:\/\/ffyh.unc.edu.ar\/derechoshumanos\/#website\"},\"primaryImageOfPage\":{\"@id\":\"https:\/\/ffyh.unc.edu.ar\/derechoshumanos\/2024\/04\/04\/seminario-mundos-punitivos-con-que-imagenes-pensamos-la-prision\/#primaryimage\"},\"image\":{\"@id\":\"https:\/\/ffyh.unc.edu.ar\/derechoshumanos\/2024\/04\/04\/seminario-mundos-punitivos-con-que-imagenes-pensamos-la-prision\/#primaryimage\"},\"thumbnailUrl\":\"http:\/\/ffyh.unc.edu.ar\/derechoshumanos\/wp-content\/uploads\/sites\/47\/2024\/04\/IMG-20240404-WA0000.jpg\",\"datePublished\":\"2024-04-04T14:20:32+00:00\",\"breadcrumb\":{\"@id\":\"https:\/\/ffyh.unc.edu.ar\/derechoshumanos\/2024\/04\/04\/seminario-mundos-punitivos-con-que-imagenes-pensamos-la-prision\/#breadcrumb\"},\"inLanguage\":\"es\",\"potentialAction\":[{\"@type\":\"ReadAction\",\"target\":[\"https:\/\/ffyh.unc.edu.ar\/derechoshumanos\/2024\/04\/04\/seminario-mundos-punitivos-con-que-imagenes-pensamos-la-prision\/\"]}]},{\"@type\":\"ImageObject\",\"inLanguage\":\"es\",\"@id\":\"https:\/\/ffyh.unc.edu.ar\/derechoshumanos\/2024\/04\/04\/seminario-mundos-punitivos-con-que-imagenes-pensamos-la-prision\/#primaryimage\",\"url\":\"https:\/\/ffyh.unc.edu.ar\/derechoshumanos\/wp-content\/uploads\/sites\/47\/2024\/04\/IMG-20240404-WA0000.jpg\",\"contentUrl\":\"https:\/\/ffyh.unc.edu.ar\/derechoshumanos\/wp-content\/uploads\/sites\/47\/2024\/04\/IMG-20240404-WA0000.jpg\",\"width\":750,\"height\":750},{\"@type\":\"BreadcrumbList\",\"@id\":\"https:\/\/ffyh.unc.edu.ar\/derechoshumanos\/2024\/04\/04\/seminario-mundos-punitivos-con-que-imagenes-pensamos-la-prision\/#breadcrumb\",\"itemListElement\":[{\"@type\":\"ListItem\",\"position\":1,\"name\":\"Portada\",\"item\":\"https:\/\/ffyh.unc.edu.ar\/derechoshumanos\/\"},{\"@type\":\"ListItem\",\"position\":2,\"name\":\"Seminario. Mundos punitivos: \u00bfCon qu\u00e9 im\u00e1genes pensamos la prisi\u00f3n?\"}]},{\"@type\":\"WebSite\",\"@id\":\"https:\/\/ffyh.unc.edu.ar\/derechoshumanos\/#website\",\"url\":\"https:\/\/ffyh.unc.edu.ar\/derechoshumanos\/\",\"name\":\"Programa de Derechos Humanos - FFyH UNC\",\"description\":\"\",\"publisher\":{\"@id\":\"https:\/\/ffyh.unc.edu.ar\/derechoshumanos\/#organization\"},\"potentialAction\":[{\"@type\":\"SearchAction\",\"target\":{\"@type\":\"EntryPoint\",\"urlTemplate\":\"https:\/\/ffyh.unc.edu.ar\/derechoshumanos\/?s={search_term_string}\"},\"query-input\":{\"@type\":\"PropertyValueSpecification\",\"valueRequired\":true,\"valueName\":\"search_term_string\"}}],\"inLanguage\":\"es\"},{\"@type\":\"Organization\",\"@id\":\"https:\/\/ffyh.unc.edu.ar\/derechoshumanos\/#organization\",\"name\":\"Programa de Derechos Humanos - FFyH UNC\",\"url\":\"https:\/\/ffyh.unc.edu.ar\/derechoshumanos\/\",\"logo\":{\"@type\":\"ImageObject\",\"inLanguage\":\"es\",\"@id\":\"https:\/\/ffyh.unc.edu.ar\/derechoshumanos\/#\/schema\/logo\/image\/\",\"url\":\"https:\/\/ffyh.unc.edu.ar\/derechoshumanos\/wp-content\/uploads\/sites\/47\/2023\/04\/cropped-cropped-banner-ddhh.jpeg\",\"contentUrl\":\"https:\/\/ffyh.unc.edu.ar\/derechoshumanos\/wp-content\/uploads\/sites\/47\/2023\/04\/cropped-cropped-banner-ddhh.jpeg\",\"width\":512,\"height\":512,\"caption\":\"Programa de Derechos Humanos - FFyH UNC\"},\"image\":{\"@id\":\"https:\/\/ffyh.unc.edu.ar\/derechoshumanos\/#\/schema\/logo\/image\/\"},\"sameAs\":[\"https:\/\/www.facebook.com\/derechoshumanosffyh\",\"https:\/\/www.instagram.com\/programaddhhffyh\/\"]},{\"@type\":\"Person\",\"@id\":\"https:\/\/ffyh.unc.edu.ar\/derechoshumanos\/#\/schema\/person\/04f003c63f270742f684d62c3bb18b3f\",\"name\":\"ddhh\",\"image\":{\"@type\":\"ImageObject\",\"inLanguage\":\"es\",\"@id\":\"https:\/\/ffyh.unc.edu.ar\/derechoshumanos\/#\/schema\/person\/image\/\",\"url\":\"https:\/\/secure.gravatar.com\/avatar\/190bf435db317f7baf0202577ddd03ec950570a0273526f8eaf515da1957e6e3?s=96&d=mm&r=g\",\"contentUrl\":\"https:\/\/secure.gravatar.com\/avatar\/190bf435db317f7baf0202577ddd03ec950570a0273526f8eaf515da1957e6e3?s=96&d=mm&r=g\",\"caption\":\"ddhh\"},\"url\":\"https:\/\/ffyh.unc.edu.ar\/derechoshumanos\/author\/ddhh\/\"}]}<\/script>\n<!-- \/ Yoast SEO plugin. -->","yoast_head_json":{"title":"Seminario. Mundos punitivos: \u00bfCon qu\u00e9 im\u00e1genes pensamos la prisi\u00f3n? - Programa de Derechos Humanos - FFyH UNC","robots":{"index":"index","follow":"follow","max-snippet":"max-snippet:-1","max-image-preview":"max-image-preview:large","max-video-preview":"max-video-preview:-1"},"canonical":"https:\/\/ffyh.unc.edu.ar\/derechoshumanos\/2024\/04\/04\/seminario-mundos-punitivos-con-que-imagenes-pensamos-la-prision\/","og_locale":"es_ES","og_type":"article","og_title":"Seminario. Mundos punitivos: \u00bfCon qu\u00e9 im\u00e1genes pensamos la prisi\u00f3n? - Programa de Derechos Humanos - FFyH UNC","og_description":"El objetivo del seminario es entrenar la mirada o lo que tambi\u00e9n se llama \u201cformaci\u00f3n de espectadores\u201d. La propuesta parte de las siguientes interrogantes: \u00bfcon qu\u00e9 im\u00e1genes pensamos las prisiones? \u00bfQu\u00e9 imaginarios existen sobre las personas detenidas? \u00bfA qui\u00e9n le sirven los mundos s\u00f3rdidos con los cu\u00e1les se retrata la vida carcelaria? \ud83d\udcc6 Se desarrollar\u00e1 &hellip; Seguir leyendo","og_url":"https:\/\/ffyh.unc.edu.ar\/derechoshumanos\/2024\/04\/04\/seminario-mundos-punitivos-con-que-imagenes-pensamos-la-prision\/","og_site_name":"Programa de Derechos Humanos - FFyH UNC","article_publisher":"https:\/\/www.facebook.com\/derechoshumanosffyh","article_published_time":"2024-04-04T14:20:32+00:00","og_image":[{"url":"http:\/\/ffyh.unc.edu.ar\/derechoshumanos\/wp-content\/uploads\/sites\/47\/2024\/04\/IMG-20240404-WA0000.jpg","type":"","width":"","height":""}],"author":"ddhh","twitter_card":"summary_large_image","twitter_misc":{"Escrito por":false,"Tiempo de lectura":"1 minuto"},"schema":{"@context":"https:\/\/schema.org","@graph":[{"@type":"Article","@id":"https:\/\/ffyh.unc.edu.ar\/derechoshumanos\/2024\/04\/04\/seminario-mundos-punitivos-con-que-imagenes-pensamos-la-prision\/#article","isPartOf":{"@id":"https:\/\/ffyh.unc.edu.ar\/derechoshumanos\/2024\/04\/04\/seminario-mundos-punitivos-con-que-imagenes-pensamos-la-prision\/"},"author":{"name":"ddhh","@id":"https:\/\/ffyh.unc.edu.ar\/derechoshumanos\/#\/schema\/person\/04f003c63f270742f684d62c3bb18b3f"},"headline":"Seminario. Mundos punitivos: \u00bfCon qu\u00e9 im\u00e1genes pensamos la prisi\u00f3n?","datePublished":"2024-04-04T14:20:32+00:00","mainEntityOfPage":{"@id":"https:\/\/ffyh.unc.edu.ar\/derechoshumanos\/2024\/04\/04\/seminario-mundos-punitivos-con-que-imagenes-pensamos-la-prision\/"},"wordCount":92,"commentCount":0,"publisher":{"@id":"https:\/\/ffyh.unc.edu.ar\/derechoshumanos\/#organization"},"image":{"@id":"https:\/\/ffyh.unc.edu.ar\/derechoshumanos\/2024\/04\/04\/seminario-mundos-punitivos-con-que-imagenes-pensamos-la-prision\/#primaryimage"},"thumbnailUrl":"http:\/\/ffyh.unc.edu.ar\/derechoshumanos\/wp-content\/uploads\/sites\/47\/2024\/04\/IMG-20240404-WA0000.jpg","articleSection":["CONTEXTOS DE ENCIERRO"],"inLanguage":"es","potentialAction":[{"@type":"CommentAction","name":"Comment","target":["https:\/\/ffyh.unc.edu.ar\/derechoshumanos\/2024\/04\/04\/seminario-mundos-punitivos-con-que-imagenes-pensamos-la-prision\/#respond"]}]},{"@type":"WebPage","@id":"https:\/\/ffyh.unc.edu.ar\/derechoshumanos\/2024\/04\/04\/seminario-mundos-punitivos-con-que-imagenes-pensamos-la-prision\/","url":"https:\/\/ffyh.unc.edu.ar\/derechoshumanos\/2024\/04\/04\/seminario-mundos-punitivos-con-que-imagenes-pensamos-la-prision\/","name":"Seminario. Mundos punitivos: \u00bfCon qu\u00e9 im\u00e1genes pensamos la prisi\u00f3n? - Programa de Derechos Humanos - FFyH UNC","isPartOf":{"@id":"https:\/\/ffyh.unc.edu.ar\/derechoshumanos\/#website"},"primaryImageOfPage":{"@id":"https:\/\/ffyh.unc.edu.ar\/derechoshumanos\/2024\/04\/04\/seminario-mundos-punitivos-con-que-imagenes-pensamos-la-prision\/#primaryimage"},"image":{"@id":"https:\/\/ffyh.unc.edu.ar\/derechoshumanos\/2024\/04\/04\/seminario-mundos-punitivos-con-que-imagenes-pensamos-la-prision\/#primaryimage"},"thumbnailUrl":"http:\/\/ffyh.unc.edu.ar\/derechoshumanos\/wp-content\/uploads\/sites\/47\/2024\/04\/IMG-20240404-WA0000.jpg","datePublished":"2024-04-04T14:20:32+00:00","breadcrumb":{"@id":"https:\/\/ffyh.unc.edu.ar\/derechoshumanos\/2024\/04\/04\/seminario-mundos-punitivos-con-que-imagenes-pensamos-la-prision\/#breadcrumb"},"inLanguage":"es","potentialAction":[{"@type":"ReadAction","target":["https:\/\/ffyh.unc.edu.ar\/derechoshumanos\/2024\/04\/04\/seminario-mundos-punitivos-con-que-imagenes-pensamos-la-prision\/"]}]},{"@type":"ImageObject","inLanguage":"es","@id":"https:\/\/ffyh.unc.edu.ar\/derechoshumanos\/2024\/04\/04\/seminario-mundos-punitivos-con-que-imagenes-pensamos-la-prision\/#primaryimage","url":"https:\/\/ffyh.unc.edu.ar\/derechoshumanos\/wp-content\/uploads\/sites\/47\/2024\/04\/IMG-20240404-WA0000.jpg","contentUrl":"https:\/\/ffyh.unc.edu.ar\/derechoshumanos\/wp-content\/uploads\/sites\/47\/2024\/04\/IMG-20240404-WA0000.jpg","width":750,"height":750},{"@type":"BreadcrumbList","@id":"https:\/\/ffyh.unc.edu.ar\/derechoshumanos\/2024\/04\/04\/seminario-mundos-punitivos-con-que-imagenes-pensamos-la-prision\/#breadcrumb","itemListElement":[{"@type":"ListItem","position":1,"name":"Portada","item":"https:\/\/ffyh.unc.edu.ar\/derechoshumanos\/"},{"@type":"ListItem","position":2,"name":"Seminario. Mundos punitivos: \u00bfCon qu\u00e9 im\u00e1genes pensamos la prisi\u00f3n?"}]},{"@type":"WebSite","@id":"https:\/\/ffyh.unc.edu.ar\/derechoshumanos\/#website","url":"https:\/\/ffyh.unc.edu.ar\/derechoshumanos\/","name":"Programa de Derechos Humanos - FFyH UNC","description":"","publisher":{"@id":"https:\/\/ffyh.unc.edu.ar\/derechoshumanos\/#organization"},"potentialAction":[{"@type":"SearchAction","target":{"@type":"EntryPoint","urlTemplate":"https:\/\/ffyh.unc.edu.ar\/derechoshumanos\/?s={search_term_string}"},"query-input":{"@type":"PropertyValueSpecification","valueRequired":true,"valueName":"search_term_string"}}],"inLanguage":"es"},{"@type":"Organization","@id":"https:\/\/ffyh.unc.edu.ar\/derechoshumanos\/#organization","name":"Programa de Derechos Humanos - FFyH UNC","url":"https:\/\/ffyh.unc.edu.ar\/derechoshumanos\/","logo":{"@type":"ImageObject","inLanguage":"es","@id":"https:\/\/ffyh.unc.edu.ar\/derechoshumanos\/#\/schema\/logo\/image\/","url":"https:\/\/ffyh.unc.edu.ar\/derechoshumanos\/wp-content\/uploads\/sites\/47\/2023\/04\/cropped-cropped-banner-ddhh.jpeg","contentUrl":"https:\/\/ffyh.unc.edu.ar\/derechoshumanos\/wp-content\/uploads\/sites\/47\/2023\/04\/cropped-cropped-banner-ddhh.jpeg","width":512,"height":512,"caption":"Programa de Derechos Humanos - FFyH UNC"},"image":{"@id":"https:\/\/ffyh.unc.edu.ar\/derechoshumanos\/#\/schema\/logo\/image\/"},"sameAs":["https:\/\/www.facebook.com\/derechoshumanosffyh","https:\/\/www.instagram.com\/programaddhhffyh\/"]},{"@type":"Person","@id":"https:\/\/ffyh.unc.edu.ar\/derechoshumanos\/#\/schema\/person\/04f003c63f270742f684d62c3bb18b3f","name":"ddhh","image":{"@type":"ImageObject","inLanguage":"es","@id":"https:\/\/ffyh.unc.edu.ar\/derechoshumanos\/#\/schema\/person\/image\/","url":"https:\/\/secure.gravatar.com\/avatar\/190bf435db317f7baf0202577ddd03ec950570a0273526f8eaf515da1957e6e3?s=96&d=mm&r=g","contentUrl":"https:\/\/secure.gravatar.com\/avatar\/190bf435db317f7baf0202577ddd03ec950570a0273526f8eaf515da1957e6e3?s=96&d=mm&r=g","caption":"ddhh"},"url":"https:\/\/ffyh.unc.edu.ar\/derechoshumanos\/author\/ddhh\/"}]}},"jetpack_featured_media_url":"","_links":{"self":[{"href":"https:\/\/ffyh.unc.edu.ar\/derechoshumanos\/wp-json\/wp\/v2\/posts\/540","targetHints":{"allow":["GET"]}}],"collection":[{"href":"https:\/\/ffyh.unc.edu.ar\/derechoshumanos\/wp-json\/wp\/v2\/posts"}],"about":[{"href":"https:\/\/ffyh.unc.edu.ar\/derechoshumanos\/wp-json\/wp\/v2\/types\/post"}],"author":[{"embeddable":true,"href":"https:\/\/ffyh.unc.edu.ar\/derechoshumanos\/wp-json\/wp\/v2\/users\/49"}],"replies":[{"embeddable":true,"href":"https:\/\/ffyh.unc.edu.ar\/derechoshumanos\/wp-json\/wp\/v2\/comments?post=540"}],"version-history":[{"count":1,"href":"https:\/\/ffyh.unc.edu.ar\/derechoshumanos\/wp-json\/wp\/v2\/posts\/540\/revisions"}],"predecessor-version":[{"id":542,"href":"https:\/\/ffyh.unc.edu.ar\/derechoshumanos\/wp-json\/wp\/v2\/posts\/540\/revisions\/542"}],"wp:attachment":[{"href":"https:\/\/ffyh.unc.edu.ar\/derechoshumanos\/wp-json\/wp\/v2\/media?parent=540"}],"wp:term":[{"taxonomy":"category","embeddable":true,"href":"https:\/\/ffyh.unc.edu.ar\/derechoshumanos\/wp-json\/wp\/v2\/categories?post=540"},{"taxonomy":"post_tag","embeddable":true,"href":"https:\/\/ffyh.unc.edu.ar\/derechoshumanos\/wp-json\/wp\/v2\/tags?post=540"}],"curies":[{"name":"wp","href":"https:\/\/api.w.org\/{rel}","templated":true}]}}