{"id":543,"date":"2024-04-04T14:26:52","date_gmt":"2024-04-04T14:26:52","guid":{"rendered":"https:\/\/ffyh.unc.edu.ar\/derechoshumanos\/?p=543"},"modified":"2024-06-18T16:19:23","modified_gmt":"2024-06-18T16:19:23","slug":"marzo-mes-de-luchas-registros","status":"publish","type":"post","link":"https:\/\/ffyh.unc.edu.ar\/derechoshumanos\/2024\/04\/04\/marzo-mes-de-luchas-registros\/","title":{"rendered":"Presentaci\u00f3n de libro en el Establecimiento Penitenciario 3 de mujeres, Bouwer"},"content":{"rendered":"<p>\ud83d\udd38El 15 de marzo de este a\u00f1o, el \u00c1rea de Genero, Sexualidades y ESI, el Programa de Derechos Humanos y el Programa Universitario en la C\u00e1rcel de la FFyH organizaron la actividad \u201cMarzo. Mes de Luchas \u201d en el Establecimiento Penitenciario 3 de mujeres, en Bouwer. \u201cCompartimos con las compa\u00f1eras privadas de libertad algunos ejes para reflexionar con memoria sobre el presente y proyectar el futuro\u201d, cuentan. El encuentro se estructur\u00f3 a partir de la lectura grupal de fragmentos del libro impreso \u00abConversaciones sobre el 8M y el 24M en la imaginaci\u00f3n del futuro\u00bb, con posteriores intervenciones sobre distintas manifestaciones de las autoras, Marit\u00e9 S\u00e1nchez y Ana Levstein.<\/p>\n<p><!--more--><\/p>\n<p>\ud83d\udd38\u201cLa ca\u00f3tica prisa que impera en el tiempo de la precaria hiperactividad qued\u00f3 opacada en un tiempo construido de preguntas en ronda con intervenciones que ampliaron los relatos en torno a la historia reciente. Las historias personales se entrecruzaron con las b\u00fasquedas por las diversas identidades, el impacto de la guerra de Malvinas en an\u00f3nimas familias del interior cordob\u00e9s, las continuidades del aparato represivo del Estado y los efectos en el presente del modelo de exclusi\u00f3n econ\u00f3mico y social que impuls\u00f3 la \u00faltima dictadura c\u00edvico militar\u201d relatan las responsables de espacios que presentaron la publicaci\u00f3n en Bouwer, y finalizan: \u201cCon el entusiasmo de seguir profundizando estos di\u00e1logos, hoy compartimos ese material para toda la comunidad de la FFyH y m\u00e1s all\u00e1, con el deseo de multiplicar nuevos interrogantes y expandir las luchas de los feminismos y el movimiento de derechos humanos\u201d.\ud83c\udf39<\/p>\n<p>\ud83d\udcccNota completa en la web! <a href=\"https:\/\/ffyh.unc.edu.ar\/noticias\/03\/2024\/se-presento-la-publicacion-marzo-mes-de-luchas-en-el-establecimiento-penitenciario-de-mujeres\/\">https:\/\/ffyh.unc.edu.ar\/noticias\/03\/2024\/se-presento-la-publicacion-marzo-mes-de-luchas-en-el-establecimiento-penitenciario-de-mujeres\/<\/a><\/p>\n","protected":false},"excerpt":{"rendered":"<p>\ud83d\udd38El 15 de marzo de este a\u00f1o, el \u00c1rea de Genero, Sexualidades y ESI, el Programa de Derechos Humanos y el Programa Universitario en la C\u00e1rcel de la FFyH organizaron la actividad \u201cMarzo. Mes de Luchas \u201d en el Establecimiento Penitenciario 3 de mujeres, en Bouwer. \u201cCompartimos con las compa\u00f1eras privadas de libertad algunos ejes &hellip; <\/p>\n<p><a class=\"more-link btn\" href=\"https:\/\/ffyh.unc.edu.ar\/derechoshumanos\/2024\/04\/04\/marzo-mes-de-luchas-registros\/\">Seguir leyendo<\/a><\/p>\n","protected":false},"author":49,"featured_media":516,"comment_status":"open","ping_status":"open","sticky":false,"template":"","format":"standard","meta":{"_acf_changed":false,"footnotes":""},"categories":[18,9],"tags":[],"class_list":["post-543","post","type-post","status-publish","format-standard","has-post-thumbnail","hentry","category-contextos-encierro","category-noticias","nodate","item-wrap"],"acf":[],"yoast_head":"<!-- This site is optimized with the Yoast SEO plugin v27.1.1 - https:\/\/yoast.com\/product\/yoast-seo-wordpress\/ -->\n<title>Presentaci\u00f3n de libro en el Establecimiento Penitenciario 3 de mujeres, Bouwer - Programa de Derechos Humanos - FFyH UNC<\/title>\n<meta name=\"robots\" content=\"index, follow, max-snippet:-1, max-image-preview:large, max-video-preview:-1\" \/>\n<link rel=\"canonical\" href=\"https:\/\/ffyh.unc.edu.ar\/derechoshumanos\/2024\/04\/04\/marzo-mes-de-luchas-registros\/\" \/>\n<meta property=\"og:locale\" content=\"es_ES\" \/>\n<meta property=\"og:type\" content=\"article\" \/>\n<meta property=\"og:title\" content=\"Presentaci\u00f3n de libro en el Establecimiento Penitenciario 3 de mujeres, Bouwer - Programa de Derechos Humanos - FFyH UNC\" \/>\n<meta property=\"og:description\" content=\"\ud83d\udd38El 15 de marzo de este a\u00f1o, el \u00c1rea de Genero, Sexualidades y ESI, el Programa de Derechos Humanos y el Programa Universitario en la C\u00e1rcel de la FFyH organizaron la actividad \u201cMarzo. Mes de Luchas \u201d en el Establecimiento Penitenciario 3 de mujeres, en Bouwer. \u201cCompartimos con las compa\u00f1eras privadas de libertad algunos ejes &hellip; Seguir leyendo\" \/>\n<meta property=\"og:url\" content=\"https:\/\/ffyh.unc.edu.ar\/derechoshumanos\/2024\/04\/04\/marzo-mes-de-luchas-registros\/\" \/>\n<meta property=\"og:site_name\" content=\"Programa de Derechos Humanos - FFyH UNC\" \/>\n<meta property=\"article:publisher\" content=\"https:\/\/www.facebook.com\/derechoshumanosffyh\" \/>\n<meta property=\"article:published_time\" content=\"2024-04-04T14:26:52+00:00\" \/>\n<meta property=\"article:modified_time\" content=\"2024-06-18T16:19:23+00:00\" \/>\n<meta property=\"og:image\" content=\"http:\/\/ffyh.unc.edu.ar\/derechoshumanos\/wp-content\/uploads\/sites\/47\/2024\/03\/marzo-mes-de-luchas.jpeg\" \/>\n\t<meta property=\"og:image:width\" content=\"1599\" \/>\n\t<meta property=\"og:image:height\" content=\"1600\" \/>\n\t<meta property=\"og:image:type\" content=\"image\/jpeg\" \/>\n<meta name=\"author\" content=\"ddhh\" \/>\n<meta name=\"twitter:card\" content=\"summary_large_image\" \/>\n<meta name=\"twitter:label1\" content=\"Escrito por\" \/>\n\t<meta name=\"twitter:data1\" content=\"\" \/>\n\t<meta name=\"twitter:label2\" content=\"Tiempo de lectura\" \/>\n\t<meta name=\"twitter:data2\" content=\"2 minutos\" \/>\n<script type=\"application\/ld+json\" class=\"yoast-schema-graph\">{\"@context\":\"https:\/\/schema.org\",\"@graph\":[{\"@type\":\"Article\",\"@id\":\"https:\/\/ffyh.unc.edu.ar\/derechoshumanos\/2024\/04\/04\/marzo-mes-de-luchas-registros\/#article\",\"isPartOf\":{\"@id\":\"https:\/\/ffyh.unc.edu.ar\/derechoshumanos\/2024\/04\/04\/marzo-mes-de-luchas-registros\/\"},\"author\":{\"name\":\"ddhh\",\"@id\":\"https:\/\/ffyh.unc.edu.ar\/derechoshumanos\/#\/schema\/person\/04f003c63f270742f684d62c3bb18b3f\"},\"headline\":\"Presentaci\u00f3n de libro en el Establecimiento Penitenciario 3 de mujeres, Bouwer\",\"datePublished\":\"2024-04-04T14:26:52+00:00\",\"dateModified\":\"2024-06-18T16:19:23+00:00\",\"mainEntityOfPage\":{\"@id\":\"https:\/\/ffyh.unc.edu.ar\/derechoshumanos\/2024\/04\/04\/marzo-mes-de-luchas-registros\/\"},\"wordCount\":284,\"commentCount\":0,\"publisher\":{\"@id\":\"https:\/\/ffyh.unc.edu.ar\/derechoshumanos\/#organization\"},\"image\":{\"@id\":\"https:\/\/ffyh.unc.edu.ar\/derechoshumanos\/2024\/04\/04\/marzo-mes-de-luchas-registros\/#primaryimage\"},\"thumbnailUrl\":\"https:\/\/ffyh.unc.edu.ar\/derechoshumanos\/wp-content\/uploads\/sites\/47\/2024\/03\/marzo-mes-de-luchas.jpeg\",\"articleSection\":[\"CONTEXTOS DE ENCIERRO\",\"Noticias\"],\"inLanguage\":\"es\",\"potentialAction\":[{\"@type\":\"CommentAction\",\"name\":\"Comment\",\"target\":[\"https:\/\/ffyh.unc.edu.ar\/derechoshumanos\/2024\/04\/04\/marzo-mes-de-luchas-registros\/#respond\"]}]},{\"@type\":\"WebPage\",\"@id\":\"https:\/\/ffyh.unc.edu.ar\/derechoshumanos\/2024\/04\/04\/marzo-mes-de-luchas-registros\/\",\"url\":\"https:\/\/ffyh.unc.edu.ar\/derechoshumanos\/2024\/04\/04\/marzo-mes-de-luchas-registros\/\",\"name\":\"Presentaci\u00f3n de libro en el Establecimiento Penitenciario 3 de mujeres, Bouwer - Programa de Derechos Humanos - FFyH UNC\",\"isPartOf\":{\"@id\":\"https:\/\/ffyh.unc.edu.ar\/derechoshumanos\/#website\"},\"primaryImageOfPage\":{\"@id\":\"https:\/\/ffyh.unc.edu.ar\/derechoshumanos\/2024\/04\/04\/marzo-mes-de-luchas-registros\/#primaryimage\"},\"image\":{\"@id\":\"https:\/\/ffyh.unc.edu.ar\/derechoshumanos\/2024\/04\/04\/marzo-mes-de-luchas-registros\/#primaryimage\"},\"thumbnailUrl\":\"https:\/\/ffyh.unc.edu.ar\/derechoshumanos\/wp-content\/uploads\/sites\/47\/2024\/03\/marzo-mes-de-luchas.jpeg\",\"datePublished\":\"2024-04-04T14:26:52+00:00\",\"dateModified\":\"2024-06-18T16:19:23+00:00\",\"breadcrumb\":{\"@id\":\"https:\/\/ffyh.unc.edu.ar\/derechoshumanos\/2024\/04\/04\/marzo-mes-de-luchas-registros\/#breadcrumb\"},\"inLanguage\":\"es\",\"potentialAction\":[{\"@type\":\"ReadAction\",\"target\":[\"https:\/\/ffyh.unc.edu.ar\/derechoshumanos\/2024\/04\/04\/marzo-mes-de-luchas-registros\/\"]}]},{\"@type\":\"ImageObject\",\"inLanguage\":\"es\",\"@id\":\"https:\/\/ffyh.unc.edu.ar\/derechoshumanos\/2024\/04\/04\/marzo-mes-de-luchas-registros\/#primaryimage\",\"url\":\"https:\/\/ffyh.unc.edu.ar\/derechoshumanos\/wp-content\/uploads\/sites\/47\/2024\/03\/marzo-mes-de-luchas.jpeg\",\"contentUrl\":\"https:\/\/ffyh.unc.edu.ar\/derechoshumanos\/wp-content\/uploads\/sites\/47\/2024\/03\/marzo-mes-de-luchas.jpeg\",\"width\":1599,\"height\":1600},{\"@type\":\"BreadcrumbList\",\"@id\":\"https:\/\/ffyh.unc.edu.ar\/derechoshumanos\/2024\/04\/04\/marzo-mes-de-luchas-registros\/#breadcrumb\",\"itemListElement\":[{\"@type\":\"ListItem\",\"position\":1,\"name\":\"Portada\",\"item\":\"https:\/\/ffyh.unc.edu.ar\/derechoshumanos\/\"},{\"@type\":\"ListItem\",\"position\":2,\"name\":\"Presentaci\u00f3n de libro en el Establecimiento Penitenciario 3 de mujeres, Bouwer\"}]},{\"@type\":\"WebSite\",\"@id\":\"https:\/\/ffyh.unc.edu.ar\/derechoshumanos\/#website\",\"url\":\"https:\/\/ffyh.unc.edu.ar\/derechoshumanos\/\",\"name\":\"Programa de Derechos Humanos - FFyH UNC\",\"description\":\"\",\"publisher\":{\"@id\":\"https:\/\/ffyh.unc.edu.ar\/derechoshumanos\/#organization\"},\"potentialAction\":[{\"@type\":\"SearchAction\",\"target\":{\"@type\":\"EntryPoint\",\"urlTemplate\":\"https:\/\/ffyh.unc.edu.ar\/derechoshumanos\/?s={search_term_string}\"},\"query-input\":{\"@type\":\"PropertyValueSpecification\",\"valueRequired\":true,\"valueName\":\"search_term_string\"}}],\"inLanguage\":\"es\"},{\"@type\":\"Organization\",\"@id\":\"https:\/\/ffyh.unc.edu.ar\/derechoshumanos\/#organization\",\"name\":\"Programa de Derechos Humanos - FFyH UNC\",\"url\":\"https:\/\/ffyh.unc.edu.ar\/derechoshumanos\/\",\"logo\":{\"@type\":\"ImageObject\",\"inLanguage\":\"es\",\"@id\":\"https:\/\/ffyh.unc.edu.ar\/derechoshumanos\/#\/schema\/logo\/image\/\",\"url\":\"https:\/\/ffyh.unc.edu.ar\/derechoshumanos\/wp-content\/uploads\/sites\/47\/2023\/04\/cropped-cropped-banner-ddhh.jpeg\",\"contentUrl\":\"https:\/\/ffyh.unc.edu.ar\/derechoshumanos\/wp-content\/uploads\/sites\/47\/2023\/04\/cropped-cropped-banner-ddhh.jpeg\",\"width\":512,\"height\":512,\"caption\":\"Programa de Derechos Humanos - FFyH UNC\"},\"image\":{\"@id\":\"https:\/\/ffyh.unc.edu.ar\/derechoshumanos\/#\/schema\/logo\/image\/\"},\"sameAs\":[\"https:\/\/www.facebook.com\/derechoshumanosffyh\",\"https:\/\/www.instagram.com\/programaddhhffyh\/\"]},{\"@type\":\"Person\",\"@id\":\"https:\/\/ffyh.unc.edu.ar\/derechoshumanos\/#\/schema\/person\/04f003c63f270742f684d62c3bb18b3f\",\"name\":\"ddhh\",\"image\":{\"@type\":\"ImageObject\",\"inLanguage\":\"es\",\"@id\":\"https:\/\/ffyh.unc.edu.ar\/derechoshumanos\/#\/schema\/person\/image\/\",\"url\":\"https:\/\/secure.gravatar.com\/avatar\/190bf435db317f7baf0202577ddd03ec950570a0273526f8eaf515da1957e6e3?s=96&d=mm&r=g\",\"contentUrl\":\"https:\/\/secure.gravatar.com\/avatar\/190bf435db317f7baf0202577ddd03ec950570a0273526f8eaf515da1957e6e3?s=96&d=mm&r=g\",\"caption\":\"ddhh\"},\"url\":\"https:\/\/ffyh.unc.edu.ar\/derechoshumanos\/author\/ddhh\/\"}]}<\/script>\n<!-- \/ Yoast SEO plugin. -->","yoast_head_json":{"title":"Presentaci\u00f3n de libro en el Establecimiento Penitenciario 3 de mujeres, Bouwer - Programa de Derechos Humanos - FFyH UNC","robots":{"index":"index","follow":"follow","max-snippet":"max-snippet:-1","max-image-preview":"max-image-preview:large","max-video-preview":"max-video-preview:-1"},"canonical":"https:\/\/ffyh.unc.edu.ar\/derechoshumanos\/2024\/04\/04\/marzo-mes-de-luchas-registros\/","og_locale":"es_ES","og_type":"article","og_title":"Presentaci\u00f3n de libro en el Establecimiento Penitenciario 3 de mujeres, Bouwer - Programa de Derechos Humanos - FFyH UNC","og_description":"\ud83d\udd38El 15 de marzo de este a\u00f1o, el \u00c1rea de Genero, Sexualidades y ESI, el Programa de Derechos Humanos y el Programa Universitario en la C\u00e1rcel de la FFyH organizaron la actividad \u201cMarzo. Mes de Luchas \u201d en el Establecimiento Penitenciario 3 de mujeres, en Bouwer. \u201cCompartimos con las compa\u00f1eras privadas de libertad algunos ejes &hellip; Seguir leyendo","og_url":"https:\/\/ffyh.unc.edu.ar\/derechoshumanos\/2024\/04\/04\/marzo-mes-de-luchas-registros\/","og_site_name":"Programa de Derechos Humanos - FFyH UNC","article_publisher":"https:\/\/www.facebook.com\/derechoshumanosffyh","article_published_time":"2024-04-04T14:26:52+00:00","article_modified_time":"2024-06-18T16:19:23+00:00","og_image":[{"width":1599,"height":1600,"url":"http:\/\/ffyh.unc.edu.ar\/derechoshumanos\/wp-content\/uploads\/sites\/47\/2024\/03\/marzo-mes-de-luchas.jpeg","type":"image\/jpeg"}],"author":"ddhh","twitter_card":"summary_large_image","twitter_misc":{"Escrito por":false,"Tiempo de lectura":"2 minutos"},"schema":{"@context":"https:\/\/schema.org","@graph":[{"@type":"Article","@id":"https:\/\/ffyh.unc.edu.ar\/derechoshumanos\/2024\/04\/04\/marzo-mes-de-luchas-registros\/#article","isPartOf":{"@id":"https:\/\/ffyh.unc.edu.ar\/derechoshumanos\/2024\/04\/04\/marzo-mes-de-luchas-registros\/"},"author":{"name":"ddhh","@id":"https:\/\/ffyh.unc.edu.ar\/derechoshumanos\/#\/schema\/person\/04f003c63f270742f684d62c3bb18b3f"},"headline":"Presentaci\u00f3n de libro en el Establecimiento Penitenciario 3 de mujeres, Bouwer","datePublished":"2024-04-04T14:26:52+00:00","dateModified":"2024-06-18T16:19:23+00:00","mainEntityOfPage":{"@id":"https:\/\/ffyh.unc.edu.ar\/derechoshumanos\/2024\/04\/04\/marzo-mes-de-luchas-registros\/"},"wordCount":284,"commentCount":0,"publisher":{"@id":"https:\/\/ffyh.unc.edu.ar\/derechoshumanos\/#organization"},"image":{"@id":"https:\/\/ffyh.unc.edu.ar\/derechoshumanos\/2024\/04\/04\/marzo-mes-de-luchas-registros\/#primaryimage"},"thumbnailUrl":"https:\/\/ffyh.unc.edu.ar\/derechoshumanos\/wp-content\/uploads\/sites\/47\/2024\/03\/marzo-mes-de-luchas.jpeg","articleSection":["CONTEXTOS DE ENCIERRO","Noticias"],"inLanguage":"es","potentialAction":[{"@type":"CommentAction","name":"Comment","target":["https:\/\/ffyh.unc.edu.ar\/derechoshumanos\/2024\/04\/04\/marzo-mes-de-luchas-registros\/#respond"]}]},{"@type":"WebPage","@id":"https:\/\/ffyh.unc.edu.ar\/derechoshumanos\/2024\/04\/04\/marzo-mes-de-luchas-registros\/","url":"https:\/\/ffyh.unc.edu.ar\/derechoshumanos\/2024\/04\/04\/marzo-mes-de-luchas-registros\/","name":"Presentaci\u00f3n de libro en el Establecimiento Penitenciario 3 de mujeres, Bouwer - Programa de Derechos Humanos - FFyH UNC","isPartOf":{"@id":"https:\/\/ffyh.unc.edu.ar\/derechoshumanos\/#website"},"primaryImageOfPage":{"@id":"https:\/\/ffyh.unc.edu.ar\/derechoshumanos\/2024\/04\/04\/marzo-mes-de-luchas-registros\/#primaryimage"},"image":{"@id":"https:\/\/ffyh.unc.edu.ar\/derechoshumanos\/2024\/04\/04\/marzo-mes-de-luchas-registros\/#primaryimage"},"thumbnailUrl":"https:\/\/ffyh.unc.edu.ar\/derechoshumanos\/wp-content\/uploads\/sites\/47\/2024\/03\/marzo-mes-de-luchas.jpeg","datePublished":"2024-04-04T14:26:52+00:00","dateModified":"2024-06-18T16:19:23+00:00","breadcrumb":{"@id":"https:\/\/ffyh.unc.edu.ar\/derechoshumanos\/2024\/04\/04\/marzo-mes-de-luchas-registros\/#breadcrumb"},"inLanguage":"es","potentialAction":[{"@type":"ReadAction","target":["https:\/\/ffyh.unc.edu.ar\/derechoshumanos\/2024\/04\/04\/marzo-mes-de-luchas-registros\/"]}]},{"@type":"ImageObject","inLanguage":"es","@id":"https:\/\/ffyh.unc.edu.ar\/derechoshumanos\/2024\/04\/04\/marzo-mes-de-luchas-registros\/#primaryimage","url":"https:\/\/ffyh.unc.edu.ar\/derechoshumanos\/wp-content\/uploads\/sites\/47\/2024\/03\/marzo-mes-de-luchas.jpeg","contentUrl":"https:\/\/ffyh.unc.edu.ar\/derechoshumanos\/wp-content\/uploads\/sites\/47\/2024\/03\/marzo-mes-de-luchas.jpeg","width":1599,"height":1600},{"@type":"BreadcrumbList","@id":"https:\/\/ffyh.unc.edu.ar\/derechoshumanos\/2024\/04\/04\/marzo-mes-de-luchas-registros\/#breadcrumb","itemListElement":[{"@type":"ListItem","position":1,"name":"Portada","item":"https:\/\/ffyh.unc.edu.ar\/derechoshumanos\/"},{"@type":"ListItem","position":2,"name":"Presentaci\u00f3n de libro en el Establecimiento Penitenciario 3 de mujeres, Bouwer"}]},{"@type":"WebSite","@id":"https:\/\/ffyh.unc.edu.ar\/derechoshumanos\/#website","url":"https:\/\/ffyh.unc.edu.ar\/derechoshumanos\/","name":"Programa de Derechos Humanos - FFyH UNC","description":"","publisher":{"@id":"https:\/\/ffyh.unc.edu.ar\/derechoshumanos\/#organization"},"potentialAction":[{"@type":"SearchAction","target":{"@type":"EntryPoint","urlTemplate":"https:\/\/ffyh.unc.edu.ar\/derechoshumanos\/?s={search_term_string}"},"query-input":{"@type":"PropertyValueSpecification","valueRequired":true,"valueName":"search_term_string"}}],"inLanguage":"es"},{"@type":"Organization","@id":"https:\/\/ffyh.unc.edu.ar\/derechoshumanos\/#organization","name":"Programa de Derechos Humanos - FFyH UNC","url":"https:\/\/ffyh.unc.edu.ar\/derechoshumanos\/","logo":{"@type":"ImageObject","inLanguage":"es","@id":"https:\/\/ffyh.unc.edu.ar\/derechoshumanos\/#\/schema\/logo\/image\/","url":"https:\/\/ffyh.unc.edu.ar\/derechoshumanos\/wp-content\/uploads\/sites\/47\/2023\/04\/cropped-cropped-banner-ddhh.jpeg","contentUrl":"https:\/\/ffyh.unc.edu.ar\/derechoshumanos\/wp-content\/uploads\/sites\/47\/2023\/04\/cropped-cropped-banner-ddhh.jpeg","width":512,"height":512,"caption":"Programa de Derechos Humanos - FFyH UNC"},"image":{"@id":"https:\/\/ffyh.unc.edu.ar\/derechoshumanos\/#\/schema\/logo\/image\/"},"sameAs":["https:\/\/www.facebook.com\/derechoshumanosffyh","https:\/\/www.instagram.com\/programaddhhffyh\/"]},{"@type":"Person","@id":"https:\/\/ffyh.unc.edu.ar\/derechoshumanos\/#\/schema\/person\/04f003c63f270742f684d62c3bb18b3f","name":"ddhh","image":{"@type":"ImageObject","inLanguage":"es","@id":"https:\/\/ffyh.unc.edu.ar\/derechoshumanos\/#\/schema\/person\/image\/","url":"https:\/\/secure.gravatar.com\/avatar\/190bf435db317f7baf0202577ddd03ec950570a0273526f8eaf515da1957e6e3?s=96&d=mm&r=g","contentUrl":"https:\/\/secure.gravatar.com\/avatar\/190bf435db317f7baf0202577ddd03ec950570a0273526f8eaf515da1957e6e3?s=96&d=mm&r=g","caption":"ddhh"},"url":"https:\/\/ffyh.unc.edu.ar\/derechoshumanos\/author\/ddhh\/"}]}},"jetpack_featured_media_url":"https:\/\/ffyh.unc.edu.ar\/derechoshumanos\/wp-content\/uploads\/sites\/47\/2024\/03\/marzo-mes-de-luchas.jpeg","_links":{"self":[{"href":"https:\/\/ffyh.unc.edu.ar\/derechoshumanos\/wp-json\/wp\/v2\/posts\/543","targetHints":{"allow":["GET"]}}],"collection":[{"href":"https:\/\/ffyh.unc.edu.ar\/derechoshumanos\/wp-json\/wp\/v2\/posts"}],"about":[{"href":"https:\/\/ffyh.unc.edu.ar\/derechoshumanos\/wp-json\/wp\/v2\/types\/post"}],"author":[{"embeddable":true,"href":"https:\/\/ffyh.unc.edu.ar\/derechoshumanos\/wp-json\/wp\/v2\/users\/49"}],"replies":[{"embeddable":true,"href":"https:\/\/ffyh.unc.edu.ar\/derechoshumanos\/wp-json\/wp\/v2\/comments?post=543"}],"version-history":[{"count":4,"href":"https:\/\/ffyh.unc.edu.ar\/derechoshumanos\/wp-json\/wp\/v2\/posts\/543\/revisions"}],"predecessor-version":[{"id":718,"href":"https:\/\/ffyh.unc.edu.ar\/derechoshumanos\/wp-json\/wp\/v2\/posts\/543\/revisions\/718"}],"wp:featuredmedia":[{"embeddable":true,"href":"https:\/\/ffyh.unc.edu.ar\/derechoshumanos\/wp-json\/wp\/v2\/media\/516"}],"wp:attachment":[{"href":"https:\/\/ffyh.unc.edu.ar\/derechoshumanos\/wp-json\/wp\/v2\/media?parent=543"}],"wp:term":[{"taxonomy":"category","embeddable":true,"href":"https:\/\/ffyh.unc.edu.ar\/derechoshumanos\/wp-json\/wp\/v2\/categories?post=543"},{"taxonomy":"post_tag","embeddable":true,"href":"https:\/\/ffyh.unc.edu.ar\/derechoshumanos\/wp-json\/wp\/v2\/tags?post=543"}],"curies":[{"name":"wp","href":"https:\/\/api.w.org\/{rel}","templated":true}]}}