{"id":625,"date":"2024-04-19T12:15:08","date_gmt":"2024-04-19T12:15:08","guid":{"rendered":"https:\/\/ffyh.unc.edu.ar\/derechoshumanos\/?p=625"},"modified":"2024-09-11T21:31:12","modified_gmt":"2024-09-11T21:31:12","slug":"marcha-federal-universitaria-en-defensa-de-la-educacion-publica","status":"publish","type":"post","link":"https:\/\/ffyh.unc.edu.ar\/derechoshumanos\/2024\/04\/19\/marcha-federal-universitaria-en-defensa-de-la-educacion-publica\/","title":{"rendered":"Marcha Federal Universitaria: en defensa de la educaci\u00f3n p\u00fablica"},"content":{"rendered":"<p>\ud83d\udce2Desde el Foro Interclaustro por la universidad p\u00fablica, la ciencia y la democracia y la FFyH convocamos el martes 23 de abril a toda la comunidad de la Facultad a la Plaza Seca de Casa Verde para dirigirnos hacia el Pabell\u00f3n Argentina en defensa de la educaci\u00f3n y la universidad p\u00fablica en el marco de la Marcha Federal Universitaria.<\/p>\n<p><img fetchpriority=\"high\" decoding=\"async\" class=\"alignnone wp-image-626 size-large\" src=\"http:\/\/ffyh.unc.edu.ar\/derechoshumanos\/wp-content\/uploads\/sites\/47\/2024\/04\/WhatsApp-Image-2024-04-19-at-08.44.16-1-1024x1024.jpeg\" alt=\"\" width=\"750\" height=\"750\" srcset=\"https:\/\/ffyh.unc.edu.ar\/derechoshumanos\/wp-content\/uploads\/sites\/47\/2024\/04\/WhatsApp-Image-2024-04-19-at-08.44.16-1-1024x1024.jpeg 1024w, https:\/\/ffyh.unc.edu.ar\/derechoshumanos\/wp-content\/uploads\/sites\/47\/2024\/04\/WhatsApp-Image-2024-04-19-at-08.44.16-1-300x300.jpeg 300w, https:\/\/ffyh.unc.edu.ar\/derechoshumanos\/wp-content\/uploads\/sites\/47\/2024\/04\/WhatsApp-Image-2024-04-19-at-08.44.16-1-150x150.jpeg 150w, https:\/\/ffyh.unc.edu.ar\/derechoshumanos\/wp-content\/uploads\/sites\/47\/2024\/04\/WhatsApp-Image-2024-04-19-at-08.44.16-1-768x768.jpeg 768w, https:\/\/ffyh.unc.edu.ar\/derechoshumanos\/wp-content\/uploads\/sites\/47\/2024\/04\/WhatsApp-Image-2024-04-19-at-08.44.16-1-750x750.jpeg 750w, https:\/\/ffyh.unc.edu.ar\/derechoshumanos\/wp-content\/uploads\/sites\/47\/2024\/04\/WhatsApp-Image-2024-04-19-at-08.44.16-1.jpeg 1080w\" sizes=\"(max-width: 750px) 100vw, 750px\" \/><\/p>\n","protected":false},"excerpt":{"rendered":"<p>\ud83d\udce2Desde el Foro Interclaustro por la universidad p\u00fablica, la ciencia y la democracia y la FFyH convocamos el martes 23 de abril a toda la comunidad de la Facultad a la Plaza Seca de Casa Verde para dirigirnos hacia el Pabell\u00f3n Argentina en defensa de la educaci\u00f3n y la universidad p\u00fablica en el marco de &hellip; <\/p>\n<p><a class=\"more-link btn\" href=\"https:\/\/ffyh.unc.edu.ar\/derechoshumanos\/2024\/04\/19\/marcha-federal-universitaria-en-defensa-de-la-educacion-publica\/\">Seguir leyendo<\/a><\/p>\n","protected":false},"author":49,"featured_media":626,"comment_status":"open","ping_status":"open","sticky":false,"template":"","format":"standard","meta":{"_acf_changed":false,"footnotes":""},"categories":[28,7],"tags":[],"class_list":["post-625","post","type-post","status-publish","format-standard","has-post-thumbnail","hentry","category-derecho-a-la-educacion","category-pronunciamientos","nodate","item-wrap"],"acf":[],"yoast_head":"<!-- This site is optimized with the Yoast SEO plugin v27.1.1 - https:\/\/yoast.com\/product\/yoast-seo-wordpress\/ -->\n<title>Marcha Federal Universitaria: en defensa de la educaci\u00f3n p\u00fablica - Programa de Derechos Humanos - FFyH UNC<\/title>\n<meta name=\"robots\" content=\"index, follow, max-snippet:-1, max-image-preview:large, max-video-preview:-1\" \/>\n<link rel=\"canonical\" href=\"https:\/\/ffyh.unc.edu.ar\/derechoshumanos\/2024\/04\/19\/marcha-federal-universitaria-en-defensa-de-la-educacion-publica\/\" \/>\n<meta property=\"og:locale\" content=\"es_ES\" \/>\n<meta property=\"og:type\" content=\"article\" \/>\n<meta property=\"og:title\" content=\"Marcha Federal Universitaria: en defensa de la educaci\u00f3n p\u00fablica - Programa de Derechos Humanos - FFyH UNC\" \/>\n<meta property=\"og:description\" content=\"\ud83d\udce2Desde el Foro Interclaustro por la universidad p\u00fablica, la ciencia y la democracia y la FFyH convocamos el martes 23 de abril a toda la comunidad de la Facultad a la Plaza Seca de Casa Verde para dirigirnos hacia el Pabell\u00f3n Argentina en defensa de la educaci\u00f3n y la universidad p\u00fablica en el marco de &hellip; Seguir leyendo\" \/>\n<meta property=\"og:url\" content=\"https:\/\/ffyh.unc.edu.ar\/derechoshumanos\/2024\/04\/19\/marcha-federal-universitaria-en-defensa-de-la-educacion-publica\/\" \/>\n<meta property=\"og:site_name\" content=\"Programa de Derechos Humanos - FFyH UNC\" \/>\n<meta property=\"article:publisher\" content=\"https:\/\/www.facebook.com\/derechoshumanosffyh\" \/>\n<meta property=\"article:published_time\" content=\"2024-04-19T12:15:08+00:00\" \/>\n<meta property=\"article:modified_time\" content=\"2024-09-11T21:31:12+00:00\" \/>\n<meta property=\"og:image\" content=\"http:\/\/ffyh.unc.edu.ar\/derechoshumanos\/wp-content\/uploads\/sites\/47\/2024\/04\/WhatsApp-Image-2024-04-19-at-08.44.16-1.jpeg\" \/>\n\t<meta property=\"og:image:width\" content=\"1080\" \/>\n\t<meta property=\"og:image:height\" content=\"1080\" \/>\n\t<meta property=\"og:image:type\" content=\"image\/jpeg\" \/>\n<meta name=\"author\" content=\"ddhh\" \/>\n<meta name=\"twitter:card\" content=\"summary_large_image\" \/>\n<meta name=\"twitter:label1\" content=\"Escrito por\" \/>\n\t<meta name=\"twitter:data1\" content=\"\" \/>\n\t<meta name=\"twitter:label2\" content=\"Tiempo de lectura\" \/>\n\t<meta name=\"twitter:data2\" content=\"1 minuto\" \/>\n<script type=\"application\/ld+json\" class=\"yoast-schema-graph\">{\"@context\":\"https:\/\/schema.org\",\"@graph\":[{\"@type\":\"Article\",\"@id\":\"https:\/\/ffyh.unc.edu.ar\/derechoshumanos\/2024\/04\/19\/marcha-federal-universitaria-en-defensa-de-la-educacion-publica\/#article\",\"isPartOf\":{\"@id\":\"https:\/\/ffyh.unc.edu.ar\/derechoshumanos\/2024\/04\/19\/marcha-federal-universitaria-en-defensa-de-la-educacion-publica\/\"},\"author\":{\"name\":\"ddhh\",\"@id\":\"https:\/\/ffyh.unc.edu.ar\/derechoshumanos\/#\/schema\/person\/04f003c63f270742f684d62c3bb18b3f\"},\"headline\":\"Marcha Federal Universitaria: en defensa de la educaci\u00f3n p\u00fablica\",\"datePublished\":\"2024-04-19T12:15:08+00:00\",\"dateModified\":\"2024-09-11T21:31:12+00:00\",\"mainEntityOfPage\":{\"@id\":\"https:\/\/ffyh.unc.edu.ar\/derechoshumanos\/2024\/04\/19\/marcha-federal-universitaria-en-defensa-de-la-educacion-publica\/\"},\"wordCount\":73,\"commentCount\":0,\"publisher\":{\"@id\":\"https:\/\/ffyh.unc.edu.ar\/derechoshumanos\/#organization\"},\"image\":{\"@id\":\"https:\/\/ffyh.unc.edu.ar\/derechoshumanos\/2024\/04\/19\/marcha-federal-universitaria-en-defensa-de-la-educacion-publica\/#primaryimage\"},\"thumbnailUrl\":\"https:\/\/ffyh.unc.edu.ar\/derechoshumanos\/wp-content\/uploads\/sites\/47\/2024\/04\/WhatsApp-Image-2024-04-19-at-08.44.16-1.jpeg\",\"articleSection\":[\"DERECHO A LA EDUCACI\u00d3N\",\"Pronunciamientos\"],\"inLanguage\":\"es\",\"potentialAction\":[{\"@type\":\"CommentAction\",\"name\":\"Comment\",\"target\":[\"https:\/\/ffyh.unc.edu.ar\/derechoshumanos\/2024\/04\/19\/marcha-federal-universitaria-en-defensa-de-la-educacion-publica\/#respond\"]}]},{\"@type\":\"WebPage\",\"@id\":\"https:\/\/ffyh.unc.edu.ar\/derechoshumanos\/2024\/04\/19\/marcha-federal-universitaria-en-defensa-de-la-educacion-publica\/\",\"url\":\"https:\/\/ffyh.unc.edu.ar\/derechoshumanos\/2024\/04\/19\/marcha-federal-universitaria-en-defensa-de-la-educacion-publica\/\",\"name\":\"Marcha Federal Universitaria: en defensa de la educaci\u00f3n p\u00fablica - Programa de Derechos Humanos - FFyH UNC\",\"isPartOf\":{\"@id\":\"https:\/\/ffyh.unc.edu.ar\/derechoshumanos\/#website\"},\"primaryImageOfPage\":{\"@id\":\"https:\/\/ffyh.unc.edu.ar\/derechoshumanos\/2024\/04\/19\/marcha-federal-universitaria-en-defensa-de-la-educacion-publica\/#primaryimage\"},\"image\":{\"@id\":\"https:\/\/ffyh.unc.edu.ar\/derechoshumanos\/2024\/04\/19\/marcha-federal-universitaria-en-defensa-de-la-educacion-publica\/#primaryimage\"},\"thumbnailUrl\":\"https:\/\/ffyh.unc.edu.ar\/derechoshumanos\/wp-content\/uploads\/sites\/47\/2024\/04\/WhatsApp-Image-2024-04-19-at-08.44.16-1.jpeg\",\"datePublished\":\"2024-04-19T12:15:08+00:00\",\"dateModified\":\"2024-09-11T21:31:12+00:00\",\"breadcrumb\":{\"@id\":\"https:\/\/ffyh.unc.edu.ar\/derechoshumanos\/2024\/04\/19\/marcha-federal-universitaria-en-defensa-de-la-educacion-publica\/#breadcrumb\"},\"inLanguage\":\"es\",\"potentialAction\":[{\"@type\":\"ReadAction\",\"target\":[\"https:\/\/ffyh.unc.edu.ar\/derechoshumanos\/2024\/04\/19\/marcha-federal-universitaria-en-defensa-de-la-educacion-publica\/\"]}]},{\"@type\":\"ImageObject\",\"inLanguage\":\"es\",\"@id\":\"https:\/\/ffyh.unc.edu.ar\/derechoshumanos\/2024\/04\/19\/marcha-federal-universitaria-en-defensa-de-la-educacion-publica\/#primaryimage\",\"url\":\"https:\/\/ffyh.unc.edu.ar\/derechoshumanos\/wp-content\/uploads\/sites\/47\/2024\/04\/WhatsApp-Image-2024-04-19-at-08.44.16-1.jpeg\",\"contentUrl\":\"https:\/\/ffyh.unc.edu.ar\/derechoshumanos\/wp-content\/uploads\/sites\/47\/2024\/04\/WhatsApp-Image-2024-04-19-at-08.44.16-1.jpeg\",\"width\":1080,\"height\":1080},{\"@type\":\"BreadcrumbList\",\"@id\":\"https:\/\/ffyh.unc.edu.ar\/derechoshumanos\/2024\/04\/19\/marcha-federal-universitaria-en-defensa-de-la-educacion-publica\/#breadcrumb\",\"itemListElement\":[{\"@type\":\"ListItem\",\"position\":1,\"name\":\"Portada\",\"item\":\"https:\/\/ffyh.unc.edu.ar\/derechoshumanos\/\"},{\"@type\":\"ListItem\",\"position\":2,\"name\":\"Marcha Federal Universitaria: en defensa de la educaci\u00f3n p\u00fablica\"}]},{\"@type\":\"WebSite\",\"@id\":\"https:\/\/ffyh.unc.edu.ar\/derechoshumanos\/#website\",\"url\":\"https:\/\/ffyh.unc.edu.ar\/derechoshumanos\/\",\"name\":\"Programa de Derechos Humanos - FFyH UNC\",\"description\":\"\",\"publisher\":{\"@id\":\"https:\/\/ffyh.unc.edu.ar\/derechoshumanos\/#organization\"},\"potentialAction\":[{\"@type\":\"SearchAction\",\"target\":{\"@type\":\"EntryPoint\",\"urlTemplate\":\"https:\/\/ffyh.unc.edu.ar\/derechoshumanos\/?s={search_term_string}\"},\"query-input\":{\"@type\":\"PropertyValueSpecification\",\"valueRequired\":true,\"valueName\":\"search_term_string\"}}],\"inLanguage\":\"es\"},{\"@type\":\"Organization\",\"@id\":\"https:\/\/ffyh.unc.edu.ar\/derechoshumanos\/#organization\",\"name\":\"Programa de Derechos Humanos - FFyH UNC\",\"url\":\"https:\/\/ffyh.unc.edu.ar\/derechoshumanos\/\",\"logo\":{\"@type\":\"ImageObject\",\"inLanguage\":\"es\",\"@id\":\"https:\/\/ffyh.unc.edu.ar\/derechoshumanos\/#\/schema\/logo\/image\/\",\"url\":\"https:\/\/ffyh.unc.edu.ar\/derechoshumanos\/wp-content\/uploads\/sites\/47\/2023\/04\/cropped-cropped-banner-ddhh.jpeg\",\"contentUrl\":\"https:\/\/ffyh.unc.edu.ar\/derechoshumanos\/wp-content\/uploads\/sites\/47\/2023\/04\/cropped-cropped-banner-ddhh.jpeg\",\"width\":512,\"height\":512,\"caption\":\"Programa de Derechos Humanos - FFyH UNC\"},\"image\":{\"@id\":\"https:\/\/ffyh.unc.edu.ar\/derechoshumanos\/#\/schema\/logo\/image\/\"},\"sameAs\":[\"https:\/\/www.facebook.com\/derechoshumanosffyh\",\"https:\/\/www.instagram.com\/programaddhhffyh\/\"]},{\"@type\":\"Person\",\"@id\":\"https:\/\/ffyh.unc.edu.ar\/derechoshumanos\/#\/schema\/person\/04f003c63f270742f684d62c3bb18b3f\",\"name\":\"ddhh\",\"image\":{\"@type\":\"ImageObject\",\"inLanguage\":\"es\",\"@id\":\"https:\/\/ffyh.unc.edu.ar\/derechoshumanos\/#\/schema\/person\/image\/\",\"url\":\"https:\/\/secure.gravatar.com\/avatar\/190bf435db317f7baf0202577ddd03ec950570a0273526f8eaf515da1957e6e3?s=96&d=mm&r=g\",\"contentUrl\":\"https:\/\/secure.gravatar.com\/avatar\/190bf435db317f7baf0202577ddd03ec950570a0273526f8eaf515da1957e6e3?s=96&d=mm&r=g\",\"caption\":\"ddhh\"},\"url\":\"https:\/\/ffyh.unc.edu.ar\/derechoshumanos\/author\/ddhh\/\"}]}<\/script>\n<!-- \/ Yoast SEO plugin. -->","yoast_head_json":{"title":"Marcha Federal Universitaria: en defensa de la educaci\u00f3n p\u00fablica - Programa de Derechos Humanos - FFyH UNC","robots":{"index":"index","follow":"follow","max-snippet":"max-snippet:-1","max-image-preview":"max-image-preview:large","max-video-preview":"max-video-preview:-1"},"canonical":"https:\/\/ffyh.unc.edu.ar\/derechoshumanos\/2024\/04\/19\/marcha-federal-universitaria-en-defensa-de-la-educacion-publica\/","og_locale":"es_ES","og_type":"article","og_title":"Marcha Federal Universitaria: en defensa de la educaci\u00f3n p\u00fablica - Programa de Derechos Humanos - FFyH UNC","og_description":"\ud83d\udce2Desde el Foro Interclaustro por la universidad p\u00fablica, la ciencia y la democracia y la FFyH convocamos el martes 23 de abril a toda la comunidad de la Facultad a la Plaza Seca de Casa Verde para dirigirnos hacia el Pabell\u00f3n Argentina en defensa de la educaci\u00f3n y la universidad p\u00fablica en el marco de &hellip; Seguir leyendo","og_url":"https:\/\/ffyh.unc.edu.ar\/derechoshumanos\/2024\/04\/19\/marcha-federal-universitaria-en-defensa-de-la-educacion-publica\/","og_site_name":"Programa de Derechos Humanos - FFyH UNC","article_publisher":"https:\/\/www.facebook.com\/derechoshumanosffyh","article_published_time":"2024-04-19T12:15:08+00:00","article_modified_time":"2024-09-11T21:31:12+00:00","og_image":[{"width":1080,"height":1080,"url":"http:\/\/ffyh.unc.edu.ar\/derechoshumanos\/wp-content\/uploads\/sites\/47\/2024\/04\/WhatsApp-Image-2024-04-19-at-08.44.16-1.jpeg","type":"image\/jpeg"}],"author":"ddhh","twitter_card":"summary_large_image","twitter_misc":{"Escrito por":false,"Tiempo de lectura":"1 minuto"},"schema":{"@context":"https:\/\/schema.org","@graph":[{"@type":"Article","@id":"https:\/\/ffyh.unc.edu.ar\/derechoshumanos\/2024\/04\/19\/marcha-federal-universitaria-en-defensa-de-la-educacion-publica\/#article","isPartOf":{"@id":"https:\/\/ffyh.unc.edu.ar\/derechoshumanos\/2024\/04\/19\/marcha-federal-universitaria-en-defensa-de-la-educacion-publica\/"},"author":{"name":"ddhh","@id":"https:\/\/ffyh.unc.edu.ar\/derechoshumanos\/#\/schema\/person\/04f003c63f270742f684d62c3bb18b3f"},"headline":"Marcha Federal Universitaria: en defensa de la educaci\u00f3n p\u00fablica","datePublished":"2024-04-19T12:15:08+00:00","dateModified":"2024-09-11T21:31:12+00:00","mainEntityOfPage":{"@id":"https:\/\/ffyh.unc.edu.ar\/derechoshumanos\/2024\/04\/19\/marcha-federal-universitaria-en-defensa-de-la-educacion-publica\/"},"wordCount":73,"commentCount":0,"publisher":{"@id":"https:\/\/ffyh.unc.edu.ar\/derechoshumanos\/#organization"},"image":{"@id":"https:\/\/ffyh.unc.edu.ar\/derechoshumanos\/2024\/04\/19\/marcha-federal-universitaria-en-defensa-de-la-educacion-publica\/#primaryimage"},"thumbnailUrl":"https:\/\/ffyh.unc.edu.ar\/derechoshumanos\/wp-content\/uploads\/sites\/47\/2024\/04\/WhatsApp-Image-2024-04-19-at-08.44.16-1.jpeg","articleSection":["DERECHO A LA EDUCACI\u00d3N","Pronunciamientos"],"inLanguage":"es","potentialAction":[{"@type":"CommentAction","name":"Comment","target":["https:\/\/ffyh.unc.edu.ar\/derechoshumanos\/2024\/04\/19\/marcha-federal-universitaria-en-defensa-de-la-educacion-publica\/#respond"]}]},{"@type":"WebPage","@id":"https:\/\/ffyh.unc.edu.ar\/derechoshumanos\/2024\/04\/19\/marcha-federal-universitaria-en-defensa-de-la-educacion-publica\/","url":"https:\/\/ffyh.unc.edu.ar\/derechoshumanos\/2024\/04\/19\/marcha-federal-universitaria-en-defensa-de-la-educacion-publica\/","name":"Marcha Federal Universitaria: en defensa de la educaci\u00f3n p\u00fablica - Programa de Derechos Humanos - FFyH UNC","isPartOf":{"@id":"https:\/\/ffyh.unc.edu.ar\/derechoshumanos\/#website"},"primaryImageOfPage":{"@id":"https:\/\/ffyh.unc.edu.ar\/derechoshumanos\/2024\/04\/19\/marcha-federal-universitaria-en-defensa-de-la-educacion-publica\/#primaryimage"},"image":{"@id":"https:\/\/ffyh.unc.edu.ar\/derechoshumanos\/2024\/04\/19\/marcha-federal-universitaria-en-defensa-de-la-educacion-publica\/#primaryimage"},"thumbnailUrl":"https:\/\/ffyh.unc.edu.ar\/derechoshumanos\/wp-content\/uploads\/sites\/47\/2024\/04\/WhatsApp-Image-2024-04-19-at-08.44.16-1.jpeg","datePublished":"2024-04-19T12:15:08+00:00","dateModified":"2024-09-11T21:31:12+00:00","breadcrumb":{"@id":"https:\/\/ffyh.unc.edu.ar\/derechoshumanos\/2024\/04\/19\/marcha-federal-universitaria-en-defensa-de-la-educacion-publica\/#breadcrumb"},"inLanguage":"es","potentialAction":[{"@type":"ReadAction","target":["https:\/\/ffyh.unc.edu.ar\/derechoshumanos\/2024\/04\/19\/marcha-federal-universitaria-en-defensa-de-la-educacion-publica\/"]}]},{"@type":"ImageObject","inLanguage":"es","@id":"https:\/\/ffyh.unc.edu.ar\/derechoshumanos\/2024\/04\/19\/marcha-federal-universitaria-en-defensa-de-la-educacion-publica\/#primaryimage","url":"https:\/\/ffyh.unc.edu.ar\/derechoshumanos\/wp-content\/uploads\/sites\/47\/2024\/04\/WhatsApp-Image-2024-04-19-at-08.44.16-1.jpeg","contentUrl":"https:\/\/ffyh.unc.edu.ar\/derechoshumanos\/wp-content\/uploads\/sites\/47\/2024\/04\/WhatsApp-Image-2024-04-19-at-08.44.16-1.jpeg","width":1080,"height":1080},{"@type":"BreadcrumbList","@id":"https:\/\/ffyh.unc.edu.ar\/derechoshumanos\/2024\/04\/19\/marcha-federal-universitaria-en-defensa-de-la-educacion-publica\/#breadcrumb","itemListElement":[{"@type":"ListItem","position":1,"name":"Portada","item":"https:\/\/ffyh.unc.edu.ar\/derechoshumanos\/"},{"@type":"ListItem","position":2,"name":"Marcha Federal Universitaria: en defensa de la educaci\u00f3n p\u00fablica"}]},{"@type":"WebSite","@id":"https:\/\/ffyh.unc.edu.ar\/derechoshumanos\/#website","url":"https:\/\/ffyh.unc.edu.ar\/derechoshumanos\/","name":"Programa de Derechos Humanos - FFyH UNC","description":"","publisher":{"@id":"https:\/\/ffyh.unc.edu.ar\/derechoshumanos\/#organization"},"potentialAction":[{"@type":"SearchAction","target":{"@type":"EntryPoint","urlTemplate":"https:\/\/ffyh.unc.edu.ar\/derechoshumanos\/?s={search_term_string}"},"query-input":{"@type":"PropertyValueSpecification","valueRequired":true,"valueName":"search_term_string"}}],"inLanguage":"es"},{"@type":"Organization","@id":"https:\/\/ffyh.unc.edu.ar\/derechoshumanos\/#organization","name":"Programa de Derechos Humanos - FFyH UNC","url":"https:\/\/ffyh.unc.edu.ar\/derechoshumanos\/","logo":{"@type":"ImageObject","inLanguage":"es","@id":"https:\/\/ffyh.unc.edu.ar\/derechoshumanos\/#\/schema\/logo\/image\/","url":"https:\/\/ffyh.unc.edu.ar\/derechoshumanos\/wp-content\/uploads\/sites\/47\/2023\/04\/cropped-cropped-banner-ddhh.jpeg","contentUrl":"https:\/\/ffyh.unc.edu.ar\/derechoshumanos\/wp-content\/uploads\/sites\/47\/2023\/04\/cropped-cropped-banner-ddhh.jpeg","width":512,"height":512,"caption":"Programa de Derechos Humanos - FFyH UNC"},"image":{"@id":"https:\/\/ffyh.unc.edu.ar\/derechoshumanos\/#\/schema\/logo\/image\/"},"sameAs":["https:\/\/www.facebook.com\/derechoshumanosffyh","https:\/\/www.instagram.com\/programaddhhffyh\/"]},{"@type":"Person","@id":"https:\/\/ffyh.unc.edu.ar\/derechoshumanos\/#\/schema\/person\/04f003c63f270742f684d62c3bb18b3f","name":"ddhh","image":{"@type":"ImageObject","inLanguage":"es","@id":"https:\/\/ffyh.unc.edu.ar\/derechoshumanos\/#\/schema\/person\/image\/","url":"https:\/\/secure.gravatar.com\/avatar\/190bf435db317f7baf0202577ddd03ec950570a0273526f8eaf515da1957e6e3?s=96&d=mm&r=g","contentUrl":"https:\/\/secure.gravatar.com\/avatar\/190bf435db317f7baf0202577ddd03ec950570a0273526f8eaf515da1957e6e3?s=96&d=mm&r=g","caption":"ddhh"},"url":"https:\/\/ffyh.unc.edu.ar\/derechoshumanos\/author\/ddhh\/"}]}},"jetpack_featured_media_url":"https:\/\/ffyh.unc.edu.ar\/derechoshumanos\/wp-content\/uploads\/sites\/47\/2024\/04\/WhatsApp-Image-2024-04-19-at-08.44.16-1.jpeg","_links":{"self":[{"href":"https:\/\/ffyh.unc.edu.ar\/derechoshumanos\/wp-json\/wp\/v2\/posts\/625","targetHints":{"allow":["GET"]}}],"collection":[{"href":"https:\/\/ffyh.unc.edu.ar\/derechoshumanos\/wp-json\/wp\/v2\/posts"}],"about":[{"href":"https:\/\/ffyh.unc.edu.ar\/derechoshumanos\/wp-json\/wp\/v2\/types\/post"}],"author":[{"embeddable":true,"href":"https:\/\/ffyh.unc.edu.ar\/derechoshumanos\/wp-json\/wp\/v2\/users\/49"}],"replies":[{"embeddable":true,"href":"https:\/\/ffyh.unc.edu.ar\/derechoshumanos\/wp-json\/wp\/v2\/comments?post=625"}],"version-history":[{"count":1,"href":"https:\/\/ffyh.unc.edu.ar\/derechoshumanos\/wp-json\/wp\/v2\/posts\/625\/revisions"}],"predecessor-version":[{"id":627,"href":"https:\/\/ffyh.unc.edu.ar\/derechoshumanos\/wp-json\/wp\/v2\/posts\/625\/revisions\/627"}],"wp:featuredmedia":[{"embeddable":true,"href":"https:\/\/ffyh.unc.edu.ar\/derechoshumanos\/wp-json\/wp\/v2\/media\/626"}],"wp:attachment":[{"href":"https:\/\/ffyh.unc.edu.ar\/derechoshumanos\/wp-json\/wp\/v2\/media?parent=625"}],"wp:term":[{"taxonomy":"category","embeddable":true,"href":"https:\/\/ffyh.unc.edu.ar\/derechoshumanos\/wp-json\/wp\/v2\/categories?post=625"},{"taxonomy":"post_tag","embeddable":true,"href":"https:\/\/ffyh.unc.edu.ar\/derechoshumanos\/wp-json\/wp\/v2\/tags?post=625"}],"curies":[{"name":"wp","href":"https:\/\/api.w.org\/{rel}","templated":true}]}}